{"id":22502,"date":"2023-12-16T07:00:02","date_gmt":"2023-12-16T10:00:02","guid":{"rendered":"http:\/\/ubanews.com\/site\/?p=22502"},"modified":"2023-12-15T12:23:48","modified_gmt":"2023-12-15T15:23:48","slug":"cobra-cascavel-e-capturada-proxima-a-biblioteca-da-universidade-federal-de-sao-joao-del-rei","status":"publish","type":"post","link":"https:\/\/ubanews.com\/site\/2023\/12\/16\/cobra-cascavel-e-capturada-proxima-a-biblioteca-da-universidade-federal-de-sao-joao-del-rei\/","title":{"rendered":"Cobra Cascavel \u00e9 capturada pr\u00f3xima \u00e0 biblioteca da Universidade Federal de S\u00e3o Jo\u00e3o Del Rei"},"content":{"rendered":"<figure id=\"attachment_22501\" aria-describedby=\"caption-attachment-22501\" style=\"width: 553px\" class=\"wp-caption aligncenter\"><img decoding=\"async\" class=\"wp-image-22501 lazyload\" data-src=\"https:\/\/ubanews.com\/site\/wp-content\/uploads\/2023\/12\/WhatsApp-Image-2023-12-15-at-12.18.23-300x178.jpeg\" alt=\"\" width=\"553\" height=\"328\" data-srcset=\"https:\/\/ubanews.com\/site\/wp-content\/uploads\/2023\/12\/WhatsApp-Image-2023-12-15-at-12.18.23-300x178.jpeg 300w, https:\/\/ubanews.com\/site\/wp-content\/uploads\/2023\/12\/WhatsApp-Image-2023-12-15-at-12.18.23-768x457.jpeg 768w, https:\/\/ubanews.com\/site\/wp-content\/uploads\/2023\/12\/WhatsApp-Image-2023-12-15-at-12.18.23.jpeg 829w\" data-sizes=\"(max-width: 553px) 100vw, 553px\" src=\"data:image\/svg+xml;base64,PHN2ZyB3aWR0aD0iMSIgaGVpZ2h0PSIxIiB4bWxucz0iaHR0cDovL3d3dy53My5vcmcvMjAwMC9zdmciPjwvc3ZnPg==\" style=\"--smush-placeholder-width: 553px; --smush-placeholder-aspect-ratio: 553\/328;\" \/><figcaption id=\"caption-attachment-22501\" class=\"wp-caption-text\">Foto: Corpo de Bombeiros\/Divulga\u00e7\u00e3o<\/figcaption><\/figure>\n<p>&nbsp;<\/p>\n<p>Na noite de segunda-feira, 11 de dezembro, uma cobra cascavel foi avistada e capturada nas proximidades da biblioteca da Universidade Federal de S\u00e3o Jo\u00e3o Del Rei. O Corpo de Bombeiros foi acionado para lidar com a situa\u00e7\u00e3o, garantindo a seguran\u00e7a dos frequentadores da \u00e1rea.<\/p>\n<p>O r\u00e9ptil, identificado como uma cobra cascavel, conhecida pela sua esp\u00e9cie venenosa, causou apreens\u00e3o entre os presentes. A r\u00e1pida resposta dos bombeiros foi crucial para evitar qualquer incidente.<\/p>\n<p>Ap\u00f3s uma opera\u00e7\u00e3o cuidadosa, a cobra foi capturada e posteriormente transportada para uma \u00e1rea aberta de vegeta\u00e7\u00e3o, afastada das resid\u00eancias. Esse procedimento busca garantir o bem-estar da comunidade local e, ao mesmo tempo, preservar a fauna silvestre.<\/p>\n","protected":false},"excerpt":{"rendered":"<p>&nbsp; Na noite de segunda-feira, 11 de dezembro, uma cobra<\/p>\n","protected":false},"author":4,"featured_media":0,"comment_status":"open","ping_status":"open","sticky":false,"template":"","format":"standard","meta":{"footnotes":""},"categories":[1],"tags":[],"class_list":["post-22502","post","type-post","status-publish","format-standard","hentry","category-sem-categoria"],"yoast_head":"<!-- This site is optimized with the Yoast SEO plugin v27.2 - https:\/\/yoast.com\/product\/yoast-seo-wordpress\/ -->\n<title>Cobra Cascavel \u00e9 capturada pr\u00f3xima \u00e0 biblioteca da Universidade Federal de S\u00e3o Jo\u00e3o Del Rei - Ub\u00e1 News<\/title>\n<meta name=\"robots\" content=\"index, follow, max-snippet:-1, max-image-preview:large, max-video-preview:-1\" \/>\n<link rel=\"canonical\" href=\"https:\/\/ubanews.com\/site\/2023\/12\/16\/cobra-cascavel-e-capturada-proxima-a-biblioteca-da-universidade-federal-de-sao-joao-del-rei\/\" \/>\n<meta property=\"og:locale\" content=\"pt_BR\" \/>\n<meta property=\"og:type\" content=\"article\" \/>\n<meta property=\"og:title\" content=\"Cobra Cascavel \u00e9 capturada pr\u00f3xima \u00e0 biblioteca da Universidade Federal de S\u00e3o Jo\u00e3o Del Rei - Ub\u00e1 News\" \/>\n<meta property=\"og:description\" content=\"&nbsp; Na noite de segunda-feira, 11 de dezembro, uma cobra\" \/>\n<meta property=\"og:url\" content=\"https:\/\/ubanews.com\/site\/2023\/12\/16\/cobra-cascavel-e-capturada-proxima-a-biblioteca-da-universidade-federal-de-sao-joao-del-rei\/\" \/>\n<meta property=\"og:site_name\" content=\"Ub\u00e1 News\" \/>\n<meta property=\"article:publisher\" content=\"https:\/\/www.facebook.com\/Ub%c3%a1News-Carlos-Roberto-Sodr%c3%a9-418778301977370\" \/>\n<meta property=\"article:published_time\" content=\"2023-12-16T10:00:02+00:00\" \/>\n<meta property=\"og:image\" content=\"http:\/\/ubanews.com\/site\/wp-content\/uploads\/2023\/12\/WhatsApp-Image-2023-12-15-at-12.18.23-300x178.jpeg\" \/>\n<meta name=\"author\" content=\"Carlos Roberto Sodr\u00e9\" \/>\n<meta name=\"twitter:card\" content=\"summary_large_image\" \/>\n<meta name=\"twitter:label1\" content=\"Escrito por\" \/>\n\t<meta name=\"twitter:data1\" content=\"Carlos Roberto Sodr\u00e9\" \/>\n\t<meta name=\"twitter:label2\" content=\"Est. tempo de leitura\" \/>\n\t<meta name=\"twitter:data2\" content=\"1 minuto\" \/>\n<script type=\"application\/ld+json\" class=\"yoast-schema-graph\">{\"@context\":\"https:\/\/schema.org\",\"@graph\":[{\"@type\":\"Article\",\"@id\":\"https:\/\/ubanews.com\/site\/2023\/12\/16\/cobra-cascavel-e-capturada-proxima-a-biblioteca-da-universidade-federal-de-sao-joao-del-rei\/#article\",\"isPartOf\":{\"@id\":\"https:\/\/ubanews.com\/site\/2023\/12\/16\/cobra-cascavel-e-capturada-proxima-a-biblioteca-da-universidade-federal-de-sao-joao-del-rei\/\"},\"author\":{\"name\":\"Carlos Roberto Sodr\u00e9\",\"@id\":\"https:\/\/ubanews.com\/site\/#\/schema\/person\/9d8da9ec3c8d00640ab6e8c81e103310\"},\"headline\":\"Cobra Cascavel \u00e9 capturada pr\u00f3xima \u00e0 biblioteca da Universidade Federal de S\u00e3o Jo\u00e3o Del Rei\",\"datePublished\":\"2023-12-16T10:00:02+00:00\",\"mainEntityOfPage\":{\"@id\":\"https:\/\/ubanews.com\/site\/2023\/12\/16\/cobra-cascavel-e-capturada-proxima-a-biblioteca-da-universidade-federal-de-sao-joao-del-rei\/\"},\"wordCount\":150,\"commentCount\":0,\"publisher\":{\"@id\":\"https:\/\/ubanews.com\/site\/#organization\"},\"image\":{\"@id\":\"https:\/\/ubanews.com\/site\/2023\/12\/16\/cobra-cascavel-e-capturada-proxima-a-biblioteca-da-universidade-federal-de-sao-joao-del-rei\/#primaryimage\"},\"thumbnailUrl\":\"http:\/\/ubanews.com\/site\/wp-content\/uploads\/2023\/12\/WhatsApp-Image-2023-12-15-at-12.18.23-300x178.jpeg\",\"articleSection\":[\"Geral\"],\"inLanguage\":\"pt-BR\",\"potentialAction\":[{\"@type\":\"CommentAction\",\"name\":\"Comment\",\"target\":[\"https:\/\/ubanews.com\/site\/2023\/12\/16\/cobra-cascavel-e-capturada-proxima-a-biblioteca-da-universidade-federal-de-sao-joao-del-rei\/#respond\"]}]},{\"@type\":\"WebPage\",\"@id\":\"https:\/\/ubanews.com\/site\/2023\/12\/16\/cobra-cascavel-e-capturada-proxima-a-biblioteca-da-universidade-federal-de-sao-joao-del-rei\/\",\"url\":\"https:\/\/ubanews.com\/site\/2023\/12\/16\/cobra-cascavel-e-capturada-proxima-a-biblioteca-da-universidade-federal-de-sao-joao-del-rei\/\",\"name\":\"Cobra Cascavel \u00e9 capturada pr\u00f3xima \u00e0 biblioteca da Universidade Federal de S\u00e3o Jo\u00e3o Del Rei - Ub\u00e1 News\",\"isPartOf\":{\"@id\":\"https:\/\/ubanews.com\/site\/#website\"},\"primaryImageOfPage\":{\"@id\":\"https:\/\/ubanews.com\/site\/2023\/12\/16\/cobra-cascavel-e-capturada-proxima-a-biblioteca-da-universidade-federal-de-sao-joao-del-rei\/#primaryimage\"},\"image\":{\"@id\":\"https:\/\/ubanews.com\/site\/2023\/12\/16\/cobra-cascavel-e-capturada-proxima-a-biblioteca-da-universidade-federal-de-sao-joao-del-rei\/#primaryimage\"},\"thumbnailUrl\":\"http:\/\/ubanews.com\/site\/wp-content\/uploads\/2023\/12\/WhatsApp-Image-2023-12-15-at-12.18.23-300x178.jpeg\",\"datePublished\":\"2023-12-16T10:00:02+00:00\",\"breadcrumb\":{\"@id\":\"https:\/\/ubanews.com\/site\/2023\/12\/16\/cobra-cascavel-e-capturada-proxima-a-biblioteca-da-universidade-federal-de-sao-joao-del-rei\/#breadcrumb\"},\"inLanguage\":\"pt-BR\",\"potentialAction\":[{\"@type\":\"ReadAction\",\"target\":[\"https:\/\/ubanews.com\/site\/2023\/12\/16\/cobra-cascavel-e-capturada-proxima-a-biblioteca-da-universidade-federal-de-sao-joao-del-rei\/\"]}]},{\"@type\":\"ImageObject\",\"inLanguage\":\"pt-BR\",\"@id\":\"https:\/\/ubanews.com\/site\/2023\/12\/16\/cobra-cascavel-e-capturada-proxima-a-biblioteca-da-universidade-federal-de-sao-joao-del-rei\/#primaryimage\",\"url\":\"http:\/\/ubanews.com\/site\/wp-content\/uploads\/2023\/12\/WhatsApp-Image-2023-12-15-at-12.18.23-300x178.jpeg\",\"contentUrl\":\"http:\/\/ubanews.com\/site\/wp-content\/uploads\/2023\/12\/WhatsApp-Image-2023-12-15-at-12.18.23-300x178.jpeg\"},{\"@type\":\"BreadcrumbList\",\"@id\":\"https:\/\/ubanews.com\/site\/2023\/12\/16\/cobra-cascavel-e-capturada-proxima-a-biblioteca-da-universidade-federal-de-sao-joao-del-rei\/#breadcrumb\",\"itemListElement\":[{\"@type\":\"ListItem\",\"position\":1,\"name\":\"Home\",\"item\":\"https:\/\/ubanews.com\/site\/\"},{\"@type\":\"ListItem\",\"position\":2,\"name\":\"Cobra Cascavel \u00e9 capturada pr\u00f3xima \u00e0 biblioteca da Universidade Federal de S\u00e3o Jo\u00e3o Del Rei\"}]},{\"@type\":\"WebSite\",\"@id\":\"https:\/\/ubanews.com\/site\/#website\",\"url\":\"https:\/\/ubanews.com\/site\/\",\"name\":\"Ub\u00e1 News\",\"description\":\"\",\"publisher\":{\"@id\":\"https:\/\/ubanews.com\/site\/#organization\"},\"potentialAction\":[{\"@type\":\"SearchAction\",\"target\":{\"@type\":\"EntryPoint\",\"urlTemplate\":\"https:\/\/ubanews.com\/site\/?s={search_term_string}\"},\"query-input\":{\"@type\":\"PropertyValueSpecification\",\"valueRequired\":true,\"valueName\":\"search_term_string\"}}],\"inLanguage\":\"pt-BR\"},{\"@type\":\"Organization\",\"@id\":\"https:\/\/ubanews.com\/site\/#organization\",\"name\":\"Ub\u00e1 News\",\"url\":\"https:\/\/ubanews.com\/site\/\",\"logo\":{\"@type\":\"ImageObject\",\"inLanguage\":\"pt-BR\",\"@id\":\"https:\/\/ubanews.com\/site\/#\/schema\/logo\/image\/\",\"url\":\"https:\/\/ubanews.com\/site\/wp-content\/uploads\/2018\/01\/logoubanews.png\",\"contentUrl\":\"https:\/\/ubanews.com\/site\/wp-content\/uploads\/2018\/01\/logoubanews.png\",\"width\":261,\"height\":99,\"caption\":\"Ub\u00e1 News\"},\"image\":{\"@id\":\"https:\/\/ubanews.com\/site\/#\/schema\/logo\/image\/\"},\"sameAs\":[\"https:\/\/www.facebook.com\/Ub\u00e1News-Carlos-Roberto-Sodr\u00e9-418778301977370\"]},{\"@type\":\"Person\",\"@id\":\"https:\/\/ubanews.com\/site\/#\/schema\/person\/9d8da9ec3c8d00640ab6e8c81e103310\",\"name\":\"Carlos Roberto Sodr\u00e9\",\"image\":{\"@type\":\"ImageObject\",\"inLanguage\":\"pt-BR\",\"@id\":\"https:\/\/secure.gravatar.com\/avatar\/aab322e8555b56c468614fafdab8a8f924e394cdc6cfd8232f77e9e4d123a133?s=96&d=mm&r=g\",\"url\":\"https:\/\/secure.gravatar.com\/avatar\/aab322e8555b56c468614fafdab8a8f924e394cdc6cfd8232f77e9e4d123a133?s=96&d=mm&r=g\",\"contentUrl\":\"https:\/\/secure.gravatar.com\/avatar\/aab322e8555b56c468614fafdab8a8f924e394cdc6cfd8232f77e9e4d123a133?s=96&d=mm&r=g\",\"caption\":\"Carlos Roberto Sodr\u00e9\"},\"url\":\"https:\/\/ubanews.com\/site\/author\/sodre\/\"}]}<\/script>\n<!-- \/ Yoast SEO plugin. -->","yoast_head_json":{"title":"Cobra Cascavel \u00e9 capturada pr\u00f3xima \u00e0 biblioteca da Universidade Federal de S\u00e3o Jo\u00e3o Del Rei - Ub\u00e1 News","robots":{"index":"index","follow":"follow","max-snippet":"max-snippet:-1","max-image-preview":"max-image-preview:large","max-video-preview":"max-video-preview:-1"},"canonical":"https:\/\/ubanews.com\/site\/2023\/12\/16\/cobra-cascavel-e-capturada-proxima-a-biblioteca-da-universidade-federal-de-sao-joao-del-rei\/","og_locale":"pt_BR","og_type":"article","og_title":"Cobra Cascavel \u00e9 capturada pr\u00f3xima \u00e0 biblioteca da Universidade Federal de S\u00e3o Jo\u00e3o Del Rei - Ub\u00e1 News","og_description":"&nbsp; Na noite de segunda-feira, 11 de dezembro, uma cobra","og_url":"https:\/\/ubanews.com\/site\/2023\/12\/16\/cobra-cascavel-e-capturada-proxima-a-biblioteca-da-universidade-federal-de-sao-joao-del-rei\/","og_site_name":"Ub\u00e1 News","article_publisher":"https:\/\/www.facebook.com\/Ub%c3%a1News-Carlos-Roberto-Sodr%c3%a9-418778301977370","article_published_time":"2023-12-16T10:00:02+00:00","og_image":[{"url":"http:\/\/ubanews.com\/site\/wp-content\/uploads\/2023\/12\/WhatsApp-Image-2023-12-15-at-12.18.23-300x178.jpeg","type":"","width":"","height":""}],"author":"Carlos Roberto Sodr\u00e9","twitter_card":"summary_large_image","twitter_misc":{"Escrito por":"Carlos Roberto Sodr\u00e9","Est. tempo de leitura":"1 minuto"},"schema":{"@context":"https:\/\/schema.org","@graph":[{"@type":"Article","@id":"https:\/\/ubanews.com\/site\/2023\/12\/16\/cobra-cascavel-e-capturada-proxima-a-biblioteca-da-universidade-federal-de-sao-joao-del-rei\/#article","isPartOf":{"@id":"https:\/\/ubanews.com\/site\/2023\/12\/16\/cobra-cascavel-e-capturada-proxima-a-biblioteca-da-universidade-federal-de-sao-joao-del-rei\/"},"author":{"name":"Carlos Roberto Sodr\u00e9","@id":"https:\/\/ubanews.com\/site\/#\/schema\/person\/9d8da9ec3c8d00640ab6e8c81e103310"},"headline":"Cobra Cascavel \u00e9 capturada pr\u00f3xima \u00e0 biblioteca da Universidade Federal de S\u00e3o Jo\u00e3o Del Rei","datePublished":"2023-12-16T10:00:02+00:00","mainEntityOfPage":{"@id":"https:\/\/ubanews.com\/site\/2023\/12\/16\/cobra-cascavel-e-capturada-proxima-a-biblioteca-da-universidade-federal-de-sao-joao-del-rei\/"},"wordCount":150,"commentCount":0,"publisher":{"@id":"https:\/\/ubanews.com\/site\/#organization"},"image":{"@id":"https:\/\/ubanews.com\/site\/2023\/12\/16\/cobra-cascavel-e-capturada-proxima-a-biblioteca-da-universidade-federal-de-sao-joao-del-rei\/#primaryimage"},"thumbnailUrl":"http:\/\/ubanews.com\/site\/wp-content\/uploads\/2023\/12\/WhatsApp-Image-2023-12-15-at-12.18.23-300x178.jpeg","articleSection":["Geral"],"inLanguage":"pt-BR","potentialAction":[{"@type":"CommentAction","name":"Comment","target":["https:\/\/ubanews.com\/site\/2023\/12\/16\/cobra-cascavel-e-capturada-proxima-a-biblioteca-da-universidade-federal-de-sao-joao-del-rei\/#respond"]}]},{"@type":"WebPage","@id":"https:\/\/ubanews.com\/site\/2023\/12\/16\/cobra-cascavel-e-capturada-proxima-a-biblioteca-da-universidade-federal-de-sao-joao-del-rei\/","url":"https:\/\/ubanews.com\/site\/2023\/12\/16\/cobra-cascavel-e-capturada-proxima-a-biblioteca-da-universidade-federal-de-sao-joao-del-rei\/","name":"Cobra Cascavel \u00e9 capturada pr\u00f3xima \u00e0 biblioteca da Universidade Federal de S\u00e3o Jo\u00e3o Del Rei - Ub\u00e1 News","isPartOf":{"@id":"https:\/\/ubanews.com\/site\/#website"},"primaryImageOfPage":{"@id":"https:\/\/ubanews.com\/site\/2023\/12\/16\/cobra-cascavel-e-capturada-proxima-a-biblioteca-da-universidade-federal-de-sao-joao-del-rei\/#primaryimage"},"image":{"@id":"https:\/\/ubanews.com\/site\/2023\/12\/16\/cobra-cascavel-e-capturada-proxima-a-biblioteca-da-universidade-federal-de-sao-joao-del-rei\/#primaryimage"},"thumbnailUrl":"http:\/\/ubanews.com\/site\/wp-content\/uploads\/2023\/12\/WhatsApp-Image-2023-12-15-at-12.18.23-300x178.jpeg","datePublished":"2023-12-16T10:00:02+00:00","breadcrumb":{"@id":"https:\/\/ubanews.com\/site\/2023\/12\/16\/cobra-cascavel-e-capturada-proxima-a-biblioteca-da-universidade-federal-de-sao-joao-del-rei\/#breadcrumb"},"inLanguage":"pt-BR","potentialAction":[{"@type":"ReadAction","target":["https:\/\/ubanews.com\/site\/2023\/12\/16\/cobra-cascavel-e-capturada-proxima-a-biblioteca-da-universidade-federal-de-sao-joao-del-rei\/"]}]},{"@type":"ImageObject","inLanguage":"pt-BR","@id":"https:\/\/ubanews.com\/site\/2023\/12\/16\/cobra-cascavel-e-capturada-proxima-a-biblioteca-da-universidade-federal-de-sao-joao-del-rei\/#primaryimage","url":"http:\/\/ubanews.com\/site\/wp-content\/uploads\/2023\/12\/WhatsApp-Image-2023-12-15-at-12.18.23-300x178.jpeg","contentUrl":"http:\/\/ubanews.com\/site\/wp-content\/uploads\/2023\/12\/WhatsApp-Image-2023-12-15-at-12.18.23-300x178.jpeg"},{"@type":"BreadcrumbList","@id":"https:\/\/ubanews.com\/site\/2023\/12\/16\/cobra-cascavel-e-capturada-proxima-a-biblioteca-da-universidade-federal-de-sao-joao-del-rei\/#breadcrumb","itemListElement":[{"@type":"ListItem","position":1,"name":"Home","item":"https:\/\/ubanews.com\/site\/"},{"@type":"ListItem","position":2,"name":"Cobra Cascavel \u00e9 capturada pr\u00f3xima \u00e0 biblioteca da Universidade Federal de S\u00e3o Jo\u00e3o Del Rei"}]},{"@type":"WebSite","@id":"https:\/\/ubanews.com\/site\/#website","url":"https:\/\/ubanews.com\/site\/","name":"Ub\u00e1 News","description":"","publisher":{"@id":"https:\/\/ubanews.com\/site\/#organization"},"potentialAction":[{"@type":"SearchAction","target":{"@type":"EntryPoint","urlTemplate":"https:\/\/ubanews.com\/site\/?s={search_term_string}"},"query-input":{"@type":"PropertyValueSpecification","valueRequired":true,"valueName":"search_term_string"}}],"inLanguage":"pt-BR"},{"@type":"Organization","@id":"https:\/\/ubanews.com\/site\/#organization","name":"Ub\u00e1 News","url":"https:\/\/ubanews.com\/site\/","logo":{"@type":"ImageObject","inLanguage":"pt-BR","@id":"https:\/\/ubanews.com\/site\/#\/schema\/logo\/image\/","url":"https:\/\/ubanews.com\/site\/wp-content\/uploads\/2018\/01\/logoubanews.png","contentUrl":"https:\/\/ubanews.com\/site\/wp-content\/uploads\/2018\/01\/logoubanews.png","width":261,"height":99,"caption":"Ub\u00e1 News"},"image":{"@id":"https:\/\/ubanews.com\/site\/#\/schema\/logo\/image\/"},"sameAs":["https:\/\/www.facebook.com\/Ub\u00e1News-Carlos-Roberto-Sodr\u00e9-418778301977370"]},{"@type":"Person","@id":"https:\/\/ubanews.com\/site\/#\/schema\/person\/9d8da9ec3c8d00640ab6e8c81e103310","name":"Carlos Roberto Sodr\u00e9","image":{"@type":"ImageObject","inLanguage":"pt-BR","@id":"https:\/\/secure.gravatar.com\/avatar\/aab322e8555b56c468614fafdab8a8f924e394cdc6cfd8232f77e9e4d123a133?s=96&d=mm&r=g","url":"https:\/\/secure.gravatar.com\/avatar\/aab322e8555b56c468614fafdab8a8f924e394cdc6cfd8232f77e9e4d123a133?s=96&d=mm&r=g","contentUrl":"https:\/\/secure.gravatar.com\/avatar\/aab322e8555b56c468614fafdab8a8f924e394cdc6cfd8232f77e9e4d123a133?s=96&d=mm&r=g","caption":"Carlos Roberto Sodr\u00e9"},"url":"https:\/\/ubanews.com\/site\/author\/sodre\/"}]}},"_links":{"self":[{"href":"https:\/\/ubanews.com\/site\/wp-json\/wp\/v2\/posts\/22502","targetHints":{"allow":["GET"]}}],"collection":[{"href":"https:\/\/ubanews.com\/site\/wp-json\/wp\/v2\/posts"}],"about":[{"href":"https:\/\/ubanews.com\/site\/wp-json\/wp\/v2\/types\/post"}],"author":[{"embeddable":true,"href":"https:\/\/ubanews.com\/site\/wp-json\/wp\/v2\/users\/4"}],"replies":[{"embeddable":true,"href":"https:\/\/ubanews.com\/site\/wp-json\/wp\/v2\/comments?post=22502"}],"version-history":[{"count":0,"href":"https:\/\/ubanews.com\/site\/wp-json\/wp\/v2\/posts\/22502\/revisions"}],"wp:attachment":[{"href":"https:\/\/ubanews.com\/site\/wp-json\/wp\/v2\/media?parent=22502"}],"wp:term":[{"taxonomy":"category","embeddable":true,"href":"https:\/\/ubanews.com\/site\/wp-json\/wp\/v2\/categories?post=22502"},{"taxonomy":"post_tag","embeddable":true,"href":"https:\/\/ubanews.com\/site\/wp-json\/wp\/v2\/tags?post=22502"}],"curies":[{"name":"wp","href":"https:\/\/api.w.org\/{rel}","templated":true}]}}