{"id":22500,"date":"2023-12-15T12:11:39","date_gmt":"2023-12-15T15:11:39","guid":{"rendered":"http:\/\/ubanews.com\/site\/?p=22500"},"modified":"2023-12-15T12:14:42","modified_gmt":"2023-12-15T15:14:42","slug":"desligamento-do-sinal-analogico-de-tv-marca-avanco-tecnologico-em-mais-de-200-municipios-mineiros-incluindo-cidades-proximas-a-uba","status":"publish","type":"post","link":"https:\/\/ubanews.com\/site\/2023\/12\/15\/desligamento-do-sinal-analogico-de-tv-marca-avanco-tecnologico-em-mais-de-200-municipios-mineiros-incluindo-cidades-proximas-a-uba\/","title":{"rendered":"Desligamento do sinal anal\u00f3gico de TV marca avan\u00e7o tecnol\u00f3gico em mais de 200 munic\u00edpios mineiros, incluindo cidades pr\u00f3ximas a Ub\u00e1"},"content":{"rendered":"<figure id=\"attachment_22499\" aria-describedby=\"caption-attachment-22499\" style=\"width: 552px\" class=\"wp-caption aligncenter\"><img decoding=\"async\" class=\"wp-image-22499 lazyload\" data-src=\"https:\/\/ubanews.com\/site\/wp-content\/uploads\/2023\/12\/whatsapp-image-2023-08-24-at-19.04.33-300x200.webp\" alt=\"\" width=\"552\" height=\"368\" data-srcset=\"https:\/\/ubanews.com\/site\/wp-content\/uploads\/2023\/12\/whatsapp-image-2023-08-24-at-19.04.33-300x200.webp 300w, https:\/\/ubanews.com\/site\/wp-content\/uploads\/2023\/12\/whatsapp-image-2023-08-24-at-19.04.33-768x511.webp 768w, https:\/\/ubanews.com\/site\/wp-content\/uploads\/2023\/12\/whatsapp-image-2023-08-24-at-19.04.33-120x80.webp 120w, https:\/\/ubanews.com\/site\/wp-content\/uploads\/2023\/12\/whatsapp-image-2023-08-24-at-19.04.33.webp 1000w\" data-sizes=\"(max-width: 552px) 100vw, 552px\" src=\"data:image\/svg+xml;base64,PHN2ZyB3aWR0aD0iMSIgaGVpZ2h0PSIxIiB4bWxucz0iaHR0cDovL3d3dy53My5vcmcvMjAwMC9zdmciPjwvc3ZnPg==\" style=\"--smush-placeholder-width: 552px; --smush-placeholder-aspect-ratio: 552\/368;\" \/><figcaption id=\"caption-attachment-22499\" class=\"wp-caption-text\">Foto: Siga Antenado\/Divulga\u00e7\u00e3o<\/figcaption><\/figure>\n<p>A partir de hoje, mais de 200 munic\u00edpios mineiros, incluindo diversas cidades pr\u00f3ximas a Ub\u00e1, testemunham um marco tecnol\u00f3gico com o desligamento do sinal anal\u00f3gico de TV. A medida, determinada pelo Minist\u00e9rio das Comunica\u00e7\u00f5es, representa um avan\u00e7o na qualidade de transmiss\u00e3o, abrindo caminho para o sinal digital, que oferece uma experi\u00eancia de \u00e1udio e v\u00eddeo mais n\u00edtida e eficiente.<\/p>\n<p>Entre os munic\u00edpios est\u00e3o Guidoval, Guiricema, Divin\u00e9sia, Astolfo Dutra, Dona Euz\u00e9bia, Dores do Turvo, Coimbra, Paula C\u00e2ndido, Pira\u00faba, Rio Pomba, S\u00e3o Geraldo, Senador Firmino, Rodeiro e Tocantins. Os moradores destas localidades agora t\u00eam a oportunidade de desfrutar de uma transmiss\u00e3o de televis\u00e3o de alta qualidade, sem alguns problemas encontrados no sinal anal\u00f3gico.<\/p>\n<p>Os telespectadores que ainda n\u00e3o fizeram a transi\u00e7\u00e3o para o sinal digital devem estar cientes de que \u00e9 necess\u00e1rio ter uma televis\u00e3o compat\u00edvel ou adquirir um conversor. Televis\u00f5es mais recentes geralmente j\u00e1 possuem a tecnologia necess\u00e1ria para receber o sinal digital, enquanto modelos mais antigos podem precisar de um conversor externo para realizar a adapta\u00e7\u00e3o.<\/p>\n<p>Um ponto positivo \u00e9 que o sinal digital \u00e9 gratuito, eliminando a necessidade de assinaturas mensais para acesso a canais b\u00e1sicos.<\/p>\n","protected":false},"excerpt":{"rendered":"<p>A partir de hoje, mais de 200 munic\u00edpios mineiros, incluindo<\/p>\n","protected":false},"author":4,"featured_media":0,"comment_status":"open","ping_status":"open","sticky":false,"template":"","format":"standard","meta":{"footnotes":""},"categories":[1],"tags":[],"class_list":["post-22500","post","type-post","status-publish","format-standard","hentry","category-sem-categoria"],"yoast_head":"<!-- This site is optimized with the Yoast SEO plugin v27.2 - https:\/\/yoast.com\/product\/yoast-seo-wordpress\/ -->\n<title>Desligamento do sinal anal\u00f3gico de TV marca avan\u00e7o tecnol\u00f3gico em mais de 200 munic\u00edpios mineiros, incluindo cidades pr\u00f3ximas a Ub\u00e1 - Ub\u00e1 News<\/title>\n<meta name=\"robots\" content=\"index, follow, max-snippet:-1, max-image-preview:large, max-video-preview:-1\" \/>\n<link rel=\"canonical\" href=\"https:\/\/ubanews.com\/site\/2023\/12\/15\/desligamento-do-sinal-analogico-de-tv-marca-avanco-tecnologico-em-mais-de-200-municipios-mineiros-incluindo-cidades-proximas-a-uba\/\" \/>\n<meta property=\"og:locale\" content=\"pt_BR\" \/>\n<meta property=\"og:type\" content=\"article\" \/>\n<meta property=\"og:title\" content=\"Desligamento do sinal anal\u00f3gico de TV marca avan\u00e7o tecnol\u00f3gico em mais de 200 munic\u00edpios mineiros, incluindo cidades pr\u00f3ximas a Ub\u00e1 - Ub\u00e1 News\" \/>\n<meta property=\"og:description\" content=\"A partir de hoje, mais de 200 munic\u00edpios mineiros, incluindo\" \/>\n<meta property=\"og:url\" content=\"https:\/\/ubanews.com\/site\/2023\/12\/15\/desligamento-do-sinal-analogico-de-tv-marca-avanco-tecnologico-em-mais-de-200-municipios-mineiros-incluindo-cidades-proximas-a-uba\/\" \/>\n<meta property=\"og:site_name\" content=\"Ub\u00e1 News\" \/>\n<meta property=\"article:publisher\" content=\"https:\/\/www.facebook.com\/Ub%c3%a1News-Carlos-Roberto-Sodr%c3%a9-418778301977370\" \/>\n<meta property=\"article:published_time\" content=\"2023-12-15T15:11:39+00:00\" \/>\n<meta property=\"article:modified_time\" content=\"2023-12-15T15:14:42+00:00\" \/>\n<meta property=\"og:image\" content=\"http:\/\/ubanews.com\/site\/wp-content\/uploads\/2023\/12\/whatsapp-image-2023-08-24-at-19.04.33-300x200.webp\" \/>\n<meta name=\"author\" content=\"Carlos Roberto Sodr\u00e9\" \/>\n<meta name=\"twitter:card\" content=\"summary_large_image\" \/>\n<meta name=\"twitter:label1\" content=\"Escrito por\" \/>\n\t<meta name=\"twitter:data1\" content=\"Carlos Roberto Sodr\u00e9\" \/>\n\t<meta name=\"twitter:label2\" content=\"Est. tempo de leitura\" \/>\n\t<meta name=\"twitter:data2\" content=\"2 minutos\" \/>\n<script type=\"application\/ld+json\" class=\"yoast-schema-graph\">{\"@context\":\"https:\/\/schema.org\",\"@graph\":[{\"@type\":\"Article\",\"@id\":\"https:\/\/ubanews.com\/site\/2023\/12\/15\/desligamento-do-sinal-analogico-de-tv-marca-avanco-tecnologico-em-mais-de-200-municipios-mineiros-incluindo-cidades-proximas-a-uba\/#article\",\"isPartOf\":{\"@id\":\"https:\/\/ubanews.com\/site\/2023\/12\/15\/desligamento-do-sinal-analogico-de-tv-marca-avanco-tecnologico-em-mais-de-200-municipios-mineiros-incluindo-cidades-proximas-a-uba\/\"},\"author\":{\"name\":\"Carlos Roberto Sodr\u00e9\",\"@id\":\"https:\/\/ubanews.com\/site\/#\/schema\/person\/9d8da9ec3c8d00640ab6e8c81e103310\"},\"headline\":\"Desligamento do sinal anal\u00f3gico de TV marca avan\u00e7o tecnol\u00f3gico em mais de 200 munic\u00edpios mineiros, incluindo cidades pr\u00f3ximas a Ub\u00e1\",\"datePublished\":\"2023-12-15T15:11:39+00:00\",\"dateModified\":\"2023-12-15T15:14:42+00:00\",\"mainEntityOfPage\":{\"@id\":\"https:\/\/ubanews.com\/site\/2023\/12\/15\/desligamento-do-sinal-analogico-de-tv-marca-avanco-tecnologico-em-mais-de-200-municipios-mineiros-incluindo-cidades-proximas-a-uba\/\"},\"wordCount\":250,\"commentCount\":0,\"publisher\":{\"@id\":\"https:\/\/ubanews.com\/site\/#organization\"},\"image\":{\"@id\":\"https:\/\/ubanews.com\/site\/2023\/12\/15\/desligamento-do-sinal-analogico-de-tv-marca-avanco-tecnologico-em-mais-de-200-municipios-mineiros-incluindo-cidades-proximas-a-uba\/#primaryimage\"},\"thumbnailUrl\":\"http:\/\/ubanews.com\/site\/wp-content\/uploads\/2023\/12\/whatsapp-image-2023-08-24-at-19.04.33-300x200.webp\",\"articleSection\":[\"Geral\"],\"inLanguage\":\"pt-BR\",\"potentialAction\":[{\"@type\":\"CommentAction\",\"name\":\"Comment\",\"target\":[\"https:\/\/ubanews.com\/site\/2023\/12\/15\/desligamento-do-sinal-analogico-de-tv-marca-avanco-tecnologico-em-mais-de-200-municipios-mineiros-incluindo-cidades-proximas-a-uba\/#respond\"]}]},{\"@type\":\"WebPage\",\"@id\":\"https:\/\/ubanews.com\/site\/2023\/12\/15\/desligamento-do-sinal-analogico-de-tv-marca-avanco-tecnologico-em-mais-de-200-municipios-mineiros-incluindo-cidades-proximas-a-uba\/\",\"url\":\"https:\/\/ubanews.com\/site\/2023\/12\/15\/desligamento-do-sinal-analogico-de-tv-marca-avanco-tecnologico-em-mais-de-200-municipios-mineiros-incluindo-cidades-proximas-a-uba\/\",\"name\":\"Desligamento do sinal anal\u00f3gico de TV marca avan\u00e7o tecnol\u00f3gico em mais de 200 munic\u00edpios mineiros, incluindo cidades pr\u00f3ximas a Ub\u00e1 - Ub\u00e1 News\",\"isPartOf\":{\"@id\":\"https:\/\/ubanews.com\/site\/#website\"},\"primaryImageOfPage\":{\"@id\":\"https:\/\/ubanews.com\/site\/2023\/12\/15\/desligamento-do-sinal-analogico-de-tv-marca-avanco-tecnologico-em-mais-de-200-municipios-mineiros-incluindo-cidades-proximas-a-uba\/#primaryimage\"},\"image\":{\"@id\":\"https:\/\/ubanews.com\/site\/2023\/12\/15\/desligamento-do-sinal-analogico-de-tv-marca-avanco-tecnologico-em-mais-de-200-municipios-mineiros-incluindo-cidades-proximas-a-uba\/#primaryimage\"},\"thumbnailUrl\":\"http:\/\/ubanews.com\/site\/wp-content\/uploads\/2023\/12\/whatsapp-image-2023-08-24-at-19.04.33-300x200.webp\",\"datePublished\":\"2023-12-15T15:11:39+00:00\",\"dateModified\":\"2023-12-15T15:14:42+00:00\",\"breadcrumb\":{\"@id\":\"https:\/\/ubanews.com\/site\/2023\/12\/15\/desligamento-do-sinal-analogico-de-tv-marca-avanco-tecnologico-em-mais-de-200-municipios-mineiros-incluindo-cidades-proximas-a-uba\/#breadcrumb\"},\"inLanguage\":\"pt-BR\",\"potentialAction\":[{\"@type\":\"ReadAction\",\"target\":[\"https:\/\/ubanews.com\/site\/2023\/12\/15\/desligamento-do-sinal-analogico-de-tv-marca-avanco-tecnologico-em-mais-de-200-municipios-mineiros-incluindo-cidades-proximas-a-uba\/\"]}]},{\"@type\":\"ImageObject\",\"inLanguage\":\"pt-BR\",\"@id\":\"https:\/\/ubanews.com\/site\/2023\/12\/15\/desligamento-do-sinal-analogico-de-tv-marca-avanco-tecnologico-em-mais-de-200-municipios-mineiros-incluindo-cidades-proximas-a-uba\/#primaryimage\",\"url\":\"http:\/\/ubanews.com\/site\/wp-content\/uploads\/2023\/12\/whatsapp-image-2023-08-24-at-19.04.33-300x200.webp\",\"contentUrl\":\"http:\/\/ubanews.com\/site\/wp-content\/uploads\/2023\/12\/whatsapp-image-2023-08-24-at-19.04.33-300x200.webp\"},{\"@type\":\"BreadcrumbList\",\"@id\":\"https:\/\/ubanews.com\/site\/2023\/12\/15\/desligamento-do-sinal-analogico-de-tv-marca-avanco-tecnologico-em-mais-de-200-municipios-mineiros-incluindo-cidades-proximas-a-uba\/#breadcrumb\",\"itemListElement\":[{\"@type\":\"ListItem\",\"position\":1,\"name\":\"Home\",\"item\":\"https:\/\/ubanews.com\/site\/\"},{\"@type\":\"ListItem\",\"position\":2,\"name\":\"Desligamento do sinal anal\u00f3gico de TV marca avan\u00e7o tecnol\u00f3gico em mais de 200 munic\u00edpios mineiros, incluindo cidades pr\u00f3ximas a Ub\u00e1\"}]},{\"@type\":\"WebSite\",\"@id\":\"https:\/\/ubanews.com\/site\/#website\",\"url\":\"https:\/\/ubanews.com\/site\/\",\"name\":\"Ub\u00e1 News\",\"description\":\"\",\"publisher\":{\"@id\":\"https:\/\/ubanews.com\/site\/#organization\"},\"potentialAction\":[{\"@type\":\"SearchAction\",\"target\":{\"@type\":\"EntryPoint\",\"urlTemplate\":\"https:\/\/ubanews.com\/site\/?s={search_term_string}\"},\"query-input\":{\"@type\":\"PropertyValueSpecification\",\"valueRequired\":true,\"valueName\":\"search_term_string\"}}],\"inLanguage\":\"pt-BR\"},{\"@type\":\"Organization\",\"@id\":\"https:\/\/ubanews.com\/site\/#organization\",\"name\":\"Ub\u00e1 News\",\"url\":\"https:\/\/ubanews.com\/site\/\",\"logo\":{\"@type\":\"ImageObject\",\"inLanguage\":\"pt-BR\",\"@id\":\"https:\/\/ubanews.com\/site\/#\/schema\/logo\/image\/\",\"url\":\"https:\/\/ubanews.com\/site\/wp-content\/uploads\/2018\/01\/logoubanews.png\",\"contentUrl\":\"https:\/\/ubanews.com\/site\/wp-content\/uploads\/2018\/01\/logoubanews.png\",\"width\":261,\"height\":99,\"caption\":\"Ub\u00e1 News\"},\"image\":{\"@id\":\"https:\/\/ubanews.com\/site\/#\/schema\/logo\/image\/\"},\"sameAs\":[\"https:\/\/www.facebook.com\/Ub\u00e1News-Carlos-Roberto-Sodr\u00e9-418778301977370\"]},{\"@type\":\"Person\",\"@id\":\"https:\/\/ubanews.com\/site\/#\/schema\/person\/9d8da9ec3c8d00640ab6e8c81e103310\",\"name\":\"Carlos Roberto Sodr\u00e9\",\"image\":{\"@type\":\"ImageObject\",\"inLanguage\":\"pt-BR\",\"@id\":\"https:\/\/secure.gravatar.com\/avatar\/aab322e8555b56c468614fafdab8a8f924e394cdc6cfd8232f77e9e4d123a133?s=96&d=mm&r=g\",\"url\":\"https:\/\/secure.gravatar.com\/avatar\/aab322e8555b56c468614fafdab8a8f924e394cdc6cfd8232f77e9e4d123a133?s=96&d=mm&r=g\",\"contentUrl\":\"https:\/\/secure.gravatar.com\/avatar\/aab322e8555b56c468614fafdab8a8f924e394cdc6cfd8232f77e9e4d123a133?s=96&d=mm&r=g\",\"caption\":\"Carlos Roberto Sodr\u00e9\"},\"url\":\"https:\/\/ubanews.com\/site\/author\/sodre\/\"}]}<\/script>\n<!-- \/ Yoast SEO plugin. -->","yoast_head_json":{"title":"Desligamento do sinal anal\u00f3gico de TV marca avan\u00e7o tecnol\u00f3gico em mais de 200 munic\u00edpios mineiros, incluindo cidades pr\u00f3ximas a Ub\u00e1 - Ub\u00e1 News","robots":{"index":"index","follow":"follow","max-snippet":"max-snippet:-1","max-image-preview":"max-image-preview:large","max-video-preview":"max-video-preview:-1"},"canonical":"https:\/\/ubanews.com\/site\/2023\/12\/15\/desligamento-do-sinal-analogico-de-tv-marca-avanco-tecnologico-em-mais-de-200-municipios-mineiros-incluindo-cidades-proximas-a-uba\/","og_locale":"pt_BR","og_type":"article","og_title":"Desligamento do sinal anal\u00f3gico de TV marca avan\u00e7o tecnol\u00f3gico em mais de 200 munic\u00edpios mineiros, incluindo cidades pr\u00f3ximas a Ub\u00e1 - Ub\u00e1 News","og_description":"A partir de hoje, mais de 200 munic\u00edpios mineiros, incluindo","og_url":"https:\/\/ubanews.com\/site\/2023\/12\/15\/desligamento-do-sinal-analogico-de-tv-marca-avanco-tecnologico-em-mais-de-200-municipios-mineiros-incluindo-cidades-proximas-a-uba\/","og_site_name":"Ub\u00e1 News","article_publisher":"https:\/\/www.facebook.com\/Ub%c3%a1News-Carlos-Roberto-Sodr%c3%a9-418778301977370","article_published_time":"2023-12-15T15:11:39+00:00","article_modified_time":"2023-12-15T15:14:42+00:00","og_image":[{"url":"http:\/\/ubanews.com\/site\/wp-content\/uploads\/2023\/12\/whatsapp-image-2023-08-24-at-19.04.33-300x200.webp","type":"","width":"","height":""}],"author":"Carlos Roberto Sodr\u00e9","twitter_card":"summary_large_image","twitter_misc":{"Escrito por":"Carlos Roberto Sodr\u00e9","Est. tempo de leitura":"2 minutos"},"schema":{"@context":"https:\/\/schema.org","@graph":[{"@type":"Article","@id":"https:\/\/ubanews.com\/site\/2023\/12\/15\/desligamento-do-sinal-analogico-de-tv-marca-avanco-tecnologico-em-mais-de-200-municipios-mineiros-incluindo-cidades-proximas-a-uba\/#article","isPartOf":{"@id":"https:\/\/ubanews.com\/site\/2023\/12\/15\/desligamento-do-sinal-analogico-de-tv-marca-avanco-tecnologico-em-mais-de-200-municipios-mineiros-incluindo-cidades-proximas-a-uba\/"},"author":{"name":"Carlos Roberto Sodr\u00e9","@id":"https:\/\/ubanews.com\/site\/#\/schema\/person\/9d8da9ec3c8d00640ab6e8c81e103310"},"headline":"Desligamento do sinal anal\u00f3gico de TV marca avan\u00e7o tecnol\u00f3gico em mais de 200 munic\u00edpios mineiros, incluindo cidades pr\u00f3ximas a Ub\u00e1","datePublished":"2023-12-15T15:11:39+00:00","dateModified":"2023-12-15T15:14:42+00:00","mainEntityOfPage":{"@id":"https:\/\/ubanews.com\/site\/2023\/12\/15\/desligamento-do-sinal-analogico-de-tv-marca-avanco-tecnologico-em-mais-de-200-municipios-mineiros-incluindo-cidades-proximas-a-uba\/"},"wordCount":250,"commentCount":0,"publisher":{"@id":"https:\/\/ubanews.com\/site\/#organization"},"image":{"@id":"https:\/\/ubanews.com\/site\/2023\/12\/15\/desligamento-do-sinal-analogico-de-tv-marca-avanco-tecnologico-em-mais-de-200-municipios-mineiros-incluindo-cidades-proximas-a-uba\/#primaryimage"},"thumbnailUrl":"http:\/\/ubanews.com\/site\/wp-content\/uploads\/2023\/12\/whatsapp-image-2023-08-24-at-19.04.33-300x200.webp","articleSection":["Geral"],"inLanguage":"pt-BR","potentialAction":[{"@type":"CommentAction","name":"Comment","target":["https:\/\/ubanews.com\/site\/2023\/12\/15\/desligamento-do-sinal-analogico-de-tv-marca-avanco-tecnologico-em-mais-de-200-municipios-mineiros-incluindo-cidades-proximas-a-uba\/#respond"]}]},{"@type":"WebPage","@id":"https:\/\/ubanews.com\/site\/2023\/12\/15\/desligamento-do-sinal-analogico-de-tv-marca-avanco-tecnologico-em-mais-de-200-municipios-mineiros-incluindo-cidades-proximas-a-uba\/","url":"https:\/\/ubanews.com\/site\/2023\/12\/15\/desligamento-do-sinal-analogico-de-tv-marca-avanco-tecnologico-em-mais-de-200-municipios-mineiros-incluindo-cidades-proximas-a-uba\/","name":"Desligamento do sinal anal\u00f3gico de TV marca avan\u00e7o tecnol\u00f3gico em mais de 200 munic\u00edpios mineiros, incluindo cidades pr\u00f3ximas a Ub\u00e1 - Ub\u00e1 News","isPartOf":{"@id":"https:\/\/ubanews.com\/site\/#website"},"primaryImageOfPage":{"@id":"https:\/\/ubanews.com\/site\/2023\/12\/15\/desligamento-do-sinal-analogico-de-tv-marca-avanco-tecnologico-em-mais-de-200-municipios-mineiros-incluindo-cidades-proximas-a-uba\/#primaryimage"},"image":{"@id":"https:\/\/ubanews.com\/site\/2023\/12\/15\/desligamento-do-sinal-analogico-de-tv-marca-avanco-tecnologico-em-mais-de-200-municipios-mineiros-incluindo-cidades-proximas-a-uba\/#primaryimage"},"thumbnailUrl":"http:\/\/ubanews.com\/site\/wp-content\/uploads\/2023\/12\/whatsapp-image-2023-08-24-at-19.04.33-300x200.webp","datePublished":"2023-12-15T15:11:39+00:00","dateModified":"2023-12-15T15:14:42+00:00","breadcrumb":{"@id":"https:\/\/ubanews.com\/site\/2023\/12\/15\/desligamento-do-sinal-analogico-de-tv-marca-avanco-tecnologico-em-mais-de-200-municipios-mineiros-incluindo-cidades-proximas-a-uba\/#breadcrumb"},"inLanguage":"pt-BR","potentialAction":[{"@type":"ReadAction","target":["https:\/\/ubanews.com\/site\/2023\/12\/15\/desligamento-do-sinal-analogico-de-tv-marca-avanco-tecnologico-em-mais-de-200-municipios-mineiros-incluindo-cidades-proximas-a-uba\/"]}]},{"@type":"ImageObject","inLanguage":"pt-BR","@id":"https:\/\/ubanews.com\/site\/2023\/12\/15\/desligamento-do-sinal-analogico-de-tv-marca-avanco-tecnologico-em-mais-de-200-municipios-mineiros-incluindo-cidades-proximas-a-uba\/#primaryimage","url":"http:\/\/ubanews.com\/site\/wp-content\/uploads\/2023\/12\/whatsapp-image-2023-08-24-at-19.04.33-300x200.webp","contentUrl":"http:\/\/ubanews.com\/site\/wp-content\/uploads\/2023\/12\/whatsapp-image-2023-08-24-at-19.04.33-300x200.webp"},{"@type":"BreadcrumbList","@id":"https:\/\/ubanews.com\/site\/2023\/12\/15\/desligamento-do-sinal-analogico-de-tv-marca-avanco-tecnologico-em-mais-de-200-municipios-mineiros-incluindo-cidades-proximas-a-uba\/#breadcrumb","itemListElement":[{"@type":"ListItem","position":1,"name":"Home","item":"https:\/\/ubanews.com\/site\/"},{"@type":"ListItem","position":2,"name":"Desligamento do sinal anal\u00f3gico de TV marca avan\u00e7o tecnol\u00f3gico em mais de 200 munic\u00edpios mineiros, incluindo cidades pr\u00f3ximas a Ub\u00e1"}]},{"@type":"WebSite","@id":"https:\/\/ubanews.com\/site\/#website","url":"https:\/\/ubanews.com\/site\/","name":"Ub\u00e1 News","description":"","publisher":{"@id":"https:\/\/ubanews.com\/site\/#organization"},"potentialAction":[{"@type":"SearchAction","target":{"@type":"EntryPoint","urlTemplate":"https:\/\/ubanews.com\/site\/?s={search_term_string}"},"query-input":{"@type":"PropertyValueSpecification","valueRequired":true,"valueName":"search_term_string"}}],"inLanguage":"pt-BR"},{"@type":"Organization","@id":"https:\/\/ubanews.com\/site\/#organization","name":"Ub\u00e1 News","url":"https:\/\/ubanews.com\/site\/","logo":{"@type":"ImageObject","inLanguage":"pt-BR","@id":"https:\/\/ubanews.com\/site\/#\/schema\/logo\/image\/","url":"https:\/\/ubanews.com\/site\/wp-content\/uploads\/2018\/01\/logoubanews.png","contentUrl":"https:\/\/ubanews.com\/site\/wp-content\/uploads\/2018\/01\/logoubanews.png","width":261,"height":99,"caption":"Ub\u00e1 News"},"image":{"@id":"https:\/\/ubanews.com\/site\/#\/schema\/logo\/image\/"},"sameAs":["https:\/\/www.facebook.com\/Ub\u00e1News-Carlos-Roberto-Sodr\u00e9-418778301977370"]},{"@type":"Person","@id":"https:\/\/ubanews.com\/site\/#\/schema\/person\/9d8da9ec3c8d00640ab6e8c81e103310","name":"Carlos Roberto Sodr\u00e9","image":{"@type":"ImageObject","inLanguage":"pt-BR","@id":"https:\/\/secure.gravatar.com\/avatar\/aab322e8555b56c468614fafdab8a8f924e394cdc6cfd8232f77e9e4d123a133?s=96&d=mm&r=g","url":"https:\/\/secure.gravatar.com\/avatar\/aab322e8555b56c468614fafdab8a8f924e394cdc6cfd8232f77e9e4d123a133?s=96&d=mm&r=g","contentUrl":"https:\/\/secure.gravatar.com\/avatar\/aab322e8555b56c468614fafdab8a8f924e394cdc6cfd8232f77e9e4d123a133?s=96&d=mm&r=g","caption":"Carlos Roberto Sodr\u00e9"},"url":"https:\/\/ubanews.com\/site\/author\/sodre\/"}]}},"_links":{"self":[{"href":"https:\/\/ubanews.com\/site\/wp-json\/wp\/v2\/posts\/22500","targetHints":{"allow":["GET"]}}],"collection":[{"href":"https:\/\/ubanews.com\/site\/wp-json\/wp\/v2\/posts"}],"about":[{"href":"https:\/\/ubanews.com\/site\/wp-json\/wp\/v2\/types\/post"}],"author":[{"embeddable":true,"href":"https:\/\/ubanews.com\/site\/wp-json\/wp\/v2\/users\/4"}],"replies":[{"embeddable":true,"href":"https:\/\/ubanews.com\/site\/wp-json\/wp\/v2\/comments?post=22500"}],"version-history":[{"count":0,"href":"https:\/\/ubanews.com\/site\/wp-json\/wp\/v2\/posts\/22500\/revisions"}],"wp:attachment":[{"href":"https:\/\/ubanews.com\/site\/wp-json\/wp\/v2\/media?parent=22500"}],"wp:term":[{"taxonomy":"category","embeddable":true,"href":"https:\/\/ubanews.com\/site\/wp-json\/wp\/v2\/categories?post=22500"},{"taxonomy":"post_tag","embeddable":true,"href":"https:\/\/ubanews.com\/site\/wp-json\/wp\/v2\/tags?post=22500"}],"curies":[{"name":"wp","href":"https:\/\/api.w.org\/{rel}","templated":true}]}}