{"id":22490,"date":"2023-12-11T11:00:51","date_gmt":"2023-12-11T14:00:51","guid":{"rendered":"http:\/\/ubanews.com\/site\/?p=22490"},"modified":"2023-12-11T10:20:05","modified_gmt":"2023-12-11T13:20:05","slug":"homem-de-52-anos-e-detido-por-suspeita-de-estupro-de-vulneravel-contra-enteada-em-mirai","status":"publish","type":"post","link":"https:\/\/ubanews.com\/site\/2023\/12\/11\/homem-de-52-anos-e-detido-por-suspeita-de-estupro-de-vulneravel-contra-enteada-em-mirai\/","title":{"rendered":"Homem de 52 anos \u00e9 detido por suspeita de estupro de vulner\u00e1vel contra enteada em Mira\u00ed"},"content":{"rendered":"<p><img decoding=\"async\" class=\"aligncenter  wp-image-22488 lazyload\" data-src=\"https:\/\/ubanews.com\/site\/wp-content\/uploads\/2023\/12\/WhatsApp-Image-2023-12-11-at-08.33.04-300x166.jpeg\" alt=\"\" width=\"551\" height=\"305\" data-srcset=\"https:\/\/ubanews.com\/site\/wp-content\/uploads\/2023\/12\/WhatsApp-Image-2023-12-11-at-08.33.04-300x166.jpeg 300w, https:\/\/ubanews.com\/site\/wp-content\/uploads\/2023\/12\/WhatsApp-Image-2023-12-11-at-08.33.04-1024x567.jpeg 1024w, https:\/\/ubanews.com\/site\/wp-content\/uploads\/2023\/12\/WhatsApp-Image-2023-12-11-at-08.33.04-768x425.jpeg 768w, https:\/\/ubanews.com\/site\/wp-content\/uploads\/2023\/12\/WhatsApp-Image-2023-12-11-at-08.33.04-360x200.jpeg 360w, https:\/\/ubanews.com\/site\/wp-content\/uploads\/2023\/12\/WhatsApp-Image-2023-12-11-at-08.33.04.jpeg 1079w\" data-sizes=\"(max-width: 551px) 100vw, 551px\" src=\"data:image\/svg+xml;base64,PHN2ZyB3aWR0aD0iMSIgaGVpZ2h0PSIxIiB4bWxucz0iaHR0cDovL3d3dy53My5vcmcvMjAwMC9zdmciPjwvc3ZnPg==\" style=\"--smush-placeholder-width: 551px; --smush-placeholder-aspect-ratio: 551\/305;\" \/><\/p>\n<p>Na madrugada do \u00faltimo s\u00e1bado, 9 de dezembro, um homem de 52 anos foi detido em Mira\u00ed sob suspeita de estupro de vulner\u00e1vel contra sua enteada de 21 anos. O flagrante ocorreu quando a esposa do acusado o encontrou esfregando as partes \u00edntimas na jovem.<\/p>\n<p>A Pol\u00edcia Militar foi acionada ap\u00f3s a esposa perceber a aus\u00eancia do marido na cama durante a madrugada. Ao verificar o quarto da filha, deparou-se com a cena chocante do homem cometendo o ato indecente contra a jovem. Diante da gravidade da situa\u00e7\u00e3o, a PM agiu prontamente e realizou a pris\u00e3o do suspeito.<\/p>\n<p>A v\u00edtima, uma mulher de 21 anos, foi encaminhada ao Hospital de Mira\u00ed para avalia\u00e7\u00e3o m\u00e9dica e apoio psicol\u00f3gico diante do traum\u00e1tico epis\u00f3dio. O suspeito, por sua vez, foi conduzido \u00e0 Delegacia em Leopoldina, onde a Pol\u00edcia Civil ratificou a pris\u00e3o em flagrante pelo crime de estupro de vulner\u00e1vel.<\/p>\n<p>O caso est\u00e1 sendo investigado pelas autoridades competentes, que buscam esclarecer os detalhes do ocorrido e garantir a devida responsabiliza\u00e7\u00e3o do acusado.<\/p>\n","protected":false},"excerpt":{"rendered":"<p>Na madrugada do \u00faltimo s\u00e1bado, 9 de dezembro, um homem<\/p>\n","protected":false},"author":4,"featured_media":0,"comment_status":"open","ping_status":"open","sticky":false,"template":"","format":"standard","meta":{"footnotes":""},"categories":[1],"tags":[],"class_list":["post-22490","post","type-post","status-publish","format-standard","hentry","category-sem-categoria"],"yoast_head":"<!-- This site is optimized with the Yoast SEO plugin v27.2 - https:\/\/yoast.com\/product\/yoast-seo-wordpress\/ -->\n<title>Homem de 52 anos \u00e9 detido por suspeita de estupro de vulner\u00e1vel contra enteada em Mira\u00ed - Ub\u00e1 News<\/title>\n<meta name=\"robots\" content=\"index, follow, max-snippet:-1, max-image-preview:large, max-video-preview:-1\" \/>\n<link rel=\"canonical\" href=\"https:\/\/ubanews.com\/site\/2023\/12\/11\/homem-de-52-anos-e-detido-por-suspeita-de-estupro-de-vulneravel-contra-enteada-em-mirai\/\" \/>\n<meta property=\"og:locale\" content=\"pt_BR\" \/>\n<meta property=\"og:type\" content=\"article\" \/>\n<meta property=\"og:title\" content=\"Homem de 52 anos \u00e9 detido por suspeita de estupro de vulner\u00e1vel contra enteada em Mira\u00ed - Ub\u00e1 News\" \/>\n<meta property=\"og:description\" content=\"Na madrugada do \u00faltimo s\u00e1bado, 9 de dezembro, um homem\" \/>\n<meta property=\"og:url\" content=\"https:\/\/ubanews.com\/site\/2023\/12\/11\/homem-de-52-anos-e-detido-por-suspeita-de-estupro-de-vulneravel-contra-enteada-em-mirai\/\" \/>\n<meta property=\"og:site_name\" content=\"Ub\u00e1 News\" \/>\n<meta property=\"article:publisher\" content=\"https:\/\/www.facebook.com\/Ub%c3%a1News-Carlos-Roberto-Sodr%c3%a9-418778301977370\" \/>\n<meta property=\"article:published_time\" content=\"2023-12-11T14:00:51+00:00\" \/>\n<meta property=\"og:image\" content=\"http:\/\/ubanews.com\/site\/wp-content\/uploads\/2023\/12\/WhatsApp-Image-2023-12-11-at-08.33.04-300x166.jpeg\" \/>\n<meta name=\"author\" content=\"Carlos Roberto Sodr\u00e9\" \/>\n<meta name=\"twitter:card\" content=\"summary_large_image\" \/>\n<meta name=\"twitter:label1\" content=\"Escrito por\" \/>\n\t<meta name=\"twitter:data1\" content=\"Carlos Roberto Sodr\u00e9\" \/>\n\t<meta name=\"twitter:label2\" content=\"Est. tempo de leitura\" \/>\n\t<meta name=\"twitter:data2\" content=\"2 minutos\" \/>\n<script type=\"application\/ld+json\" class=\"yoast-schema-graph\">{\"@context\":\"https:\/\/schema.org\",\"@graph\":[{\"@type\":\"Article\",\"@id\":\"https:\/\/ubanews.com\/site\/2023\/12\/11\/homem-de-52-anos-e-detido-por-suspeita-de-estupro-de-vulneravel-contra-enteada-em-mirai\/#article\",\"isPartOf\":{\"@id\":\"https:\/\/ubanews.com\/site\/2023\/12\/11\/homem-de-52-anos-e-detido-por-suspeita-de-estupro-de-vulneravel-contra-enteada-em-mirai\/\"},\"author\":{\"name\":\"Carlos Roberto Sodr\u00e9\",\"@id\":\"https:\/\/ubanews.com\/site\/#\/schema\/person\/9d8da9ec3c8d00640ab6e8c81e103310\"},\"headline\":\"Homem de 52 anos \u00e9 detido por suspeita de estupro de vulner\u00e1vel contra enteada em Mira\u00ed\",\"datePublished\":\"2023-12-11T14:00:51+00:00\",\"mainEntityOfPage\":{\"@id\":\"https:\/\/ubanews.com\/site\/2023\/12\/11\/homem-de-52-anos-e-detido-por-suspeita-de-estupro-de-vulneravel-contra-enteada-em-mirai\/\"},\"wordCount\":196,\"commentCount\":0,\"publisher\":{\"@id\":\"https:\/\/ubanews.com\/site\/#organization\"},\"image\":{\"@id\":\"https:\/\/ubanews.com\/site\/2023\/12\/11\/homem-de-52-anos-e-detido-por-suspeita-de-estupro-de-vulneravel-contra-enteada-em-mirai\/#primaryimage\"},\"thumbnailUrl\":\"http:\/\/ubanews.com\/site\/wp-content\/uploads\/2023\/12\/WhatsApp-Image-2023-12-11-at-08.33.04-300x166.jpeg\",\"articleSection\":[\"Geral\"],\"inLanguage\":\"pt-BR\",\"potentialAction\":[{\"@type\":\"CommentAction\",\"name\":\"Comment\",\"target\":[\"https:\/\/ubanews.com\/site\/2023\/12\/11\/homem-de-52-anos-e-detido-por-suspeita-de-estupro-de-vulneravel-contra-enteada-em-mirai\/#respond\"]}]},{\"@type\":\"WebPage\",\"@id\":\"https:\/\/ubanews.com\/site\/2023\/12\/11\/homem-de-52-anos-e-detido-por-suspeita-de-estupro-de-vulneravel-contra-enteada-em-mirai\/\",\"url\":\"https:\/\/ubanews.com\/site\/2023\/12\/11\/homem-de-52-anos-e-detido-por-suspeita-de-estupro-de-vulneravel-contra-enteada-em-mirai\/\",\"name\":\"Homem de 52 anos \u00e9 detido por suspeita de estupro de vulner\u00e1vel contra enteada em Mira\u00ed - Ub\u00e1 News\",\"isPartOf\":{\"@id\":\"https:\/\/ubanews.com\/site\/#website\"},\"primaryImageOfPage\":{\"@id\":\"https:\/\/ubanews.com\/site\/2023\/12\/11\/homem-de-52-anos-e-detido-por-suspeita-de-estupro-de-vulneravel-contra-enteada-em-mirai\/#primaryimage\"},\"image\":{\"@id\":\"https:\/\/ubanews.com\/site\/2023\/12\/11\/homem-de-52-anos-e-detido-por-suspeita-de-estupro-de-vulneravel-contra-enteada-em-mirai\/#primaryimage\"},\"thumbnailUrl\":\"http:\/\/ubanews.com\/site\/wp-content\/uploads\/2023\/12\/WhatsApp-Image-2023-12-11-at-08.33.04-300x166.jpeg\",\"datePublished\":\"2023-12-11T14:00:51+00:00\",\"breadcrumb\":{\"@id\":\"https:\/\/ubanews.com\/site\/2023\/12\/11\/homem-de-52-anos-e-detido-por-suspeita-de-estupro-de-vulneravel-contra-enteada-em-mirai\/#breadcrumb\"},\"inLanguage\":\"pt-BR\",\"potentialAction\":[{\"@type\":\"ReadAction\",\"target\":[\"https:\/\/ubanews.com\/site\/2023\/12\/11\/homem-de-52-anos-e-detido-por-suspeita-de-estupro-de-vulneravel-contra-enteada-em-mirai\/\"]}]},{\"@type\":\"ImageObject\",\"inLanguage\":\"pt-BR\",\"@id\":\"https:\/\/ubanews.com\/site\/2023\/12\/11\/homem-de-52-anos-e-detido-por-suspeita-de-estupro-de-vulneravel-contra-enteada-em-mirai\/#primaryimage\",\"url\":\"http:\/\/ubanews.com\/site\/wp-content\/uploads\/2023\/12\/WhatsApp-Image-2023-12-11-at-08.33.04-300x166.jpeg\",\"contentUrl\":\"http:\/\/ubanews.com\/site\/wp-content\/uploads\/2023\/12\/WhatsApp-Image-2023-12-11-at-08.33.04-300x166.jpeg\"},{\"@type\":\"BreadcrumbList\",\"@id\":\"https:\/\/ubanews.com\/site\/2023\/12\/11\/homem-de-52-anos-e-detido-por-suspeita-de-estupro-de-vulneravel-contra-enteada-em-mirai\/#breadcrumb\",\"itemListElement\":[{\"@type\":\"ListItem\",\"position\":1,\"name\":\"Home\",\"item\":\"https:\/\/ubanews.com\/site\/\"},{\"@type\":\"ListItem\",\"position\":2,\"name\":\"Homem de 52 anos \u00e9 detido por suspeita de estupro de vulner\u00e1vel contra enteada em Mira\u00ed\"}]},{\"@type\":\"WebSite\",\"@id\":\"https:\/\/ubanews.com\/site\/#website\",\"url\":\"https:\/\/ubanews.com\/site\/\",\"name\":\"Ub\u00e1 News\",\"description\":\"\",\"publisher\":{\"@id\":\"https:\/\/ubanews.com\/site\/#organization\"},\"potentialAction\":[{\"@type\":\"SearchAction\",\"target\":{\"@type\":\"EntryPoint\",\"urlTemplate\":\"https:\/\/ubanews.com\/site\/?s={search_term_string}\"},\"query-input\":{\"@type\":\"PropertyValueSpecification\",\"valueRequired\":true,\"valueName\":\"search_term_string\"}}],\"inLanguage\":\"pt-BR\"},{\"@type\":\"Organization\",\"@id\":\"https:\/\/ubanews.com\/site\/#organization\",\"name\":\"Ub\u00e1 News\",\"url\":\"https:\/\/ubanews.com\/site\/\",\"logo\":{\"@type\":\"ImageObject\",\"inLanguage\":\"pt-BR\",\"@id\":\"https:\/\/ubanews.com\/site\/#\/schema\/logo\/image\/\",\"url\":\"https:\/\/ubanews.com\/site\/wp-content\/uploads\/2018\/01\/logoubanews.png\",\"contentUrl\":\"https:\/\/ubanews.com\/site\/wp-content\/uploads\/2018\/01\/logoubanews.png\",\"width\":261,\"height\":99,\"caption\":\"Ub\u00e1 News\"},\"image\":{\"@id\":\"https:\/\/ubanews.com\/site\/#\/schema\/logo\/image\/\"},\"sameAs\":[\"https:\/\/www.facebook.com\/Ub\u00e1News-Carlos-Roberto-Sodr\u00e9-418778301977370\"]},{\"@type\":\"Person\",\"@id\":\"https:\/\/ubanews.com\/site\/#\/schema\/person\/9d8da9ec3c8d00640ab6e8c81e103310\",\"name\":\"Carlos Roberto Sodr\u00e9\",\"image\":{\"@type\":\"ImageObject\",\"inLanguage\":\"pt-BR\",\"@id\":\"https:\/\/secure.gravatar.com\/avatar\/aab322e8555b56c468614fafdab8a8f924e394cdc6cfd8232f77e9e4d123a133?s=96&d=mm&r=g\",\"url\":\"https:\/\/secure.gravatar.com\/avatar\/aab322e8555b56c468614fafdab8a8f924e394cdc6cfd8232f77e9e4d123a133?s=96&d=mm&r=g\",\"contentUrl\":\"https:\/\/secure.gravatar.com\/avatar\/aab322e8555b56c468614fafdab8a8f924e394cdc6cfd8232f77e9e4d123a133?s=96&d=mm&r=g\",\"caption\":\"Carlos Roberto Sodr\u00e9\"},\"url\":\"https:\/\/ubanews.com\/site\/author\/sodre\/\"}]}<\/script>\n<!-- \/ Yoast SEO plugin. -->","yoast_head_json":{"title":"Homem de 52 anos \u00e9 detido por suspeita de estupro de vulner\u00e1vel contra enteada em Mira\u00ed - Ub\u00e1 News","robots":{"index":"index","follow":"follow","max-snippet":"max-snippet:-1","max-image-preview":"max-image-preview:large","max-video-preview":"max-video-preview:-1"},"canonical":"https:\/\/ubanews.com\/site\/2023\/12\/11\/homem-de-52-anos-e-detido-por-suspeita-de-estupro-de-vulneravel-contra-enteada-em-mirai\/","og_locale":"pt_BR","og_type":"article","og_title":"Homem de 52 anos \u00e9 detido por suspeita de estupro de vulner\u00e1vel contra enteada em Mira\u00ed - Ub\u00e1 News","og_description":"Na madrugada do \u00faltimo s\u00e1bado, 9 de dezembro, um homem","og_url":"https:\/\/ubanews.com\/site\/2023\/12\/11\/homem-de-52-anos-e-detido-por-suspeita-de-estupro-de-vulneravel-contra-enteada-em-mirai\/","og_site_name":"Ub\u00e1 News","article_publisher":"https:\/\/www.facebook.com\/Ub%c3%a1News-Carlos-Roberto-Sodr%c3%a9-418778301977370","article_published_time":"2023-12-11T14:00:51+00:00","og_image":[{"url":"http:\/\/ubanews.com\/site\/wp-content\/uploads\/2023\/12\/WhatsApp-Image-2023-12-11-at-08.33.04-300x166.jpeg","type":"","width":"","height":""}],"author":"Carlos Roberto Sodr\u00e9","twitter_card":"summary_large_image","twitter_misc":{"Escrito por":"Carlos Roberto Sodr\u00e9","Est. tempo de leitura":"2 minutos"},"schema":{"@context":"https:\/\/schema.org","@graph":[{"@type":"Article","@id":"https:\/\/ubanews.com\/site\/2023\/12\/11\/homem-de-52-anos-e-detido-por-suspeita-de-estupro-de-vulneravel-contra-enteada-em-mirai\/#article","isPartOf":{"@id":"https:\/\/ubanews.com\/site\/2023\/12\/11\/homem-de-52-anos-e-detido-por-suspeita-de-estupro-de-vulneravel-contra-enteada-em-mirai\/"},"author":{"name":"Carlos Roberto Sodr\u00e9","@id":"https:\/\/ubanews.com\/site\/#\/schema\/person\/9d8da9ec3c8d00640ab6e8c81e103310"},"headline":"Homem de 52 anos \u00e9 detido por suspeita de estupro de vulner\u00e1vel contra enteada em Mira\u00ed","datePublished":"2023-12-11T14:00:51+00:00","mainEntityOfPage":{"@id":"https:\/\/ubanews.com\/site\/2023\/12\/11\/homem-de-52-anos-e-detido-por-suspeita-de-estupro-de-vulneravel-contra-enteada-em-mirai\/"},"wordCount":196,"commentCount":0,"publisher":{"@id":"https:\/\/ubanews.com\/site\/#organization"},"image":{"@id":"https:\/\/ubanews.com\/site\/2023\/12\/11\/homem-de-52-anos-e-detido-por-suspeita-de-estupro-de-vulneravel-contra-enteada-em-mirai\/#primaryimage"},"thumbnailUrl":"http:\/\/ubanews.com\/site\/wp-content\/uploads\/2023\/12\/WhatsApp-Image-2023-12-11-at-08.33.04-300x166.jpeg","articleSection":["Geral"],"inLanguage":"pt-BR","potentialAction":[{"@type":"CommentAction","name":"Comment","target":["https:\/\/ubanews.com\/site\/2023\/12\/11\/homem-de-52-anos-e-detido-por-suspeita-de-estupro-de-vulneravel-contra-enteada-em-mirai\/#respond"]}]},{"@type":"WebPage","@id":"https:\/\/ubanews.com\/site\/2023\/12\/11\/homem-de-52-anos-e-detido-por-suspeita-de-estupro-de-vulneravel-contra-enteada-em-mirai\/","url":"https:\/\/ubanews.com\/site\/2023\/12\/11\/homem-de-52-anos-e-detido-por-suspeita-de-estupro-de-vulneravel-contra-enteada-em-mirai\/","name":"Homem de 52 anos \u00e9 detido por suspeita de estupro de vulner\u00e1vel contra enteada em Mira\u00ed - Ub\u00e1 News","isPartOf":{"@id":"https:\/\/ubanews.com\/site\/#website"},"primaryImageOfPage":{"@id":"https:\/\/ubanews.com\/site\/2023\/12\/11\/homem-de-52-anos-e-detido-por-suspeita-de-estupro-de-vulneravel-contra-enteada-em-mirai\/#primaryimage"},"image":{"@id":"https:\/\/ubanews.com\/site\/2023\/12\/11\/homem-de-52-anos-e-detido-por-suspeita-de-estupro-de-vulneravel-contra-enteada-em-mirai\/#primaryimage"},"thumbnailUrl":"http:\/\/ubanews.com\/site\/wp-content\/uploads\/2023\/12\/WhatsApp-Image-2023-12-11-at-08.33.04-300x166.jpeg","datePublished":"2023-12-11T14:00:51+00:00","breadcrumb":{"@id":"https:\/\/ubanews.com\/site\/2023\/12\/11\/homem-de-52-anos-e-detido-por-suspeita-de-estupro-de-vulneravel-contra-enteada-em-mirai\/#breadcrumb"},"inLanguage":"pt-BR","potentialAction":[{"@type":"ReadAction","target":["https:\/\/ubanews.com\/site\/2023\/12\/11\/homem-de-52-anos-e-detido-por-suspeita-de-estupro-de-vulneravel-contra-enteada-em-mirai\/"]}]},{"@type":"ImageObject","inLanguage":"pt-BR","@id":"https:\/\/ubanews.com\/site\/2023\/12\/11\/homem-de-52-anos-e-detido-por-suspeita-de-estupro-de-vulneravel-contra-enteada-em-mirai\/#primaryimage","url":"http:\/\/ubanews.com\/site\/wp-content\/uploads\/2023\/12\/WhatsApp-Image-2023-12-11-at-08.33.04-300x166.jpeg","contentUrl":"http:\/\/ubanews.com\/site\/wp-content\/uploads\/2023\/12\/WhatsApp-Image-2023-12-11-at-08.33.04-300x166.jpeg"},{"@type":"BreadcrumbList","@id":"https:\/\/ubanews.com\/site\/2023\/12\/11\/homem-de-52-anos-e-detido-por-suspeita-de-estupro-de-vulneravel-contra-enteada-em-mirai\/#breadcrumb","itemListElement":[{"@type":"ListItem","position":1,"name":"Home","item":"https:\/\/ubanews.com\/site\/"},{"@type":"ListItem","position":2,"name":"Homem de 52 anos \u00e9 detido por suspeita de estupro de vulner\u00e1vel contra enteada em Mira\u00ed"}]},{"@type":"WebSite","@id":"https:\/\/ubanews.com\/site\/#website","url":"https:\/\/ubanews.com\/site\/","name":"Ub\u00e1 News","description":"","publisher":{"@id":"https:\/\/ubanews.com\/site\/#organization"},"potentialAction":[{"@type":"SearchAction","target":{"@type":"EntryPoint","urlTemplate":"https:\/\/ubanews.com\/site\/?s={search_term_string}"},"query-input":{"@type":"PropertyValueSpecification","valueRequired":true,"valueName":"search_term_string"}}],"inLanguage":"pt-BR"},{"@type":"Organization","@id":"https:\/\/ubanews.com\/site\/#organization","name":"Ub\u00e1 News","url":"https:\/\/ubanews.com\/site\/","logo":{"@type":"ImageObject","inLanguage":"pt-BR","@id":"https:\/\/ubanews.com\/site\/#\/schema\/logo\/image\/","url":"https:\/\/ubanews.com\/site\/wp-content\/uploads\/2018\/01\/logoubanews.png","contentUrl":"https:\/\/ubanews.com\/site\/wp-content\/uploads\/2018\/01\/logoubanews.png","width":261,"height":99,"caption":"Ub\u00e1 News"},"image":{"@id":"https:\/\/ubanews.com\/site\/#\/schema\/logo\/image\/"},"sameAs":["https:\/\/www.facebook.com\/Ub\u00e1News-Carlos-Roberto-Sodr\u00e9-418778301977370"]},{"@type":"Person","@id":"https:\/\/ubanews.com\/site\/#\/schema\/person\/9d8da9ec3c8d00640ab6e8c81e103310","name":"Carlos Roberto Sodr\u00e9","image":{"@type":"ImageObject","inLanguage":"pt-BR","@id":"https:\/\/secure.gravatar.com\/avatar\/aab322e8555b56c468614fafdab8a8f924e394cdc6cfd8232f77e9e4d123a133?s=96&d=mm&r=g","url":"https:\/\/secure.gravatar.com\/avatar\/aab322e8555b56c468614fafdab8a8f924e394cdc6cfd8232f77e9e4d123a133?s=96&d=mm&r=g","contentUrl":"https:\/\/secure.gravatar.com\/avatar\/aab322e8555b56c468614fafdab8a8f924e394cdc6cfd8232f77e9e4d123a133?s=96&d=mm&r=g","caption":"Carlos Roberto Sodr\u00e9"},"url":"https:\/\/ubanews.com\/site\/author\/sodre\/"}]}},"_links":{"self":[{"href":"https:\/\/ubanews.com\/site\/wp-json\/wp\/v2\/posts\/22490","targetHints":{"allow":["GET"]}}],"collection":[{"href":"https:\/\/ubanews.com\/site\/wp-json\/wp\/v2\/posts"}],"about":[{"href":"https:\/\/ubanews.com\/site\/wp-json\/wp\/v2\/types\/post"}],"author":[{"embeddable":true,"href":"https:\/\/ubanews.com\/site\/wp-json\/wp\/v2\/users\/4"}],"replies":[{"embeddable":true,"href":"https:\/\/ubanews.com\/site\/wp-json\/wp\/v2\/comments?post=22490"}],"version-history":[{"count":0,"href":"https:\/\/ubanews.com\/site\/wp-json\/wp\/v2\/posts\/22490\/revisions"}],"wp:attachment":[{"href":"https:\/\/ubanews.com\/site\/wp-json\/wp\/v2\/media?parent=22490"}],"wp:term":[{"taxonomy":"category","embeddable":true,"href":"https:\/\/ubanews.com\/site\/wp-json\/wp\/v2\/categories?post=22490"},{"taxonomy":"post_tag","embeddable":true,"href":"https:\/\/ubanews.com\/site\/wp-json\/wp\/v2\/tags?post=22490"}],"curies":[{"name":"wp","href":"https:\/\/api.w.org\/{rel}","templated":true}]}}