{"id":22483,"date":"2023-12-08T12:00:46","date_gmt":"2023-12-08T15:00:46","guid":{"rendered":"http:\/\/ubanews.com\/site\/?p=22483"},"modified":"2023-12-08T11:06:54","modified_gmt":"2023-12-08T14:06:54","slug":"tentativa-de-assalto-termina-em-morte-na-cidade-de-uba","status":"publish","type":"post","link":"https:\/\/ubanews.com\/site\/2023\/12\/08\/tentativa-de-assalto-termina-em-morte-na-cidade-de-uba\/","title":{"rendered":"Tentativa de assalto termina em morte na cidade de Ub\u00e1"},"content":{"rendered":"<p>Um assaltante armado com uma faca foi morto a tiros durante uma tentativa de roubo em uma resid\u00eancia localizada na Rua Jos\u00e9 Augusto Marcos, bairro Olaria, em Ub\u00e1. O incidente ocorreu por volta das 5h desta quarta-feira, 6 de dezembro.<\/p>\n<figure id=\"attachment_22482\" aria-describedby=\"caption-attachment-22482\" style=\"width: 535px\" class=\"wp-caption aligncenter\"><img decoding=\"async\" class=\"wp-image-22482 lazyload\" data-src=\"https:\/\/ubanews.com\/site\/wp-content\/uploads\/2023\/12\/WhatsApp-Image-2023-12-08-at-10.47.39-291x300.jpeg\" alt=\"\" width=\"535\" height=\"552\" data-srcset=\"https:\/\/ubanews.com\/site\/wp-content\/uploads\/2023\/12\/WhatsApp-Image-2023-12-08-at-10.47.39-291x300.jpeg 291w, https:\/\/ubanews.com\/site\/wp-content\/uploads\/2023\/12\/WhatsApp-Image-2023-12-08-at-10.47.39-992x1024.jpeg 992w, https:\/\/ubanews.com\/site\/wp-content\/uploads\/2023\/12\/WhatsApp-Image-2023-12-08-at-10.47.39-768x793.jpeg 768w, https:\/\/ubanews.com\/site\/wp-content\/uploads\/2023\/12\/WhatsApp-Image-2023-12-08-at-10.47.39.jpeg 1078w\" data-sizes=\"(max-width: 535px) 100vw, 535px\" src=\"data:image\/svg+xml;base64,PHN2ZyB3aWR0aD0iMSIgaGVpZ2h0PSIxIiB4bWxucz0iaHR0cDovL3d3dy53My5vcmcvMjAwMC9zdmciPjwvc3ZnPg==\" style=\"--smush-placeholder-width: 535px; --smush-placeholder-aspect-ratio: 535\/552;\" \/><figcaption id=\"caption-attachment-22482\" class=\"wp-caption-text\">Foto: Google Earth<\/figcaption><\/figure>\n<p>De acordo com informa\u00e7\u00f5es da Pol\u00edcia Militar, o suspeito, um homem de 34 anos, invadiu a resid\u00eancia portando uma faca, mas sua a\u00e7\u00e3o foi abruptamente interrompida pelo dono da casa, que reagiu atirando em leg\u00edtima defesa. O confronto resultou em cinco disparos contra o assaltante.<\/p>\n<p>Ap\u00f3s os tiros, o assaltante foi prontamente socorrido pela equipe do Servi\u00e7o de Atendimento M\u00f3vel de Urg\u00eancia (SAMU), mas infelizmente, os esfor\u00e7os foram em v\u00e3o, e ele n\u00e3o resistiu aos ferimentos, vindo a \u00f3bito no local.<\/p>\n<p>As autoridades locais est\u00e3o conduzindo uma investiga\u00e7\u00e3o para esclarecer os detalhes do ocorrido. O dono da casa ser\u00e1 chamado para prestar depoimento, e os elementos do caso est\u00e3o sendo analisados para determinar se a a\u00e7\u00e3o foi leg\u00edtima diante da amea\u00e7a iminente.<\/p>\n","protected":false},"excerpt":{"rendered":"<p>Um assaltante armado com uma faca foi morto a tiros<\/p>\n","protected":false},"author":4,"featured_media":0,"comment_status":"open","ping_status":"open","sticky":false,"template":"","format":"standard","meta":{"footnotes":""},"categories":[1],"tags":[],"class_list":["post-22483","post","type-post","status-publish","format-standard","hentry","category-sem-categoria"],"yoast_head":"<!-- This site is optimized with the Yoast SEO plugin v27.2 - https:\/\/yoast.com\/product\/yoast-seo-wordpress\/ -->\n<title>Tentativa de assalto termina em morte na cidade de Ub\u00e1 - Ub\u00e1 News<\/title>\n<meta name=\"robots\" content=\"index, follow, max-snippet:-1, max-image-preview:large, max-video-preview:-1\" \/>\n<link rel=\"canonical\" href=\"https:\/\/ubanews.com\/site\/2023\/12\/08\/tentativa-de-assalto-termina-em-morte-na-cidade-de-uba\/\" \/>\n<meta property=\"og:locale\" content=\"pt_BR\" \/>\n<meta property=\"og:type\" content=\"article\" \/>\n<meta property=\"og:title\" content=\"Tentativa de assalto termina em morte na cidade de Ub\u00e1 - Ub\u00e1 News\" \/>\n<meta property=\"og:description\" content=\"Um assaltante armado com uma faca foi morto a tiros\" \/>\n<meta property=\"og:url\" content=\"https:\/\/ubanews.com\/site\/2023\/12\/08\/tentativa-de-assalto-termina-em-morte-na-cidade-de-uba\/\" \/>\n<meta property=\"og:site_name\" content=\"Ub\u00e1 News\" \/>\n<meta property=\"article:publisher\" content=\"https:\/\/www.facebook.com\/Ub%c3%a1News-Carlos-Roberto-Sodr%c3%a9-418778301977370\" \/>\n<meta property=\"article:published_time\" content=\"2023-12-08T15:00:46+00:00\" \/>\n<meta property=\"og:image\" content=\"http:\/\/ubanews.com\/site\/wp-content\/uploads\/2023\/12\/WhatsApp-Image-2023-12-08-at-10.47.39-291x300.jpeg\" \/>\n<meta name=\"author\" content=\"Carlos Roberto Sodr\u00e9\" \/>\n<meta name=\"twitter:card\" content=\"summary_large_image\" \/>\n<meta name=\"twitter:label1\" content=\"Escrito por\" \/>\n\t<meta name=\"twitter:data1\" content=\"Carlos Roberto Sodr\u00e9\" \/>\n\t<meta name=\"twitter:label2\" content=\"Est. tempo de leitura\" \/>\n\t<meta name=\"twitter:data2\" content=\"2 minutos\" \/>\n<script type=\"application\/ld+json\" class=\"yoast-schema-graph\">{\"@context\":\"https:\/\/schema.org\",\"@graph\":[{\"@type\":\"Article\",\"@id\":\"https:\/\/ubanews.com\/site\/2023\/12\/08\/tentativa-de-assalto-termina-em-morte-na-cidade-de-uba\/#article\",\"isPartOf\":{\"@id\":\"https:\/\/ubanews.com\/site\/2023\/12\/08\/tentativa-de-assalto-termina-em-morte-na-cidade-de-uba\/\"},\"author\":{\"name\":\"Carlos Roberto Sodr\u00e9\",\"@id\":\"https:\/\/ubanews.com\/site\/#\/schema\/person\/9d8da9ec3c8d00640ab6e8c81e103310\"},\"headline\":\"Tentativa de assalto termina em morte na cidade de Ub\u00e1\",\"datePublished\":\"2023-12-08T15:00:46+00:00\",\"mainEntityOfPage\":{\"@id\":\"https:\/\/ubanews.com\/site\/2023\/12\/08\/tentativa-de-assalto-termina-em-morte-na-cidade-de-uba\/\"},\"wordCount\":199,\"commentCount\":0,\"publisher\":{\"@id\":\"https:\/\/ubanews.com\/site\/#organization\"},\"image\":{\"@id\":\"https:\/\/ubanews.com\/site\/2023\/12\/08\/tentativa-de-assalto-termina-em-morte-na-cidade-de-uba\/#primaryimage\"},\"thumbnailUrl\":\"http:\/\/ubanews.com\/site\/wp-content\/uploads\/2023\/12\/WhatsApp-Image-2023-12-08-at-10.47.39-291x300.jpeg\",\"articleSection\":[\"Geral\"],\"inLanguage\":\"pt-BR\",\"potentialAction\":[{\"@type\":\"CommentAction\",\"name\":\"Comment\",\"target\":[\"https:\/\/ubanews.com\/site\/2023\/12\/08\/tentativa-de-assalto-termina-em-morte-na-cidade-de-uba\/#respond\"]}]},{\"@type\":\"WebPage\",\"@id\":\"https:\/\/ubanews.com\/site\/2023\/12\/08\/tentativa-de-assalto-termina-em-morte-na-cidade-de-uba\/\",\"url\":\"https:\/\/ubanews.com\/site\/2023\/12\/08\/tentativa-de-assalto-termina-em-morte-na-cidade-de-uba\/\",\"name\":\"Tentativa de assalto termina em morte na cidade de Ub\u00e1 - Ub\u00e1 News\",\"isPartOf\":{\"@id\":\"https:\/\/ubanews.com\/site\/#website\"},\"primaryImageOfPage\":{\"@id\":\"https:\/\/ubanews.com\/site\/2023\/12\/08\/tentativa-de-assalto-termina-em-morte-na-cidade-de-uba\/#primaryimage\"},\"image\":{\"@id\":\"https:\/\/ubanews.com\/site\/2023\/12\/08\/tentativa-de-assalto-termina-em-morte-na-cidade-de-uba\/#primaryimage\"},\"thumbnailUrl\":\"http:\/\/ubanews.com\/site\/wp-content\/uploads\/2023\/12\/WhatsApp-Image-2023-12-08-at-10.47.39-291x300.jpeg\",\"datePublished\":\"2023-12-08T15:00:46+00:00\",\"breadcrumb\":{\"@id\":\"https:\/\/ubanews.com\/site\/2023\/12\/08\/tentativa-de-assalto-termina-em-morte-na-cidade-de-uba\/#breadcrumb\"},\"inLanguage\":\"pt-BR\",\"potentialAction\":[{\"@type\":\"ReadAction\",\"target\":[\"https:\/\/ubanews.com\/site\/2023\/12\/08\/tentativa-de-assalto-termina-em-morte-na-cidade-de-uba\/\"]}]},{\"@type\":\"ImageObject\",\"inLanguage\":\"pt-BR\",\"@id\":\"https:\/\/ubanews.com\/site\/2023\/12\/08\/tentativa-de-assalto-termina-em-morte-na-cidade-de-uba\/#primaryimage\",\"url\":\"http:\/\/ubanews.com\/site\/wp-content\/uploads\/2023\/12\/WhatsApp-Image-2023-12-08-at-10.47.39-291x300.jpeg\",\"contentUrl\":\"http:\/\/ubanews.com\/site\/wp-content\/uploads\/2023\/12\/WhatsApp-Image-2023-12-08-at-10.47.39-291x300.jpeg\"},{\"@type\":\"BreadcrumbList\",\"@id\":\"https:\/\/ubanews.com\/site\/2023\/12\/08\/tentativa-de-assalto-termina-em-morte-na-cidade-de-uba\/#breadcrumb\",\"itemListElement\":[{\"@type\":\"ListItem\",\"position\":1,\"name\":\"Home\",\"item\":\"https:\/\/ubanews.com\/site\/\"},{\"@type\":\"ListItem\",\"position\":2,\"name\":\"Tentativa de assalto termina em morte na cidade de Ub\u00e1\"}]},{\"@type\":\"WebSite\",\"@id\":\"https:\/\/ubanews.com\/site\/#website\",\"url\":\"https:\/\/ubanews.com\/site\/\",\"name\":\"Ub\u00e1 News\",\"description\":\"\",\"publisher\":{\"@id\":\"https:\/\/ubanews.com\/site\/#organization\"},\"potentialAction\":[{\"@type\":\"SearchAction\",\"target\":{\"@type\":\"EntryPoint\",\"urlTemplate\":\"https:\/\/ubanews.com\/site\/?s={search_term_string}\"},\"query-input\":{\"@type\":\"PropertyValueSpecification\",\"valueRequired\":true,\"valueName\":\"search_term_string\"}}],\"inLanguage\":\"pt-BR\"},{\"@type\":\"Organization\",\"@id\":\"https:\/\/ubanews.com\/site\/#organization\",\"name\":\"Ub\u00e1 News\",\"url\":\"https:\/\/ubanews.com\/site\/\",\"logo\":{\"@type\":\"ImageObject\",\"inLanguage\":\"pt-BR\",\"@id\":\"https:\/\/ubanews.com\/site\/#\/schema\/logo\/image\/\",\"url\":\"https:\/\/ubanews.com\/site\/wp-content\/uploads\/2018\/01\/logoubanews.png\",\"contentUrl\":\"https:\/\/ubanews.com\/site\/wp-content\/uploads\/2018\/01\/logoubanews.png\",\"width\":261,\"height\":99,\"caption\":\"Ub\u00e1 News\"},\"image\":{\"@id\":\"https:\/\/ubanews.com\/site\/#\/schema\/logo\/image\/\"},\"sameAs\":[\"https:\/\/www.facebook.com\/Ub\u00e1News-Carlos-Roberto-Sodr\u00e9-418778301977370\"]},{\"@type\":\"Person\",\"@id\":\"https:\/\/ubanews.com\/site\/#\/schema\/person\/9d8da9ec3c8d00640ab6e8c81e103310\",\"name\":\"Carlos Roberto Sodr\u00e9\",\"image\":{\"@type\":\"ImageObject\",\"inLanguage\":\"pt-BR\",\"@id\":\"https:\/\/secure.gravatar.com\/avatar\/aab322e8555b56c468614fafdab8a8f924e394cdc6cfd8232f77e9e4d123a133?s=96&d=mm&r=g\",\"url\":\"https:\/\/secure.gravatar.com\/avatar\/aab322e8555b56c468614fafdab8a8f924e394cdc6cfd8232f77e9e4d123a133?s=96&d=mm&r=g\",\"contentUrl\":\"https:\/\/secure.gravatar.com\/avatar\/aab322e8555b56c468614fafdab8a8f924e394cdc6cfd8232f77e9e4d123a133?s=96&d=mm&r=g\",\"caption\":\"Carlos Roberto Sodr\u00e9\"},\"url\":\"https:\/\/ubanews.com\/site\/author\/sodre\/\"}]}<\/script>\n<!-- \/ Yoast SEO plugin. -->","yoast_head_json":{"title":"Tentativa de assalto termina em morte na cidade de Ub\u00e1 - Ub\u00e1 News","robots":{"index":"index","follow":"follow","max-snippet":"max-snippet:-1","max-image-preview":"max-image-preview:large","max-video-preview":"max-video-preview:-1"},"canonical":"https:\/\/ubanews.com\/site\/2023\/12\/08\/tentativa-de-assalto-termina-em-morte-na-cidade-de-uba\/","og_locale":"pt_BR","og_type":"article","og_title":"Tentativa de assalto termina em morte na cidade de Ub\u00e1 - Ub\u00e1 News","og_description":"Um assaltante armado com uma faca foi morto a tiros","og_url":"https:\/\/ubanews.com\/site\/2023\/12\/08\/tentativa-de-assalto-termina-em-morte-na-cidade-de-uba\/","og_site_name":"Ub\u00e1 News","article_publisher":"https:\/\/www.facebook.com\/Ub%c3%a1News-Carlos-Roberto-Sodr%c3%a9-418778301977370","article_published_time":"2023-12-08T15:00:46+00:00","og_image":[{"url":"http:\/\/ubanews.com\/site\/wp-content\/uploads\/2023\/12\/WhatsApp-Image-2023-12-08-at-10.47.39-291x300.jpeg","type":"","width":"","height":""}],"author":"Carlos Roberto Sodr\u00e9","twitter_card":"summary_large_image","twitter_misc":{"Escrito por":"Carlos Roberto Sodr\u00e9","Est. tempo de leitura":"2 minutos"},"schema":{"@context":"https:\/\/schema.org","@graph":[{"@type":"Article","@id":"https:\/\/ubanews.com\/site\/2023\/12\/08\/tentativa-de-assalto-termina-em-morte-na-cidade-de-uba\/#article","isPartOf":{"@id":"https:\/\/ubanews.com\/site\/2023\/12\/08\/tentativa-de-assalto-termina-em-morte-na-cidade-de-uba\/"},"author":{"name":"Carlos Roberto Sodr\u00e9","@id":"https:\/\/ubanews.com\/site\/#\/schema\/person\/9d8da9ec3c8d00640ab6e8c81e103310"},"headline":"Tentativa de assalto termina em morte na cidade de Ub\u00e1","datePublished":"2023-12-08T15:00:46+00:00","mainEntityOfPage":{"@id":"https:\/\/ubanews.com\/site\/2023\/12\/08\/tentativa-de-assalto-termina-em-morte-na-cidade-de-uba\/"},"wordCount":199,"commentCount":0,"publisher":{"@id":"https:\/\/ubanews.com\/site\/#organization"},"image":{"@id":"https:\/\/ubanews.com\/site\/2023\/12\/08\/tentativa-de-assalto-termina-em-morte-na-cidade-de-uba\/#primaryimage"},"thumbnailUrl":"http:\/\/ubanews.com\/site\/wp-content\/uploads\/2023\/12\/WhatsApp-Image-2023-12-08-at-10.47.39-291x300.jpeg","articleSection":["Geral"],"inLanguage":"pt-BR","potentialAction":[{"@type":"CommentAction","name":"Comment","target":["https:\/\/ubanews.com\/site\/2023\/12\/08\/tentativa-de-assalto-termina-em-morte-na-cidade-de-uba\/#respond"]}]},{"@type":"WebPage","@id":"https:\/\/ubanews.com\/site\/2023\/12\/08\/tentativa-de-assalto-termina-em-morte-na-cidade-de-uba\/","url":"https:\/\/ubanews.com\/site\/2023\/12\/08\/tentativa-de-assalto-termina-em-morte-na-cidade-de-uba\/","name":"Tentativa de assalto termina em morte na cidade de Ub\u00e1 - Ub\u00e1 News","isPartOf":{"@id":"https:\/\/ubanews.com\/site\/#website"},"primaryImageOfPage":{"@id":"https:\/\/ubanews.com\/site\/2023\/12\/08\/tentativa-de-assalto-termina-em-morte-na-cidade-de-uba\/#primaryimage"},"image":{"@id":"https:\/\/ubanews.com\/site\/2023\/12\/08\/tentativa-de-assalto-termina-em-morte-na-cidade-de-uba\/#primaryimage"},"thumbnailUrl":"http:\/\/ubanews.com\/site\/wp-content\/uploads\/2023\/12\/WhatsApp-Image-2023-12-08-at-10.47.39-291x300.jpeg","datePublished":"2023-12-08T15:00:46+00:00","breadcrumb":{"@id":"https:\/\/ubanews.com\/site\/2023\/12\/08\/tentativa-de-assalto-termina-em-morte-na-cidade-de-uba\/#breadcrumb"},"inLanguage":"pt-BR","potentialAction":[{"@type":"ReadAction","target":["https:\/\/ubanews.com\/site\/2023\/12\/08\/tentativa-de-assalto-termina-em-morte-na-cidade-de-uba\/"]}]},{"@type":"ImageObject","inLanguage":"pt-BR","@id":"https:\/\/ubanews.com\/site\/2023\/12\/08\/tentativa-de-assalto-termina-em-morte-na-cidade-de-uba\/#primaryimage","url":"http:\/\/ubanews.com\/site\/wp-content\/uploads\/2023\/12\/WhatsApp-Image-2023-12-08-at-10.47.39-291x300.jpeg","contentUrl":"http:\/\/ubanews.com\/site\/wp-content\/uploads\/2023\/12\/WhatsApp-Image-2023-12-08-at-10.47.39-291x300.jpeg"},{"@type":"BreadcrumbList","@id":"https:\/\/ubanews.com\/site\/2023\/12\/08\/tentativa-de-assalto-termina-em-morte-na-cidade-de-uba\/#breadcrumb","itemListElement":[{"@type":"ListItem","position":1,"name":"Home","item":"https:\/\/ubanews.com\/site\/"},{"@type":"ListItem","position":2,"name":"Tentativa de assalto termina em morte na cidade de Ub\u00e1"}]},{"@type":"WebSite","@id":"https:\/\/ubanews.com\/site\/#website","url":"https:\/\/ubanews.com\/site\/","name":"Ub\u00e1 News","description":"","publisher":{"@id":"https:\/\/ubanews.com\/site\/#organization"},"potentialAction":[{"@type":"SearchAction","target":{"@type":"EntryPoint","urlTemplate":"https:\/\/ubanews.com\/site\/?s={search_term_string}"},"query-input":{"@type":"PropertyValueSpecification","valueRequired":true,"valueName":"search_term_string"}}],"inLanguage":"pt-BR"},{"@type":"Organization","@id":"https:\/\/ubanews.com\/site\/#organization","name":"Ub\u00e1 News","url":"https:\/\/ubanews.com\/site\/","logo":{"@type":"ImageObject","inLanguage":"pt-BR","@id":"https:\/\/ubanews.com\/site\/#\/schema\/logo\/image\/","url":"https:\/\/ubanews.com\/site\/wp-content\/uploads\/2018\/01\/logoubanews.png","contentUrl":"https:\/\/ubanews.com\/site\/wp-content\/uploads\/2018\/01\/logoubanews.png","width":261,"height":99,"caption":"Ub\u00e1 News"},"image":{"@id":"https:\/\/ubanews.com\/site\/#\/schema\/logo\/image\/"},"sameAs":["https:\/\/www.facebook.com\/Ub\u00e1News-Carlos-Roberto-Sodr\u00e9-418778301977370"]},{"@type":"Person","@id":"https:\/\/ubanews.com\/site\/#\/schema\/person\/9d8da9ec3c8d00640ab6e8c81e103310","name":"Carlos Roberto Sodr\u00e9","image":{"@type":"ImageObject","inLanguage":"pt-BR","@id":"https:\/\/secure.gravatar.com\/avatar\/aab322e8555b56c468614fafdab8a8f924e394cdc6cfd8232f77e9e4d123a133?s=96&d=mm&r=g","url":"https:\/\/secure.gravatar.com\/avatar\/aab322e8555b56c468614fafdab8a8f924e394cdc6cfd8232f77e9e4d123a133?s=96&d=mm&r=g","contentUrl":"https:\/\/secure.gravatar.com\/avatar\/aab322e8555b56c468614fafdab8a8f924e394cdc6cfd8232f77e9e4d123a133?s=96&d=mm&r=g","caption":"Carlos Roberto Sodr\u00e9"},"url":"https:\/\/ubanews.com\/site\/author\/sodre\/"}]}},"_links":{"self":[{"href":"https:\/\/ubanews.com\/site\/wp-json\/wp\/v2\/posts\/22483","targetHints":{"allow":["GET"]}}],"collection":[{"href":"https:\/\/ubanews.com\/site\/wp-json\/wp\/v2\/posts"}],"about":[{"href":"https:\/\/ubanews.com\/site\/wp-json\/wp\/v2\/types\/post"}],"author":[{"embeddable":true,"href":"https:\/\/ubanews.com\/site\/wp-json\/wp\/v2\/users\/4"}],"replies":[{"embeddable":true,"href":"https:\/\/ubanews.com\/site\/wp-json\/wp\/v2\/comments?post=22483"}],"version-history":[{"count":0,"href":"https:\/\/ubanews.com\/site\/wp-json\/wp\/v2\/posts\/22483\/revisions"}],"wp:attachment":[{"href":"https:\/\/ubanews.com\/site\/wp-json\/wp\/v2\/media?parent=22483"}],"wp:term":[{"taxonomy":"category","embeddable":true,"href":"https:\/\/ubanews.com\/site\/wp-json\/wp\/v2\/categories?post=22483"},{"taxonomy":"post_tag","embeddable":true,"href":"https:\/\/ubanews.com\/site\/wp-json\/wp\/v2\/tags?post=22483"}],"curies":[{"name":"wp","href":"https:\/\/api.w.org\/{rel}","templated":true}]}}