{"id":22480,"date":"2023-12-08T11:00:37","date_gmt":"2023-12-08T14:00:37","guid":{"rendered":"http:\/\/ubanews.com\/site\/?p=22480"},"modified":"2023-12-08T10:40:58","modified_gmt":"2023-12-08T13:40:58","slug":"tragedia-em-resende-costa-mg-acidente-entre-van-escolar-e-caminhao-deixa-dois-mortos-e-oito-feridos","status":"publish","type":"post","link":"https:\/\/ubanews.com\/site\/2023\/12\/08\/tragedia-em-resende-costa-mg-acidente-entre-van-escolar-e-caminhao-deixa-dois-mortos-e-oito-feridos\/","title":{"rendered":"Trag\u00e9dia em Resende Costa (MG): Acidente entre van escolar e caminh\u00e3o deixa dois mortos e oito feridos"},"content":{"rendered":"<p>Na manh\u00e3 de quinta-feira, 7 de dezembro, uma colis\u00e3o fatal abalou a comunidade de Resende Costa (MG). Um tr\u00e1gico acidente envolvendo uma van escolar e um caminh\u00e3o resultou na perda irrepar\u00e1vel de Jo\u00e3o Gabriel Soares de Souza, um estudante de 15 anos do IF SUDESTE Campus S\u00e3o Jo\u00e3o Del Rei, e do motorista da van.<\/p>\n<figure id=\"attachment_22468\" aria-describedby=\"caption-attachment-22468\" style=\"width: 550px\" class=\"wp-caption aligncenter\"><img decoding=\"async\" class=\"wp-image-22468 lazyload\" data-src=\"https:\/\/ubanews.com\/site\/wp-content\/uploads\/2023\/12\/whatsapp-image-2023-12-07-at-11.53.07-300x300.webp\" alt=\"\" width=\"550\" height=\"550\" data-srcset=\"https:\/\/ubanews.com\/site\/wp-content\/uploads\/2023\/12\/whatsapp-image-2023-12-07-at-11.53.07-300x300.webp 300w, https:\/\/ubanews.com\/site\/wp-content\/uploads\/2023\/12\/whatsapp-image-2023-12-07-at-11.53.07-150x150.webp 150w, https:\/\/ubanews.com\/site\/wp-content\/uploads\/2023\/12\/whatsapp-image-2023-12-07-at-11.53.07-768x768.webp 768w, https:\/\/ubanews.com\/site\/wp-content\/uploads\/2023\/12\/whatsapp-image-2023-12-07-at-11.53.07-600x600.webp 600w, https:\/\/ubanews.com\/site\/wp-content\/uploads\/2023\/12\/whatsapp-image-2023-12-07-at-11.53.07.webp 1000w\" data-sizes=\"(max-width: 550px) 100vw, 550px\" src=\"data:image\/svg+xml;base64,PHN2ZyB3aWR0aD0iMSIgaGVpZ2h0PSIxIiB4bWxucz0iaHR0cDovL3d3dy53My5vcmcvMjAwMC9zdmciPjwvc3ZnPg==\" style=\"--smush-placeholder-width: 550px; --smush-placeholder-aspect-ratio: 550\/550;\" \/><figcaption id=\"caption-attachment-22468\" class=\"wp-caption-text\">Foto: Instagram\/Reprodu\u00e7\u00e3o<\/figcaption><\/figure>\n<p>Jo\u00e3o Gabriel, aluno do Ensino M\u00e9dio, encontrou um destino tr\u00e1gico no trajeto para a institui\u00e7\u00e3o de ensino. A batida ocorreu na LMG-839, deixando um rastro de como\u00e7\u00e3o e tristeza. O IF SUDESTE emitiu uma declara\u00e7\u00e3o lamentando profundamente a morte do aluno, decretando um luto de tr\u00eas dias em respeito \u00e0 perda.<\/p>\n<figure id=\"attachment_22479\" aria-describedby=\"caption-attachment-22479\" style=\"width: 552px\" class=\"wp-caption aligncenter\"><img decoding=\"async\" class=\"wp-image-22479 lazyload\" data-src=\"https:\/\/ubanews.com\/site\/wp-content\/uploads\/2023\/12\/b5e56fde-8e2b-4dd0-9caf-7906cd63328c-300x168.webp\" alt=\"\" width=\"552\" height=\"309\" data-srcset=\"https:\/\/ubanews.com\/site\/wp-content\/uploads\/2023\/12\/b5e56fde-8e2b-4dd0-9caf-7906cd63328c-300x168.webp 300w, https:\/\/ubanews.com\/site\/wp-content\/uploads\/2023\/12\/b5e56fde-8e2b-4dd0-9caf-7906cd63328c-768x431.webp 768w, https:\/\/ubanews.com\/site\/wp-content\/uploads\/2023\/12\/b5e56fde-8e2b-4dd0-9caf-7906cd63328c.webp 1000w\" data-sizes=\"(max-width: 552px) 100vw, 552px\" src=\"data:image\/svg+xml;base64,PHN2ZyB3aWR0aD0iMSIgaGVpZ2h0PSIxIiB4bWxucz0iaHR0cDovL3d3dy53My5vcmcvMjAwMC9zdmciPjwvc3ZnPg==\" style=\"--smush-placeholder-width: 552px; --smush-placeholder-aspect-ratio: 552\/309;\" \/><figcaption id=\"caption-attachment-22479\" class=\"wp-caption-text\">Foto: IF Sudeste\/Divulga\u00e7\u00e3o<\/figcaption><\/figure>\n<p>O acidente, segundo relatos do Corpo de Bombeiros, ocorreu quando um caminh\u00e3o-betouneira descia a rodovia e tombou sobre a van escolar. O ve\u00edculo de transporte escolar ficou completamente destru\u00eddo, resultando na morte instant\u00e2nea de Jo\u00e3o Gabriel, que n\u00e3o resistiu aos ferimentos.<\/p>\n<figure id=\"attachment_22478\" aria-describedby=\"caption-attachment-22478\" style=\"width: 551px\" class=\"wp-caption aligncenter\"><img decoding=\"async\" class=\"wp-image-22478 lazyload\" data-src=\"https:\/\/ubanews.com\/site\/wp-content\/uploads\/2023\/12\/acidente-sjdr-300x225.webp\" alt=\"\" width=\"551\" height=\"413\" data-srcset=\"https:\/\/ubanews.com\/site\/wp-content\/uploads\/2023\/12\/acidente-sjdr-300x225.webp 300w, https:\/\/ubanews.com\/site\/wp-content\/uploads\/2023\/12\/acidente-sjdr-768x576.webp 768w, https:\/\/ubanews.com\/site\/wp-content\/uploads\/2023\/12\/acidente-sjdr.webp 1000w\" data-sizes=\"(max-width: 551px) 100vw, 551px\" src=\"data:image\/svg+xml;base64,PHN2ZyB3aWR0aD0iMSIgaGVpZ2h0PSIxIiB4bWxucz0iaHR0cDovL3d3dy53My5vcmcvMjAwMC9zdmciPjwvc3ZnPg==\" style=\"--smush-placeholder-width: 551px; --smush-placeholder-aspect-ratio: 551\/413;\" \/><figcaption id=\"caption-attachment-22478\" class=\"wp-caption-text\">Foto: Corpo de Bombeiros\/Divulga\u00e7\u00e3o<\/figcaption><\/figure>\n<figure id=\"attachment_22477\" aria-describedby=\"caption-attachment-22477\" style=\"width: 551px\" class=\"wp-caption aligncenter\"><img decoding=\"async\" class=\"wp-image-22477 lazyload\" data-src=\"https:\/\/ubanews.com\/site\/wp-content\/uploads\/2023\/12\/acidente1-300x225.webp\" alt=\"\" width=\"551\" height=\"413\" data-srcset=\"https:\/\/ubanews.com\/site\/wp-content\/uploads\/2023\/12\/acidente1-300x225.webp 300w, https:\/\/ubanews.com\/site\/wp-content\/uploads\/2023\/12\/acidente1-768x576.webp 768w, https:\/\/ubanews.com\/site\/wp-content\/uploads\/2023\/12\/acidente1.webp 1000w\" data-sizes=\"(max-width: 551px) 100vw, 551px\" src=\"data:image\/svg+xml;base64,PHN2ZyB3aWR0aD0iMSIgaGVpZ2h0PSIxIiB4bWxucz0iaHR0cDovL3d3dy53My5vcmcvMjAwMC9zdmciPjwvc3ZnPg==\" style=\"--smush-placeholder-width: 551px; --smush-placeholder-aspect-ratio: 551\/413;\" \/><figcaption id=\"caption-attachment-22477\" class=\"wp-caption-text\">Foto: Corpo de Bombeiros\/Divulga\u00e7\u00e3o<\/figcaption><\/figure>\n<p>Al\u00e9m das v\u00edtimas fatais, outros sete alunos ficaram feridos no impacto, al\u00e9m do motorista do caminh\u00e3o. O Servi\u00e7o de Atendimento M\u00f3vel de Urg\u00eancia (SAMU) agiu prontamente para socorrer os feridos, transportando-os para hospitais em Resende Costa e S\u00e3o Jo\u00e3o Del Rei.<\/p>\n","protected":false},"excerpt":{"rendered":"<p>Na manh\u00e3 de quinta-feira, 7 de dezembro, uma colis\u00e3o fatal<\/p>\n","protected":false},"author":4,"featured_media":0,"comment_status":"open","ping_status":"open","sticky":false,"template":"","format":"standard","meta":{"footnotes":""},"categories":[1],"tags":[],"class_list":["post-22480","post","type-post","status-publish","format-standard","hentry","category-sem-categoria"],"yoast_head":"<!-- This site is optimized with the Yoast SEO plugin v27.2 - https:\/\/yoast.com\/product\/yoast-seo-wordpress\/ -->\n<title>Trag\u00e9dia em Resende Costa (MG): Acidente entre van escolar e caminh\u00e3o deixa dois mortos e oito feridos - Ub\u00e1 News<\/title>\n<meta name=\"robots\" content=\"index, follow, max-snippet:-1, max-image-preview:large, max-video-preview:-1\" \/>\n<link rel=\"canonical\" href=\"https:\/\/ubanews.com\/site\/2023\/12\/08\/tragedia-em-resende-costa-mg-acidente-entre-van-escolar-e-caminhao-deixa-dois-mortos-e-oito-feridos\/\" \/>\n<meta property=\"og:locale\" content=\"pt_BR\" \/>\n<meta property=\"og:type\" content=\"article\" \/>\n<meta property=\"og:title\" content=\"Trag\u00e9dia em Resende Costa (MG): Acidente entre van escolar e caminh\u00e3o deixa dois mortos e oito feridos - Ub\u00e1 News\" \/>\n<meta property=\"og:description\" content=\"Na manh\u00e3 de quinta-feira, 7 de dezembro, uma colis\u00e3o fatal\" \/>\n<meta property=\"og:url\" content=\"https:\/\/ubanews.com\/site\/2023\/12\/08\/tragedia-em-resende-costa-mg-acidente-entre-van-escolar-e-caminhao-deixa-dois-mortos-e-oito-feridos\/\" \/>\n<meta property=\"og:site_name\" content=\"Ub\u00e1 News\" \/>\n<meta property=\"article:publisher\" content=\"https:\/\/www.facebook.com\/Ub%c3%a1News-Carlos-Roberto-Sodr%c3%a9-418778301977370\" \/>\n<meta property=\"article:published_time\" content=\"2023-12-08T14:00:37+00:00\" \/>\n<meta property=\"og:image\" content=\"http:\/\/ubanews.com\/site\/wp-content\/uploads\/2023\/12\/whatsapp-image-2023-12-07-at-11.53.07-300x300.webp\" \/>\n<meta name=\"author\" content=\"Carlos Roberto Sodr\u00e9\" \/>\n<meta name=\"twitter:card\" content=\"summary_large_image\" \/>\n<meta name=\"twitter:label1\" content=\"Escrito por\" \/>\n\t<meta name=\"twitter:data1\" content=\"Carlos Roberto Sodr\u00e9\" \/>\n\t<meta name=\"twitter:label2\" content=\"Est. tempo de leitura\" \/>\n\t<meta name=\"twitter:data2\" content=\"2 minutos\" \/>\n<script type=\"application\/ld+json\" class=\"yoast-schema-graph\">{\"@context\":\"https:\/\/schema.org\",\"@graph\":[{\"@type\":\"Article\",\"@id\":\"https:\/\/ubanews.com\/site\/2023\/12\/08\/tragedia-em-resende-costa-mg-acidente-entre-van-escolar-e-caminhao-deixa-dois-mortos-e-oito-feridos\/#article\",\"isPartOf\":{\"@id\":\"https:\/\/ubanews.com\/site\/2023\/12\/08\/tragedia-em-resende-costa-mg-acidente-entre-van-escolar-e-caminhao-deixa-dois-mortos-e-oito-feridos\/\"},\"author\":{\"name\":\"Carlos Roberto Sodr\u00e9\",\"@id\":\"https:\/\/ubanews.com\/site\/#\/schema\/person\/9d8da9ec3c8d00640ab6e8c81e103310\"},\"headline\":\"Trag\u00e9dia em Resende Costa (MG): Acidente entre van escolar e caminh\u00e3o deixa dois mortos e oito feridos\",\"datePublished\":\"2023-12-08T14:00:37+00:00\",\"mainEntityOfPage\":{\"@id\":\"https:\/\/ubanews.com\/site\/2023\/12\/08\/tragedia-em-resende-costa-mg-acidente-entre-van-escolar-e-caminhao-deixa-dois-mortos-e-oito-feridos\/\"},\"wordCount\":282,\"commentCount\":0,\"publisher\":{\"@id\":\"https:\/\/ubanews.com\/site\/#organization\"},\"image\":{\"@id\":\"https:\/\/ubanews.com\/site\/2023\/12\/08\/tragedia-em-resende-costa-mg-acidente-entre-van-escolar-e-caminhao-deixa-dois-mortos-e-oito-feridos\/#primaryimage\"},\"thumbnailUrl\":\"http:\/\/ubanews.com\/site\/wp-content\/uploads\/2023\/12\/whatsapp-image-2023-12-07-at-11.53.07-300x300.webp\",\"articleSection\":[\"Geral\"],\"inLanguage\":\"pt-BR\",\"potentialAction\":[{\"@type\":\"CommentAction\",\"name\":\"Comment\",\"target\":[\"https:\/\/ubanews.com\/site\/2023\/12\/08\/tragedia-em-resende-costa-mg-acidente-entre-van-escolar-e-caminhao-deixa-dois-mortos-e-oito-feridos\/#respond\"]}]},{\"@type\":\"WebPage\",\"@id\":\"https:\/\/ubanews.com\/site\/2023\/12\/08\/tragedia-em-resende-costa-mg-acidente-entre-van-escolar-e-caminhao-deixa-dois-mortos-e-oito-feridos\/\",\"url\":\"https:\/\/ubanews.com\/site\/2023\/12\/08\/tragedia-em-resende-costa-mg-acidente-entre-van-escolar-e-caminhao-deixa-dois-mortos-e-oito-feridos\/\",\"name\":\"Trag\u00e9dia em Resende Costa (MG): Acidente entre van escolar e caminh\u00e3o deixa dois mortos e oito feridos - Ub\u00e1 News\",\"isPartOf\":{\"@id\":\"https:\/\/ubanews.com\/site\/#website\"},\"primaryImageOfPage\":{\"@id\":\"https:\/\/ubanews.com\/site\/2023\/12\/08\/tragedia-em-resende-costa-mg-acidente-entre-van-escolar-e-caminhao-deixa-dois-mortos-e-oito-feridos\/#primaryimage\"},\"image\":{\"@id\":\"https:\/\/ubanews.com\/site\/2023\/12\/08\/tragedia-em-resende-costa-mg-acidente-entre-van-escolar-e-caminhao-deixa-dois-mortos-e-oito-feridos\/#primaryimage\"},\"thumbnailUrl\":\"http:\/\/ubanews.com\/site\/wp-content\/uploads\/2023\/12\/whatsapp-image-2023-12-07-at-11.53.07-300x300.webp\",\"datePublished\":\"2023-12-08T14:00:37+00:00\",\"breadcrumb\":{\"@id\":\"https:\/\/ubanews.com\/site\/2023\/12\/08\/tragedia-em-resende-costa-mg-acidente-entre-van-escolar-e-caminhao-deixa-dois-mortos-e-oito-feridos\/#breadcrumb\"},\"inLanguage\":\"pt-BR\",\"potentialAction\":[{\"@type\":\"ReadAction\",\"target\":[\"https:\/\/ubanews.com\/site\/2023\/12\/08\/tragedia-em-resende-costa-mg-acidente-entre-van-escolar-e-caminhao-deixa-dois-mortos-e-oito-feridos\/\"]}]},{\"@type\":\"ImageObject\",\"inLanguage\":\"pt-BR\",\"@id\":\"https:\/\/ubanews.com\/site\/2023\/12\/08\/tragedia-em-resende-costa-mg-acidente-entre-van-escolar-e-caminhao-deixa-dois-mortos-e-oito-feridos\/#primaryimage\",\"url\":\"http:\/\/ubanews.com\/site\/wp-content\/uploads\/2023\/12\/whatsapp-image-2023-12-07-at-11.53.07-300x300.webp\",\"contentUrl\":\"http:\/\/ubanews.com\/site\/wp-content\/uploads\/2023\/12\/whatsapp-image-2023-12-07-at-11.53.07-300x300.webp\"},{\"@type\":\"BreadcrumbList\",\"@id\":\"https:\/\/ubanews.com\/site\/2023\/12\/08\/tragedia-em-resende-costa-mg-acidente-entre-van-escolar-e-caminhao-deixa-dois-mortos-e-oito-feridos\/#breadcrumb\",\"itemListElement\":[{\"@type\":\"ListItem\",\"position\":1,\"name\":\"Home\",\"item\":\"https:\/\/ubanews.com\/site\/\"},{\"@type\":\"ListItem\",\"position\":2,\"name\":\"Trag\u00e9dia em Resende Costa (MG): Acidente entre van escolar e caminh\u00e3o deixa dois mortos e oito feridos\"}]},{\"@type\":\"WebSite\",\"@id\":\"https:\/\/ubanews.com\/site\/#website\",\"url\":\"https:\/\/ubanews.com\/site\/\",\"name\":\"Ub\u00e1 News\",\"description\":\"\",\"publisher\":{\"@id\":\"https:\/\/ubanews.com\/site\/#organization\"},\"potentialAction\":[{\"@type\":\"SearchAction\",\"target\":{\"@type\":\"EntryPoint\",\"urlTemplate\":\"https:\/\/ubanews.com\/site\/?s={search_term_string}\"},\"query-input\":{\"@type\":\"PropertyValueSpecification\",\"valueRequired\":true,\"valueName\":\"search_term_string\"}}],\"inLanguage\":\"pt-BR\"},{\"@type\":\"Organization\",\"@id\":\"https:\/\/ubanews.com\/site\/#organization\",\"name\":\"Ub\u00e1 News\",\"url\":\"https:\/\/ubanews.com\/site\/\",\"logo\":{\"@type\":\"ImageObject\",\"inLanguage\":\"pt-BR\",\"@id\":\"https:\/\/ubanews.com\/site\/#\/schema\/logo\/image\/\",\"url\":\"https:\/\/ubanews.com\/site\/wp-content\/uploads\/2018\/01\/logoubanews.png\",\"contentUrl\":\"https:\/\/ubanews.com\/site\/wp-content\/uploads\/2018\/01\/logoubanews.png\",\"width\":261,\"height\":99,\"caption\":\"Ub\u00e1 News\"},\"image\":{\"@id\":\"https:\/\/ubanews.com\/site\/#\/schema\/logo\/image\/\"},\"sameAs\":[\"https:\/\/www.facebook.com\/Ub\u00e1News-Carlos-Roberto-Sodr\u00e9-418778301977370\"]},{\"@type\":\"Person\",\"@id\":\"https:\/\/ubanews.com\/site\/#\/schema\/person\/9d8da9ec3c8d00640ab6e8c81e103310\",\"name\":\"Carlos Roberto Sodr\u00e9\",\"image\":{\"@type\":\"ImageObject\",\"inLanguage\":\"pt-BR\",\"@id\":\"https:\/\/secure.gravatar.com\/avatar\/aab322e8555b56c468614fafdab8a8f924e394cdc6cfd8232f77e9e4d123a133?s=96&d=mm&r=g\",\"url\":\"https:\/\/secure.gravatar.com\/avatar\/aab322e8555b56c468614fafdab8a8f924e394cdc6cfd8232f77e9e4d123a133?s=96&d=mm&r=g\",\"contentUrl\":\"https:\/\/secure.gravatar.com\/avatar\/aab322e8555b56c468614fafdab8a8f924e394cdc6cfd8232f77e9e4d123a133?s=96&d=mm&r=g\",\"caption\":\"Carlos Roberto Sodr\u00e9\"},\"url\":\"https:\/\/ubanews.com\/site\/author\/sodre\/\"}]}<\/script>\n<!-- \/ Yoast SEO plugin. -->","yoast_head_json":{"title":"Trag\u00e9dia em Resende Costa (MG): Acidente entre van escolar e caminh\u00e3o deixa dois mortos e oito feridos - Ub\u00e1 News","robots":{"index":"index","follow":"follow","max-snippet":"max-snippet:-1","max-image-preview":"max-image-preview:large","max-video-preview":"max-video-preview:-1"},"canonical":"https:\/\/ubanews.com\/site\/2023\/12\/08\/tragedia-em-resende-costa-mg-acidente-entre-van-escolar-e-caminhao-deixa-dois-mortos-e-oito-feridos\/","og_locale":"pt_BR","og_type":"article","og_title":"Trag\u00e9dia em Resende Costa (MG): Acidente entre van escolar e caminh\u00e3o deixa dois mortos e oito feridos - Ub\u00e1 News","og_description":"Na manh\u00e3 de quinta-feira, 7 de dezembro, uma colis\u00e3o fatal","og_url":"https:\/\/ubanews.com\/site\/2023\/12\/08\/tragedia-em-resende-costa-mg-acidente-entre-van-escolar-e-caminhao-deixa-dois-mortos-e-oito-feridos\/","og_site_name":"Ub\u00e1 News","article_publisher":"https:\/\/www.facebook.com\/Ub%c3%a1News-Carlos-Roberto-Sodr%c3%a9-418778301977370","article_published_time":"2023-12-08T14:00:37+00:00","og_image":[{"url":"http:\/\/ubanews.com\/site\/wp-content\/uploads\/2023\/12\/whatsapp-image-2023-12-07-at-11.53.07-300x300.webp","type":"","width":"","height":""}],"author":"Carlos Roberto Sodr\u00e9","twitter_card":"summary_large_image","twitter_misc":{"Escrito por":"Carlos Roberto Sodr\u00e9","Est. tempo de leitura":"2 minutos"},"schema":{"@context":"https:\/\/schema.org","@graph":[{"@type":"Article","@id":"https:\/\/ubanews.com\/site\/2023\/12\/08\/tragedia-em-resende-costa-mg-acidente-entre-van-escolar-e-caminhao-deixa-dois-mortos-e-oito-feridos\/#article","isPartOf":{"@id":"https:\/\/ubanews.com\/site\/2023\/12\/08\/tragedia-em-resende-costa-mg-acidente-entre-van-escolar-e-caminhao-deixa-dois-mortos-e-oito-feridos\/"},"author":{"name":"Carlos Roberto Sodr\u00e9","@id":"https:\/\/ubanews.com\/site\/#\/schema\/person\/9d8da9ec3c8d00640ab6e8c81e103310"},"headline":"Trag\u00e9dia em Resende Costa (MG): Acidente entre van escolar e caminh\u00e3o deixa dois mortos e oito feridos","datePublished":"2023-12-08T14:00:37+00:00","mainEntityOfPage":{"@id":"https:\/\/ubanews.com\/site\/2023\/12\/08\/tragedia-em-resende-costa-mg-acidente-entre-van-escolar-e-caminhao-deixa-dois-mortos-e-oito-feridos\/"},"wordCount":282,"commentCount":0,"publisher":{"@id":"https:\/\/ubanews.com\/site\/#organization"},"image":{"@id":"https:\/\/ubanews.com\/site\/2023\/12\/08\/tragedia-em-resende-costa-mg-acidente-entre-van-escolar-e-caminhao-deixa-dois-mortos-e-oito-feridos\/#primaryimage"},"thumbnailUrl":"http:\/\/ubanews.com\/site\/wp-content\/uploads\/2023\/12\/whatsapp-image-2023-12-07-at-11.53.07-300x300.webp","articleSection":["Geral"],"inLanguage":"pt-BR","potentialAction":[{"@type":"CommentAction","name":"Comment","target":["https:\/\/ubanews.com\/site\/2023\/12\/08\/tragedia-em-resende-costa-mg-acidente-entre-van-escolar-e-caminhao-deixa-dois-mortos-e-oito-feridos\/#respond"]}]},{"@type":"WebPage","@id":"https:\/\/ubanews.com\/site\/2023\/12\/08\/tragedia-em-resende-costa-mg-acidente-entre-van-escolar-e-caminhao-deixa-dois-mortos-e-oito-feridos\/","url":"https:\/\/ubanews.com\/site\/2023\/12\/08\/tragedia-em-resende-costa-mg-acidente-entre-van-escolar-e-caminhao-deixa-dois-mortos-e-oito-feridos\/","name":"Trag\u00e9dia em Resende Costa (MG): Acidente entre van escolar e caminh\u00e3o deixa dois mortos e oito feridos - Ub\u00e1 News","isPartOf":{"@id":"https:\/\/ubanews.com\/site\/#website"},"primaryImageOfPage":{"@id":"https:\/\/ubanews.com\/site\/2023\/12\/08\/tragedia-em-resende-costa-mg-acidente-entre-van-escolar-e-caminhao-deixa-dois-mortos-e-oito-feridos\/#primaryimage"},"image":{"@id":"https:\/\/ubanews.com\/site\/2023\/12\/08\/tragedia-em-resende-costa-mg-acidente-entre-van-escolar-e-caminhao-deixa-dois-mortos-e-oito-feridos\/#primaryimage"},"thumbnailUrl":"http:\/\/ubanews.com\/site\/wp-content\/uploads\/2023\/12\/whatsapp-image-2023-12-07-at-11.53.07-300x300.webp","datePublished":"2023-12-08T14:00:37+00:00","breadcrumb":{"@id":"https:\/\/ubanews.com\/site\/2023\/12\/08\/tragedia-em-resende-costa-mg-acidente-entre-van-escolar-e-caminhao-deixa-dois-mortos-e-oito-feridos\/#breadcrumb"},"inLanguage":"pt-BR","potentialAction":[{"@type":"ReadAction","target":["https:\/\/ubanews.com\/site\/2023\/12\/08\/tragedia-em-resende-costa-mg-acidente-entre-van-escolar-e-caminhao-deixa-dois-mortos-e-oito-feridos\/"]}]},{"@type":"ImageObject","inLanguage":"pt-BR","@id":"https:\/\/ubanews.com\/site\/2023\/12\/08\/tragedia-em-resende-costa-mg-acidente-entre-van-escolar-e-caminhao-deixa-dois-mortos-e-oito-feridos\/#primaryimage","url":"http:\/\/ubanews.com\/site\/wp-content\/uploads\/2023\/12\/whatsapp-image-2023-12-07-at-11.53.07-300x300.webp","contentUrl":"http:\/\/ubanews.com\/site\/wp-content\/uploads\/2023\/12\/whatsapp-image-2023-12-07-at-11.53.07-300x300.webp"},{"@type":"BreadcrumbList","@id":"https:\/\/ubanews.com\/site\/2023\/12\/08\/tragedia-em-resende-costa-mg-acidente-entre-van-escolar-e-caminhao-deixa-dois-mortos-e-oito-feridos\/#breadcrumb","itemListElement":[{"@type":"ListItem","position":1,"name":"Home","item":"https:\/\/ubanews.com\/site\/"},{"@type":"ListItem","position":2,"name":"Trag\u00e9dia em Resende Costa (MG): Acidente entre van escolar e caminh\u00e3o deixa dois mortos e oito feridos"}]},{"@type":"WebSite","@id":"https:\/\/ubanews.com\/site\/#website","url":"https:\/\/ubanews.com\/site\/","name":"Ub\u00e1 News","description":"","publisher":{"@id":"https:\/\/ubanews.com\/site\/#organization"},"potentialAction":[{"@type":"SearchAction","target":{"@type":"EntryPoint","urlTemplate":"https:\/\/ubanews.com\/site\/?s={search_term_string}"},"query-input":{"@type":"PropertyValueSpecification","valueRequired":true,"valueName":"search_term_string"}}],"inLanguage":"pt-BR"},{"@type":"Organization","@id":"https:\/\/ubanews.com\/site\/#organization","name":"Ub\u00e1 News","url":"https:\/\/ubanews.com\/site\/","logo":{"@type":"ImageObject","inLanguage":"pt-BR","@id":"https:\/\/ubanews.com\/site\/#\/schema\/logo\/image\/","url":"https:\/\/ubanews.com\/site\/wp-content\/uploads\/2018\/01\/logoubanews.png","contentUrl":"https:\/\/ubanews.com\/site\/wp-content\/uploads\/2018\/01\/logoubanews.png","width":261,"height":99,"caption":"Ub\u00e1 News"},"image":{"@id":"https:\/\/ubanews.com\/site\/#\/schema\/logo\/image\/"},"sameAs":["https:\/\/www.facebook.com\/Ub\u00e1News-Carlos-Roberto-Sodr\u00e9-418778301977370"]},{"@type":"Person","@id":"https:\/\/ubanews.com\/site\/#\/schema\/person\/9d8da9ec3c8d00640ab6e8c81e103310","name":"Carlos Roberto Sodr\u00e9","image":{"@type":"ImageObject","inLanguage":"pt-BR","@id":"https:\/\/secure.gravatar.com\/avatar\/aab322e8555b56c468614fafdab8a8f924e394cdc6cfd8232f77e9e4d123a133?s=96&d=mm&r=g","url":"https:\/\/secure.gravatar.com\/avatar\/aab322e8555b56c468614fafdab8a8f924e394cdc6cfd8232f77e9e4d123a133?s=96&d=mm&r=g","contentUrl":"https:\/\/secure.gravatar.com\/avatar\/aab322e8555b56c468614fafdab8a8f924e394cdc6cfd8232f77e9e4d123a133?s=96&d=mm&r=g","caption":"Carlos Roberto Sodr\u00e9"},"url":"https:\/\/ubanews.com\/site\/author\/sodre\/"}]}},"_links":{"self":[{"href":"https:\/\/ubanews.com\/site\/wp-json\/wp\/v2\/posts\/22480","targetHints":{"allow":["GET"]}}],"collection":[{"href":"https:\/\/ubanews.com\/site\/wp-json\/wp\/v2\/posts"}],"about":[{"href":"https:\/\/ubanews.com\/site\/wp-json\/wp\/v2\/types\/post"}],"author":[{"embeddable":true,"href":"https:\/\/ubanews.com\/site\/wp-json\/wp\/v2\/users\/4"}],"replies":[{"embeddable":true,"href":"https:\/\/ubanews.com\/site\/wp-json\/wp\/v2\/comments?post=22480"}],"version-history":[{"count":0,"href":"https:\/\/ubanews.com\/site\/wp-json\/wp\/v2\/posts\/22480\/revisions"}],"wp:attachment":[{"href":"https:\/\/ubanews.com\/site\/wp-json\/wp\/v2\/media?parent=22480"}],"wp:term":[{"taxonomy":"category","embeddable":true,"href":"https:\/\/ubanews.com\/site\/wp-json\/wp\/v2\/categories?post=22480"},{"taxonomy":"post_tag","embeddable":true,"href":"https:\/\/ubanews.com\/site\/wp-json\/wp\/v2\/tags?post=22480"}],"curies":[{"name":"wp","href":"https:\/\/api.w.org\/{rel}","templated":true}]}}