{"id":22473,"date":"2023-12-08T09:40:58","date_gmt":"2023-12-08T12:40:58","guid":{"rendered":"http:\/\/ubanews.com\/site\/?p=22473"},"modified":"2023-12-08T09:40:58","modified_gmt":"2023-12-08T12:40:58","slug":"suspeito-de-clonagem-de-veiculo-e-capturado-apos-confronto-com-a-policia-em-barbacena","status":"publish","type":"post","link":"https:\/\/ubanews.com\/site\/2023\/12\/08\/suspeito-de-clonagem-de-veiculo-e-capturado-apos-confronto-com-a-policia-em-barbacena\/","title":{"rendered":"Suspeito de clonagem de ve\u00edculo \u00e9 capturado ap\u00f3s confronto com a Pol\u00edcia em Barbacena"},"content":{"rendered":"<p>Na manh\u00e3 de segunda-feira, 4 de dezembro, a Pol\u00edcia Militar de Minas Gerais (PMMG) prendeu um homem suspeito de clonagem de ve\u00edculo ap\u00f3s receber uma den\u00fancia sobre um carro clonado no bairro \u00c1gua Santa em Barbacena.<\/p>\n<figure id=\"attachment_22463\" aria-describedby=\"caption-attachment-22463\" style=\"width: 552px\" class=\"wp-caption aligncenter\"><img decoding=\"async\" class=\"wp-image-22463 lazyload\" data-src=\"https:\/\/ubanews.com\/site\/wp-content\/uploads\/2023\/12\/crime-300x225.webp\" alt=\"\" width=\"552\" height=\"414\" data-srcset=\"https:\/\/ubanews.com\/site\/wp-content\/uploads\/2023\/12\/crime-300x225.webp 300w, https:\/\/ubanews.com\/site\/wp-content\/uploads\/2023\/12\/crime-768x576.webp 768w, https:\/\/ubanews.com\/site\/wp-content\/uploads\/2023\/12\/crime.webp 1000w\" data-sizes=\"(max-width: 552px) 100vw, 552px\" src=\"data:image\/svg+xml;base64,PHN2ZyB3aWR0aD0iMSIgaGVpZ2h0PSIxIiB4bWxucz0iaHR0cDovL3d3dy53My5vcmcvMjAwMC9zdmciPjwvc3ZnPg==\" style=\"--smush-placeholder-width: 552px; --smush-placeholder-aspect-ratio: 552\/414;\" \/><figcaption id=\"caption-attachment-22463\" class=\"wp-caption-text\">Foto: Pol\u00edcia Militar\/Divulga\u00e7\u00e3o<\/figcaption><\/figure>\n<p>A PMMG, agindo com rapidez, cercou a resid\u00eancia do suspeito. Ao perceber a presen\u00e7a policial, o homem tentou escapar pelos fundos, pelo muro. No entanto, os policiais conseguiram alcan\u00e7\u00e1-lo, resultando em confronto.<\/p>\n<p>Durante a tentativa de fuga, o suspeito agrediu um policial, retirando pedras do pr\u00f3prio muro e arremessando-as. O policial sofreu ferimentos leves, mas, diante da amea\u00e7a, efetuou um disparo, atingindo o suspeito. Em resposta, o homem sacou uma arma, obrigando os policiais a realizarem mais um disparo para neutraliz\u00e1-lo.<\/p>\n<p>O suspeito foi conduzido ao hospital com escoria\u00e7\u00f5es leves e ferimento no bra\u00e7o esquerdo. Na manh\u00e3 seguinte, foi transferido para uma unidade prisional. Durante a opera\u00e7\u00e3o, foi apreendido um ve\u00edculo roubado em Conselheiro Lafaiete (MG) em outubro, que ostentava placas de outro carro registrado no Rio de Janeiro.<\/p>\n<p>Al\u00e9m do ve\u00edculo, as autoridades confiscaram uma arma de calibre 38, muni\u00e7\u00f5es, touca ninja, luvas e pe\u00e7as de roupa encontradas no autom\u00f3vel. A a\u00e7\u00e3o da pol\u00edcia revelou uma rede de clonagem de ve\u00edculos na regi\u00e3o, ressaltando a import\u00e2ncia da colabora\u00e7\u00e3o da comunidade no combate a crimes dessa natureza.<\/p>\n","protected":false},"excerpt":{"rendered":"<p>Na manh\u00e3 de segunda-feira, 4 de dezembro, a Pol\u00edcia Militar<\/p>\n","protected":false},"author":4,"featured_media":0,"comment_status":"open","ping_status":"open","sticky":false,"template":"","format":"standard","meta":{"footnotes":""},"categories":[1],"tags":[],"class_list":["post-22473","post","type-post","status-publish","format-standard","hentry","category-sem-categoria"],"yoast_head":"<!-- This site is optimized with the Yoast SEO plugin v27.2 - https:\/\/yoast.com\/product\/yoast-seo-wordpress\/ -->\n<title>Suspeito de clonagem de ve\u00edculo \u00e9 capturado ap\u00f3s confronto com a Pol\u00edcia em Barbacena - Ub\u00e1 News<\/title>\n<meta name=\"robots\" content=\"index, follow, max-snippet:-1, max-image-preview:large, max-video-preview:-1\" \/>\n<link rel=\"canonical\" href=\"https:\/\/ubanews.com\/site\/2023\/12\/08\/suspeito-de-clonagem-de-veiculo-e-capturado-apos-confronto-com-a-policia-em-barbacena\/\" \/>\n<meta property=\"og:locale\" content=\"pt_BR\" \/>\n<meta property=\"og:type\" content=\"article\" \/>\n<meta property=\"og:title\" content=\"Suspeito de clonagem de ve\u00edculo \u00e9 capturado ap\u00f3s confronto com a Pol\u00edcia em Barbacena - Ub\u00e1 News\" \/>\n<meta property=\"og:description\" content=\"Na manh\u00e3 de segunda-feira, 4 de dezembro, a Pol\u00edcia Militar\" \/>\n<meta property=\"og:url\" content=\"https:\/\/ubanews.com\/site\/2023\/12\/08\/suspeito-de-clonagem-de-veiculo-e-capturado-apos-confronto-com-a-policia-em-barbacena\/\" \/>\n<meta property=\"og:site_name\" content=\"Ub\u00e1 News\" \/>\n<meta property=\"article:publisher\" content=\"https:\/\/www.facebook.com\/Ub%c3%a1News-Carlos-Roberto-Sodr%c3%a9-418778301977370\" \/>\n<meta property=\"article:published_time\" content=\"2023-12-08T12:40:58+00:00\" \/>\n<meta property=\"og:image\" content=\"http:\/\/ubanews.com\/site\/wp-content\/uploads\/2023\/12\/crime-300x225.webp\" \/>\n<meta name=\"author\" content=\"Carlos Roberto Sodr\u00e9\" \/>\n<meta name=\"twitter:card\" content=\"summary_large_image\" \/>\n<meta name=\"twitter:label1\" content=\"Escrito por\" \/>\n\t<meta name=\"twitter:data1\" content=\"Carlos Roberto Sodr\u00e9\" \/>\n\t<meta name=\"twitter:label2\" content=\"Est. tempo de leitura\" \/>\n\t<meta name=\"twitter:data2\" content=\"2 minutos\" \/>\n<script type=\"application\/ld+json\" class=\"yoast-schema-graph\">{\"@context\":\"https:\/\/schema.org\",\"@graph\":[{\"@type\":\"Article\",\"@id\":\"https:\/\/ubanews.com\/site\/2023\/12\/08\/suspeito-de-clonagem-de-veiculo-e-capturado-apos-confronto-com-a-policia-em-barbacena\/#article\",\"isPartOf\":{\"@id\":\"https:\/\/ubanews.com\/site\/2023\/12\/08\/suspeito-de-clonagem-de-veiculo-e-capturado-apos-confronto-com-a-policia-em-barbacena\/\"},\"author\":{\"name\":\"Carlos Roberto Sodr\u00e9\",\"@id\":\"https:\/\/ubanews.com\/site\/#\/schema\/person\/9d8da9ec3c8d00640ab6e8c81e103310\"},\"headline\":\"Suspeito de clonagem de ve\u00edculo \u00e9 capturado ap\u00f3s confronto com a Pol\u00edcia em Barbacena\",\"datePublished\":\"2023-12-08T12:40:58+00:00\",\"mainEntityOfPage\":{\"@id\":\"https:\/\/ubanews.com\/site\/2023\/12\/08\/suspeito-de-clonagem-de-veiculo-e-capturado-apos-confronto-com-a-policia-em-barbacena\/\"},\"wordCount\":265,\"commentCount\":0,\"publisher\":{\"@id\":\"https:\/\/ubanews.com\/site\/#organization\"},\"image\":{\"@id\":\"https:\/\/ubanews.com\/site\/2023\/12\/08\/suspeito-de-clonagem-de-veiculo-e-capturado-apos-confronto-com-a-policia-em-barbacena\/#primaryimage\"},\"thumbnailUrl\":\"http:\/\/ubanews.com\/site\/wp-content\/uploads\/2023\/12\/crime-300x225.webp\",\"articleSection\":[\"Geral\"],\"inLanguage\":\"pt-BR\",\"potentialAction\":[{\"@type\":\"CommentAction\",\"name\":\"Comment\",\"target\":[\"https:\/\/ubanews.com\/site\/2023\/12\/08\/suspeito-de-clonagem-de-veiculo-e-capturado-apos-confronto-com-a-policia-em-barbacena\/#respond\"]}]},{\"@type\":\"WebPage\",\"@id\":\"https:\/\/ubanews.com\/site\/2023\/12\/08\/suspeito-de-clonagem-de-veiculo-e-capturado-apos-confronto-com-a-policia-em-barbacena\/\",\"url\":\"https:\/\/ubanews.com\/site\/2023\/12\/08\/suspeito-de-clonagem-de-veiculo-e-capturado-apos-confronto-com-a-policia-em-barbacena\/\",\"name\":\"Suspeito de clonagem de ve\u00edculo \u00e9 capturado ap\u00f3s confronto com a Pol\u00edcia em Barbacena - Ub\u00e1 News\",\"isPartOf\":{\"@id\":\"https:\/\/ubanews.com\/site\/#website\"},\"primaryImageOfPage\":{\"@id\":\"https:\/\/ubanews.com\/site\/2023\/12\/08\/suspeito-de-clonagem-de-veiculo-e-capturado-apos-confronto-com-a-policia-em-barbacena\/#primaryimage\"},\"image\":{\"@id\":\"https:\/\/ubanews.com\/site\/2023\/12\/08\/suspeito-de-clonagem-de-veiculo-e-capturado-apos-confronto-com-a-policia-em-barbacena\/#primaryimage\"},\"thumbnailUrl\":\"http:\/\/ubanews.com\/site\/wp-content\/uploads\/2023\/12\/crime-300x225.webp\",\"datePublished\":\"2023-12-08T12:40:58+00:00\",\"breadcrumb\":{\"@id\":\"https:\/\/ubanews.com\/site\/2023\/12\/08\/suspeito-de-clonagem-de-veiculo-e-capturado-apos-confronto-com-a-policia-em-barbacena\/#breadcrumb\"},\"inLanguage\":\"pt-BR\",\"potentialAction\":[{\"@type\":\"ReadAction\",\"target\":[\"https:\/\/ubanews.com\/site\/2023\/12\/08\/suspeito-de-clonagem-de-veiculo-e-capturado-apos-confronto-com-a-policia-em-barbacena\/\"]}]},{\"@type\":\"ImageObject\",\"inLanguage\":\"pt-BR\",\"@id\":\"https:\/\/ubanews.com\/site\/2023\/12\/08\/suspeito-de-clonagem-de-veiculo-e-capturado-apos-confronto-com-a-policia-em-barbacena\/#primaryimage\",\"url\":\"http:\/\/ubanews.com\/site\/wp-content\/uploads\/2023\/12\/crime-300x225.webp\",\"contentUrl\":\"http:\/\/ubanews.com\/site\/wp-content\/uploads\/2023\/12\/crime-300x225.webp\"},{\"@type\":\"BreadcrumbList\",\"@id\":\"https:\/\/ubanews.com\/site\/2023\/12\/08\/suspeito-de-clonagem-de-veiculo-e-capturado-apos-confronto-com-a-policia-em-barbacena\/#breadcrumb\",\"itemListElement\":[{\"@type\":\"ListItem\",\"position\":1,\"name\":\"Home\",\"item\":\"https:\/\/ubanews.com\/site\/\"},{\"@type\":\"ListItem\",\"position\":2,\"name\":\"Suspeito de clonagem de ve\u00edculo \u00e9 capturado ap\u00f3s confronto com a Pol\u00edcia em Barbacena\"}]},{\"@type\":\"WebSite\",\"@id\":\"https:\/\/ubanews.com\/site\/#website\",\"url\":\"https:\/\/ubanews.com\/site\/\",\"name\":\"Ub\u00e1 News\",\"description\":\"\",\"publisher\":{\"@id\":\"https:\/\/ubanews.com\/site\/#organization\"},\"potentialAction\":[{\"@type\":\"SearchAction\",\"target\":{\"@type\":\"EntryPoint\",\"urlTemplate\":\"https:\/\/ubanews.com\/site\/?s={search_term_string}\"},\"query-input\":{\"@type\":\"PropertyValueSpecification\",\"valueRequired\":true,\"valueName\":\"search_term_string\"}}],\"inLanguage\":\"pt-BR\"},{\"@type\":\"Organization\",\"@id\":\"https:\/\/ubanews.com\/site\/#organization\",\"name\":\"Ub\u00e1 News\",\"url\":\"https:\/\/ubanews.com\/site\/\",\"logo\":{\"@type\":\"ImageObject\",\"inLanguage\":\"pt-BR\",\"@id\":\"https:\/\/ubanews.com\/site\/#\/schema\/logo\/image\/\",\"url\":\"https:\/\/ubanews.com\/site\/wp-content\/uploads\/2018\/01\/logoubanews.png\",\"contentUrl\":\"https:\/\/ubanews.com\/site\/wp-content\/uploads\/2018\/01\/logoubanews.png\",\"width\":261,\"height\":99,\"caption\":\"Ub\u00e1 News\"},\"image\":{\"@id\":\"https:\/\/ubanews.com\/site\/#\/schema\/logo\/image\/\"},\"sameAs\":[\"https:\/\/www.facebook.com\/Ub\u00e1News-Carlos-Roberto-Sodr\u00e9-418778301977370\"]},{\"@type\":\"Person\",\"@id\":\"https:\/\/ubanews.com\/site\/#\/schema\/person\/9d8da9ec3c8d00640ab6e8c81e103310\",\"name\":\"Carlos Roberto Sodr\u00e9\",\"image\":{\"@type\":\"ImageObject\",\"inLanguage\":\"pt-BR\",\"@id\":\"https:\/\/secure.gravatar.com\/avatar\/aab322e8555b56c468614fafdab8a8f924e394cdc6cfd8232f77e9e4d123a133?s=96&d=mm&r=g\",\"url\":\"https:\/\/secure.gravatar.com\/avatar\/aab322e8555b56c468614fafdab8a8f924e394cdc6cfd8232f77e9e4d123a133?s=96&d=mm&r=g\",\"contentUrl\":\"https:\/\/secure.gravatar.com\/avatar\/aab322e8555b56c468614fafdab8a8f924e394cdc6cfd8232f77e9e4d123a133?s=96&d=mm&r=g\",\"caption\":\"Carlos Roberto Sodr\u00e9\"},\"url\":\"https:\/\/ubanews.com\/site\/author\/sodre\/\"}]}<\/script>\n<!-- \/ Yoast SEO plugin. -->","yoast_head_json":{"title":"Suspeito de clonagem de ve\u00edculo \u00e9 capturado ap\u00f3s confronto com a Pol\u00edcia em Barbacena - Ub\u00e1 News","robots":{"index":"index","follow":"follow","max-snippet":"max-snippet:-1","max-image-preview":"max-image-preview:large","max-video-preview":"max-video-preview:-1"},"canonical":"https:\/\/ubanews.com\/site\/2023\/12\/08\/suspeito-de-clonagem-de-veiculo-e-capturado-apos-confronto-com-a-policia-em-barbacena\/","og_locale":"pt_BR","og_type":"article","og_title":"Suspeito de clonagem de ve\u00edculo \u00e9 capturado ap\u00f3s confronto com a Pol\u00edcia em Barbacena - Ub\u00e1 News","og_description":"Na manh\u00e3 de segunda-feira, 4 de dezembro, a Pol\u00edcia Militar","og_url":"https:\/\/ubanews.com\/site\/2023\/12\/08\/suspeito-de-clonagem-de-veiculo-e-capturado-apos-confronto-com-a-policia-em-barbacena\/","og_site_name":"Ub\u00e1 News","article_publisher":"https:\/\/www.facebook.com\/Ub%c3%a1News-Carlos-Roberto-Sodr%c3%a9-418778301977370","article_published_time":"2023-12-08T12:40:58+00:00","og_image":[{"url":"http:\/\/ubanews.com\/site\/wp-content\/uploads\/2023\/12\/crime-300x225.webp","type":"","width":"","height":""}],"author":"Carlos Roberto Sodr\u00e9","twitter_card":"summary_large_image","twitter_misc":{"Escrito por":"Carlos Roberto Sodr\u00e9","Est. tempo de leitura":"2 minutos"},"schema":{"@context":"https:\/\/schema.org","@graph":[{"@type":"Article","@id":"https:\/\/ubanews.com\/site\/2023\/12\/08\/suspeito-de-clonagem-de-veiculo-e-capturado-apos-confronto-com-a-policia-em-barbacena\/#article","isPartOf":{"@id":"https:\/\/ubanews.com\/site\/2023\/12\/08\/suspeito-de-clonagem-de-veiculo-e-capturado-apos-confronto-com-a-policia-em-barbacena\/"},"author":{"name":"Carlos Roberto Sodr\u00e9","@id":"https:\/\/ubanews.com\/site\/#\/schema\/person\/9d8da9ec3c8d00640ab6e8c81e103310"},"headline":"Suspeito de clonagem de ve\u00edculo \u00e9 capturado ap\u00f3s confronto com a Pol\u00edcia em Barbacena","datePublished":"2023-12-08T12:40:58+00:00","mainEntityOfPage":{"@id":"https:\/\/ubanews.com\/site\/2023\/12\/08\/suspeito-de-clonagem-de-veiculo-e-capturado-apos-confronto-com-a-policia-em-barbacena\/"},"wordCount":265,"commentCount":0,"publisher":{"@id":"https:\/\/ubanews.com\/site\/#organization"},"image":{"@id":"https:\/\/ubanews.com\/site\/2023\/12\/08\/suspeito-de-clonagem-de-veiculo-e-capturado-apos-confronto-com-a-policia-em-barbacena\/#primaryimage"},"thumbnailUrl":"http:\/\/ubanews.com\/site\/wp-content\/uploads\/2023\/12\/crime-300x225.webp","articleSection":["Geral"],"inLanguage":"pt-BR","potentialAction":[{"@type":"CommentAction","name":"Comment","target":["https:\/\/ubanews.com\/site\/2023\/12\/08\/suspeito-de-clonagem-de-veiculo-e-capturado-apos-confronto-com-a-policia-em-barbacena\/#respond"]}]},{"@type":"WebPage","@id":"https:\/\/ubanews.com\/site\/2023\/12\/08\/suspeito-de-clonagem-de-veiculo-e-capturado-apos-confronto-com-a-policia-em-barbacena\/","url":"https:\/\/ubanews.com\/site\/2023\/12\/08\/suspeito-de-clonagem-de-veiculo-e-capturado-apos-confronto-com-a-policia-em-barbacena\/","name":"Suspeito de clonagem de ve\u00edculo \u00e9 capturado ap\u00f3s confronto com a Pol\u00edcia em Barbacena - Ub\u00e1 News","isPartOf":{"@id":"https:\/\/ubanews.com\/site\/#website"},"primaryImageOfPage":{"@id":"https:\/\/ubanews.com\/site\/2023\/12\/08\/suspeito-de-clonagem-de-veiculo-e-capturado-apos-confronto-com-a-policia-em-barbacena\/#primaryimage"},"image":{"@id":"https:\/\/ubanews.com\/site\/2023\/12\/08\/suspeito-de-clonagem-de-veiculo-e-capturado-apos-confronto-com-a-policia-em-barbacena\/#primaryimage"},"thumbnailUrl":"http:\/\/ubanews.com\/site\/wp-content\/uploads\/2023\/12\/crime-300x225.webp","datePublished":"2023-12-08T12:40:58+00:00","breadcrumb":{"@id":"https:\/\/ubanews.com\/site\/2023\/12\/08\/suspeito-de-clonagem-de-veiculo-e-capturado-apos-confronto-com-a-policia-em-barbacena\/#breadcrumb"},"inLanguage":"pt-BR","potentialAction":[{"@type":"ReadAction","target":["https:\/\/ubanews.com\/site\/2023\/12\/08\/suspeito-de-clonagem-de-veiculo-e-capturado-apos-confronto-com-a-policia-em-barbacena\/"]}]},{"@type":"ImageObject","inLanguage":"pt-BR","@id":"https:\/\/ubanews.com\/site\/2023\/12\/08\/suspeito-de-clonagem-de-veiculo-e-capturado-apos-confronto-com-a-policia-em-barbacena\/#primaryimage","url":"http:\/\/ubanews.com\/site\/wp-content\/uploads\/2023\/12\/crime-300x225.webp","contentUrl":"http:\/\/ubanews.com\/site\/wp-content\/uploads\/2023\/12\/crime-300x225.webp"},{"@type":"BreadcrumbList","@id":"https:\/\/ubanews.com\/site\/2023\/12\/08\/suspeito-de-clonagem-de-veiculo-e-capturado-apos-confronto-com-a-policia-em-barbacena\/#breadcrumb","itemListElement":[{"@type":"ListItem","position":1,"name":"Home","item":"https:\/\/ubanews.com\/site\/"},{"@type":"ListItem","position":2,"name":"Suspeito de clonagem de ve\u00edculo \u00e9 capturado ap\u00f3s confronto com a Pol\u00edcia em Barbacena"}]},{"@type":"WebSite","@id":"https:\/\/ubanews.com\/site\/#website","url":"https:\/\/ubanews.com\/site\/","name":"Ub\u00e1 News","description":"","publisher":{"@id":"https:\/\/ubanews.com\/site\/#organization"},"potentialAction":[{"@type":"SearchAction","target":{"@type":"EntryPoint","urlTemplate":"https:\/\/ubanews.com\/site\/?s={search_term_string}"},"query-input":{"@type":"PropertyValueSpecification","valueRequired":true,"valueName":"search_term_string"}}],"inLanguage":"pt-BR"},{"@type":"Organization","@id":"https:\/\/ubanews.com\/site\/#organization","name":"Ub\u00e1 News","url":"https:\/\/ubanews.com\/site\/","logo":{"@type":"ImageObject","inLanguage":"pt-BR","@id":"https:\/\/ubanews.com\/site\/#\/schema\/logo\/image\/","url":"https:\/\/ubanews.com\/site\/wp-content\/uploads\/2018\/01\/logoubanews.png","contentUrl":"https:\/\/ubanews.com\/site\/wp-content\/uploads\/2018\/01\/logoubanews.png","width":261,"height":99,"caption":"Ub\u00e1 News"},"image":{"@id":"https:\/\/ubanews.com\/site\/#\/schema\/logo\/image\/"},"sameAs":["https:\/\/www.facebook.com\/Ub\u00e1News-Carlos-Roberto-Sodr\u00e9-418778301977370"]},{"@type":"Person","@id":"https:\/\/ubanews.com\/site\/#\/schema\/person\/9d8da9ec3c8d00640ab6e8c81e103310","name":"Carlos Roberto Sodr\u00e9","image":{"@type":"ImageObject","inLanguage":"pt-BR","@id":"https:\/\/secure.gravatar.com\/avatar\/aab322e8555b56c468614fafdab8a8f924e394cdc6cfd8232f77e9e4d123a133?s=96&d=mm&r=g","url":"https:\/\/secure.gravatar.com\/avatar\/aab322e8555b56c468614fafdab8a8f924e394cdc6cfd8232f77e9e4d123a133?s=96&d=mm&r=g","contentUrl":"https:\/\/secure.gravatar.com\/avatar\/aab322e8555b56c468614fafdab8a8f924e394cdc6cfd8232f77e9e4d123a133?s=96&d=mm&r=g","caption":"Carlos Roberto Sodr\u00e9"},"url":"https:\/\/ubanews.com\/site\/author\/sodre\/"}]}},"_links":{"self":[{"href":"https:\/\/ubanews.com\/site\/wp-json\/wp\/v2\/posts\/22473","targetHints":{"allow":["GET"]}}],"collection":[{"href":"https:\/\/ubanews.com\/site\/wp-json\/wp\/v2\/posts"}],"about":[{"href":"https:\/\/ubanews.com\/site\/wp-json\/wp\/v2\/types\/post"}],"author":[{"embeddable":true,"href":"https:\/\/ubanews.com\/site\/wp-json\/wp\/v2\/users\/4"}],"replies":[{"embeddable":true,"href":"https:\/\/ubanews.com\/site\/wp-json\/wp\/v2\/comments?post=22473"}],"version-history":[{"count":0,"href":"https:\/\/ubanews.com\/site\/wp-json\/wp\/v2\/posts\/22473\/revisions"}],"wp:attachment":[{"href":"https:\/\/ubanews.com\/site\/wp-json\/wp\/v2\/media?parent=22473"}],"wp:term":[{"taxonomy":"category","embeddable":true,"href":"https:\/\/ubanews.com\/site\/wp-json\/wp\/v2\/categories?post=22473"},{"taxonomy":"post_tag","embeddable":true,"href":"https:\/\/ubanews.com\/site\/wp-json\/wp\/v2\/tags?post=22473"}],"curies":[{"name":"wp","href":"https:\/\/api.w.org\/{rel}","templated":true}]}}