{"id":22455,"date":"2023-12-05T12:00:09","date_gmt":"2023-12-05T15:00:09","guid":{"rendered":"http:\/\/ubanews.com\/site\/?p=22455"},"modified":"2023-12-05T11:10:24","modified_gmt":"2023-12-05T14:10:24","slug":"tragedia-na-mgc-120-saqueadores-atacam-apos-acidente-fatal-com-caminhao-de-gas","status":"publish","type":"post","link":"https:\/\/ubanews.com\/site\/2023\/12\/05\/tragedia-na-mgc-120-saqueadores-atacam-apos-acidente-fatal-com-caminhao-de-gas\/","title":{"rendered":"Trag\u00e9dia na MGC-120: saqueadores atacam ap\u00f3s acidente fatal com caminh\u00e3o de g\u00e1s"},"content":{"rendered":"<p>Uma trag\u00e9dia ocorreu na manh\u00e3 desta segunda-feira, 4 de dezembro, na rodovia MGC-120, entre Leopoldina e Cataguases, quando um caminh\u00e3o transportando botij\u00f5es de g\u00e1s se envolveu em um acidente fatal. O motorista, um homem de 62 anos, chegou a ser socorrido, mas n\u00e3o resistiu aos ferimentos.<\/p>\n<figure id=\"attachment_22454\" aria-describedby=\"caption-attachment-22454\" style=\"width: 552px\" class=\"wp-caption aligncenter\"><img decoding=\"async\" class=\"wp-image-22454 lazyload\" data-src=\"https:\/\/ubanews.com\/site\/wp-content\/uploads\/2023\/12\/caminhao-de-gas-300x195.webp\" alt=\"\" width=\"552\" height=\"359\" data-srcset=\"https:\/\/ubanews.com\/site\/wp-content\/uploads\/2023\/12\/caminhao-de-gas-300x195.webp 300w, https:\/\/ubanews.com\/site\/wp-content\/uploads\/2023\/12\/caminhao-de-gas-768x498.webp 768w, https:\/\/ubanews.com\/site\/wp-content\/uploads\/2023\/12\/caminhao-de-gas.webp 1000w\" data-sizes=\"(max-width: 552px) 100vw, 552px\" src=\"data:image\/svg+xml;base64,PHN2ZyB3aWR0aD0iMSIgaGVpZ2h0PSIxIiB4bWxucz0iaHR0cDovL3d3dy53My5vcmcvMjAwMC9zdmciPjwvc3ZnPg==\" style=\"--smush-placeholder-width: 552px; --smush-placeholder-aspect-ratio: 552\/359;\" \/><figcaption id=\"caption-attachment-22454\" class=\"wp-caption-text\">Foto: Corpo de Bombeiros<\/figcaption><\/figure>\n<p>O acidente desencadeou um cen\u00e1rio sombrio, quando um grupo de aproximadamente dez pessoas atacou o local do acidente. O auxiliar de viagem, que felizmente n\u00e3o morreu no acidente e era respons\u00e1vel pela carga do caminh\u00e3o, foi agredido pelo grupo que chegou em tr\u00eas ve\u00edculos.<\/p>\n<figure id=\"attachment_22453\" aria-describedby=\"caption-attachment-22453\" style=\"width: 414px\" class=\"wp-caption aligncenter\"><img decoding=\"async\" class=\"wp-image-22453 lazyload\" data-src=\"https:\/\/ubanews.com\/site\/wp-content\/uploads\/2023\/12\/botijao-225x300.webp\" alt=\"\" width=\"414\" height=\"552\" data-srcset=\"https:\/\/ubanews.com\/site\/wp-content\/uploads\/2023\/12\/botijao-225x300.webp 225w, https:\/\/ubanews.com\/site\/wp-content\/uploads\/2023\/12\/botijao-768x1024.webp 768w, https:\/\/ubanews.com\/site\/wp-content\/uploads\/2023\/12\/botijao.webp 1000w\" data-sizes=\"(max-width: 414px) 100vw, 414px\" src=\"data:image\/svg+xml;base64,PHN2ZyB3aWR0aD0iMSIgaGVpZ2h0PSIxIiB4bWxucz0iaHR0cDovL3d3dy53My5vcmcvMjAwMC9zdmciPjwvc3ZnPg==\" style=\"--smush-placeholder-width: 414px; --smush-placeholder-aspect-ratio: 414\/552;\" \/><figcaption id=\"caption-attachment-22453\" class=\"wp-caption-text\">Foto: Pol\u00edcia Militar\/Divulga\u00e7\u00e3o<\/figcaption><\/figure>\n<p>A Pol\u00edcia Militar foi acionada pelo auxiliar de viagem e, ao chegar ao local, deparou-se com a cena de saque ao ve\u00edculo acidentado. O ataque resultou na deten\u00e7\u00e3o de quatro homens, com idades de 42, 40, 25 e 20 anos, suspeitos de participa\u00e7\u00e3o no saque.<\/p>\n<p>As autoridades locais lamentam n\u00e3o apenas a perda do motorista, mas tamb\u00e9m condenam veementemente a viol\u00eancia e o comportamento criminoso exibido pelo grupo de saqueadores. O caso est\u00e1 em investiga\u00e7\u00e3o para esclarecer os detalhes do ocorrido e responsabilizar os envolvidos.<\/p>\n","protected":false},"excerpt":{"rendered":"<p>Uma trag\u00e9dia ocorreu na manh\u00e3 desta segunda-feira, 4 de dezembro,<\/p>\n","protected":false},"author":4,"featured_media":0,"comment_status":"open","ping_status":"open","sticky":false,"template":"","format":"standard","meta":{"footnotes":""},"categories":[1],"tags":[],"class_list":["post-22455","post","type-post","status-publish","format-standard","hentry","category-sem-categoria"],"yoast_head":"<!-- This site is optimized with the Yoast SEO plugin v27.2 - https:\/\/yoast.com\/product\/yoast-seo-wordpress\/ -->\n<title>Trag\u00e9dia na MGC-120: saqueadores atacam ap\u00f3s acidente fatal com caminh\u00e3o de g\u00e1s - Ub\u00e1 News<\/title>\n<meta name=\"robots\" content=\"index, follow, max-snippet:-1, max-image-preview:large, max-video-preview:-1\" \/>\n<link rel=\"canonical\" href=\"https:\/\/ubanews.com\/site\/2023\/12\/05\/tragedia-na-mgc-120-saqueadores-atacam-apos-acidente-fatal-com-caminhao-de-gas\/\" \/>\n<meta property=\"og:locale\" content=\"pt_BR\" \/>\n<meta property=\"og:type\" content=\"article\" \/>\n<meta property=\"og:title\" content=\"Trag\u00e9dia na MGC-120: saqueadores atacam ap\u00f3s acidente fatal com caminh\u00e3o de g\u00e1s - Ub\u00e1 News\" \/>\n<meta property=\"og:description\" content=\"Uma trag\u00e9dia ocorreu na manh\u00e3 desta segunda-feira, 4 de dezembro,\" \/>\n<meta property=\"og:url\" content=\"https:\/\/ubanews.com\/site\/2023\/12\/05\/tragedia-na-mgc-120-saqueadores-atacam-apos-acidente-fatal-com-caminhao-de-gas\/\" \/>\n<meta property=\"og:site_name\" content=\"Ub\u00e1 News\" \/>\n<meta property=\"article:publisher\" content=\"https:\/\/www.facebook.com\/Ub%c3%a1News-Carlos-Roberto-Sodr%c3%a9-418778301977370\" \/>\n<meta property=\"article:published_time\" content=\"2023-12-05T15:00:09+00:00\" \/>\n<meta property=\"og:image\" content=\"http:\/\/ubanews.com\/site\/wp-content\/uploads\/2023\/12\/caminhao-de-gas-300x195.webp\" \/>\n<meta name=\"author\" content=\"Carlos Roberto Sodr\u00e9\" \/>\n<meta name=\"twitter:card\" content=\"summary_large_image\" \/>\n<meta name=\"twitter:label1\" content=\"Escrito por\" \/>\n\t<meta name=\"twitter:data1\" content=\"Carlos Roberto Sodr\u00e9\" \/>\n\t<meta name=\"twitter:label2\" content=\"Est. tempo de leitura\" \/>\n\t<meta name=\"twitter:data2\" content=\"2 minutos\" \/>\n<script type=\"application\/ld+json\" class=\"yoast-schema-graph\">{\"@context\":\"https:\/\/schema.org\",\"@graph\":[{\"@type\":\"Article\",\"@id\":\"https:\/\/ubanews.com\/site\/2023\/12\/05\/tragedia-na-mgc-120-saqueadores-atacam-apos-acidente-fatal-com-caminhao-de-gas\/#article\",\"isPartOf\":{\"@id\":\"https:\/\/ubanews.com\/site\/2023\/12\/05\/tragedia-na-mgc-120-saqueadores-atacam-apos-acidente-fatal-com-caminhao-de-gas\/\"},\"author\":{\"name\":\"Carlos Roberto Sodr\u00e9\",\"@id\":\"https:\/\/ubanews.com\/site\/#\/schema\/person\/9d8da9ec3c8d00640ab6e8c81e103310\"},\"headline\":\"Trag\u00e9dia na MGC-120: saqueadores atacam ap\u00f3s acidente fatal com caminh\u00e3o de g\u00e1s\",\"datePublished\":\"2023-12-05T15:00:09+00:00\",\"mainEntityOfPage\":{\"@id\":\"https:\/\/ubanews.com\/site\/2023\/12\/05\/tragedia-na-mgc-120-saqueadores-atacam-apos-acidente-fatal-com-caminhao-de-gas\/\"},\"wordCount\":228,\"commentCount\":0,\"publisher\":{\"@id\":\"https:\/\/ubanews.com\/site\/#organization\"},\"image\":{\"@id\":\"https:\/\/ubanews.com\/site\/2023\/12\/05\/tragedia-na-mgc-120-saqueadores-atacam-apos-acidente-fatal-com-caminhao-de-gas\/#primaryimage\"},\"thumbnailUrl\":\"http:\/\/ubanews.com\/site\/wp-content\/uploads\/2023\/12\/caminhao-de-gas-300x195.webp\",\"articleSection\":[\"Geral\"],\"inLanguage\":\"pt-BR\",\"potentialAction\":[{\"@type\":\"CommentAction\",\"name\":\"Comment\",\"target\":[\"https:\/\/ubanews.com\/site\/2023\/12\/05\/tragedia-na-mgc-120-saqueadores-atacam-apos-acidente-fatal-com-caminhao-de-gas\/#respond\"]}]},{\"@type\":\"WebPage\",\"@id\":\"https:\/\/ubanews.com\/site\/2023\/12\/05\/tragedia-na-mgc-120-saqueadores-atacam-apos-acidente-fatal-com-caminhao-de-gas\/\",\"url\":\"https:\/\/ubanews.com\/site\/2023\/12\/05\/tragedia-na-mgc-120-saqueadores-atacam-apos-acidente-fatal-com-caminhao-de-gas\/\",\"name\":\"Trag\u00e9dia na MGC-120: saqueadores atacam ap\u00f3s acidente fatal com caminh\u00e3o de g\u00e1s - Ub\u00e1 News\",\"isPartOf\":{\"@id\":\"https:\/\/ubanews.com\/site\/#website\"},\"primaryImageOfPage\":{\"@id\":\"https:\/\/ubanews.com\/site\/2023\/12\/05\/tragedia-na-mgc-120-saqueadores-atacam-apos-acidente-fatal-com-caminhao-de-gas\/#primaryimage\"},\"image\":{\"@id\":\"https:\/\/ubanews.com\/site\/2023\/12\/05\/tragedia-na-mgc-120-saqueadores-atacam-apos-acidente-fatal-com-caminhao-de-gas\/#primaryimage\"},\"thumbnailUrl\":\"http:\/\/ubanews.com\/site\/wp-content\/uploads\/2023\/12\/caminhao-de-gas-300x195.webp\",\"datePublished\":\"2023-12-05T15:00:09+00:00\",\"breadcrumb\":{\"@id\":\"https:\/\/ubanews.com\/site\/2023\/12\/05\/tragedia-na-mgc-120-saqueadores-atacam-apos-acidente-fatal-com-caminhao-de-gas\/#breadcrumb\"},\"inLanguage\":\"pt-BR\",\"potentialAction\":[{\"@type\":\"ReadAction\",\"target\":[\"https:\/\/ubanews.com\/site\/2023\/12\/05\/tragedia-na-mgc-120-saqueadores-atacam-apos-acidente-fatal-com-caminhao-de-gas\/\"]}]},{\"@type\":\"ImageObject\",\"inLanguage\":\"pt-BR\",\"@id\":\"https:\/\/ubanews.com\/site\/2023\/12\/05\/tragedia-na-mgc-120-saqueadores-atacam-apos-acidente-fatal-com-caminhao-de-gas\/#primaryimage\",\"url\":\"http:\/\/ubanews.com\/site\/wp-content\/uploads\/2023\/12\/caminhao-de-gas-300x195.webp\",\"contentUrl\":\"http:\/\/ubanews.com\/site\/wp-content\/uploads\/2023\/12\/caminhao-de-gas-300x195.webp\"},{\"@type\":\"BreadcrumbList\",\"@id\":\"https:\/\/ubanews.com\/site\/2023\/12\/05\/tragedia-na-mgc-120-saqueadores-atacam-apos-acidente-fatal-com-caminhao-de-gas\/#breadcrumb\",\"itemListElement\":[{\"@type\":\"ListItem\",\"position\":1,\"name\":\"Home\",\"item\":\"https:\/\/ubanews.com\/site\/\"},{\"@type\":\"ListItem\",\"position\":2,\"name\":\"Trag\u00e9dia na MGC-120: saqueadores atacam ap\u00f3s acidente fatal com caminh\u00e3o de g\u00e1s\"}]},{\"@type\":\"WebSite\",\"@id\":\"https:\/\/ubanews.com\/site\/#website\",\"url\":\"https:\/\/ubanews.com\/site\/\",\"name\":\"Ub\u00e1 News\",\"description\":\"\",\"publisher\":{\"@id\":\"https:\/\/ubanews.com\/site\/#organization\"},\"potentialAction\":[{\"@type\":\"SearchAction\",\"target\":{\"@type\":\"EntryPoint\",\"urlTemplate\":\"https:\/\/ubanews.com\/site\/?s={search_term_string}\"},\"query-input\":{\"@type\":\"PropertyValueSpecification\",\"valueRequired\":true,\"valueName\":\"search_term_string\"}}],\"inLanguage\":\"pt-BR\"},{\"@type\":\"Organization\",\"@id\":\"https:\/\/ubanews.com\/site\/#organization\",\"name\":\"Ub\u00e1 News\",\"url\":\"https:\/\/ubanews.com\/site\/\",\"logo\":{\"@type\":\"ImageObject\",\"inLanguage\":\"pt-BR\",\"@id\":\"https:\/\/ubanews.com\/site\/#\/schema\/logo\/image\/\",\"url\":\"https:\/\/ubanews.com\/site\/wp-content\/uploads\/2018\/01\/logoubanews.png\",\"contentUrl\":\"https:\/\/ubanews.com\/site\/wp-content\/uploads\/2018\/01\/logoubanews.png\",\"width\":261,\"height\":99,\"caption\":\"Ub\u00e1 News\"},\"image\":{\"@id\":\"https:\/\/ubanews.com\/site\/#\/schema\/logo\/image\/\"},\"sameAs\":[\"https:\/\/www.facebook.com\/Ub\u00e1News-Carlos-Roberto-Sodr\u00e9-418778301977370\"]},{\"@type\":\"Person\",\"@id\":\"https:\/\/ubanews.com\/site\/#\/schema\/person\/9d8da9ec3c8d00640ab6e8c81e103310\",\"name\":\"Carlos Roberto Sodr\u00e9\",\"image\":{\"@type\":\"ImageObject\",\"inLanguage\":\"pt-BR\",\"@id\":\"https:\/\/secure.gravatar.com\/avatar\/aab322e8555b56c468614fafdab8a8f924e394cdc6cfd8232f77e9e4d123a133?s=96&d=mm&r=g\",\"url\":\"https:\/\/secure.gravatar.com\/avatar\/aab322e8555b56c468614fafdab8a8f924e394cdc6cfd8232f77e9e4d123a133?s=96&d=mm&r=g\",\"contentUrl\":\"https:\/\/secure.gravatar.com\/avatar\/aab322e8555b56c468614fafdab8a8f924e394cdc6cfd8232f77e9e4d123a133?s=96&d=mm&r=g\",\"caption\":\"Carlos Roberto Sodr\u00e9\"},\"url\":\"https:\/\/ubanews.com\/site\/author\/sodre\/\"}]}<\/script>\n<!-- \/ Yoast SEO plugin. -->","yoast_head_json":{"title":"Trag\u00e9dia na MGC-120: saqueadores atacam ap\u00f3s acidente fatal com caminh\u00e3o de g\u00e1s - Ub\u00e1 News","robots":{"index":"index","follow":"follow","max-snippet":"max-snippet:-1","max-image-preview":"max-image-preview:large","max-video-preview":"max-video-preview:-1"},"canonical":"https:\/\/ubanews.com\/site\/2023\/12\/05\/tragedia-na-mgc-120-saqueadores-atacam-apos-acidente-fatal-com-caminhao-de-gas\/","og_locale":"pt_BR","og_type":"article","og_title":"Trag\u00e9dia na MGC-120: saqueadores atacam ap\u00f3s acidente fatal com caminh\u00e3o de g\u00e1s - Ub\u00e1 News","og_description":"Uma trag\u00e9dia ocorreu na manh\u00e3 desta segunda-feira, 4 de dezembro,","og_url":"https:\/\/ubanews.com\/site\/2023\/12\/05\/tragedia-na-mgc-120-saqueadores-atacam-apos-acidente-fatal-com-caminhao-de-gas\/","og_site_name":"Ub\u00e1 News","article_publisher":"https:\/\/www.facebook.com\/Ub%c3%a1News-Carlos-Roberto-Sodr%c3%a9-418778301977370","article_published_time":"2023-12-05T15:00:09+00:00","og_image":[{"url":"http:\/\/ubanews.com\/site\/wp-content\/uploads\/2023\/12\/caminhao-de-gas-300x195.webp","type":"","width":"","height":""}],"author":"Carlos Roberto Sodr\u00e9","twitter_card":"summary_large_image","twitter_misc":{"Escrito por":"Carlos Roberto Sodr\u00e9","Est. tempo de leitura":"2 minutos"},"schema":{"@context":"https:\/\/schema.org","@graph":[{"@type":"Article","@id":"https:\/\/ubanews.com\/site\/2023\/12\/05\/tragedia-na-mgc-120-saqueadores-atacam-apos-acidente-fatal-com-caminhao-de-gas\/#article","isPartOf":{"@id":"https:\/\/ubanews.com\/site\/2023\/12\/05\/tragedia-na-mgc-120-saqueadores-atacam-apos-acidente-fatal-com-caminhao-de-gas\/"},"author":{"name":"Carlos Roberto Sodr\u00e9","@id":"https:\/\/ubanews.com\/site\/#\/schema\/person\/9d8da9ec3c8d00640ab6e8c81e103310"},"headline":"Trag\u00e9dia na MGC-120: saqueadores atacam ap\u00f3s acidente fatal com caminh\u00e3o de g\u00e1s","datePublished":"2023-12-05T15:00:09+00:00","mainEntityOfPage":{"@id":"https:\/\/ubanews.com\/site\/2023\/12\/05\/tragedia-na-mgc-120-saqueadores-atacam-apos-acidente-fatal-com-caminhao-de-gas\/"},"wordCount":228,"commentCount":0,"publisher":{"@id":"https:\/\/ubanews.com\/site\/#organization"},"image":{"@id":"https:\/\/ubanews.com\/site\/2023\/12\/05\/tragedia-na-mgc-120-saqueadores-atacam-apos-acidente-fatal-com-caminhao-de-gas\/#primaryimage"},"thumbnailUrl":"http:\/\/ubanews.com\/site\/wp-content\/uploads\/2023\/12\/caminhao-de-gas-300x195.webp","articleSection":["Geral"],"inLanguage":"pt-BR","potentialAction":[{"@type":"CommentAction","name":"Comment","target":["https:\/\/ubanews.com\/site\/2023\/12\/05\/tragedia-na-mgc-120-saqueadores-atacam-apos-acidente-fatal-com-caminhao-de-gas\/#respond"]}]},{"@type":"WebPage","@id":"https:\/\/ubanews.com\/site\/2023\/12\/05\/tragedia-na-mgc-120-saqueadores-atacam-apos-acidente-fatal-com-caminhao-de-gas\/","url":"https:\/\/ubanews.com\/site\/2023\/12\/05\/tragedia-na-mgc-120-saqueadores-atacam-apos-acidente-fatal-com-caminhao-de-gas\/","name":"Trag\u00e9dia na MGC-120: saqueadores atacam ap\u00f3s acidente fatal com caminh\u00e3o de g\u00e1s - Ub\u00e1 News","isPartOf":{"@id":"https:\/\/ubanews.com\/site\/#website"},"primaryImageOfPage":{"@id":"https:\/\/ubanews.com\/site\/2023\/12\/05\/tragedia-na-mgc-120-saqueadores-atacam-apos-acidente-fatal-com-caminhao-de-gas\/#primaryimage"},"image":{"@id":"https:\/\/ubanews.com\/site\/2023\/12\/05\/tragedia-na-mgc-120-saqueadores-atacam-apos-acidente-fatal-com-caminhao-de-gas\/#primaryimage"},"thumbnailUrl":"http:\/\/ubanews.com\/site\/wp-content\/uploads\/2023\/12\/caminhao-de-gas-300x195.webp","datePublished":"2023-12-05T15:00:09+00:00","breadcrumb":{"@id":"https:\/\/ubanews.com\/site\/2023\/12\/05\/tragedia-na-mgc-120-saqueadores-atacam-apos-acidente-fatal-com-caminhao-de-gas\/#breadcrumb"},"inLanguage":"pt-BR","potentialAction":[{"@type":"ReadAction","target":["https:\/\/ubanews.com\/site\/2023\/12\/05\/tragedia-na-mgc-120-saqueadores-atacam-apos-acidente-fatal-com-caminhao-de-gas\/"]}]},{"@type":"ImageObject","inLanguage":"pt-BR","@id":"https:\/\/ubanews.com\/site\/2023\/12\/05\/tragedia-na-mgc-120-saqueadores-atacam-apos-acidente-fatal-com-caminhao-de-gas\/#primaryimage","url":"http:\/\/ubanews.com\/site\/wp-content\/uploads\/2023\/12\/caminhao-de-gas-300x195.webp","contentUrl":"http:\/\/ubanews.com\/site\/wp-content\/uploads\/2023\/12\/caminhao-de-gas-300x195.webp"},{"@type":"BreadcrumbList","@id":"https:\/\/ubanews.com\/site\/2023\/12\/05\/tragedia-na-mgc-120-saqueadores-atacam-apos-acidente-fatal-com-caminhao-de-gas\/#breadcrumb","itemListElement":[{"@type":"ListItem","position":1,"name":"Home","item":"https:\/\/ubanews.com\/site\/"},{"@type":"ListItem","position":2,"name":"Trag\u00e9dia na MGC-120: saqueadores atacam ap\u00f3s acidente fatal com caminh\u00e3o de g\u00e1s"}]},{"@type":"WebSite","@id":"https:\/\/ubanews.com\/site\/#website","url":"https:\/\/ubanews.com\/site\/","name":"Ub\u00e1 News","description":"","publisher":{"@id":"https:\/\/ubanews.com\/site\/#organization"},"potentialAction":[{"@type":"SearchAction","target":{"@type":"EntryPoint","urlTemplate":"https:\/\/ubanews.com\/site\/?s={search_term_string}"},"query-input":{"@type":"PropertyValueSpecification","valueRequired":true,"valueName":"search_term_string"}}],"inLanguage":"pt-BR"},{"@type":"Organization","@id":"https:\/\/ubanews.com\/site\/#organization","name":"Ub\u00e1 News","url":"https:\/\/ubanews.com\/site\/","logo":{"@type":"ImageObject","inLanguage":"pt-BR","@id":"https:\/\/ubanews.com\/site\/#\/schema\/logo\/image\/","url":"https:\/\/ubanews.com\/site\/wp-content\/uploads\/2018\/01\/logoubanews.png","contentUrl":"https:\/\/ubanews.com\/site\/wp-content\/uploads\/2018\/01\/logoubanews.png","width":261,"height":99,"caption":"Ub\u00e1 News"},"image":{"@id":"https:\/\/ubanews.com\/site\/#\/schema\/logo\/image\/"},"sameAs":["https:\/\/www.facebook.com\/Ub\u00e1News-Carlos-Roberto-Sodr\u00e9-418778301977370"]},{"@type":"Person","@id":"https:\/\/ubanews.com\/site\/#\/schema\/person\/9d8da9ec3c8d00640ab6e8c81e103310","name":"Carlos Roberto Sodr\u00e9","image":{"@type":"ImageObject","inLanguage":"pt-BR","@id":"https:\/\/secure.gravatar.com\/avatar\/aab322e8555b56c468614fafdab8a8f924e394cdc6cfd8232f77e9e4d123a133?s=96&d=mm&r=g","url":"https:\/\/secure.gravatar.com\/avatar\/aab322e8555b56c468614fafdab8a8f924e394cdc6cfd8232f77e9e4d123a133?s=96&d=mm&r=g","contentUrl":"https:\/\/secure.gravatar.com\/avatar\/aab322e8555b56c468614fafdab8a8f924e394cdc6cfd8232f77e9e4d123a133?s=96&d=mm&r=g","caption":"Carlos Roberto Sodr\u00e9"},"url":"https:\/\/ubanews.com\/site\/author\/sodre\/"}]}},"_links":{"self":[{"href":"https:\/\/ubanews.com\/site\/wp-json\/wp\/v2\/posts\/22455","targetHints":{"allow":["GET"]}}],"collection":[{"href":"https:\/\/ubanews.com\/site\/wp-json\/wp\/v2\/posts"}],"about":[{"href":"https:\/\/ubanews.com\/site\/wp-json\/wp\/v2\/types\/post"}],"author":[{"embeddable":true,"href":"https:\/\/ubanews.com\/site\/wp-json\/wp\/v2\/users\/4"}],"replies":[{"embeddable":true,"href":"https:\/\/ubanews.com\/site\/wp-json\/wp\/v2\/comments?post=22455"}],"version-history":[{"count":0,"href":"https:\/\/ubanews.com\/site\/wp-json\/wp\/v2\/posts\/22455\/revisions"}],"wp:attachment":[{"href":"https:\/\/ubanews.com\/site\/wp-json\/wp\/v2\/media?parent=22455"}],"wp:term":[{"taxonomy":"category","embeddable":true,"href":"https:\/\/ubanews.com\/site\/wp-json\/wp\/v2\/categories?post=22455"},{"taxonomy":"post_tag","embeddable":true,"href":"https:\/\/ubanews.com\/site\/wp-json\/wp\/v2\/tags?post=22455"}],"curies":[{"name":"wp","href":"https:\/\/api.w.org\/{rel}","templated":true}]}}