{"id":22423,"date":"2023-12-01T17:00:54","date_gmt":"2023-12-01T20:00:54","guid":{"rendered":"http:\/\/ubanews.com\/site\/?p=22423"},"modified":"2023-12-01T12:37:06","modified_gmt":"2023-12-01T15:37:06","slug":"pai-e-filho-sob-investigacao-por-esquema-de-desmanche-de-veiculos-em-barbacena","status":"publish","type":"post","link":"https:\/\/ubanews.com\/site\/2023\/12\/01\/pai-e-filho-sob-investigacao-por-esquema-de-desmanche-de-veiculos-em-barbacena\/","title":{"rendered":"Pai e filho sob investiga\u00e7\u00e3o por esquema de desmanche de ve\u00edculos em Barbacena"},"content":{"rendered":"<p>Em uma opera\u00e7\u00e3o conjunta na \u00faltima quarta-feira, 29 de novembro, a Pol\u00edcia Civil desmantelou um esquema de desmanche de ve\u00edculos envolvendo um pai e seu filho, na cidade de Barbacena. As autoridades realizaram a apreens\u00e3o de 60 centrais eletr\u00f4nicas, um autom\u00f3vel com partes cortadas, duas partes de ve\u00edculos n\u00e3o identificadas e uma esmerilhadeira, supostamente utilizada para realizar os cortes nos carros.<\/p>\n<figure id=\"attachment_22419\" aria-describedby=\"caption-attachment-22419\" style=\"width: 552px\" class=\"wp-caption aligncenter\"><img decoding=\"async\" class=\"wp-image-22419 lazyload\" data-src=\"https:\/\/ubanews.com\/site\/wp-content\/uploads\/2023\/12\/desmanche-300x236.webp\" alt=\"\" width=\"552\" height=\"434\" data-srcset=\"https:\/\/ubanews.com\/site\/wp-content\/uploads\/2023\/12\/desmanche-300x236.webp 300w, https:\/\/ubanews.com\/site\/wp-content\/uploads\/2023\/12\/desmanche-768x605.webp 768w, https:\/\/ubanews.com\/site\/wp-content\/uploads\/2023\/12\/desmanche.webp 1000w\" data-sizes=\"(max-width: 552px) 100vw, 552px\" src=\"data:image\/svg+xml;base64,PHN2ZyB3aWR0aD0iMSIgaGVpZ2h0PSIxIiB4bWxucz0iaHR0cDovL3d3dy53My5vcmcvMjAwMC9zdmciPjwvc3ZnPg==\" style=\"--smush-placeholder-width: 552px; --smush-placeholder-aspect-ratio: 552\/434;\" \/><figcaption id=\"caption-attachment-22419\" class=\"wp-caption-text\">Foto: Pol\u00edcia Civil\/Divulga\u00e7\u00e3o<\/figcaption><\/figure>\n<p>Al\u00e9m dos materiais relacionados ao desmanche, foram encontrados mais de R$ 30 mil em dinheiro e cheques durante a busca. A investiga\u00e7\u00e3o aponta para uma poss\u00edvel rede criminosa dedicada ao desmonte ilegal de ve\u00edculos na regi\u00e3o.<\/p>\n<p>&nbsp;<\/p>\n","protected":false},"excerpt":{"rendered":"<p>Em uma opera\u00e7\u00e3o conjunta na \u00faltima quarta-feira, 29 de novembro,<\/p>\n","protected":false},"author":4,"featured_media":0,"comment_status":"open","ping_status":"open","sticky":false,"template":"","format":"standard","meta":{"footnotes":""},"categories":[1],"tags":[],"class_list":["post-22423","post","type-post","status-publish","format-standard","hentry","category-sem-categoria"],"yoast_head":"<!-- This site is optimized with the Yoast SEO plugin v27.2 - https:\/\/yoast.com\/product\/yoast-seo-wordpress\/ -->\n<title>Pai e filho sob investiga\u00e7\u00e3o por esquema de desmanche de ve\u00edculos em Barbacena - Ub\u00e1 News<\/title>\n<meta name=\"robots\" content=\"index, follow, max-snippet:-1, max-image-preview:large, max-video-preview:-1\" \/>\n<link rel=\"canonical\" href=\"https:\/\/ubanews.com\/site\/2023\/12\/01\/pai-e-filho-sob-investigacao-por-esquema-de-desmanche-de-veiculos-em-barbacena\/\" \/>\n<meta property=\"og:locale\" content=\"pt_BR\" \/>\n<meta property=\"og:type\" content=\"article\" \/>\n<meta property=\"og:title\" content=\"Pai e filho sob investiga\u00e7\u00e3o por esquema de desmanche de ve\u00edculos em Barbacena - Ub\u00e1 News\" \/>\n<meta property=\"og:description\" content=\"Em uma opera\u00e7\u00e3o conjunta na \u00faltima quarta-feira, 29 de novembro,\" \/>\n<meta property=\"og:url\" content=\"https:\/\/ubanews.com\/site\/2023\/12\/01\/pai-e-filho-sob-investigacao-por-esquema-de-desmanche-de-veiculos-em-barbacena\/\" \/>\n<meta property=\"og:site_name\" content=\"Ub\u00e1 News\" \/>\n<meta property=\"article:publisher\" content=\"https:\/\/www.facebook.com\/Ub%c3%a1News-Carlos-Roberto-Sodr%c3%a9-418778301977370\" \/>\n<meta property=\"article:published_time\" content=\"2023-12-01T20:00:54+00:00\" \/>\n<meta property=\"og:image\" content=\"http:\/\/ubanews.com\/site\/wp-content\/uploads\/2023\/12\/desmanche-300x236.webp\" \/>\n<meta name=\"author\" content=\"Carlos Roberto Sodr\u00e9\" \/>\n<meta name=\"twitter:card\" content=\"summary_large_image\" \/>\n<meta name=\"twitter:label1\" content=\"Escrito por\" \/>\n\t<meta name=\"twitter:data1\" content=\"Carlos Roberto Sodr\u00e9\" \/>\n\t<meta name=\"twitter:label2\" content=\"Est. tempo de leitura\" \/>\n\t<meta name=\"twitter:data2\" content=\"1 minuto\" \/>\n<script type=\"application\/ld+json\" class=\"yoast-schema-graph\">{\"@context\":\"https:\/\/schema.org\",\"@graph\":[{\"@type\":\"Article\",\"@id\":\"https:\/\/ubanews.com\/site\/2023\/12\/01\/pai-e-filho-sob-investigacao-por-esquema-de-desmanche-de-veiculos-em-barbacena\/#article\",\"isPartOf\":{\"@id\":\"https:\/\/ubanews.com\/site\/2023\/12\/01\/pai-e-filho-sob-investigacao-por-esquema-de-desmanche-de-veiculos-em-barbacena\/\"},\"author\":{\"name\":\"Carlos Roberto Sodr\u00e9\",\"@id\":\"https:\/\/ubanews.com\/site\/#\/schema\/person\/9d8da9ec3c8d00640ab6e8c81e103310\"},\"headline\":\"Pai e filho sob investiga\u00e7\u00e3o por esquema de desmanche de ve\u00edculos em Barbacena\",\"datePublished\":\"2023-12-01T20:00:54+00:00\",\"mainEntityOfPage\":{\"@id\":\"https:\/\/ubanews.com\/site\/2023\/12\/01\/pai-e-filho-sob-investigacao-por-esquema-de-desmanche-de-veiculos-em-barbacena\/\"},\"wordCount\":136,\"commentCount\":0,\"publisher\":{\"@id\":\"https:\/\/ubanews.com\/site\/#organization\"},\"image\":{\"@id\":\"https:\/\/ubanews.com\/site\/2023\/12\/01\/pai-e-filho-sob-investigacao-por-esquema-de-desmanche-de-veiculos-em-barbacena\/#primaryimage\"},\"thumbnailUrl\":\"http:\/\/ubanews.com\/site\/wp-content\/uploads\/2023\/12\/desmanche-300x236.webp\",\"articleSection\":[\"Geral\"],\"inLanguage\":\"pt-BR\",\"potentialAction\":[{\"@type\":\"CommentAction\",\"name\":\"Comment\",\"target\":[\"https:\/\/ubanews.com\/site\/2023\/12\/01\/pai-e-filho-sob-investigacao-por-esquema-de-desmanche-de-veiculos-em-barbacena\/#respond\"]}]},{\"@type\":\"WebPage\",\"@id\":\"https:\/\/ubanews.com\/site\/2023\/12\/01\/pai-e-filho-sob-investigacao-por-esquema-de-desmanche-de-veiculos-em-barbacena\/\",\"url\":\"https:\/\/ubanews.com\/site\/2023\/12\/01\/pai-e-filho-sob-investigacao-por-esquema-de-desmanche-de-veiculos-em-barbacena\/\",\"name\":\"Pai e filho sob investiga\u00e7\u00e3o por esquema de desmanche de ve\u00edculos em Barbacena - Ub\u00e1 News\",\"isPartOf\":{\"@id\":\"https:\/\/ubanews.com\/site\/#website\"},\"primaryImageOfPage\":{\"@id\":\"https:\/\/ubanews.com\/site\/2023\/12\/01\/pai-e-filho-sob-investigacao-por-esquema-de-desmanche-de-veiculos-em-barbacena\/#primaryimage\"},\"image\":{\"@id\":\"https:\/\/ubanews.com\/site\/2023\/12\/01\/pai-e-filho-sob-investigacao-por-esquema-de-desmanche-de-veiculos-em-barbacena\/#primaryimage\"},\"thumbnailUrl\":\"http:\/\/ubanews.com\/site\/wp-content\/uploads\/2023\/12\/desmanche-300x236.webp\",\"datePublished\":\"2023-12-01T20:00:54+00:00\",\"breadcrumb\":{\"@id\":\"https:\/\/ubanews.com\/site\/2023\/12\/01\/pai-e-filho-sob-investigacao-por-esquema-de-desmanche-de-veiculos-em-barbacena\/#breadcrumb\"},\"inLanguage\":\"pt-BR\",\"potentialAction\":[{\"@type\":\"ReadAction\",\"target\":[\"https:\/\/ubanews.com\/site\/2023\/12\/01\/pai-e-filho-sob-investigacao-por-esquema-de-desmanche-de-veiculos-em-barbacena\/\"]}]},{\"@type\":\"ImageObject\",\"inLanguage\":\"pt-BR\",\"@id\":\"https:\/\/ubanews.com\/site\/2023\/12\/01\/pai-e-filho-sob-investigacao-por-esquema-de-desmanche-de-veiculos-em-barbacena\/#primaryimage\",\"url\":\"http:\/\/ubanews.com\/site\/wp-content\/uploads\/2023\/12\/desmanche-300x236.webp\",\"contentUrl\":\"http:\/\/ubanews.com\/site\/wp-content\/uploads\/2023\/12\/desmanche-300x236.webp\"},{\"@type\":\"BreadcrumbList\",\"@id\":\"https:\/\/ubanews.com\/site\/2023\/12\/01\/pai-e-filho-sob-investigacao-por-esquema-de-desmanche-de-veiculos-em-barbacena\/#breadcrumb\",\"itemListElement\":[{\"@type\":\"ListItem\",\"position\":1,\"name\":\"Home\",\"item\":\"https:\/\/ubanews.com\/site\/\"},{\"@type\":\"ListItem\",\"position\":2,\"name\":\"Pai e filho sob investiga\u00e7\u00e3o por esquema de desmanche de ve\u00edculos em Barbacena\"}]},{\"@type\":\"WebSite\",\"@id\":\"https:\/\/ubanews.com\/site\/#website\",\"url\":\"https:\/\/ubanews.com\/site\/\",\"name\":\"Ub\u00e1 News\",\"description\":\"\",\"publisher\":{\"@id\":\"https:\/\/ubanews.com\/site\/#organization\"},\"potentialAction\":[{\"@type\":\"SearchAction\",\"target\":{\"@type\":\"EntryPoint\",\"urlTemplate\":\"https:\/\/ubanews.com\/site\/?s={search_term_string}\"},\"query-input\":{\"@type\":\"PropertyValueSpecification\",\"valueRequired\":true,\"valueName\":\"search_term_string\"}}],\"inLanguage\":\"pt-BR\"},{\"@type\":\"Organization\",\"@id\":\"https:\/\/ubanews.com\/site\/#organization\",\"name\":\"Ub\u00e1 News\",\"url\":\"https:\/\/ubanews.com\/site\/\",\"logo\":{\"@type\":\"ImageObject\",\"inLanguage\":\"pt-BR\",\"@id\":\"https:\/\/ubanews.com\/site\/#\/schema\/logo\/image\/\",\"url\":\"https:\/\/ubanews.com\/site\/wp-content\/uploads\/2018\/01\/logoubanews.png\",\"contentUrl\":\"https:\/\/ubanews.com\/site\/wp-content\/uploads\/2018\/01\/logoubanews.png\",\"width\":261,\"height\":99,\"caption\":\"Ub\u00e1 News\"},\"image\":{\"@id\":\"https:\/\/ubanews.com\/site\/#\/schema\/logo\/image\/\"},\"sameAs\":[\"https:\/\/www.facebook.com\/Ub\u00e1News-Carlos-Roberto-Sodr\u00e9-418778301977370\"]},{\"@type\":\"Person\",\"@id\":\"https:\/\/ubanews.com\/site\/#\/schema\/person\/9d8da9ec3c8d00640ab6e8c81e103310\",\"name\":\"Carlos Roberto Sodr\u00e9\",\"image\":{\"@type\":\"ImageObject\",\"inLanguage\":\"pt-BR\",\"@id\":\"https:\/\/secure.gravatar.com\/avatar\/aab322e8555b56c468614fafdab8a8f924e394cdc6cfd8232f77e9e4d123a133?s=96&d=mm&r=g\",\"url\":\"https:\/\/secure.gravatar.com\/avatar\/aab322e8555b56c468614fafdab8a8f924e394cdc6cfd8232f77e9e4d123a133?s=96&d=mm&r=g\",\"contentUrl\":\"https:\/\/secure.gravatar.com\/avatar\/aab322e8555b56c468614fafdab8a8f924e394cdc6cfd8232f77e9e4d123a133?s=96&d=mm&r=g\",\"caption\":\"Carlos Roberto Sodr\u00e9\"},\"url\":\"https:\/\/ubanews.com\/site\/author\/sodre\/\"}]}<\/script>\n<!-- \/ Yoast SEO plugin. -->","yoast_head_json":{"title":"Pai e filho sob investiga\u00e7\u00e3o por esquema de desmanche de ve\u00edculos em Barbacena - Ub\u00e1 News","robots":{"index":"index","follow":"follow","max-snippet":"max-snippet:-1","max-image-preview":"max-image-preview:large","max-video-preview":"max-video-preview:-1"},"canonical":"https:\/\/ubanews.com\/site\/2023\/12\/01\/pai-e-filho-sob-investigacao-por-esquema-de-desmanche-de-veiculos-em-barbacena\/","og_locale":"pt_BR","og_type":"article","og_title":"Pai e filho sob investiga\u00e7\u00e3o por esquema de desmanche de ve\u00edculos em Barbacena - Ub\u00e1 News","og_description":"Em uma opera\u00e7\u00e3o conjunta na \u00faltima quarta-feira, 29 de novembro,","og_url":"https:\/\/ubanews.com\/site\/2023\/12\/01\/pai-e-filho-sob-investigacao-por-esquema-de-desmanche-de-veiculos-em-barbacena\/","og_site_name":"Ub\u00e1 News","article_publisher":"https:\/\/www.facebook.com\/Ub%c3%a1News-Carlos-Roberto-Sodr%c3%a9-418778301977370","article_published_time":"2023-12-01T20:00:54+00:00","og_image":[{"url":"http:\/\/ubanews.com\/site\/wp-content\/uploads\/2023\/12\/desmanche-300x236.webp","type":"","width":"","height":""}],"author":"Carlos Roberto Sodr\u00e9","twitter_card":"summary_large_image","twitter_misc":{"Escrito por":"Carlos Roberto Sodr\u00e9","Est. tempo de leitura":"1 minuto"},"schema":{"@context":"https:\/\/schema.org","@graph":[{"@type":"Article","@id":"https:\/\/ubanews.com\/site\/2023\/12\/01\/pai-e-filho-sob-investigacao-por-esquema-de-desmanche-de-veiculos-em-barbacena\/#article","isPartOf":{"@id":"https:\/\/ubanews.com\/site\/2023\/12\/01\/pai-e-filho-sob-investigacao-por-esquema-de-desmanche-de-veiculos-em-barbacena\/"},"author":{"name":"Carlos Roberto Sodr\u00e9","@id":"https:\/\/ubanews.com\/site\/#\/schema\/person\/9d8da9ec3c8d00640ab6e8c81e103310"},"headline":"Pai e filho sob investiga\u00e7\u00e3o por esquema de desmanche de ve\u00edculos em Barbacena","datePublished":"2023-12-01T20:00:54+00:00","mainEntityOfPage":{"@id":"https:\/\/ubanews.com\/site\/2023\/12\/01\/pai-e-filho-sob-investigacao-por-esquema-de-desmanche-de-veiculos-em-barbacena\/"},"wordCount":136,"commentCount":0,"publisher":{"@id":"https:\/\/ubanews.com\/site\/#organization"},"image":{"@id":"https:\/\/ubanews.com\/site\/2023\/12\/01\/pai-e-filho-sob-investigacao-por-esquema-de-desmanche-de-veiculos-em-barbacena\/#primaryimage"},"thumbnailUrl":"http:\/\/ubanews.com\/site\/wp-content\/uploads\/2023\/12\/desmanche-300x236.webp","articleSection":["Geral"],"inLanguage":"pt-BR","potentialAction":[{"@type":"CommentAction","name":"Comment","target":["https:\/\/ubanews.com\/site\/2023\/12\/01\/pai-e-filho-sob-investigacao-por-esquema-de-desmanche-de-veiculos-em-barbacena\/#respond"]}]},{"@type":"WebPage","@id":"https:\/\/ubanews.com\/site\/2023\/12\/01\/pai-e-filho-sob-investigacao-por-esquema-de-desmanche-de-veiculos-em-barbacena\/","url":"https:\/\/ubanews.com\/site\/2023\/12\/01\/pai-e-filho-sob-investigacao-por-esquema-de-desmanche-de-veiculos-em-barbacena\/","name":"Pai e filho sob investiga\u00e7\u00e3o por esquema de desmanche de ve\u00edculos em Barbacena - Ub\u00e1 News","isPartOf":{"@id":"https:\/\/ubanews.com\/site\/#website"},"primaryImageOfPage":{"@id":"https:\/\/ubanews.com\/site\/2023\/12\/01\/pai-e-filho-sob-investigacao-por-esquema-de-desmanche-de-veiculos-em-barbacena\/#primaryimage"},"image":{"@id":"https:\/\/ubanews.com\/site\/2023\/12\/01\/pai-e-filho-sob-investigacao-por-esquema-de-desmanche-de-veiculos-em-barbacena\/#primaryimage"},"thumbnailUrl":"http:\/\/ubanews.com\/site\/wp-content\/uploads\/2023\/12\/desmanche-300x236.webp","datePublished":"2023-12-01T20:00:54+00:00","breadcrumb":{"@id":"https:\/\/ubanews.com\/site\/2023\/12\/01\/pai-e-filho-sob-investigacao-por-esquema-de-desmanche-de-veiculos-em-barbacena\/#breadcrumb"},"inLanguage":"pt-BR","potentialAction":[{"@type":"ReadAction","target":["https:\/\/ubanews.com\/site\/2023\/12\/01\/pai-e-filho-sob-investigacao-por-esquema-de-desmanche-de-veiculos-em-barbacena\/"]}]},{"@type":"ImageObject","inLanguage":"pt-BR","@id":"https:\/\/ubanews.com\/site\/2023\/12\/01\/pai-e-filho-sob-investigacao-por-esquema-de-desmanche-de-veiculos-em-barbacena\/#primaryimage","url":"http:\/\/ubanews.com\/site\/wp-content\/uploads\/2023\/12\/desmanche-300x236.webp","contentUrl":"http:\/\/ubanews.com\/site\/wp-content\/uploads\/2023\/12\/desmanche-300x236.webp"},{"@type":"BreadcrumbList","@id":"https:\/\/ubanews.com\/site\/2023\/12\/01\/pai-e-filho-sob-investigacao-por-esquema-de-desmanche-de-veiculos-em-barbacena\/#breadcrumb","itemListElement":[{"@type":"ListItem","position":1,"name":"Home","item":"https:\/\/ubanews.com\/site\/"},{"@type":"ListItem","position":2,"name":"Pai e filho sob investiga\u00e7\u00e3o por esquema de desmanche de ve\u00edculos em Barbacena"}]},{"@type":"WebSite","@id":"https:\/\/ubanews.com\/site\/#website","url":"https:\/\/ubanews.com\/site\/","name":"Ub\u00e1 News","description":"","publisher":{"@id":"https:\/\/ubanews.com\/site\/#organization"},"potentialAction":[{"@type":"SearchAction","target":{"@type":"EntryPoint","urlTemplate":"https:\/\/ubanews.com\/site\/?s={search_term_string}"},"query-input":{"@type":"PropertyValueSpecification","valueRequired":true,"valueName":"search_term_string"}}],"inLanguage":"pt-BR"},{"@type":"Organization","@id":"https:\/\/ubanews.com\/site\/#organization","name":"Ub\u00e1 News","url":"https:\/\/ubanews.com\/site\/","logo":{"@type":"ImageObject","inLanguage":"pt-BR","@id":"https:\/\/ubanews.com\/site\/#\/schema\/logo\/image\/","url":"https:\/\/ubanews.com\/site\/wp-content\/uploads\/2018\/01\/logoubanews.png","contentUrl":"https:\/\/ubanews.com\/site\/wp-content\/uploads\/2018\/01\/logoubanews.png","width":261,"height":99,"caption":"Ub\u00e1 News"},"image":{"@id":"https:\/\/ubanews.com\/site\/#\/schema\/logo\/image\/"},"sameAs":["https:\/\/www.facebook.com\/Ub\u00e1News-Carlos-Roberto-Sodr\u00e9-418778301977370"]},{"@type":"Person","@id":"https:\/\/ubanews.com\/site\/#\/schema\/person\/9d8da9ec3c8d00640ab6e8c81e103310","name":"Carlos Roberto Sodr\u00e9","image":{"@type":"ImageObject","inLanguage":"pt-BR","@id":"https:\/\/secure.gravatar.com\/avatar\/aab322e8555b56c468614fafdab8a8f924e394cdc6cfd8232f77e9e4d123a133?s=96&d=mm&r=g","url":"https:\/\/secure.gravatar.com\/avatar\/aab322e8555b56c468614fafdab8a8f924e394cdc6cfd8232f77e9e4d123a133?s=96&d=mm&r=g","contentUrl":"https:\/\/secure.gravatar.com\/avatar\/aab322e8555b56c468614fafdab8a8f924e394cdc6cfd8232f77e9e4d123a133?s=96&d=mm&r=g","caption":"Carlos Roberto Sodr\u00e9"},"url":"https:\/\/ubanews.com\/site\/author\/sodre\/"}]}},"_links":{"self":[{"href":"https:\/\/ubanews.com\/site\/wp-json\/wp\/v2\/posts\/22423","targetHints":{"allow":["GET"]}}],"collection":[{"href":"https:\/\/ubanews.com\/site\/wp-json\/wp\/v2\/posts"}],"about":[{"href":"https:\/\/ubanews.com\/site\/wp-json\/wp\/v2\/types\/post"}],"author":[{"embeddable":true,"href":"https:\/\/ubanews.com\/site\/wp-json\/wp\/v2\/users\/4"}],"replies":[{"embeddable":true,"href":"https:\/\/ubanews.com\/site\/wp-json\/wp\/v2\/comments?post=22423"}],"version-history":[{"count":0,"href":"https:\/\/ubanews.com\/site\/wp-json\/wp\/v2\/posts\/22423\/revisions"}],"wp:attachment":[{"href":"https:\/\/ubanews.com\/site\/wp-json\/wp\/v2\/media?parent=22423"}],"wp:term":[{"taxonomy":"category","embeddable":true,"href":"https:\/\/ubanews.com\/site\/wp-json\/wp\/v2\/categories?post=22423"},{"taxonomy":"post_tag","embeddable":true,"href":"https:\/\/ubanews.com\/site\/wp-json\/wp\/v2\/tags?post=22423"}],"curies":[{"name":"wp","href":"https:\/\/api.w.org\/{rel}","templated":true}]}}