{"id":22422,"date":"2023-12-01T15:00:12","date_gmt":"2023-12-01T18:00:12","guid":{"rendered":"http:\/\/ubanews.com\/site\/?p=22422"},"modified":"2023-12-01T12:02:01","modified_gmt":"2023-12-01T15:02:01","slug":"ataque-de-pitbulls-deixa-pedestre-gravemente-ferido-e-caes-mortos-em-juiz-de-fora","status":"publish","type":"post","link":"https:\/\/ubanews.com\/site\/2023\/12\/01\/ataque-de-pitbulls-deixa-pedestre-gravemente-ferido-e-caes-mortos-em-juiz-de-fora\/","title":{"rendered":"Ataque de Pitbulls deixa pedestre gravemente ferido e c\u00e3es mortos em Juiz de Fora"},"content":{"rendered":"<p>Um incidente abalou a tranquilidade do bairro Eldorado, em Juiz de Fora, na \u00faltima quarta-feira, 29 de novembro, quando c\u00e3es da ra\u00e7a Pitbull atacaram um pedestre, resultando em ferimentos graves e na morte dos animais.<\/p>\n<figure id=\"attachment_22416\" aria-describedby=\"caption-attachment-22416\" style=\"width: 550px\" class=\"wp-caption aligncenter\"><img decoding=\"async\" class=\"wp-image-22416 lazyload\" data-src=\"https:\/\/ubanews.com\/site\/wp-content\/uploads\/2023\/12\/istockphoto-513392620-1024x1024-1-300x232.jpg\" alt=\"\" width=\"550\" height=\"425\" data-srcset=\"https:\/\/ubanews.com\/site\/wp-content\/uploads\/2023\/12\/istockphoto-513392620-1024x1024-1-300x232.jpg 300w, https:\/\/ubanews.com\/site\/wp-content\/uploads\/2023\/12\/istockphoto-513392620-1024x1024-1-768x593.jpg 768w, https:\/\/ubanews.com\/site\/wp-content\/uploads\/2023\/12\/istockphoto-513392620-1024x1024-1.jpg 1024w\" data-sizes=\"(max-width: 550px) 100vw, 550px\" src=\"data:image\/svg+xml;base64,PHN2ZyB3aWR0aD0iMSIgaGVpZ2h0PSIxIiB4bWxucz0iaHR0cDovL3d3dy53My5vcmcvMjAwMC9zdmciPjwvc3ZnPg==\" style=\"--smush-placeholder-width: 550px; --smush-placeholder-aspect-ratio: 550\/425;\" \/><figcaption id=\"caption-attachment-22416\" class=\"wp-caption-text\">Pitbull Dog, Photo took in Heredia Costa Rica<\/figcaption><\/figure>\n<p>O ataque ocorreu na rua Jo\u00e3o Garcia Couri, quando um homem de 33 anos tentou reconduzir os c\u00e3es \u00e0 resid\u00eancia vizinha ap\u00f3s avist\u00e1-los na rua. Infelizmente, a tentativa de interven\u00e7\u00e3o resultou em um ataque brutal, deixando a v\u00edtima com ferimentos significativos na perna, o levando a risco de amputa\u00e7\u00e3o.<\/p>\n<p>A trag\u00e9dia tomou um rumo ainda mais tr\u00e1gico quando outro homem, testemunhando o ataque, tomou a decis\u00e3o de disparar contra os Pitbulls, resultando na morte imediata dos animais. O atirador, agora sob escrut\u00ednio das autoridades, foi convidado a prestar esclarecimentos na delegacia.<\/p>\n","protected":false},"excerpt":{"rendered":"<p>Um incidente abalou a tranquilidade do bairro Eldorado, em Juiz<\/p>\n","protected":false},"author":4,"featured_media":0,"comment_status":"open","ping_status":"open","sticky":false,"template":"","format":"standard","meta":{"footnotes":""},"categories":[1],"tags":[],"class_list":["post-22422","post","type-post","status-publish","format-standard","hentry","category-sem-categoria"],"yoast_head":"<!-- This site is optimized with the Yoast SEO plugin v27.2 - https:\/\/yoast.com\/product\/yoast-seo-wordpress\/ -->\n<title>Ataque de Pitbulls deixa pedestre gravemente ferido e c\u00e3es mortos em Juiz de Fora - Ub\u00e1 News<\/title>\n<meta name=\"robots\" content=\"index, follow, max-snippet:-1, max-image-preview:large, max-video-preview:-1\" \/>\n<link rel=\"canonical\" href=\"https:\/\/ubanews.com\/site\/2023\/12\/01\/ataque-de-pitbulls-deixa-pedestre-gravemente-ferido-e-caes-mortos-em-juiz-de-fora\/\" \/>\n<meta property=\"og:locale\" content=\"pt_BR\" \/>\n<meta property=\"og:type\" content=\"article\" \/>\n<meta property=\"og:title\" content=\"Ataque de Pitbulls deixa pedestre gravemente ferido e c\u00e3es mortos em Juiz de Fora - Ub\u00e1 News\" \/>\n<meta property=\"og:description\" content=\"Um incidente abalou a tranquilidade do bairro Eldorado, em Juiz\" \/>\n<meta property=\"og:url\" content=\"https:\/\/ubanews.com\/site\/2023\/12\/01\/ataque-de-pitbulls-deixa-pedestre-gravemente-ferido-e-caes-mortos-em-juiz-de-fora\/\" \/>\n<meta property=\"og:site_name\" content=\"Ub\u00e1 News\" \/>\n<meta property=\"article:publisher\" content=\"https:\/\/www.facebook.com\/Ub%c3%a1News-Carlos-Roberto-Sodr%c3%a9-418778301977370\" \/>\n<meta property=\"article:published_time\" content=\"2023-12-01T18:00:12+00:00\" \/>\n<meta property=\"og:image\" content=\"http:\/\/ubanews.com\/site\/wp-content\/uploads\/2023\/12\/istockphoto-513392620-1024x1024-1-300x232.jpg\" \/>\n<meta name=\"author\" content=\"Carlos Roberto Sodr\u00e9\" \/>\n<meta name=\"twitter:card\" content=\"summary_large_image\" \/>\n<meta name=\"twitter:label1\" content=\"Escrito por\" \/>\n\t<meta name=\"twitter:data1\" content=\"Carlos Roberto Sodr\u00e9\" \/>\n\t<meta name=\"twitter:label2\" content=\"Est. tempo de leitura\" \/>\n\t<meta name=\"twitter:data2\" content=\"1 minuto\" \/>\n<script type=\"application\/ld+json\" class=\"yoast-schema-graph\">{\"@context\":\"https:\/\/schema.org\",\"@graph\":[{\"@type\":\"Article\",\"@id\":\"https:\/\/ubanews.com\/site\/2023\/12\/01\/ataque-de-pitbulls-deixa-pedestre-gravemente-ferido-e-caes-mortos-em-juiz-de-fora\/#article\",\"isPartOf\":{\"@id\":\"https:\/\/ubanews.com\/site\/2023\/12\/01\/ataque-de-pitbulls-deixa-pedestre-gravemente-ferido-e-caes-mortos-em-juiz-de-fora\/\"},\"author\":{\"name\":\"Carlos Roberto Sodr\u00e9\",\"@id\":\"https:\/\/ubanews.com\/site\/#\/schema\/person\/9d8da9ec3c8d00640ab6e8c81e103310\"},\"headline\":\"Ataque de Pitbulls deixa pedestre gravemente ferido e c\u00e3es mortos em Juiz de Fora\",\"datePublished\":\"2023-12-01T18:00:12+00:00\",\"mainEntityOfPage\":{\"@id\":\"https:\/\/ubanews.com\/site\/2023\/12\/01\/ataque-de-pitbulls-deixa-pedestre-gravemente-ferido-e-caes-mortos-em-juiz-de-fora\/\"},\"wordCount\":167,\"commentCount\":0,\"publisher\":{\"@id\":\"https:\/\/ubanews.com\/site\/#organization\"},\"image\":{\"@id\":\"https:\/\/ubanews.com\/site\/2023\/12\/01\/ataque-de-pitbulls-deixa-pedestre-gravemente-ferido-e-caes-mortos-em-juiz-de-fora\/#primaryimage\"},\"thumbnailUrl\":\"http:\/\/ubanews.com\/site\/wp-content\/uploads\/2023\/12\/istockphoto-513392620-1024x1024-1-300x232.jpg\",\"articleSection\":[\"Geral\"],\"inLanguage\":\"pt-BR\",\"potentialAction\":[{\"@type\":\"CommentAction\",\"name\":\"Comment\",\"target\":[\"https:\/\/ubanews.com\/site\/2023\/12\/01\/ataque-de-pitbulls-deixa-pedestre-gravemente-ferido-e-caes-mortos-em-juiz-de-fora\/#respond\"]}]},{\"@type\":\"WebPage\",\"@id\":\"https:\/\/ubanews.com\/site\/2023\/12\/01\/ataque-de-pitbulls-deixa-pedestre-gravemente-ferido-e-caes-mortos-em-juiz-de-fora\/\",\"url\":\"https:\/\/ubanews.com\/site\/2023\/12\/01\/ataque-de-pitbulls-deixa-pedestre-gravemente-ferido-e-caes-mortos-em-juiz-de-fora\/\",\"name\":\"Ataque de Pitbulls deixa pedestre gravemente ferido e c\u00e3es mortos em Juiz de Fora - Ub\u00e1 News\",\"isPartOf\":{\"@id\":\"https:\/\/ubanews.com\/site\/#website\"},\"primaryImageOfPage\":{\"@id\":\"https:\/\/ubanews.com\/site\/2023\/12\/01\/ataque-de-pitbulls-deixa-pedestre-gravemente-ferido-e-caes-mortos-em-juiz-de-fora\/#primaryimage\"},\"image\":{\"@id\":\"https:\/\/ubanews.com\/site\/2023\/12\/01\/ataque-de-pitbulls-deixa-pedestre-gravemente-ferido-e-caes-mortos-em-juiz-de-fora\/#primaryimage\"},\"thumbnailUrl\":\"http:\/\/ubanews.com\/site\/wp-content\/uploads\/2023\/12\/istockphoto-513392620-1024x1024-1-300x232.jpg\",\"datePublished\":\"2023-12-01T18:00:12+00:00\",\"breadcrumb\":{\"@id\":\"https:\/\/ubanews.com\/site\/2023\/12\/01\/ataque-de-pitbulls-deixa-pedestre-gravemente-ferido-e-caes-mortos-em-juiz-de-fora\/#breadcrumb\"},\"inLanguage\":\"pt-BR\",\"potentialAction\":[{\"@type\":\"ReadAction\",\"target\":[\"https:\/\/ubanews.com\/site\/2023\/12\/01\/ataque-de-pitbulls-deixa-pedestre-gravemente-ferido-e-caes-mortos-em-juiz-de-fora\/\"]}]},{\"@type\":\"ImageObject\",\"inLanguage\":\"pt-BR\",\"@id\":\"https:\/\/ubanews.com\/site\/2023\/12\/01\/ataque-de-pitbulls-deixa-pedestre-gravemente-ferido-e-caes-mortos-em-juiz-de-fora\/#primaryimage\",\"url\":\"https:\/\/ubanews.com\/site\/wp-content\/uploads\/2023\/12\/istockphoto-513392620-1024x1024-1.jpg\",\"contentUrl\":\"https:\/\/ubanews.com\/site\/wp-content\/uploads\/2023\/12\/istockphoto-513392620-1024x1024-1.jpg\",\"width\":1024,\"height\":791,\"caption\":\"Pitbull Dog, Photo took in Heredia Costa Rica\"},{\"@type\":\"BreadcrumbList\",\"@id\":\"https:\/\/ubanews.com\/site\/2023\/12\/01\/ataque-de-pitbulls-deixa-pedestre-gravemente-ferido-e-caes-mortos-em-juiz-de-fora\/#breadcrumb\",\"itemListElement\":[{\"@type\":\"ListItem\",\"position\":1,\"name\":\"Home\",\"item\":\"https:\/\/ubanews.com\/site\/\"},{\"@type\":\"ListItem\",\"position\":2,\"name\":\"Ataque de Pitbulls deixa pedestre gravemente ferido e c\u00e3es mortos em Juiz de Fora\"}]},{\"@type\":\"WebSite\",\"@id\":\"https:\/\/ubanews.com\/site\/#website\",\"url\":\"https:\/\/ubanews.com\/site\/\",\"name\":\"Ub\u00e1 News\",\"description\":\"\",\"publisher\":{\"@id\":\"https:\/\/ubanews.com\/site\/#organization\"},\"potentialAction\":[{\"@type\":\"SearchAction\",\"target\":{\"@type\":\"EntryPoint\",\"urlTemplate\":\"https:\/\/ubanews.com\/site\/?s={search_term_string}\"},\"query-input\":{\"@type\":\"PropertyValueSpecification\",\"valueRequired\":true,\"valueName\":\"search_term_string\"}}],\"inLanguage\":\"pt-BR\"},{\"@type\":\"Organization\",\"@id\":\"https:\/\/ubanews.com\/site\/#organization\",\"name\":\"Ub\u00e1 News\",\"url\":\"https:\/\/ubanews.com\/site\/\",\"logo\":{\"@type\":\"ImageObject\",\"inLanguage\":\"pt-BR\",\"@id\":\"https:\/\/ubanews.com\/site\/#\/schema\/logo\/image\/\",\"url\":\"https:\/\/ubanews.com\/site\/wp-content\/uploads\/2018\/01\/logoubanews.png\",\"contentUrl\":\"https:\/\/ubanews.com\/site\/wp-content\/uploads\/2018\/01\/logoubanews.png\",\"width\":261,\"height\":99,\"caption\":\"Ub\u00e1 News\"},\"image\":{\"@id\":\"https:\/\/ubanews.com\/site\/#\/schema\/logo\/image\/\"},\"sameAs\":[\"https:\/\/www.facebook.com\/Ub\u00e1News-Carlos-Roberto-Sodr\u00e9-418778301977370\"]},{\"@type\":\"Person\",\"@id\":\"https:\/\/ubanews.com\/site\/#\/schema\/person\/9d8da9ec3c8d00640ab6e8c81e103310\",\"name\":\"Carlos Roberto Sodr\u00e9\",\"image\":{\"@type\":\"ImageObject\",\"inLanguage\":\"pt-BR\",\"@id\":\"https:\/\/secure.gravatar.com\/avatar\/aab322e8555b56c468614fafdab8a8f924e394cdc6cfd8232f77e9e4d123a133?s=96&d=mm&r=g\",\"url\":\"https:\/\/secure.gravatar.com\/avatar\/aab322e8555b56c468614fafdab8a8f924e394cdc6cfd8232f77e9e4d123a133?s=96&d=mm&r=g\",\"contentUrl\":\"https:\/\/secure.gravatar.com\/avatar\/aab322e8555b56c468614fafdab8a8f924e394cdc6cfd8232f77e9e4d123a133?s=96&d=mm&r=g\",\"caption\":\"Carlos Roberto Sodr\u00e9\"},\"url\":\"https:\/\/ubanews.com\/site\/author\/sodre\/\"}]}<\/script>\n<!-- \/ Yoast SEO plugin. -->","yoast_head_json":{"title":"Ataque de Pitbulls deixa pedestre gravemente ferido e c\u00e3es mortos em Juiz de Fora - Ub\u00e1 News","robots":{"index":"index","follow":"follow","max-snippet":"max-snippet:-1","max-image-preview":"max-image-preview:large","max-video-preview":"max-video-preview:-1"},"canonical":"https:\/\/ubanews.com\/site\/2023\/12\/01\/ataque-de-pitbulls-deixa-pedestre-gravemente-ferido-e-caes-mortos-em-juiz-de-fora\/","og_locale":"pt_BR","og_type":"article","og_title":"Ataque de Pitbulls deixa pedestre gravemente ferido e c\u00e3es mortos em Juiz de Fora - Ub\u00e1 News","og_description":"Um incidente abalou a tranquilidade do bairro Eldorado, em Juiz","og_url":"https:\/\/ubanews.com\/site\/2023\/12\/01\/ataque-de-pitbulls-deixa-pedestre-gravemente-ferido-e-caes-mortos-em-juiz-de-fora\/","og_site_name":"Ub\u00e1 News","article_publisher":"https:\/\/www.facebook.com\/Ub%c3%a1News-Carlos-Roberto-Sodr%c3%a9-418778301977370","article_published_time":"2023-12-01T18:00:12+00:00","og_image":[{"url":"http:\/\/ubanews.com\/site\/wp-content\/uploads\/2023\/12\/istockphoto-513392620-1024x1024-1-300x232.jpg","type":"","width":"","height":""}],"author":"Carlos Roberto Sodr\u00e9","twitter_card":"summary_large_image","twitter_misc":{"Escrito por":"Carlos Roberto Sodr\u00e9","Est. tempo de leitura":"1 minuto"},"schema":{"@context":"https:\/\/schema.org","@graph":[{"@type":"Article","@id":"https:\/\/ubanews.com\/site\/2023\/12\/01\/ataque-de-pitbulls-deixa-pedestre-gravemente-ferido-e-caes-mortos-em-juiz-de-fora\/#article","isPartOf":{"@id":"https:\/\/ubanews.com\/site\/2023\/12\/01\/ataque-de-pitbulls-deixa-pedestre-gravemente-ferido-e-caes-mortos-em-juiz-de-fora\/"},"author":{"name":"Carlos Roberto Sodr\u00e9","@id":"https:\/\/ubanews.com\/site\/#\/schema\/person\/9d8da9ec3c8d00640ab6e8c81e103310"},"headline":"Ataque de Pitbulls deixa pedestre gravemente ferido e c\u00e3es mortos em Juiz de Fora","datePublished":"2023-12-01T18:00:12+00:00","mainEntityOfPage":{"@id":"https:\/\/ubanews.com\/site\/2023\/12\/01\/ataque-de-pitbulls-deixa-pedestre-gravemente-ferido-e-caes-mortos-em-juiz-de-fora\/"},"wordCount":167,"commentCount":0,"publisher":{"@id":"https:\/\/ubanews.com\/site\/#organization"},"image":{"@id":"https:\/\/ubanews.com\/site\/2023\/12\/01\/ataque-de-pitbulls-deixa-pedestre-gravemente-ferido-e-caes-mortos-em-juiz-de-fora\/#primaryimage"},"thumbnailUrl":"http:\/\/ubanews.com\/site\/wp-content\/uploads\/2023\/12\/istockphoto-513392620-1024x1024-1-300x232.jpg","articleSection":["Geral"],"inLanguage":"pt-BR","potentialAction":[{"@type":"CommentAction","name":"Comment","target":["https:\/\/ubanews.com\/site\/2023\/12\/01\/ataque-de-pitbulls-deixa-pedestre-gravemente-ferido-e-caes-mortos-em-juiz-de-fora\/#respond"]}]},{"@type":"WebPage","@id":"https:\/\/ubanews.com\/site\/2023\/12\/01\/ataque-de-pitbulls-deixa-pedestre-gravemente-ferido-e-caes-mortos-em-juiz-de-fora\/","url":"https:\/\/ubanews.com\/site\/2023\/12\/01\/ataque-de-pitbulls-deixa-pedestre-gravemente-ferido-e-caes-mortos-em-juiz-de-fora\/","name":"Ataque de Pitbulls deixa pedestre gravemente ferido e c\u00e3es mortos em Juiz de Fora - Ub\u00e1 News","isPartOf":{"@id":"https:\/\/ubanews.com\/site\/#website"},"primaryImageOfPage":{"@id":"https:\/\/ubanews.com\/site\/2023\/12\/01\/ataque-de-pitbulls-deixa-pedestre-gravemente-ferido-e-caes-mortos-em-juiz-de-fora\/#primaryimage"},"image":{"@id":"https:\/\/ubanews.com\/site\/2023\/12\/01\/ataque-de-pitbulls-deixa-pedestre-gravemente-ferido-e-caes-mortos-em-juiz-de-fora\/#primaryimage"},"thumbnailUrl":"http:\/\/ubanews.com\/site\/wp-content\/uploads\/2023\/12\/istockphoto-513392620-1024x1024-1-300x232.jpg","datePublished":"2023-12-01T18:00:12+00:00","breadcrumb":{"@id":"https:\/\/ubanews.com\/site\/2023\/12\/01\/ataque-de-pitbulls-deixa-pedestre-gravemente-ferido-e-caes-mortos-em-juiz-de-fora\/#breadcrumb"},"inLanguage":"pt-BR","potentialAction":[{"@type":"ReadAction","target":["https:\/\/ubanews.com\/site\/2023\/12\/01\/ataque-de-pitbulls-deixa-pedestre-gravemente-ferido-e-caes-mortos-em-juiz-de-fora\/"]}]},{"@type":"ImageObject","inLanguage":"pt-BR","@id":"https:\/\/ubanews.com\/site\/2023\/12\/01\/ataque-de-pitbulls-deixa-pedestre-gravemente-ferido-e-caes-mortos-em-juiz-de-fora\/#primaryimage","url":"https:\/\/ubanews.com\/site\/wp-content\/uploads\/2023\/12\/istockphoto-513392620-1024x1024-1.jpg","contentUrl":"https:\/\/ubanews.com\/site\/wp-content\/uploads\/2023\/12\/istockphoto-513392620-1024x1024-1.jpg","width":1024,"height":791,"caption":"Pitbull Dog, Photo took in Heredia Costa Rica"},{"@type":"BreadcrumbList","@id":"https:\/\/ubanews.com\/site\/2023\/12\/01\/ataque-de-pitbulls-deixa-pedestre-gravemente-ferido-e-caes-mortos-em-juiz-de-fora\/#breadcrumb","itemListElement":[{"@type":"ListItem","position":1,"name":"Home","item":"https:\/\/ubanews.com\/site\/"},{"@type":"ListItem","position":2,"name":"Ataque de Pitbulls deixa pedestre gravemente ferido e c\u00e3es mortos em Juiz de Fora"}]},{"@type":"WebSite","@id":"https:\/\/ubanews.com\/site\/#website","url":"https:\/\/ubanews.com\/site\/","name":"Ub\u00e1 News","description":"","publisher":{"@id":"https:\/\/ubanews.com\/site\/#organization"},"potentialAction":[{"@type":"SearchAction","target":{"@type":"EntryPoint","urlTemplate":"https:\/\/ubanews.com\/site\/?s={search_term_string}"},"query-input":{"@type":"PropertyValueSpecification","valueRequired":true,"valueName":"search_term_string"}}],"inLanguage":"pt-BR"},{"@type":"Organization","@id":"https:\/\/ubanews.com\/site\/#organization","name":"Ub\u00e1 News","url":"https:\/\/ubanews.com\/site\/","logo":{"@type":"ImageObject","inLanguage":"pt-BR","@id":"https:\/\/ubanews.com\/site\/#\/schema\/logo\/image\/","url":"https:\/\/ubanews.com\/site\/wp-content\/uploads\/2018\/01\/logoubanews.png","contentUrl":"https:\/\/ubanews.com\/site\/wp-content\/uploads\/2018\/01\/logoubanews.png","width":261,"height":99,"caption":"Ub\u00e1 News"},"image":{"@id":"https:\/\/ubanews.com\/site\/#\/schema\/logo\/image\/"},"sameAs":["https:\/\/www.facebook.com\/Ub\u00e1News-Carlos-Roberto-Sodr\u00e9-418778301977370"]},{"@type":"Person","@id":"https:\/\/ubanews.com\/site\/#\/schema\/person\/9d8da9ec3c8d00640ab6e8c81e103310","name":"Carlos Roberto Sodr\u00e9","image":{"@type":"ImageObject","inLanguage":"pt-BR","@id":"https:\/\/secure.gravatar.com\/avatar\/aab322e8555b56c468614fafdab8a8f924e394cdc6cfd8232f77e9e4d123a133?s=96&d=mm&r=g","url":"https:\/\/secure.gravatar.com\/avatar\/aab322e8555b56c468614fafdab8a8f924e394cdc6cfd8232f77e9e4d123a133?s=96&d=mm&r=g","contentUrl":"https:\/\/secure.gravatar.com\/avatar\/aab322e8555b56c468614fafdab8a8f924e394cdc6cfd8232f77e9e4d123a133?s=96&d=mm&r=g","caption":"Carlos Roberto Sodr\u00e9"},"url":"https:\/\/ubanews.com\/site\/author\/sodre\/"}]}},"_links":{"self":[{"href":"https:\/\/ubanews.com\/site\/wp-json\/wp\/v2\/posts\/22422","targetHints":{"allow":["GET"]}}],"collection":[{"href":"https:\/\/ubanews.com\/site\/wp-json\/wp\/v2\/posts"}],"about":[{"href":"https:\/\/ubanews.com\/site\/wp-json\/wp\/v2\/types\/post"}],"author":[{"embeddable":true,"href":"https:\/\/ubanews.com\/site\/wp-json\/wp\/v2\/users\/4"}],"replies":[{"embeddable":true,"href":"https:\/\/ubanews.com\/site\/wp-json\/wp\/v2\/comments?post=22422"}],"version-history":[{"count":0,"href":"https:\/\/ubanews.com\/site\/wp-json\/wp\/v2\/posts\/22422\/revisions"}],"wp:attachment":[{"href":"https:\/\/ubanews.com\/site\/wp-json\/wp\/v2\/media?parent=22422"}],"wp:term":[{"taxonomy":"category","embeddable":true,"href":"https:\/\/ubanews.com\/site\/wp-json\/wp\/v2\/categories?post=22422"},{"taxonomy":"post_tag","embeddable":true,"href":"https:\/\/ubanews.com\/site\/wp-json\/wp\/v2\/tags?post=22422"}],"curies":[{"name":"wp","href":"https:\/\/api.w.org\/{rel}","templated":true}]}}