{"id":22421,"date":"2023-12-01T13:00:35","date_gmt":"2023-12-01T16:00:35","guid":{"rendered":"http:\/\/ubanews.com\/site\/?p=22421"},"modified":"2023-12-01T11:50:10","modified_gmt":"2023-12-01T14:50:10","slug":"descoberta-macabra-proxima-a-ufv-universidade-federal-de-vicosa-ossada-humana-choca-comunidade-do-bairro-bela-vista","status":"publish","type":"post","link":"https:\/\/ubanews.com\/site\/2023\/12\/01\/descoberta-macabra-proxima-a-ufv-universidade-federal-de-vicosa-ossada-humana-choca-comunidade-do-bairro-bela-vista\/","title":{"rendered":"Descoberta macabra pr\u00f3xima \u00e0 UFV &#8211; Universidade Federal de Vi\u00e7osa: Ossada humana choca comunidade do Bairro Bela Vista"},"content":{"rendered":"<p>Uma descoberta chocante abalou a comunidade pr\u00f3xima \u00e0 Universidade Federal de Vi\u00e7osa (UFV), quando uma ossada humana foi encontrada em uma estrada de terra nas proximidades do campus. O macabro achado ocorreu depois que um transeunte, incomodado pelo forte mau cheiro, alertou prontamente as autoridades locais.<\/p>\n<p><img decoding=\"async\" class=\"aligncenter  wp-image-22415 lazyload\" data-src=\"https:\/\/ubanews.com\/site\/wp-content\/uploads\/2023\/12\/jonathan-larson-SKzPfvo351U-unsplash-300x208.jpg\" alt=\"\" width=\"551\" height=\"382\" data-srcset=\"https:\/\/ubanews.com\/site\/wp-content\/uploads\/2023\/12\/jonathan-larson-SKzPfvo351U-unsplash-300x208.jpg 300w, https:\/\/ubanews.com\/site\/wp-content\/uploads\/2023\/12\/jonathan-larson-SKzPfvo351U-unsplash-1024x709.jpg 1024w, https:\/\/ubanews.com\/site\/wp-content\/uploads\/2023\/12\/jonathan-larson-SKzPfvo351U-unsplash-768x531.jpg 768w, https:\/\/ubanews.com\/site\/wp-content\/uploads\/2023\/12\/jonathan-larson-SKzPfvo351U-unsplash-1536x1063.jpg 1536w, https:\/\/ubanews.com\/site\/wp-content\/uploads\/2023\/12\/jonathan-larson-SKzPfvo351U-unsplash-2048x1417.jpg 2048w\" data-sizes=\"(max-width: 551px) 100vw, 551px\" src=\"data:image\/svg+xml;base64,PHN2ZyB3aWR0aD0iMSIgaGVpZ2h0PSIxIiB4bWxucz0iaHR0cDovL3d3dy53My5vcmcvMjAwMC9zdmciPjwvc3ZnPg==\" style=\"--smush-placeholder-width: 551px; --smush-placeholder-aspect-ratio: 551\/382;\" \/><\/p>\n<p>O descobridor, que passava pelo local no bairro Bela Vista, imediatamente acionou a Pol\u00edcia Militar, que chegou ao local para investigar o incidente. Os policiais logo confirmaram se tratar de restos humanos e acionaram a Pol\u00edcia Civil de Minas Gerais para conduzir uma investiga\u00e7\u00e3o mais aprofundada.<\/p>\n<p>Autoridades policiais refor\u00e7aram o comprometimento com a elucida\u00e7\u00e3o do caso e tranquilizaram a popula\u00e7\u00e3o. O corpo foi encontrado na \u00faltima segunda-feira, 27 de novembro.<\/p>\n<p>A investiga\u00e7\u00e3o est\u00e1 em andamento, e mais informa\u00e7\u00f5es ser\u00e3o divulgadas \u00e0 medida que os detalhes se desdobram neste perturbador epis\u00f3dio pr\u00f3ximo \u00e0 prestigiada institui\u00e7\u00e3o acad\u00eamica.<\/p>\n","protected":false},"excerpt":{"rendered":"<p>Uma descoberta chocante abalou a comunidade pr\u00f3xima \u00e0 Universidade Federal<\/p>\n","protected":false},"author":4,"featured_media":0,"comment_status":"open","ping_status":"open","sticky":false,"template":"","format":"standard","meta":{"footnotes":""},"categories":[1],"tags":[],"class_list":["post-22421","post","type-post","status-publish","format-standard","hentry","category-sem-categoria"],"yoast_head":"<!-- This site is optimized with the Yoast SEO plugin v27.2 - https:\/\/yoast.com\/product\/yoast-seo-wordpress\/ -->\n<title>Descoberta macabra pr\u00f3xima \u00e0 UFV - Universidade Federal de Vi\u00e7osa: Ossada humana choca comunidade do Bairro Bela Vista - Ub\u00e1 News<\/title>\n<meta name=\"robots\" content=\"index, follow, max-snippet:-1, max-image-preview:large, max-video-preview:-1\" \/>\n<link rel=\"canonical\" href=\"https:\/\/ubanews.com\/site\/2023\/12\/01\/descoberta-macabra-proxima-a-ufv-universidade-federal-de-vicosa-ossada-humana-choca-comunidade-do-bairro-bela-vista\/\" \/>\n<meta property=\"og:locale\" content=\"pt_BR\" \/>\n<meta property=\"og:type\" content=\"article\" \/>\n<meta property=\"og:title\" content=\"Descoberta macabra pr\u00f3xima \u00e0 UFV - Universidade Federal de Vi\u00e7osa: Ossada humana choca comunidade do Bairro Bela Vista - Ub\u00e1 News\" \/>\n<meta property=\"og:description\" content=\"Uma descoberta chocante abalou a comunidade pr\u00f3xima \u00e0 Universidade Federal\" \/>\n<meta property=\"og:url\" content=\"https:\/\/ubanews.com\/site\/2023\/12\/01\/descoberta-macabra-proxima-a-ufv-universidade-federal-de-vicosa-ossada-humana-choca-comunidade-do-bairro-bela-vista\/\" \/>\n<meta property=\"og:site_name\" content=\"Ub\u00e1 News\" \/>\n<meta property=\"article:publisher\" content=\"https:\/\/www.facebook.com\/Ub%c3%a1News-Carlos-Roberto-Sodr%c3%a9-418778301977370\" \/>\n<meta property=\"article:published_time\" content=\"2023-12-01T16:00:35+00:00\" \/>\n<meta property=\"og:image\" content=\"http:\/\/ubanews.com\/site\/wp-content\/uploads\/2023\/12\/jonathan-larson-SKzPfvo351U-unsplash-300x208.jpg\" \/>\n<meta name=\"author\" content=\"Carlos Roberto Sodr\u00e9\" \/>\n<meta name=\"twitter:card\" content=\"summary_large_image\" \/>\n<meta name=\"twitter:label1\" content=\"Escrito por\" \/>\n\t<meta name=\"twitter:data1\" content=\"Carlos Roberto Sodr\u00e9\" \/>\n\t<meta name=\"twitter:label2\" content=\"Est. tempo de leitura\" \/>\n\t<meta name=\"twitter:data2\" content=\"1 minuto\" \/>\n<script type=\"application\/ld+json\" class=\"yoast-schema-graph\">{\"@context\":\"https:\/\/schema.org\",\"@graph\":[{\"@type\":\"Article\",\"@id\":\"https:\/\/ubanews.com\/site\/2023\/12\/01\/descoberta-macabra-proxima-a-ufv-universidade-federal-de-vicosa-ossada-humana-choca-comunidade-do-bairro-bela-vista\/#article\",\"isPartOf\":{\"@id\":\"https:\/\/ubanews.com\/site\/2023\/12\/01\/descoberta-macabra-proxima-a-ufv-universidade-federal-de-vicosa-ossada-humana-choca-comunidade-do-bairro-bela-vista\/\"},\"author\":{\"name\":\"Carlos Roberto Sodr\u00e9\",\"@id\":\"https:\/\/ubanews.com\/site\/#\/schema\/person\/9d8da9ec3c8d00640ab6e8c81e103310\"},\"headline\":\"Descoberta macabra pr\u00f3xima \u00e0 UFV &#8211; Universidade Federal de Vi\u00e7osa: Ossada humana choca comunidade do Bairro Bela Vista\",\"datePublished\":\"2023-12-01T16:00:35+00:00\",\"mainEntityOfPage\":{\"@id\":\"https:\/\/ubanews.com\/site\/2023\/12\/01\/descoberta-macabra-proxima-a-ufv-universidade-federal-de-vicosa-ossada-humana-choca-comunidade-do-bairro-bela-vista\/\"},\"wordCount\":171,\"commentCount\":0,\"publisher\":{\"@id\":\"https:\/\/ubanews.com\/site\/#organization\"},\"image\":{\"@id\":\"https:\/\/ubanews.com\/site\/2023\/12\/01\/descoberta-macabra-proxima-a-ufv-universidade-federal-de-vicosa-ossada-humana-choca-comunidade-do-bairro-bela-vista\/#primaryimage\"},\"thumbnailUrl\":\"http:\/\/ubanews.com\/site\/wp-content\/uploads\/2023\/12\/jonathan-larson-SKzPfvo351U-unsplash-300x208.jpg\",\"articleSection\":[\"Geral\"],\"inLanguage\":\"pt-BR\",\"potentialAction\":[{\"@type\":\"CommentAction\",\"name\":\"Comment\",\"target\":[\"https:\/\/ubanews.com\/site\/2023\/12\/01\/descoberta-macabra-proxima-a-ufv-universidade-federal-de-vicosa-ossada-humana-choca-comunidade-do-bairro-bela-vista\/#respond\"]}]},{\"@type\":\"WebPage\",\"@id\":\"https:\/\/ubanews.com\/site\/2023\/12\/01\/descoberta-macabra-proxima-a-ufv-universidade-federal-de-vicosa-ossada-humana-choca-comunidade-do-bairro-bela-vista\/\",\"url\":\"https:\/\/ubanews.com\/site\/2023\/12\/01\/descoberta-macabra-proxima-a-ufv-universidade-federal-de-vicosa-ossada-humana-choca-comunidade-do-bairro-bela-vista\/\",\"name\":\"Descoberta macabra pr\u00f3xima \u00e0 UFV - Universidade Federal de Vi\u00e7osa: Ossada humana choca comunidade do Bairro Bela Vista - Ub\u00e1 News\",\"isPartOf\":{\"@id\":\"https:\/\/ubanews.com\/site\/#website\"},\"primaryImageOfPage\":{\"@id\":\"https:\/\/ubanews.com\/site\/2023\/12\/01\/descoberta-macabra-proxima-a-ufv-universidade-federal-de-vicosa-ossada-humana-choca-comunidade-do-bairro-bela-vista\/#primaryimage\"},\"image\":{\"@id\":\"https:\/\/ubanews.com\/site\/2023\/12\/01\/descoberta-macabra-proxima-a-ufv-universidade-federal-de-vicosa-ossada-humana-choca-comunidade-do-bairro-bela-vista\/#primaryimage\"},\"thumbnailUrl\":\"http:\/\/ubanews.com\/site\/wp-content\/uploads\/2023\/12\/jonathan-larson-SKzPfvo351U-unsplash-300x208.jpg\",\"datePublished\":\"2023-12-01T16:00:35+00:00\",\"breadcrumb\":{\"@id\":\"https:\/\/ubanews.com\/site\/2023\/12\/01\/descoberta-macabra-proxima-a-ufv-universidade-federal-de-vicosa-ossada-humana-choca-comunidade-do-bairro-bela-vista\/#breadcrumb\"},\"inLanguage\":\"pt-BR\",\"potentialAction\":[{\"@type\":\"ReadAction\",\"target\":[\"https:\/\/ubanews.com\/site\/2023\/12\/01\/descoberta-macabra-proxima-a-ufv-universidade-federal-de-vicosa-ossada-humana-choca-comunidade-do-bairro-bela-vista\/\"]}]},{\"@type\":\"ImageObject\",\"inLanguage\":\"pt-BR\",\"@id\":\"https:\/\/ubanews.com\/site\/2023\/12\/01\/descoberta-macabra-proxima-a-ufv-universidade-federal-de-vicosa-ossada-humana-choca-comunidade-do-bairro-bela-vista\/#primaryimage\",\"url\":\"https:\/\/ubanews.com\/site\/wp-content\/uploads\/2023\/12\/jonathan-larson-SKzPfvo351U-unsplash-scaled.jpg\",\"contentUrl\":\"https:\/\/ubanews.com\/site\/wp-content\/uploads\/2023\/12\/jonathan-larson-SKzPfvo351U-unsplash-scaled.jpg\",\"width\":2560,\"height\":1772},{\"@type\":\"BreadcrumbList\",\"@id\":\"https:\/\/ubanews.com\/site\/2023\/12\/01\/descoberta-macabra-proxima-a-ufv-universidade-federal-de-vicosa-ossada-humana-choca-comunidade-do-bairro-bela-vista\/#breadcrumb\",\"itemListElement\":[{\"@type\":\"ListItem\",\"position\":1,\"name\":\"Home\",\"item\":\"https:\/\/ubanews.com\/site\/\"},{\"@type\":\"ListItem\",\"position\":2,\"name\":\"Descoberta macabra pr\u00f3xima \u00e0 UFV &#8211; Universidade Federal de Vi\u00e7osa: Ossada humana choca comunidade do Bairro Bela Vista\"}]},{\"@type\":\"WebSite\",\"@id\":\"https:\/\/ubanews.com\/site\/#website\",\"url\":\"https:\/\/ubanews.com\/site\/\",\"name\":\"Ub\u00e1 News\",\"description\":\"\",\"publisher\":{\"@id\":\"https:\/\/ubanews.com\/site\/#organization\"},\"potentialAction\":[{\"@type\":\"SearchAction\",\"target\":{\"@type\":\"EntryPoint\",\"urlTemplate\":\"https:\/\/ubanews.com\/site\/?s={search_term_string}\"},\"query-input\":{\"@type\":\"PropertyValueSpecification\",\"valueRequired\":true,\"valueName\":\"search_term_string\"}}],\"inLanguage\":\"pt-BR\"},{\"@type\":\"Organization\",\"@id\":\"https:\/\/ubanews.com\/site\/#organization\",\"name\":\"Ub\u00e1 News\",\"url\":\"https:\/\/ubanews.com\/site\/\",\"logo\":{\"@type\":\"ImageObject\",\"inLanguage\":\"pt-BR\",\"@id\":\"https:\/\/ubanews.com\/site\/#\/schema\/logo\/image\/\",\"url\":\"https:\/\/ubanews.com\/site\/wp-content\/uploads\/2018\/01\/logoubanews.png\",\"contentUrl\":\"https:\/\/ubanews.com\/site\/wp-content\/uploads\/2018\/01\/logoubanews.png\",\"width\":261,\"height\":99,\"caption\":\"Ub\u00e1 News\"},\"image\":{\"@id\":\"https:\/\/ubanews.com\/site\/#\/schema\/logo\/image\/\"},\"sameAs\":[\"https:\/\/www.facebook.com\/Ub\u00e1News-Carlos-Roberto-Sodr\u00e9-418778301977370\"]},{\"@type\":\"Person\",\"@id\":\"https:\/\/ubanews.com\/site\/#\/schema\/person\/9d8da9ec3c8d00640ab6e8c81e103310\",\"name\":\"Carlos Roberto Sodr\u00e9\",\"image\":{\"@type\":\"ImageObject\",\"inLanguage\":\"pt-BR\",\"@id\":\"https:\/\/secure.gravatar.com\/avatar\/aab322e8555b56c468614fafdab8a8f924e394cdc6cfd8232f77e9e4d123a133?s=96&d=mm&r=g\",\"url\":\"https:\/\/secure.gravatar.com\/avatar\/aab322e8555b56c468614fafdab8a8f924e394cdc6cfd8232f77e9e4d123a133?s=96&d=mm&r=g\",\"contentUrl\":\"https:\/\/secure.gravatar.com\/avatar\/aab322e8555b56c468614fafdab8a8f924e394cdc6cfd8232f77e9e4d123a133?s=96&d=mm&r=g\",\"caption\":\"Carlos Roberto Sodr\u00e9\"},\"url\":\"https:\/\/ubanews.com\/site\/author\/sodre\/\"}]}<\/script>\n<!-- \/ Yoast SEO plugin. -->","yoast_head_json":{"title":"Descoberta macabra pr\u00f3xima \u00e0 UFV - Universidade Federal de Vi\u00e7osa: Ossada humana choca comunidade do Bairro Bela Vista - Ub\u00e1 News","robots":{"index":"index","follow":"follow","max-snippet":"max-snippet:-1","max-image-preview":"max-image-preview:large","max-video-preview":"max-video-preview:-1"},"canonical":"https:\/\/ubanews.com\/site\/2023\/12\/01\/descoberta-macabra-proxima-a-ufv-universidade-federal-de-vicosa-ossada-humana-choca-comunidade-do-bairro-bela-vista\/","og_locale":"pt_BR","og_type":"article","og_title":"Descoberta macabra pr\u00f3xima \u00e0 UFV - Universidade Federal de Vi\u00e7osa: Ossada humana choca comunidade do Bairro Bela Vista - Ub\u00e1 News","og_description":"Uma descoberta chocante abalou a comunidade pr\u00f3xima \u00e0 Universidade Federal","og_url":"https:\/\/ubanews.com\/site\/2023\/12\/01\/descoberta-macabra-proxima-a-ufv-universidade-federal-de-vicosa-ossada-humana-choca-comunidade-do-bairro-bela-vista\/","og_site_name":"Ub\u00e1 News","article_publisher":"https:\/\/www.facebook.com\/Ub%c3%a1News-Carlos-Roberto-Sodr%c3%a9-418778301977370","article_published_time":"2023-12-01T16:00:35+00:00","og_image":[{"url":"http:\/\/ubanews.com\/site\/wp-content\/uploads\/2023\/12\/jonathan-larson-SKzPfvo351U-unsplash-300x208.jpg","type":"","width":"","height":""}],"author":"Carlos Roberto Sodr\u00e9","twitter_card":"summary_large_image","twitter_misc":{"Escrito por":"Carlos Roberto Sodr\u00e9","Est. tempo de leitura":"1 minuto"},"schema":{"@context":"https:\/\/schema.org","@graph":[{"@type":"Article","@id":"https:\/\/ubanews.com\/site\/2023\/12\/01\/descoberta-macabra-proxima-a-ufv-universidade-federal-de-vicosa-ossada-humana-choca-comunidade-do-bairro-bela-vista\/#article","isPartOf":{"@id":"https:\/\/ubanews.com\/site\/2023\/12\/01\/descoberta-macabra-proxima-a-ufv-universidade-federal-de-vicosa-ossada-humana-choca-comunidade-do-bairro-bela-vista\/"},"author":{"name":"Carlos Roberto Sodr\u00e9","@id":"https:\/\/ubanews.com\/site\/#\/schema\/person\/9d8da9ec3c8d00640ab6e8c81e103310"},"headline":"Descoberta macabra pr\u00f3xima \u00e0 UFV &#8211; Universidade Federal de Vi\u00e7osa: Ossada humana choca comunidade do Bairro Bela Vista","datePublished":"2023-12-01T16:00:35+00:00","mainEntityOfPage":{"@id":"https:\/\/ubanews.com\/site\/2023\/12\/01\/descoberta-macabra-proxima-a-ufv-universidade-federal-de-vicosa-ossada-humana-choca-comunidade-do-bairro-bela-vista\/"},"wordCount":171,"commentCount":0,"publisher":{"@id":"https:\/\/ubanews.com\/site\/#organization"},"image":{"@id":"https:\/\/ubanews.com\/site\/2023\/12\/01\/descoberta-macabra-proxima-a-ufv-universidade-federal-de-vicosa-ossada-humana-choca-comunidade-do-bairro-bela-vista\/#primaryimage"},"thumbnailUrl":"http:\/\/ubanews.com\/site\/wp-content\/uploads\/2023\/12\/jonathan-larson-SKzPfvo351U-unsplash-300x208.jpg","articleSection":["Geral"],"inLanguage":"pt-BR","potentialAction":[{"@type":"CommentAction","name":"Comment","target":["https:\/\/ubanews.com\/site\/2023\/12\/01\/descoberta-macabra-proxima-a-ufv-universidade-federal-de-vicosa-ossada-humana-choca-comunidade-do-bairro-bela-vista\/#respond"]}]},{"@type":"WebPage","@id":"https:\/\/ubanews.com\/site\/2023\/12\/01\/descoberta-macabra-proxima-a-ufv-universidade-federal-de-vicosa-ossada-humana-choca-comunidade-do-bairro-bela-vista\/","url":"https:\/\/ubanews.com\/site\/2023\/12\/01\/descoberta-macabra-proxima-a-ufv-universidade-federal-de-vicosa-ossada-humana-choca-comunidade-do-bairro-bela-vista\/","name":"Descoberta macabra pr\u00f3xima \u00e0 UFV - Universidade Federal de Vi\u00e7osa: Ossada humana choca comunidade do Bairro Bela Vista - Ub\u00e1 News","isPartOf":{"@id":"https:\/\/ubanews.com\/site\/#website"},"primaryImageOfPage":{"@id":"https:\/\/ubanews.com\/site\/2023\/12\/01\/descoberta-macabra-proxima-a-ufv-universidade-federal-de-vicosa-ossada-humana-choca-comunidade-do-bairro-bela-vista\/#primaryimage"},"image":{"@id":"https:\/\/ubanews.com\/site\/2023\/12\/01\/descoberta-macabra-proxima-a-ufv-universidade-federal-de-vicosa-ossada-humana-choca-comunidade-do-bairro-bela-vista\/#primaryimage"},"thumbnailUrl":"http:\/\/ubanews.com\/site\/wp-content\/uploads\/2023\/12\/jonathan-larson-SKzPfvo351U-unsplash-300x208.jpg","datePublished":"2023-12-01T16:00:35+00:00","breadcrumb":{"@id":"https:\/\/ubanews.com\/site\/2023\/12\/01\/descoberta-macabra-proxima-a-ufv-universidade-federal-de-vicosa-ossada-humana-choca-comunidade-do-bairro-bela-vista\/#breadcrumb"},"inLanguage":"pt-BR","potentialAction":[{"@type":"ReadAction","target":["https:\/\/ubanews.com\/site\/2023\/12\/01\/descoberta-macabra-proxima-a-ufv-universidade-federal-de-vicosa-ossada-humana-choca-comunidade-do-bairro-bela-vista\/"]}]},{"@type":"ImageObject","inLanguage":"pt-BR","@id":"https:\/\/ubanews.com\/site\/2023\/12\/01\/descoberta-macabra-proxima-a-ufv-universidade-federal-de-vicosa-ossada-humana-choca-comunidade-do-bairro-bela-vista\/#primaryimage","url":"https:\/\/ubanews.com\/site\/wp-content\/uploads\/2023\/12\/jonathan-larson-SKzPfvo351U-unsplash-scaled.jpg","contentUrl":"https:\/\/ubanews.com\/site\/wp-content\/uploads\/2023\/12\/jonathan-larson-SKzPfvo351U-unsplash-scaled.jpg","width":2560,"height":1772},{"@type":"BreadcrumbList","@id":"https:\/\/ubanews.com\/site\/2023\/12\/01\/descoberta-macabra-proxima-a-ufv-universidade-federal-de-vicosa-ossada-humana-choca-comunidade-do-bairro-bela-vista\/#breadcrumb","itemListElement":[{"@type":"ListItem","position":1,"name":"Home","item":"https:\/\/ubanews.com\/site\/"},{"@type":"ListItem","position":2,"name":"Descoberta macabra pr\u00f3xima \u00e0 UFV &#8211; Universidade Federal de Vi\u00e7osa: Ossada humana choca comunidade do Bairro Bela Vista"}]},{"@type":"WebSite","@id":"https:\/\/ubanews.com\/site\/#website","url":"https:\/\/ubanews.com\/site\/","name":"Ub\u00e1 News","description":"","publisher":{"@id":"https:\/\/ubanews.com\/site\/#organization"},"potentialAction":[{"@type":"SearchAction","target":{"@type":"EntryPoint","urlTemplate":"https:\/\/ubanews.com\/site\/?s={search_term_string}"},"query-input":{"@type":"PropertyValueSpecification","valueRequired":true,"valueName":"search_term_string"}}],"inLanguage":"pt-BR"},{"@type":"Organization","@id":"https:\/\/ubanews.com\/site\/#organization","name":"Ub\u00e1 News","url":"https:\/\/ubanews.com\/site\/","logo":{"@type":"ImageObject","inLanguage":"pt-BR","@id":"https:\/\/ubanews.com\/site\/#\/schema\/logo\/image\/","url":"https:\/\/ubanews.com\/site\/wp-content\/uploads\/2018\/01\/logoubanews.png","contentUrl":"https:\/\/ubanews.com\/site\/wp-content\/uploads\/2018\/01\/logoubanews.png","width":261,"height":99,"caption":"Ub\u00e1 News"},"image":{"@id":"https:\/\/ubanews.com\/site\/#\/schema\/logo\/image\/"},"sameAs":["https:\/\/www.facebook.com\/Ub\u00e1News-Carlos-Roberto-Sodr\u00e9-418778301977370"]},{"@type":"Person","@id":"https:\/\/ubanews.com\/site\/#\/schema\/person\/9d8da9ec3c8d00640ab6e8c81e103310","name":"Carlos Roberto Sodr\u00e9","image":{"@type":"ImageObject","inLanguage":"pt-BR","@id":"https:\/\/secure.gravatar.com\/avatar\/aab322e8555b56c468614fafdab8a8f924e394cdc6cfd8232f77e9e4d123a133?s=96&d=mm&r=g","url":"https:\/\/secure.gravatar.com\/avatar\/aab322e8555b56c468614fafdab8a8f924e394cdc6cfd8232f77e9e4d123a133?s=96&d=mm&r=g","contentUrl":"https:\/\/secure.gravatar.com\/avatar\/aab322e8555b56c468614fafdab8a8f924e394cdc6cfd8232f77e9e4d123a133?s=96&d=mm&r=g","caption":"Carlos Roberto Sodr\u00e9"},"url":"https:\/\/ubanews.com\/site\/author\/sodre\/"}]}},"_links":{"self":[{"href":"https:\/\/ubanews.com\/site\/wp-json\/wp\/v2\/posts\/22421","targetHints":{"allow":["GET"]}}],"collection":[{"href":"https:\/\/ubanews.com\/site\/wp-json\/wp\/v2\/posts"}],"about":[{"href":"https:\/\/ubanews.com\/site\/wp-json\/wp\/v2\/types\/post"}],"author":[{"embeddable":true,"href":"https:\/\/ubanews.com\/site\/wp-json\/wp\/v2\/users\/4"}],"replies":[{"embeddable":true,"href":"https:\/\/ubanews.com\/site\/wp-json\/wp\/v2\/comments?post=22421"}],"version-history":[{"count":0,"href":"https:\/\/ubanews.com\/site\/wp-json\/wp\/v2\/posts\/22421\/revisions"}],"wp:attachment":[{"href":"https:\/\/ubanews.com\/site\/wp-json\/wp\/v2\/media?parent=22421"}],"wp:term":[{"taxonomy":"category","embeddable":true,"href":"https:\/\/ubanews.com\/site\/wp-json\/wp\/v2\/categories?post=22421"},{"taxonomy":"post_tag","embeddable":true,"href":"https:\/\/ubanews.com\/site\/wp-json\/wp\/v2\/tags?post=22421"}],"curies":[{"name":"wp","href":"https:\/\/api.w.org\/{rel}","templated":true}]}}