{"id":22420,"date":"2023-12-01T11:40:46","date_gmt":"2023-12-01T14:40:46","guid":{"rendered":"http:\/\/ubanews.com\/site\/?p=22420"},"modified":"2023-12-01T11:40:46","modified_gmt":"2023-12-01T14:40:46","slug":"incidente-na-br-116-em-muriae-carreta-carregada-de-minerio-pega-fogo-apos-pane-na-caixa-de-marchas","status":"publish","type":"post","link":"https:\/\/ubanews.com\/site\/2023\/12\/01\/incidente-na-br-116-em-muriae-carreta-carregada-de-minerio-pega-fogo-apos-pane-na-caixa-de-marchas\/","title":{"rendered":"Incidente na BR-116 em Muria\u00e9: Carreta carregada de min\u00e9rio pega fogo ap\u00f3s pane na caixa de marchas"},"content":{"rendered":"<p>Na manh\u00e3 desta quinta-feira, 30 de novembro, um dram\u00e1tico incidente ocorreu na BR-116, pr\u00f3ximo a Muria\u00e9, quando uma carreta carregada com min\u00e9rio foi consumida por chamas intensas. O fogo come\u00e7ou ap\u00f3s o motorista perceber uma pane na caixa de marchas do ve\u00edculo.<\/p>\n<figure id=\"attachment_22417\" aria-describedby=\"caption-attachment-22417\" style=\"width: 552px\" class=\"wp-caption aligncenter\"><img decoding=\"async\" class=\"wp-image-22417 lazyload\" data-src=\"https:\/\/ubanews.com\/site\/wp-content\/uploads\/2023\/12\/whatsapp-image-2023-11-30-at-15.13.00-300x225.webp\" alt=\"\" width=\"552\" height=\"414\" data-srcset=\"https:\/\/ubanews.com\/site\/wp-content\/uploads\/2023\/12\/whatsapp-image-2023-11-30-at-15.13.00-300x225.webp 300w, https:\/\/ubanews.com\/site\/wp-content\/uploads\/2023\/12\/whatsapp-image-2023-11-30-at-15.13.00-768x576.webp 768w, https:\/\/ubanews.com\/site\/wp-content\/uploads\/2023\/12\/whatsapp-image-2023-11-30-at-15.13.00.webp 1000w\" data-sizes=\"(max-width: 552px) 100vw, 552px\" src=\"data:image\/svg+xml;base64,PHN2ZyB3aWR0aD0iMSIgaGVpZ2h0PSIxIiB4bWxucz0iaHR0cDovL3d3dy53My5vcmcvMjAwMC9zdmciPjwvc3ZnPg==\" style=\"--smush-placeholder-width: 552px; --smush-placeholder-aspect-ratio: 552\/414;\" \/><figcaption id=\"caption-attachment-22417\" class=\"wp-caption-text\">Foto: Corpo de Bombeiros\/Divulga\u00e7\u00e3o<\/figcaption><\/figure>\n<figure id=\"attachment_22418\" aria-describedby=\"caption-attachment-22418\" style=\"width: 551px\" class=\"wp-caption aligncenter\"><img decoding=\"async\" class=\"wp-image-22418 lazyload\" data-src=\"https:\/\/ubanews.com\/site\/wp-content\/uploads\/2023\/12\/photo1701360859-300x225.webp\" alt=\"\" width=\"551\" height=\"413\" data-srcset=\"https:\/\/ubanews.com\/site\/wp-content\/uploads\/2023\/12\/photo1701360859-300x225.webp 300w, https:\/\/ubanews.com\/site\/wp-content\/uploads\/2023\/12\/photo1701360859-768x576.webp 768w, https:\/\/ubanews.com\/site\/wp-content\/uploads\/2023\/12\/photo1701360859.webp 1000w\" data-sizes=\"(max-width: 551px) 100vw, 551px\" src=\"data:image\/svg+xml;base64,PHN2ZyB3aWR0aD0iMSIgaGVpZ2h0PSIxIiB4bWxucz0iaHR0cDovL3d3dy53My5vcmcvMjAwMC9zdmciPjwvc3ZnPg==\" style=\"--smush-placeholder-width: 551px; --smush-placeholder-aspect-ratio: 551\/413;\" \/><figcaption id=\"caption-attachment-22418\" class=\"wp-caption-text\">Foto: Corpo de Bombeiros\/Divulga\u00e7\u00e3o<\/figcaption><\/figure>\n<p>O motorista agiu com rapidez e conseguiu deixar a cabine em seguran\u00e7a antes que as chamas se alastrassem completamente. Apesar do impactante cen\u00e1rio, ele saiu ileso, evitando ferimentos.<\/p>\n<p>O tr\u00e1fego na rodovia foi interrompido temporariamente devido \u00e0 necessidade de controle do inc\u00eandio e remo\u00e7\u00e3o dos destro\u00e7os. Equipes de bombeiros e policiais rodovi\u00e1rios trabalharam incansavelmente para solucionar o problema e garantir a seguran\u00e7a na \u00e1rea.<\/p>\n","protected":false},"excerpt":{"rendered":"<p>Na manh\u00e3 desta quinta-feira, 30 de novembro, um dram\u00e1tico incidente<\/p>\n","protected":false},"author":4,"featured_media":0,"comment_status":"open","ping_status":"open","sticky":false,"template":"","format":"standard","meta":{"footnotes":""},"categories":[1],"tags":[],"class_list":["post-22420","post","type-post","status-publish","format-standard","hentry","category-sem-categoria"],"yoast_head":"<!-- This site is optimized with the Yoast SEO plugin v27.2 - https:\/\/yoast.com\/product\/yoast-seo-wordpress\/ -->\n<title>Incidente na BR-116 em Muria\u00e9: Carreta carregada de min\u00e9rio pega fogo ap\u00f3s pane na caixa de marchas - Ub\u00e1 News<\/title>\n<meta name=\"robots\" content=\"index, follow, max-snippet:-1, max-image-preview:large, max-video-preview:-1\" \/>\n<link rel=\"canonical\" href=\"https:\/\/ubanews.com\/site\/2023\/12\/01\/incidente-na-br-116-em-muriae-carreta-carregada-de-minerio-pega-fogo-apos-pane-na-caixa-de-marchas\/\" \/>\n<meta property=\"og:locale\" content=\"pt_BR\" \/>\n<meta property=\"og:type\" content=\"article\" \/>\n<meta property=\"og:title\" content=\"Incidente na BR-116 em Muria\u00e9: Carreta carregada de min\u00e9rio pega fogo ap\u00f3s pane na caixa de marchas - Ub\u00e1 News\" \/>\n<meta property=\"og:description\" content=\"Na manh\u00e3 desta quinta-feira, 30 de novembro, um dram\u00e1tico incidente\" \/>\n<meta property=\"og:url\" content=\"https:\/\/ubanews.com\/site\/2023\/12\/01\/incidente-na-br-116-em-muriae-carreta-carregada-de-minerio-pega-fogo-apos-pane-na-caixa-de-marchas\/\" \/>\n<meta property=\"og:site_name\" content=\"Ub\u00e1 News\" \/>\n<meta property=\"article:publisher\" content=\"https:\/\/www.facebook.com\/Ub%c3%a1News-Carlos-Roberto-Sodr%c3%a9-418778301977370\" \/>\n<meta property=\"article:published_time\" content=\"2023-12-01T14:40:46+00:00\" \/>\n<meta property=\"og:image\" content=\"http:\/\/ubanews.com\/site\/wp-content\/uploads\/2023\/12\/whatsapp-image-2023-11-30-at-15.13.00-300x225.webp\" \/>\n<meta name=\"author\" content=\"Carlos Roberto Sodr\u00e9\" \/>\n<meta name=\"twitter:card\" content=\"summary_large_image\" \/>\n<meta name=\"twitter:label1\" content=\"Escrito por\" \/>\n\t<meta name=\"twitter:data1\" content=\"Carlos Roberto Sodr\u00e9\" \/>\n\t<meta name=\"twitter:label2\" content=\"Est. tempo de leitura\" \/>\n\t<meta name=\"twitter:data2\" content=\"2 minutos\" \/>\n<script type=\"application\/ld+json\" class=\"yoast-schema-graph\">{\"@context\":\"https:\/\/schema.org\",\"@graph\":[{\"@type\":\"Article\",\"@id\":\"https:\/\/ubanews.com\/site\/2023\/12\/01\/incidente-na-br-116-em-muriae-carreta-carregada-de-minerio-pega-fogo-apos-pane-na-caixa-de-marchas\/#article\",\"isPartOf\":{\"@id\":\"https:\/\/ubanews.com\/site\/2023\/12\/01\/incidente-na-br-116-em-muriae-carreta-carregada-de-minerio-pega-fogo-apos-pane-na-caixa-de-marchas\/\"},\"author\":{\"name\":\"Carlos Roberto Sodr\u00e9\",\"@id\":\"https:\/\/ubanews.com\/site\/#\/schema\/person\/9d8da9ec3c8d00640ab6e8c81e103310\"},\"headline\":\"Incidente na BR-116 em Muria\u00e9: Carreta carregada de min\u00e9rio pega fogo ap\u00f3s pane na caixa de marchas\",\"datePublished\":\"2023-12-01T14:40:46+00:00\",\"mainEntityOfPage\":{\"@id\":\"https:\/\/ubanews.com\/site\/2023\/12\/01\/incidente-na-br-116-em-muriae-carreta-carregada-de-minerio-pega-fogo-apos-pane-na-caixa-de-marchas\/\"},\"wordCount\":163,\"commentCount\":0,\"publisher\":{\"@id\":\"https:\/\/ubanews.com\/site\/#organization\"},\"image\":{\"@id\":\"https:\/\/ubanews.com\/site\/2023\/12\/01\/incidente-na-br-116-em-muriae-carreta-carregada-de-minerio-pega-fogo-apos-pane-na-caixa-de-marchas\/#primaryimage\"},\"thumbnailUrl\":\"http:\/\/ubanews.com\/site\/wp-content\/uploads\/2023\/12\/whatsapp-image-2023-11-30-at-15.13.00-300x225.webp\",\"articleSection\":[\"Geral\"],\"inLanguage\":\"pt-BR\",\"potentialAction\":[{\"@type\":\"CommentAction\",\"name\":\"Comment\",\"target\":[\"https:\/\/ubanews.com\/site\/2023\/12\/01\/incidente-na-br-116-em-muriae-carreta-carregada-de-minerio-pega-fogo-apos-pane-na-caixa-de-marchas\/#respond\"]}]},{\"@type\":\"WebPage\",\"@id\":\"https:\/\/ubanews.com\/site\/2023\/12\/01\/incidente-na-br-116-em-muriae-carreta-carregada-de-minerio-pega-fogo-apos-pane-na-caixa-de-marchas\/\",\"url\":\"https:\/\/ubanews.com\/site\/2023\/12\/01\/incidente-na-br-116-em-muriae-carreta-carregada-de-minerio-pega-fogo-apos-pane-na-caixa-de-marchas\/\",\"name\":\"Incidente na BR-116 em Muria\u00e9: Carreta carregada de min\u00e9rio pega fogo ap\u00f3s pane na caixa de marchas - Ub\u00e1 News\",\"isPartOf\":{\"@id\":\"https:\/\/ubanews.com\/site\/#website\"},\"primaryImageOfPage\":{\"@id\":\"https:\/\/ubanews.com\/site\/2023\/12\/01\/incidente-na-br-116-em-muriae-carreta-carregada-de-minerio-pega-fogo-apos-pane-na-caixa-de-marchas\/#primaryimage\"},\"image\":{\"@id\":\"https:\/\/ubanews.com\/site\/2023\/12\/01\/incidente-na-br-116-em-muriae-carreta-carregada-de-minerio-pega-fogo-apos-pane-na-caixa-de-marchas\/#primaryimage\"},\"thumbnailUrl\":\"http:\/\/ubanews.com\/site\/wp-content\/uploads\/2023\/12\/whatsapp-image-2023-11-30-at-15.13.00-300x225.webp\",\"datePublished\":\"2023-12-01T14:40:46+00:00\",\"breadcrumb\":{\"@id\":\"https:\/\/ubanews.com\/site\/2023\/12\/01\/incidente-na-br-116-em-muriae-carreta-carregada-de-minerio-pega-fogo-apos-pane-na-caixa-de-marchas\/#breadcrumb\"},\"inLanguage\":\"pt-BR\",\"potentialAction\":[{\"@type\":\"ReadAction\",\"target\":[\"https:\/\/ubanews.com\/site\/2023\/12\/01\/incidente-na-br-116-em-muriae-carreta-carregada-de-minerio-pega-fogo-apos-pane-na-caixa-de-marchas\/\"]}]},{\"@type\":\"ImageObject\",\"inLanguage\":\"pt-BR\",\"@id\":\"https:\/\/ubanews.com\/site\/2023\/12\/01\/incidente-na-br-116-em-muriae-carreta-carregada-de-minerio-pega-fogo-apos-pane-na-caixa-de-marchas\/#primaryimage\",\"url\":\"http:\/\/ubanews.com\/site\/wp-content\/uploads\/2023\/12\/whatsapp-image-2023-11-30-at-15.13.00-300x225.webp\",\"contentUrl\":\"http:\/\/ubanews.com\/site\/wp-content\/uploads\/2023\/12\/whatsapp-image-2023-11-30-at-15.13.00-300x225.webp\"},{\"@type\":\"BreadcrumbList\",\"@id\":\"https:\/\/ubanews.com\/site\/2023\/12\/01\/incidente-na-br-116-em-muriae-carreta-carregada-de-minerio-pega-fogo-apos-pane-na-caixa-de-marchas\/#breadcrumb\",\"itemListElement\":[{\"@type\":\"ListItem\",\"position\":1,\"name\":\"Home\",\"item\":\"https:\/\/ubanews.com\/site\/\"},{\"@type\":\"ListItem\",\"position\":2,\"name\":\"Incidente na BR-116 em Muria\u00e9: Carreta carregada de min\u00e9rio pega fogo ap\u00f3s pane na caixa de marchas\"}]},{\"@type\":\"WebSite\",\"@id\":\"https:\/\/ubanews.com\/site\/#website\",\"url\":\"https:\/\/ubanews.com\/site\/\",\"name\":\"Ub\u00e1 News\",\"description\":\"\",\"publisher\":{\"@id\":\"https:\/\/ubanews.com\/site\/#organization\"},\"potentialAction\":[{\"@type\":\"SearchAction\",\"target\":{\"@type\":\"EntryPoint\",\"urlTemplate\":\"https:\/\/ubanews.com\/site\/?s={search_term_string}\"},\"query-input\":{\"@type\":\"PropertyValueSpecification\",\"valueRequired\":true,\"valueName\":\"search_term_string\"}}],\"inLanguage\":\"pt-BR\"},{\"@type\":\"Organization\",\"@id\":\"https:\/\/ubanews.com\/site\/#organization\",\"name\":\"Ub\u00e1 News\",\"url\":\"https:\/\/ubanews.com\/site\/\",\"logo\":{\"@type\":\"ImageObject\",\"inLanguage\":\"pt-BR\",\"@id\":\"https:\/\/ubanews.com\/site\/#\/schema\/logo\/image\/\",\"url\":\"https:\/\/ubanews.com\/site\/wp-content\/uploads\/2018\/01\/logoubanews.png\",\"contentUrl\":\"https:\/\/ubanews.com\/site\/wp-content\/uploads\/2018\/01\/logoubanews.png\",\"width\":261,\"height\":99,\"caption\":\"Ub\u00e1 News\"},\"image\":{\"@id\":\"https:\/\/ubanews.com\/site\/#\/schema\/logo\/image\/\"},\"sameAs\":[\"https:\/\/www.facebook.com\/Ub\u00e1News-Carlos-Roberto-Sodr\u00e9-418778301977370\"]},{\"@type\":\"Person\",\"@id\":\"https:\/\/ubanews.com\/site\/#\/schema\/person\/9d8da9ec3c8d00640ab6e8c81e103310\",\"name\":\"Carlos Roberto Sodr\u00e9\",\"image\":{\"@type\":\"ImageObject\",\"inLanguage\":\"pt-BR\",\"@id\":\"https:\/\/secure.gravatar.com\/avatar\/aab322e8555b56c468614fafdab8a8f924e394cdc6cfd8232f77e9e4d123a133?s=96&d=mm&r=g\",\"url\":\"https:\/\/secure.gravatar.com\/avatar\/aab322e8555b56c468614fafdab8a8f924e394cdc6cfd8232f77e9e4d123a133?s=96&d=mm&r=g\",\"contentUrl\":\"https:\/\/secure.gravatar.com\/avatar\/aab322e8555b56c468614fafdab8a8f924e394cdc6cfd8232f77e9e4d123a133?s=96&d=mm&r=g\",\"caption\":\"Carlos Roberto Sodr\u00e9\"},\"url\":\"https:\/\/ubanews.com\/site\/author\/sodre\/\"}]}<\/script>\n<!-- \/ Yoast SEO plugin. -->","yoast_head_json":{"title":"Incidente na BR-116 em Muria\u00e9: Carreta carregada de min\u00e9rio pega fogo ap\u00f3s pane na caixa de marchas - Ub\u00e1 News","robots":{"index":"index","follow":"follow","max-snippet":"max-snippet:-1","max-image-preview":"max-image-preview:large","max-video-preview":"max-video-preview:-1"},"canonical":"https:\/\/ubanews.com\/site\/2023\/12\/01\/incidente-na-br-116-em-muriae-carreta-carregada-de-minerio-pega-fogo-apos-pane-na-caixa-de-marchas\/","og_locale":"pt_BR","og_type":"article","og_title":"Incidente na BR-116 em Muria\u00e9: Carreta carregada de min\u00e9rio pega fogo ap\u00f3s pane na caixa de marchas - Ub\u00e1 News","og_description":"Na manh\u00e3 desta quinta-feira, 30 de novembro, um dram\u00e1tico incidente","og_url":"https:\/\/ubanews.com\/site\/2023\/12\/01\/incidente-na-br-116-em-muriae-carreta-carregada-de-minerio-pega-fogo-apos-pane-na-caixa-de-marchas\/","og_site_name":"Ub\u00e1 News","article_publisher":"https:\/\/www.facebook.com\/Ub%c3%a1News-Carlos-Roberto-Sodr%c3%a9-418778301977370","article_published_time":"2023-12-01T14:40:46+00:00","og_image":[{"url":"http:\/\/ubanews.com\/site\/wp-content\/uploads\/2023\/12\/whatsapp-image-2023-11-30-at-15.13.00-300x225.webp","type":"","width":"","height":""}],"author":"Carlos Roberto Sodr\u00e9","twitter_card":"summary_large_image","twitter_misc":{"Escrito por":"Carlos Roberto Sodr\u00e9","Est. tempo de leitura":"2 minutos"},"schema":{"@context":"https:\/\/schema.org","@graph":[{"@type":"Article","@id":"https:\/\/ubanews.com\/site\/2023\/12\/01\/incidente-na-br-116-em-muriae-carreta-carregada-de-minerio-pega-fogo-apos-pane-na-caixa-de-marchas\/#article","isPartOf":{"@id":"https:\/\/ubanews.com\/site\/2023\/12\/01\/incidente-na-br-116-em-muriae-carreta-carregada-de-minerio-pega-fogo-apos-pane-na-caixa-de-marchas\/"},"author":{"name":"Carlos Roberto Sodr\u00e9","@id":"https:\/\/ubanews.com\/site\/#\/schema\/person\/9d8da9ec3c8d00640ab6e8c81e103310"},"headline":"Incidente na BR-116 em Muria\u00e9: Carreta carregada de min\u00e9rio pega fogo ap\u00f3s pane na caixa de marchas","datePublished":"2023-12-01T14:40:46+00:00","mainEntityOfPage":{"@id":"https:\/\/ubanews.com\/site\/2023\/12\/01\/incidente-na-br-116-em-muriae-carreta-carregada-de-minerio-pega-fogo-apos-pane-na-caixa-de-marchas\/"},"wordCount":163,"commentCount":0,"publisher":{"@id":"https:\/\/ubanews.com\/site\/#organization"},"image":{"@id":"https:\/\/ubanews.com\/site\/2023\/12\/01\/incidente-na-br-116-em-muriae-carreta-carregada-de-minerio-pega-fogo-apos-pane-na-caixa-de-marchas\/#primaryimage"},"thumbnailUrl":"http:\/\/ubanews.com\/site\/wp-content\/uploads\/2023\/12\/whatsapp-image-2023-11-30-at-15.13.00-300x225.webp","articleSection":["Geral"],"inLanguage":"pt-BR","potentialAction":[{"@type":"CommentAction","name":"Comment","target":["https:\/\/ubanews.com\/site\/2023\/12\/01\/incidente-na-br-116-em-muriae-carreta-carregada-de-minerio-pega-fogo-apos-pane-na-caixa-de-marchas\/#respond"]}]},{"@type":"WebPage","@id":"https:\/\/ubanews.com\/site\/2023\/12\/01\/incidente-na-br-116-em-muriae-carreta-carregada-de-minerio-pega-fogo-apos-pane-na-caixa-de-marchas\/","url":"https:\/\/ubanews.com\/site\/2023\/12\/01\/incidente-na-br-116-em-muriae-carreta-carregada-de-minerio-pega-fogo-apos-pane-na-caixa-de-marchas\/","name":"Incidente na BR-116 em Muria\u00e9: Carreta carregada de min\u00e9rio pega fogo ap\u00f3s pane na caixa de marchas - Ub\u00e1 News","isPartOf":{"@id":"https:\/\/ubanews.com\/site\/#website"},"primaryImageOfPage":{"@id":"https:\/\/ubanews.com\/site\/2023\/12\/01\/incidente-na-br-116-em-muriae-carreta-carregada-de-minerio-pega-fogo-apos-pane-na-caixa-de-marchas\/#primaryimage"},"image":{"@id":"https:\/\/ubanews.com\/site\/2023\/12\/01\/incidente-na-br-116-em-muriae-carreta-carregada-de-minerio-pega-fogo-apos-pane-na-caixa-de-marchas\/#primaryimage"},"thumbnailUrl":"http:\/\/ubanews.com\/site\/wp-content\/uploads\/2023\/12\/whatsapp-image-2023-11-30-at-15.13.00-300x225.webp","datePublished":"2023-12-01T14:40:46+00:00","breadcrumb":{"@id":"https:\/\/ubanews.com\/site\/2023\/12\/01\/incidente-na-br-116-em-muriae-carreta-carregada-de-minerio-pega-fogo-apos-pane-na-caixa-de-marchas\/#breadcrumb"},"inLanguage":"pt-BR","potentialAction":[{"@type":"ReadAction","target":["https:\/\/ubanews.com\/site\/2023\/12\/01\/incidente-na-br-116-em-muriae-carreta-carregada-de-minerio-pega-fogo-apos-pane-na-caixa-de-marchas\/"]}]},{"@type":"ImageObject","inLanguage":"pt-BR","@id":"https:\/\/ubanews.com\/site\/2023\/12\/01\/incidente-na-br-116-em-muriae-carreta-carregada-de-minerio-pega-fogo-apos-pane-na-caixa-de-marchas\/#primaryimage","url":"http:\/\/ubanews.com\/site\/wp-content\/uploads\/2023\/12\/whatsapp-image-2023-11-30-at-15.13.00-300x225.webp","contentUrl":"http:\/\/ubanews.com\/site\/wp-content\/uploads\/2023\/12\/whatsapp-image-2023-11-30-at-15.13.00-300x225.webp"},{"@type":"BreadcrumbList","@id":"https:\/\/ubanews.com\/site\/2023\/12\/01\/incidente-na-br-116-em-muriae-carreta-carregada-de-minerio-pega-fogo-apos-pane-na-caixa-de-marchas\/#breadcrumb","itemListElement":[{"@type":"ListItem","position":1,"name":"Home","item":"https:\/\/ubanews.com\/site\/"},{"@type":"ListItem","position":2,"name":"Incidente na BR-116 em Muria\u00e9: Carreta carregada de min\u00e9rio pega fogo ap\u00f3s pane na caixa de marchas"}]},{"@type":"WebSite","@id":"https:\/\/ubanews.com\/site\/#website","url":"https:\/\/ubanews.com\/site\/","name":"Ub\u00e1 News","description":"","publisher":{"@id":"https:\/\/ubanews.com\/site\/#organization"},"potentialAction":[{"@type":"SearchAction","target":{"@type":"EntryPoint","urlTemplate":"https:\/\/ubanews.com\/site\/?s={search_term_string}"},"query-input":{"@type":"PropertyValueSpecification","valueRequired":true,"valueName":"search_term_string"}}],"inLanguage":"pt-BR"},{"@type":"Organization","@id":"https:\/\/ubanews.com\/site\/#organization","name":"Ub\u00e1 News","url":"https:\/\/ubanews.com\/site\/","logo":{"@type":"ImageObject","inLanguage":"pt-BR","@id":"https:\/\/ubanews.com\/site\/#\/schema\/logo\/image\/","url":"https:\/\/ubanews.com\/site\/wp-content\/uploads\/2018\/01\/logoubanews.png","contentUrl":"https:\/\/ubanews.com\/site\/wp-content\/uploads\/2018\/01\/logoubanews.png","width":261,"height":99,"caption":"Ub\u00e1 News"},"image":{"@id":"https:\/\/ubanews.com\/site\/#\/schema\/logo\/image\/"},"sameAs":["https:\/\/www.facebook.com\/Ub\u00e1News-Carlos-Roberto-Sodr\u00e9-418778301977370"]},{"@type":"Person","@id":"https:\/\/ubanews.com\/site\/#\/schema\/person\/9d8da9ec3c8d00640ab6e8c81e103310","name":"Carlos Roberto Sodr\u00e9","image":{"@type":"ImageObject","inLanguage":"pt-BR","@id":"https:\/\/secure.gravatar.com\/avatar\/aab322e8555b56c468614fafdab8a8f924e394cdc6cfd8232f77e9e4d123a133?s=96&d=mm&r=g","url":"https:\/\/secure.gravatar.com\/avatar\/aab322e8555b56c468614fafdab8a8f924e394cdc6cfd8232f77e9e4d123a133?s=96&d=mm&r=g","contentUrl":"https:\/\/secure.gravatar.com\/avatar\/aab322e8555b56c468614fafdab8a8f924e394cdc6cfd8232f77e9e4d123a133?s=96&d=mm&r=g","caption":"Carlos Roberto Sodr\u00e9"},"url":"https:\/\/ubanews.com\/site\/author\/sodre\/"}]}},"_links":{"self":[{"href":"https:\/\/ubanews.com\/site\/wp-json\/wp\/v2\/posts\/22420","targetHints":{"allow":["GET"]}}],"collection":[{"href":"https:\/\/ubanews.com\/site\/wp-json\/wp\/v2\/posts"}],"about":[{"href":"https:\/\/ubanews.com\/site\/wp-json\/wp\/v2\/types\/post"}],"author":[{"embeddable":true,"href":"https:\/\/ubanews.com\/site\/wp-json\/wp\/v2\/users\/4"}],"replies":[{"embeddable":true,"href":"https:\/\/ubanews.com\/site\/wp-json\/wp\/v2\/comments?post=22420"}],"version-history":[{"count":0,"href":"https:\/\/ubanews.com\/site\/wp-json\/wp\/v2\/posts\/22420\/revisions"}],"wp:attachment":[{"href":"https:\/\/ubanews.com\/site\/wp-json\/wp\/v2\/media?parent=22420"}],"wp:term":[{"taxonomy":"category","embeddable":true,"href":"https:\/\/ubanews.com\/site\/wp-json\/wp\/v2\/categories?post=22420"},{"taxonomy":"post_tag","embeddable":true,"href":"https:\/\/ubanews.com\/site\/wp-json\/wp\/v2\/tags?post=22420"}],"curies":[{"name":"wp","href":"https:\/\/api.w.org\/{rel}","templated":true}]}}