{"id":22414,"date":"2023-11-29T12:00:49","date_gmt":"2023-11-29T15:00:49","guid":{"rendered":"http:\/\/ubanews.com\/site\/?p=22414"},"modified":"2023-12-04T11:36:39","modified_gmt":"2023-12-04T14:36:39","slug":"10o-encontro-nacional-para-jovens-cursilhistas-uma-jornada-de-fe-e-uniao-em-salvador-ba","status":"publish","type":"post","link":"https:\/\/ubanews.com\/site\/2023\/11\/29\/10o-encontro-nacional-para-jovens-cursilhistas-uma-jornada-de-fe-e-uniao-em-salvador-ba\/","title":{"rendered":"10\u00ba Encontro Nacional para Jovens Cursilhistas: uma jornada de f\u00e9 e uni\u00e3o em Salvador-BA"},"content":{"rendered":"<p><img decoding=\"async\" class=\"aligncenter wp-image-22413 lazyload\" data-src=\"https:\/\/ubanews.com\/site\/wp-content\/uploads\/2023\/11\/WhatsApp-Image-2023-11-28-at-12.01.36-300x222.jpeg\" alt=\"\" width=\"551\" height=\"408\" data-srcset=\"https:\/\/ubanews.com\/site\/wp-content\/uploads\/2023\/11\/WhatsApp-Image-2023-11-28-at-12.01.36-300x222.jpeg 300w, https:\/\/ubanews.com\/site\/wp-content\/uploads\/2023\/11\/WhatsApp-Image-2023-11-28-at-12.01.36-1024x756.jpeg 1024w, https:\/\/ubanews.com\/site\/wp-content\/uploads\/2023\/11\/WhatsApp-Image-2023-11-28-at-12.01.36-768x567.jpeg 768w, https:\/\/ubanews.com\/site\/wp-content\/uploads\/2023\/11\/WhatsApp-Image-2023-11-28-at-12.01.36.jpeg 1296w\" data-sizes=\"(max-width: 551px) 100vw, 551px\" src=\"data:image\/svg+xml;base64,PHN2ZyB3aWR0aD0iMSIgaGVpZ2h0PSIxIiB4bWxucz0iaHR0cDovL3d3dy53My5vcmcvMjAwMC9zdmciPjwvc3ZnPg==\" style=\"--smush-placeholder-width: 551px; --smush-placeholder-aspect-ratio: 551\/408;\" \/><\/p>\n<p>O 10\u00ba Encontro Nacional para Jovens Cursilhistas, promovido pelo Movimento de Cursilhos de Cristandade, reuniu fervor e espiritualidade na ensolarada cidade de Salvador, Bahia. Este evento, que aconteceu de 16 a 19 de dezembro de 2023, reiniu jovens vindos das cinco regi\u00f5es do Brasil.<\/p>\n<figure id=\"attachment_22405\" aria-describedby=\"caption-attachment-22405\" style=\"width: 551px\" class=\"wp-caption aligncenter\"><img decoding=\"async\" class=\"wp-image-22405 lazyload\" data-src=\"https:\/\/ubanews.com\/site\/wp-content\/uploads\/2023\/11\/WhatsApp-Image-2023-11-28-at-12.04.27-1-300x199.jpeg\" alt=\"\" width=\"551\" height=\"365\" data-srcset=\"https:\/\/ubanews.com\/site\/wp-content\/uploads\/2023\/11\/WhatsApp-Image-2023-11-28-at-12.04.27-1-300x199.jpeg 300w, https:\/\/ubanews.com\/site\/wp-content\/uploads\/2023\/11\/WhatsApp-Image-2023-11-28-at-12.04.27-1-1024x678.jpeg 1024w, https:\/\/ubanews.com\/site\/wp-content\/uploads\/2023\/11\/WhatsApp-Image-2023-11-28-at-12.04.27-1-768x509.jpeg 768w, https:\/\/ubanews.com\/site\/wp-content\/uploads\/2023\/11\/WhatsApp-Image-2023-11-28-at-12.04.27-1-120x80.jpeg 120w, https:\/\/ubanews.com\/site\/wp-content\/uploads\/2023\/11\/WhatsApp-Image-2023-11-28-at-12.04.27-1.jpeg 1078w\" data-sizes=\"(max-width: 551px) 100vw, 551px\" src=\"data:image\/svg+xml;base64,PHN2ZyB3aWR0aD0iMSIgaGVpZ2h0PSIxIiB4bWxucz0iaHR0cDovL3d3dy53My5vcmcvMjAwMC9zdmciPjwvc3ZnPg==\" style=\"--smush-placeholder-width: 551px; --smush-placeholder-aspect-ratio: 551\/365;\" \/><figcaption id=\"caption-attachment-22405\" class=\"wp-caption-text\">Foto de Tainan Santos.<\/figcaption><\/figure>\n<figure id=\"attachment_22406\" aria-describedby=\"caption-attachment-22406\" style=\"width: 549px\" class=\"wp-caption aligncenter\"><img decoding=\"async\" class=\"wp-image-22406 lazyload\" data-src=\"https:\/\/ubanews.com\/site\/wp-content\/uploads\/2023\/11\/WhatsApp-Image-2023-11-28-at-12.04.27-300x200.jpeg\" alt=\"\" width=\"549\" height=\"366\" data-srcset=\"https:\/\/ubanews.com\/site\/wp-content\/uploads\/2023\/11\/WhatsApp-Image-2023-11-28-at-12.04.27-300x200.jpeg 300w, https:\/\/ubanews.com\/site\/wp-content\/uploads\/2023\/11\/WhatsApp-Image-2023-11-28-at-12.04.27-1024x682.jpeg 1024w, https:\/\/ubanews.com\/site\/wp-content\/uploads\/2023\/11\/WhatsApp-Image-2023-11-28-at-12.04.27-768x512.jpeg 768w, https:\/\/ubanews.com\/site\/wp-content\/uploads\/2023\/11\/WhatsApp-Image-2023-11-28-at-12.04.27-120x80.jpeg 120w, https:\/\/ubanews.com\/site\/wp-content\/uploads\/2023\/11\/WhatsApp-Image-2023-11-28-at-12.04.27.jpeg 1078w\" data-sizes=\"(max-width: 549px) 100vw, 549px\" src=\"data:image\/svg+xml;base64,PHN2ZyB3aWR0aD0iMSIgaGVpZ2h0PSIxIiB4bWxucz0iaHR0cDovL3d3dy53My5vcmcvMjAwMC9zdmciPjwvc3ZnPg==\" style=\"--smush-placeholder-width: 549px; --smush-placeholder-aspect-ratio: 549\/366;\" \/><figcaption id=\"caption-attachment-22406\" class=\"wp-caption-text\">Foto de Tainan Santos.<\/figcaption><\/figure>\n<figure id=\"attachment_22404\" aria-describedby=\"caption-attachment-22404\" style=\"width: 551px\" class=\"wp-caption aligncenter\"><img decoding=\"async\" class=\"wp-image-22404 lazyload\" data-src=\"https:\/\/ubanews.com\/site\/wp-content\/uploads\/2023\/11\/WhatsApp-Image-2023-11-28-at-12.04.27-2-300x203.jpeg\" alt=\"\" width=\"551\" height=\"373\" data-srcset=\"https:\/\/ubanews.com\/site\/wp-content\/uploads\/2023\/11\/WhatsApp-Image-2023-11-28-at-12.04.27-2-300x203.jpeg 300w, https:\/\/ubanews.com\/site\/wp-content\/uploads\/2023\/11\/WhatsApp-Image-2023-11-28-at-12.04.27-2-1024x692.jpeg 1024w, https:\/\/ubanews.com\/site\/wp-content\/uploads\/2023\/11\/WhatsApp-Image-2023-11-28-at-12.04.27-2-768x519.jpeg 768w, https:\/\/ubanews.com\/site\/wp-content\/uploads\/2023\/11\/WhatsApp-Image-2023-11-28-at-12.04.27-2-120x80.jpeg 120w, https:\/\/ubanews.com\/site\/wp-content\/uploads\/2023\/11\/WhatsApp-Image-2023-11-28-at-12.04.27-2.jpeg 1078w\" data-sizes=\"(max-width: 551px) 100vw, 551px\" src=\"data:image\/svg+xml;base64,PHN2ZyB3aWR0aD0iMSIgaGVpZ2h0PSIxIiB4bWxucz0iaHR0cDovL3d3dy53My5vcmcvMjAwMC9zdmciPjwvc3ZnPg==\" style=\"--smush-placeholder-width: 551px; --smush-placeholder-aspect-ratio: 551\/373;\" \/><figcaption id=\"caption-attachment-22404\" class=\"wp-caption-text\">Foto de Tainan Santos.<\/figcaption><\/figure>\n<figure id=\"attachment_22407\" aria-describedby=\"caption-attachment-22407\" style=\"width: 552px\" class=\"wp-caption aligncenter\"><img decoding=\"async\" class=\"wp-image-22407 lazyload\" data-src=\"https:\/\/ubanews.com\/site\/wp-content\/uploads\/2023\/11\/WhatsApp-Image-2023-11-28-at-12.01.36-6-300x198.jpeg\" alt=\"\" width=\"552\" height=\"364\" data-srcset=\"https:\/\/ubanews.com\/site\/wp-content\/uploads\/2023\/11\/WhatsApp-Image-2023-11-28-at-12.01.36-6-300x198.jpeg 300w, https:\/\/ubanews.com\/site\/wp-content\/uploads\/2023\/11\/WhatsApp-Image-2023-11-28-at-12.01.36-6-1024x675.jpeg 1024w, https:\/\/ubanews.com\/site\/wp-content\/uploads\/2023\/11\/WhatsApp-Image-2023-11-28-at-12.01.36-6-768x507.jpeg 768w, https:\/\/ubanews.com\/site\/wp-content\/uploads\/2023\/11\/WhatsApp-Image-2023-11-28-at-12.01.36-6-120x80.jpeg 120w, https:\/\/ubanews.com\/site\/wp-content\/uploads\/2023\/11\/WhatsApp-Image-2023-11-28-at-12.01.36-6.jpeg 1078w\" data-sizes=\"(max-width: 552px) 100vw, 552px\" src=\"data:image\/svg+xml;base64,PHN2ZyB3aWR0aD0iMSIgaGVpZ2h0PSIxIiB4bWxucz0iaHR0cDovL3d3dy53My5vcmcvMjAwMC9zdmciPjwvc3ZnPg==\" style=\"--smush-placeholder-width: 552px; --smush-placeholder-aspect-ratio: 552\/364;\" \/><figcaption id=\"caption-attachment-22407\" class=\"wp-caption-text\">Foto de Tainan Santos.<\/figcaption><\/figure>\n<figure id=\"attachment_22403\" aria-describedby=\"caption-attachment-22403\" style=\"width: 551px\" class=\"wp-caption aligncenter\"><img decoding=\"async\" class=\"wp-image-22403 lazyload\" data-src=\"https:\/\/ubanews.com\/site\/wp-content\/uploads\/2023\/11\/WhatsApp-Image-2023-11-28-at-12.04.27-3-300x195.jpeg\" alt=\"\" width=\"551\" height=\"358\" data-srcset=\"https:\/\/ubanews.com\/site\/wp-content\/uploads\/2023\/11\/WhatsApp-Image-2023-11-28-at-12.04.27-3-300x195.jpeg 300w, https:\/\/ubanews.com\/site\/wp-content\/uploads\/2023\/11\/WhatsApp-Image-2023-11-28-at-12.04.27-3-1024x665.jpeg 1024w, https:\/\/ubanews.com\/site\/wp-content\/uploads\/2023\/11\/WhatsApp-Image-2023-11-28-at-12.04.27-3-768x499.jpeg 768w, https:\/\/ubanews.com\/site\/wp-content\/uploads\/2023\/11\/WhatsApp-Image-2023-11-28-at-12.04.27-3.jpeg 1078w\" data-sizes=\"(max-width: 551px) 100vw, 551px\" src=\"data:image\/svg+xml;base64,PHN2ZyB3aWR0aD0iMSIgaGVpZ2h0PSIxIiB4bWxucz0iaHR0cDovL3d3dy53My5vcmcvMjAwMC9zdmciPjwvc3ZnPg==\" style=\"--smush-placeholder-width: 551px; --smush-placeholder-aspect-ratio: 551\/358;\" \/><figcaption id=\"caption-attachment-22403\" class=\"wp-caption-text\">Foto de Tainan Santos.<\/figcaption><\/figure>\n<p>Originado na Espanha, o Movimento de Cursilhos de Cristandade expandiu suas ra\u00edzes para al\u00e9m das fronteiras, tornando-se uma pastoral significativa na Igreja Cat\u00f3lica em todo o mundo. O 10\u00ba Encontro Nacional para Jovens Cursilhistas foi um testemunho vibrante dessa dissemina\u00e7\u00e3o, proporcionando aos participantes uma experi\u00eancia \u00fanica de proximidade com Deus.<\/p>\n<p>Jovens cursilhistas compartilharam momentos de espiritualidade profunda, destacando a import\u00e2ncia de estar entre pares na mesma jornada de f\u00e9. Al\u00e9m da conex\u00e3o espiritual, a atmosfera descontra\u00edda permitiu que a juventude expressasse a alegria de viver a f\u00e9 em conjunto.<\/p>\n<p><img decoding=\"async\" class=\"aligncenter wp-image-22410 lazyload\" data-src=\"https:\/\/ubanews.com\/site\/wp-content\/uploads\/2023\/11\/WhatsApp-Image-2023-11-28-at-12.01.36-3-225x300.jpeg\" alt=\"\" width=\"414\" height=\"552\" data-srcset=\"https:\/\/ubanews.com\/site\/wp-content\/uploads\/2023\/11\/WhatsApp-Image-2023-11-28-at-12.01.36-3-225x300.jpeg 225w, https:\/\/ubanews.com\/site\/wp-content\/uploads\/2023\/11\/WhatsApp-Image-2023-11-28-at-12.01.36-3-768x1024.jpeg 768w, https:\/\/ubanews.com\/site\/wp-content\/uploads\/2023\/11\/WhatsApp-Image-2023-11-28-at-12.01.36-3-1152x1536.jpeg 1152w, https:\/\/ubanews.com\/site\/wp-content\/uploads\/2023\/11\/WhatsApp-Image-2023-11-28-at-12.01.36-3.jpeg 1200w\" data-sizes=\"(max-width: 414px) 100vw, 414px\" src=\"data:image\/svg+xml;base64,PHN2ZyB3aWR0aD0iMSIgaGVpZ2h0PSIxIiB4bWxucz0iaHR0cDovL3d3dy53My5vcmcvMjAwMC9zdmciPjwvc3ZnPg==\" style=\"--smush-placeholder-width: 414px; --smush-placeholder-aspect-ratio: 414\/552;\" \/><\/p>\n<p><img decoding=\"async\" class=\"aligncenter wp-image-22409 lazyload\" data-src=\"https:\/\/ubanews.com\/site\/wp-content\/uploads\/2023\/11\/WhatsApp-Image-2023-11-28-at-12.01.36-4-225x300.jpeg\" alt=\"\" width=\"413\" height=\"551\" data-srcset=\"https:\/\/ubanews.com\/site\/wp-content\/uploads\/2023\/11\/WhatsApp-Image-2023-11-28-at-12.01.36-4-225x300.jpeg 225w, https:\/\/ubanews.com\/site\/wp-content\/uploads\/2023\/11\/WhatsApp-Image-2023-11-28-at-12.01.36-4-768x1024.jpeg 768w, https:\/\/ubanews.com\/site\/wp-content\/uploads\/2023\/11\/WhatsApp-Image-2023-11-28-at-12.01.36-4-1152x1536.jpeg 1152w, https:\/\/ubanews.com\/site\/wp-content\/uploads\/2023\/11\/WhatsApp-Image-2023-11-28-at-12.01.36-4.jpeg 1200w\" data-sizes=\"(max-width: 413px) 100vw, 413px\" src=\"data:image\/svg+xml;base64,PHN2ZyB3aWR0aD0iMSIgaGVpZ2h0PSIxIiB4bWxucz0iaHR0cDovL3d3dy53My5vcmcvMjAwMC9zdmciPjwvc3ZnPg==\" style=\"--smush-placeholder-width: 413px; --smush-placeholder-aspect-ratio: 413\/551;\" \/><\/p>\n<p><img decoding=\"async\" class=\"aligncenter wp-image-22412 lazyload\" data-src=\"https:\/\/ubanews.com\/site\/wp-content\/uploads\/2023\/11\/WhatsApp-Image-2023-11-28-at-12.01.36-1-300x169.jpeg\" alt=\"\" width=\"552\" height=\"311\" data-srcset=\"https:\/\/ubanews.com\/site\/wp-content\/uploads\/2023\/11\/WhatsApp-Image-2023-11-28-at-12.01.36-1-300x169.jpeg 300w, https:\/\/ubanews.com\/site\/wp-content\/uploads\/2023\/11\/WhatsApp-Image-2023-11-28-at-12.01.36-1-1024x576.jpeg 1024w, https:\/\/ubanews.com\/site\/wp-content\/uploads\/2023\/11\/WhatsApp-Image-2023-11-28-at-12.01.36-1-768x432.jpeg 768w, https:\/\/ubanews.com\/site\/wp-content\/uploads\/2023\/11\/WhatsApp-Image-2023-11-28-at-12.01.36-1-1536x864.jpeg 1536w, https:\/\/ubanews.com\/site\/wp-content\/uploads\/2023\/11\/WhatsApp-Image-2023-11-28-at-12.01.36-1.jpeg 1600w\" data-sizes=\"(max-width: 552px) 100vw, 552px\" src=\"data:image\/svg+xml;base64,PHN2ZyB3aWR0aD0iMSIgaGVpZ2h0PSIxIiB4bWxucz0iaHR0cDovL3d3dy53My5vcmcvMjAwMC9zdmciPjwvc3ZnPg==\" style=\"--smush-placeholder-width: 552px; --smush-placeholder-aspect-ratio: 552\/311;\" \/><\/p>\n<p><img decoding=\"async\" class=\"aligncenter wp-image-22408 lazyload\" data-src=\"https:\/\/ubanews.com\/site\/wp-content\/uploads\/2023\/11\/WhatsApp-Image-2023-11-28-at-12.01.36-5-300x225.jpeg\" alt=\"\" width=\"550\" height=\"413\" data-srcset=\"https:\/\/ubanews.com\/site\/wp-content\/uploads\/2023\/11\/WhatsApp-Image-2023-11-28-at-12.01.36-5-300x225.jpeg 300w, https:\/\/ubanews.com\/site\/wp-content\/uploads\/2023\/11\/WhatsApp-Image-2023-11-28-at-12.01.36-5-1024x768.jpeg 1024w, https:\/\/ubanews.com\/site\/wp-content\/uploads\/2023\/11\/WhatsApp-Image-2023-11-28-at-12.01.36-5-768x576.jpeg 768w, https:\/\/ubanews.com\/site\/wp-content\/uploads\/2023\/11\/WhatsApp-Image-2023-11-28-at-12.01.36-5.jpeg 1280w\" data-sizes=\"(max-width: 550px) 100vw, 550px\" src=\"data:image\/svg+xml;base64,PHN2ZyB3aWR0aD0iMSIgaGVpZ2h0PSIxIiB4bWxucz0iaHR0cDovL3d3dy53My5vcmcvMjAwMC9zdmciPjwvc3ZnPg==\" style=\"--smush-placeholder-width: 550px; --smush-placeholder-aspect-ratio: 550\/413;\" \/><\/p>\n<p>Iniciativas como essas n\u00e3o apenas fortalecem os la\u00e7os dentro da comunidade religiosa, mas tamb\u00e9m contribuem para a constru\u00e7\u00e3o de um mundo melhor. A experi\u00eancia vivida por esses jovens transcende os limites do evento, influenciando positivamente suas vidas di\u00e1rias e inspirando outros a buscarem a Deus.<\/p>\n<p>O 10\u00ba Encontro Nacional para Jovens Cursilhistas encerrou-se com votos de b\u00ean\u00e7\u00e3os para os participantes, desejando que suas experi\u00eancias espirituais os capacitasse a transformar a vida daqueles que buscam a Deus, semelhante \u00e0 ansiedade de uma terra seca pela chuva.<\/p>\n<figure id=\"attachment_22411\" aria-describedby=\"caption-attachment-22411\" style=\"width: 551px\" class=\"wp-caption aligncenter\"><img decoding=\"async\" class=\"wp-image-22411 lazyload\" data-src=\"https:\/\/ubanews.com\/site\/wp-content\/uploads\/2023\/11\/WhatsApp-Image-2023-11-28-at-12.01.36-2-300x200.jpeg\" alt=\"\" width=\"551\" height=\"367\" data-srcset=\"https:\/\/ubanews.com\/site\/wp-content\/uploads\/2023\/11\/WhatsApp-Image-2023-11-28-at-12.01.36-2-300x200.jpeg 300w, https:\/\/ubanews.com\/site\/wp-content\/uploads\/2023\/11\/WhatsApp-Image-2023-11-28-at-12.01.36-2-1024x683.jpeg 1024w, https:\/\/ubanews.com\/site\/wp-content\/uploads\/2023\/11\/WhatsApp-Image-2023-11-28-at-12.01.36-2-768x512.jpeg 768w, https:\/\/ubanews.com\/site\/wp-content\/uploads\/2023\/11\/WhatsApp-Image-2023-11-28-at-12.01.36-2-120x80.jpeg 120w, https:\/\/ubanews.com\/site\/wp-content\/uploads\/2023\/11\/WhatsApp-Image-2023-11-28-at-12.01.36-2.jpeg 1079w\" data-sizes=\"(max-width: 551px) 100vw, 551px\" src=\"data:image\/svg+xml;base64,PHN2ZyB3aWR0aD0iMSIgaGVpZ2h0PSIxIiB4bWxucz0iaHR0cDovL3d3dy53My5vcmcvMjAwMC9zdmciPjwvc3ZnPg==\" style=\"--smush-placeholder-width: 551px; --smush-placeholder-aspect-ratio: 551\/367;\" \/><figcaption id=\"caption-attachment-22411\" class=\"wp-caption-text\">Foto de Tainan Santos.<\/figcaption><\/figure>\n<p>Vale destacar que o Cursilho \u00e9 um Movimento que abrange jovens, mas tamb\u00e9m adultos, homens e mulheres dispostos a servir Jesus Cristo.<\/p>\n<p>DECOLORES! VIVA A VIDA!<\/p>\n","protected":false},"excerpt":{"rendered":"<p>O 10\u00ba Encontro Nacional para Jovens Cursilhistas, promovido pelo Movimento<\/p>\n","protected":false},"author":4,"featured_media":0,"comment_status":"open","ping_status":"open","sticky":false,"template":"","format":"standard","meta":{"footnotes":""},"categories":[1],"tags":[],"class_list":["post-22414","post","type-post","status-publish","format-standard","hentry","category-sem-categoria"],"yoast_head":"<!-- This site is optimized with the Yoast SEO plugin v27.2 - https:\/\/yoast.com\/product\/yoast-seo-wordpress\/ -->\n<title>10\u00ba Encontro Nacional para Jovens Cursilhistas: uma jornada de f\u00e9 e uni\u00e3o em Salvador-BA - Ub\u00e1 News<\/title>\n<meta name=\"robots\" content=\"index, follow, max-snippet:-1, max-image-preview:large, max-video-preview:-1\" \/>\n<link rel=\"canonical\" href=\"https:\/\/ubanews.com\/site\/2023\/11\/29\/10o-encontro-nacional-para-jovens-cursilhistas-uma-jornada-de-fe-e-uniao-em-salvador-ba\/\" \/>\n<meta property=\"og:locale\" content=\"pt_BR\" \/>\n<meta property=\"og:type\" content=\"article\" \/>\n<meta property=\"og:title\" content=\"10\u00ba Encontro Nacional para Jovens Cursilhistas: uma jornada de f\u00e9 e uni\u00e3o em Salvador-BA - Ub\u00e1 News\" \/>\n<meta property=\"og:description\" content=\"O 10\u00ba Encontro Nacional para Jovens Cursilhistas, promovido pelo Movimento\" \/>\n<meta property=\"og:url\" content=\"https:\/\/ubanews.com\/site\/2023\/11\/29\/10o-encontro-nacional-para-jovens-cursilhistas-uma-jornada-de-fe-e-uniao-em-salvador-ba\/\" \/>\n<meta property=\"og:site_name\" content=\"Ub\u00e1 News\" \/>\n<meta property=\"article:publisher\" content=\"https:\/\/www.facebook.com\/Ub%c3%a1News-Carlos-Roberto-Sodr%c3%a9-418778301977370\" \/>\n<meta property=\"article:published_time\" content=\"2023-11-29T15:00:49+00:00\" \/>\n<meta property=\"article:modified_time\" content=\"2023-12-04T14:36:39+00:00\" \/>\n<meta property=\"og:image\" content=\"http:\/\/ubanews.com\/site\/wp-content\/uploads\/2023\/11\/WhatsApp-Image-2023-11-28-at-12.01.36-300x222.jpeg\" \/>\n<meta name=\"author\" content=\"Carlos Roberto Sodr\u00e9\" \/>\n<meta name=\"twitter:card\" content=\"summary_large_image\" \/>\n<meta name=\"twitter:label1\" content=\"Escrito por\" \/>\n\t<meta name=\"twitter:data1\" content=\"Carlos Roberto Sodr\u00e9\" \/>\n\t<meta name=\"twitter:label2\" content=\"Est. tempo de leitura\" \/>\n\t<meta name=\"twitter:data2\" content=\"4 minutos\" \/>\n<script type=\"application\/ld+json\" class=\"yoast-schema-graph\">{\"@context\":\"https:\/\/schema.org\",\"@graph\":[{\"@type\":\"Article\",\"@id\":\"https:\/\/ubanews.com\/site\/2023\/11\/29\/10o-encontro-nacional-para-jovens-cursilhistas-uma-jornada-de-fe-e-uniao-em-salvador-ba\/#article\",\"isPartOf\":{\"@id\":\"https:\/\/ubanews.com\/site\/2023\/11\/29\/10o-encontro-nacional-para-jovens-cursilhistas-uma-jornada-de-fe-e-uniao-em-salvador-ba\/\"},\"author\":{\"name\":\"Carlos Roberto Sodr\u00e9\",\"@id\":\"https:\/\/ubanews.com\/site\/#\/schema\/person\/9d8da9ec3c8d00640ab6e8c81e103310\"},\"headline\":\"10\u00ba Encontro Nacional para Jovens Cursilhistas: uma jornada de f\u00e9 e uni\u00e3o em Salvador-BA\",\"datePublished\":\"2023-11-29T15:00:49+00:00\",\"dateModified\":\"2023-12-04T14:36:39+00:00\",\"mainEntityOfPage\":{\"@id\":\"https:\/\/ubanews.com\/site\/2023\/11\/29\/10o-encontro-nacional-para-jovens-cursilhistas-uma-jornada-de-fe-e-uniao-em-salvador-ba\/\"},\"wordCount\":336,\"commentCount\":0,\"publisher\":{\"@id\":\"https:\/\/ubanews.com\/site\/#organization\"},\"image\":{\"@id\":\"https:\/\/ubanews.com\/site\/2023\/11\/29\/10o-encontro-nacional-para-jovens-cursilhistas-uma-jornada-de-fe-e-uniao-em-salvador-ba\/#primaryimage\"},\"thumbnailUrl\":\"http:\/\/ubanews.com\/site\/wp-content\/uploads\/2023\/11\/WhatsApp-Image-2023-11-28-at-12.01.36-300x222.jpeg\",\"articleSection\":[\"Geral\"],\"inLanguage\":\"pt-BR\",\"potentialAction\":[{\"@type\":\"CommentAction\",\"name\":\"Comment\",\"target\":[\"https:\/\/ubanews.com\/site\/2023\/11\/29\/10o-encontro-nacional-para-jovens-cursilhistas-uma-jornada-de-fe-e-uniao-em-salvador-ba\/#respond\"]}]},{\"@type\":\"WebPage\",\"@id\":\"https:\/\/ubanews.com\/site\/2023\/11\/29\/10o-encontro-nacional-para-jovens-cursilhistas-uma-jornada-de-fe-e-uniao-em-salvador-ba\/\",\"url\":\"https:\/\/ubanews.com\/site\/2023\/11\/29\/10o-encontro-nacional-para-jovens-cursilhistas-uma-jornada-de-fe-e-uniao-em-salvador-ba\/\",\"name\":\"10\u00ba Encontro Nacional para Jovens Cursilhistas: uma jornada de f\u00e9 e uni\u00e3o em Salvador-BA - Ub\u00e1 News\",\"isPartOf\":{\"@id\":\"https:\/\/ubanews.com\/site\/#website\"},\"primaryImageOfPage\":{\"@id\":\"https:\/\/ubanews.com\/site\/2023\/11\/29\/10o-encontro-nacional-para-jovens-cursilhistas-uma-jornada-de-fe-e-uniao-em-salvador-ba\/#primaryimage\"},\"image\":{\"@id\":\"https:\/\/ubanews.com\/site\/2023\/11\/29\/10o-encontro-nacional-para-jovens-cursilhistas-uma-jornada-de-fe-e-uniao-em-salvador-ba\/#primaryimage\"},\"thumbnailUrl\":\"http:\/\/ubanews.com\/site\/wp-content\/uploads\/2023\/11\/WhatsApp-Image-2023-11-28-at-12.01.36-300x222.jpeg\",\"datePublished\":\"2023-11-29T15:00:49+00:00\",\"dateModified\":\"2023-12-04T14:36:39+00:00\",\"breadcrumb\":{\"@id\":\"https:\/\/ubanews.com\/site\/2023\/11\/29\/10o-encontro-nacional-para-jovens-cursilhistas-uma-jornada-de-fe-e-uniao-em-salvador-ba\/#breadcrumb\"},\"inLanguage\":\"pt-BR\",\"potentialAction\":[{\"@type\":\"ReadAction\",\"target\":[\"https:\/\/ubanews.com\/site\/2023\/11\/29\/10o-encontro-nacional-para-jovens-cursilhistas-uma-jornada-de-fe-e-uniao-em-salvador-ba\/\"]}]},{\"@type\":\"ImageObject\",\"inLanguage\":\"pt-BR\",\"@id\":\"https:\/\/ubanews.com\/site\/2023\/11\/29\/10o-encontro-nacional-para-jovens-cursilhistas-uma-jornada-de-fe-e-uniao-em-salvador-ba\/#primaryimage\",\"url\":\"http:\/\/ubanews.com\/site\/wp-content\/uploads\/2023\/11\/WhatsApp-Image-2023-11-28-at-12.01.36-300x222.jpeg\",\"contentUrl\":\"http:\/\/ubanews.com\/site\/wp-content\/uploads\/2023\/11\/WhatsApp-Image-2023-11-28-at-12.01.36-300x222.jpeg\"},{\"@type\":\"BreadcrumbList\",\"@id\":\"https:\/\/ubanews.com\/site\/2023\/11\/29\/10o-encontro-nacional-para-jovens-cursilhistas-uma-jornada-de-fe-e-uniao-em-salvador-ba\/#breadcrumb\",\"itemListElement\":[{\"@type\":\"ListItem\",\"position\":1,\"name\":\"Home\",\"item\":\"https:\/\/ubanews.com\/site\/\"},{\"@type\":\"ListItem\",\"position\":2,\"name\":\"10\u00ba Encontro Nacional para Jovens Cursilhistas: uma jornada de f\u00e9 e uni\u00e3o em Salvador-BA\"}]},{\"@type\":\"WebSite\",\"@id\":\"https:\/\/ubanews.com\/site\/#website\",\"url\":\"https:\/\/ubanews.com\/site\/\",\"name\":\"Ub\u00e1 News\",\"description\":\"\",\"publisher\":{\"@id\":\"https:\/\/ubanews.com\/site\/#organization\"},\"potentialAction\":[{\"@type\":\"SearchAction\",\"target\":{\"@type\":\"EntryPoint\",\"urlTemplate\":\"https:\/\/ubanews.com\/site\/?s={search_term_string}\"},\"query-input\":{\"@type\":\"PropertyValueSpecification\",\"valueRequired\":true,\"valueName\":\"search_term_string\"}}],\"inLanguage\":\"pt-BR\"},{\"@type\":\"Organization\",\"@id\":\"https:\/\/ubanews.com\/site\/#organization\",\"name\":\"Ub\u00e1 News\",\"url\":\"https:\/\/ubanews.com\/site\/\",\"logo\":{\"@type\":\"ImageObject\",\"inLanguage\":\"pt-BR\",\"@id\":\"https:\/\/ubanews.com\/site\/#\/schema\/logo\/image\/\",\"url\":\"https:\/\/ubanews.com\/site\/wp-content\/uploads\/2018\/01\/logoubanews.png\",\"contentUrl\":\"https:\/\/ubanews.com\/site\/wp-content\/uploads\/2018\/01\/logoubanews.png\",\"width\":261,\"height\":99,\"caption\":\"Ub\u00e1 News\"},\"image\":{\"@id\":\"https:\/\/ubanews.com\/site\/#\/schema\/logo\/image\/\"},\"sameAs\":[\"https:\/\/www.facebook.com\/Ub\u00e1News-Carlos-Roberto-Sodr\u00e9-418778301977370\"]},{\"@type\":\"Person\",\"@id\":\"https:\/\/ubanews.com\/site\/#\/schema\/person\/9d8da9ec3c8d00640ab6e8c81e103310\",\"name\":\"Carlos Roberto Sodr\u00e9\",\"image\":{\"@type\":\"ImageObject\",\"inLanguage\":\"pt-BR\",\"@id\":\"https:\/\/secure.gravatar.com\/avatar\/aab322e8555b56c468614fafdab8a8f924e394cdc6cfd8232f77e9e4d123a133?s=96&d=mm&r=g\",\"url\":\"https:\/\/secure.gravatar.com\/avatar\/aab322e8555b56c468614fafdab8a8f924e394cdc6cfd8232f77e9e4d123a133?s=96&d=mm&r=g\",\"contentUrl\":\"https:\/\/secure.gravatar.com\/avatar\/aab322e8555b56c468614fafdab8a8f924e394cdc6cfd8232f77e9e4d123a133?s=96&d=mm&r=g\",\"caption\":\"Carlos Roberto Sodr\u00e9\"},\"url\":\"https:\/\/ubanews.com\/site\/author\/sodre\/\"}]}<\/script>\n<!-- \/ Yoast SEO plugin. -->","yoast_head_json":{"title":"10\u00ba Encontro Nacional para Jovens Cursilhistas: uma jornada de f\u00e9 e uni\u00e3o em Salvador-BA - Ub\u00e1 News","robots":{"index":"index","follow":"follow","max-snippet":"max-snippet:-1","max-image-preview":"max-image-preview:large","max-video-preview":"max-video-preview:-1"},"canonical":"https:\/\/ubanews.com\/site\/2023\/11\/29\/10o-encontro-nacional-para-jovens-cursilhistas-uma-jornada-de-fe-e-uniao-em-salvador-ba\/","og_locale":"pt_BR","og_type":"article","og_title":"10\u00ba Encontro Nacional para Jovens Cursilhistas: uma jornada de f\u00e9 e uni\u00e3o em Salvador-BA - Ub\u00e1 News","og_description":"O 10\u00ba Encontro Nacional para Jovens Cursilhistas, promovido pelo Movimento","og_url":"https:\/\/ubanews.com\/site\/2023\/11\/29\/10o-encontro-nacional-para-jovens-cursilhistas-uma-jornada-de-fe-e-uniao-em-salvador-ba\/","og_site_name":"Ub\u00e1 News","article_publisher":"https:\/\/www.facebook.com\/Ub%c3%a1News-Carlos-Roberto-Sodr%c3%a9-418778301977370","article_published_time":"2023-11-29T15:00:49+00:00","article_modified_time":"2023-12-04T14:36:39+00:00","og_image":[{"url":"http:\/\/ubanews.com\/site\/wp-content\/uploads\/2023\/11\/WhatsApp-Image-2023-11-28-at-12.01.36-300x222.jpeg","type":"","width":"","height":""}],"author":"Carlos Roberto Sodr\u00e9","twitter_card":"summary_large_image","twitter_misc":{"Escrito por":"Carlos Roberto Sodr\u00e9","Est. tempo de leitura":"4 minutos"},"schema":{"@context":"https:\/\/schema.org","@graph":[{"@type":"Article","@id":"https:\/\/ubanews.com\/site\/2023\/11\/29\/10o-encontro-nacional-para-jovens-cursilhistas-uma-jornada-de-fe-e-uniao-em-salvador-ba\/#article","isPartOf":{"@id":"https:\/\/ubanews.com\/site\/2023\/11\/29\/10o-encontro-nacional-para-jovens-cursilhistas-uma-jornada-de-fe-e-uniao-em-salvador-ba\/"},"author":{"name":"Carlos Roberto Sodr\u00e9","@id":"https:\/\/ubanews.com\/site\/#\/schema\/person\/9d8da9ec3c8d00640ab6e8c81e103310"},"headline":"10\u00ba Encontro Nacional para Jovens Cursilhistas: uma jornada de f\u00e9 e uni\u00e3o em Salvador-BA","datePublished":"2023-11-29T15:00:49+00:00","dateModified":"2023-12-04T14:36:39+00:00","mainEntityOfPage":{"@id":"https:\/\/ubanews.com\/site\/2023\/11\/29\/10o-encontro-nacional-para-jovens-cursilhistas-uma-jornada-de-fe-e-uniao-em-salvador-ba\/"},"wordCount":336,"commentCount":0,"publisher":{"@id":"https:\/\/ubanews.com\/site\/#organization"},"image":{"@id":"https:\/\/ubanews.com\/site\/2023\/11\/29\/10o-encontro-nacional-para-jovens-cursilhistas-uma-jornada-de-fe-e-uniao-em-salvador-ba\/#primaryimage"},"thumbnailUrl":"http:\/\/ubanews.com\/site\/wp-content\/uploads\/2023\/11\/WhatsApp-Image-2023-11-28-at-12.01.36-300x222.jpeg","articleSection":["Geral"],"inLanguage":"pt-BR","potentialAction":[{"@type":"CommentAction","name":"Comment","target":["https:\/\/ubanews.com\/site\/2023\/11\/29\/10o-encontro-nacional-para-jovens-cursilhistas-uma-jornada-de-fe-e-uniao-em-salvador-ba\/#respond"]}]},{"@type":"WebPage","@id":"https:\/\/ubanews.com\/site\/2023\/11\/29\/10o-encontro-nacional-para-jovens-cursilhistas-uma-jornada-de-fe-e-uniao-em-salvador-ba\/","url":"https:\/\/ubanews.com\/site\/2023\/11\/29\/10o-encontro-nacional-para-jovens-cursilhistas-uma-jornada-de-fe-e-uniao-em-salvador-ba\/","name":"10\u00ba Encontro Nacional para Jovens Cursilhistas: uma jornada de f\u00e9 e uni\u00e3o em Salvador-BA - Ub\u00e1 News","isPartOf":{"@id":"https:\/\/ubanews.com\/site\/#website"},"primaryImageOfPage":{"@id":"https:\/\/ubanews.com\/site\/2023\/11\/29\/10o-encontro-nacional-para-jovens-cursilhistas-uma-jornada-de-fe-e-uniao-em-salvador-ba\/#primaryimage"},"image":{"@id":"https:\/\/ubanews.com\/site\/2023\/11\/29\/10o-encontro-nacional-para-jovens-cursilhistas-uma-jornada-de-fe-e-uniao-em-salvador-ba\/#primaryimage"},"thumbnailUrl":"http:\/\/ubanews.com\/site\/wp-content\/uploads\/2023\/11\/WhatsApp-Image-2023-11-28-at-12.01.36-300x222.jpeg","datePublished":"2023-11-29T15:00:49+00:00","dateModified":"2023-12-04T14:36:39+00:00","breadcrumb":{"@id":"https:\/\/ubanews.com\/site\/2023\/11\/29\/10o-encontro-nacional-para-jovens-cursilhistas-uma-jornada-de-fe-e-uniao-em-salvador-ba\/#breadcrumb"},"inLanguage":"pt-BR","potentialAction":[{"@type":"ReadAction","target":["https:\/\/ubanews.com\/site\/2023\/11\/29\/10o-encontro-nacional-para-jovens-cursilhistas-uma-jornada-de-fe-e-uniao-em-salvador-ba\/"]}]},{"@type":"ImageObject","inLanguage":"pt-BR","@id":"https:\/\/ubanews.com\/site\/2023\/11\/29\/10o-encontro-nacional-para-jovens-cursilhistas-uma-jornada-de-fe-e-uniao-em-salvador-ba\/#primaryimage","url":"http:\/\/ubanews.com\/site\/wp-content\/uploads\/2023\/11\/WhatsApp-Image-2023-11-28-at-12.01.36-300x222.jpeg","contentUrl":"http:\/\/ubanews.com\/site\/wp-content\/uploads\/2023\/11\/WhatsApp-Image-2023-11-28-at-12.01.36-300x222.jpeg"},{"@type":"BreadcrumbList","@id":"https:\/\/ubanews.com\/site\/2023\/11\/29\/10o-encontro-nacional-para-jovens-cursilhistas-uma-jornada-de-fe-e-uniao-em-salvador-ba\/#breadcrumb","itemListElement":[{"@type":"ListItem","position":1,"name":"Home","item":"https:\/\/ubanews.com\/site\/"},{"@type":"ListItem","position":2,"name":"10\u00ba Encontro Nacional para Jovens Cursilhistas: uma jornada de f\u00e9 e uni\u00e3o em Salvador-BA"}]},{"@type":"WebSite","@id":"https:\/\/ubanews.com\/site\/#website","url":"https:\/\/ubanews.com\/site\/","name":"Ub\u00e1 News","description":"","publisher":{"@id":"https:\/\/ubanews.com\/site\/#organization"},"potentialAction":[{"@type":"SearchAction","target":{"@type":"EntryPoint","urlTemplate":"https:\/\/ubanews.com\/site\/?s={search_term_string}"},"query-input":{"@type":"PropertyValueSpecification","valueRequired":true,"valueName":"search_term_string"}}],"inLanguage":"pt-BR"},{"@type":"Organization","@id":"https:\/\/ubanews.com\/site\/#organization","name":"Ub\u00e1 News","url":"https:\/\/ubanews.com\/site\/","logo":{"@type":"ImageObject","inLanguage":"pt-BR","@id":"https:\/\/ubanews.com\/site\/#\/schema\/logo\/image\/","url":"https:\/\/ubanews.com\/site\/wp-content\/uploads\/2018\/01\/logoubanews.png","contentUrl":"https:\/\/ubanews.com\/site\/wp-content\/uploads\/2018\/01\/logoubanews.png","width":261,"height":99,"caption":"Ub\u00e1 News"},"image":{"@id":"https:\/\/ubanews.com\/site\/#\/schema\/logo\/image\/"},"sameAs":["https:\/\/www.facebook.com\/Ub\u00e1News-Carlos-Roberto-Sodr\u00e9-418778301977370"]},{"@type":"Person","@id":"https:\/\/ubanews.com\/site\/#\/schema\/person\/9d8da9ec3c8d00640ab6e8c81e103310","name":"Carlos Roberto Sodr\u00e9","image":{"@type":"ImageObject","inLanguage":"pt-BR","@id":"https:\/\/secure.gravatar.com\/avatar\/aab322e8555b56c468614fafdab8a8f924e394cdc6cfd8232f77e9e4d123a133?s=96&d=mm&r=g","url":"https:\/\/secure.gravatar.com\/avatar\/aab322e8555b56c468614fafdab8a8f924e394cdc6cfd8232f77e9e4d123a133?s=96&d=mm&r=g","contentUrl":"https:\/\/secure.gravatar.com\/avatar\/aab322e8555b56c468614fafdab8a8f924e394cdc6cfd8232f77e9e4d123a133?s=96&d=mm&r=g","caption":"Carlos Roberto Sodr\u00e9"},"url":"https:\/\/ubanews.com\/site\/author\/sodre\/"}]}},"_links":{"self":[{"href":"https:\/\/ubanews.com\/site\/wp-json\/wp\/v2\/posts\/22414","targetHints":{"allow":["GET"]}}],"collection":[{"href":"https:\/\/ubanews.com\/site\/wp-json\/wp\/v2\/posts"}],"about":[{"href":"https:\/\/ubanews.com\/site\/wp-json\/wp\/v2\/types\/post"}],"author":[{"embeddable":true,"href":"https:\/\/ubanews.com\/site\/wp-json\/wp\/v2\/users\/4"}],"replies":[{"embeddable":true,"href":"https:\/\/ubanews.com\/site\/wp-json\/wp\/v2\/comments?post=22414"}],"version-history":[{"count":0,"href":"https:\/\/ubanews.com\/site\/wp-json\/wp\/v2\/posts\/22414\/revisions"}],"wp:attachment":[{"href":"https:\/\/ubanews.com\/site\/wp-json\/wp\/v2\/media?parent=22414"}],"wp:term":[{"taxonomy":"category","embeddable":true,"href":"https:\/\/ubanews.com\/site\/wp-json\/wp\/v2\/categories?post=22414"},{"taxonomy":"post_tag","embeddable":true,"href":"https:\/\/ubanews.com\/site\/wp-json\/wp\/v2\/tags?post=22414"}],"curies":[{"name":"wp","href":"https:\/\/api.w.org\/{rel}","templated":true}]}}