{"id":22402,"date":"2023-11-28T11:27:22","date_gmt":"2023-11-28T14:27:22","guid":{"rendered":"http:\/\/ubanews.com\/site\/?p=22402"},"modified":"2023-11-28T11:27:22","modified_gmt":"2023-11-28T14:27:22","slug":"adao-miguel-nogueira-a-voz-inesquecivel-do-radio-sertanejo","status":"publish","type":"post","link":"https:\/\/ubanews.com\/site\/2023\/11\/28\/adao-miguel-nogueira-a-voz-inesquecivel-do-radio-sertanejo\/","title":{"rendered":"Ad\u00e3o Miguel Nogueira &#8211; A voz inesquec\u00edvel do R\u00e1dio Sertanejo"},"content":{"rendered":"<p><img decoding=\"async\" class=\"aligncenter  wp-image-22401 lazyload\" data-src=\"https:\/\/ubanews.com\/site\/wp-content\/uploads\/2023\/11\/WhatsApp-Image-2023-11-27-at-17.41.28-300x199.jpeg\" alt=\"\" width=\"555\" height=\"368\" data-srcset=\"https:\/\/ubanews.com\/site\/wp-content\/uploads\/2023\/11\/WhatsApp-Image-2023-11-27-at-17.41.28-300x199.jpeg 300w, https:\/\/ubanews.com\/site\/wp-content\/uploads\/2023\/11\/WhatsApp-Image-2023-11-27-at-17.41.28-768x509.jpeg 768w, https:\/\/ubanews.com\/site\/wp-content\/uploads\/2023\/11\/WhatsApp-Image-2023-11-27-at-17.41.28-120x80.jpeg 120w, https:\/\/ubanews.com\/site\/wp-content\/uploads\/2023\/11\/WhatsApp-Image-2023-11-27-at-17.41.28.jpeg 1024w\" data-sizes=\"(max-width: 555px) 100vw, 555px\" src=\"data:image\/svg+xml;base64,PHN2ZyB3aWR0aD0iMSIgaGVpZ2h0PSIxIiB4bWxucz0iaHR0cDovL3d3dy53My5vcmcvMjAwMC9zdmciPjwvc3ZnPg==\" style=\"--smush-placeholder-width: 555px; --smush-placeholder-aspect-ratio: 555\/368;\" \/><\/p>\n<p>O r\u00e1dio perdeu uma de suas vozes mais marcantes com o falecimento do saudoso Ad\u00e3o Miguel Nogueira, aos 83 anos. Nascido em 29 de agosto de 1940, na Fazenda do Amianto, comunidade do C\u00f3rrego dos Mendes em Rio Pomba, Ad\u00e3o foi filho de Jos\u00e9 Miguel Nogueira e Jordelina Janu\u00e1rio Nogueira.<\/p>\n<p>Desde muito novo, enfrentou desafios de locomo\u00e7\u00e3o devido a um problema nas pernas, contando sempre com a ajuda de muletas. Seu pai, Jos\u00e9, o levava para a ro\u00e7a em um carrinho de m\u00e3o, proporcionando a Ad\u00e3o a oportunidade de acompanhar de perto o trabalho na fazenda.<\/p>\n<p>A paix\u00e3o pelo r\u00e1dio despertou em Ad\u00e3o aos 10 anos, quando, em um radinho presenteado por seu pai, sintonizava aos domingos na R\u00e1dio Nacional do Rio, ouvindo o programa &#8220;Os Calouros do Ary&#8221; de Ary Barroso. Esse foi o ponto de partida para uma vida dedicada ao universo radiof\u00f4nico.<\/p>\n<p>Ad\u00e3o mudou-se para Ub\u00e1 em abril de 1951, aos 10 anos, e, na adolesc\u00eancia, aos 16 anos, teve um grande baque quando perdeu seu pai. Aos 18 descobriu seu talento para o r\u00e1dio enquanto brincava de locutor no circo Tourada Silva.<\/p>\n<p>Encorajado por amigos, procurou a R\u00e1dio Ubaense, onde come\u00e7ou como operador em 16 de junho de 1959. Ao longo de 42 anos, Ad\u00e3o contribuiu de maneira \u00edmpar para a R\u00e1dio Ubaense, destacando-se como locutor sertanejo. Seu programa &#8220;Crep\u00fasculo Sertanejo&#8221; tornou-se uma refer\u00eancia na regi\u00e3o, apresentando m\u00fasicas de raiz que acordavam Ub\u00e1 e a regi\u00e3o todas as manh\u00e3s.<\/p>\n<p>Com sua alegria, talento e dedica\u00e7\u00e3o, Ad\u00e3o conquistou o cora\u00e7\u00e3o dos ouvintes, tornando-se uma figura querida n\u00e3o apenas no r\u00e1dio, mas na comunidade ubaense como um todo. Sua influ\u00eancia foi al\u00e9m das ondas do r\u00e1dio, levando-o a ser vereador por Ub\u00e1, pelo PMDB, de 1977 a 1988.<\/p>\n<p>Ad\u00e3o Miguel Nogueira deixou um legado indel\u00e9vel, sendo lembrado como o mais talentoso Locutor Sertanejo da Regi\u00e3o. Sua voz continuar\u00e1 ecoando nas lembran\u00e7as daqueles que tiveram o privil\u00e9gio de sintonizar suas palavras e melodias. Ub\u00e1, Rio Pomba e Tocantins choram a perda de um \u00edcone, mas celebra a vida e contribui\u00e7\u00f5es de Ad\u00e3o para o enriquecimento cultural e emocional da cidade e regi\u00e3o.<\/p>\n<p>\u00c0 fam\u00edlia e amigos, nossos sentimentos nesse momento de despedida. Que a mem\u00f3ria de Ad\u00e3o Miguel Nogueira continue viva nos cora\u00e7\u00f5es de todos que tiveram o prazer de conhecer e admirar esse grande homem do r\u00e1dio.<\/p>\n","protected":false},"excerpt":{"rendered":"<p>O r\u00e1dio perdeu uma de suas vozes mais marcantes com<\/p>\n","protected":false},"author":4,"featured_media":0,"comment_status":"open","ping_status":"open","sticky":false,"template":"","format":"standard","meta":{"footnotes":""},"categories":[1],"tags":[],"class_list":["post-22402","post","type-post","status-publish","format-standard","hentry","category-sem-categoria"],"yoast_head":"<!-- This site is optimized with the Yoast SEO plugin v27.2 - https:\/\/yoast.com\/product\/yoast-seo-wordpress\/ -->\n<title>Ad\u00e3o Miguel Nogueira - A voz inesquec\u00edvel do R\u00e1dio Sertanejo - Ub\u00e1 News<\/title>\n<meta name=\"robots\" content=\"index, follow, max-snippet:-1, max-image-preview:large, max-video-preview:-1\" \/>\n<link rel=\"canonical\" href=\"https:\/\/ubanews.com\/site\/2023\/11\/28\/adao-miguel-nogueira-a-voz-inesquecivel-do-radio-sertanejo\/\" \/>\n<meta property=\"og:locale\" content=\"pt_BR\" \/>\n<meta property=\"og:type\" content=\"article\" \/>\n<meta property=\"og:title\" content=\"Ad\u00e3o Miguel Nogueira - A voz inesquec\u00edvel do R\u00e1dio Sertanejo - Ub\u00e1 News\" \/>\n<meta property=\"og:description\" content=\"O r\u00e1dio perdeu uma de suas vozes mais marcantes com\" \/>\n<meta property=\"og:url\" content=\"https:\/\/ubanews.com\/site\/2023\/11\/28\/adao-miguel-nogueira-a-voz-inesquecivel-do-radio-sertanejo\/\" \/>\n<meta property=\"og:site_name\" content=\"Ub\u00e1 News\" \/>\n<meta property=\"article:publisher\" content=\"https:\/\/www.facebook.com\/Ub%c3%a1News-Carlos-Roberto-Sodr%c3%a9-418778301977370\" \/>\n<meta property=\"article:published_time\" content=\"2023-11-28T14:27:22+00:00\" \/>\n<meta property=\"og:image\" content=\"http:\/\/ubanews.com\/site\/wp-content\/uploads\/2023\/11\/WhatsApp-Image-2023-11-27-at-17.41.28-300x199.jpeg\" \/>\n<meta name=\"author\" content=\"Carlos Roberto Sodr\u00e9\" \/>\n<meta name=\"twitter:card\" content=\"summary_large_image\" \/>\n<meta name=\"twitter:label1\" content=\"Escrito por\" \/>\n\t<meta name=\"twitter:data1\" content=\"Carlos Roberto Sodr\u00e9\" \/>\n\t<meta name=\"twitter:label2\" content=\"Est. tempo de leitura\" \/>\n\t<meta name=\"twitter:data2\" content=\"3 minutos\" \/>\n<script type=\"application\/ld+json\" class=\"yoast-schema-graph\">{\"@context\":\"https:\/\/schema.org\",\"@graph\":[{\"@type\":\"Article\",\"@id\":\"https:\/\/ubanews.com\/site\/2023\/11\/28\/adao-miguel-nogueira-a-voz-inesquecivel-do-radio-sertanejo\/#article\",\"isPartOf\":{\"@id\":\"https:\/\/ubanews.com\/site\/2023\/11\/28\/adao-miguel-nogueira-a-voz-inesquecivel-do-radio-sertanejo\/\"},\"author\":{\"name\":\"Carlos Roberto Sodr\u00e9\",\"@id\":\"https:\/\/ubanews.com\/site\/#\/schema\/person\/9d8da9ec3c8d00640ab6e8c81e103310\"},\"headline\":\"Ad\u00e3o Miguel Nogueira &#8211; A voz inesquec\u00edvel do R\u00e1dio Sertanejo\",\"datePublished\":\"2023-11-28T14:27:22+00:00\",\"mainEntityOfPage\":{\"@id\":\"https:\/\/ubanews.com\/site\/2023\/11\/28\/adao-miguel-nogueira-a-voz-inesquecivel-do-radio-sertanejo\/\"},\"wordCount\":436,\"commentCount\":0,\"publisher\":{\"@id\":\"https:\/\/ubanews.com\/site\/#organization\"},\"image\":{\"@id\":\"https:\/\/ubanews.com\/site\/2023\/11\/28\/adao-miguel-nogueira-a-voz-inesquecivel-do-radio-sertanejo\/#primaryimage\"},\"thumbnailUrl\":\"http:\/\/ubanews.com\/site\/wp-content\/uploads\/2023\/11\/WhatsApp-Image-2023-11-27-at-17.41.28-300x199.jpeg\",\"articleSection\":[\"Geral\"],\"inLanguage\":\"pt-BR\",\"potentialAction\":[{\"@type\":\"CommentAction\",\"name\":\"Comment\",\"target\":[\"https:\/\/ubanews.com\/site\/2023\/11\/28\/adao-miguel-nogueira-a-voz-inesquecivel-do-radio-sertanejo\/#respond\"]}]},{\"@type\":\"WebPage\",\"@id\":\"https:\/\/ubanews.com\/site\/2023\/11\/28\/adao-miguel-nogueira-a-voz-inesquecivel-do-radio-sertanejo\/\",\"url\":\"https:\/\/ubanews.com\/site\/2023\/11\/28\/adao-miguel-nogueira-a-voz-inesquecivel-do-radio-sertanejo\/\",\"name\":\"Ad\u00e3o Miguel Nogueira - A voz inesquec\u00edvel do R\u00e1dio Sertanejo - Ub\u00e1 News\",\"isPartOf\":{\"@id\":\"https:\/\/ubanews.com\/site\/#website\"},\"primaryImageOfPage\":{\"@id\":\"https:\/\/ubanews.com\/site\/2023\/11\/28\/adao-miguel-nogueira-a-voz-inesquecivel-do-radio-sertanejo\/#primaryimage\"},\"image\":{\"@id\":\"https:\/\/ubanews.com\/site\/2023\/11\/28\/adao-miguel-nogueira-a-voz-inesquecivel-do-radio-sertanejo\/#primaryimage\"},\"thumbnailUrl\":\"http:\/\/ubanews.com\/site\/wp-content\/uploads\/2023\/11\/WhatsApp-Image-2023-11-27-at-17.41.28-300x199.jpeg\",\"datePublished\":\"2023-11-28T14:27:22+00:00\",\"breadcrumb\":{\"@id\":\"https:\/\/ubanews.com\/site\/2023\/11\/28\/adao-miguel-nogueira-a-voz-inesquecivel-do-radio-sertanejo\/#breadcrumb\"},\"inLanguage\":\"pt-BR\",\"potentialAction\":[{\"@type\":\"ReadAction\",\"target\":[\"https:\/\/ubanews.com\/site\/2023\/11\/28\/adao-miguel-nogueira-a-voz-inesquecivel-do-radio-sertanejo\/\"]}]},{\"@type\":\"ImageObject\",\"inLanguage\":\"pt-BR\",\"@id\":\"https:\/\/ubanews.com\/site\/2023\/11\/28\/adao-miguel-nogueira-a-voz-inesquecivel-do-radio-sertanejo\/#primaryimage\",\"url\":\"http:\/\/ubanews.com\/site\/wp-content\/uploads\/2023\/11\/WhatsApp-Image-2023-11-27-at-17.41.28-300x199.jpeg\",\"contentUrl\":\"http:\/\/ubanews.com\/site\/wp-content\/uploads\/2023\/11\/WhatsApp-Image-2023-11-27-at-17.41.28-300x199.jpeg\"},{\"@type\":\"BreadcrumbList\",\"@id\":\"https:\/\/ubanews.com\/site\/2023\/11\/28\/adao-miguel-nogueira-a-voz-inesquecivel-do-radio-sertanejo\/#breadcrumb\",\"itemListElement\":[{\"@type\":\"ListItem\",\"position\":1,\"name\":\"Home\",\"item\":\"https:\/\/ubanews.com\/site\/\"},{\"@type\":\"ListItem\",\"position\":2,\"name\":\"Ad\u00e3o Miguel Nogueira &#8211; A voz inesquec\u00edvel do R\u00e1dio Sertanejo\"}]},{\"@type\":\"WebSite\",\"@id\":\"https:\/\/ubanews.com\/site\/#website\",\"url\":\"https:\/\/ubanews.com\/site\/\",\"name\":\"Ub\u00e1 News\",\"description\":\"\",\"publisher\":{\"@id\":\"https:\/\/ubanews.com\/site\/#organization\"},\"potentialAction\":[{\"@type\":\"SearchAction\",\"target\":{\"@type\":\"EntryPoint\",\"urlTemplate\":\"https:\/\/ubanews.com\/site\/?s={search_term_string}\"},\"query-input\":{\"@type\":\"PropertyValueSpecification\",\"valueRequired\":true,\"valueName\":\"search_term_string\"}}],\"inLanguage\":\"pt-BR\"},{\"@type\":\"Organization\",\"@id\":\"https:\/\/ubanews.com\/site\/#organization\",\"name\":\"Ub\u00e1 News\",\"url\":\"https:\/\/ubanews.com\/site\/\",\"logo\":{\"@type\":\"ImageObject\",\"inLanguage\":\"pt-BR\",\"@id\":\"https:\/\/ubanews.com\/site\/#\/schema\/logo\/image\/\",\"url\":\"https:\/\/ubanews.com\/site\/wp-content\/uploads\/2018\/01\/logoubanews.png\",\"contentUrl\":\"https:\/\/ubanews.com\/site\/wp-content\/uploads\/2018\/01\/logoubanews.png\",\"width\":261,\"height\":99,\"caption\":\"Ub\u00e1 News\"},\"image\":{\"@id\":\"https:\/\/ubanews.com\/site\/#\/schema\/logo\/image\/\"},\"sameAs\":[\"https:\/\/www.facebook.com\/Ub\u00e1News-Carlos-Roberto-Sodr\u00e9-418778301977370\"]},{\"@type\":\"Person\",\"@id\":\"https:\/\/ubanews.com\/site\/#\/schema\/person\/9d8da9ec3c8d00640ab6e8c81e103310\",\"name\":\"Carlos Roberto Sodr\u00e9\",\"image\":{\"@type\":\"ImageObject\",\"inLanguage\":\"pt-BR\",\"@id\":\"https:\/\/secure.gravatar.com\/avatar\/aab322e8555b56c468614fafdab8a8f924e394cdc6cfd8232f77e9e4d123a133?s=96&d=mm&r=g\",\"url\":\"https:\/\/secure.gravatar.com\/avatar\/aab322e8555b56c468614fafdab8a8f924e394cdc6cfd8232f77e9e4d123a133?s=96&d=mm&r=g\",\"contentUrl\":\"https:\/\/secure.gravatar.com\/avatar\/aab322e8555b56c468614fafdab8a8f924e394cdc6cfd8232f77e9e4d123a133?s=96&d=mm&r=g\",\"caption\":\"Carlos Roberto Sodr\u00e9\"},\"url\":\"https:\/\/ubanews.com\/site\/author\/sodre\/\"}]}<\/script>\n<!-- \/ Yoast SEO plugin. -->","yoast_head_json":{"title":"Ad\u00e3o Miguel Nogueira - A voz inesquec\u00edvel do R\u00e1dio Sertanejo - Ub\u00e1 News","robots":{"index":"index","follow":"follow","max-snippet":"max-snippet:-1","max-image-preview":"max-image-preview:large","max-video-preview":"max-video-preview:-1"},"canonical":"https:\/\/ubanews.com\/site\/2023\/11\/28\/adao-miguel-nogueira-a-voz-inesquecivel-do-radio-sertanejo\/","og_locale":"pt_BR","og_type":"article","og_title":"Ad\u00e3o Miguel Nogueira - A voz inesquec\u00edvel do R\u00e1dio Sertanejo - Ub\u00e1 News","og_description":"O r\u00e1dio perdeu uma de suas vozes mais marcantes com","og_url":"https:\/\/ubanews.com\/site\/2023\/11\/28\/adao-miguel-nogueira-a-voz-inesquecivel-do-radio-sertanejo\/","og_site_name":"Ub\u00e1 News","article_publisher":"https:\/\/www.facebook.com\/Ub%c3%a1News-Carlos-Roberto-Sodr%c3%a9-418778301977370","article_published_time":"2023-11-28T14:27:22+00:00","og_image":[{"url":"http:\/\/ubanews.com\/site\/wp-content\/uploads\/2023\/11\/WhatsApp-Image-2023-11-27-at-17.41.28-300x199.jpeg","type":"","width":"","height":""}],"author":"Carlos Roberto Sodr\u00e9","twitter_card":"summary_large_image","twitter_misc":{"Escrito por":"Carlos Roberto Sodr\u00e9","Est. tempo de leitura":"3 minutos"},"schema":{"@context":"https:\/\/schema.org","@graph":[{"@type":"Article","@id":"https:\/\/ubanews.com\/site\/2023\/11\/28\/adao-miguel-nogueira-a-voz-inesquecivel-do-radio-sertanejo\/#article","isPartOf":{"@id":"https:\/\/ubanews.com\/site\/2023\/11\/28\/adao-miguel-nogueira-a-voz-inesquecivel-do-radio-sertanejo\/"},"author":{"name":"Carlos Roberto Sodr\u00e9","@id":"https:\/\/ubanews.com\/site\/#\/schema\/person\/9d8da9ec3c8d00640ab6e8c81e103310"},"headline":"Ad\u00e3o Miguel Nogueira &#8211; A voz inesquec\u00edvel do R\u00e1dio Sertanejo","datePublished":"2023-11-28T14:27:22+00:00","mainEntityOfPage":{"@id":"https:\/\/ubanews.com\/site\/2023\/11\/28\/adao-miguel-nogueira-a-voz-inesquecivel-do-radio-sertanejo\/"},"wordCount":436,"commentCount":0,"publisher":{"@id":"https:\/\/ubanews.com\/site\/#organization"},"image":{"@id":"https:\/\/ubanews.com\/site\/2023\/11\/28\/adao-miguel-nogueira-a-voz-inesquecivel-do-radio-sertanejo\/#primaryimage"},"thumbnailUrl":"http:\/\/ubanews.com\/site\/wp-content\/uploads\/2023\/11\/WhatsApp-Image-2023-11-27-at-17.41.28-300x199.jpeg","articleSection":["Geral"],"inLanguage":"pt-BR","potentialAction":[{"@type":"CommentAction","name":"Comment","target":["https:\/\/ubanews.com\/site\/2023\/11\/28\/adao-miguel-nogueira-a-voz-inesquecivel-do-radio-sertanejo\/#respond"]}]},{"@type":"WebPage","@id":"https:\/\/ubanews.com\/site\/2023\/11\/28\/adao-miguel-nogueira-a-voz-inesquecivel-do-radio-sertanejo\/","url":"https:\/\/ubanews.com\/site\/2023\/11\/28\/adao-miguel-nogueira-a-voz-inesquecivel-do-radio-sertanejo\/","name":"Ad\u00e3o Miguel Nogueira - A voz inesquec\u00edvel do R\u00e1dio Sertanejo - Ub\u00e1 News","isPartOf":{"@id":"https:\/\/ubanews.com\/site\/#website"},"primaryImageOfPage":{"@id":"https:\/\/ubanews.com\/site\/2023\/11\/28\/adao-miguel-nogueira-a-voz-inesquecivel-do-radio-sertanejo\/#primaryimage"},"image":{"@id":"https:\/\/ubanews.com\/site\/2023\/11\/28\/adao-miguel-nogueira-a-voz-inesquecivel-do-radio-sertanejo\/#primaryimage"},"thumbnailUrl":"http:\/\/ubanews.com\/site\/wp-content\/uploads\/2023\/11\/WhatsApp-Image-2023-11-27-at-17.41.28-300x199.jpeg","datePublished":"2023-11-28T14:27:22+00:00","breadcrumb":{"@id":"https:\/\/ubanews.com\/site\/2023\/11\/28\/adao-miguel-nogueira-a-voz-inesquecivel-do-radio-sertanejo\/#breadcrumb"},"inLanguage":"pt-BR","potentialAction":[{"@type":"ReadAction","target":["https:\/\/ubanews.com\/site\/2023\/11\/28\/adao-miguel-nogueira-a-voz-inesquecivel-do-radio-sertanejo\/"]}]},{"@type":"ImageObject","inLanguage":"pt-BR","@id":"https:\/\/ubanews.com\/site\/2023\/11\/28\/adao-miguel-nogueira-a-voz-inesquecivel-do-radio-sertanejo\/#primaryimage","url":"http:\/\/ubanews.com\/site\/wp-content\/uploads\/2023\/11\/WhatsApp-Image-2023-11-27-at-17.41.28-300x199.jpeg","contentUrl":"http:\/\/ubanews.com\/site\/wp-content\/uploads\/2023\/11\/WhatsApp-Image-2023-11-27-at-17.41.28-300x199.jpeg"},{"@type":"BreadcrumbList","@id":"https:\/\/ubanews.com\/site\/2023\/11\/28\/adao-miguel-nogueira-a-voz-inesquecivel-do-radio-sertanejo\/#breadcrumb","itemListElement":[{"@type":"ListItem","position":1,"name":"Home","item":"https:\/\/ubanews.com\/site\/"},{"@type":"ListItem","position":2,"name":"Ad\u00e3o Miguel Nogueira &#8211; A voz inesquec\u00edvel do R\u00e1dio Sertanejo"}]},{"@type":"WebSite","@id":"https:\/\/ubanews.com\/site\/#website","url":"https:\/\/ubanews.com\/site\/","name":"Ub\u00e1 News","description":"","publisher":{"@id":"https:\/\/ubanews.com\/site\/#organization"},"potentialAction":[{"@type":"SearchAction","target":{"@type":"EntryPoint","urlTemplate":"https:\/\/ubanews.com\/site\/?s={search_term_string}"},"query-input":{"@type":"PropertyValueSpecification","valueRequired":true,"valueName":"search_term_string"}}],"inLanguage":"pt-BR"},{"@type":"Organization","@id":"https:\/\/ubanews.com\/site\/#organization","name":"Ub\u00e1 News","url":"https:\/\/ubanews.com\/site\/","logo":{"@type":"ImageObject","inLanguage":"pt-BR","@id":"https:\/\/ubanews.com\/site\/#\/schema\/logo\/image\/","url":"https:\/\/ubanews.com\/site\/wp-content\/uploads\/2018\/01\/logoubanews.png","contentUrl":"https:\/\/ubanews.com\/site\/wp-content\/uploads\/2018\/01\/logoubanews.png","width":261,"height":99,"caption":"Ub\u00e1 News"},"image":{"@id":"https:\/\/ubanews.com\/site\/#\/schema\/logo\/image\/"},"sameAs":["https:\/\/www.facebook.com\/Ub\u00e1News-Carlos-Roberto-Sodr\u00e9-418778301977370"]},{"@type":"Person","@id":"https:\/\/ubanews.com\/site\/#\/schema\/person\/9d8da9ec3c8d00640ab6e8c81e103310","name":"Carlos Roberto Sodr\u00e9","image":{"@type":"ImageObject","inLanguage":"pt-BR","@id":"https:\/\/secure.gravatar.com\/avatar\/aab322e8555b56c468614fafdab8a8f924e394cdc6cfd8232f77e9e4d123a133?s=96&d=mm&r=g","url":"https:\/\/secure.gravatar.com\/avatar\/aab322e8555b56c468614fafdab8a8f924e394cdc6cfd8232f77e9e4d123a133?s=96&d=mm&r=g","contentUrl":"https:\/\/secure.gravatar.com\/avatar\/aab322e8555b56c468614fafdab8a8f924e394cdc6cfd8232f77e9e4d123a133?s=96&d=mm&r=g","caption":"Carlos Roberto Sodr\u00e9"},"url":"https:\/\/ubanews.com\/site\/author\/sodre\/"}]}},"_links":{"self":[{"href":"https:\/\/ubanews.com\/site\/wp-json\/wp\/v2\/posts\/22402","targetHints":{"allow":["GET"]}}],"collection":[{"href":"https:\/\/ubanews.com\/site\/wp-json\/wp\/v2\/posts"}],"about":[{"href":"https:\/\/ubanews.com\/site\/wp-json\/wp\/v2\/types\/post"}],"author":[{"embeddable":true,"href":"https:\/\/ubanews.com\/site\/wp-json\/wp\/v2\/users\/4"}],"replies":[{"embeddable":true,"href":"https:\/\/ubanews.com\/site\/wp-json\/wp\/v2\/comments?post=22402"}],"version-history":[{"count":0,"href":"https:\/\/ubanews.com\/site\/wp-json\/wp\/v2\/posts\/22402\/revisions"}],"wp:attachment":[{"href":"https:\/\/ubanews.com\/site\/wp-json\/wp\/v2\/media?parent=22402"}],"wp:term":[{"taxonomy":"category","embeddable":true,"href":"https:\/\/ubanews.com\/site\/wp-json\/wp\/v2\/categories?post=22402"},{"taxonomy":"post_tag","embeddable":true,"href":"https:\/\/ubanews.com\/site\/wp-json\/wp\/v2\/tags?post=22402"}],"curies":[{"name":"wp","href":"https:\/\/api.w.org\/{rel}","templated":true}]}}