{"id":22398,"date":"2023-11-22T15:14:49","date_gmt":"2023-11-22T18:14:49","guid":{"rendered":"http:\/\/ubanews.com\/site\/?p=22398"},"modified":"2023-11-22T15:14:49","modified_gmt":"2023-11-22T18:14:49","slug":"cumprimento-de-mandado-de-prisao-por-homicidio-tentado-contra-militares","status":"publish","type":"post","link":"https:\/\/ubanews.com\/site\/2023\/11\/22\/cumprimento-de-mandado-de-prisao-por-homicidio-tentado-contra-militares\/","title":{"rendered":"CUMPRIMENTO DE MANDADO DE PRIS\u00c3O POR HOMIC\u00cdDIO TENTADO CONTRA MILITARES"},"content":{"rendered":"<p>No ano de 2022, ocorreram uma s\u00e9rie de homic\u00eddios na regi\u00e3o de Ub\u00e1 (21\u00baBPM) conhecida como Corte Grande, que compreendem os bairros Da Luz, Agroceres, Cristal e Solar, em decorr\u00eancia de uma rixa entre Organiza\u00e7\u00f5es Criminosas. Ap\u00f3s a identifica\u00e7\u00e3o das lideran\u00e7as envolvidas, diversas opera\u00e7\u00f5es foram deflagradas pela Pol\u00edcia Militar, resultando na pris\u00e3o e apreens\u00e3o de armas de fogo, granadas antipessoal, muni\u00e7\u00f5es e subst\u00e2ncias entorpecentes, material este indicado como pertencente ao indiv\u00edduo W.l.R., l\u00edder de uma das OrCrim, que estava foragido da justi\u00e7a com sete mandados de pris\u00e3o ativos.<\/p>\n<p><img decoding=\"async\" class=\"aligncenter  wp-image-22397 lazyload\" data-src=\"https:\/\/ubanews.com\/site\/wp-content\/uploads\/2023\/11\/WhatsApp-Image-2023-11-21-at-14.11.55-200x300.jpeg\" alt=\"\" width=\"367\" height=\"551\" data-srcset=\"https:\/\/ubanews.com\/site\/wp-content\/uploads\/2023\/11\/WhatsApp-Image-2023-11-21-at-14.11.55-200x300.jpeg 200w, https:\/\/ubanews.com\/site\/wp-content\/uploads\/2023\/11\/WhatsApp-Image-2023-11-21-at-14.11.55-683x1024.jpeg 683w, https:\/\/ubanews.com\/site\/wp-content\/uploads\/2023\/11\/WhatsApp-Image-2023-11-21-at-14.11.55-768x1151.jpeg 768w, https:\/\/ubanews.com\/site\/wp-content\/uploads\/2023\/11\/WhatsApp-Image-2023-11-21-at-14.11.55-600x900.jpeg 600w, https:\/\/ubanews.com\/site\/wp-content\/uploads\/2023\/11\/WhatsApp-Image-2023-11-21-at-14.11.55.jpeg 854w\" data-sizes=\"(max-width: 367px) 100vw, 367px\" src=\"data:image\/svg+xml;base64,PHN2ZyB3aWR0aD0iMSIgaGVpZ2h0PSIxIiB4bWxucz0iaHR0cDovL3d3dy53My5vcmcvMjAwMC9zdmciPjwvc3ZnPg==\" style=\"--smush-placeholder-width: 367px; --smush-placeholder-aspect-ratio: 367\/551;\" \/><\/p>\n<p>Entretanto, durante uma dessas opera\u00e7\u00f5es em janeiro de 2023, o alvo conhecido como &#8220;Coc\u00e3o&#8221;, protagonizou um atentado contra a vida de policiais militares. Ap\u00f3s esse epis\u00f3dio, uma investiga\u00e7\u00e3o foi instaurada pelo Grupo de Atua\u00e7\u00e3o Especial de Combate ao Crime Organizado (GAECO) regional de Visconde do Rio Branco, com o apoio das Ag\u00eancias do 21\u00ba Batalh\u00e3o da Pol\u00edcia Militar e da 4\u00aa Regi\u00e3o da Pol\u00edcia Militar (RPM), culminando na identifica\u00e7\u00e3o de um local de homizio do referido alvo. No dia 17\/11\/2023, uma opera\u00e7\u00e3o foi desencadeada com o apoio do Batalh\u00e3o de Opera\u00e7\u00f5es Especiais (BOPE), Grupo de Opera\u00e7\u00f5es com C\u00e3es (ROCCA) e Comando de Avia\u00e7\u00e3o do Estado (COMAVE), e equipes do 21\u00ba BPM. Durante a a\u00e7\u00e3o, o alvo W.L.R. e um comparsa W. G. R., conseguiram evadir para uma regi\u00e3o de mata, sendo montado um cerco nas imedia\u00e7\u00f5es do local com as equipes do 21\u00ba BPM e Pol\u00edcia Rodovi\u00e1ria, enquanto ocorria a incurs\u00e3o por parte da tropa especializada.<\/p>\n<p>Ap\u00f3s intensas dilig\u00eancias, em data de 20\/11\/2023, a intelig\u00eancia da Pol\u00edcia Militar juntamente com o GAECO, identificaram a imin\u00eancia de um evento de resgate dos alvos situados \u00e0s margens da rodovia MG120. Em virtude disso, foi realizado um cerco nas imedia\u00e7\u00f5es, culminando na abordagem ao ve\u00edculo que realizou o resgate do foragido e seu comparsa. Durante a abordagem os ocupantes do banco traseiro sacaram armas de fogo, dirigindo-se aos militares, que repeliram a agress\u00e3o injusta, empregando seus armamentos de servi\u00e7o. Dois dos ocupantes, incluindo o foragido da justi\u00e7a Coc\u00e3o, foram prontamente socorridos ao Hospital Santa Isabel, sendo posteriormente liberados. Todos os ocupantes do ve\u00edculo foram detidos e conduzidos \u00e0 delegacia para os procedimentos legais. Dentro do ve\u00edculo dos autores, foram apreendidos os seguintes materiais:<\/p>\n<p>&#x25aa;&#xfe0f;1 Espingarda cal. 12<br \/>\n&#x25aa;&#xfe0f;3 Rev\u00f3lveres cal. 38<br \/>\n&#x25aa;&#xfe0f;8 Muni\u00e7\u00f5es cal 12<br \/>\n&#x25aa;&#xfe0f;66 Muni\u00e7\u00f5es de 9mm<br \/>\n&#x25aa;&#xfe0f;29 Muni\u00e7\u00f5es de cal 38<br \/>\n&#x25aa;&#xfe0f;27 Muni\u00e7\u00f5es de .40<br \/>\n&#x25aa;&#xfe0f;308 pinos de coca\u00edna<br \/>\n&#x25aa;&#xfe0f;1 barra e meia de maconha<br \/>\n&#x25aa;&#xfe0f;5 celulares<br \/>\n&#x25aa;&#xfe0f;R$ 25,00 em moeda corrente.<\/p>\n<p>As informa\u00e7\u00f5es s\u00e3o da Assessoria de Comunica\u00e7\u00e3o da PMMG.<\/p>\n","protected":false},"excerpt":{"rendered":"<p>No ano de 2022, ocorreram uma s\u00e9rie de homic\u00eddios na<\/p>\n","protected":false},"author":4,"featured_media":0,"comment_status":"open","ping_status":"open","sticky":false,"template":"","format":"standard","meta":{"footnotes":""},"categories":[1],"tags":[],"class_list":["post-22398","post","type-post","status-publish","format-standard","hentry","category-sem-categoria"],"yoast_head":"<!-- This site is optimized with the Yoast SEO plugin v27.2 - https:\/\/yoast.com\/product\/yoast-seo-wordpress\/ -->\n<title>CUMPRIMENTO DE MANDADO DE PRIS\u00c3O POR HOMIC\u00cdDIO TENTADO CONTRA MILITARES - Ub\u00e1 News<\/title>\n<meta name=\"robots\" content=\"index, follow, max-snippet:-1, max-image-preview:large, max-video-preview:-1\" \/>\n<link rel=\"canonical\" href=\"https:\/\/ubanews.com\/site\/2023\/11\/22\/cumprimento-de-mandado-de-prisao-por-homicidio-tentado-contra-militares\/\" \/>\n<meta property=\"og:locale\" content=\"pt_BR\" \/>\n<meta property=\"og:type\" content=\"article\" \/>\n<meta property=\"og:title\" content=\"CUMPRIMENTO DE MANDADO DE PRIS\u00c3O POR HOMIC\u00cdDIO TENTADO CONTRA MILITARES - Ub\u00e1 News\" \/>\n<meta property=\"og:description\" content=\"No ano de 2022, ocorreram uma s\u00e9rie de homic\u00eddios na\" \/>\n<meta property=\"og:url\" content=\"https:\/\/ubanews.com\/site\/2023\/11\/22\/cumprimento-de-mandado-de-prisao-por-homicidio-tentado-contra-militares\/\" \/>\n<meta property=\"og:site_name\" content=\"Ub\u00e1 News\" \/>\n<meta property=\"article:publisher\" content=\"https:\/\/www.facebook.com\/Ub%c3%a1News-Carlos-Roberto-Sodr%c3%a9-418778301977370\" \/>\n<meta property=\"article:published_time\" content=\"2023-11-22T18:14:49+00:00\" \/>\n<meta property=\"og:image\" content=\"http:\/\/ubanews.com\/site\/wp-content\/uploads\/2023\/11\/WhatsApp-Image-2023-11-21-at-14.11.55-200x300.jpeg\" \/>\n<meta name=\"author\" content=\"Carlos Roberto Sodr\u00e9\" \/>\n<meta name=\"twitter:card\" content=\"summary_large_image\" \/>\n<meta name=\"twitter:label1\" content=\"Escrito por\" \/>\n\t<meta name=\"twitter:data1\" content=\"Carlos Roberto Sodr\u00e9\" \/>\n\t<meta name=\"twitter:label2\" content=\"Est. tempo de leitura\" \/>\n\t<meta name=\"twitter:data2\" content=\"3 minutos\" \/>\n<script type=\"application\/ld+json\" class=\"yoast-schema-graph\">{\"@context\":\"https:\/\/schema.org\",\"@graph\":[{\"@type\":\"Article\",\"@id\":\"https:\/\/ubanews.com\/site\/2023\/11\/22\/cumprimento-de-mandado-de-prisao-por-homicidio-tentado-contra-militares\/#article\",\"isPartOf\":{\"@id\":\"https:\/\/ubanews.com\/site\/2023\/11\/22\/cumprimento-de-mandado-de-prisao-por-homicidio-tentado-contra-militares\/\"},\"author\":{\"name\":\"Carlos Roberto Sodr\u00e9\",\"@id\":\"https:\/\/ubanews.com\/site\/#\/schema\/person\/9d8da9ec3c8d00640ab6e8c81e103310\"},\"headline\":\"CUMPRIMENTO DE MANDADO DE PRIS\u00c3O POR HOMIC\u00cdDIO TENTADO CONTRA MILITARES\",\"datePublished\":\"2023-11-22T18:14:49+00:00\",\"mainEntityOfPage\":{\"@id\":\"https:\/\/ubanews.com\/site\/2023\/11\/22\/cumprimento-de-mandado-de-prisao-por-homicidio-tentado-contra-militares\/\"},\"wordCount\":515,\"commentCount\":0,\"publisher\":{\"@id\":\"https:\/\/ubanews.com\/site\/#organization\"},\"image\":{\"@id\":\"https:\/\/ubanews.com\/site\/2023\/11\/22\/cumprimento-de-mandado-de-prisao-por-homicidio-tentado-contra-militares\/#primaryimage\"},\"thumbnailUrl\":\"http:\/\/ubanews.com\/site\/wp-content\/uploads\/2023\/11\/WhatsApp-Image-2023-11-21-at-14.11.55-200x300.jpeg\",\"articleSection\":[\"Geral\"],\"inLanguage\":\"pt-BR\",\"potentialAction\":[{\"@type\":\"CommentAction\",\"name\":\"Comment\",\"target\":[\"https:\/\/ubanews.com\/site\/2023\/11\/22\/cumprimento-de-mandado-de-prisao-por-homicidio-tentado-contra-militares\/#respond\"]}]},{\"@type\":\"WebPage\",\"@id\":\"https:\/\/ubanews.com\/site\/2023\/11\/22\/cumprimento-de-mandado-de-prisao-por-homicidio-tentado-contra-militares\/\",\"url\":\"https:\/\/ubanews.com\/site\/2023\/11\/22\/cumprimento-de-mandado-de-prisao-por-homicidio-tentado-contra-militares\/\",\"name\":\"CUMPRIMENTO DE MANDADO DE PRIS\u00c3O POR HOMIC\u00cdDIO TENTADO CONTRA MILITARES - Ub\u00e1 News\",\"isPartOf\":{\"@id\":\"https:\/\/ubanews.com\/site\/#website\"},\"primaryImageOfPage\":{\"@id\":\"https:\/\/ubanews.com\/site\/2023\/11\/22\/cumprimento-de-mandado-de-prisao-por-homicidio-tentado-contra-militares\/#primaryimage\"},\"image\":{\"@id\":\"https:\/\/ubanews.com\/site\/2023\/11\/22\/cumprimento-de-mandado-de-prisao-por-homicidio-tentado-contra-militares\/#primaryimage\"},\"thumbnailUrl\":\"http:\/\/ubanews.com\/site\/wp-content\/uploads\/2023\/11\/WhatsApp-Image-2023-11-21-at-14.11.55-200x300.jpeg\",\"datePublished\":\"2023-11-22T18:14:49+00:00\",\"breadcrumb\":{\"@id\":\"https:\/\/ubanews.com\/site\/2023\/11\/22\/cumprimento-de-mandado-de-prisao-por-homicidio-tentado-contra-militares\/#breadcrumb\"},\"inLanguage\":\"pt-BR\",\"potentialAction\":[{\"@type\":\"ReadAction\",\"target\":[\"https:\/\/ubanews.com\/site\/2023\/11\/22\/cumprimento-de-mandado-de-prisao-por-homicidio-tentado-contra-militares\/\"]}]},{\"@type\":\"ImageObject\",\"inLanguage\":\"pt-BR\",\"@id\":\"https:\/\/ubanews.com\/site\/2023\/11\/22\/cumprimento-de-mandado-de-prisao-por-homicidio-tentado-contra-militares\/#primaryimage\",\"url\":\"http:\/\/ubanews.com\/site\/wp-content\/uploads\/2023\/11\/WhatsApp-Image-2023-11-21-at-14.11.55-200x300.jpeg\",\"contentUrl\":\"http:\/\/ubanews.com\/site\/wp-content\/uploads\/2023\/11\/WhatsApp-Image-2023-11-21-at-14.11.55-200x300.jpeg\"},{\"@type\":\"BreadcrumbList\",\"@id\":\"https:\/\/ubanews.com\/site\/2023\/11\/22\/cumprimento-de-mandado-de-prisao-por-homicidio-tentado-contra-militares\/#breadcrumb\",\"itemListElement\":[{\"@type\":\"ListItem\",\"position\":1,\"name\":\"Home\",\"item\":\"https:\/\/ubanews.com\/site\/\"},{\"@type\":\"ListItem\",\"position\":2,\"name\":\"CUMPRIMENTO DE MANDADO DE PRIS\u00c3O POR HOMIC\u00cdDIO TENTADO CONTRA MILITARES\"}]},{\"@type\":\"WebSite\",\"@id\":\"https:\/\/ubanews.com\/site\/#website\",\"url\":\"https:\/\/ubanews.com\/site\/\",\"name\":\"Ub\u00e1 News\",\"description\":\"\",\"publisher\":{\"@id\":\"https:\/\/ubanews.com\/site\/#organization\"},\"potentialAction\":[{\"@type\":\"SearchAction\",\"target\":{\"@type\":\"EntryPoint\",\"urlTemplate\":\"https:\/\/ubanews.com\/site\/?s={search_term_string}\"},\"query-input\":{\"@type\":\"PropertyValueSpecification\",\"valueRequired\":true,\"valueName\":\"search_term_string\"}}],\"inLanguage\":\"pt-BR\"},{\"@type\":\"Organization\",\"@id\":\"https:\/\/ubanews.com\/site\/#organization\",\"name\":\"Ub\u00e1 News\",\"url\":\"https:\/\/ubanews.com\/site\/\",\"logo\":{\"@type\":\"ImageObject\",\"inLanguage\":\"pt-BR\",\"@id\":\"https:\/\/ubanews.com\/site\/#\/schema\/logo\/image\/\",\"url\":\"https:\/\/ubanews.com\/site\/wp-content\/uploads\/2018\/01\/logoubanews.png\",\"contentUrl\":\"https:\/\/ubanews.com\/site\/wp-content\/uploads\/2018\/01\/logoubanews.png\",\"width\":261,\"height\":99,\"caption\":\"Ub\u00e1 News\"},\"image\":{\"@id\":\"https:\/\/ubanews.com\/site\/#\/schema\/logo\/image\/\"},\"sameAs\":[\"https:\/\/www.facebook.com\/Ub\u00e1News-Carlos-Roberto-Sodr\u00e9-418778301977370\"]},{\"@type\":\"Person\",\"@id\":\"https:\/\/ubanews.com\/site\/#\/schema\/person\/9d8da9ec3c8d00640ab6e8c81e103310\",\"name\":\"Carlos Roberto Sodr\u00e9\",\"image\":{\"@type\":\"ImageObject\",\"inLanguage\":\"pt-BR\",\"@id\":\"https:\/\/secure.gravatar.com\/avatar\/aab322e8555b56c468614fafdab8a8f924e394cdc6cfd8232f77e9e4d123a133?s=96&d=mm&r=g\",\"url\":\"https:\/\/secure.gravatar.com\/avatar\/aab322e8555b56c468614fafdab8a8f924e394cdc6cfd8232f77e9e4d123a133?s=96&d=mm&r=g\",\"contentUrl\":\"https:\/\/secure.gravatar.com\/avatar\/aab322e8555b56c468614fafdab8a8f924e394cdc6cfd8232f77e9e4d123a133?s=96&d=mm&r=g\",\"caption\":\"Carlos Roberto Sodr\u00e9\"},\"url\":\"https:\/\/ubanews.com\/site\/author\/sodre\/\"}]}<\/script>\n<!-- \/ Yoast SEO plugin. -->","yoast_head_json":{"title":"CUMPRIMENTO DE MANDADO DE PRIS\u00c3O POR HOMIC\u00cdDIO TENTADO CONTRA MILITARES - Ub\u00e1 News","robots":{"index":"index","follow":"follow","max-snippet":"max-snippet:-1","max-image-preview":"max-image-preview:large","max-video-preview":"max-video-preview:-1"},"canonical":"https:\/\/ubanews.com\/site\/2023\/11\/22\/cumprimento-de-mandado-de-prisao-por-homicidio-tentado-contra-militares\/","og_locale":"pt_BR","og_type":"article","og_title":"CUMPRIMENTO DE MANDADO DE PRIS\u00c3O POR HOMIC\u00cdDIO TENTADO CONTRA MILITARES - Ub\u00e1 News","og_description":"No ano de 2022, ocorreram uma s\u00e9rie de homic\u00eddios na","og_url":"https:\/\/ubanews.com\/site\/2023\/11\/22\/cumprimento-de-mandado-de-prisao-por-homicidio-tentado-contra-militares\/","og_site_name":"Ub\u00e1 News","article_publisher":"https:\/\/www.facebook.com\/Ub%c3%a1News-Carlos-Roberto-Sodr%c3%a9-418778301977370","article_published_time":"2023-11-22T18:14:49+00:00","og_image":[{"url":"http:\/\/ubanews.com\/site\/wp-content\/uploads\/2023\/11\/WhatsApp-Image-2023-11-21-at-14.11.55-200x300.jpeg","type":"","width":"","height":""}],"author":"Carlos Roberto Sodr\u00e9","twitter_card":"summary_large_image","twitter_misc":{"Escrito por":"Carlos Roberto Sodr\u00e9","Est. tempo de leitura":"3 minutos"},"schema":{"@context":"https:\/\/schema.org","@graph":[{"@type":"Article","@id":"https:\/\/ubanews.com\/site\/2023\/11\/22\/cumprimento-de-mandado-de-prisao-por-homicidio-tentado-contra-militares\/#article","isPartOf":{"@id":"https:\/\/ubanews.com\/site\/2023\/11\/22\/cumprimento-de-mandado-de-prisao-por-homicidio-tentado-contra-militares\/"},"author":{"name":"Carlos Roberto Sodr\u00e9","@id":"https:\/\/ubanews.com\/site\/#\/schema\/person\/9d8da9ec3c8d00640ab6e8c81e103310"},"headline":"CUMPRIMENTO DE MANDADO DE PRIS\u00c3O POR HOMIC\u00cdDIO TENTADO CONTRA MILITARES","datePublished":"2023-11-22T18:14:49+00:00","mainEntityOfPage":{"@id":"https:\/\/ubanews.com\/site\/2023\/11\/22\/cumprimento-de-mandado-de-prisao-por-homicidio-tentado-contra-militares\/"},"wordCount":515,"commentCount":0,"publisher":{"@id":"https:\/\/ubanews.com\/site\/#organization"},"image":{"@id":"https:\/\/ubanews.com\/site\/2023\/11\/22\/cumprimento-de-mandado-de-prisao-por-homicidio-tentado-contra-militares\/#primaryimage"},"thumbnailUrl":"http:\/\/ubanews.com\/site\/wp-content\/uploads\/2023\/11\/WhatsApp-Image-2023-11-21-at-14.11.55-200x300.jpeg","articleSection":["Geral"],"inLanguage":"pt-BR","potentialAction":[{"@type":"CommentAction","name":"Comment","target":["https:\/\/ubanews.com\/site\/2023\/11\/22\/cumprimento-de-mandado-de-prisao-por-homicidio-tentado-contra-militares\/#respond"]}]},{"@type":"WebPage","@id":"https:\/\/ubanews.com\/site\/2023\/11\/22\/cumprimento-de-mandado-de-prisao-por-homicidio-tentado-contra-militares\/","url":"https:\/\/ubanews.com\/site\/2023\/11\/22\/cumprimento-de-mandado-de-prisao-por-homicidio-tentado-contra-militares\/","name":"CUMPRIMENTO DE MANDADO DE PRIS\u00c3O POR HOMIC\u00cdDIO TENTADO CONTRA MILITARES - Ub\u00e1 News","isPartOf":{"@id":"https:\/\/ubanews.com\/site\/#website"},"primaryImageOfPage":{"@id":"https:\/\/ubanews.com\/site\/2023\/11\/22\/cumprimento-de-mandado-de-prisao-por-homicidio-tentado-contra-militares\/#primaryimage"},"image":{"@id":"https:\/\/ubanews.com\/site\/2023\/11\/22\/cumprimento-de-mandado-de-prisao-por-homicidio-tentado-contra-militares\/#primaryimage"},"thumbnailUrl":"http:\/\/ubanews.com\/site\/wp-content\/uploads\/2023\/11\/WhatsApp-Image-2023-11-21-at-14.11.55-200x300.jpeg","datePublished":"2023-11-22T18:14:49+00:00","breadcrumb":{"@id":"https:\/\/ubanews.com\/site\/2023\/11\/22\/cumprimento-de-mandado-de-prisao-por-homicidio-tentado-contra-militares\/#breadcrumb"},"inLanguage":"pt-BR","potentialAction":[{"@type":"ReadAction","target":["https:\/\/ubanews.com\/site\/2023\/11\/22\/cumprimento-de-mandado-de-prisao-por-homicidio-tentado-contra-militares\/"]}]},{"@type":"ImageObject","inLanguage":"pt-BR","@id":"https:\/\/ubanews.com\/site\/2023\/11\/22\/cumprimento-de-mandado-de-prisao-por-homicidio-tentado-contra-militares\/#primaryimage","url":"http:\/\/ubanews.com\/site\/wp-content\/uploads\/2023\/11\/WhatsApp-Image-2023-11-21-at-14.11.55-200x300.jpeg","contentUrl":"http:\/\/ubanews.com\/site\/wp-content\/uploads\/2023\/11\/WhatsApp-Image-2023-11-21-at-14.11.55-200x300.jpeg"},{"@type":"BreadcrumbList","@id":"https:\/\/ubanews.com\/site\/2023\/11\/22\/cumprimento-de-mandado-de-prisao-por-homicidio-tentado-contra-militares\/#breadcrumb","itemListElement":[{"@type":"ListItem","position":1,"name":"Home","item":"https:\/\/ubanews.com\/site\/"},{"@type":"ListItem","position":2,"name":"CUMPRIMENTO DE MANDADO DE PRIS\u00c3O POR HOMIC\u00cdDIO TENTADO CONTRA MILITARES"}]},{"@type":"WebSite","@id":"https:\/\/ubanews.com\/site\/#website","url":"https:\/\/ubanews.com\/site\/","name":"Ub\u00e1 News","description":"","publisher":{"@id":"https:\/\/ubanews.com\/site\/#organization"},"potentialAction":[{"@type":"SearchAction","target":{"@type":"EntryPoint","urlTemplate":"https:\/\/ubanews.com\/site\/?s={search_term_string}"},"query-input":{"@type":"PropertyValueSpecification","valueRequired":true,"valueName":"search_term_string"}}],"inLanguage":"pt-BR"},{"@type":"Organization","@id":"https:\/\/ubanews.com\/site\/#organization","name":"Ub\u00e1 News","url":"https:\/\/ubanews.com\/site\/","logo":{"@type":"ImageObject","inLanguage":"pt-BR","@id":"https:\/\/ubanews.com\/site\/#\/schema\/logo\/image\/","url":"https:\/\/ubanews.com\/site\/wp-content\/uploads\/2018\/01\/logoubanews.png","contentUrl":"https:\/\/ubanews.com\/site\/wp-content\/uploads\/2018\/01\/logoubanews.png","width":261,"height":99,"caption":"Ub\u00e1 News"},"image":{"@id":"https:\/\/ubanews.com\/site\/#\/schema\/logo\/image\/"},"sameAs":["https:\/\/www.facebook.com\/Ub\u00e1News-Carlos-Roberto-Sodr\u00e9-418778301977370"]},{"@type":"Person","@id":"https:\/\/ubanews.com\/site\/#\/schema\/person\/9d8da9ec3c8d00640ab6e8c81e103310","name":"Carlos Roberto Sodr\u00e9","image":{"@type":"ImageObject","inLanguage":"pt-BR","@id":"https:\/\/secure.gravatar.com\/avatar\/aab322e8555b56c468614fafdab8a8f924e394cdc6cfd8232f77e9e4d123a133?s=96&d=mm&r=g","url":"https:\/\/secure.gravatar.com\/avatar\/aab322e8555b56c468614fafdab8a8f924e394cdc6cfd8232f77e9e4d123a133?s=96&d=mm&r=g","contentUrl":"https:\/\/secure.gravatar.com\/avatar\/aab322e8555b56c468614fafdab8a8f924e394cdc6cfd8232f77e9e4d123a133?s=96&d=mm&r=g","caption":"Carlos Roberto Sodr\u00e9"},"url":"https:\/\/ubanews.com\/site\/author\/sodre\/"}]}},"_links":{"self":[{"href":"https:\/\/ubanews.com\/site\/wp-json\/wp\/v2\/posts\/22398","targetHints":{"allow":["GET"]}}],"collection":[{"href":"https:\/\/ubanews.com\/site\/wp-json\/wp\/v2\/posts"}],"about":[{"href":"https:\/\/ubanews.com\/site\/wp-json\/wp\/v2\/types\/post"}],"author":[{"embeddable":true,"href":"https:\/\/ubanews.com\/site\/wp-json\/wp\/v2\/users\/4"}],"replies":[{"embeddable":true,"href":"https:\/\/ubanews.com\/site\/wp-json\/wp\/v2\/comments?post=22398"}],"version-history":[{"count":0,"href":"https:\/\/ubanews.com\/site\/wp-json\/wp\/v2\/posts\/22398\/revisions"}],"wp:attachment":[{"href":"https:\/\/ubanews.com\/site\/wp-json\/wp\/v2\/media?parent=22398"}],"wp:term":[{"taxonomy":"category","embeddable":true,"href":"https:\/\/ubanews.com\/site\/wp-json\/wp\/v2\/categories?post=22398"},{"taxonomy":"post_tag","embeddable":true,"href":"https:\/\/ubanews.com\/site\/wp-json\/wp\/v2\/tags?post=22398"}],"curies":[{"name":"wp","href":"https:\/\/api.w.org\/{rel}","templated":true}]}}