{"id":22321,"date":"2023-10-30T11:30:16","date_gmt":"2023-10-30T14:30:16","guid":{"rendered":"http:\/\/ubanews.com\/site\/?p=22321"},"modified":"2023-10-29T19:29:34","modified_gmt":"2023-10-29T22:29:34","slug":"inauguracao-da-quadra-poliesportiva-na-escola-estadual-cel-joao-ferreira-de-andrade-encanta-a-comunidade-de-miragaia","status":"publish","type":"post","link":"https:\/\/ubanews.com\/site\/2023\/10\/30\/inauguracao-da-quadra-poliesportiva-na-escola-estadual-cel-joao-ferreira-de-andrade-encanta-a-comunidade-de-miragaia\/","title":{"rendered":"Inaugura\u00e7\u00e3o da Quadra Poliesportiva na Escola Estadual Cel. Jo\u00e3o Ferreira de Andrade encanta a comunidade de Miragaia"},"content":{"rendered":"<p>Na \u00faltima ter\u00e7a-feira, 24 de outubro, a Escola Estadual Cel. Jo\u00e3o Ferreira de Andrade, situada no distrito de Miragaia, em Ub\u00e1, celebrou um momento de grande alegria e uni\u00e3o com a inaugura\u00e7\u00e3o de sua quadra poliesportiva. O evento foi marcado pela presen\u00e7a do superintendente regional de ensino, Professor Lu\u00eds Henrique de Matos Lopes, que assistiu junto da comunidade por emocionantes partidas de futsal.<\/p>\n<p><img decoding=\"async\" class=\"aligncenter  wp-image-22265 lazyload\" data-src=\"https:\/\/ubanews.com\/site\/wp-content\/uploads\/2023\/10\/DSC1666-300x200.jpg\" alt=\"\" width=\"552\" height=\"368\" data-srcset=\"https:\/\/ubanews.com\/site\/wp-content\/uploads\/2023\/10\/DSC1666-300x200.jpg 300w, https:\/\/ubanews.com\/site\/wp-content\/uploads\/2023\/10\/DSC1666-1024x683.jpg 1024w, https:\/\/ubanews.com\/site\/wp-content\/uploads\/2023\/10\/DSC1666-768x512.jpg 768w, https:\/\/ubanews.com\/site\/wp-content\/uploads\/2023\/10\/DSC1666-1536x1024.jpg 1536w, https:\/\/ubanews.com\/site\/wp-content\/uploads\/2023\/10\/DSC1666-2048x1365.jpg 2048w, https:\/\/ubanews.com\/site\/wp-content\/uploads\/2023\/10\/DSC1666-1200x800.jpg 1200w, https:\/\/ubanews.com\/site\/wp-content\/uploads\/2023\/10\/DSC1666-120x80.jpg 120w\" data-sizes=\"(max-width: 552px) 100vw, 552px\" src=\"data:image\/svg+xml;base64,PHN2ZyB3aWR0aD0iMSIgaGVpZ2h0PSIxIiB4bWxucz0iaHR0cDovL3d3dy53My5vcmcvMjAwMC9zdmciPjwvc3ZnPg==\" style=\"--smush-placeholder-width: 552px; --smush-placeholder-aspect-ratio: 552\/368;\" \/><\/p>\n<p>A comunidade de Miragaia se reuniu em peso para prestigiar esse marco, e o evento n\u00e3o decepcionou. A quadra, que agora reluz com as cores da esperan\u00e7a, foi palco de tr\u00eas emocionantes jogos de futsal. O entusiasmo estava no ar, com dois times femininos e quatro masculinos demonstrando a paix\u00e3o pelo esporte.<\/p>\n<p><img decoding=\"async\" class=\"aligncenter  wp-image-22266 lazyload\" data-src=\"https:\/\/ubanews.com\/site\/wp-content\/uploads\/2023\/10\/DSC1671-300x200.jpg\" alt=\"\" width=\"551\" height=\"367\" data-srcset=\"https:\/\/ubanews.com\/site\/wp-content\/uploads\/2023\/10\/DSC1671-300x200.jpg 300w, https:\/\/ubanews.com\/site\/wp-content\/uploads\/2023\/10\/DSC1671-1024x683.jpg 1024w, https:\/\/ubanews.com\/site\/wp-content\/uploads\/2023\/10\/DSC1671-768x512.jpg 768w, https:\/\/ubanews.com\/site\/wp-content\/uploads\/2023\/10\/DSC1671-1536x1024.jpg 1536w, https:\/\/ubanews.com\/site\/wp-content\/uploads\/2023\/10\/DSC1671-2048x1365.jpg 2048w, https:\/\/ubanews.com\/site\/wp-content\/uploads\/2023\/10\/DSC1671-1200x800.jpg 1200w, https:\/\/ubanews.com\/site\/wp-content\/uploads\/2023\/10\/DSC1671-120x80.jpg 120w\" data-sizes=\"(max-width: 551px) 100vw, 551px\" src=\"data:image\/svg+xml;base64,PHN2ZyB3aWR0aD0iMSIgaGVpZ2h0PSIxIiB4bWxucz0iaHR0cDovL3d3dy53My5vcmcvMjAwMC9zdmciPjwvc3ZnPg==\" style=\"--smush-placeholder-width: 551px; --smush-placeholder-aspect-ratio: 551\/367;\" \/><\/p>\n<p>Ap\u00f3s as partidas eletrizantes, a alegria se espalhou pelo local quando a comunidade se reuniu para um delicioso jantar. Todos desfrutaram de um momento de confraterniza\u00e7\u00e3o e celebra\u00e7\u00e3o da prosperidade da comunidade de Miragaia, cujas crian\u00e7as agora t\u00eam um novo espa\u00e7o para praticar esportes, aprender valores e crescer de forma saud\u00e1vel.<\/p>\n<p><img decoding=\"async\" class=\"aligncenter  wp-image-22267 lazyload\" data-src=\"https:\/\/ubanews.com\/site\/wp-content\/uploads\/2023\/10\/DSC1684-300x200.jpg\" alt=\"\" width=\"550\" height=\"366\" data-srcset=\"https:\/\/ubanews.com\/site\/wp-content\/uploads\/2023\/10\/DSC1684-300x200.jpg 300w, https:\/\/ubanews.com\/site\/wp-content\/uploads\/2023\/10\/DSC1684-1024x683.jpg 1024w, https:\/\/ubanews.com\/site\/wp-content\/uploads\/2023\/10\/DSC1684-768x512.jpg 768w, https:\/\/ubanews.com\/site\/wp-content\/uploads\/2023\/10\/DSC1684-1536x1024.jpg 1536w, https:\/\/ubanews.com\/site\/wp-content\/uploads\/2023\/10\/DSC1684-2048x1365.jpg 2048w, https:\/\/ubanews.com\/site\/wp-content\/uploads\/2023\/10\/DSC1684-1200x800.jpg 1200w, https:\/\/ubanews.com\/site\/wp-content\/uploads\/2023\/10\/DSC1684-120x80.jpg 120w\" data-sizes=\"(max-width: 550px) 100vw, 550px\" src=\"data:image\/svg+xml;base64,PHN2ZyB3aWR0aD0iMSIgaGVpZ2h0PSIxIiB4bWxucz0iaHR0cDovL3d3dy53My5vcmcvMjAwMC9zdmciPjwvc3ZnPg==\" style=\"--smush-placeholder-width: 550px; --smush-placeholder-aspect-ratio: 550\/366;\" \/> <img decoding=\"async\" class=\"aligncenter  wp-image-22268 lazyload\" data-src=\"https:\/\/ubanews.com\/site\/wp-content\/uploads\/2023\/10\/DSC1685-300x200.jpg\" alt=\"\" width=\"551\" height=\"367\" data-srcset=\"https:\/\/ubanews.com\/site\/wp-content\/uploads\/2023\/10\/DSC1685-300x200.jpg 300w, https:\/\/ubanews.com\/site\/wp-content\/uploads\/2023\/10\/DSC1685-1024x683.jpg 1024w, https:\/\/ubanews.com\/site\/wp-content\/uploads\/2023\/10\/DSC1685-768x512.jpg 768w, https:\/\/ubanews.com\/site\/wp-content\/uploads\/2023\/10\/DSC1685-1536x1024.jpg 1536w, https:\/\/ubanews.com\/site\/wp-content\/uploads\/2023\/10\/DSC1685-2048x1365.jpg 2048w, https:\/\/ubanews.com\/site\/wp-content\/uploads\/2023\/10\/DSC1685-1200x800.jpg 1200w, https:\/\/ubanews.com\/site\/wp-content\/uploads\/2023\/10\/DSC1685-120x80.jpg 120w\" data-sizes=\"(max-width: 551px) 100vw, 551px\" src=\"data:image\/svg+xml;base64,PHN2ZyB3aWR0aD0iMSIgaGVpZ2h0PSIxIiB4bWxucz0iaHR0cDovL3d3dy53My5vcmcvMjAwMC9zdmciPjwvc3ZnPg==\" style=\"--smush-placeholder-width: 551px; --smush-placeholder-aspect-ratio: 551\/367;\" \/> <img decoding=\"async\" class=\"aligncenter  wp-image-22269 lazyload\" data-src=\"https:\/\/ubanews.com\/site\/wp-content\/uploads\/2023\/10\/DSC1687-300x200.jpg\" alt=\"\" width=\"551\" height=\"367\" data-srcset=\"https:\/\/ubanews.com\/site\/wp-content\/uploads\/2023\/10\/DSC1687-300x200.jpg 300w, https:\/\/ubanews.com\/site\/wp-content\/uploads\/2023\/10\/DSC1687-1024x683.jpg 1024w, https:\/\/ubanews.com\/site\/wp-content\/uploads\/2023\/10\/DSC1687-768x512.jpg 768w, https:\/\/ubanews.com\/site\/wp-content\/uploads\/2023\/10\/DSC1687-1536x1024.jpg 1536w, https:\/\/ubanews.com\/site\/wp-content\/uploads\/2023\/10\/DSC1687-2048x1365.jpg 2048w, https:\/\/ubanews.com\/site\/wp-content\/uploads\/2023\/10\/DSC1687-1200x800.jpg 1200w, https:\/\/ubanews.com\/site\/wp-content\/uploads\/2023\/10\/DSC1687-120x80.jpg 120w\" data-sizes=\"(max-width: 551px) 100vw, 551px\" src=\"data:image\/svg+xml;base64,PHN2ZyB3aWR0aD0iMSIgaGVpZ2h0PSIxIiB4bWxucz0iaHR0cDovL3d3dy53My5vcmcvMjAwMC9zdmciPjwvc3ZnPg==\" style=\"--smush-placeholder-width: 551px; --smush-placeholder-aspect-ratio: 551\/367;\" \/> <img decoding=\"async\" class=\"aligncenter  wp-image-22270 lazyload\" data-src=\"https:\/\/ubanews.com\/site\/wp-content\/uploads\/2023\/10\/DSC1692-300x200.jpg\" alt=\"\" width=\"550\" height=\"366\" data-srcset=\"https:\/\/ubanews.com\/site\/wp-content\/uploads\/2023\/10\/DSC1692-300x200.jpg 300w, https:\/\/ubanews.com\/site\/wp-content\/uploads\/2023\/10\/DSC1692-1024x683.jpg 1024w, https:\/\/ubanews.com\/site\/wp-content\/uploads\/2023\/10\/DSC1692-768x512.jpg 768w, https:\/\/ubanews.com\/site\/wp-content\/uploads\/2023\/10\/DSC1692-1536x1024.jpg 1536w, https:\/\/ubanews.com\/site\/wp-content\/uploads\/2023\/10\/DSC1692-2048x1365.jpg 2048w, https:\/\/ubanews.com\/site\/wp-content\/uploads\/2023\/10\/DSC1692-1200x800.jpg 1200w, https:\/\/ubanews.com\/site\/wp-content\/uploads\/2023\/10\/DSC1692-120x80.jpg 120w\" data-sizes=\"(max-width: 550px) 100vw, 550px\" src=\"data:image\/svg+xml;base64,PHN2ZyB3aWR0aD0iMSIgaGVpZ2h0PSIxIiB4bWxucz0iaHR0cDovL3d3dy53My5vcmcvMjAwMC9zdmciPjwvc3ZnPg==\" style=\"--smush-placeholder-width: 550px; --smush-placeholder-aspect-ratio: 550\/366;\" \/><img decoding=\"async\" class=\"aligncenter  wp-image-22271 lazyload\" data-src=\"https:\/\/ubanews.com\/site\/wp-content\/uploads\/2023\/10\/DSC1697-300x200.jpg\" alt=\"\" width=\"551\" height=\"367\" data-srcset=\"https:\/\/ubanews.com\/site\/wp-content\/uploads\/2023\/10\/DSC1697-300x200.jpg 300w, https:\/\/ubanews.com\/site\/wp-content\/uploads\/2023\/10\/DSC1697-1024x683.jpg 1024w, https:\/\/ubanews.com\/site\/wp-content\/uploads\/2023\/10\/DSC1697-768x512.jpg 768w, https:\/\/ubanews.com\/site\/wp-content\/uploads\/2023\/10\/DSC1697-1536x1024.jpg 1536w, https:\/\/ubanews.com\/site\/wp-content\/uploads\/2023\/10\/DSC1697-2048x1365.jpg 2048w, https:\/\/ubanews.com\/site\/wp-content\/uploads\/2023\/10\/DSC1697-1200x800.jpg 1200w, https:\/\/ubanews.com\/site\/wp-content\/uploads\/2023\/10\/DSC1697-120x80.jpg 120w\" data-sizes=\"(max-width: 551px) 100vw, 551px\" src=\"data:image\/svg+xml;base64,PHN2ZyB3aWR0aD0iMSIgaGVpZ2h0PSIxIiB4bWxucz0iaHR0cDovL3d3dy53My5vcmcvMjAwMC9zdmciPjwvc3ZnPg==\" style=\"--smush-placeholder-width: 551px; --smush-placeholder-aspect-ratio: 551\/367;\" \/> <img decoding=\"async\" class=\"aligncenter  wp-image-22272 lazyload\" data-src=\"https:\/\/ubanews.com\/site\/wp-content\/uploads\/2023\/10\/DSC1700-300x200.jpg\" alt=\"\" width=\"551\" height=\"367\" data-srcset=\"https:\/\/ubanews.com\/site\/wp-content\/uploads\/2023\/10\/DSC1700-300x200.jpg 300w, https:\/\/ubanews.com\/site\/wp-content\/uploads\/2023\/10\/DSC1700-1024x683.jpg 1024w, https:\/\/ubanews.com\/site\/wp-content\/uploads\/2023\/10\/DSC1700-768x512.jpg 768w, https:\/\/ubanews.com\/site\/wp-content\/uploads\/2023\/10\/DSC1700-1536x1024.jpg 1536w, https:\/\/ubanews.com\/site\/wp-content\/uploads\/2023\/10\/DSC1700-2048x1365.jpg 2048w, https:\/\/ubanews.com\/site\/wp-content\/uploads\/2023\/10\/DSC1700-1200x800.jpg 1200w, https:\/\/ubanews.com\/site\/wp-content\/uploads\/2023\/10\/DSC1700-120x80.jpg 120w\" data-sizes=\"(max-width: 551px) 100vw, 551px\" src=\"data:image\/svg+xml;base64,PHN2ZyB3aWR0aD0iMSIgaGVpZ2h0PSIxIiB4bWxucz0iaHR0cDovL3d3dy53My5vcmcvMjAwMC9zdmciPjwvc3ZnPg==\" style=\"--smush-placeholder-width: 551px; --smush-placeholder-aspect-ratio: 551\/367;\" \/> <img decoding=\"async\" class=\"aligncenter  wp-image-22277 lazyload\" data-src=\"https:\/\/ubanews.com\/site\/wp-content\/uploads\/2023\/10\/DSC1715-300x200.jpg\" alt=\"\" width=\"550\" height=\"366\" data-srcset=\"https:\/\/ubanews.com\/site\/wp-content\/uploads\/2023\/10\/DSC1715-300x200.jpg 300w, https:\/\/ubanews.com\/site\/wp-content\/uploads\/2023\/10\/DSC1715-1024x683.jpg 1024w, https:\/\/ubanews.com\/site\/wp-content\/uploads\/2023\/10\/DSC1715-768x512.jpg 768w, https:\/\/ubanews.com\/site\/wp-content\/uploads\/2023\/10\/DSC1715-1536x1024.jpg 1536w, https:\/\/ubanews.com\/site\/wp-content\/uploads\/2023\/10\/DSC1715-2048x1365.jpg 2048w, https:\/\/ubanews.com\/site\/wp-content\/uploads\/2023\/10\/DSC1715-1200x800.jpg 1200w, https:\/\/ubanews.com\/site\/wp-content\/uploads\/2023\/10\/DSC1715-120x80.jpg 120w\" data-sizes=\"(max-width: 550px) 100vw, 550px\" src=\"data:image\/svg+xml;base64,PHN2ZyB3aWR0aD0iMSIgaGVpZ2h0PSIxIiB4bWxucz0iaHR0cDovL3d3dy53My5vcmcvMjAwMC9zdmciPjwvc3ZnPg==\" style=\"--smush-placeholder-width: 550px; --smush-placeholder-aspect-ratio: 550\/366;\" \/> <img decoding=\"async\" class=\"aligncenter  wp-image-22274 lazyload\" data-src=\"https:\/\/ubanews.com\/site\/wp-content\/uploads\/2023\/10\/DSC1709-300x200.jpg\" alt=\"\" width=\"550\" height=\"366\" data-srcset=\"https:\/\/ubanews.com\/site\/wp-content\/uploads\/2023\/10\/DSC1709-300x200.jpg 300w, https:\/\/ubanews.com\/site\/wp-content\/uploads\/2023\/10\/DSC1709-1024x683.jpg 1024w, https:\/\/ubanews.com\/site\/wp-content\/uploads\/2023\/10\/DSC1709-768x512.jpg 768w, https:\/\/ubanews.com\/site\/wp-content\/uploads\/2023\/10\/DSC1709-1536x1024.jpg 1536w, https:\/\/ubanews.com\/site\/wp-content\/uploads\/2023\/10\/DSC1709-2048x1365.jpg 2048w, https:\/\/ubanews.com\/site\/wp-content\/uploads\/2023\/10\/DSC1709-1200x800.jpg 1200w, https:\/\/ubanews.com\/site\/wp-content\/uploads\/2023\/10\/DSC1709-120x80.jpg 120w\" data-sizes=\"(max-width: 550px) 100vw, 550px\" src=\"data:image\/svg+xml;base64,PHN2ZyB3aWR0aD0iMSIgaGVpZ2h0PSIxIiB4bWxucz0iaHR0cDovL3d3dy53My5vcmcvMjAwMC9zdmciPjwvc3ZnPg==\" style=\"--smush-placeholder-width: 550px; --smush-placeholder-aspect-ratio: 550\/366;\" \/> <img decoding=\"async\" class=\"aligncenter  wp-image-22275 lazyload\" data-src=\"https:\/\/ubanews.com\/site\/wp-content\/uploads\/2023\/10\/DSC1710-300x200.jpg\" alt=\"\" width=\"551\" height=\"367\" data-srcset=\"https:\/\/ubanews.com\/site\/wp-content\/uploads\/2023\/10\/DSC1710-300x200.jpg 300w, https:\/\/ubanews.com\/site\/wp-content\/uploads\/2023\/10\/DSC1710-1024x683.jpg 1024w, https:\/\/ubanews.com\/site\/wp-content\/uploads\/2023\/10\/DSC1710-768x512.jpg 768w, https:\/\/ubanews.com\/site\/wp-content\/uploads\/2023\/10\/DSC1710-1536x1024.jpg 1536w, https:\/\/ubanews.com\/site\/wp-content\/uploads\/2023\/10\/DSC1710-2048x1365.jpg 2048w, https:\/\/ubanews.com\/site\/wp-content\/uploads\/2023\/10\/DSC1710-1200x800.jpg 1200w, https:\/\/ubanews.com\/site\/wp-content\/uploads\/2023\/10\/DSC1710-120x80.jpg 120w\" data-sizes=\"(max-width: 551px) 100vw, 551px\" src=\"data:image\/svg+xml;base64,PHN2ZyB3aWR0aD0iMSIgaGVpZ2h0PSIxIiB4bWxucz0iaHR0cDovL3d3dy53My5vcmcvMjAwMC9zdmciPjwvc3ZnPg==\" style=\"--smush-placeholder-width: 551px; --smush-placeholder-aspect-ratio: 551\/367;\" \/> <img decoding=\"async\" class=\"aligncenter  wp-image-22276 lazyload\" data-src=\"https:\/\/ubanews.com\/site\/wp-content\/uploads\/2023\/10\/DSC1711-300x200.jpg\" alt=\"\" width=\"551\" height=\"367\" data-srcset=\"https:\/\/ubanews.com\/site\/wp-content\/uploads\/2023\/10\/DSC1711-300x200.jpg 300w, https:\/\/ubanews.com\/site\/wp-content\/uploads\/2023\/10\/DSC1711-1024x683.jpg 1024w, https:\/\/ubanews.com\/site\/wp-content\/uploads\/2023\/10\/DSC1711-768x512.jpg 768w, https:\/\/ubanews.com\/site\/wp-content\/uploads\/2023\/10\/DSC1711-1536x1024.jpg 1536w, https:\/\/ubanews.com\/site\/wp-content\/uploads\/2023\/10\/DSC1711-2048x1365.jpg 2048w, https:\/\/ubanews.com\/site\/wp-content\/uploads\/2023\/10\/DSC1711-1200x800.jpg 1200w, https:\/\/ubanews.com\/site\/wp-content\/uploads\/2023\/10\/DSC1711-120x80.jpg 120w\" data-sizes=\"(max-width: 551px) 100vw, 551px\" src=\"data:image\/svg+xml;base64,PHN2ZyB3aWR0aD0iMSIgaGVpZ2h0PSIxIiB4bWxucz0iaHR0cDovL3d3dy53My5vcmcvMjAwMC9zdmciPjwvc3ZnPg==\" style=\"--smush-placeholder-width: 551px; --smush-placeholder-aspect-ratio: 551\/367;\" \/><\/p>\n<p>Mais de uma centena de pessoas participaram da inaugura\u00e7\u00e3o, incluindo pais, alunos e membros da comunidade. O evento n\u00e3o apenas celebrou a abertura da quadra poliesportiva, mas tamb\u00e9m fortaleceu os la\u00e7os entre todos os presentes, ressaltando a import\u00e2ncia da educa\u00e7\u00e3o e do esporte para o crescimento saud\u00e1vel das futuras gera\u00e7\u00f5es.<\/p>\n<p>O Professor Lu\u00eds Henrique de Matos Lopes, superintendente regional de ensino, destacou a import\u00e2ncia da quadra poliesportiva como um espa\u00e7o de inclus\u00e3o, aprendizado e integra\u00e7\u00e3o. Ele elogiou o comprometimento do governo do estado em investir no futuro de suas crian\u00e7as.<\/p>\n","protected":false},"excerpt":{"rendered":"<p>Na \u00faltima ter\u00e7a-feira, 24 de outubro, a Escola Estadual Cel.<\/p>\n","protected":false},"author":4,"featured_media":0,"comment_status":"open","ping_status":"open","sticky":false,"template":"","format":"standard","meta":{"footnotes":""},"categories":[1],"tags":[],"class_list":["post-22321","post","type-post","status-publish","format-standard","hentry","category-sem-categoria"],"yoast_head":"<!-- This site is optimized with the Yoast SEO plugin v27.2 - https:\/\/yoast.com\/product\/yoast-seo-wordpress\/ -->\n<title>Inaugura\u00e7\u00e3o da Quadra Poliesportiva na Escola Estadual Cel. Jo\u00e3o Ferreira de Andrade encanta a comunidade de Miragaia - Ub\u00e1 News<\/title>\n<meta name=\"robots\" content=\"index, follow, max-snippet:-1, max-image-preview:large, max-video-preview:-1\" \/>\n<link rel=\"canonical\" href=\"https:\/\/ubanews.com\/site\/2023\/10\/30\/inauguracao-da-quadra-poliesportiva-na-escola-estadual-cel-joao-ferreira-de-andrade-encanta-a-comunidade-de-miragaia\/\" \/>\n<meta property=\"og:locale\" content=\"pt_BR\" \/>\n<meta property=\"og:type\" content=\"article\" \/>\n<meta property=\"og:title\" content=\"Inaugura\u00e7\u00e3o da Quadra Poliesportiva na Escola Estadual Cel. Jo\u00e3o Ferreira de Andrade encanta a comunidade de Miragaia - Ub\u00e1 News\" \/>\n<meta property=\"og:description\" content=\"Na \u00faltima ter\u00e7a-feira, 24 de outubro, a Escola Estadual Cel.\" \/>\n<meta property=\"og:url\" content=\"https:\/\/ubanews.com\/site\/2023\/10\/30\/inauguracao-da-quadra-poliesportiva-na-escola-estadual-cel-joao-ferreira-de-andrade-encanta-a-comunidade-de-miragaia\/\" \/>\n<meta property=\"og:site_name\" content=\"Ub\u00e1 News\" \/>\n<meta property=\"article:publisher\" content=\"https:\/\/www.facebook.com\/Ub%c3%a1News-Carlos-Roberto-Sodr%c3%a9-418778301977370\" \/>\n<meta property=\"article:published_time\" content=\"2023-10-30T14:30:16+00:00\" \/>\n<meta property=\"og:image\" content=\"http:\/\/ubanews.com\/site\/wp-content\/uploads\/2023\/10\/DSC1666-300x200.jpg\" \/>\n<meta name=\"author\" content=\"Carlos Roberto Sodr\u00e9\" \/>\n<meta name=\"twitter:card\" content=\"summary_large_image\" \/>\n<meta name=\"twitter:label1\" content=\"Escrito por\" \/>\n\t<meta name=\"twitter:data1\" content=\"Carlos Roberto Sodr\u00e9\" \/>\n\t<meta name=\"twitter:label2\" content=\"Est. tempo de leitura\" \/>\n\t<meta name=\"twitter:data2\" content=\"4 minutos\" \/>\n<script type=\"application\/ld+json\" class=\"yoast-schema-graph\">{\"@context\":\"https:\/\/schema.org\",\"@graph\":[{\"@type\":\"Article\",\"@id\":\"https:\/\/ubanews.com\/site\/2023\/10\/30\/inauguracao-da-quadra-poliesportiva-na-escola-estadual-cel-joao-ferreira-de-andrade-encanta-a-comunidade-de-miragaia\/#article\",\"isPartOf\":{\"@id\":\"https:\/\/ubanews.com\/site\/2023\/10\/30\/inauguracao-da-quadra-poliesportiva-na-escola-estadual-cel-joao-ferreira-de-andrade-encanta-a-comunidade-de-miragaia\/\"},\"author\":{\"name\":\"Carlos Roberto Sodr\u00e9\",\"@id\":\"https:\/\/ubanews.com\/site\/#\/schema\/person\/9d8da9ec3c8d00640ab6e8c81e103310\"},\"headline\":\"Inaugura\u00e7\u00e3o da Quadra Poliesportiva na Escola Estadual Cel. Jo\u00e3o Ferreira de Andrade encanta a comunidade de Miragaia\",\"datePublished\":\"2023-10-30T14:30:16+00:00\",\"mainEntityOfPage\":{\"@id\":\"https:\/\/ubanews.com\/site\/2023\/10\/30\/inauguracao-da-quadra-poliesportiva-na-escola-estadual-cel-joao-ferreira-de-andrade-encanta-a-comunidade-de-miragaia\/\"},\"wordCount\":305,\"commentCount\":0,\"publisher\":{\"@id\":\"https:\/\/ubanews.com\/site\/#organization\"},\"image\":{\"@id\":\"https:\/\/ubanews.com\/site\/2023\/10\/30\/inauguracao-da-quadra-poliesportiva-na-escola-estadual-cel-joao-ferreira-de-andrade-encanta-a-comunidade-de-miragaia\/#primaryimage\"},\"thumbnailUrl\":\"http:\/\/ubanews.com\/site\/wp-content\/uploads\/2023\/10\/DSC1666-300x200.jpg\",\"articleSection\":[\"Geral\"],\"inLanguage\":\"pt-BR\",\"potentialAction\":[{\"@type\":\"CommentAction\",\"name\":\"Comment\",\"target\":[\"https:\/\/ubanews.com\/site\/2023\/10\/30\/inauguracao-da-quadra-poliesportiva-na-escola-estadual-cel-joao-ferreira-de-andrade-encanta-a-comunidade-de-miragaia\/#respond\"]}]},{\"@type\":\"WebPage\",\"@id\":\"https:\/\/ubanews.com\/site\/2023\/10\/30\/inauguracao-da-quadra-poliesportiva-na-escola-estadual-cel-joao-ferreira-de-andrade-encanta-a-comunidade-de-miragaia\/\",\"url\":\"https:\/\/ubanews.com\/site\/2023\/10\/30\/inauguracao-da-quadra-poliesportiva-na-escola-estadual-cel-joao-ferreira-de-andrade-encanta-a-comunidade-de-miragaia\/\",\"name\":\"Inaugura\u00e7\u00e3o da Quadra Poliesportiva na Escola Estadual Cel. Jo\u00e3o Ferreira de Andrade encanta a comunidade de Miragaia - Ub\u00e1 News\",\"isPartOf\":{\"@id\":\"https:\/\/ubanews.com\/site\/#website\"},\"primaryImageOfPage\":{\"@id\":\"https:\/\/ubanews.com\/site\/2023\/10\/30\/inauguracao-da-quadra-poliesportiva-na-escola-estadual-cel-joao-ferreira-de-andrade-encanta-a-comunidade-de-miragaia\/#primaryimage\"},\"image\":{\"@id\":\"https:\/\/ubanews.com\/site\/2023\/10\/30\/inauguracao-da-quadra-poliesportiva-na-escola-estadual-cel-joao-ferreira-de-andrade-encanta-a-comunidade-de-miragaia\/#primaryimage\"},\"thumbnailUrl\":\"http:\/\/ubanews.com\/site\/wp-content\/uploads\/2023\/10\/DSC1666-300x200.jpg\",\"datePublished\":\"2023-10-30T14:30:16+00:00\",\"breadcrumb\":{\"@id\":\"https:\/\/ubanews.com\/site\/2023\/10\/30\/inauguracao-da-quadra-poliesportiva-na-escola-estadual-cel-joao-ferreira-de-andrade-encanta-a-comunidade-de-miragaia\/#breadcrumb\"},\"inLanguage\":\"pt-BR\",\"potentialAction\":[{\"@type\":\"ReadAction\",\"target\":[\"https:\/\/ubanews.com\/site\/2023\/10\/30\/inauguracao-da-quadra-poliesportiva-na-escola-estadual-cel-joao-ferreira-de-andrade-encanta-a-comunidade-de-miragaia\/\"]}]},{\"@type\":\"ImageObject\",\"inLanguage\":\"pt-BR\",\"@id\":\"https:\/\/ubanews.com\/site\/2023\/10\/30\/inauguracao-da-quadra-poliesportiva-na-escola-estadual-cel-joao-ferreira-de-andrade-encanta-a-comunidade-de-miragaia\/#primaryimage\",\"url\":\"https:\/\/ubanews.com\/site\/wp-content\/uploads\/2023\/10\/DSC1666-scaled.jpg\",\"contentUrl\":\"https:\/\/ubanews.com\/site\/wp-content\/uploads\/2023\/10\/DSC1666-scaled.jpg\",\"width\":2560,\"height\":1707},{\"@type\":\"BreadcrumbList\",\"@id\":\"https:\/\/ubanews.com\/site\/2023\/10\/30\/inauguracao-da-quadra-poliesportiva-na-escola-estadual-cel-joao-ferreira-de-andrade-encanta-a-comunidade-de-miragaia\/#breadcrumb\",\"itemListElement\":[{\"@type\":\"ListItem\",\"position\":1,\"name\":\"Home\",\"item\":\"https:\/\/ubanews.com\/site\/\"},{\"@type\":\"ListItem\",\"position\":2,\"name\":\"Inaugura\u00e7\u00e3o da Quadra Poliesportiva na Escola Estadual Cel. Jo\u00e3o Ferreira de Andrade encanta a comunidade de Miragaia\"}]},{\"@type\":\"WebSite\",\"@id\":\"https:\/\/ubanews.com\/site\/#website\",\"url\":\"https:\/\/ubanews.com\/site\/\",\"name\":\"Ub\u00e1 News\",\"description\":\"\",\"publisher\":{\"@id\":\"https:\/\/ubanews.com\/site\/#organization\"},\"potentialAction\":[{\"@type\":\"SearchAction\",\"target\":{\"@type\":\"EntryPoint\",\"urlTemplate\":\"https:\/\/ubanews.com\/site\/?s={search_term_string}\"},\"query-input\":{\"@type\":\"PropertyValueSpecification\",\"valueRequired\":true,\"valueName\":\"search_term_string\"}}],\"inLanguage\":\"pt-BR\"},{\"@type\":\"Organization\",\"@id\":\"https:\/\/ubanews.com\/site\/#organization\",\"name\":\"Ub\u00e1 News\",\"url\":\"https:\/\/ubanews.com\/site\/\",\"logo\":{\"@type\":\"ImageObject\",\"inLanguage\":\"pt-BR\",\"@id\":\"https:\/\/ubanews.com\/site\/#\/schema\/logo\/image\/\",\"url\":\"https:\/\/ubanews.com\/site\/wp-content\/uploads\/2018\/01\/logoubanews.png\",\"contentUrl\":\"https:\/\/ubanews.com\/site\/wp-content\/uploads\/2018\/01\/logoubanews.png\",\"width\":261,\"height\":99,\"caption\":\"Ub\u00e1 News\"},\"image\":{\"@id\":\"https:\/\/ubanews.com\/site\/#\/schema\/logo\/image\/\"},\"sameAs\":[\"https:\/\/www.facebook.com\/Ub\u00e1News-Carlos-Roberto-Sodr\u00e9-418778301977370\"]},{\"@type\":\"Person\",\"@id\":\"https:\/\/ubanews.com\/site\/#\/schema\/person\/9d8da9ec3c8d00640ab6e8c81e103310\",\"name\":\"Carlos Roberto Sodr\u00e9\",\"image\":{\"@type\":\"ImageObject\",\"inLanguage\":\"pt-BR\",\"@id\":\"https:\/\/secure.gravatar.com\/avatar\/aab322e8555b56c468614fafdab8a8f924e394cdc6cfd8232f77e9e4d123a133?s=96&d=mm&r=g\",\"url\":\"https:\/\/secure.gravatar.com\/avatar\/aab322e8555b56c468614fafdab8a8f924e394cdc6cfd8232f77e9e4d123a133?s=96&d=mm&r=g\",\"contentUrl\":\"https:\/\/secure.gravatar.com\/avatar\/aab322e8555b56c468614fafdab8a8f924e394cdc6cfd8232f77e9e4d123a133?s=96&d=mm&r=g\",\"caption\":\"Carlos Roberto Sodr\u00e9\"},\"url\":\"https:\/\/ubanews.com\/site\/author\/sodre\/\"}]}<\/script>\n<!-- \/ Yoast SEO plugin. -->","yoast_head_json":{"title":"Inaugura\u00e7\u00e3o da Quadra Poliesportiva na Escola Estadual Cel. Jo\u00e3o Ferreira de Andrade encanta a comunidade de Miragaia - Ub\u00e1 News","robots":{"index":"index","follow":"follow","max-snippet":"max-snippet:-1","max-image-preview":"max-image-preview:large","max-video-preview":"max-video-preview:-1"},"canonical":"https:\/\/ubanews.com\/site\/2023\/10\/30\/inauguracao-da-quadra-poliesportiva-na-escola-estadual-cel-joao-ferreira-de-andrade-encanta-a-comunidade-de-miragaia\/","og_locale":"pt_BR","og_type":"article","og_title":"Inaugura\u00e7\u00e3o da Quadra Poliesportiva na Escola Estadual Cel. Jo\u00e3o Ferreira de Andrade encanta a comunidade de Miragaia - Ub\u00e1 News","og_description":"Na \u00faltima ter\u00e7a-feira, 24 de outubro, a Escola Estadual Cel.","og_url":"https:\/\/ubanews.com\/site\/2023\/10\/30\/inauguracao-da-quadra-poliesportiva-na-escola-estadual-cel-joao-ferreira-de-andrade-encanta-a-comunidade-de-miragaia\/","og_site_name":"Ub\u00e1 News","article_publisher":"https:\/\/www.facebook.com\/Ub%c3%a1News-Carlos-Roberto-Sodr%c3%a9-418778301977370","article_published_time":"2023-10-30T14:30:16+00:00","og_image":[{"url":"http:\/\/ubanews.com\/site\/wp-content\/uploads\/2023\/10\/DSC1666-300x200.jpg","type":"","width":"","height":""}],"author":"Carlos Roberto Sodr\u00e9","twitter_card":"summary_large_image","twitter_misc":{"Escrito por":"Carlos Roberto Sodr\u00e9","Est. tempo de leitura":"4 minutos"},"schema":{"@context":"https:\/\/schema.org","@graph":[{"@type":"Article","@id":"https:\/\/ubanews.com\/site\/2023\/10\/30\/inauguracao-da-quadra-poliesportiva-na-escola-estadual-cel-joao-ferreira-de-andrade-encanta-a-comunidade-de-miragaia\/#article","isPartOf":{"@id":"https:\/\/ubanews.com\/site\/2023\/10\/30\/inauguracao-da-quadra-poliesportiva-na-escola-estadual-cel-joao-ferreira-de-andrade-encanta-a-comunidade-de-miragaia\/"},"author":{"name":"Carlos Roberto Sodr\u00e9","@id":"https:\/\/ubanews.com\/site\/#\/schema\/person\/9d8da9ec3c8d00640ab6e8c81e103310"},"headline":"Inaugura\u00e7\u00e3o da Quadra Poliesportiva na Escola Estadual Cel. Jo\u00e3o Ferreira de Andrade encanta a comunidade de Miragaia","datePublished":"2023-10-30T14:30:16+00:00","mainEntityOfPage":{"@id":"https:\/\/ubanews.com\/site\/2023\/10\/30\/inauguracao-da-quadra-poliesportiva-na-escola-estadual-cel-joao-ferreira-de-andrade-encanta-a-comunidade-de-miragaia\/"},"wordCount":305,"commentCount":0,"publisher":{"@id":"https:\/\/ubanews.com\/site\/#organization"},"image":{"@id":"https:\/\/ubanews.com\/site\/2023\/10\/30\/inauguracao-da-quadra-poliesportiva-na-escola-estadual-cel-joao-ferreira-de-andrade-encanta-a-comunidade-de-miragaia\/#primaryimage"},"thumbnailUrl":"http:\/\/ubanews.com\/site\/wp-content\/uploads\/2023\/10\/DSC1666-300x200.jpg","articleSection":["Geral"],"inLanguage":"pt-BR","potentialAction":[{"@type":"CommentAction","name":"Comment","target":["https:\/\/ubanews.com\/site\/2023\/10\/30\/inauguracao-da-quadra-poliesportiva-na-escola-estadual-cel-joao-ferreira-de-andrade-encanta-a-comunidade-de-miragaia\/#respond"]}]},{"@type":"WebPage","@id":"https:\/\/ubanews.com\/site\/2023\/10\/30\/inauguracao-da-quadra-poliesportiva-na-escola-estadual-cel-joao-ferreira-de-andrade-encanta-a-comunidade-de-miragaia\/","url":"https:\/\/ubanews.com\/site\/2023\/10\/30\/inauguracao-da-quadra-poliesportiva-na-escola-estadual-cel-joao-ferreira-de-andrade-encanta-a-comunidade-de-miragaia\/","name":"Inaugura\u00e7\u00e3o da Quadra Poliesportiva na Escola Estadual Cel. Jo\u00e3o Ferreira de Andrade encanta a comunidade de Miragaia - Ub\u00e1 News","isPartOf":{"@id":"https:\/\/ubanews.com\/site\/#website"},"primaryImageOfPage":{"@id":"https:\/\/ubanews.com\/site\/2023\/10\/30\/inauguracao-da-quadra-poliesportiva-na-escola-estadual-cel-joao-ferreira-de-andrade-encanta-a-comunidade-de-miragaia\/#primaryimage"},"image":{"@id":"https:\/\/ubanews.com\/site\/2023\/10\/30\/inauguracao-da-quadra-poliesportiva-na-escola-estadual-cel-joao-ferreira-de-andrade-encanta-a-comunidade-de-miragaia\/#primaryimage"},"thumbnailUrl":"http:\/\/ubanews.com\/site\/wp-content\/uploads\/2023\/10\/DSC1666-300x200.jpg","datePublished":"2023-10-30T14:30:16+00:00","breadcrumb":{"@id":"https:\/\/ubanews.com\/site\/2023\/10\/30\/inauguracao-da-quadra-poliesportiva-na-escola-estadual-cel-joao-ferreira-de-andrade-encanta-a-comunidade-de-miragaia\/#breadcrumb"},"inLanguage":"pt-BR","potentialAction":[{"@type":"ReadAction","target":["https:\/\/ubanews.com\/site\/2023\/10\/30\/inauguracao-da-quadra-poliesportiva-na-escola-estadual-cel-joao-ferreira-de-andrade-encanta-a-comunidade-de-miragaia\/"]}]},{"@type":"ImageObject","inLanguage":"pt-BR","@id":"https:\/\/ubanews.com\/site\/2023\/10\/30\/inauguracao-da-quadra-poliesportiva-na-escola-estadual-cel-joao-ferreira-de-andrade-encanta-a-comunidade-de-miragaia\/#primaryimage","url":"https:\/\/ubanews.com\/site\/wp-content\/uploads\/2023\/10\/DSC1666-scaled.jpg","contentUrl":"https:\/\/ubanews.com\/site\/wp-content\/uploads\/2023\/10\/DSC1666-scaled.jpg","width":2560,"height":1707},{"@type":"BreadcrumbList","@id":"https:\/\/ubanews.com\/site\/2023\/10\/30\/inauguracao-da-quadra-poliesportiva-na-escola-estadual-cel-joao-ferreira-de-andrade-encanta-a-comunidade-de-miragaia\/#breadcrumb","itemListElement":[{"@type":"ListItem","position":1,"name":"Home","item":"https:\/\/ubanews.com\/site\/"},{"@type":"ListItem","position":2,"name":"Inaugura\u00e7\u00e3o da Quadra Poliesportiva na Escola Estadual Cel. Jo\u00e3o Ferreira de Andrade encanta a comunidade de Miragaia"}]},{"@type":"WebSite","@id":"https:\/\/ubanews.com\/site\/#website","url":"https:\/\/ubanews.com\/site\/","name":"Ub\u00e1 News","description":"","publisher":{"@id":"https:\/\/ubanews.com\/site\/#organization"},"potentialAction":[{"@type":"SearchAction","target":{"@type":"EntryPoint","urlTemplate":"https:\/\/ubanews.com\/site\/?s={search_term_string}"},"query-input":{"@type":"PropertyValueSpecification","valueRequired":true,"valueName":"search_term_string"}}],"inLanguage":"pt-BR"},{"@type":"Organization","@id":"https:\/\/ubanews.com\/site\/#organization","name":"Ub\u00e1 News","url":"https:\/\/ubanews.com\/site\/","logo":{"@type":"ImageObject","inLanguage":"pt-BR","@id":"https:\/\/ubanews.com\/site\/#\/schema\/logo\/image\/","url":"https:\/\/ubanews.com\/site\/wp-content\/uploads\/2018\/01\/logoubanews.png","contentUrl":"https:\/\/ubanews.com\/site\/wp-content\/uploads\/2018\/01\/logoubanews.png","width":261,"height":99,"caption":"Ub\u00e1 News"},"image":{"@id":"https:\/\/ubanews.com\/site\/#\/schema\/logo\/image\/"},"sameAs":["https:\/\/www.facebook.com\/Ub\u00e1News-Carlos-Roberto-Sodr\u00e9-418778301977370"]},{"@type":"Person","@id":"https:\/\/ubanews.com\/site\/#\/schema\/person\/9d8da9ec3c8d00640ab6e8c81e103310","name":"Carlos Roberto Sodr\u00e9","image":{"@type":"ImageObject","inLanguage":"pt-BR","@id":"https:\/\/secure.gravatar.com\/avatar\/aab322e8555b56c468614fafdab8a8f924e394cdc6cfd8232f77e9e4d123a133?s=96&d=mm&r=g","url":"https:\/\/secure.gravatar.com\/avatar\/aab322e8555b56c468614fafdab8a8f924e394cdc6cfd8232f77e9e4d123a133?s=96&d=mm&r=g","contentUrl":"https:\/\/secure.gravatar.com\/avatar\/aab322e8555b56c468614fafdab8a8f924e394cdc6cfd8232f77e9e4d123a133?s=96&d=mm&r=g","caption":"Carlos Roberto Sodr\u00e9"},"url":"https:\/\/ubanews.com\/site\/author\/sodre\/"}]}},"_links":{"self":[{"href":"https:\/\/ubanews.com\/site\/wp-json\/wp\/v2\/posts\/22321","targetHints":{"allow":["GET"]}}],"collection":[{"href":"https:\/\/ubanews.com\/site\/wp-json\/wp\/v2\/posts"}],"about":[{"href":"https:\/\/ubanews.com\/site\/wp-json\/wp\/v2\/types\/post"}],"author":[{"embeddable":true,"href":"https:\/\/ubanews.com\/site\/wp-json\/wp\/v2\/users\/4"}],"replies":[{"embeddable":true,"href":"https:\/\/ubanews.com\/site\/wp-json\/wp\/v2\/comments?post=22321"}],"version-history":[{"count":0,"href":"https:\/\/ubanews.com\/site\/wp-json\/wp\/v2\/posts\/22321\/revisions"}],"wp:attachment":[{"href":"https:\/\/ubanews.com\/site\/wp-json\/wp\/v2\/media?parent=22321"}],"wp:term":[{"taxonomy":"category","embeddable":true,"href":"https:\/\/ubanews.com\/site\/wp-json\/wp\/v2\/categories?post=22321"},{"taxonomy":"post_tag","embeddable":true,"href":"https:\/\/ubanews.com\/site\/wp-json\/wp\/v2\/tags?post=22321"}],"curies":[{"name":"wp","href":"https:\/\/api.w.org\/{rel}","templated":true}]}}