{"id":22320,"date":"2023-10-29T19:13:13","date_gmt":"2023-10-29T22:13:13","guid":{"rendered":"http:\/\/ubanews.com\/site\/?p=22320"},"modified":"2023-10-30T12:14:08","modified_gmt":"2023-10-30T15:14:08","slug":"2a-caminhada-outubro-rosa-e-novembro-azul-juntos-pela-conscientizacao-contra-o-cancer-de-mama-e-prostata","status":"publish","type":"post","link":"https:\/\/ubanews.com\/site\/2023\/10\/29\/2a-caminhada-outubro-rosa-e-novembro-azul-juntos-pela-conscientizacao-contra-o-cancer-de-mama-e-prostata\/","title":{"rendered":"2\u00aa Caminhada Outubro Rosa e Novembro Azul: Juntos pela conscientiza\u00e7\u00e3o contra o c\u00e2ncer de mama e pr\u00f3stata"},"content":{"rendered":"<p>Hoje a cidade de Ub\u00e1 se uniu em um gesto de solidariedade e conscientiza\u00e7\u00e3o na 2\u00aa Caminhada Outubro Rosa e Novembro Azul. Centenas de pessoas se reuniram na Pra\u00e7a Guido Marli\u00e9re para apoiar a luta contra o c\u00e2ncer de mama e pr\u00f3stata, ap\u00f3s caminhada vinda da Rua da Feira, Travessa Antonieta Souza Lima.<\/p>\n<p><img decoding=\"async\" class=\"aligncenter wp-image-22286 lazyload\" data-src=\"https:\/\/ubanews.com\/site\/wp-content\/uploads\/2023\/10\/DSC1730-300x200.jpg\" alt=\"\" width=\"550\" height=\"366\" data-srcset=\"https:\/\/ubanews.com\/site\/wp-content\/uploads\/2023\/10\/DSC1730-300x200.jpg 300w, https:\/\/ubanews.com\/site\/wp-content\/uploads\/2023\/10\/DSC1730-1024x683.jpg 1024w, https:\/\/ubanews.com\/site\/wp-content\/uploads\/2023\/10\/DSC1730-768x512.jpg 768w, https:\/\/ubanews.com\/site\/wp-content\/uploads\/2023\/10\/DSC1730-1536x1024.jpg 1536w, https:\/\/ubanews.com\/site\/wp-content\/uploads\/2023\/10\/DSC1730-2048x1365.jpg 2048w, https:\/\/ubanews.com\/site\/wp-content\/uploads\/2023\/10\/DSC1730-1200x800.jpg 1200w, https:\/\/ubanews.com\/site\/wp-content\/uploads\/2023\/10\/DSC1730-120x80.jpg 120w\" data-sizes=\"(max-width: 550px) 100vw, 550px\" src=\"data:image\/svg+xml;base64,PHN2ZyB3aWR0aD0iMSIgaGVpZ2h0PSIxIiB4bWxucz0iaHR0cDovL3d3dy53My5vcmcvMjAwMC9zdmciPjwvc3ZnPg==\" style=\"--smush-placeholder-width: 550px; --smush-placeholder-aspect-ratio: 550\/366;\" \/><img decoding=\"async\" class=\"aligncenter wp-image-22299 lazyload\" data-src=\"https:\/\/ubanews.com\/site\/wp-content\/uploads\/2023\/10\/DSC1774-300x200.jpg\" alt=\"\" width=\"550\" height=\"366\" data-srcset=\"https:\/\/ubanews.com\/site\/wp-content\/uploads\/2023\/10\/DSC1774-300x200.jpg 300w, https:\/\/ubanews.com\/site\/wp-content\/uploads\/2023\/10\/DSC1774-1024x683.jpg 1024w, https:\/\/ubanews.com\/site\/wp-content\/uploads\/2023\/10\/DSC1774-768x512.jpg 768w, https:\/\/ubanews.com\/site\/wp-content\/uploads\/2023\/10\/DSC1774-1536x1024.jpg 1536w, https:\/\/ubanews.com\/site\/wp-content\/uploads\/2023\/10\/DSC1774-2048x1365.jpg 2048w, https:\/\/ubanews.com\/site\/wp-content\/uploads\/2023\/10\/DSC1774-1200x800.jpg 1200w, https:\/\/ubanews.com\/site\/wp-content\/uploads\/2023\/10\/DSC1774-120x80.jpg 120w\" data-sizes=\"(max-width: 550px) 100vw, 550px\" src=\"data:image\/svg+xml;base64,PHN2ZyB3aWR0aD0iMSIgaGVpZ2h0PSIxIiB4bWxucz0iaHR0cDovL3d3dy53My5vcmcvMjAwMC9zdmciPjwvc3ZnPg==\" style=\"--smush-placeholder-width: 550px; --smush-placeholder-aspect-ratio: 550\/366;\" \/> <img decoding=\"async\" class=\"aligncenter wp-image-22287 lazyload\" data-src=\"https:\/\/ubanews.com\/site\/wp-content\/uploads\/2023\/10\/DSC1734-300x200.jpg\" alt=\"\" width=\"550\" height=\"366\" data-srcset=\"https:\/\/ubanews.com\/site\/wp-content\/uploads\/2023\/10\/DSC1734-300x200.jpg 300w, https:\/\/ubanews.com\/site\/wp-content\/uploads\/2023\/10\/DSC1734-1024x683.jpg 1024w, https:\/\/ubanews.com\/site\/wp-content\/uploads\/2023\/10\/DSC1734-768x512.jpg 768w, https:\/\/ubanews.com\/site\/wp-content\/uploads\/2023\/10\/DSC1734-1536x1024.jpg 1536w, https:\/\/ubanews.com\/site\/wp-content\/uploads\/2023\/10\/DSC1734-2048x1365.jpg 2048w, https:\/\/ubanews.com\/site\/wp-content\/uploads\/2023\/10\/DSC1734-1200x800.jpg 1200w, https:\/\/ubanews.com\/site\/wp-content\/uploads\/2023\/10\/DSC1734-120x80.jpg 120w\" data-sizes=\"(max-width: 550px) 100vw, 550px\" src=\"data:image\/svg+xml;base64,PHN2ZyB3aWR0aD0iMSIgaGVpZ2h0PSIxIiB4bWxucz0iaHR0cDovL3d3dy53My5vcmcvMjAwMC9zdmciPjwvc3ZnPg==\" style=\"--smush-placeholder-width: 550px; --smush-placeholder-aspect-ratio: 550\/366;\" \/> <img decoding=\"async\" class=\"aligncenter wp-image-22285 lazyload\" data-src=\"https:\/\/ubanews.com\/site\/wp-content\/uploads\/2023\/10\/DSC1721-300x200.jpg\" alt=\"\" width=\"550\" height=\"366\" data-srcset=\"https:\/\/ubanews.com\/site\/wp-content\/uploads\/2023\/10\/DSC1721-300x200.jpg 300w, https:\/\/ubanews.com\/site\/wp-content\/uploads\/2023\/10\/DSC1721-1024x683.jpg 1024w, https:\/\/ubanews.com\/site\/wp-content\/uploads\/2023\/10\/DSC1721-768x512.jpg 768w, https:\/\/ubanews.com\/site\/wp-content\/uploads\/2023\/10\/DSC1721-1536x1024.jpg 1536w, https:\/\/ubanews.com\/site\/wp-content\/uploads\/2023\/10\/DSC1721-2048x1365.jpg 2048w, https:\/\/ubanews.com\/site\/wp-content\/uploads\/2023\/10\/DSC1721-1200x800.jpg 1200w, https:\/\/ubanews.com\/site\/wp-content\/uploads\/2023\/10\/DSC1721-120x80.jpg 120w\" data-sizes=\"(max-width: 550px) 100vw, 550px\" src=\"data:image\/svg+xml;base64,PHN2ZyB3aWR0aD0iMSIgaGVpZ2h0PSIxIiB4bWxucz0iaHR0cDovL3d3dy53My5vcmcvMjAwMC9zdmciPjwvc3ZnPg==\" style=\"--smush-placeholder-width: 550px; --smush-placeholder-aspect-ratio: 550\/366;\" \/><\/p>\n<p>Este evento foi organizado pelo N\u00facleo Regional de Volunt\u00e1rios de Combate ao C\u00e2ncer em parceria com o Projeto Social Unidade, com o apoio fundamental do Centro Universit\u00e1rio Governador Ozanan Coelho, que mobilizou seus cursos de Psicologia, Odontologia, Enfermagem, Medicina e Nutri\u00e7\u00e3o para a causa; e demais parceiros.<\/p>\n<p>O prefeito, Dr. Edson, representando a Prefeitura, fez um breve discurso e expressou sua gratid\u00e3o por estar envolvido em uma causa t\u00e3o nobre. O comprometimento da Prefeitura com causas como essa \u00e9 evidente e inspirador.<\/p>\n<p><img decoding=\"async\" class=\"aligncenter wp-image-22301 lazyload\" data-src=\"https:\/\/ubanews.com\/site\/wp-content\/uploads\/2023\/10\/DSC1793-300x200.jpg\" alt=\"\" width=\"550\" height=\"366\" data-srcset=\"https:\/\/ubanews.com\/site\/wp-content\/uploads\/2023\/10\/DSC1793-300x200.jpg 300w, https:\/\/ubanews.com\/site\/wp-content\/uploads\/2023\/10\/DSC1793-1024x683.jpg 1024w, https:\/\/ubanews.com\/site\/wp-content\/uploads\/2023\/10\/DSC1793-768x512.jpg 768w, https:\/\/ubanews.com\/site\/wp-content\/uploads\/2023\/10\/DSC1793-1536x1024.jpg 1536w, https:\/\/ubanews.com\/site\/wp-content\/uploads\/2023\/10\/DSC1793-2048x1365.jpg 2048w, https:\/\/ubanews.com\/site\/wp-content\/uploads\/2023\/10\/DSC1793-1200x800.jpg 1200w, https:\/\/ubanews.com\/site\/wp-content\/uploads\/2023\/10\/DSC1793-120x80.jpg 120w\" data-sizes=\"(max-width: 550px) 100vw, 550px\" src=\"data:image\/svg+xml;base64,PHN2ZyB3aWR0aD0iMSIgaGVpZ2h0PSIxIiB4bWxucz0iaHR0cDovL3d3dy53My5vcmcvMjAwMC9zdmciPjwvc3ZnPg==\" style=\"--smush-placeholder-width: 550px; --smush-placeholder-aspect-ratio: 550\/366;\" \/> <img decoding=\"async\" class=\"aligncenter wp-image-22304 lazyload\" data-src=\"https:\/\/ubanews.com\/site\/wp-content\/uploads\/2023\/10\/DSC1815-300x200.jpg\" alt=\"\" width=\"550\" height=\"366\" data-srcset=\"https:\/\/ubanews.com\/site\/wp-content\/uploads\/2023\/10\/DSC1815-300x200.jpg 300w, https:\/\/ubanews.com\/site\/wp-content\/uploads\/2023\/10\/DSC1815-1024x683.jpg 1024w, https:\/\/ubanews.com\/site\/wp-content\/uploads\/2023\/10\/DSC1815-768x512.jpg 768w, https:\/\/ubanews.com\/site\/wp-content\/uploads\/2023\/10\/DSC1815-1536x1024.jpg 1536w, https:\/\/ubanews.com\/site\/wp-content\/uploads\/2023\/10\/DSC1815-2048x1365.jpg 2048w, https:\/\/ubanews.com\/site\/wp-content\/uploads\/2023\/10\/DSC1815-1200x800.jpg 1200w, https:\/\/ubanews.com\/site\/wp-content\/uploads\/2023\/10\/DSC1815-120x80.jpg 120w\" data-sizes=\"(max-width: 550px) 100vw, 550px\" src=\"data:image\/svg+xml;base64,PHN2ZyB3aWR0aD0iMSIgaGVpZ2h0PSIxIiB4bWxucz0iaHR0cDovL3d3dy53My5vcmcvMjAwMC9zdmciPjwvc3ZnPg==\" style=\"--smush-placeholder-width: 550px; --smush-placeholder-aspect-ratio: 550\/366;\" \/><\/p>\n<p>Um dos destaques do evento foi o Projeto Social Unidade, que n\u00e3o apenas participou da organiza\u00e7\u00e3o, mas tamb\u00e9m trouxe atra\u00e7\u00f5es musicais que atuaram de forma gratuita, cativando o p\u00fablico com seu talento musical. Este grupo, com apenas seis meses de exist\u00eancia, j\u00e1 est\u00e1 deixando sua marca na cidade de Ub\u00e1.<\/p>\n<p><img decoding=\"async\" class=\"aligncenter wp-image-22296 lazyload\" data-src=\"https:\/\/ubanews.com\/site\/wp-content\/uploads\/2023\/10\/DSC1766-300x200.jpg\" alt=\"\" width=\"551\" height=\"367\" data-srcset=\"https:\/\/ubanews.com\/site\/wp-content\/uploads\/2023\/10\/DSC1766-300x200.jpg 300w, https:\/\/ubanews.com\/site\/wp-content\/uploads\/2023\/10\/DSC1766-1024x683.jpg 1024w, https:\/\/ubanews.com\/site\/wp-content\/uploads\/2023\/10\/DSC1766-768x512.jpg 768w, https:\/\/ubanews.com\/site\/wp-content\/uploads\/2023\/10\/DSC1766-1536x1024.jpg 1536w, https:\/\/ubanews.com\/site\/wp-content\/uploads\/2023\/10\/DSC1766-2048x1365.jpg 2048w, https:\/\/ubanews.com\/site\/wp-content\/uploads\/2023\/10\/DSC1766-1200x800.jpg 1200w, https:\/\/ubanews.com\/site\/wp-content\/uploads\/2023\/10\/DSC1766-120x80.jpg 120w\" data-sizes=\"(max-width: 551px) 100vw, 551px\" src=\"data:image\/svg+xml;base64,PHN2ZyB3aWR0aD0iMSIgaGVpZ2h0PSIxIiB4bWxucz0iaHR0cDovL3d3dy53My5vcmcvMjAwMC9zdmciPjwvc3ZnPg==\" style=\"--smush-placeholder-width: 551px; --smush-placeholder-aspect-ratio: 551\/367;\" \/> <img decoding=\"async\" class=\"aligncenter wp-image-22295 lazyload\" data-src=\"https:\/\/ubanews.com\/site\/wp-content\/uploads\/2023\/10\/DSC1764-300x200.jpg\" alt=\"\" width=\"553\" height=\"368\" data-srcset=\"https:\/\/ubanews.com\/site\/wp-content\/uploads\/2023\/10\/DSC1764-300x200.jpg 300w, https:\/\/ubanews.com\/site\/wp-content\/uploads\/2023\/10\/DSC1764-1024x683.jpg 1024w, https:\/\/ubanews.com\/site\/wp-content\/uploads\/2023\/10\/DSC1764-768x512.jpg 768w, https:\/\/ubanews.com\/site\/wp-content\/uploads\/2023\/10\/DSC1764-1536x1024.jpg 1536w, https:\/\/ubanews.com\/site\/wp-content\/uploads\/2023\/10\/DSC1764-2048x1365.jpg 2048w, https:\/\/ubanews.com\/site\/wp-content\/uploads\/2023\/10\/DSC1764-1200x800.jpg 1200w, https:\/\/ubanews.com\/site\/wp-content\/uploads\/2023\/10\/DSC1764-120x80.jpg 120w\" data-sizes=\"(max-width: 553px) 100vw, 553px\" src=\"data:image\/svg+xml;base64,PHN2ZyB3aWR0aD0iMSIgaGVpZ2h0PSIxIiB4bWxucz0iaHR0cDovL3d3dy53My5vcmcvMjAwMC9zdmciPjwvc3ZnPg==\" style=\"--smush-placeholder-width: 553px; --smush-placeholder-aspect-ratio: 553\/368;\" \/> <img decoding=\"async\" class=\"aligncenter wp-image-22305 lazyload\" data-src=\"https:\/\/ubanews.com\/site\/wp-content\/uploads\/2023\/10\/DSC1819-300x200.jpg\" alt=\"\" width=\"551\" height=\"367\" data-srcset=\"https:\/\/ubanews.com\/site\/wp-content\/uploads\/2023\/10\/DSC1819-300x200.jpg 300w, https:\/\/ubanews.com\/site\/wp-content\/uploads\/2023\/10\/DSC1819-1024x683.jpg 1024w, https:\/\/ubanews.com\/site\/wp-content\/uploads\/2023\/10\/DSC1819-768x512.jpg 768w, https:\/\/ubanews.com\/site\/wp-content\/uploads\/2023\/10\/DSC1819-1536x1024.jpg 1536w, https:\/\/ubanews.com\/site\/wp-content\/uploads\/2023\/10\/DSC1819-2048x1365.jpg 2048w, https:\/\/ubanews.com\/site\/wp-content\/uploads\/2023\/10\/DSC1819-1200x800.jpg 1200w, https:\/\/ubanews.com\/site\/wp-content\/uploads\/2023\/10\/DSC1819-120x80.jpg 120w\" data-sizes=\"(max-width: 551px) 100vw, 551px\" src=\"data:image\/svg+xml;base64,PHN2ZyB3aWR0aD0iMSIgaGVpZ2h0PSIxIiB4bWxucz0iaHR0cDovL3d3dy53My5vcmcvMjAwMC9zdmciPjwvc3ZnPg==\" style=\"--smush-placeholder-width: 551px; --smush-placeholder-aspect-ratio: 551\/367;\" \/><\/p>\n<p>Al\u00e9m disso, o Studio Patriny Gomides marcou presen\u00e7a, com Luana Marotta proporcionando relaxantes massagens faciais para as mulheres presentes, promovendo o bem-estar e o autocuidado.<\/p>\n<p><img decoding=\"async\" class=\"aligncenter wp-image-22303 lazyload\" data-src=\"https:\/\/ubanews.com\/site\/wp-content\/uploads\/2023\/10\/DSC1809-300x200.jpg\" alt=\"\" width=\"551\" height=\"367\" data-srcset=\"https:\/\/ubanews.com\/site\/wp-content\/uploads\/2023\/10\/DSC1809-300x200.jpg 300w, https:\/\/ubanews.com\/site\/wp-content\/uploads\/2023\/10\/DSC1809-1024x683.jpg 1024w, https:\/\/ubanews.com\/site\/wp-content\/uploads\/2023\/10\/DSC1809-768x512.jpg 768w, https:\/\/ubanews.com\/site\/wp-content\/uploads\/2023\/10\/DSC1809-1536x1024.jpg 1536w, https:\/\/ubanews.com\/site\/wp-content\/uploads\/2023\/10\/DSC1809-2048x1365.jpg 2048w, https:\/\/ubanews.com\/site\/wp-content\/uploads\/2023\/10\/DSC1809-1200x800.jpg 1200w, https:\/\/ubanews.com\/site\/wp-content\/uploads\/2023\/10\/DSC1809-120x80.jpg 120w\" data-sizes=\"(max-width: 551px) 100vw, 551px\" src=\"data:image\/svg+xml;base64,PHN2ZyB3aWR0aD0iMSIgaGVpZ2h0PSIxIiB4bWxucz0iaHR0cDovL3d3dy53My5vcmcvMjAwMC9zdmciPjwvc3ZnPg==\" style=\"--smush-placeholder-width: 551px; --smush-placeholder-aspect-ratio: 551\/367;\" \/> <img decoding=\"async\" class=\"aligncenter wp-image-22302 lazyload\" data-src=\"https:\/\/ubanews.com\/site\/wp-content\/uploads\/2023\/10\/DSC1802-300x200.jpg\" alt=\"\" width=\"551\" height=\"367\" data-srcset=\"https:\/\/ubanews.com\/site\/wp-content\/uploads\/2023\/10\/DSC1802-300x200.jpg 300w, https:\/\/ubanews.com\/site\/wp-content\/uploads\/2023\/10\/DSC1802-1024x683.jpg 1024w, https:\/\/ubanews.com\/site\/wp-content\/uploads\/2023\/10\/DSC1802-768x512.jpg 768w, https:\/\/ubanews.com\/site\/wp-content\/uploads\/2023\/10\/DSC1802-1536x1024.jpg 1536w, https:\/\/ubanews.com\/site\/wp-content\/uploads\/2023\/10\/DSC1802-2048x1365.jpg 2048w, https:\/\/ubanews.com\/site\/wp-content\/uploads\/2023\/10\/DSC1802-1200x800.jpg 1200w, https:\/\/ubanews.com\/site\/wp-content\/uploads\/2023\/10\/DSC1802-120x80.jpg 120w\" data-sizes=\"(max-width: 551px) 100vw, 551px\" src=\"data:image\/svg+xml;base64,PHN2ZyB3aWR0aD0iMSIgaGVpZ2h0PSIxIiB4bWxucz0iaHR0cDovL3d3dy53My5vcmcvMjAwMC9zdmciPjwvc3ZnPg==\" style=\"--smush-placeholder-width: 551px; --smush-placeholder-aspect-ratio: 551\/367;\" \/><\/p>\n<p>O UNIFAGOC, sempre comprometido em ajudar a comunidade, desempenhou um papel vital na &#8220;Caminhada pela Vida&#8221;. O Centro Universit\u00e1rio disponibilizou seus cursos na \u00e1rea de sa\u00fade, e os alunos, demonstrando grande empenho, atenderam \u00e0 popula\u00e7\u00e3o de Ub\u00e1 com sorrisos no rosto. O UNIFAGOC n\u00e3o \u00e9 apenas uma institui\u00e7\u00e3o de ensino, mas tamb\u00e9m um agente de transforma\u00e7\u00e3o na comunidade, levando conhecimento e conscientiza\u00e7\u00e3o a todos.<\/p>\n<p><img decoding=\"async\" class=\"aligncenter wp-image-22311 lazyload\" data-src=\"https:\/\/ubanews.com\/site\/wp-content\/uploads\/2023\/10\/DSC1836-300x200.jpg\" alt=\"\" width=\"550\" height=\"366\" data-srcset=\"https:\/\/ubanews.com\/site\/wp-content\/uploads\/2023\/10\/DSC1836-300x200.jpg 300w, https:\/\/ubanews.com\/site\/wp-content\/uploads\/2023\/10\/DSC1836-1024x683.jpg 1024w, https:\/\/ubanews.com\/site\/wp-content\/uploads\/2023\/10\/DSC1836-768x512.jpg 768w, https:\/\/ubanews.com\/site\/wp-content\/uploads\/2023\/10\/DSC1836-1536x1024.jpg 1536w, https:\/\/ubanews.com\/site\/wp-content\/uploads\/2023\/10\/DSC1836-2048x1365.jpg 2048w, https:\/\/ubanews.com\/site\/wp-content\/uploads\/2023\/10\/DSC1836-1200x800.jpg 1200w, https:\/\/ubanews.com\/site\/wp-content\/uploads\/2023\/10\/DSC1836-120x80.jpg 120w\" data-sizes=\"(max-width: 550px) 100vw, 550px\" src=\"data:image\/svg+xml;base64,PHN2ZyB3aWR0aD0iMSIgaGVpZ2h0PSIxIiB4bWxucz0iaHR0cDovL3d3dy53My5vcmcvMjAwMC9zdmciPjwvc3ZnPg==\" style=\"--smush-placeholder-width: 550px; --smush-placeholder-aspect-ratio: 550\/366;\" \/> <img decoding=\"async\" class=\"aligncenter wp-image-22312 lazyload\" data-src=\"https:\/\/ubanews.com\/site\/wp-content\/uploads\/2023\/10\/DSC1838-300x200.jpg\" alt=\"\" width=\"551\" height=\"367\" data-srcset=\"https:\/\/ubanews.com\/site\/wp-content\/uploads\/2023\/10\/DSC1838-300x200.jpg 300w, https:\/\/ubanews.com\/site\/wp-content\/uploads\/2023\/10\/DSC1838-1024x683.jpg 1024w, https:\/\/ubanews.com\/site\/wp-content\/uploads\/2023\/10\/DSC1838-768x512.jpg 768w, https:\/\/ubanews.com\/site\/wp-content\/uploads\/2023\/10\/DSC1838-1536x1024.jpg 1536w, https:\/\/ubanews.com\/site\/wp-content\/uploads\/2023\/10\/DSC1838-2048x1365.jpg 2048w, https:\/\/ubanews.com\/site\/wp-content\/uploads\/2023\/10\/DSC1838-1200x800.jpg 1200w, https:\/\/ubanews.com\/site\/wp-content\/uploads\/2023\/10\/DSC1838-120x80.jpg 120w\" data-sizes=\"(max-width: 551px) 100vw, 551px\" src=\"data:image\/svg+xml;base64,PHN2ZyB3aWR0aD0iMSIgaGVpZ2h0PSIxIiB4bWxucz0iaHR0cDovL3d3dy53My5vcmcvMjAwMC9zdmciPjwvc3ZnPg==\" style=\"--smush-placeholder-width: 551px; --smush-placeholder-aspect-ratio: 551\/367;\" \/> <img decoding=\"async\" class=\"aligncenter wp-image-22313 lazyload\" data-src=\"https:\/\/ubanews.com\/site\/wp-content\/uploads\/2023\/10\/DSC1842-300x200.jpg\" alt=\"\" width=\"550\" height=\"366\" data-srcset=\"https:\/\/ubanews.com\/site\/wp-content\/uploads\/2023\/10\/DSC1842-300x200.jpg 300w, https:\/\/ubanews.com\/site\/wp-content\/uploads\/2023\/10\/DSC1842-1024x683.jpg 1024w, https:\/\/ubanews.com\/site\/wp-content\/uploads\/2023\/10\/DSC1842-768x512.jpg 768w, https:\/\/ubanews.com\/site\/wp-content\/uploads\/2023\/10\/DSC1842-1536x1024.jpg 1536w, https:\/\/ubanews.com\/site\/wp-content\/uploads\/2023\/10\/DSC1842-2048x1365.jpg 2048w, https:\/\/ubanews.com\/site\/wp-content\/uploads\/2023\/10\/DSC1842-1200x800.jpg 1200w, https:\/\/ubanews.com\/site\/wp-content\/uploads\/2023\/10\/DSC1842-120x80.jpg 120w\" data-sizes=\"(max-width: 550px) 100vw, 550px\" src=\"data:image\/svg+xml;base64,PHN2ZyB3aWR0aD0iMSIgaGVpZ2h0PSIxIiB4bWxucz0iaHR0cDovL3d3dy53My5vcmcvMjAwMC9zdmciPjwvc3ZnPg==\" style=\"--smush-placeholder-width: 550px; --smush-placeholder-aspect-ratio: 550\/366;\" \/> <img decoding=\"async\" class=\"aligncenter wp-image-22310 lazyload\" data-src=\"https:\/\/ubanews.com\/site\/wp-content\/uploads\/2023\/10\/DSC1834-300x200.jpg\" alt=\"\" width=\"551\" height=\"367\" data-srcset=\"https:\/\/ubanews.com\/site\/wp-content\/uploads\/2023\/10\/DSC1834-300x200.jpg 300w, https:\/\/ubanews.com\/site\/wp-content\/uploads\/2023\/10\/DSC1834-1024x683.jpg 1024w, https:\/\/ubanews.com\/site\/wp-content\/uploads\/2023\/10\/DSC1834-768x512.jpg 768w, https:\/\/ubanews.com\/site\/wp-content\/uploads\/2023\/10\/DSC1834-1536x1024.jpg 1536w, https:\/\/ubanews.com\/site\/wp-content\/uploads\/2023\/10\/DSC1834-2048x1365.jpg 2048w, https:\/\/ubanews.com\/site\/wp-content\/uploads\/2023\/10\/DSC1834-1200x800.jpg 1200w, https:\/\/ubanews.com\/site\/wp-content\/uploads\/2023\/10\/DSC1834-120x80.jpg 120w\" data-sizes=\"(max-width: 551px) 100vw, 551px\" src=\"data:image\/svg+xml;base64,PHN2ZyB3aWR0aD0iMSIgaGVpZ2h0PSIxIiB4bWxucz0iaHR0cDovL3d3dy53My5vcmcvMjAwMC9zdmciPjwvc3ZnPg==\" style=\"--smush-placeholder-width: 551px; --smush-placeholder-aspect-ratio: 551\/367;\" \/> <img decoding=\"async\" class=\"aligncenter wp-image-22308 lazyload\" data-src=\"https:\/\/ubanews.com\/site\/wp-content\/uploads\/2023\/10\/DSC1829-300x200.jpg\" alt=\"\" width=\"550\" height=\"366\" data-srcset=\"https:\/\/ubanews.com\/site\/wp-content\/uploads\/2023\/10\/DSC1829-300x200.jpg 300w, https:\/\/ubanews.com\/site\/wp-content\/uploads\/2023\/10\/DSC1829-1024x683.jpg 1024w, https:\/\/ubanews.com\/site\/wp-content\/uploads\/2023\/10\/DSC1829-768x512.jpg 768w, https:\/\/ubanews.com\/site\/wp-content\/uploads\/2023\/10\/DSC1829-1536x1024.jpg 1536w, https:\/\/ubanews.com\/site\/wp-content\/uploads\/2023\/10\/DSC1829-2048x1365.jpg 2048w, https:\/\/ubanews.com\/site\/wp-content\/uploads\/2023\/10\/DSC1829-1200x800.jpg 1200w, https:\/\/ubanews.com\/site\/wp-content\/uploads\/2023\/10\/DSC1829-120x80.jpg 120w\" data-sizes=\"(max-width: 550px) 100vw, 550px\" src=\"data:image\/svg+xml;base64,PHN2ZyB3aWR0aD0iMSIgaGVpZ2h0PSIxIiB4bWxucz0iaHR0cDovL3d3dy53My5vcmcvMjAwMC9zdmciPjwvc3ZnPg==\" style=\"--smush-placeholder-width: 550px; --smush-placeholder-aspect-ratio: 550\/366;\" \/> <img decoding=\"async\" class=\"aligncenter wp-image-22298 lazyload\" data-src=\"https:\/\/ubanews.com\/site\/wp-content\/uploads\/2023\/10\/DSC1773-300x200.jpg\" alt=\"\" width=\"551\" height=\"367\" data-srcset=\"https:\/\/ubanews.com\/site\/wp-content\/uploads\/2023\/10\/DSC1773-300x200.jpg 300w, https:\/\/ubanews.com\/site\/wp-content\/uploads\/2023\/10\/DSC1773-1024x683.jpg 1024w, https:\/\/ubanews.com\/site\/wp-content\/uploads\/2023\/10\/DSC1773-768x512.jpg 768w, https:\/\/ubanews.com\/site\/wp-content\/uploads\/2023\/10\/DSC1773-1536x1024.jpg 1536w, https:\/\/ubanews.com\/site\/wp-content\/uploads\/2023\/10\/DSC1773-2048x1365.jpg 2048w, https:\/\/ubanews.com\/site\/wp-content\/uploads\/2023\/10\/DSC1773-1200x800.jpg 1200w, https:\/\/ubanews.com\/site\/wp-content\/uploads\/2023\/10\/DSC1773-120x80.jpg 120w\" data-sizes=\"(max-width: 551px) 100vw, 551px\" src=\"data:image\/svg+xml;base64,PHN2ZyB3aWR0aD0iMSIgaGVpZ2h0PSIxIiB4bWxucz0iaHR0cDovL3d3dy53My5vcmcvMjAwMC9zdmciPjwvc3ZnPg==\" style=\"--smush-placeholder-width: 551px; --smush-placeholder-aspect-ratio: 551\/367;\" \/> <img decoding=\"async\" class=\"aligncenter wp-image-22297 lazyload\" data-src=\"https:\/\/ubanews.com\/site\/wp-content\/uploads\/2023\/10\/DSC1771-300x200.jpg\" alt=\"\" width=\"551\" height=\"367\" data-srcset=\"https:\/\/ubanews.com\/site\/wp-content\/uploads\/2023\/10\/DSC1771-300x200.jpg 300w, https:\/\/ubanews.com\/site\/wp-content\/uploads\/2023\/10\/DSC1771-1024x683.jpg 1024w, https:\/\/ubanews.com\/site\/wp-content\/uploads\/2023\/10\/DSC1771-768x512.jpg 768w, https:\/\/ubanews.com\/site\/wp-content\/uploads\/2023\/10\/DSC1771-1536x1024.jpg 1536w, https:\/\/ubanews.com\/site\/wp-content\/uploads\/2023\/10\/DSC1771-2048x1365.jpg 2048w, https:\/\/ubanews.com\/site\/wp-content\/uploads\/2023\/10\/DSC1771-1200x800.jpg 1200w, https:\/\/ubanews.com\/site\/wp-content\/uploads\/2023\/10\/DSC1771-120x80.jpg 120w\" data-sizes=\"(max-width: 551px) 100vw, 551px\" src=\"data:image\/svg+xml;base64,PHN2ZyB3aWR0aD0iMSIgaGVpZ2h0PSIxIiB4bWxucz0iaHR0cDovL3d3dy53My5vcmcvMjAwMC9zdmciPjwvc3ZnPg==\" style=\"--smush-placeholder-width: 551px; --smush-placeholder-aspect-ratio: 551\/367;\" \/><\/p>\n<p>A 2\u00aa Caminhada Outubro Rosa e Novembro Azul tem como objetivo principal a conscientiza\u00e7\u00e3o. A Equipe Ub\u00e1News, juntamente com todos os envolvidos, compartilha o desejo de que cada indiv\u00edduo se cuide e esteja ciente da import\u00e2ncia de prevenir o c\u00e2ncer de mama e pr\u00f3stata. Unidos, podemos fazer a diferen\u00e7a na luta contra essas doen\u00e7as que afetam tantas vidas.<\/p>\n<p><img decoding=\"async\" class=\"aligncenter  wp-image-22319 lazyload\" data-src=\"https:\/\/ubanews.com\/site\/wp-content\/uploads\/2023\/10\/DSC1879-300x200.jpg\" alt=\"\" width=\"552\" height=\"368\" data-srcset=\"https:\/\/ubanews.com\/site\/wp-content\/uploads\/2023\/10\/DSC1879-300x200.jpg 300w, https:\/\/ubanews.com\/site\/wp-content\/uploads\/2023\/10\/DSC1879-1024x683.jpg 1024w, https:\/\/ubanews.com\/site\/wp-content\/uploads\/2023\/10\/DSC1879-768x512.jpg 768w, https:\/\/ubanews.com\/site\/wp-content\/uploads\/2023\/10\/DSC1879-1536x1024.jpg 1536w, https:\/\/ubanews.com\/site\/wp-content\/uploads\/2023\/10\/DSC1879-2048x1365.jpg 2048w, https:\/\/ubanews.com\/site\/wp-content\/uploads\/2023\/10\/DSC1879-1200x800.jpg 1200w, https:\/\/ubanews.com\/site\/wp-content\/uploads\/2023\/10\/DSC1879-120x80.jpg 120w\" data-sizes=\"(max-width: 552px) 100vw, 552px\" src=\"data:image\/svg+xml;base64,PHN2ZyB3aWR0aD0iMSIgaGVpZ2h0PSIxIiB4bWxucz0iaHR0cDovL3d3dy53My5vcmcvMjAwMC9zdmciPjwvc3ZnPg==\" style=\"--smush-placeholder-width: 552px; --smush-placeholder-aspect-ratio: 552\/368;\" \/> <img decoding=\"async\" class=\"aligncenter  wp-image-22318 lazyload\" data-src=\"https:\/\/ubanews.com\/site\/wp-content\/uploads\/2023\/10\/DSC1876-300x200.jpg\" alt=\"\" width=\"551\" height=\"367\" data-srcset=\"https:\/\/ubanews.com\/site\/wp-content\/uploads\/2023\/10\/DSC1876-300x200.jpg 300w, https:\/\/ubanews.com\/site\/wp-content\/uploads\/2023\/10\/DSC1876-1024x683.jpg 1024w, https:\/\/ubanews.com\/site\/wp-content\/uploads\/2023\/10\/DSC1876-768x512.jpg 768w, https:\/\/ubanews.com\/site\/wp-content\/uploads\/2023\/10\/DSC1876-1536x1024.jpg 1536w, https:\/\/ubanews.com\/site\/wp-content\/uploads\/2023\/10\/DSC1876-2048x1365.jpg 2048w, https:\/\/ubanews.com\/site\/wp-content\/uploads\/2023\/10\/DSC1876-1200x800.jpg 1200w, https:\/\/ubanews.com\/site\/wp-content\/uploads\/2023\/10\/DSC1876-120x80.jpg 120w\" data-sizes=\"(max-width: 551px) 100vw, 551px\" src=\"data:image\/svg+xml;base64,PHN2ZyB3aWR0aD0iMSIgaGVpZ2h0PSIxIiB4bWxucz0iaHR0cDovL3d3dy53My5vcmcvMjAwMC9zdmciPjwvc3ZnPg==\" style=\"--smush-placeholder-width: 551px; --smush-placeholder-aspect-ratio: 551\/367;\" \/> <img decoding=\"async\" class=\"aligncenter  wp-image-22314 lazyload\" data-src=\"https:\/\/ubanews.com\/site\/wp-content\/uploads\/2023\/10\/DSC1847-300x200.jpg\" alt=\"\" width=\"551\" height=\"367\" data-srcset=\"https:\/\/ubanews.com\/site\/wp-content\/uploads\/2023\/10\/DSC1847-300x200.jpg 300w, https:\/\/ubanews.com\/site\/wp-content\/uploads\/2023\/10\/DSC1847-1024x683.jpg 1024w, https:\/\/ubanews.com\/site\/wp-content\/uploads\/2023\/10\/DSC1847-768x512.jpg 768w, https:\/\/ubanews.com\/site\/wp-content\/uploads\/2023\/10\/DSC1847-1536x1024.jpg 1536w, https:\/\/ubanews.com\/site\/wp-content\/uploads\/2023\/10\/DSC1847-2048x1365.jpg 2048w, https:\/\/ubanews.com\/site\/wp-content\/uploads\/2023\/10\/DSC1847-1200x800.jpg 1200w, https:\/\/ubanews.com\/site\/wp-content\/uploads\/2023\/10\/DSC1847-120x80.jpg 120w\" data-sizes=\"(max-width: 551px) 100vw, 551px\" src=\"data:image\/svg+xml;base64,PHN2ZyB3aWR0aD0iMSIgaGVpZ2h0PSIxIiB4bWxucz0iaHR0cDovL3d3dy53My5vcmcvMjAwMC9zdmciPjwvc3ZnPg==\" style=\"--smush-placeholder-width: 551px; --smush-placeholder-aspect-ratio: 551\/367;\" \/> <img decoding=\"async\" class=\"aligncenter  wp-image-22309 lazyload\" data-src=\"https:\/\/ubanews.com\/site\/wp-content\/uploads\/2023\/10\/DSC1831-300x200.jpg\" alt=\"\" width=\"551\" height=\"367\" data-srcset=\"https:\/\/ubanews.com\/site\/wp-content\/uploads\/2023\/10\/DSC1831-300x200.jpg 300w, https:\/\/ubanews.com\/site\/wp-content\/uploads\/2023\/10\/DSC1831-1024x683.jpg 1024w, https:\/\/ubanews.com\/site\/wp-content\/uploads\/2023\/10\/DSC1831-768x512.jpg 768w, https:\/\/ubanews.com\/site\/wp-content\/uploads\/2023\/10\/DSC1831-1536x1024.jpg 1536w, https:\/\/ubanews.com\/site\/wp-content\/uploads\/2023\/10\/DSC1831-2048x1365.jpg 2048w, https:\/\/ubanews.com\/site\/wp-content\/uploads\/2023\/10\/DSC1831-1200x800.jpg 1200w, https:\/\/ubanews.com\/site\/wp-content\/uploads\/2023\/10\/DSC1831-120x80.jpg 120w\" data-sizes=\"(max-width: 551px) 100vw, 551px\" src=\"data:image\/svg+xml;base64,PHN2ZyB3aWR0aD0iMSIgaGVpZ2h0PSIxIiB4bWxucz0iaHR0cDovL3d3dy53My5vcmcvMjAwMC9zdmciPjwvc3ZnPg==\" style=\"--smush-placeholder-width: 551px; --smush-placeholder-aspect-ratio: 551\/367;\" \/> <img decoding=\"async\" class=\"aligncenter  wp-image-22307 lazyload\" data-src=\"https:\/\/ubanews.com\/site\/wp-content\/uploads\/2023\/10\/DSC1824-300x200.jpg\" alt=\"\" width=\"551\" height=\"367\" data-srcset=\"https:\/\/ubanews.com\/site\/wp-content\/uploads\/2023\/10\/DSC1824-300x200.jpg 300w, https:\/\/ubanews.com\/site\/wp-content\/uploads\/2023\/10\/DSC1824-1024x683.jpg 1024w, https:\/\/ubanews.com\/site\/wp-content\/uploads\/2023\/10\/DSC1824-768x512.jpg 768w, https:\/\/ubanews.com\/site\/wp-content\/uploads\/2023\/10\/DSC1824-1536x1024.jpg 1536w, https:\/\/ubanews.com\/site\/wp-content\/uploads\/2023\/10\/DSC1824-2048x1365.jpg 2048w, https:\/\/ubanews.com\/site\/wp-content\/uploads\/2023\/10\/DSC1824-1200x800.jpg 1200w, https:\/\/ubanews.com\/site\/wp-content\/uploads\/2023\/10\/DSC1824-120x80.jpg 120w\" data-sizes=\"(max-width: 551px) 100vw, 551px\" src=\"data:image\/svg+xml;base64,PHN2ZyB3aWR0aD0iMSIgaGVpZ2h0PSIxIiB4bWxucz0iaHR0cDovL3d3dy53My5vcmcvMjAwMC9zdmciPjwvc3ZnPg==\" style=\"--smush-placeholder-width: 551px; --smush-placeholder-aspect-ratio: 551\/367;\" \/> <img decoding=\"async\" class=\"aligncenter  wp-image-22306 lazyload\" data-src=\"https:\/\/ubanews.com\/site\/wp-content\/uploads\/2023\/10\/DSC1821-300x200.jpg\" alt=\"\" width=\"550\" height=\"366\" data-srcset=\"https:\/\/ubanews.com\/site\/wp-content\/uploads\/2023\/10\/DSC1821-300x200.jpg 300w, https:\/\/ubanews.com\/site\/wp-content\/uploads\/2023\/10\/DSC1821-1024x683.jpg 1024w, https:\/\/ubanews.com\/site\/wp-content\/uploads\/2023\/10\/DSC1821-768x512.jpg 768w, https:\/\/ubanews.com\/site\/wp-content\/uploads\/2023\/10\/DSC1821-1536x1024.jpg 1536w, https:\/\/ubanews.com\/site\/wp-content\/uploads\/2023\/10\/DSC1821-2048x1365.jpg 2048w, https:\/\/ubanews.com\/site\/wp-content\/uploads\/2023\/10\/DSC1821-1200x800.jpg 1200w, https:\/\/ubanews.com\/site\/wp-content\/uploads\/2023\/10\/DSC1821-120x80.jpg 120w\" data-sizes=\"(max-width: 550px) 100vw, 550px\" src=\"data:image\/svg+xml;base64,PHN2ZyB3aWR0aD0iMSIgaGVpZ2h0PSIxIiB4bWxucz0iaHR0cDovL3d3dy53My5vcmcvMjAwMC9zdmciPjwvc3ZnPg==\" style=\"--smush-placeholder-width: 550px; --smush-placeholder-aspect-ratio: 550\/366;\" \/> <img decoding=\"async\" class=\"aligncenter  wp-image-22300 lazyload\" data-src=\"https:\/\/ubanews.com\/site\/wp-content\/uploads\/2023\/10\/DSC1784-300x200.jpg\" alt=\"\" width=\"550\" height=\"366\" data-srcset=\"https:\/\/ubanews.com\/site\/wp-content\/uploads\/2023\/10\/DSC1784-300x200.jpg 300w, https:\/\/ubanews.com\/site\/wp-content\/uploads\/2023\/10\/DSC1784-1024x683.jpg 1024w, https:\/\/ubanews.com\/site\/wp-content\/uploads\/2023\/10\/DSC1784-768x512.jpg 768w, https:\/\/ubanews.com\/site\/wp-content\/uploads\/2023\/10\/DSC1784-1536x1024.jpg 1536w, https:\/\/ubanews.com\/site\/wp-content\/uploads\/2023\/10\/DSC1784-2048x1365.jpg 2048w, https:\/\/ubanews.com\/site\/wp-content\/uploads\/2023\/10\/DSC1784-1200x800.jpg 1200w, https:\/\/ubanews.com\/site\/wp-content\/uploads\/2023\/10\/DSC1784-120x80.jpg 120w\" data-sizes=\"(max-width: 550px) 100vw, 550px\" src=\"data:image\/svg+xml;base64,PHN2ZyB3aWR0aD0iMSIgaGVpZ2h0PSIxIiB4bWxucz0iaHR0cDovL3d3dy53My5vcmcvMjAwMC9zdmciPjwvc3ZnPg==\" style=\"--smush-placeholder-width: 550px; --smush-placeholder-aspect-ratio: 550\/366;\" \/> <img decoding=\"async\" class=\"aligncenter  wp-image-22294 lazyload\" data-src=\"https:\/\/ubanews.com\/site\/wp-content\/uploads\/2023\/10\/DSC1761-300x200.jpg\" alt=\"\" width=\"550\" height=\"366\" data-srcset=\"https:\/\/ubanews.com\/site\/wp-content\/uploads\/2023\/10\/DSC1761-300x200.jpg 300w, https:\/\/ubanews.com\/site\/wp-content\/uploads\/2023\/10\/DSC1761-1024x683.jpg 1024w, https:\/\/ubanews.com\/site\/wp-content\/uploads\/2023\/10\/DSC1761-768x512.jpg 768w, https:\/\/ubanews.com\/site\/wp-content\/uploads\/2023\/10\/DSC1761-1536x1024.jpg 1536w, https:\/\/ubanews.com\/site\/wp-content\/uploads\/2023\/10\/DSC1761-2048x1365.jpg 2048w, https:\/\/ubanews.com\/site\/wp-content\/uploads\/2023\/10\/DSC1761-1200x800.jpg 1200w, https:\/\/ubanews.com\/site\/wp-content\/uploads\/2023\/10\/DSC1761-120x80.jpg 120w\" data-sizes=\"(max-width: 550px) 100vw, 550px\" src=\"data:image\/svg+xml;base64,PHN2ZyB3aWR0aD0iMSIgaGVpZ2h0PSIxIiB4bWxucz0iaHR0cDovL3d3dy53My5vcmcvMjAwMC9zdmciPjwvc3ZnPg==\" style=\"--smush-placeholder-width: 550px; --smush-placeholder-aspect-ratio: 550\/366;\" \/> <img decoding=\"async\" class=\"aligncenter  wp-image-22292 lazyload\" data-src=\"https:\/\/ubanews.com\/site\/wp-content\/uploads\/2023\/10\/DSC1757-300x200.jpg\" alt=\"\" width=\"551\" height=\"367\" data-srcset=\"https:\/\/ubanews.com\/site\/wp-content\/uploads\/2023\/10\/DSC1757-300x200.jpg 300w, https:\/\/ubanews.com\/site\/wp-content\/uploads\/2023\/10\/DSC1757-1024x683.jpg 1024w, https:\/\/ubanews.com\/site\/wp-content\/uploads\/2023\/10\/DSC1757-768x512.jpg 768w, https:\/\/ubanews.com\/site\/wp-content\/uploads\/2023\/10\/DSC1757-1536x1024.jpg 1536w, https:\/\/ubanews.com\/site\/wp-content\/uploads\/2023\/10\/DSC1757-2048x1365.jpg 2048w, https:\/\/ubanews.com\/site\/wp-content\/uploads\/2023\/10\/DSC1757-1200x800.jpg 1200w, https:\/\/ubanews.com\/site\/wp-content\/uploads\/2023\/10\/DSC1757-120x80.jpg 120w\" data-sizes=\"(max-width: 551px) 100vw, 551px\" src=\"data:image\/svg+xml;base64,PHN2ZyB3aWR0aD0iMSIgaGVpZ2h0PSIxIiB4bWxucz0iaHR0cDovL3d3dy53My5vcmcvMjAwMC9zdmciPjwvc3ZnPg==\" style=\"--smush-placeholder-width: 551px; --smush-placeholder-aspect-ratio: 551\/367;\" \/> <img decoding=\"async\" class=\"aligncenter  wp-image-22293 lazyload\" data-src=\"https:\/\/ubanews.com\/site\/wp-content\/uploads\/2023\/10\/DSC1758-300x200.jpg\" alt=\"\" width=\"551\" height=\"367\" data-srcset=\"https:\/\/ubanews.com\/site\/wp-content\/uploads\/2023\/10\/DSC1758-300x200.jpg 300w, https:\/\/ubanews.com\/site\/wp-content\/uploads\/2023\/10\/DSC1758-1024x683.jpg 1024w, https:\/\/ubanews.com\/site\/wp-content\/uploads\/2023\/10\/DSC1758-768x512.jpg 768w, https:\/\/ubanews.com\/site\/wp-content\/uploads\/2023\/10\/DSC1758-1536x1024.jpg 1536w, https:\/\/ubanews.com\/site\/wp-content\/uploads\/2023\/10\/DSC1758-2048x1365.jpg 2048w, https:\/\/ubanews.com\/site\/wp-content\/uploads\/2023\/10\/DSC1758-1200x800.jpg 1200w, https:\/\/ubanews.com\/site\/wp-content\/uploads\/2023\/10\/DSC1758-120x80.jpg 120w\" data-sizes=\"(max-width: 551px) 100vw, 551px\" src=\"data:image\/svg+xml;base64,PHN2ZyB3aWR0aD0iMSIgaGVpZ2h0PSIxIiB4bWxucz0iaHR0cDovL3d3dy53My5vcmcvMjAwMC9zdmciPjwvc3ZnPg==\" style=\"--smush-placeholder-width: 551px; --smush-placeholder-aspect-ratio: 551\/367;\" \/> <img decoding=\"async\" class=\"aligncenter  wp-image-22291 lazyload\" data-src=\"https:\/\/ubanews.com\/site\/wp-content\/uploads\/2023\/10\/DSC1755-300x200.jpg\" alt=\"\" width=\"550\" height=\"366\" data-srcset=\"https:\/\/ubanews.com\/site\/wp-content\/uploads\/2023\/10\/DSC1755-300x200.jpg 300w, https:\/\/ubanews.com\/site\/wp-content\/uploads\/2023\/10\/DSC1755-1024x683.jpg 1024w, https:\/\/ubanews.com\/site\/wp-content\/uploads\/2023\/10\/DSC1755-768x512.jpg 768w, https:\/\/ubanews.com\/site\/wp-content\/uploads\/2023\/10\/DSC1755-1536x1024.jpg 1536w, https:\/\/ubanews.com\/site\/wp-content\/uploads\/2023\/10\/DSC1755-2048x1365.jpg 2048w, https:\/\/ubanews.com\/site\/wp-content\/uploads\/2023\/10\/DSC1755-1200x800.jpg 1200w, https:\/\/ubanews.com\/site\/wp-content\/uploads\/2023\/10\/DSC1755-120x80.jpg 120w\" data-sizes=\"(max-width: 550px) 100vw, 550px\" src=\"data:image\/svg+xml;base64,PHN2ZyB3aWR0aD0iMSIgaGVpZ2h0PSIxIiB4bWxucz0iaHR0cDovL3d3dy53My5vcmcvMjAwMC9zdmciPjwvc3ZnPg==\" style=\"--smush-placeholder-width: 550px; --smush-placeholder-aspect-ratio: 550\/366;\" \/> <img decoding=\"async\" class=\"aligncenter  wp-image-22290 lazyload\" data-src=\"https:\/\/ubanews.com\/site\/wp-content\/uploads\/2023\/10\/DSC1752-300x200.jpg\" alt=\"\" width=\"551\" height=\"367\" data-srcset=\"https:\/\/ubanews.com\/site\/wp-content\/uploads\/2023\/10\/DSC1752-300x200.jpg 300w, https:\/\/ubanews.com\/site\/wp-content\/uploads\/2023\/10\/DSC1752-1024x683.jpg 1024w, https:\/\/ubanews.com\/site\/wp-content\/uploads\/2023\/10\/DSC1752-768x512.jpg 768w, https:\/\/ubanews.com\/site\/wp-content\/uploads\/2023\/10\/DSC1752-1536x1024.jpg 1536w, https:\/\/ubanews.com\/site\/wp-content\/uploads\/2023\/10\/DSC1752-2048x1365.jpg 2048w, https:\/\/ubanews.com\/site\/wp-content\/uploads\/2023\/10\/DSC1752-1200x800.jpg 1200w, https:\/\/ubanews.com\/site\/wp-content\/uploads\/2023\/10\/DSC1752-120x80.jpg 120w\" data-sizes=\"(max-width: 551px) 100vw, 551px\" src=\"data:image\/svg+xml;base64,PHN2ZyB3aWR0aD0iMSIgaGVpZ2h0PSIxIiB4bWxucz0iaHR0cDovL3d3dy53My5vcmcvMjAwMC9zdmciPjwvc3ZnPg==\" style=\"--smush-placeholder-width: 551px; --smush-placeholder-aspect-ratio: 551\/367;\" \/> <img decoding=\"async\" class=\"aligncenter  wp-image-22289 lazyload\" data-src=\"https:\/\/ubanews.com\/site\/wp-content\/uploads\/2023\/10\/DSC1749-300x200.jpg\" alt=\"\" width=\"551\" height=\"367\" data-srcset=\"https:\/\/ubanews.com\/site\/wp-content\/uploads\/2023\/10\/DSC1749-300x200.jpg 300w, https:\/\/ubanews.com\/site\/wp-content\/uploads\/2023\/10\/DSC1749-1024x683.jpg 1024w, https:\/\/ubanews.com\/site\/wp-content\/uploads\/2023\/10\/DSC1749-768x512.jpg 768w, https:\/\/ubanews.com\/site\/wp-content\/uploads\/2023\/10\/DSC1749-1536x1024.jpg 1536w, https:\/\/ubanews.com\/site\/wp-content\/uploads\/2023\/10\/DSC1749-2048x1365.jpg 2048w, https:\/\/ubanews.com\/site\/wp-content\/uploads\/2023\/10\/DSC1749-1200x800.jpg 1200w, https:\/\/ubanews.com\/site\/wp-content\/uploads\/2023\/10\/DSC1749-120x80.jpg 120w\" data-sizes=\"(max-width: 551px) 100vw, 551px\" src=\"data:image\/svg+xml;base64,PHN2ZyB3aWR0aD0iMSIgaGVpZ2h0PSIxIiB4bWxucz0iaHR0cDovL3d3dy53My5vcmcvMjAwMC9zdmciPjwvc3ZnPg==\" style=\"--smush-placeholder-width: 551px; --smush-placeholder-aspect-ratio: 551\/367;\" \/> <img decoding=\"async\" class=\"aligncenter  wp-image-22288 lazyload\" data-src=\"https:\/\/ubanews.com\/site\/wp-content\/uploads\/2023\/10\/DSC1738-300x200.jpg\" alt=\"\" width=\"551\" height=\"367\" data-srcset=\"https:\/\/ubanews.com\/site\/wp-content\/uploads\/2023\/10\/DSC1738-300x200.jpg 300w, https:\/\/ubanews.com\/site\/wp-content\/uploads\/2023\/10\/DSC1738-1024x683.jpg 1024w, https:\/\/ubanews.com\/site\/wp-content\/uploads\/2023\/10\/DSC1738-768x512.jpg 768w, https:\/\/ubanews.com\/site\/wp-content\/uploads\/2023\/10\/DSC1738-1536x1024.jpg 1536w, https:\/\/ubanews.com\/site\/wp-content\/uploads\/2023\/10\/DSC1738-2048x1365.jpg 2048w, https:\/\/ubanews.com\/site\/wp-content\/uploads\/2023\/10\/DSC1738-1200x800.jpg 1200w, https:\/\/ubanews.com\/site\/wp-content\/uploads\/2023\/10\/DSC1738-120x80.jpg 120w\" data-sizes=\"(max-width: 551px) 100vw, 551px\" src=\"data:image\/svg+xml;base64,PHN2ZyB3aWR0aD0iMSIgaGVpZ2h0PSIxIiB4bWxucz0iaHR0cDovL3d3dy53My5vcmcvMjAwMC9zdmciPjwvc3ZnPg==\" style=\"--smush-placeholder-width: 551px; --smush-placeholder-aspect-ratio: 551\/367;\" \/><\/p>\n","protected":false},"excerpt":{"rendered":"<p>Hoje a cidade de Ub\u00e1 se uniu em um gesto<\/p>\n","protected":false},"author":4,"featured_media":0,"comment_status":"open","ping_status":"open","sticky":false,"template":"","format":"standard","meta":{"footnotes":""},"categories":[1],"tags":[],"class_list":["post-22320","post","type-post","status-publish","format-standard","hentry","category-sem-categoria"],"yoast_head":"<!-- This site is optimized with the Yoast SEO plugin v27.2 - https:\/\/yoast.com\/product\/yoast-seo-wordpress\/ -->\n<title>2\u00aa Caminhada Outubro Rosa e Novembro Azul: Juntos pela conscientiza\u00e7\u00e3o contra o c\u00e2ncer de mama e pr\u00f3stata - Ub\u00e1 News<\/title>\n<meta name=\"robots\" content=\"index, follow, max-snippet:-1, max-image-preview:large, max-video-preview:-1\" \/>\n<link rel=\"canonical\" href=\"https:\/\/ubanews.com\/site\/2023\/10\/29\/2a-caminhada-outubro-rosa-e-novembro-azul-juntos-pela-conscientizacao-contra-o-cancer-de-mama-e-prostata\/\" \/>\n<meta property=\"og:locale\" content=\"pt_BR\" \/>\n<meta property=\"og:type\" content=\"article\" \/>\n<meta property=\"og:title\" content=\"2\u00aa Caminhada Outubro Rosa e Novembro Azul: Juntos pela conscientiza\u00e7\u00e3o contra o c\u00e2ncer de mama e pr\u00f3stata - Ub\u00e1 News\" \/>\n<meta property=\"og:description\" content=\"Hoje a cidade de Ub\u00e1 se uniu em um gesto\" \/>\n<meta property=\"og:url\" content=\"https:\/\/ubanews.com\/site\/2023\/10\/29\/2a-caminhada-outubro-rosa-e-novembro-azul-juntos-pela-conscientizacao-contra-o-cancer-de-mama-e-prostata\/\" \/>\n<meta property=\"og:site_name\" content=\"Ub\u00e1 News\" \/>\n<meta property=\"article:publisher\" content=\"https:\/\/www.facebook.com\/Ub%c3%a1News-Carlos-Roberto-Sodr%c3%a9-418778301977370\" \/>\n<meta property=\"article:published_time\" content=\"2023-10-29T22:13:13+00:00\" \/>\n<meta property=\"article:modified_time\" content=\"2023-10-30T15:14:08+00:00\" \/>\n<meta property=\"og:image\" content=\"http:\/\/ubanews.com\/site\/wp-content\/uploads\/2023\/10\/DSC1730-300x200.jpg\" \/>\n<meta name=\"author\" content=\"Carlos Roberto Sodr\u00e9\" \/>\n<meta name=\"twitter:card\" content=\"summary_large_image\" \/>\n<meta name=\"twitter:label1\" content=\"Escrito por\" \/>\n\t<meta name=\"twitter:data1\" content=\"Carlos Roberto Sodr\u00e9\" \/>\n\t<meta name=\"twitter:label2\" content=\"Est. tempo de leitura\" \/>\n\t<meta name=\"twitter:data2\" content=\"9 minutos\" \/>\n<script type=\"application\/ld+json\" class=\"yoast-schema-graph\">{\"@context\":\"https:\/\/schema.org\",\"@graph\":[{\"@type\":\"Article\",\"@id\":\"https:\/\/ubanews.com\/site\/2023\/10\/29\/2a-caminhada-outubro-rosa-e-novembro-azul-juntos-pela-conscientizacao-contra-o-cancer-de-mama-e-prostata\/#article\",\"isPartOf\":{\"@id\":\"https:\/\/ubanews.com\/site\/2023\/10\/29\/2a-caminhada-outubro-rosa-e-novembro-azul-juntos-pela-conscientizacao-contra-o-cancer-de-mama-e-prostata\/\"},\"author\":{\"name\":\"Carlos Roberto Sodr\u00e9\",\"@id\":\"https:\/\/ubanews.com\/site\/#\/schema\/person\/9d8da9ec3c8d00640ab6e8c81e103310\"},\"headline\":\"2\u00aa Caminhada Outubro Rosa e Novembro Azul: Juntos pela conscientiza\u00e7\u00e3o contra o c\u00e2ncer de mama e pr\u00f3stata\",\"datePublished\":\"2023-10-29T22:13:13+00:00\",\"dateModified\":\"2023-10-30T15:14:08+00:00\",\"mainEntityOfPage\":{\"@id\":\"https:\/\/ubanews.com\/site\/2023\/10\/29\/2a-caminhada-outubro-rosa-e-novembro-azul-juntos-pela-conscientizacao-contra-o-cancer-de-mama-e-prostata\/\"},\"wordCount\":383,\"commentCount\":0,\"publisher\":{\"@id\":\"https:\/\/ubanews.com\/site\/#organization\"},\"image\":{\"@id\":\"https:\/\/ubanews.com\/site\/2023\/10\/29\/2a-caminhada-outubro-rosa-e-novembro-azul-juntos-pela-conscientizacao-contra-o-cancer-de-mama-e-prostata\/#primaryimage\"},\"thumbnailUrl\":\"http:\/\/ubanews.com\/site\/wp-content\/uploads\/2023\/10\/DSC1730-300x200.jpg\",\"articleSection\":[\"Geral\"],\"inLanguage\":\"pt-BR\",\"potentialAction\":[{\"@type\":\"CommentAction\",\"name\":\"Comment\",\"target\":[\"https:\/\/ubanews.com\/site\/2023\/10\/29\/2a-caminhada-outubro-rosa-e-novembro-azul-juntos-pela-conscientizacao-contra-o-cancer-de-mama-e-prostata\/#respond\"]}]},{\"@type\":\"WebPage\",\"@id\":\"https:\/\/ubanews.com\/site\/2023\/10\/29\/2a-caminhada-outubro-rosa-e-novembro-azul-juntos-pela-conscientizacao-contra-o-cancer-de-mama-e-prostata\/\",\"url\":\"https:\/\/ubanews.com\/site\/2023\/10\/29\/2a-caminhada-outubro-rosa-e-novembro-azul-juntos-pela-conscientizacao-contra-o-cancer-de-mama-e-prostata\/\",\"name\":\"2\u00aa Caminhada Outubro Rosa e Novembro Azul: Juntos pela conscientiza\u00e7\u00e3o contra o c\u00e2ncer de mama e pr\u00f3stata - Ub\u00e1 News\",\"isPartOf\":{\"@id\":\"https:\/\/ubanews.com\/site\/#website\"},\"primaryImageOfPage\":{\"@id\":\"https:\/\/ubanews.com\/site\/2023\/10\/29\/2a-caminhada-outubro-rosa-e-novembro-azul-juntos-pela-conscientizacao-contra-o-cancer-de-mama-e-prostata\/#primaryimage\"},\"image\":{\"@id\":\"https:\/\/ubanews.com\/site\/2023\/10\/29\/2a-caminhada-outubro-rosa-e-novembro-azul-juntos-pela-conscientizacao-contra-o-cancer-de-mama-e-prostata\/#primaryimage\"},\"thumbnailUrl\":\"http:\/\/ubanews.com\/site\/wp-content\/uploads\/2023\/10\/DSC1730-300x200.jpg\",\"datePublished\":\"2023-10-29T22:13:13+00:00\",\"dateModified\":\"2023-10-30T15:14:08+00:00\",\"breadcrumb\":{\"@id\":\"https:\/\/ubanews.com\/site\/2023\/10\/29\/2a-caminhada-outubro-rosa-e-novembro-azul-juntos-pela-conscientizacao-contra-o-cancer-de-mama-e-prostata\/#breadcrumb\"},\"inLanguage\":\"pt-BR\",\"potentialAction\":[{\"@type\":\"ReadAction\",\"target\":[\"https:\/\/ubanews.com\/site\/2023\/10\/29\/2a-caminhada-outubro-rosa-e-novembro-azul-juntos-pela-conscientizacao-contra-o-cancer-de-mama-e-prostata\/\"]}]},{\"@type\":\"ImageObject\",\"inLanguage\":\"pt-BR\",\"@id\":\"https:\/\/ubanews.com\/site\/2023\/10\/29\/2a-caminhada-outubro-rosa-e-novembro-azul-juntos-pela-conscientizacao-contra-o-cancer-de-mama-e-prostata\/#primaryimage\",\"url\":\"https:\/\/ubanews.com\/site\/wp-content\/uploads\/2023\/10\/DSC1730-scaled.jpg\",\"contentUrl\":\"https:\/\/ubanews.com\/site\/wp-content\/uploads\/2023\/10\/DSC1730-scaled.jpg\",\"width\":2560,\"height\":1707},{\"@type\":\"BreadcrumbList\",\"@id\":\"https:\/\/ubanews.com\/site\/2023\/10\/29\/2a-caminhada-outubro-rosa-e-novembro-azul-juntos-pela-conscientizacao-contra-o-cancer-de-mama-e-prostata\/#breadcrumb\",\"itemListElement\":[{\"@type\":\"ListItem\",\"position\":1,\"name\":\"Home\",\"item\":\"https:\/\/ubanews.com\/site\/\"},{\"@type\":\"ListItem\",\"position\":2,\"name\":\"2\u00aa Caminhada Outubro Rosa e Novembro Azul: Juntos pela conscientiza\u00e7\u00e3o contra o c\u00e2ncer de mama e pr\u00f3stata\"}]},{\"@type\":\"WebSite\",\"@id\":\"https:\/\/ubanews.com\/site\/#website\",\"url\":\"https:\/\/ubanews.com\/site\/\",\"name\":\"Ub\u00e1 News\",\"description\":\"\",\"publisher\":{\"@id\":\"https:\/\/ubanews.com\/site\/#organization\"},\"potentialAction\":[{\"@type\":\"SearchAction\",\"target\":{\"@type\":\"EntryPoint\",\"urlTemplate\":\"https:\/\/ubanews.com\/site\/?s={search_term_string}\"},\"query-input\":{\"@type\":\"PropertyValueSpecification\",\"valueRequired\":true,\"valueName\":\"search_term_string\"}}],\"inLanguage\":\"pt-BR\"},{\"@type\":\"Organization\",\"@id\":\"https:\/\/ubanews.com\/site\/#organization\",\"name\":\"Ub\u00e1 News\",\"url\":\"https:\/\/ubanews.com\/site\/\",\"logo\":{\"@type\":\"ImageObject\",\"inLanguage\":\"pt-BR\",\"@id\":\"https:\/\/ubanews.com\/site\/#\/schema\/logo\/image\/\",\"url\":\"https:\/\/ubanews.com\/site\/wp-content\/uploads\/2018\/01\/logoubanews.png\",\"contentUrl\":\"https:\/\/ubanews.com\/site\/wp-content\/uploads\/2018\/01\/logoubanews.png\",\"width\":261,\"height\":99,\"caption\":\"Ub\u00e1 News\"},\"image\":{\"@id\":\"https:\/\/ubanews.com\/site\/#\/schema\/logo\/image\/\"},\"sameAs\":[\"https:\/\/www.facebook.com\/Ub\u00e1News-Carlos-Roberto-Sodr\u00e9-418778301977370\"]},{\"@type\":\"Person\",\"@id\":\"https:\/\/ubanews.com\/site\/#\/schema\/person\/9d8da9ec3c8d00640ab6e8c81e103310\",\"name\":\"Carlos Roberto Sodr\u00e9\",\"image\":{\"@type\":\"ImageObject\",\"inLanguage\":\"pt-BR\",\"@id\":\"https:\/\/secure.gravatar.com\/avatar\/aab322e8555b56c468614fafdab8a8f924e394cdc6cfd8232f77e9e4d123a133?s=96&d=mm&r=g\",\"url\":\"https:\/\/secure.gravatar.com\/avatar\/aab322e8555b56c468614fafdab8a8f924e394cdc6cfd8232f77e9e4d123a133?s=96&d=mm&r=g\",\"contentUrl\":\"https:\/\/secure.gravatar.com\/avatar\/aab322e8555b56c468614fafdab8a8f924e394cdc6cfd8232f77e9e4d123a133?s=96&d=mm&r=g\",\"caption\":\"Carlos Roberto Sodr\u00e9\"},\"url\":\"https:\/\/ubanews.com\/site\/author\/sodre\/\"}]}<\/script>\n<!-- \/ Yoast SEO plugin. -->","yoast_head_json":{"title":"2\u00aa Caminhada Outubro Rosa e Novembro Azul: Juntos pela conscientiza\u00e7\u00e3o contra o c\u00e2ncer de mama e pr\u00f3stata - Ub\u00e1 News","robots":{"index":"index","follow":"follow","max-snippet":"max-snippet:-1","max-image-preview":"max-image-preview:large","max-video-preview":"max-video-preview:-1"},"canonical":"https:\/\/ubanews.com\/site\/2023\/10\/29\/2a-caminhada-outubro-rosa-e-novembro-azul-juntos-pela-conscientizacao-contra-o-cancer-de-mama-e-prostata\/","og_locale":"pt_BR","og_type":"article","og_title":"2\u00aa Caminhada Outubro Rosa e Novembro Azul: Juntos pela conscientiza\u00e7\u00e3o contra o c\u00e2ncer de mama e pr\u00f3stata - Ub\u00e1 News","og_description":"Hoje a cidade de Ub\u00e1 se uniu em um gesto","og_url":"https:\/\/ubanews.com\/site\/2023\/10\/29\/2a-caminhada-outubro-rosa-e-novembro-azul-juntos-pela-conscientizacao-contra-o-cancer-de-mama-e-prostata\/","og_site_name":"Ub\u00e1 News","article_publisher":"https:\/\/www.facebook.com\/Ub%c3%a1News-Carlos-Roberto-Sodr%c3%a9-418778301977370","article_published_time":"2023-10-29T22:13:13+00:00","article_modified_time":"2023-10-30T15:14:08+00:00","og_image":[{"url":"http:\/\/ubanews.com\/site\/wp-content\/uploads\/2023\/10\/DSC1730-300x200.jpg","type":"","width":"","height":""}],"author":"Carlos Roberto Sodr\u00e9","twitter_card":"summary_large_image","twitter_misc":{"Escrito por":"Carlos Roberto Sodr\u00e9","Est. tempo de leitura":"9 minutos"},"schema":{"@context":"https:\/\/schema.org","@graph":[{"@type":"Article","@id":"https:\/\/ubanews.com\/site\/2023\/10\/29\/2a-caminhada-outubro-rosa-e-novembro-azul-juntos-pela-conscientizacao-contra-o-cancer-de-mama-e-prostata\/#article","isPartOf":{"@id":"https:\/\/ubanews.com\/site\/2023\/10\/29\/2a-caminhada-outubro-rosa-e-novembro-azul-juntos-pela-conscientizacao-contra-o-cancer-de-mama-e-prostata\/"},"author":{"name":"Carlos Roberto Sodr\u00e9","@id":"https:\/\/ubanews.com\/site\/#\/schema\/person\/9d8da9ec3c8d00640ab6e8c81e103310"},"headline":"2\u00aa Caminhada Outubro Rosa e Novembro Azul: Juntos pela conscientiza\u00e7\u00e3o contra o c\u00e2ncer de mama e pr\u00f3stata","datePublished":"2023-10-29T22:13:13+00:00","dateModified":"2023-10-30T15:14:08+00:00","mainEntityOfPage":{"@id":"https:\/\/ubanews.com\/site\/2023\/10\/29\/2a-caminhada-outubro-rosa-e-novembro-azul-juntos-pela-conscientizacao-contra-o-cancer-de-mama-e-prostata\/"},"wordCount":383,"commentCount":0,"publisher":{"@id":"https:\/\/ubanews.com\/site\/#organization"},"image":{"@id":"https:\/\/ubanews.com\/site\/2023\/10\/29\/2a-caminhada-outubro-rosa-e-novembro-azul-juntos-pela-conscientizacao-contra-o-cancer-de-mama-e-prostata\/#primaryimage"},"thumbnailUrl":"http:\/\/ubanews.com\/site\/wp-content\/uploads\/2023\/10\/DSC1730-300x200.jpg","articleSection":["Geral"],"inLanguage":"pt-BR","potentialAction":[{"@type":"CommentAction","name":"Comment","target":["https:\/\/ubanews.com\/site\/2023\/10\/29\/2a-caminhada-outubro-rosa-e-novembro-azul-juntos-pela-conscientizacao-contra-o-cancer-de-mama-e-prostata\/#respond"]}]},{"@type":"WebPage","@id":"https:\/\/ubanews.com\/site\/2023\/10\/29\/2a-caminhada-outubro-rosa-e-novembro-azul-juntos-pela-conscientizacao-contra-o-cancer-de-mama-e-prostata\/","url":"https:\/\/ubanews.com\/site\/2023\/10\/29\/2a-caminhada-outubro-rosa-e-novembro-azul-juntos-pela-conscientizacao-contra-o-cancer-de-mama-e-prostata\/","name":"2\u00aa Caminhada Outubro Rosa e Novembro Azul: Juntos pela conscientiza\u00e7\u00e3o contra o c\u00e2ncer de mama e pr\u00f3stata - Ub\u00e1 News","isPartOf":{"@id":"https:\/\/ubanews.com\/site\/#website"},"primaryImageOfPage":{"@id":"https:\/\/ubanews.com\/site\/2023\/10\/29\/2a-caminhada-outubro-rosa-e-novembro-azul-juntos-pela-conscientizacao-contra-o-cancer-de-mama-e-prostata\/#primaryimage"},"image":{"@id":"https:\/\/ubanews.com\/site\/2023\/10\/29\/2a-caminhada-outubro-rosa-e-novembro-azul-juntos-pela-conscientizacao-contra-o-cancer-de-mama-e-prostata\/#primaryimage"},"thumbnailUrl":"http:\/\/ubanews.com\/site\/wp-content\/uploads\/2023\/10\/DSC1730-300x200.jpg","datePublished":"2023-10-29T22:13:13+00:00","dateModified":"2023-10-30T15:14:08+00:00","breadcrumb":{"@id":"https:\/\/ubanews.com\/site\/2023\/10\/29\/2a-caminhada-outubro-rosa-e-novembro-azul-juntos-pela-conscientizacao-contra-o-cancer-de-mama-e-prostata\/#breadcrumb"},"inLanguage":"pt-BR","potentialAction":[{"@type":"ReadAction","target":["https:\/\/ubanews.com\/site\/2023\/10\/29\/2a-caminhada-outubro-rosa-e-novembro-azul-juntos-pela-conscientizacao-contra-o-cancer-de-mama-e-prostata\/"]}]},{"@type":"ImageObject","inLanguage":"pt-BR","@id":"https:\/\/ubanews.com\/site\/2023\/10\/29\/2a-caminhada-outubro-rosa-e-novembro-azul-juntos-pela-conscientizacao-contra-o-cancer-de-mama-e-prostata\/#primaryimage","url":"https:\/\/ubanews.com\/site\/wp-content\/uploads\/2023\/10\/DSC1730-scaled.jpg","contentUrl":"https:\/\/ubanews.com\/site\/wp-content\/uploads\/2023\/10\/DSC1730-scaled.jpg","width":2560,"height":1707},{"@type":"BreadcrumbList","@id":"https:\/\/ubanews.com\/site\/2023\/10\/29\/2a-caminhada-outubro-rosa-e-novembro-azul-juntos-pela-conscientizacao-contra-o-cancer-de-mama-e-prostata\/#breadcrumb","itemListElement":[{"@type":"ListItem","position":1,"name":"Home","item":"https:\/\/ubanews.com\/site\/"},{"@type":"ListItem","position":2,"name":"2\u00aa Caminhada Outubro Rosa e Novembro Azul: Juntos pela conscientiza\u00e7\u00e3o contra o c\u00e2ncer de mama e pr\u00f3stata"}]},{"@type":"WebSite","@id":"https:\/\/ubanews.com\/site\/#website","url":"https:\/\/ubanews.com\/site\/","name":"Ub\u00e1 News","description":"","publisher":{"@id":"https:\/\/ubanews.com\/site\/#organization"},"potentialAction":[{"@type":"SearchAction","target":{"@type":"EntryPoint","urlTemplate":"https:\/\/ubanews.com\/site\/?s={search_term_string}"},"query-input":{"@type":"PropertyValueSpecification","valueRequired":true,"valueName":"search_term_string"}}],"inLanguage":"pt-BR"},{"@type":"Organization","@id":"https:\/\/ubanews.com\/site\/#organization","name":"Ub\u00e1 News","url":"https:\/\/ubanews.com\/site\/","logo":{"@type":"ImageObject","inLanguage":"pt-BR","@id":"https:\/\/ubanews.com\/site\/#\/schema\/logo\/image\/","url":"https:\/\/ubanews.com\/site\/wp-content\/uploads\/2018\/01\/logoubanews.png","contentUrl":"https:\/\/ubanews.com\/site\/wp-content\/uploads\/2018\/01\/logoubanews.png","width":261,"height":99,"caption":"Ub\u00e1 News"},"image":{"@id":"https:\/\/ubanews.com\/site\/#\/schema\/logo\/image\/"},"sameAs":["https:\/\/www.facebook.com\/Ub\u00e1News-Carlos-Roberto-Sodr\u00e9-418778301977370"]},{"@type":"Person","@id":"https:\/\/ubanews.com\/site\/#\/schema\/person\/9d8da9ec3c8d00640ab6e8c81e103310","name":"Carlos Roberto Sodr\u00e9","image":{"@type":"ImageObject","inLanguage":"pt-BR","@id":"https:\/\/secure.gravatar.com\/avatar\/aab322e8555b56c468614fafdab8a8f924e394cdc6cfd8232f77e9e4d123a133?s=96&d=mm&r=g","url":"https:\/\/secure.gravatar.com\/avatar\/aab322e8555b56c468614fafdab8a8f924e394cdc6cfd8232f77e9e4d123a133?s=96&d=mm&r=g","contentUrl":"https:\/\/secure.gravatar.com\/avatar\/aab322e8555b56c468614fafdab8a8f924e394cdc6cfd8232f77e9e4d123a133?s=96&d=mm&r=g","caption":"Carlos Roberto Sodr\u00e9"},"url":"https:\/\/ubanews.com\/site\/author\/sodre\/"}]}},"_links":{"self":[{"href":"https:\/\/ubanews.com\/site\/wp-json\/wp\/v2\/posts\/22320","targetHints":{"allow":["GET"]}}],"collection":[{"href":"https:\/\/ubanews.com\/site\/wp-json\/wp\/v2\/posts"}],"about":[{"href":"https:\/\/ubanews.com\/site\/wp-json\/wp\/v2\/types\/post"}],"author":[{"embeddable":true,"href":"https:\/\/ubanews.com\/site\/wp-json\/wp\/v2\/users\/4"}],"replies":[{"embeddable":true,"href":"https:\/\/ubanews.com\/site\/wp-json\/wp\/v2\/comments?post=22320"}],"version-history":[{"count":0,"href":"https:\/\/ubanews.com\/site\/wp-json\/wp\/v2\/posts\/22320\/revisions"}],"wp:attachment":[{"href":"https:\/\/ubanews.com\/site\/wp-json\/wp\/v2\/media?parent=22320"}],"wp:term":[{"taxonomy":"category","embeddable":true,"href":"https:\/\/ubanews.com\/site\/wp-json\/wp\/v2\/categories?post=22320"},{"taxonomy":"post_tag","embeddable":true,"href":"https:\/\/ubanews.com\/site\/wp-json\/wp\/v2\/tags?post=22320"}],"curies":[{"name":"wp","href":"https:\/\/api.w.org\/{rel}","templated":true}]}}