{"id":22284,"date":"2023-10-27T18:30:03","date_gmt":"2023-10-27T21:30:03","guid":{"rendered":"http:\/\/ubanews.com\/site\/?p=22284"},"modified":"2023-10-27T17:29:51","modified_gmt":"2023-10-27T20:29:51","slug":"pcmg-prende-quatro-pessoas-e-apreende-700-pinos-de-cocaina-em-uba","status":"publish","type":"post","link":"https:\/\/ubanews.com\/site\/2023\/10\/27\/pcmg-prende-quatro-pessoas-e-apreende-700-pinos-de-cocaina-em-uba\/","title":{"rendered":"PCMG prende quatro pessoas e apreende 700 pinos de coca\u00edna em Ub\u00e1"},"content":{"rendered":"<p>Um dos suspeitos \u00e9 investigado por envolvimento em um homic\u00eddio ocorrido em agosto deste ano.<\/p>\n<p><img decoding=\"async\" class=\"aligncenter wp-image-22279 lazyload\" data-src=\"https:\/\/ubanews.com\/site\/wp-content\/uploads\/2023\/10\/WhatsApp-Image-2023-10-27-at-15.47.08-300x197.jpeg\" alt=\"\" width=\"550\" height=\"361\" data-srcset=\"https:\/\/ubanews.com\/site\/wp-content\/uploads\/2023\/10\/WhatsApp-Image-2023-10-27-at-15.47.08-300x197.jpeg 300w, https:\/\/ubanews.com\/site\/wp-content\/uploads\/2023\/10\/WhatsApp-Image-2023-10-27-at-15.47.08-1024x672.jpeg 1024w, https:\/\/ubanews.com\/site\/wp-content\/uploads\/2023\/10\/WhatsApp-Image-2023-10-27-at-15.47.08-768x504.jpeg 768w, https:\/\/ubanews.com\/site\/wp-content\/uploads\/2023\/10\/WhatsApp-Image-2023-10-27-at-15.47.08-870x570.jpeg 870w, https:\/\/ubanews.com\/site\/wp-content\/uploads\/2023\/10\/WhatsApp-Image-2023-10-27-at-15.47.08-120x80.jpeg 120w, https:\/\/ubanews.com\/site\/wp-content\/uploads\/2023\/10\/WhatsApp-Image-2023-10-27-at-15.47.08.jpeg 1065w\" data-sizes=\"(max-width: 550px) 100vw, 550px\" src=\"data:image\/svg+xml;base64,PHN2ZyB3aWR0aD0iMSIgaGVpZ2h0PSIxIiB4bWxucz0iaHR0cDovL3d3dy53My5vcmcvMjAwMC9zdmciPjwvc3ZnPg==\" style=\"--smush-placeholder-width: 550px; --smush-placeholder-aspect-ratio: 550\/361;\" \/><\/p>\n<p>Nesta sexta-feira (27\/10) a Pol\u00edcia Civil de Minas Gerais (PCMG) prendeu quatro pessoas durante cumprimento de mandados de pris\u00e3o e de busca e apreens\u00e3o em Ub\u00e1, na Zona da Mata. Durante a a\u00e7\u00e3o, realizada no bairro Pires da Luz, foram apreendidos aproximadamente 700 pinos de coca\u00edna, 11 buchas de maconha, al\u00e9m de materiais utilizados para o tr\u00e1fico de drogas como balan\u00e7as de precis\u00e3o e inv\u00f3lucros vazios.Um dos suspeitos, de 25 anos, \u00e9 investigado por envolvimento em um homic\u00eddio ocorrido em agosto deste ano. Os outros, duas mulheres, de 20 e 21 anos, e um homem de 53 anos, foram presos em flagrante por tr\u00e1fico de drogas.<\/p>\n<p><img decoding=\"async\" class=\"aligncenter wp-image-22278 lazyload\" data-src=\"https:\/\/ubanews.com\/site\/wp-content\/uploads\/2023\/10\/WhatsApp-Image-2023-10-27-at-15.47.08-1-300x182.jpeg\" alt=\"\" width=\"552\" height=\"335\" data-srcset=\"https:\/\/ubanews.com\/site\/wp-content\/uploads\/2023\/10\/WhatsApp-Image-2023-10-27-at-15.47.08-1-300x182.jpeg 300w, https:\/\/ubanews.com\/site\/wp-content\/uploads\/2023\/10\/WhatsApp-Image-2023-10-27-at-15.47.08-1-1024x620.jpeg 1024w, https:\/\/ubanews.com\/site\/wp-content\/uploads\/2023\/10\/WhatsApp-Image-2023-10-27-at-15.47.08-1-768x465.jpeg 768w, https:\/\/ubanews.com\/site\/wp-content\/uploads\/2023\/10\/WhatsApp-Image-2023-10-27-at-15.47.08-1-1536x929.jpeg 1536w, https:\/\/ubanews.com\/site\/wp-content\/uploads\/2023\/10\/WhatsApp-Image-2023-10-27-at-15.47.08-1.jpeg 1600w\" data-sizes=\"(max-width: 552px) 100vw, 552px\" src=\"data:image\/svg+xml;base64,PHN2ZyB3aWR0aD0iMSIgaGVpZ2h0PSIxIiB4bWxucz0iaHR0cDovL3d3dy53My5vcmcvMjAwMC9zdmciPjwvc3ZnPg==\" style=\"--smush-placeholder-width: 552px; --smush-placeholder-aspect-ratio: 552\/335;\" \/><br \/>\nA investiga\u00e7\u00e3o que resultou nos mandados de pris\u00e3o apura o homic\u00eddio de um homem de 25 anos, no dia 25 de agosto, em Ub\u00e1. Conforme levantamentos, tr\u00eas homens j\u00e1 identificados, um deles preso nessa sexta-feira (27), teriam feito uma emboscada sob a alega\u00e7\u00e3o de furtar um porco em uma propriedade pr\u00f3xima com a promessa de ganhar um peda\u00e7o como recompensa. Ao ser atra\u00edda para o local, a v\u00edtima foi surpreendida e atingida por disparos pelas costas.<br \/>\nAs investiga\u00e7\u00f5es continuam para localizar os outros envolvidos. Os suspeitos foram encaminhados ao sistema prisional<br \/>\nEquipe: Chefe do 4\u00b0 Departamento de Juiz de Fora: Delegado-geral Eurico da Cunha Neto<br \/>\nDelegado Regional 2\u00b0 DRPC Ub\u00e1: Bruno Salles de Mattos<br \/>\nDelegado respons\u00e1vel: Douglas Mota Barbosa de Oliveira<br \/>\nInspetores: Paulo Romano Filho e Bruno Correa Quatorze Voltas<\/p>\n<p>As informa\u00e7\u00f5es s\u00e3o da Assessoria de Comunica\u00e7\u00e3o da PCMG.<\/p>\n","protected":false},"excerpt":{"rendered":"<p>Um dos suspeitos \u00e9 investigado por envolvimento em um homic\u00eddio<\/p>\n","protected":false},"author":4,"featured_media":0,"comment_status":"open","ping_status":"open","sticky":false,"template":"","format":"standard","meta":{"footnotes":""},"categories":[1],"tags":[],"class_list":["post-22284","post","type-post","status-publish","format-standard","hentry","category-sem-categoria"],"yoast_head":"<!-- This site is optimized with the Yoast SEO plugin v27.2 - https:\/\/yoast.com\/product\/yoast-seo-wordpress\/ -->\n<title>PCMG prende quatro pessoas e apreende 700 pinos de coca\u00edna em Ub\u00e1 - Ub\u00e1 News<\/title>\n<meta name=\"robots\" content=\"index, follow, max-snippet:-1, max-image-preview:large, max-video-preview:-1\" \/>\n<link rel=\"canonical\" href=\"https:\/\/ubanews.com\/site\/2023\/10\/27\/pcmg-prende-quatro-pessoas-e-apreende-700-pinos-de-cocaina-em-uba\/\" \/>\n<meta property=\"og:locale\" content=\"pt_BR\" \/>\n<meta property=\"og:type\" content=\"article\" \/>\n<meta property=\"og:title\" content=\"PCMG prende quatro pessoas e apreende 700 pinos de coca\u00edna em Ub\u00e1 - Ub\u00e1 News\" \/>\n<meta property=\"og:description\" content=\"Um dos suspeitos \u00e9 investigado por envolvimento em um homic\u00eddio\" \/>\n<meta property=\"og:url\" content=\"https:\/\/ubanews.com\/site\/2023\/10\/27\/pcmg-prende-quatro-pessoas-e-apreende-700-pinos-de-cocaina-em-uba\/\" \/>\n<meta property=\"og:site_name\" content=\"Ub\u00e1 News\" \/>\n<meta property=\"article:publisher\" content=\"https:\/\/www.facebook.com\/Ub%c3%a1News-Carlos-Roberto-Sodr%c3%a9-418778301977370\" \/>\n<meta property=\"article:published_time\" content=\"2023-10-27T21:30:03+00:00\" \/>\n<meta property=\"og:image\" content=\"http:\/\/ubanews.com\/site\/wp-content\/uploads\/2023\/10\/WhatsApp-Image-2023-10-27-at-15.47.08-300x197.jpeg\" \/>\n<meta name=\"author\" content=\"Carlos Roberto Sodr\u00e9\" \/>\n<meta name=\"twitter:card\" content=\"summary_large_image\" \/>\n<meta name=\"twitter:label1\" content=\"Escrito por\" \/>\n\t<meta name=\"twitter:data1\" content=\"Carlos Roberto Sodr\u00e9\" \/>\n\t<meta name=\"twitter:label2\" content=\"Est. tempo de leitura\" \/>\n\t<meta name=\"twitter:data2\" content=\"2 minutos\" \/>\n<script type=\"application\/ld+json\" class=\"yoast-schema-graph\">{\"@context\":\"https:\/\/schema.org\",\"@graph\":[{\"@type\":\"Article\",\"@id\":\"https:\/\/ubanews.com\/site\/2023\/10\/27\/pcmg-prende-quatro-pessoas-e-apreende-700-pinos-de-cocaina-em-uba\/#article\",\"isPartOf\":{\"@id\":\"https:\/\/ubanews.com\/site\/2023\/10\/27\/pcmg-prende-quatro-pessoas-e-apreende-700-pinos-de-cocaina-em-uba\/\"},\"author\":{\"name\":\"Carlos Roberto Sodr\u00e9\",\"@id\":\"https:\/\/ubanews.com\/site\/#\/schema\/person\/9d8da9ec3c8d00640ab6e8c81e103310\"},\"headline\":\"PCMG prende quatro pessoas e apreende 700 pinos de coca\u00edna em Ub\u00e1\",\"datePublished\":\"2023-10-27T21:30:03+00:00\",\"mainEntityOfPage\":{\"@id\":\"https:\/\/ubanews.com\/site\/2023\/10\/27\/pcmg-prende-quatro-pessoas-e-apreende-700-pinos-de-cocaina-em-uba\/\"},\"wordCount\":286,\"commentCount\":0,\"publisher\":{\"@id\":\"https:\/\/ubanews.com\/site\/#organization\"},\"image\":{\"@id\":\"https:\/\/ubanews.com\/site\/2023\/10\/27\/pcmg-prende-quatro-pessoas-e-apreende-700-pinos-de-cocaina-em-uba\/#primaryimage\"},\"thumbnailUrl\":\"http:\/\/ubanews.com\/site\/wp-content\/uploads\/2023\/10\/WhatsApp-Image-2023-10-27-at-15.47.08-300x197.jpeg\",\"articleSection\":[\"Geral\"],\"inLanguage\":\"pt-BR\",\"potentialAction\":[{\"@type\":\"CommentAction\",\"name\":\"Comment\",\"target\":[\"https:\/\/ubanews.com\/site\/2023\/10\/27\/pcmg-prende-quatro-pessoas-e-apreende-700-pinos-de-cocaina-em-uba\/#respond\"]}]},{\"@type\":\"WebPage\",\"@id\":\"https:\/\/ubanews.com\/site\/2023\/10\/27\/pcmg-prende-quatro-pessoas-e-apreende-700-pinos-de-cocaina-em-uba\/\",\"url\":\"https:\/\/ubanews.com\/site\/2023\/10\/27\/pcmg-prende-quatro-pessoas-e-apreende-700-pinos-de-cocaina-em-uba\/\",\"name\":\"PCMG prende quatro pessoas e apreende 700 pinos de coca\u00edna em Ub\u00e1 - Ub\u00e1 News\",\"isPartOf\":{\"@id\":\"https:\/\/ubanews.com\/site\/#website\"},\"primaryImageOfPage\":{\"@id\":\"https:\/\/ubanews.com\/site\/2023\/10\/27\/pcmg-prende-quatro-pessoas-e-apreende-700-pinos-de-cocaina-em-uba\/#primaryimage\"},\"image\":{\"@id\":\"https:\/\/ubanews.com\/site\/2023\/10\/27\/pcmg-prende-quatro-pessoas-e-apreende-700-pinos-de-cocaina-em-uba\/#primaryimage\"},\"thumbnailUrl\":\"http:\/\/ubanews.com\/site\/wp-content\/uploads\/2023\/10\/WhatsApp-Image-2023-10-27-at-15.47.08-300x197.jpeg\",\"datePublished\":\"2023-10-27T21:30:03+00:00\",\"breadcrumb\":{\"@id\":\"https:\/\/ubanews.com\/site\/2023\/10\/27\/pcmg-prende-quatro-pessoas-e-apreende-700-pinos-de-cocaina-em-uba\/#breadcrumb\"},\"inLanguage\":\"pt-BR\",\"potentialAction\":[{\"@type\":\"ReadAction\",\"target\":[\"https:\/\/ubanews.com\/site\/2023\/10\/27\/pcmg-prende-quatro-pessoas-e-apreende-700-pinos-de-cocaina-em-uba\/\"]}]},{\"@type\":\"ImageObject\",\"inLanguage\":\"pt-BR\",\"@id\":\"https:\/\/ubanews.com\/site\/2023\/10\/27\/pcmg-prende-quatro-pessoas-e-apreende-700-pinos-de-cocaina-em-uba\/#primaryimage\",\"url\":\"http:\/\/ubanews.com\/site\/wp-content\/uploads\/2023\/10\/WhatsApp-Image-2023-10-27-at-15.47.08-300x197.jpeg\",\"contentUrl\":\"http:\/\/ubanews.com\/site\/wp-content\/uploads\/2023\/10\/WhatsApp-Image-2023-10-27-at-15.47.08-300x197.jpeg\"},{\"@type\":\"BreadcrumbList\",\"@id\":\"https:\/\/ubanews.com\/site\/2023\/10\/27\/pcmg-prende-quatro-pessoas-e-apreende-700-pinos-de-cocaina-em-uba\/#breadcrumb\",\"itemListElement\":[{\"@type\":\"ListItem\",\"position\":1,\"name\":\"Home\",\"item\":\"https:\/\/ubanews.com\/site\/\"},{\"@type\":\"ListItem\",\"position\":2,\"name\":\"PCMG prende quatro pessoas e apreende 700 pinos de coca\u00edna em Ub\u00e1\"}]},{\"@type\":\"WebSite\",\"@id\":\"https:\/\/ubanews.com\/site\/#website\",\"url\":\"https:\/\/ubanews.com\/site\/\",\"name\":\"Ub\u00e1 News\",\"description\":\"\",\"publisher\":{\"@id\":\"https:\/\/ubanews.com\/site\/#organization\"},\"potentialAction\":[{\"@type\":\"SearchAction\",\"target\":{\"@type\":\"EntryPoint\",\"urlTemplate\":\"https:\/\/ubanews.com\/site\/?s={search_term_string}\"},\"query-input\":{\"@type\":\"PropertyValueSpecification\",\"valueRequired\":true,\"valueName\":\"search_term_string\"}}],\"inLanguage\":\"pt-BR\"},{\"@type\":\"Organization\",\"@id\":\"https:\/\/ubanews.com\/site\/#organization\",\"name\":\"Ub\u00e1 News\",\"url\":\"https:\/\/ubanews.com\/site\/\",\"logo\":{\"@type\":\"ImageObject\",\"inLanguage\":\"pt-BR\",\"@id\":\"https:\/\/ubanews.com\/site\/#\/schema\/logo\/image\/\",\"url\":\"https:\/\/ubanews.com\/site\/wp-content\/uploads\/2018\/01\/logoubanews.png\",\"contentUrl\":\"https:\/\/ubanews.com\/site\/wp-content\/uploads\/2018\/01\/logoubanews.png\",\"width\":261,\"height\":99,\"caption\":\"Ub\u00e1 News\"},\"image\":{\"@id\":\"https:\/\/ubanews.com\/site\/#\/schema\/logo\/image\/\"},\"sameAs\":[\"https:\/\/www.facebook.com\/Ub\u00e1News-Carlos-Roberto-Sodr\u00e9-418778301977370\"]},{\"@type\":\"Person\",\"@id\":\"https:\/\/ubanews.com\/site\/#\/schema\/person\/9d8da9ec3c8d00640ab6e8c81e103310\",\"name\":\"Carlos Roberto Sodr\u00e9\",\"image\":{\"@type\":\"ImageObject\",\"inLanguage\":\"pt-BR\",\"@id\":\"https:\/\/secure.gravatar.com\/avatar\/aab322e8555b56c468614fafdab8a8f924e394cdc6cfd8232f77e9e4d123a133?s=96&d=mm&r=g\",\"url\":\"https:\/\/secure.gravatar.com\/avatar\/aab322e8555b56c468614fafdab8a8f924e394cdc6cfd8232f77e9e4d123a133?s=96&d=mm&r=g\",\"contentUrl\":\"https:\/\/secure.gravatar.com\/avatar\/aab322e8555b56c468614fafdab8a8f924e394cdc6cfd8232f77e9e4d123a133?s=96&d=mm&r=g\",\"caption\":\"Carlos Roberto Sodr\u00e9\"},\"url\":\"https:\/\/ubanews.com\/site\/author\/sodre\/\"}]}<\/script>\n<!-- \/ Yoast SEO plugin. -->","yoast_head_json":{"title":"PCMG prende quatro pessoas e apreende 700 pinos de coca\u00edna em Ub\u00e1 - Ub\u00e1 News","robots":{"index":"index","follow":"follow","max-snippet":"max-snippet:-1","max-image-preview":"max-image-preview:large","max-video-preview":"max-video-preview:-1"},"canonical":"https:\/\/ubanews.com\/site\/2023\/10\/27\/pcmg-prende-quatro-pessoas-e-apreende-700-pinos-de-cocaina-em-uba\/","og_locale":"pt_BR","og_type":"article","og_title":"PCMG prende quatro pessoas e apreende 700 pinos de coca\u00edna em Ub\u00e1 - Ub\u00e1 News","og_description":"Um dos suspeitos \u00e9 investigado por envolvimento em um homic\u00eddio","og_url":"https:\/\/ubanews.com\/site\/2023\/10\/27\/pcmg-prende-quatro-pessoas-e-apreende-700-pinos-de-cocaina-em-uba\/","og_site_name":"Ub\u00e1 News","article_publisher":"https:\/\/www.facebook.com\/Ub%c3%a1News-Carlos-Roberto-Sodr%c3%a9-418778301977370","article_published_time":"2023-10-27T21:30:03+00:00","og_image":[{"url":"http:\/\/ubanews.com\/site\/wp-content\/uploads\/2023\/10\/WhatsApp-Image-2023-10-27-at-15.47.08-300x197.jpeg","type":"","width":"","height":""}],"author":"Carlos Roberto Sodr\u00e9","twitter_card":"summary_large_image","twitter_misc":{"Escrito por":"Carlos Roberto Sodr\u00e9","Est. tempo de leitura":"2 minutos"},"schema":{"@context":"https:\/\/schema.org","@graph":[{"@type":"Article","@id":"https:\/\/ubanews.com\/site\/2023\/10\/27\/pcmg-prende-quatro-pessoas-e-apreende-700-pinos-de-cocaina-em-uba\/#article","isPartOf":{"@id":"https:\/\/ubanews.com\/site\/2023\/10\/27\/pcmg-prende-quatro-pessoas-e-apreende-700-pinos-de-cocaina-em-uba\/"},"author":{"name":"Carlos Roberto Sodr\u00e9","@id":"https:\/\/ubanews.com\/site\/#\/schema\/person\/9d8da9ec3c8d00640ab6e8c81e103310"},"headline":"PCMG prende quatro pessoas e apreende 700 pinos de coca\u00edna em Ub\u00e1","datePublished":"2023-10-27T21:30:03+00:00","mainEntityOfPage":{"@id":"https:\/\/ubanews.com\/site\/2023\/10\/27\/pcmg-prende-quatro-pessoas-e-apreende-700-pinos-de-cocaina-em-uba\/"},"wordCount":286,"commentCount":0,"publisher":{"@id":"https:\/\/ubanews.com\/site\/#organization"},"image":{"@id":"https:\/\/ubanews.com\/site\/2023\/10\/27\/pcmg-prende-quatro-pessoas-e-apreende-700-pinos-de-cocaina-em-uba\/#primaryimage"},"thumbnailUrl":"http:\/\/ubanews.com\/site\/wp-content\/uploads\/2023\/10\/WhatsApp-Image-2023-10-27-at-15.47.08-300x197.jpeg","articleSection":["Geral"],"inLanguage":"pt-BR","potentialAction":[{"@type":"CommentAction","name":"Comment","target":["https:\/\/ubanews.com\/site\/2023\/10\/27\/pcmg-prende-quatro-pessoas-e-apreende-700-pinos-de-cocaina-em-uba\/#respond"]}]},{"@type":"WebPage","@id":"https:\/\/ubanews.com\/site\/2023\/10\/27\/pcmg-prende-quatro-pessoas-e-apreende-700-pinos-de-cocaina-em-uba\/","url":"https:\/\/ubanews.com\/site\/2023\/10\/27\/pcmg-prende-quatro-pessoas-e-apreende-700-pinos-de-cocaina-em-uba\/","name":"PCMG prende quatro pessoas e apreende 700 pinos de coca\u00edna em Ub\u00e1 - Ub\u00e1 News","isPartOf":{"@id":"https:\/\/ubanews.com\/site\/#website"},"primaryImageOfPage":{"@id":"https:\/\/ubanews.com\/site\/2023\/10\/27\/pcmg-prende-quatro-pessoas-e-apreende-700-pinos-de-cocaina-em-uba\/#primaryimage"},"image":{"@id":"https:\/\/ubanews.com\/site\/2023\/10\/27\/pcmg-prende-quatro-pessoas-e-apreende-700-pinos-de-cocaina-em-uba\/#primaryimage"},"thumbnailUrl":"http:\/\/ubanews.com\/site\/wp-content\/uploads\/2023\/10\/WhatsApp-Image-2023-10-27-at-15.47.08-300x197.jpeg","datePublished":"2023-10-27T21:30:03+00:00","breadcrumb":{"@id":"https:\/\/ubanews.com\/site\/2023\/10\/27\/pcmg-prende-quatro-pessoas-e-apreende-700-pinos-de-cocaina-em-uba\/#breadcrumb"},"inLanguage":"pt-BR","potentialAction":[{"@type":"ReadAction","target":["https:\/\/ubanews.com\/site\/2023\/10\/27\/pcmg-prende-quatro-pessoas-e-apreende-700-pinos-de-cocaina-em-uba\/"]}]},{"@type":"ImageObject","inLanguage":"pt-BR","@id":"https:\/\/ubanews.com\/site\/2023\/10\/27\/pcmg-prende-quatro-pessoas-e-apreende-700-pinos-de-cocaina-em-uba\/#primaryimage","url":"http:\/\/ubanews.com\/site\/wp-content\/uploads\/2023\/10\/WhatsApp-Image-2023-10-27-at-15.47.08-300x197.jpeg","contentUrl":"http:\/\/ubanews.com\/site\/wp-content\/uploads\/2023\/10\/WhatsApp-Image-2023-10-27-at-15.47.08-300x197.jpeg"},{"@type":"BreadcrumbList","@id":"https:\/\/ubanews.com\/site\/2023\/10\/27\/pcmg-prende-quatro-pessoas-e-apreende-700-pinos-de-cocaina-em-uba\/#breadcrumb","itemListElement":[{"@type":"ListItem","position":1,"name":"Home","item":"https:\/\/ubanews.com\/site\/"},{"@type":"ListItem","position":2,"name":"PCMG prende quatro pessoas e apreende 700 pinos de coca\u00edna em Ub\u00e1"}]},{"@type":"WebSite","@id":"https:\/\/ubanews.com\/site\/#website","url":"https:\/\/ubanews.com\/site\/","name":"Ub\u00e1 News","description":"","publisher":{"@id":"https:\/\/ubanews.com\/site\/#organization"},"potentialAction":[{"@type":"SearchAction","target":{"@type":"EntryPoint","urlTemplate":"https:\/\/ubanews.com\/site\/?s={search_term_string}"},"query-input":{"@type":"PropertyValueSpecification","valueRequired":true,"valueName":"search_term_string"}}],"inLanguage":"pt-BR"},{"@type":"Organization","@id":"https:\/\/ubanews.com\/site\/#organization","name":"Ub\u00e1 News","url":"https:\/\/ubanews.com\/site\/","logo":{"@type":"ImageObject","inLanguage":"pt-BR","@id":"https:\/\/ubanews.com\/site\/#\/schema\/logo\/image\/","url":"https:\/\/ubanews.com\/site\/wp-content\/uploads\/2018\/01\/logoubanews.png","contentUrl":"https:\/\/ubanews.com\/site\/wp-content\/uploads\/2018\/01\/logoubanews.png","width":261,"height":99,"caption":"Ub\u00e1 News"},"image":{"@id":"https:\/\/ubanews.com\/site\/#\/schema\/logo\/image\/"},"sameAs":["https:\/\/www.facebook.com\/Ub\u00e1News-Carlos-Roberto-Sodr\u00e9-418778301977370"]},{"@type":"Person","@id":"https:\/\/ubanews.com\/site\/#\/schema\/person\/9d8da9ec3c8d00640ab6e8c81e103310","name":"Carlos Roberto Sodr\u00e9","image":{"@type":"ImageObject","inLanguage":"pt-BR","@id":"https:\/\/secure.gravatar.com\/avatar\/aab322e8555b56c468614fafdab8a8f924e394cdc6cfd8232f77e9e4d123a133?s=96&d=mm&r=g","url":"https:\/\/secure.gravatar.com\/avatar\/aab322e8555b56c468614fafdab8a8f924e394cdc6cfd8232f77e9e4d123a133?s=96&d=mm&r=g","contentUrl":"https:\/\/secure.gravatar.com\/avatar\/aab322e8555b56c468614fafdab8a8f924e394cdc6cfd8232f77e9e4d123a133?s=96&d=mm&r=g","caption":"Carlos Roberto Sodr\u00e9"},"url":"https:\/\/ubanews.com\/site\/author\/sodre\/"}]}},"_links":{"self":[{"href":"https:\/\/ubanews.com\/site\/wp-json\/wp\/v2\/posts\/22284","targetHints":{"allow":["GET"]}}],"collection":[{"href":"https:\/\/ubanews.com\/site\/wp-json\/wp\/v2\/posts"}],"about":[{"href":"https:\/\/ubanews.com\/site\/wp-json\/wp\/v2\/types\/post"}],"author":[{"embeddable":true,"href":"https:\/\/ubanews.com\/site\/wp-json\/wp\/v2\/users\/4"}],"replies":[{"embeddable":true,"href":"https:\/\/ubanews.com\/site\/wp-json\/wp\/v2\/comments?post=22284"}],"version-history":[{"count":0,"href":"https:\/\/ubanews.com\/site\/wp-json\/wp\/v2\/posts\/22284\/revisions"}],"wp:attachment":[{"href":"https:\/\/ubanews.com\/site\/wp-json\/wp\/v2\/media?parent=22284"}],"wp:term":[{"taxonomy":"category","embeddable":true,"href":"https:\/\/ubanews.com\/site\/wp-json\/wp\/v2\/categories?post=22284"},{"taxonomy":"post_tag","embeddable":true,"href":"https:\/\/ubanews.com\/site\/wp-json\/wp\/v2\/tags?post=22284"}],"curies":[{"name":"wp","href":"https:\/\/api.w.org\/{rel}","templated":true}]}}