{"id":22247,"date":"2023-10-19T11:21:06","date_gmt":"2023-10-19T14:21:06","guid":{"rendered":"http:\/\/ubanews.com\/site\/?p=22247"},"modified":"2023-10-19T11:25:26","modified_gmt":"2023-10-19T14:25:26","slug":"pcmg-apreende-250kg-de-maconha-em-juiz-de-fora","status":"publish","type":"post","link":"https:\/\/ubanews.com\/site\/2023\/10\/19\/pcmg-apreende-250kg-de-maconha-em-juiz-de-fora\/","title":{"rendered":"PCMG apreende 250kg de maconha em Juiz de Fora"},"content":{"rendered":"<p>Uma mulher foi presa em flagrante.<\/p>\n<p>A Pol\u00edcia Civil de Minas Gerais (PCMG) deflagrou na noite dessa segunda-feira (16\/10) a opera\u00e7\u00e3o Checkout. Uma mulher de 48 anos foi presa em uma pousada no bairro Graminha onde foram localizados 250 quilos de maconha.<\/p>\n<p><img decoding=\"async\" class=\"aligncenter wp-image-22248 lazyload\" data-src=\"https:\/\/ubanews.com\/site\/wp-content\/uploads\/2023\/10\/WhatsApp-Image-2023-10-17-at-07.22.25-1-300x169.jpeg\" alt=\"\" width=\"552\" height=\"311\" data-srcset=\"https:\/\/ubanews.com\/site\/wp-content\/uploads\/2023\/10\/WhatsApp-Image-2023-10-17-at-07.22.25-1-300x169.jpeg 300w, https:\/\/ubanews.com\/site\/wp-content\/uploads\/2023\/10\/WhatsApp-Image-2023-10-17-at-07.22.25-1-1024x576.jpeg 1024w, https:\/\/ubanews.com\/site\/wp-content\/uploads\/2023\/10\/WhatsApp-Image-2023-10-17-at-07.22.25-1-768x432.jpeg 768w, https:\/\/ubanews.com\/site\/wp-content\/uploads\/2023\/10\/WhatsApp-Image-2023-10-17-at-07.22.25-1-1536x864.jpeg 1536w, https:\/\/ubanews.com\/site\/wp-content\/uploads\/2023\/10\/WhatsApp-Image-2023-10-17-at-07.22.25-1.jpeg 1600w\" data-sizes=\"(max-width: 552px) 100vw, 552px\" src=\"data:image\/svg+xml;base64,PHN2ZyB3aWR0aD0iMSIgaGVpZ2h0PSIxIiB4bWxucz0iaHR0cDovL3d3dy53My5vcmcvMjAwMC9zdmciPjwvc3ZnPg==\" style=\"--smush-placeholder-width: 552px; --smush-placeholder-aspect-ratio: 552\/311;\" \/><\/p>\n<p>A a\u00e7\u00e3o foi desencadeada pela For\u00e7a Tarefa de Combate ao Crime Organizado que chegou at\u00e9 o local a partir do compartilhamento de informa\u00e7\u00f5es, investiga\u00e7\u00f5es e rastreamento do tr\u00e1fico na Zona da Mata.<\/p>\n<p>A mulher foi presa e encaminhada ao Sistema Prisional.<\/p>\n<p>De acordo com o delegado respons\u00e1vel, M\u00e1rcio Rocha &#8221; As investiga\u00e7\u00f5es seguem em andamento para identificar os demais respons\u00e1veis pelas drogas apreendidas e seus destinat\u00e1rios.&#8221;<\/p>\n<p>As informa\u00e7\u00f5es s\u00e3o da ASCOM Quarto Departamento.<\/p>\n","protected":false},"excerpt":{"rendered":"<p>Uma mulher foi presa em flagrante. A Pol\u00edcia Civil de<\/p>\n","protected":false},"author":4,"featured_media":0,"comment_status":"open","ping_status":"open","sticky":false,"template":"","format":"standard","meta":{"footnotes":""},"categories":[1],"tags":[],"class_list":["post-22247","post","type-post","status-publish","format-standard","hentry","category-sem-categoria"],"yoast_head":"<!-- This site is optimized with the Yoast SEO plugin v27.2 - https:\/\/yoast.com\/product\/yoast-seo-wordpress\/ -->\n<title>PCMG apreende 250kg de maconha em Juiz de Fora - Ub\u00e1 News<\/title>\n<meta name=\"robots\" content=\"index, follow, max-snippet:-1, max-image-preview:large, max-video-preview:-1\" \/>\n<link rel=\"canonical\" href=\"https:\/\/ubanews.com\/site\/2023\/10\/19\/pcmg-apreende-250kg-de-maconha-em-juiz-de-fora\/\" \/>\n<meta property=\"og:locale\" content=\"pt_BR\" \/>\n<meta property=\"og:type\" content=\"article\" \/>\n<meta property=\"og:title\" content=\"PCMG apreende 250kg de maconha em Juiz de Fora - Ub\u00e1 News\" \/>\n<meta property=\"og:description\" content=\"Uma mulher foi presa em flagrante. A Pol\u00edcia Civil de\" \/>\n<meta property=\"og:url\" content=\"https:\/\/ubanews.com\/site\/2023\/10\/19\/pcmg-apreende-250kg-de-maconha-em-juiz-de-fora\/\" \/>\n<meta property=\"og:site_name\" content=\"Ub\u00e1 News\" \/>\n<meta property=\"article:publisher\" content=\"https:\/\/www.facebook.com\/Ub%c3%a1News-Carlos-Roberto-Sodr%c3%a9-418778301977370\" \/>\n<meta property=\"article:published_time\" content=\"2023-10-19T14:21:06+00:00\" \/>\n<meta property=\"article:modified_time\" content=\"2023-10-19T14:25:26+00:00\" \/>\n<meta property=\"og:image\" content=\"http:\/\/ubanews.com\/site\/wp-content\/uploads\/2023\/10\/WhatsApp-Image-2023-10-17-at-07.22.25-1-300x169.jpeg\" \/>\n<meta name=\"author\" content=\"Carlos Roberto Sodr\u00e9\" \/>\n<meta name=\"twitter:card\" content=\"summary_large_image\" \/>\n<meta name=\"twitter:label1\" content=\"Escrito por\" \/>\n\t<meta name=\"twitter:data1\" content=\"Carlos Roberto Sodr\u00e9\" \/>\n\t<meta name=\"twitter:label2\" content=\"Est. tempo de leitura\" \/>\n\t<meta name=\"twitter:data2\" content=\"1 minuto\" \/>\n<script type=\"application\/ld+json\" class=\"yoast-schema-graph\">{\"@context\":\"https:\/\/schema.org\",\"@graph\":[{\"@type\":\"Article\",\"@id\":\"https:\/\/ubanews.com\/site\/2023\/10\/19\/pcmg-apreende-250kg-de-maconha-em-juiz-de-fora\/#article\",\"isPartOf\":{\"@id\":\"https:\/\/ubanews.com\/site\/2023\/10\/19\/pcmg-apreende-250kg-de-maconha-em-juiz-de-fora\/\"},\"author\":{\"name\":\"Carlos Roberto Sodr\u00e9\",\"@id\":\"https:\/\/ubanews.com\/site\/#\/schema\/person\/9d8da9ec3c8d00640ab6e8c81e103310\"},\"headline\":\"PCMG apreende 250kg de maconha em Juiz de Fora\",\"datePublished\":\"2023-10-19T14:21:06+00:00\",\"dateModified\":\"2023-10-19T14:25:26+00:00\",\"mainEntityOfPage\":{\"@id\":\"https:\/\/ubanews.com\/site\/2023\/10\/19\/pcmg-apreende-250kg-de-maconha-em-juiz-de-fora\/\"},\"wordCount\":134,\"commentCount\":0,\"publisher\":{\"@id\":\"https:\/\/ubanews.com\/site\/#organization\"},\"image\":{\"@id\":\"https:\/\/ubanews.com\/site\/2023\/10\/19\/pcmg-apreende-250kg-de-maconha-em-juiz-de-fora\/#primaryimage\"},\"thumbnailUrl\":\"http:\/\/ubanews.com\/site\/wp-content\/uploads\/2023\/10\/WhatsApp-Image-2023-10-17-at-07.22.25-1-300x169.jpeg\",\"articleSection\":[\"Geral\"],\"inLanguage\":\"pt-BR\",\"potentialAction\":[{\"@type\":\"CommentAction\",\"name\":\"Comment\",\"target\":[\"https:\/\/ubanews.com\/site\/2023\/10\/19\/pcmg-apreende-250kg-de-maconha-em-juiz-de-fora\/#respond\"]}]},{\"@type\":\"WebPage\",\"@id\":\"https:\/\/ubanews.com\/site\/2023\/10\/19\/pcmg-apreende-250kg-de-maconha-em-juiz-de-fora\/\",\"url\":\"https:\/\/ubanews.com\/site\/2023\/10\/19\/pcmg-apreende-250kg-de-maconha-em-juiz-de-fora\/\",\"name\":\"PCMG apreende 250kg de maconha em Juiz de Fora - Ub\u00e1 News\",\"isPartOf\":{\"@id\":\"https:\/\/ubanews.com\/site\/#website\"},\"primaryImageOfPage\":{\"@id\":\"https:\/\/ubanews.com\/site\/2023\/10\/19\/pcmg-apreende-250kg-de-maconha-em-juiz-de-fora\/#primaryimage\"},\"image\":{\"@id\":\"https:\/\/ubanews.com\/site\/2023\/10\/19\/pcmg-apreende-250kg-de-maconha-em-juiz-de-fora\/#primaryimage\"},\"thumbnailUrl\":\"http:\/\/ubanews.com\/site\/wp-content\/uploads\/2023\/10\/WhatsApp-Image-2023-10-17-at-07.22.25-1-300x169.jpeg\",\"datePublished\":\"2023-10-19T14:21:06+00:00\",\"dateModified\":\"2023-10-19T14:25:26+00:00\",\"breadcrumb\":{\"@id\":\"https:\/\/ubanews.com\/site\/2023\/10\/19\/pcmg-apreende-250kg-de-maconha-em-juiz-de-fora\/#breadcrumb\"},\"inLanguage\":\"pt-BR\",\"potentialAction\":[{\"@type\":\"ReadAction\",\"target\":[\"https:\/\/ubanews.com\/site\/2023\/10\/19\/pcmg-apreende-250kg-de-maconha-em-juiz-de-fora\/\"]}]},{\"@type\":\"ImageObject\",\"inLanguage\":\"pt-BR\",\"@id\":\"https:\/\/ubanews.com\/site\/2023\/10\/19\/pcmg-apreende-250kg-de-maconha-em-juiz-de-fora\/#primaryimage\",\"url\":\"http:\/\/ubanews.com\/site\/wp-content\/uploads\/2023\/10\/WhatsApp-Image-2023-10-17-at-07.22.25-1-300x169.jpeg\",\"contentUrl\":\"http:\/\/ubanews.com\/site\/wp-content\/uploads\/2023\/10\/WhatsApp-Image-2023-10-17-at-07.22.25-1-300x169.jpeg\"},{\"@type\":\"BreadcrumbList\",\"@id\":\"https:\/\/ubanews.com\/site\/2023\/10\/19\/pcmg-apreende-250kg-de-maconha-em-juiz-de-fora\/#breadcrumb\",\"itemListElement\":[{\"@type\":\"ListItem\",\"position\":1,\"name\":\"Home\",\"item\":\"https:\/\/ubanews.com\/site\/\"},{\"@type\":\"ListItem\",\"position\":2,\"name\":\"PCMG apreende 250kg de maconha em Juiz de Fora\"}]},{\"@type\":\"WebSite\",\"@id\":\"https:\/\/ubanews.com\/site\/#website\",\"url\":\"https:\/\/ubanews.com\/site\/\",\"name\":\"Ub\u00e1 News\",\"description\":\"\",\"publisher\":{\"@id\":\"https:\/\/ubanews.com\/site\/#organization\"},\"potentialAction\":[{\"@type\":\"SearchAction\",\"target\":{\"@type\":\"EntryPoint\",\"urlTemplate\":\"https:\/\/ubanews.com\/site\/?s={search_term_string}\"},\"query-input\":{\"@type\":\"PropertyValueSpecification\",\"valueRequired\":true,\"valueName\":\"search_term_string\"}}],\"inLanguage\":\"pt-BR\"},{\"@type\":\"Organization\",\"@id\":\"https:\/\/ubanews.com\/site\/#organization\",\"name\":\"Ub\u00e1 News\",\"url\":\"https:\/\/ubanews.com\/site\/\",\"logo\":{\"@type\":\"ImageObject\",\"inLanguage\":\"pt-BR\",\"@id\":\"https:\/\/ubanews.com\/site\/#\/schema\/logo\/image\/\",\"url\":\"https:\/\/ubanews.com\/site\/wp-content\/uploads\/2018\/01\/logoubanews.png\",\"contentUrl\":\"https:\/\/ubanews.com\/site\/wp-content\/uploads\/2018\/01\/logoubanews.png\",\"width\":261,\"height\":99,\"caption\":\"Ub\u00e1 News\"},\"image\":{\"@id\":\"https:\/\/ubanews.com\/site\/#\/schema\/logo\/image\/\"},\"sameAs\":[\"https:\/\/www.facebook.com\/Ub\u00e1News-Carlos-Roberto-Sodr\u00e9-418778301977370\"]},{\"@type\":\"Person\",\"@id\":\"https:\/\/ubanews.com\/site\/#\/schema\/person\/9d8da9ec3c8d00640ab6e8c81e103310\",\"name\":\"Carlos Roberto Sodr\u00e9\",\"image\":{\"@type\":\"ImageObject\",\"inLanguage\":\"pt-BR\",\"@id\":\"https:\/\/secure.gravatar.com\/avatar\/aab322e8555b56c468614fafdab8a8f924e394cdc6cfd8232f77e9e4d123a133?s=96&d=mm&r=g\",\"url\":\"https:\/\/secure.gravatar.com\/avatar\/aab322e8555b56c468614fafdab8a8f924e394cdc6cfd8232f77e9e4d123a133?s=96&d=mm&r=g\",\"contentUrl\":\"https:\/\/secure.gravatar.com\/avatar\/aab322e8555b56c468614fafdab8a8f924e394cdc6cfd8232f77e9e4d123a133?s=96&d=mm&r=g\",\"caption\":\"Carlos Roberto Sodr\u00e9\"},\"url\":\"https:\/\/ubanews.com\/site\/author\/sodre\/\"}]}<\/script>\n<!-- \/ Yoast SEO plugin. -->","yoast_head_json":{"title":"PCMG apreende 250kg de maconha em Juiz de Fora - Ub\u00e1 News","robots":{"index":"index","follow":"follow","max-snippet":"max-snippet:-1","max-image-preview":"max-image-preview:large","max-video-preview":"max-video-preview:-1"},"canonical":"https:\/\/ubanews.com\/site\/2023\/10\/19\/pcmg-apreende-250kg-de-maconha-em-juiz-de-fora\/","og_locale":"pt_BR","og_type":"article","og_title":"PCMG apreende 250kg de maconha em Juiz de Fora - Ub\u00e1 News","og_description":"Uma mulher foi presa em flagrante. A Pol\u00edcia Civil de","og_url":"https:\/\/ubanews.com\/site\/2023\/10\/19\/pcmg-apreende-250kg-de-maconha-em-juiz-de-fora\/","og_site_name":"Ub\u00e1 News","article_publisher":"https:\/\/www.facebook.com\/Ub%c3%a1News-Carlos-Roberto-Sodr%c3%a9-418778301977370","article_published_time":"2023-10-19T14:21:06+00:00","article_modified_time":"2023-10-19T14:25:26+00:00","og_image":[{"url":"http:\/\/ubanews.com\/site\/wp-content\/uploads\/2023\/10\/WhatsApp-Image-2023-10-17-at-07.22.25-1-300x169.jpeg","type":"","width":"","height":""}],"author":"Carlos Roberto Sodr\u00e9","twitter_card":"summary_large_image","twitter_misc":{"Escrito por":"Carlos Roberto Sodr\u00e9","Est. tempo de leitura":"1 minuto"},"schema":{"@context":"https:\/\/schema.org","@graph":[{"@type":"Article","@id":"https:\/\/ubanews.com\/site\/2023\/10\/19\/pcmg-apreende-250kg-de-maconha-em-juiz-de-fora\/#article","isPartOf":{"@id":"https:\/\/ubanews.com\/site\/2023\/10\/19\/pcmg-apreende-250kg-de-maconha-em-juiz-de-fora\/"},"author":{"name":"Carlos Roberto Sodr\u00e9","@id":"https:\/\/ubanews.com\/site\/#\/schema\/person\/9d8da9ec3c8d00640ab6e8c81e103310"},"headline":"PCMG apreende 250kg de maconha em Juiz de Fora","datePublished":"2023-10-19T14:21:06+00:00","dateModified":"2023-10-19T14:25:26+00:00","mainEntityOfPage":{"@id":"https:\/\/ubanews.com\/site\/2023\/10\/19\/pcmg-apreende-250kg-de-maconha-em-juiz-de-fora\/"},"wordCount":134,"commentCount":0,"publisher":{"@id":"https:\/\/ubanews.com\/site\/#organization"},"image":{"@id":"https:\/\/ubanews.com\/site\/2023\/10\/19\/pcmg-apreende-250kg-de-maconha-em-juiz-de-fora\/#primaryimage"},"thumbnailUrl":"http:\/\/ubanews.com\/site\/wp-content\/uploads\/2023\/10\/WhatsApp-Image-2023-10-17-at-07.22.25-1-300x169.jpeg","articleSection":["Geral"],"inLanguage":"pt-BR","potentialAction":[{"@type":"CommentAction","name":"Comment","target":["https:\/\/ubanews.com\/site\/2023\/10\/19\/pcmg-apreende-250kg-de-maconha-em-juiz-de-fora\/#respond"]}]},{"@type":"WebPage","@id":"https:\/\/ubanews.com\/site\/2023\/10\/19\/pcmg-apreende-250kg-de-maconha-em-juiz-de-fora\/","url":"https:\/\/ubanews.com\/site\/2023\/10\/19\/pcmg-apreende-250kg-de-maconha-em-juiz-de-fora\/","name":"PCMG apreende 250kg de maconha em Juiz de Fora - Ub\u00e1 News","isPartOf":{"@id":"https:\/\/ubanews.com\/site\/#website"},"primaryImageOfPage":{"@id":"https:\/\/ubanews.com\/site\/2023\/10\/19\/pcmg-apreende-250kg-de-maconha-em-juiz-de-fora\/#primaryimage"},"image":{"@id":"https:\/\/ubanews.com\/site\/2023\/10\/19\/pcmg-apreende-250kg-de-maconha-em-juiz-de-fora\/#primaryimage"},"thumbnailUrl":"http:\/\/ubanews.com\/site\/wp-content\/uploads\/2023\/10\/WhatsApp-Image-2023-10-17-at-07.22.25-1-300x169.jpeg","datePublished":"2023-10-19T14:21:06+00:00","dateModified":"2023-10-19T14:25:26+00:00","breadcrumb":{"@id":"https:\/\/ubanews.com\/site\/2023\/10\/19\/pcmg-apreende-250kg-de-maconha-em-juiz-de-fora\/#breadcrumb"},"inLanguage":"pt-BR","potentialAction":[{"@type":"ReadAction","target":["https:\/\/ubanews.com\/site\/2023\/10\/19\/pcmg-apreende-250kg-de-maconha-em-juiz-de-fora\/"]}]},{"@type":"ImageObject","inLanguage":"pt-BR","@id":"https:\/\/ubanews.com\/site\/2023\/10\/19\/pcmg-apreende-250kg-de-maconha-em-juiz-de-fora\/#primaryimage","url":"http:\/\/ubanews.com\/site\/wp-content\/uploads\/2023\/10\/WhatsApp-Image-2023-10-17-at-07.22.25-1-300x169.jpeg","contentUrl":"http:\/\/ubanews.com\/site\/wp-content\/uploads\/2023\/10\/WhatsApp-Image-2023-10-17-at-07.22.25-1-300x169.jpeg"},{"@type":"BreadcrumbList","@id":"https:\/\/ubanews.com\/site\/2023\/10\/19\/pcmg-apreende-250kg-de-maconha-em-juiz-de-fora\/#breadcrumb","itemListElement":[{"@type":"ListItem","position":1,"name":"Home","item":"https:\/\/ubanews.com\/site\/"},{"@type":"ListItem","position":2,"name":"PCMG apreende 250kg de maconha em Juiz de Fora"}]},{"@type":"WebSite","@id":"https:\/\/ubanews.com\/site\/#website","url":"https:\/\/ubanews.com\/site\/","name":"Ub\u00e1 News","description":"","publisher":{"@id":"https:\/\/ubanews.com\/site\/#organization"},"potentialAction":[{"@type":"SearchAction","target":{"@type":"EntryPoint","urlTemplate":"https:\/\/ubanews.com\/site\/?s={search_term_string}"},"query-input":{"@type":"PropertyValueSpecification","valueRequired":true,"valueName":"search_term_string"}}],"inLanguage":"pt-BR"},{"@type":"Organization","@id":"https:\/\/ubanews.com\/site\/#organization","name":"Ub\u00e1 News","url":"https:\/\/ubanews.com\/site\/","logo":{"@type":"ImageObject","inLanguage":"pt-BR","@id":"https:\/\/ubanews.com\/site\/#\/schema\/logo\/image\/","url":"https:\/\/ubanews.com\/site\/wp-content\/uploads\/2018\/01\/logoubanews.png","contentUrl":"https:\/\/ubanews.com\/site\/wp-content\/uploads\/2018\/01\/logoubanews.png","width":261,"height":99,"caption":"Ub\u00e1 News"},"image":{"@id":"https:\/\/ubanews.com\/site\/#\/schema\/logo\/image\/"},"sameAs":["https:\/\/www.facebook.com\/Ub\u00e1News-Carlos-Roberto-Sodr\u00e9-418778301977370"]},{"@type":"Person","@id":"https:\/\/ubanews.com\/site\/#\/schema\/person\/9d8da9ec3c8d00640ab6e8c81e103310","name":"Carlos Roberto Sodr\u00e9","image":{"@type":"ImageObject","inLanguage":"pt-BR","@id":"https:\/\/secure.gravatar.com\/avatar\/aab322e8555b56c468614fafdab8a8f924e394cdc6cfd8232f77e9e4d123a133?s=96&d=mm&r=g","url":"https:\/\/secure.gravatar.com\/avatar\/aab322e8555b56c468614fafdab8a8f924e394cdc6cfd8232f77e9e4d123a133?s=96&d=mm&r=g","contentUrl":"https:\/\/secure.gravatar.com\/avatar\/aab322e8555b56c468614fafdab8a8f924e394cdc6cfd8232f77e9e4d123a133?s=96&d=mm&r=g","caption":"Carlos Roberto Sodr\u00e9"},"url":"https:\/\/ubanews.com\/site\/author\/sodre\/"}]}},"_links":{"self":[{"href":"https:\/\/ubanews.com\/site\/wp-json\/wp\/v2\/posts\/22247","targetHints":{"allow":["GET"]}}],"collection":[{"href":"https:\/\/ubanews.com\/site\/wp-json\/wp\/v2\/posts"}],"about":[{"href":"https:\/\/ubanews.com\/site\/wp-json\/wp\/v2\/types\/post"}],"author":[{"embeddable":true,"href":"https:\/\/ubanews.com\/site\/wp-json\/wp\/v2\/users\/4"}],"replies":[{"embeddable":true,"href":"https:\/\/ubanews.com\/site\/wp-json\/wp\/v2\/comments?post=22247"}],"version-history":[{"count":0,"href":"https:\/\/ubanews.com\/site\/wp-json\/wp\/v2\/posts\/22247\/revisions"}],"wp:attachment":[{"href":"https:\/\/ubanews.com\/site\/wp-json\/wp\/v2\/media?parent=22247"}],"wp:term":[{"taxonomy":"category","embeddable":true,"href":"https:\/\/ubanews.com\/site\/wp-json\/wp\/v2\/categories?post=22247"},{"taxonomy":"post_tag","embeddable":true,"href":"https:\/\/ubanews.com\/site\/wp-json\/wp\/v2\/tags?post=22247"}],"curies":[{"name":"wp","href":"https:\/\/api.w.org\/{rel}","templated":true}]}}