{"id":22217,"date":"2023-10-15T13:15:56","date_gmt":"2023-10-15T16:15:56","guid":{"rendered":"http:\/\/ubanews.com\/site\/?p=22217"},"modified":"2023-10-15T13:15:56","modified_gmt":"2023-10-15T16:15:56","slug":"festa-das-criancas-alegra-moradores-do-sao-joao-por-mais-um-ano","status":"publish","type":"post","link":"https:\/\/ubanews.com\/site\/2023\/10\/15\/festa-das-criancas-alegra-moradores-do-sao-joao-por-mais-um-ano\/","title":{"rendered":"Festa das crian\u00e7as alegra moradores do S\u00e3o Jo\u00e3o por mais um ano"},"content":{"rendered":"<p>Moradores se unem para celebrar a tradi\u00e7\u00e3o que une gera\u00e7\u00f5es desde 1998.<\/p>\n<p><img decoding=\"async\" class=\"aligncenter  wp-image-22186 lazyload\" data-src=\"https:\/\/ubanews.com\/site\/wp-content\/uploads\/2023\/10\/DSC1553-300x200.jpg\" alt=\"\" width=\"552\" height=\"368\" data-srcset=\"https:\/\/ubanews.com\/site\/wp-content\/uploads\/2023\/10\/DSC1553-300x200.jpg 300w, https:\/\/ubanews.com\/site\/wp-content\/uploads\/2023\/10\/DSC1553-1024x683.jpg 1024w, https:\/\/ubanews.com\/site\/wp-content\/uploads\/2023\/10\/DSC1553-768x512.jpg 768w, https:\/\/ubanews.com\/site\/wp-content\/uploads\/2023\/10\/DSC1553-1536x1024.jpg 1536w, https:\/\/ubanews.com\/site\/wp-content\/uploads\/2023\/10\/DSC1553-2048x1365.jpg 2048w, https:\/\/ubanews.com\/site\/wp-content\/uploads\/2023\/10\/DSC1553-1200x800.jpg 1200w, https:\/\/ubanews.com\/site\/wp-content\/uploads\/2023\/10\/DSC1553-120x80.jpg 120w\" data-sizes=\"(max-width: 552px) 100vw, 552px\" src=\"data:image\/svg+xml;base64,PHN2ZyB3aWR0aD0iMSIgaGVpZ2h0PSIxIiB4bWxucz0iaHR0cDovL3d3dy53My5vcmcvMjAwMC9zdmciPjwvc3ZnPg==\" style=\"--smush-placeholder-width: 552px; --smush-placeholder-aspect-ratio: 552\/368;\" \/><\/p>\n<p>Hoje, o bairro S\u00e3o Jo\u00e3o, em Ub\u00e1, testemunhou mais uma edi\u00e7\u00e3o da &#8220;Festa das Crian\u00e7as&#8221;, um evento que une a comunidade em uma celebra\u00e7\u00e3o de confraterniza\u00e7\u00e3o e divers\u00e3o. Realizada desde 1998, a festa \u00e9 uma tradi\u00e7\u00e3o amada pelos moradores, gra\u00e7as ao empenho da Associa\u00e7\u00e3o dos Moradores do Bairro S\u00e3o Jo\u00e3o, em parceria com a Associa\u00e7\u00e3o &#8220;D&#8217;m\u00e3os Dadas \u00e9 Bem Melhor&#8221;.<\/p>\n<p><img decoding=\"async\" class=\"aligncenter  wp-image-22190 lazyload\" data-src=\"https:\/\/ubanews.com\/site\/wp-content\/uploads\/2023\/10\/DSC1558-300x200.jpg\" alt=\"\" width=\"551\" height=\"367\" data-srcset=\"https:\/\/ubanews.com\/site\/wp-content\/uploads\/2023\/10\/DSC1558-300x200.jpg 300w, https:\/\/ubanews.com\/site\/wp-content\/uploads\/2023\/10\/DSC1558-1024x683.jpg 1024w, https:\/\/ubanews.com\/site\/wp-content\/uploads\/2023\/10\/DSC1558-768x512.jpg 768w, https:\/\/ubanews.com\/site\/wp-content\/uploads\/2023\/10\/DSC1558-1536x1024.jpg 1536w, https:\/\/ubanews.com\/site\/wp-content\/uploads\/2023\/10\/DSC1558-2048x1365.jpg 2048w, https:\/\/ubanews.com\/site\/wp-content\/uploads\/2023\/10\/DSC1558-1200x800.jpg 1200w, https:\/\/ubanews.com\/site\/wp-content\/uploads\/2023\/10\/DSC1558-120x80.jpg 120w\" data-sizes=\"(max-width: 551px) 100vw, 551px\" src=\"data:image\/svg+xml;base64,PHN2ZyB3aWR0aD0iMSIgaGVpZ2h0PSIxIiB4bWxucz0iaHR0cDovL3d3dy53My5vcmcvMjAwMC9zdmciPjwvc3ZnPg==\" style=\"--smush-placeholder-width: 551px; --smush-placeholder-aspect-ratio: 551\/367;\" \/><\/p>\n<p>Idealizada pelo carism\u00e1tico Paulinho Poeta, a &#8220;Festa das Crian\u00e7as&#8221; tem como objetivo central proporcionar momentos especiais de alegria e conv\u00edvio entre os moradores e suas crian\u00e7as. \u00c9 uma oportunidade para estreitar os la\u00e7os comunit\u00e1rios e criar mem\u00f3rias inesquec\u00edveis para os pequenos do bairro.<\/p>\n<p><img decoding=\"async\" class=\"aligncenter  wp-image-22208 lazyload\" data-src=\"https:\/\/ubanews.com\/site\/wp-content\/uploads\/2023\/10\/DSC1593-300x200.jpg\" alt=\"\" width=\"551\" height=\"367\" data-srcset=\"https:\/\/ubanews.com\/site\/wp-content\/uploads\/2023\/10\/DSC1593-300x200.jpg 300w, https:\/\/ubanews.com\/site\/wp-content\/uploads\/2023\/10\/DSC1593-1024x683.jpg 1024w, https:\/\/ubanews.com\/site\/wp-content\/uploads\/2023\/10\/DSC1593-768x512.jpg 768w, https:\/\/ubanews.com\/site\/wp-content\/uploads\/2023\/10\/DSC1593-1536x1024.jpg 1536w, https:\/\/ubanews.com\/site\/wp-content\/uploads\/2023\/10\/DSC1593-2048x1365.jpg 2048w, https:\/\/ubanews.com\/site\/wp-content\/uploads\/2023\/10\/DSC1593-1200x800.jpg 1200w, https:\/\/ubanews.com\/site\/wp-content\/uploads\/2023\/10\/DSC1593-120x80.jpg 120w\" data-sizes=\"(max-width: 551px) 100vw, 551px\" src=\"data:image\/svg+xml;base64,PHN2ZyB3aWR0aD0iMSIgaGVpZ2h0PSIxIiB4bWxucz0iaHR0cDovL3d3dy53My5vcmcvMjAwMC9zdmciPjwvc3ZnPg==\" style=\"--smush-placeholder-width: 551px; --smush-placeholder-aspect-ratio: 551\/367;\" \/> <img decoding=\"async\" class=\"aligncenter  wp-image-22207 lazyload\" data-src=\"https:\/\/ubanews.com\/site\/wp-content\/uploads\/2023\/10\/DSC1592-300x200.jpg\" alt=\"\" width=\"550\" height=\"366\" data-srcset=\"https:\/\/ubanews.com\/site\/wp-content\/uploads\/2023\/10\/DSC1592-300x200.jpg 300w, https:\/\/ubanews.com\/site\/wp-content\/uploads\/2023\/10\/DSC1592-1024x683.jpg 1024w, https:\/\/ubanews.com\/site\/wp-content\/uploads\/2023\/10\/DSC1592-768x512.jpg 768w, https:\/\/ubanews.com\/site\/wp-content\/uploads\/2023\/10\/DSC1592-1536x1024.jpg 1536w, https:\/\/ubanews.com\/site\/wp-content\/uploads\/2023\/10\/DSC1592-2048x1365.jpg 2048w, https:\/\/ubanews.com\/site\/wp-content\/uploads\/2023\/10\/DSC1592-1200x800.jpg 1200w, https:\/\/ubanews.com\/site\/wp-content\/uploads\/2023\/10\/DSC1592-120x80.jpg 120w\" data-sizes=\"(max-width: 550px) 100vw, 550px\" src=\"data:image\/svg+xml;base64,PHN2ZyB3aWR0aD0iMSIgaGVpZ2h0PSIxIiB4bWxucz0iaHR0cDovL3d3dy53My5vcmcvMjAwMC9zdmciPjwvc3ZnPg==\" style=\"--smush-placeholder-width: 550px; --smush-placeholder-aspect-ratio: 550\/366;\" \/> <img decoding=\"async\" class=\"aligncenter  wp-image-22206 lazyload\" data-src=\"https:\/\/ubanews.com\/site\/wp-content\/uploads\/2023\/10\/DSC1591-300x200.jpg\" alt=\"\" width=\"551\" height=\"367\" data-srcset=\"https:\/\/ubanews.com\/site\/wp-content\/uploads\/2023\/10\/DSC1591-300x200.jpg 300w, https:\/\/ubanews.com\/site\/wp-content\/uploads\/2023\/10\/DSC1591-1024x683.jpg 1024w, https:\/\/ubanews.com\/site\/wp-content\/uploads\/2023\/10\/DSC1591-768x512.jpg 768w, https:\/\/ubanews.com\/site\/wp-content\/uploads\/2023\/10\/DSC1591-1536x1024.jpg 1536w, https:\/\/ubanews.com\/site\/wp-content\/uploads\/2023\/10\/DSC1591-2048x1365.jpg 2048w, https:\/\/ubanews.com\/site\/wp-content\/uploads\/2023\/10\/DSC1591-1200x800.jpg 1200w, https:\/\/ubanews.com\/site\/wp-content\/uploads\/2023\/10\/DSC1591-120x80.jpg 120w\" data-sizes=\"(max-width: 551px) 100vw, 551px\" src=\"data:image\/svg+xml;base64,PHN2ZyB3aWR0aD0iMSIgaGVpZ2h0PSIxIiB4bWxucz0iaHR0cDovL3d3dy53My5vcmcvMjAwMC9zdmciPjwvc3ZnPg==\" style=\"--smush-placeholder-width: 551px; --smush-placeholder-aspect-ratio: 551\/367;\" \/><\/p>\n<p>Durante toda manh\u00e3, a rua Francisco da Costa Barros foi tomada por risos, m\u00fasica e atividades para crian\u00e7as de todas as idades. Desde brincadeiras tradicionais at\u00e9 pula-pula, piscina de bolinha, touro mec\u00e2nico, futebol de espuma e escorregador. N\u00e3o faltaram op\u00e7\u00f5es para entreter a garotada! Al\u00e9m disso, a festa contou com barracas de comida t\u00edpica e muitas del\u00edcias preparadas pelos moradores.<\/p>\n<p><img decoding=\"async\" class=\"aligncenter  wp-image-22187 lazyload\" data-src=\"https:\/\/ubanews.com\/site\/wp-content\/uploads\/2023\/10\/DSC1555-300x200.jpg\" alt=\"\" width=\"551\" height=\"367\" data-srcset=\"https:\/\/ubanews.com\/site\/wp-content\/uploads\/2023\/10\/DSC1555-300x200.jpg 300w, https:\/\/ubanews.com\/site\/wp-content\/uploads\/2023\/10\/DSC1555-1024x683.jpg 1024w, https:\/\/ubanews.com\/site\/wp-content\/uploads\/2023\/10\/DSC1555-768x512.jpg 768w, https:\/\/ubanews.com\/site\/wp-content\/uploads\/2023\/10\/DSC1555-1536x1024.jpg 1536w, https:\/\/ubanews.com\/site\/wp-content\/uploads\/2023\/10\/DSC1555-2048x1365.jpg 2048w, https:\/\/ubanews.com\/site\/wp-content\/uploads\/2023\/10\/DSC1555-1200x800.jpg 1200w, https:\/\/ubanews.com\/site\/wp-content\/uploads\/2023\/10\/DSC1555-120x80.jpg 120w\" data-sizes=\"(max-width: 551px) 100vw, 551px\" src=\"data:image\/svg+xml;base64,PHN2ZyB3aWR0aD0iMSIgaGVpZ2h0PSIxIiB4bWxucz0iaHR0cDovL3d3dy53My5vcmcvMjAwMC9zdmciPjwvc3ZnPg==\" style=\"--smush-placeholder-width: 551px; --smush-placeholder-aspect-ratio: 551\/367;\" \/> <img decoding=\"async\" class=\"aligncenter  wp-image-22196 lazyload\" data-src=\"https:\/\/ubanews.com\/site\/wp-content\/uploads\/2023\/10\/DSC1567-300x200.jpg\" alt=\"\" width=\"551\" height=\"367\" data-srcset=\"https:\/\/ubanews.com\/site\/wp-content\/uploads\/2023\/10\/DSC1567-300x200.jpg 300w, https:\/\/ubanews.com\/site\/wp-content\/uploads\/2023\/10\/DSC1567-1024x683.jpg 1024w, https:\/\/ubanews.com\/site\/wp-content\/uploads\/2023\/10\/DSC1567-768x512.jpg 768w, https:\/\/ubanews.com\/site\/wp-content\/uploads\/2023\/10\/DSC1567-1536x1024.jpg 1536w, https:\/\/ubanews.com\/site\/wp-content\/uploads\/2023\/10\/DSC1567-2048x1365.jpg 2048w, https:\/\/ubanews.com\/site\/wp-content\/uploads\/2023\/10\/DSC1567-1200x800.jpg 1200w, https:\/\/ubanews.com\/site\/wp-content\/uploads\/2023\/10\/DSC1567-120x80.jpg 120w\" data-sizes=\"(max-width: 551px) 100vw, 551px\" src=\"data:image\/svg+xml;base64,PHN2ZyB3aWR0aD0iMSIgaGVpZ2h0PSIxIiB4bWxucz0iaHR0cDovL3d3dy53My5vcmcvMjAwMC9zdmciPjwvc3ZnPg==\" style=\"--smush-placeholder-width: 551px; --smush-placeholder-aspect-ratio: 551\/367;\" \/> <img decoding=\"async\" class=\"aligncenter  wp-image-22209 lazyload\" data-src=\"https:\/\/ubanews.com\/site\/wp-content\/uploads\/2023\/10\/DSC1594-300x200.jpg\" alt=\"\" width=\"551\" height=\"367\" data-srcset=\"https:\/\/ubanews.com\/site\/wp-content\/uploads\/2023\/10\/DSC1594-300x200.jpg 300w, https:\/\/ubanews.com\/site\/wp-content\/uploads\/2023\/10\/DSC1594-1024x683.jpg 1024w, https:\/\/ubanews.com\/site\/wp-content\/uploads\/2023\/10\/DSC1594-768x512.jpg 768w, https:\/\/ubanews.com\/site\/wp-content\/uploads\/2023\/10\/DSC1594-1536x1024.jpg 1536w, https:\/\/ubanews.com\/site\/wp-content\/uploads\/2023\/10\/DSC1594-2048x1365.jpg 2048w, https:\/\/ubanews.com\/site\/wp-content\/uploads\/2023\/10\/DSC1594-1200x800.jpg 1200w, https:\/\/ubanews.com\/site\/wp-content\/uploads\/2023\/10\/DSC1594-120x80.jpg 120w\" data-sizes=\"(max-width: 551px) 100vw, 551px\" src=\"data:image\/svg+xml;base64,PHN2ZyB3aWR0aD0iMSIgaGVpZ2h0PSIxIiB4bWxucz0iaHR0cDovL3d3dy53My5vcmcvMjAwMC9zdmciPjwvc3ZnPg==\" style=\"--smush-placeholder-width: 551px; --smush-placeholder-aspect-ratio: 551\/367;\" \/><\/p>\n<p>A &#8220;Festa das Crian\u00e7as&#8221; \u00e9 verdadeiramente um exemplo de como a comunidade pode se unir para criar momentos memor\u00e1veis para as gera\u00e7\u00f5es presentes e futuras. A dedica\u00e7\u00e3o dos moradores e a lideran\u00e7a de Paulinho Poeta demonstram que o esp\u00edrito de uni\u00e3o e solidariedade continua vivo no cora\u00e7\u00e3o do bairro S\u00e3o Jo\u00e3o.<\/p>\n<p><img decoding=\"async\" class=\"aligncenter  wp-image-22188 lazyload\" data-src=\"https:\/\/ubanews.com\/site\/wp-content\/uploads\/2023\/10\/DSC1556-300x200.jpg\" alt=\"\" width=\"551\" height=\"367\" data-srcset=\"https:\/\/ubanews.com\/site\/wp-content\/uploads\/2023\/10\/DSC1556-300x200.jpg 300w, https:\/\/ubanews.com\/site\/wp-content\/uploads\/2023\/10\/DSC1556-1024x683.jpg 1024w, https:\/\/ubanews.com\/site\/wp-content\/uploads\/2023\/10\/DSC1556-768x512.jpg 768w, https:\/\/ubanews.com\/site\/wp-content\/uploads\/2023\/10\/DSC1556-1536x1024.jpg 1536w, https:\/\/ubanews.com\/site\/wp-content\/uploads\/2023\/10\/DSC1556-2048x1365.jpg 2048w, https:\/\/ubanews.com\/site\/wp-content\/uploads\/2023\/10\/DSC1556-1200x800.jpg 1200w, https:\/\/ubanews.com\/site\/wp-content\/uploads\/2023\/10\/DSC1556-120x80.jpg 120w\" data-sizes=\"(max-width: 551px) 100vw, 551px\" src=\"data:image\/svg+xml;base64,PHN2ZyB3aWR0aD0iMSIgaGVpZ2h0PSIxIiB4bWxucz0iaHR0cDovL3d3dy53My5vcmcvMjAwMC9zdmciPjwvc3ZnPg==\" style=\"--smush-placeholder-width: 551px; --smush-placeholder-aspect-ratio: 551\/367;\" \/> <img decoding=\"async\" class=\"aligncenter  wp-image-22191 lazyload\" data-src=\"https:\/\/ubanews.com\/site\/wp-content\/uploads\/2023\/10\/DSC1559-300x200.jpg\" alt=\"\" width=\"552\" height=\"368\" data-srcset=\"https:\/\/ubanews.com\/site\/wp-content\/uploads\/2023\/10\/DSC1559-300x200.jpg 300w, https:\/\/ubanews.com\/site\/wp-content\/uploads\/2023\/10\/DSC1559-1024x683.jpg 1024w, https:\/\/ubanews.com\/site\/wp-content\/uploads\/2023\/10\/DSC1559-768x512.jpg 768w, https:\/\/ubanews.com\/site\/wp-content\/uploads\/2023\/10\/DSC1559-1536x1024.jpg 1536w, https:\/\/ubanews.com\/site\/wp-content\/uploads\/2023\/10\/DSC1559-2048x1365.jpg 2048w, https:\/\/ubanews.com\/site\/wp-content\/uploads\/2023\/10\/DSC1559-1200x800.jpg 1200w, https:\/\/ubanews.com\/site\/wp-content\/uploads\/2023\/10\/DSC1559-120x80.jpg 120w\" data-sizes=\"(max-width: 552px) 100vw, 552px\" src=\"data:image\/svg+xml;base64,PHN2ZyB3aWR0aD0iMSIgaGVpZ2h0PSIxIiB4bWxucz0iaHR0cDovL3d3dy53My5vcmcvMjAwMC9zdmciPjwvc3ZnPg==\" style=\"--smush-placeholder-width: 552px; --smush-placeholder-aspect-ratio: 552\/368;\" \/> <img decoding=\"async\" class=\"aligncenter  wp-image-22192 lazyload\" data-src=\"https:\/\/ubanews.com\/site\/wp-content\/uploads\/2023\/10\/DSC1562-300x200.jpg\" alt=\"\" width=\"551\" height=\"367\" data-srcset=\"https:\/\/ubanews.com\/site\/wp-content\/uploads\/2023\/10\/DSC1562-300x200.jpg 300w, https:\/\/ubanews.com\/site\/wp-content\/uploads\/2023\/10\/DSC1562-1024x683.jpg 1024w, https:\/\/ubanews.com\/site\/wp-content\/uploads\/2023\/10\/DSC1562-768x512.jpg 768w, https:\/\/ubanews.com\/site\/wp-content\/uploads\/2023\/10\/DSC1562-1536x1024.jpg 1536w, https:\/\/ubanews.com\/site\/wp-content\/uploads\/2023\/10\/DSC1562-2048x1365.jpg 2048w, https:\/\/ubanews.com\/site\/wp-content\/uploads\/2023\/10\/DSC1562-1200x800.jpg 1200w, https:\/\/ubanews.com\/site\/wp-content\/uploads\/2023\/10\/DSC1562-120x80.jpg 120w\" data-sizes=\"(max-width: 551px) 100vw, 551px\" src=\"data:image\/svg+xml;base64,PHN2ZyB3aWR0aD0iMSIgaGVpZ2h0PSIxIiB4bWxucz0iaHR0cDovL3d3dy53My5vcmcvMjAwMC9zdmciPjwvc3ZnPg==\" style=\"--smush-placeholder-width: 551px; --smush-placeholder-aspect-ratio: 551\/367;\" \/> <img decoding=\"async\" class=\"aligncenter  wp-image-22193 lazyload\" data-src=\"https:\/\/ubanews.com\/site\/wp-content\/uploads\/2023\/10\/DSC1563-300x200.jpg\" alt=\"\" width=\"550\" height=\"366\" data-srcset=\"https:\/\/ubanews.com\/site\/wp-content\/uploads\/2023\/10\/DSC1563-300x200.jpg 300w, https:\/\/ubanews.com\/site\/wp-content\/uploads\/2023\/10\/DSC1563-1024x683.jpg 1024w, https:\/\/ubanews.com\/site\/wp-content\/uploads\/2023\/10\/DSC1563-768x512.jpg 768w, https:\/\/ubanews.com\/site\/wp-content\/uploads\/2023\/10\/DSC1563-1536x1024.jpg 1536w, https:\/\/ubanews.com\/site\/wp-content\/uploads\/2023\/10\/DSC1563-2048x1365.jpg 2048w, https:\/\/ubanews.com\/site\/wp-content\/uploads\/2023\/10\/DSC1563-1200x800.jpg 1200w, https:\/\/ubanews.com\/site\/wp-content\/uploads\/2023\/10\/DSC1563-120x80.jpg 120w\" data-sizes=\"(max-width: 550px) 100vw, 550px\" src=\"data:image\/svg+xml;base64,PHN2ZyB3aWR0aD0iMSIgaGVpZ2h0PSIxIiB4bWxucz0iaHR0cDovL3d3dy53My5vcmcvMjAwMC9zdmciPjwvc3ZnPg==\" style=\"--smush-placeholder-width: 550px; --smush-placeholder-aspect-ratio: 550\/366;\" \/> <img decoding=\"async\" class=\"aligncenter  wp-image-22194 lazyload\" data-src=\"https:\/\/ubanews.com\/site\/wp-content\/uploads\/2023\/10\/DSC1564-300x200.jpg\" alt=\"\" width=\"553\" height=\"368\" data-srcset=\"https:\/\/ubanews.com\/site\/wp-content\/uploads\/2023\/10\/DSC1564-300x200.jpg 300w, https:\/\/ubanews.com\/site\/wp-content\/uploads\/2023\/10\/DSC1564-1024x683.jpg 1024w, https:\/\/ubanews.com\/site\/wp-content\/uploads\/2023\/10\/DSC1564-768x512.jpg 768w, https:\/\/ubanews.com\/site\/wp-content\/uploads\/2023\/10\/DSC1564-1536x1024.jpg 1536w, https:\/\/ubanews.com\/site\/wp-content\/uploads\/2023\/10\/DSC1564-2048x1365.jpg 2048w, https:\/\/ubanews.com\/site\/wp-content\/uploads\/2023\/10\/DSC1564-1200x800.jpg 1200w, https:\/\/ubanews.com\/site\/wp-content\/uploads\/2023\/10\/DSC1564-120x80.jpg 120w\" data-sizes=\"(max-width: 553px) 100vw, 553px\" src=\"data:image\/svg+xml;base64,PHN2ZyB3aWR0aD0iMSIgaGVpZ2h0PSIxIiB4bWxucz0iaHR0cDovL3d3dy53My5vcmcvMjAwMC9zdmciPjwvc3ZnPg==\" style=\"--smush-placeholder-width: 553px; --smush-placeholder-aspect-ratio: 553\/368;\" \/> <img decoding=\"async\" class=\"aligncenter  wp-image-22195 lazyload\" data-src=\"https:\/\/ubanews.com\/site\/wp-content\/uploads\/2023\/10\/DSC1566-300x200.jpg\" alt=\"\" width=\"551\" height=\"367\" data-srcset=\"https:\/\/ubanews.com\/site\/wp-content\/uploads\/2023\/10\/DSC1566-300x200.jpg 300w, https:\/\/ubanews.com\/site\/wp-content\/uploads\/2023\/10\/DSC1566-1024x683.jpg 1024w, https:\/\/ubanews.com\/site\/wp-content\/uploads\/2023\/10\/DSC1566-768x512.jpg 768w, https:\/\/ubanews.com\/site\/wp-content\/uploads\/2023\/10\/DSC1566-1536x1024.jpg 1536w, https:\/\/ubanews.com\/site\/wp-content\/uploads\/2023\/10\/DSC1566-2048x1365.jpg 2048w, https:\/\/ubanews.com\/site\/wp-content\/uploads\/2023\/10\/DSC1566-1200x800.jpg 1200w, https:\/\/ubanews.com\/site\/wp-content\/uploads\/2023\/10\/DSC1566-120x80.jpg 120w\" data-sizes=\"(max-width: 551px) 100vw, 551px\" src=\"data:image\/svg+xml;base64,PHN2ZyB3aWR0aD0iMSIgaGVpZ2h0PSIxIiB4bWxucz0iaHR0cDovL3d3dy53My5vcmcvMjAwMC9zdmciPjwvc3ZnPg==\" style=\"--smush-placeholder-width: 551px; --smush-placeholder-aspect-ratio: 551\/367;\" \/> <img decoding=\"async\" class=\"aligncenter  wp-image-22197 lazyload\" data-src=\"https:\/\/ubanews.com\/site\/wp-content\/uploads\/2023\/10\/DSC1568-300x200.jpg\" alt=\"\" width=\"551\" height=\"367\" data-srcset=\"https:\/\/ubanews.com\/site\/wp-content\/uploads\/2023\/10\/DSC1568-300x200.jpg 300w, https:\/\/ubanews.com\/site\/wp-content\/uploads\/2023\/10\/DSC1568-1024x683.jpg 1024w, https:\/\/ubanews.com\/site\/wp-content\/uploads\/2023\/10\/DSC1568-768x512.jpg 768w, https:\/\/ubanews.com\/site\/wp-content\/uploads\/2023\/10\/DSC1568-1536x1024.jpg 1536w, https:\/\/ubanews.com\/site\/wp-content\/uploads\/2023\/10\/DSC1568-2048x1365.jpg 2048w, https:\/\/ubanews.com\/site\/wp-content\/uploads\/2023\/10\/DSC1568-1200x800.jpg 1200w, https:\/\/ubanews.com\/site\/wp-content\/uploads\/2023\/10\/DSC1568-120x80.jpg 120w\" data-sizes=\"(max-width: 551px) 100vw, 551px\" src=\"data:image\/svg+xml;base64,PHN2ZyB3aWR0aD0iMSIgaGVpZ2h0PSIxIiB4bWxucz0iaHR0cDovL3d3dy53My5vcmcvMjAwMC9zdmciPjwvc3ZnPg==\" style=\"--smush-placeholder-width: 551px; --smush-placeholder-aspect-ratio: 551\/367;\" \/> <img decoding=\"async\" class=\"aligncenter  wp-image-22198 lazyload\" data-src=\"https:\/\/ubanews.com\/site\/wp-content\/uploads\/2023\/10\/DSC1570-300x200.jpg\" alt=\"\" width=\"551\" height=\"367\" data-srcset=\"https:\/\/ubanews.com\/site\/wp-content\/uploads\/2023\/10\/DSC1570-300x200.jpg 300w, https:\/\/ubanews.com\/site\/wp-content\/uploads\/2023\/10\/DSC1570-1024x683.jpg 1024w, https:\/\/ubanews.com\/site\/wp-content\/uploads\/2023\/10\/DSC1570-768x512.jpg 768w, https:\/\/ubanews.com\/site\/wp-content\/uploads\/2023\/10\/DSC1570-1536x1024.jpg 1536w, https:\/\/ubanews.com\/site\/wp-content\/uploads\/2023\/10\/DSC1570-2048x1365.jpg 2048w, https:\/\/ubanews.com\/site\/wp-content\/uploads\/2023\/10\/DSC1570-1200x800.jpg 1200w, https:\/\/ubanews.com\/site\/wp-content\/uploads\/2023\/10\/DSC1570-120x80.jpg 120w\" data-sizes=\"(max-width: 551px) 100vw, 551px\" src=\"data:image\/svg+xml;base64,PHN2ZyB3aWR0aD0iMSIgaGVpZ2h0PSIxIiB4bWxucz0iaHR0cDovL3d3dy53My5vcmcvMjAwMC9zdmciPjwvc3ZnPg==\" style=\"--smush-placeholder-width: 551px; --smush-placeholder-aspect-ratio: 551\/367;\" \/> <img decoding=\"async\" class=\"aligncenter  wp-image-22199 lazyload\" data-src=\"https:\/\/ubanews.com\/site\/wp-content\/uploads\/2023\/10\/DSC1576-300x200.jpg\" alt=\"\" width=\"554\" height=\"370\" data-srcset=\"https:\/\/ubanews.com\/site\/wp-content\/uploads\/2023\/10\/DSC1576-300x200.jpg 300w, https:\/\/ubanews.com\/site\/wp-content\/uploads\/2023\/10\/DSC1576-1024x683.jpg 1024w, https:\/\/ubanews.com\/site\/wp-content\/uploads\/2023\/10\/DSC1576-768x512.jpg 768w, https:\/\/ubanews.com\/site\/wp-content\/uploads\/2023\/10\/DSC1576-1536x1024.jpg 1536w, https:\/\/ubanews.com\/site\/wp-content\/uploads\/2023\/10\/DSC1576-2048x1365.jpg 2048w, https:\/\/ubanews.com\/site\/wp-content\/uploads\/2023\/10\/DSC1576-1200x800.jpg 1200w, https:\/\/ubanews.com\/site\/wp-content\/uploads\/2023\/10\/DSC1576-120x80.jpg 120w\" data-sizes=\"(max-width: 554px) 100vw, 554px\" src=\"data:image\/svg+xml;base64,PHN2ZyB3aWR0aD0iMSIgaGVpZ2h0PSIxIiB4bWxucz0iaHR0cDovL3d3dy53My5vcmcvMjAwMC9zdmciPjwvc3ZnPg==\" style=\"--smush-placeholder-width: 554px; --smush-placeholder-aspect-ratio: 554\/370;\" \/> <img decoding=\"async\" class=\"aligncenter  wp-image-22200 lazyload\" data-src=\"https:\/\/ubanews.com\/site\/wp-content\/uploads\/2023\/10\/DSC1577-300x200.jpg\" alt=\"\" width=\"551\" height=\"368\" data-srcset=\"https:\/\/ubanews.com\/site\/wp-content\/uploads\/2023\/10\/DSC1577-300x200.jpg 300w, https:\/\/ubanews.com\/site\/wp-content\/uploads\/2023\/10\/DSC1577-1024x683.jpg 1024w, https:\/\/ubanews.com\/site\/wp-content\/uploads\/2023\/10\/DSC1577-768x512.jpg 768w, https:\/\/ubanews.com\/site\/wp-content\/uploads\/2023\/10\/DSC1577-1536x1024.jpg 1536w, https:\/\/ubanews.com\/site\/wp-content\/uploads\/2023\/10\/DSC1577-2048x1365.jpg 2048w, https:\/\/ubanews.com\/site\/wp-content\/uploads\/2023\/10\/DSC1577-1200x800.jpg 1200w, https:\/\/ubanews.com\/site\/wp-content\/uploads\/2023\/10\/DSC1577-120x80.jpg 120w\" data-sizes=\"(max-width: 551px) 100vw, 551px\" src=\"data:image\/svg+xml;base64,PHN2ZyB3aWR0aD0iMSIgaGVpZ2h0PSIxIiB4bWxucz0iaHR0cDovL3d3dy53My5vcmcvMjAwMC9zdmciPjwvc3ZnPg==\" style=\"--smush-placeholder-width: 551px; --smush-placeholder-aspect-ratio: 551\/368;\" \/> <img decoding=\"async\" class=\"aligncenter  wp-image-22201 lazyload\" data-src=\"https:\/\/ubanews.com\/site\/wp-content\/uploads\/2023\/10\/DSC1581-300x200.jpg\" alt=\"\" width=\"551\" height=\"367\" data-srcset=\"https:\/\/ubanews.com\/site\/wp-content\/uploads\/2023\/10\/DSC1581-300x200.jpg 300w, https:\/\/ubanews.com\/site\/wp-content\/uploads\/2023\/10\/DSC1581-1024x683.jpg 1024w, https:\/\/ubanews.com\/site\/wp-content\/uploads\/2023\/10\/DSC1581-768x512.jpg 768w, https:\/\/ubanews.com\/site\/wp-content\/uploads\/2023\/10\/DSC1581-1536x1024.jpg 1536w, https:\/\/ubanews.com\/site\/wp-content\/uploads\/2023\/10\/DSC1581-2048x1365.jpg 2048w, https:\/\/ubanews.com\/site\/wp-content\/uploads\/2023\/10\/DSC1581-1200x800.jpg 1200w, https:\/\/ubanews.com\/site\/wp-content\/uploads\/2023\/10\/DSC1581-120x80.jpg 120w\" data-sizes=\"(max-width: 551px) 100vw, 551px\" src=\"data:image\/svg+xml;base64,PHN2ZyB3aWR0aD0iMSIgaGVpZ2h0PSIxIiB4bWxucz0iaHR0cDovL3d3dy53My5vcmcvMjAwMC9zdmciPjwvc3ZnPg==\" style=\"--smush-placeholder-width: 551px; --smush-placeholder-aspect-ratio: 551\/367;\" \/> <img decoding=\"async\" class=\"aligncenter  wp-image-22202 lazyload\" data-src=\"https:\/\/ubanews.com\/site\/wp-content\/uploads\/2023\/10\/DSC1584-300x200.jpg\" alt=\"\" width=\"550\" height=\"366\" data-srcset=\"https:\/\/ubanews.com\/site\/wp-content\/uploads\/2023\/10\/DSC1584-300x200.jpg 300w, https:\/\/ubanews.com\/site\/wp-content\/uploads\/2023\/10\/DSC1584-1024x683.jpg 1024w, https:\/\/ubanews.com\/site\/wp-content\/uploads\/2023\/10\/DSC1584-768x512.jpg 768w, https:\/\/ubanews.com\/site\/wp-content\/uploads\/2023\/10\/DSC1584-1536x1024.jpg 1536w, https:\/\/ubanews.com\/site\/wp-content\/uploads\/2023\/10\/DSC1584-2048x1365.jpg 2048w, https:\/\/ubanews.com\/site\/wp-content\/uploads\/2023\/10\/DSC1584-1200x800.jpg 1200w, https:\/\/ubanews.com\/site\/wp-content\/uploads\/2023\/10\/DSC1584-120x80.jpg 120w\" data-sizes=\"(max-width: 550px) 100vw, 550px\" src=\"data:image\/svg+xml;base64,PHN2ZyB3aWR0aD0iMSIgaGVpZ2h0PSIxIiB4bWxucz0iaHR0cDovL3d3dy53My5vcmcvMjAwMC9zdmciPjwvc3ZnPg==\" style=\"--smush-placeholder-width: 550px; --smush-placeholder-aspect-ratio: 550\/366;\" \/> <img decoding=\"async\" class=\"aligncenter  wp-image-22203 lazyload\" data-src=\"https:\/\/ubanews.com\/site\/wp-content\/uploads\/2023\/10\/DSC1585-300x200.jpg\" alt=\"\" width=\"553\" height=\"368\" data-srcset=\"https:\/\/ubanews.com\/site\/wp-content\/uploads\/2023\/10\/DSC1585-300x200.jpg 300w, https:\/\/ubanews.com\/site\/wp-content\/uploads\/2023\/10\/DSC1585-1024x683.jpg 1024w, https:\/\/ubanews.com\/site\/wp-content\/uploads\/2023\/10\/DSC1585-768x512.jpg 768w, https:\/\/ubanews.com\/site\/wp-content\/uploads\/2023\/10\/DSC1585-1536x1024.jpg 1536w, https:\/\/ubanews.com\/site\/wp-content\/uploads\/2023\/10\/DSC1585-2048x1365.jpg 2048w, https:\/\/ubanews.com\/site\/wp-content\/uploads\/2023\/10\/DSC1585-1200x800.jpg 1200w, https:\/\/ubanews.com\/site\/wp-content\/uploads\/2023\/10\/DSC1585-120x80.jpg 120w\" data-sizes=\"(max-width: 553px) 100vw, 553px\" src=\"data:image\/svg+xml;base64,PHN2ZyB3aWR0aD0iMSIgaGVpZ2h0PSIxIiB4bWxucz0iaHR0cDovL3d3dy53My5vcmcvMjAwMC9zdmciPjwvc3ZnPg==\" style=\"--smush-placeholder-width: 553px; --smush-placeholder-aspect-ratio: 553\/368;\" \/> <img decoding=\"async\" class=\"aligncenter  wp-image-22204 lazyload\" data-src=\"https:\/\/ubanews.com\/site\/wp-content\/uploads\/2023\/10\/DSC1589-300x200.jpg\" alt=\"\" width=\"553\" height=\"368\" data-srcset=\"https:\/\/ubanews.com\/site\/wp-content\/uploads\/2023\/10\/DSC1589-300x200.jpg 300w, https:\/\/ubanews.com\/site\/wp-content\/uploads\/2023\/10\/DSC1589-1024x683.jpg 1024w, https:\/\/ubanews.com\/site\/wp-content\/uploads\/2023\/10\/DSC1589-768x512.jpg 768w, https:\/\/ubanews.com\/site\/wp-content\/uploads\/2023\/10\/DSC1589-1536x1024.jpg 1536w, https:\/\/ubanews.com\/site\/wp-content\/uploads\/2023\/10\/DSC1589-2048x1365.jpg 2048w, https:\/\/ubanews.com\/site\/wp-content\/uploads\/2023\/10\/DSC1589-1200x800.jpg 1200w, https:\/\/ubanews.com\/site\/wp-content\/uploads\/2023\/10\/DSC1589-120x80.jpg 120w\" data-sizes=\"(max-width: 553px) 100vw, 553px\" src=\"data:image\/svg+xml;base64,PHN2ZyB3aWR0aD0iMSIgaGVpZ2h0PSIxIiB4bWxucz0iaHR0cDovL3d3dy53My5vcmcvMjAwMC9zdmciPjwvc3ZnPg==\" style=\"--smush-placeholder-width: 553px; --smush-placeholder-aspect-ratio: 553\/368;\" \/> <img decoding=\"async\" class=\"aligncenter  wp-image-22205 lazyload\" data-src=\"https:\/\/ubanews.com\/site\/wp-content\/uploads\/2023\/10\/DSC1590-300x200.jpg\" alt=\"\" width=\"554\" height=\"369\" data-srcset=\"https:\/\/ubanews.com\/site\/wp-content\/uploads\/2023\/10\/DSC1590-300x200.jpg 300w, https:\/\/ubanews.com\/site\/wp-content\/uploads\/2023\/10\/DSC1590-1024x683.jpg 1024w, https:\/\/ubanews.com\/site\/wp-content\/uploads\/2023\/10\/DSC1590-768x512.jpg 768w, https:\/\/ubanews.com\/site\/wp-content\/uploads\/2023\/10\/DSC1590-1536x1024.jpg 1536w, https:\/\/ubanews.com\/site\/wp-content\/uploads\/2023\/10\/DSC1590-2048x1365.jpg 2048w, https:\/\/ubanews.com\/site\/wp-content\/uploads\/2023\/10\/DSC1590-1200x800.jpg 1200w, https:\/\/ubanews.com\/site\/wp-content\/uploads\/2023\/10\/DSC1590-120x80.jpg 120w\" data-sizes=\"(max-width: 554px) 100vw, 554px\" src=\"data:image\/svg+xml;base64,PHN2ZyB3aWR0aD0iMSIgaGVpZ2h0PSIxIiB4bWxucz0iaHR0cDovL3d3dy53My5vcmcvMjAwMC9zdmciPjwvc3ZnPg==\" style=\"--smush-placeholder-width: 554px; --smush-placeholder-aspect-ratio: 554\/369;\" \/> <img decoding=\"async\" class=\"aligncenter  wp-image-22210 lazyload\" data-src=\"https:\/\/ubanews.com\/site\/wp-content\/uploads\/2023\/10\/DSC1599-300x200.jpg\" alt=\"\" width=\"550\" height=\"367\" data-srcset=\"https:\/\/ubanews.com\/site\/wp-content\/uploads\/2023\/10\/DSC1599-300x200.jpg 300w, https:\/\/ubanews.com\/site\/wp-content\/uploads\/2023\/10\/DSC1599-1024x683.jpg 1024w, https:\/\/ubanews.com\/site\/wp-content\/uploads\/2023\/10\/DSC1599-768x512.jpg 768w, https:\/\/ubanews.com\/site\/wp-content\/uploads\/2023\/10\/DSC1599-1536x1024.jpg 1536w, https:\/\/ubanews.com\/site\/wp-content\/uploads\/2023\/10\/DSC1599-2048x1365.jpg 2048w, https:\/\/ubanews.com\/site\/wp-content\/uploads\/2023\/10\/DSC1599-1200x800.jpg 1200w, https:\/\/ubanews.com\/site\/wp-content\/uploads\/2023\/10\/DSC1599-120x80.jpg 120w\" data-sizes=\"(max-width: 550px) 100vw, 550px\" src=\"data:image\/svg+xml;base64,PHN2ZyB3aWR0aD0iMSIgaGVpZ2h0PSIxIiB4bWxucz0iaHR0cDovL3d3dy53My5vcmcvMjAwMC9zdmciPjwvc3ZnPg==\" style=\"--smush-placeholder-width: 550px; --smush-placeholder-aspect-ratio: 550\/367;\" \/> <img decoding=\"async\" class=\"aligncenter  wp-image-22211 lazyload\" data-src=\"https:\/\/ubanews.com\/site\/wp-content\/uploads\/2023\/10\/DSC1601-300x200.jpg\" alt=\"\" width=\"552\" height=\"368\" data-srcset=\"https:\/\/ubanews.com\/site\/wp-content\/uploads\/2023\/10\/DSC1601-300x200.jpg 300w, https:\/\/ubanews.com\/site\/wp-content\/uploads\/2023\/10\/DSC1601-1024x683.jpg 1024w, https:\/\/ubanews.com\/site\/wp-content\/uploads\/2023\/10\/DSC1601-768x512.jpg 768w, https:\/\/ubanews.com\/site\/wp-content\/uploads\/2023\/10\/DSC1601-1536x1024.jpg 1536w, https:\/\/ubanews.com\/site\/wp-content\/uploads\/2023\/10\/DSC1601-2048x1365.jpg 2048w, https:\/\/ubanews.com\/site\/wp-content\/uploads\/2023\/10\/DSC1601-1200x800.jpg 1200w, https:\/\/ubanews.com\/site\/wp-content\/uploads\/2023\/10\/DSC1601-120x80.jpg 120w\" data-sizes=\"(max-width: 552px) 100vw, 552px\" src=\"data:image\/svg+xml;base64,PHN2ZyB3aWR0aD0iMSIgaGVpZ2h0PSIxIiB4bWxucz0iaHR0cDovL3d3dy53My5vcmcvMjAwMC9zdmciPjwvc3ZnPg==\" style=\"--smush-placeholder-width: 552px; --smush-placeholder-aspect-ratio: 552\/368;\" \/> <img decoding=\"async\" class=\"aligncenter  wp-image-22212 lazyload\" data-src=\"https:\/\/ubanews.com\/site\/wp-content\/uploads\/2023\/10\/DSC1602-300x200.jpg\" alt=\"\" width=\"551\" height=\"367\" data-srcset=\"https:\/\/ubanews.com\/site\/wp-content\/uploads\/2023\/10\/DSC1602-300x200.jpg 300w, https:\/\/ubanews.com\/site\/wp-content\/uploads\/2023\/10\/DSC1602-1024x683.jpg 1024w, https:\/\/ubanews.com\/site\/wp-content\/uploads\/2023\/10\/DSC1602-768x512.jpg 768w, https:\/\/ubanews.com\/site\/wp-content\/uploads\/2023\/10\/DSC1602-1536x1024.jpg 1536w, https:\/\/ubanews.com\/site\/wp-content\/uploads\/2023\/10\/DSC1602-2048x1365.jpg 2048w, https:\/\/ubanews.com\/site\/wp-content\/uploads\/2023\/10\/DSC1602-1200x800.jpg 1200w, https:\/\/ubanews.com\/site\/wp-content\/uploads\/2023\/10\/DSC1602-120x80.jpg 120w\" data-sizes=\"(max-width: 551px) 100vw, 551px\" src=\"data:image\/svg+xml;base64,PHN2ZyB3aWR0aD0iMSIgaGVpZ2h0PSIxIiB4bWxucz0iaHR0cDovL3d3dy53My5vcmcvMjAwMC9zdmciPjwvc3ZnPg==\" style=\"--smush-placeholder-width: 551px; --smush-placeholder-aspect-ratio: 551\/367;\" \/> <img decoding=\"async\" class=\"aligncenter  wp-image-22213 lazyload\" data-src=\"https:\/\/ubanews.com\/site\/wp-content\/uploads\/2023\/10\/DSC1603-300x200.jpg\" alt=\"\" width=\"552\" height=\"368\" data-srcset=\"https:\/\/ubanews.com\/site\/wp-content\/uploads\/2023\/10\/DSC1603-300x200.jpg 300w, https:\/\/ubanews.com\/site\/wp-content\/uploads\/2023\/10\/DSC1603-1024x683.jpg 1024w, https:\/\/ubanews.com\/site\/wp-content\/uploads\/2023\/10\/DSC1603-768x512.jpg 768w, https:\/\/ubanews.com\/site\/wp-content\/uploads\/2023\/10\/DSC1603-1536x1024.jpg 1536w, https:\/\/ubanews.com\/site\/wp-content\/uploads\/2023\/10\/DSC1603-2048x1365.jpg 2048w, https:\/\/ubanews.com\/site\/wp-content\/uploads\/2023\/10\/DSC1603-1200x800.jpg 1200w, https:\/\/ubanews.com\/site\/wp-content\/uploads\/2023\/10\/DSC1603-120x80.jpg 120w\" data-sizes=\"(max-width: 552px) 100vw, 552px\" src=\"data:image\/svg+xml;base64,PHN2ZyB3aWR0aD0iMSIgaGVpZ2h0PSIxIiB4bWxucz0iaHR0cDovL3d3dy53My5vcmcvMjAwMC9zdmciPjwvc3ZnPg==\" style=\"--smush-placeholder-width: 552px; --smush-placeholder-aspect-ratio: 552\/368;\" \/> <img decoding=\"async\" class=\"aligncenter  wp-image-22214 lazyload\" data-src=\"https:\/\/ubanews.com\/site\/wp-content\/uploads\/2023\/10\/DSC1607-300x200.jpg\" alt=\"\" width=\"553\" height=\"368\" data-srcset=\"https:\/\/ubanews.com\/site\/wp-content\/uploads\/2023\/10\/DSC1607-300x200.jpg 300w, https:\/\/ubanews.com\/site\/wp-content\/uploads\/2023\/10\/DSC1607-1024x683.jpg 1024w, https:\/\/ubanews.com\/site\/wp-content\/uploads\/2023\/10\/DSC1607-768x512.jpg 768w, https:\/\/ubanews.com\/site\/wp-content\/uploads\/2023\/10\/DSC1607-1536x1024.jpg 1536w, https:\/\/ubanews.com\/site\/wp-content\/uploads\/2023\/10\/DSC1607-2048x1365.jpg 2048w, https:\/\/ubanews.com\/site\/wp-content\/uploads\/2023\/10\/DSC1607-1200x800.jpg 1200w, https:\/\/ubanews.com\/site\/wp-content\/uploads\/2023\/10\/DSC1607-120x80.jpg 120w\" data-sizes=\"(max-width: 553px) 100vw, 553px\" src=\"data:image\/svg+xml;base64,PHN2ZyB3aWR0aD0iMSIgaGVpZ2h0PSIxIiB4bWxucz0iaHR0cDovL3d3dy53My5vcmcvMjAwMC9zdmciPjwvc3ZnPg==\" style=\"--smush-placeholder-width: 553px; --smush-placeholder-aspect-ratio: 553\/368;\" \/> <img decoding=\"async\" class=\"aligncenter  wp-image-22216 lazyload\" data-src=\"https:\/\/ubanews.com\/site\/wp-content\/uploads\/2023\/10\/DSC1612-300x200.jpg\" alt=\"\" width=\"551\" height=\"367\" data-srcset=\"https:\/\/ubanews.com\/site\/wp-content\/uploads\/2023\/10\/DSC1612-300x200.jpg 300w, https:\/\/ubanews.com\/site\/wp-content\/uploads\/2023\/10\/DSC1612-1024x683.jpg 1024w, https:\/\/ubanews.com\/site\/wp-content\/uploads\/2023\/10\/DSC1612-768x512.jpg 768w, https:\/\/ubanews.com\/site\/wp-content\/uploads\/2023\/10\/DSC1612-1536x1024.jpg 1536w, https:\/\/ubanews.com\/site\/wp-content\/uploads\/2023\/10\/DSC1612-2048x1365.jpg 2048w, https:\/\/ubanews.com\/site\/wp-content\/uploads\/2023\/10\/DSC1612-1200x800.jpg 1200w, https:\/\/ubanews.com\/site\/wp-content\/uploads\/2023\/10\/DSC1612-120x80.jpg 120w\" data-sizes=\"(max-width: 551px) 100vw, 551px\" src=\"data:image\/svg+xml;base64,PHN2ZyB3aWR0aD0iMSIgaGVpZ2h0PSIxIiB4bWxucz0iaHR0cDovL3d3dy53My5vcmcvMjAwMC9zdmciPjwvc3ZnPg==\" style=\"--smush-placeholder-width: 551px; --smush-placeholder-aspect-ratio: 551\/367;\" \/><\/p>\n<p>Este evento n\u00e3o s\u00f3 celebra a inf\u00e2ncia, mas tamb\u00e9m ressalta a import\u00e2ncia da comunidade como um todo, mostrando que &#8220;D&#8217;m\u00e3os Dadas \u00e9 Bem Melhor&#8221;. Pegaram a refer\u00eancia?<br \/>\nParab\u00e9ns aos moradores do S\u00e3o Jo\u00e3o por mais um ano de sucesso na &#8220;Festa das Crian\u00e7as&#8221;. Que essa tradi\u00e7\u00e3o continue a iluminar o bairro com alegria e uni\u00e3o nos anos que vir\u00e3o.<\/p>\n","protected":false},"excerpt":{"rendered":"<p>Moradores se unem para celebrar a tradi\u00e7\u00e3o que une gera\u00e7\u00f5es<\/p>\n","protected":false},"author":4,"featured_media":0,"comment_status":"open","ping_status":"open","sticky":false,"template":"","format":"standard","meta":{"footnotes":""},"categories":[1],"tags":[],"class_list":["post-22217","post","type-post","status-publish","format-standard","hentry","category-sem-categoria"],"yoast_head":"<!-- This site is optimized with the Yoast SEO plugin v27.2 - https:\/\/yoast.com\/product\/yoast-seo-wordpress\/ -->\n<title>Festa das crian\u00e7as alegra moradores do S\u00e3o Jo\u00e3o por mais um ano - Ub\u00e1 News<\/title>\n<meta name=\"robots\" content=\"index, follow, max-snippet:-1, max-image-preview:large, max-video-preview:-1\" \/>\n<link rel=\"canonical\" href=\"https:\/\/ubanews.com\/site\/2023\/10\/15\/festa-das-criancas-alegra-moradores-do-sao-joao-por-mais-um-ano\/\" \/>\n<meta property=\"og:locale\" content=\"pt_BR\" \/>\n<meta property=\"og:type\" content=\"article\" \/>\n<meta property=\"og:title\" content=\"Festa das crian\u00e7as alegra moradores do S\u00e3o Jo\u00e3o por mais um ano - Ub\u00e1 News\" \/>\n<meta property=\"og:description\" content=\"Moradores se unem para celebrar a tradi\u00e7\u00e3o que une gera\u00e7\u00f5es\" \/>\n<meta property=\"og:url\" content=\"https:\/\/ubanews.com\/site\/2023\/10\/15\/festa-das-criancas-alegra-moradores-do-sao-joao-por-mais-um-ano\/\" \/>\n<meta property=\"og:site_name\" content=\"Ub\u00e1 News\" \/>\n<meta property=\"article:publisher\" content=\"https:\/\/www.facebook.com\/Ub%c3%a1News-Carlos-Roberto-Sodr%c3%a9-418778301977370\" \/>\n<meta property=\"article:published_time\" content=\"2023-10-15T16:15:56+00:00\" \/>\n<meta property=\"og:image\" content=\"http:\/\/ubanews.com\/site\/wp-content\/uploads\/2023\/10\/DSC1553-300x200.jpg\" \/>\n<meta name=\"author\" content=\"Carlos Roberto Sodr\u00e9\" \/>\n<meta name=\"twitter:card\" content=\"summary_large_image\" \/>\n<meta name=\"twitter:label1\" content=\"Escrito por\" \/>\n\t<meta name=\"twitter:data1\" content=\"Carlos Roberto Sodr\u00e9\" \/>\n\t<meta name=\"twitter:label2\" content=\"Est. tempo de leitura\" \/>\n\t<meta name=\"twitter:data2\" content=\"8 minutos\" \/>\n<script type=\"application\/ld+json\" class=\"yoast-schema-graph\">{\"@context\":\"https:\/\/schema.org\",\"@graph\":[{\"@type\":\"Article\",\"@id\":\"https:\/\/ubanews.com\/site\/2023\/10\/15\/festa-das-criancas-alegra-moradores-do-sao-joao-por-mais-um-ano\/#article\",\"isPartOf\":{\"@id\":\"https:\/\/ubanews.com\/site\/2023\/10\/15\/festa-das-criancas-alegra-moradores-do-sao-joao-por-mais-um-ano\/\"},\"author\":{\"name\":\"Carlos Roberto Sodr\u00e9\",\"@id\":\"https:\/\/ubanews.com\/site\/#\/schema\/person\/9d8da9ec3c8d00640ab6e8c81e103310\"},\"headline\":\"Festa das crian\u00e7as alegra moradores do S\u00e3o Jo\u00e3o por mais um ano\",\"datePublished\":\"2023-10-15T16:15:56+00:00\",\"mainEntityOfPage\":{\"@id\":\"https:\/\/ubanews.com\/site\/2023\/10\/15\/festa-das-criancas-alegra-moradores-do-sao-joao-por-mais-um-ano\/\"},\"wordCount\":350,\"commentCount\":0,\"publisher\":{\"@id\":\"https:\/\/ubanews.com\/site\/#organization\"},\"image\":{\"@id\":\"https:\/\/ubanews.com\/site\/2023\/10\/15\/festa-das-criancas-alegra-moradores-do-sao-joao-por-mais-um-ano\/#primaryimage\"},\"thumbnailUrl\":\"http:\/\/ubanews.com\/site\/wp-content\/uploads\/2023\/10\/DSC1553-300x200.jpg\",\"articleSection\":[\"Geral\"],\"inLanguage\":\"pt-BR\",\"potentialAction\":[{\"@type\":\"CommentAction\",\"name\":\"Comment\",\"target\":[\"https:\/\/ubanews.com\/site\/2023\/10\/15\/festa-das-criancas-alegra-moradores-do-sao-joao-por-mais-um-ano\/#respond\"]}]},{\"@type\":\"WebPage\",\"@id\":\"https:\/\/ubanews.com\/site\/2023\/10\/15\/festa-das-criancas-alegra-moradores-do-sao-joao-por-mais-um-ano\/\",\"url\":\"https:\/\/ubanews.com\/site\/2023\/10\/15\/festa-das-criancas-alegra-moradores-do-sao-joao-por-mais-um-ano\/\",\"name\":\"Festa das crian\u00e7as alegra moradores do S\u00e3o Jo\u00e3o por mais um ano - Ub\u00e1 News\",\"isPartOf\":{\"@id\":\"https:\/\/ubanews.com\/site\/#website\"},\"primaryImageOfPage\":{\"@id\":\"https:\/\/ubanews.com\/site\/2023\/10\/15\/festa-das-criancas-alegra-moradores-do-sao-joao-por-mais-um-ano\/#primaryimage\"},\"image\":{\"@id\":\"https:\/\/ubanews.com\/site\/2023\/10\/15\/festa-das-criancas-alegra-moradores-do-sao-joao-por-mais-um-ano\/#primaryimage\"},\"thumbnailUrl\":\"http:\/\/ubanews.com\/site\/wp-content\/uploads\/2023\/10\/DSC1553-300x200.jpg\",\"datePublished\":\"2023-10-15T16:15:56+00:00\",\"breadcrumb\":{\"@id\":\"https:\/\/ubanews.com\/site\/2023\/10\/15\/festa-das-criancas-alegra-moradores-do-sao-joao-por-mais-um-ano\/#breadcrumb\"},\"inLanguage\":\"pt-BR\",\"potentialAction\":[{\"@type\":\"ReadAction\",\"target\":[\"https:\/\/ubanews.com\/site\/2023\/10\/15\/festa-das-criancas-alegra-moradores-do-sao-joao-por-mais-um-ano\/\"]}]},{\"@type\":\"ImageObject\",\"inLanguage\":\"pt-BR\",\"@id\":\"https:\/\/ubanews.com\/site\/2023\/10\/15\/festa-das-criancas-alegra-moradores-do-sao-joao-por-mais-um-ano\/#primaryimage\",\"url\":\"https:\/\/ubanews.com\/site\/wp-content\/uploads\/2023\/10\/DSC1553-scaled.jpg\",\"contentUrl\":\"https:\/\/ubanews.com\/site\/wp-content\/uploads\/2023\/10\/DSC1553-scaled.jpg\",\"width\":2560,\"height\":1707},{\"@type\":\"BreadcrumbList\",\"@id\":\"https:\/\/ubanews.com\/site\/2023\/10\/15\/festa-das-criancas-alegra-moradores-do-sao-joao-por-mais-um-ano\/#breadcrumb\",\"itemListElement\":[{\"@type\":\"ListItem\",\"position\":1,\"name\":\"Home\",\"item\":\"https:\/\/ubanews.com\/site\/\"},{\"@type\":\"ListItem\",\"position\":2,\"name\":\"Festa das crian\u00e7as alegra moradores do S\u00e3o Jo\u00e3o por mais um ano\"}]},{\"@type\":\"WebSite\",\"@id\":\"https:\/\/ubanews.com\/site\/#website\",\"url\":\"https:\/\/ubanews.com\/site\/\",\"name\":\"Ub\u00e1 News\",\"description\":\"\",\"publisher\":{\"@id\":\"https:\/\/ubanews.com\/site\/#organization\"},\"potentialAction\":[{\"@type\":\"SearchAction\",\"target\":{\"@type\":\"EntryPoint\",\"urlTemplate\":\"https:\/\/ubanews.com\/site\/?s={search_term_string}\"},\"query-input\":{\"@type\":\"PropertyValueSpecification\",\"valueRequired\":true,\"valueName\":\"search_term_string\"}}],\"inLanguage\":\"pt-BR\"},{\"@type\":\"Organization\",\"@id\":\"https:\/\/ubanews.com\/site\/#organization\",\"name\":\"Ub\u00e1 News\",\"url\":\"https:\/\/ubanews.com\/site\/\",\"logo\":{\"@type\":\"ImageObject\",\"inLanguage\":\"pt-BR\",\"@id\":\"https:\/\/ubanews.com\/site\/#\/schema\/logo\/image\/\",\"url\":\"https:\/\/ubanews.com\/site\/wp-content\/uploads\/2018\/01\/logoubanews.png\",\"contentUrl\":\"https:\/\/ubanews.com\/site\/wp-content\/uploads\/2018\/01\/logoubanews.png\",\"width\":261,\"height\":99,\"caption\":\"Ub\u00e1 News\"},\"image\":{\"@id\":\"https:\/\/ubanews.com\/site\/#\/schema\/logo\/image\/\"},\"sameAs\":[\"https:\/\/www.facebook.com\/Ub\u00e1News-Carlos-Roberto-Sodr\u00e9-418778301977370\"]},{\"@type\":\"Person\",\"@id\":\"https:\/\/ubanews.com\/site\/#\/schema\/person\/9d8da9ec3c8d00640ab6e8c81e103310\",\"name\":\"Carlos Roberto Sodr\u00e9\",\"image\":{\"@type\":\"ImageObject\",\"inLanguage\":\"pt-BR\",\"@id\":\"https:\/\/secure.gravatar.com\/avatar\/aab322e8555b56c468614fafdab8a8f924e394cdc6cfd8232f77e9e4d123a133?s=96&d=mm&r=g\",\"url\":\"https:\/\/secure.gravatar.com\/avatar\/aab322e8555b56c468614fafdab8a8f924e394cdc6cfd8232f77e9e4d123a133?s=96&d=mm&r=g\",\"contentUrl\":\"https:\/\/secure.gravatar.com\/avatar\/aab322e8555b56c468614fafdab8a8f924e394cdc6cfd8232f77e9e4d123a133?s=96&d=mm&r=g\",\"caption\":\"Carlos Roberto Sodr\u00e9\"},\"url\":\"https:\/\/ubanews.com\/site\/author\/sodre\/\"}]}<\/script>\n<!-- \/ Yoast SEO plugin. -->","yoast_head_json":{"title":"Festa das crian\u00e7as alegra moradores do S\u00e3o Jo\u00e3o por mais um ano - Ub\u00e1 News","robots":{"index":"index","follow":"follow","max-snippet":"max-snippet:-1","max-image-preview":"max-image-preview:large","max-video-preview":"max-video-preview:-1"},"canonical":"https:\/\/ubanews.com\/site\/2023\/10\/15\/festa-das-criancas-alegra-moradores-do-sao-joao-por-mais-um-ano\/","og_locale":"pt_BR","og_type":"article","og_title":"Festa das crian\u00e7as alegra moradores do S\u00e3o Jo\u00e3o por mais um ano - Ub\u00e1 News","og_description":"Moradores se unem para celebrar a tradi\u00e7\u00e3o que une gera\u00e7\u00f5es","og_url":"https:\/\/ubanews.com\/site\/2023\/10\/15\/festa-das-criancas-alegra-moradores-do-sao-joao-por-mais-um-ano\/","og_site_name":"Ub\u00e1 News","article_publisher":"https:\/\/www.facebook.com\/Ub%c3%a1News-Carlos-Roberto-Sodr%c3%a9-418778301977370","article_published_time":"2023-10-15T16:15:56+00:00","og_image":[{"url":"http:\/\/ubanews.com\/site\/wp-content\/uploads\/2023\/10\/DSC1553-300x200.jpg","type":"","width":"","height":""}],"author":"Carlos Roberto Sodr\u00e9","twitter_card":"summary_large_image","twitter_misc":{"Escrito por":"Carlos Roberto Sodr\u00e9","Est. tempo de leitura":"8 minutos"},"schema":{"@context":"https:\/\/schema.org","@graph":[{"@type":"Article","@id":"https:\/\/ubanews.com\/site\/2023\/10\/15\/festa-das-criancas-alegra-moradores-do-sao-joao-por-mais-um-ano\/#article","isPartOf":{"@id":"https:\/\/ubanews.com\/site\/2023\/10\/15\/festa-das-criancas-alegra-moradores-do-sao-joao-por-mais-um-ano\/"},"author":{"name":"Carlos Roberto Sodr\u00e9","@id":"https:\/\/ubanews.com\/site\/#\/schema\/person\/9d8da9ec3c8d00640ab6e8c81e103310"},"headline":"Festa das crian\u00e7as alegra moradores do S\u00e3o Jo\u00e3o por mais um ano","datePublished":"2023-10-15T16:15:56+00:00","mainEntityOfPage":{"@id":"https:\/\/ubanews.com\/site\/2023\/10\/15\/festa-das-criancas-alegra-moradores-do-sao-joao-por-mais-um-ano\/"},"wordCount":350,"commentCount":0,"publisher":{"@id":"https:\/\/ubanews.com\/site\/#organization"},"image":{"@id":"https:\/\/ubanews.com\/site\/2023\/10\/15\/festa-das-criancas-alegra-moradores-do-sao-joao-por-mais-um-ano\/#primaryimage"},"thumbnailUrl":"http:\/\/ubanews.com\/site\/wp-content\/uploads\/2023\/10\/DSC1553-300x200.jpg","articleSection":["Geral"],"inLanguage":"pt-BR","potentialAction":[{"@type":"CommentAction","name":"Comment","target":["https:\/\/ubanews.com\/site\/2023\/10\/15\/festa-das-criancas-alegra-moradores-do-sao-joao-por-mais-um-ano\/#respond"]}]},{"@type":"WebPage","@id":"https:\/\/ubanews.com\/site\/2023\/10\/15\/festa-das-criancas-alegra-moradores-do-sao-joao-por-mais-um-ano\/","url":"https:\/\/ubanews.com\/site\/2023\/10\/15\/festa-das-criancas-alegra-moradores-do-sao-joao-por-mais-um-ano\/","name":"Festa das crian\u00e7as alegra moradores do S\u00e3o Jo\u00e3o por mais um ano - Ub\u00e1 News","isPartOf":{"@id":"https:\/\/ubanews.com\/site\/#website"},"primaryImageOfPage":{"@id":"https:\/\/ubanews.com\/site\/2023\/10\/15\/festa-das-criancas-alegra-moradores-do-sao-joao-por-mais-um-ano\/#primaryimage"},"image":{"@id":"https:\/\/ubanews.com\/site\/2023\/10\/15\/festa-das-criancas-alegra-moradores-do-sao-joao-por-mais-um-ano\/#primaryimage"},"thumbnailUrl":"http:\/\/ubanews.com\/site\/wp-content\/uploads\/2023\/10\/DSC1553-300x200.jpg","datePublished":"2023-10-15T16:15:56+00:00","breadcrumb":{"@id":"https:\/\/ubanews.com\/site\/2023\/10\/15\/festa-das-criancas-alegra-moradores-do-sao-joao-por-mais-um-ano\/#breadcrumb"},"inLanguage":"pt-BR","potentialAction":[{"@type":"ReadAction","target":["https:\/\/ubanews.com\/site\/2023\/10\/15\/festa-das-criancas-alegra-moradores-do-sao-joao-por-mais-um-ano\/"]}]},{"@type":"ImageObject","inLanguage":"pt-BR","@id":"https:\/\/ubanews.com\/site\/2023\/10\/15\/festa-das-criancas-alegra-moradores-do-sao-joao-por-mais-um-ano\/#primaryimage","url":"https:\/\/ubanews.com\/site\/wp-content\/uploads\/2023\/10\/DSC1553-scaled.jpg","contentUrl":"https:\/\/ubanews.com\/site\/wp-content\/uploads\/2023\/10\/DSC1553-scaled.jpg","width":2560,"height":1707},{"@type":"BreadcrumbList","@id":"https:\/\/ubanews.com\/site\/2023\/10\/15\/festa-das-criancas-alegra-moradores-do-sao-joao-por-mais-um-ano\/#breadcrumb","itemListElement":[{"@type":"ListItem","position":1,"name":"Home","item":"https:\/\/ubanews.com\/site\/"},{"@type":"ListItem","position":2,"name":"Festa das crian\u00e7as alegra moradores do S\u00e3o Jo\u00e3o por mais um ano"}]},{"@type":"WebSite","@id":"https:\/\/ubanews.com\/site\/#website","url":"https:\/\/ubanews.com\/site\/","name":"Ub\u00e1 News","description":"","publisher":{"@id":"https:\/\/ubanews.com\/site\/#organization"},"potentialAction":[{"@type":"SearchAction","target":{"@type":"EntryPoint","urlTemplate":"https:\/\/ubanews.com\/site\/?s={search_term_string}"},"query-input":{"@type":"PropertyValueSpecification","valueRequired":true,"valueName":"search_term_string"}}],"inLanguage":"pt-BR"},{"@type":"Organization","@id":"https:\/\/ubanews.com\/site\/#organization","name":"Ub\u00e1 News","url":"https:\/\/ubanews.com\/site\/","logo":{"@type":"ImageObject","inLanguage":"pt-BR","@id":"https:\/\/ubanews.com\/site\/#\/schema\/logo\/image\/","url":"https:\/\/ubanews.com\/site\/wp-content\/uploads\/2018\/01\/logoubanews.png","contentUrl":"https:\/\/ubanews.com\/site\/wp-content\/uploads\/2018\/01\/logoubanews.png","width":261,"height":99,"caption":"Ub\u00e1 News"},"image":{"@id":"https:\/\/ubanews.com\/site\/#\/schema\/logo\/image\/"},"sameAs":["https:\/\/www.facebook.com\/Ub\u00e1News-Carlos-Roberto-Sodr\u00e9-418778301977370"]},{"@type":"Person","@id":"https:\/\/ubanews.com\/site\/#\/schema\/person\/9d8da9ec3c8d00640ab6e8c81e103310","name":"Carlos Roberto Sodr\u00e9","image":{"@type":"ImageObject","inLanguage":"pt-BR","@id":"https:\/\/secure.gravatar.com\/avatar\/aab322e8555b56c468614fafdab8a8f924e394cdc6cfd8232f77e9e4d123a133?s=96&d=mm&r=g","url":"https:\/\/secure.gravatar.com\/avatar\/aab322e8555b56c468614fafdab8a8f924e394cdc6cfd8232f77e9e4d123a133?s=96&d=mm&r=g","contentUrl":"https:\/\/secure.gravatar.com\/avatar\/aab322e8555b56c468614fafdab8a8f924e394cdc6cfd8232f77e9e4d123a133?s=96&d=mm&r=g","caption":"Carlos Roberto Sodr\u00e9"},"url":"https:\/\/ubanews.com\/site\/author\/sodre\/"}]}},"_links":{"self":[{"href":"https:\/\/ubanews.com\/site\/wp-json\/wp\/v2\/posts\/22217","targetHints":{"allow":["GET"]}}],"collection":[{"href":"https:\/\/ubanews.com\/site\/wp-json\/wp\/v2\/posts"}],"about":[{"href":"https:\/\/ubanews.com\/site\/wp-json\/wp\/v2\/types\/post"}],"author":[{"embeddable":true,"href":"https:\/\/ubanews.com\/site\/wp-json\/wp\/v2\/users\/4"}],"replies":[{"embeddable":true,"href":"https:\/\/ubanews.com\/site\/wp-json\/wp\/v2\/comments?post=22217"}],"version-history":[{"count":0,"href":"https:\/\/ubanews.com\/site\/wp-json\/wp\/v2\/posts\/22217\/revisions"}],"wp:attachment":[{"href":"https:\/\/ubanews.com\/site\/wp-json\/wp\/v2\/media?parent=22217"}],"wp:term":[{"taxonomy":"category","embeddable":true,"href":"https:\/\/ubanews.com\/site\/wp-json\/wp\/v2\/categories?post=22217"},{"taxonomy":"post_tag","embeddable":true,"href":"https:\/\/ubanews.com\/site\/wp-json\/wp\/v2\/tags?post=22217"}],"curies":[{"name":"wp","href":"https:\/\/api.w.org\/{rel}","templated":true}]}}