{"id":22182,"date":"2023-10-16T13:00:24","date_gmt":"2023-10-16T16:00:24","guid":{"rendered":"http:\/\/ubanews.com\/site\/?p=22182"},"modified":"2023-10-13T13:37:37","modified_gmt":"2023-10-13T16:37:37","slug":"acordo-coletivo-de-trabalho-estabelece-normas-para-o-comercio-que-funcionou-no-feriado-de-nossa-senhora-do-rosario","status":"publish","type":"post","link":"https:\/\/ubanews.com\/site\/2023\/10\/16\/acordo-coletivo-de-trabalho-estabelece-normas-para-o-comercio-que-funcionou-no-feriado-de-nossa-senhora-do-rosario\/","title":{"rendered":"Acordo Coletivo de Trabalho estabelece normas para o com\u00e9rcio que funcionou no feriado de Nossa Senhora do Ros\u00e1rio"},"content":{"rendered":"<p><img decoding=\"async\" class=\"aligncenter  wp-image-22181 lazyload\" data-src=\"https:\/\/ubanews.com\/site\/wp-content\/uploads\/2023\/10\/WhatsApp-Image-2023-10-13-at-13.35.33-300x164.jpeg\" alt=\"\" width=\"551\" height=\"301\" data-srcset=\"https:\/\/ubanews.com\/site\/wp-content\/uploads\/2023\/10\/WhatsApp-Image-2023-10-13-at-13.35.33-300x164.jpeg 300w, https:\/\/ubanews.com\/site\/wp-content\/uploads\/2023\/10\/WhatsApp-Image-2023-10-13-at-13.35.33.jpeg 768w\" data-sizes=\"(max-width: 551px) 100vw, 551px\" src=\"data:image\/svg+xml;base64,PHN2ZyB3aWR0aD0iMSIgaGVpZ2h0PSIxIiB4bWxucz0iaHR0cDovL3d3dy53My5vcmcvMjAwMC9zdmciPjwvc3ZnPg==\" style=\"--smush-placeholder-width: 551px; --smush-placeholder-aspect-ratio: 551\/301;\" \/><\/p>\n<p>Na \u00faltima semana, o Sindicato dos Empregados no Com\u00e9rcio Varejista e Atacadista de Cataguases e o Sindicato Patronal do Com\u00e9rcio Varejista e Atacadista da Zona da Mata celebraram um acordo coletivo de trabalho que traz benef\u00edcios significativos para os trabalhadores do com\u00e9rcio. O acordo, que abrange uma s\u00e9rie de pontos, \u00e9 valido para o dia 7 de outubro de 2023.<\/p>\n<p>De acordo com a cl\u00e1usula terceira, os funcion\u00e1rios do com\u00e9rcio que trabalharem neste dia ter\u00e3o direito a uma compensa\u00e7\u00e3o de um dia de folga a ser tirado nos pr\u00f3ximos 60 dias. Al\u00e9m disso, os empregados receber\u00e3o uma gratifica\u00e7\u00e3o de R$ 70,00 por dia trabalhado, a t\u00edtulo de alimenta\u00e7\u00e3o, sem que esse valor tenha natureza salarial. Esse pagamento ser\u00e1 efetuado junto com a folha de pagamento do m\u00eas referente ao feriado, proporcionando um incentivo adicional aos trabalhadores que se dedicarem nessa data especial.<\/p>\n<p>Outro ponto de destaque no acordo coletivo diz respeito \u00e0s penalidades em caso de descumprimento das disposi\u00e7\u00f5es acordadas. Conforme a cl\u00e1usula oitava, qualquer infra\u00e7\u00e3o ao acordo resultar\u00e1 em uma multa de R$ 400,00 por empregado e por infra\u00e7\u00e3o. Esta penalidade ser\u00e1 cumulativa no caso de infra\u00e7\u00f5es reiteradas, e o valor dever\u00e1 ser pago \u00e0 entidade sindical prontamente. O montante arrecadado com as multas ser\u00e1 dividido em partes iguais entre os empregados prejudicados, garantindo que os trabalhadores sejam protegidos em caso de descumprimento das obriga\u00e7\u00f5es por parte dos empregadores.<\/p>\n<p>Esse acordo coletivo de trabalho demonstra o compromisso do Sindicato dos Empregados no Com\u00e9rcio Varejista e Atacadista de Cataguases e do Sindicato Patronal do Com\u00e9rcio Varejista e Atacadista da Zona da Mata em promover um ambiente de trabalho justo e equilibrado para ambas as partes. A medida oferece benef\u00edcios tang\u00edveis aos trabalhadores, ao mesmo tempo em que estabelece san\u00e7\u00f5es rigorosas para garantir o cumprimento das cl\u00e1usulas acordadas. Com isso, a expectativa \u00e9 que a harmonia nas rela\u00e7\u00f5es de trabalho seja fortalecida e que todos os envolvidos colham os frutos dessa parceria.<\/p>\n","protected":false},"excerpt":{"rendered":"<p>Na \u00faltima semana, o Sindicato dos Empregados no Com\u00e9rcio Varejista<\/p>\n","protected":false},"author":4,"featured_media":0,"comment_status":"open","ping_status":"open","sticky":false,"template":"","format":"standard","meta":{"footnotes":""},"categories":[1],"tags":[],"class_list":["post-22182","post","type-post","status-publish","format-standard","hentry","category-sem-categoria"],"yoast_head":"<!-- This site is optimized with the Yoast SEO plugin v27.2 - https:\/\/yoast.com\/product\/yoast-seo-wordpress\/ -->\n<title>Acordo Coletivo de Trabalho estabelece normas para o com\u00e9rcio que funcionou no feriado de Nossa Senhora do Ros\u00e1rio - Ub\u00e1 News<\/title>\n<meta name=\"robots\" content=\"index, follow, max-snippet:-1, max-image-preview:large, max-video-preview:-1\" \/>\n<link rel=\"canonical\" href=\"https:\/\/ubanews.com\/site\/2023\/10\/16\/acordo-coletivo-de-trabalho-estabelece-normas-para-o-comercio-que-funcionou-no-feriado-de-nossa-senhora-do-rosario\/\" \/>\n<meta property=\"og:locale\" content=\"pt_BR\" \/>\n<meta property=\"og:type\" content=\"article\" \/>\n<meta property=\"og:title\" content=\"Acordo Coletivo de Trabalho estabelece normas para o com\u00e9rcio que funcionou no feriado de Nossa Senhora do Ros\u00e1rio - Ub\u00e1 News\" \/>\n<meta property=\"og:description\" content=\"Na \u00faltima semana, o Sindicato dos Empregados no Com\u00e9rcio Varejista\" \/>\n<meta property=\"og:url\" content=\"https:\/\/ubanews.com\/site\/2023\/10\/16\/acordo-coletivo-de-trabalho-estabelece-normas-para-o-comercio-que-funcionou-no-feriado-de-nossa-senhora-do-rosario\/\" \/>\n<meta property=\"og:site_name\" content=\"Ub\u00e1 News\" \/>\n<meta property=\"article:publisher\" content=\"https:\/\/www.facebook.com\/Ub%c3%a1News-Carlos-Roberto-Sodr%c3%a9-418778301977370\" \/>\n<meta property=\"article:published_time\" content=\"2023-10-16T16:00:24+00:00\" \/>\n<meta property=\"og:image\" content=\"http:\/\/ubanews.com\/site\/wp-content\/uploads\/2023\/10\/WhatsApp-Image-2023-10-13-at-13.35.33-300x164.jpeg\" \/>\n<meta name=\"author\" content=\"Carlos Roberto Sodr\u00e9\" \/>\n<meta name=\"twitter:card\" content=\"summary_large_image\" \/>\n<meta name=\"twitter:label1\" content=\"Escrito por\" \/>\n\t<meta name=\"twitter:data1\" content=\"Carlos Roberto Sodr\u00e9\" \/>\n\t<meta name=\"twitter:label2\" content=\"Est. tempo de leitura\" \/>\n\t<meta name=\"twitter:data2\" content=\"2 minutos\" \/>\n<script type=\"application\/ld+json\" class=\"yoast-schema-graph\">{\"@context\":\"https:\/\/schema.org\",\"@graph\":[{\"@type\":\"Article\",\"@id\":\"https:\/\/ubanews.com\/site\/2023\/10\/16\/acordo-coletivo-de-trabalho-estabelece-normas-para-o-comercio-que-funcionou-no-feriado-de-nossa-senhora-do-rosario\/#article\",\"isPartOf\":{\"@id\":\"https:\/\/ubanews.com\/site\/2023\/10\/16\/acordo-coletivo-de-trabalho-estabelece-normas-para-o-comercio-que-funcionou-no-feriado-de-nossa-senhora-do-rosario\/\"},\"author\":{\"name\":\"Carlos Roberto Sodr\u00e9\",\"@id\":\"https:\/\/ubanews.com\/site\/#\/schema\/person\/9d8da9ec3c8d00640ab6e8c81e103310\"},\"headline\":\"Acordo Coletivo de Trabalho estabelece normas para o com\u00e9rcio que funcionou no feriado de Nossa Senhora do Ros\u00e1rio\",\"datePublished\":\"2023-10-16T16:00:24+00:00\",\"mainEntityOfPage\":{\"@id\":\"https:\/\/ubanews.com\/site\/2023\/10\/16\/acordo-coletivo-de-trabalho-estabelece-normas-para-o-comercio-que-funcionou-no-feriado-de-nossa-senhora-do-rosario\/\"},\"wordCount\":363,\"commentCount\":0,\"publisher\":{\"@id\":\"https:\/\/ubanews.com\/site\/#organization\"},\"image\":{\"@id\":\"https:\/\/ubanews.com\/site\/2023\/10\/16\/acordo-coletivo-de-trabalho-estabelece-normas-para-o-comercio-que-funcionou-no-feriado-de-nossa-senhora-do-rosario\/#primaryimage\"},\"thumbnailUrl\":\"http:\/\/ubanews.com\/site\/wp-content\/uploads\/2023\/10\/WhatsApp-Image-2023-10-13-at-13.35.33-300x164.jpeg\",\"articleSection\":[\"Geral\"],\"inLanguage\":\"pt-BR\",\"potentialAction\":[{\"@type\":\"CommentAction\",\"name\":\"Comment\",\"target\":[\"https:\/\/ubanews.com\/site\/2023\/10\/16\/acordo-coletivo-de-trabalho-estabelece-normas-para-o-comercio-que-funcionou-no-feriado-de-nossa-senhora-do-rosario\/#respond\"]}]},{\"@type\":\"WebPage\",\"@id\":\"https:\/\/ubanews.com\/site\/2023\/10\/16\/acordo-coletivo-de-trabalho-estabelece-normas-para-o-comercio-que-funcionou-no-feriado-de-nossa-senhora-do-rosario\/\",\"url\":\"https:\/\/ubanews.com\/site\/2023\/10\/16\/acordo-coletivo-de-trabalho-estabelece-normas-para-o-comercio-que-funcionou-no-feriado-de-nossa-senhora-do-rosario\/\",\"name\":\"Acordo Coletivo de Trabalho estabelece normas para o com\u00e9rcio que funcionou no feriado de Nossa Senhora do Ros\u00e1rio - Ub\u00e1 News\",\"isPartOf\":{\"@id\":\"https:\/\/ubanews.com\/site\/#website\"},\"primaryImageOfPage\":{\"@id\":\"https:\/\/ubanews.com\/site\/2023\/10\/16\/acordo-coletivo-de-trabalho-estabelece-normas-para-o-comercio-que-funcionou-no-feriado-de-nossa-senhora-do-rosario\/#primaryimage\"},\"image\":{\"@id\":\"https:\/\/ubanews.com\/site\/2023\/10\/16\/acordo-coletivo-de-trabalho-estabelece-normas-para-o-comercio-que-funcionou-no-feriado-de-nossa-senhora-do-rosario\/#primaryimage\"},\"thumbnailUrl\":\"http:\/\/ubanews.com\/site\/wp-content\/uploads\/2023\/10\/WhatsApp-Image-2023-10-13-at-13.35.33-300x164.jpeg\",\"datePublished\":\"2023-10-16T16:00:24+00:00\",\"breadcrumb\":{\"@id\":\"https:\/\/ubanews.com\/site\/2023\/10\/16\/acordo-coletivo-de-trabalho-estabelece-normas-para-o-comercio-que-funcionou-no-feriado-de-nossa-senhora-do-rosario\/#breadcrumb\"},\"inLanguage\":\"pt-BR\",\"potentialAction\":[{\"@type\":\"ReadAction\",\"target\":[\"https:\/\/ubanews.com\/site\/2023\/10\/16\/acordo-coletivo-de-trabalho-estabelece-normas-para-o-comercio-que-funcionou-no-feriado-de-nossa-senhora-do-rosario\/\"]}]},{\"@type\":\"ImageObject\",\"inLanguage\":\"pt-BR\",\"@id\":\"https:\/\/ubanews.com\/site\/2023\/10\/16\/acordo-coletivo-de-trabalho-estabelece-normas-para-o-comercio-que-funcionou-no-feriado-de-nossa-senhora-do-rosario\/#primaryimage\",\"url\":\"http:\/\/ubanews.com\/site\/wp-content\/uploads\/2023\/10\/WhatsApp-Image-2023-10-13-at-13.35.33-300x164.jpeg\",\"contentUrl\":\"http:\/\/ubanews.com\/site\/wp-content\/uploads\/2023\/10\/WhatsApp-Image-2023-10-13-at-13.35.33-300x164.jpeg\"},{\"@type\":\"BreadcrumbList\",\"@id\":\"https:\/\/ubanews.com\/site\/2023\/10\/16\/acordo-coletivo-de-trabalho-estabelece-normas-para-o-comercio-que-funcionou-no-feriado-de-nossa-senhora-do-rosario\/#breadcrumb\",\"itemListElement\":[{\"@type\":\"ListItem\",\"position\":1,\"name\":\"Home\",\"item\":\"https:\/\/ubanews.com\/site\/\"},{\"@type\":\"ListItem\",\"position\":2,\"name\":\"Acordo Coletivo de Trabalho estabelece normas para o com\u00e9rcio que funcionou no feriado de Nossa Senhora do Ros\u00e1rio\"}]},{\"@type\":\"WebSite\",\"@id\":\"https:\/\/ubanews.com\/site\/#website\",\"url\":\"https:\/\/ubanews.com\/site\/\",\"name\":\"Ub\u00e1 News\",\"description\":\"\",\"publisher\":{\"@id\":\"https:\/\/ubanews.com\/site\/#organization\"},\"potentialAction\":[{\"@type\":\"SearchAction\",\"target\":{\"@type\":\"EntryPoint\",\"urlTemplate\":\"https:\/\/ubanews.com\/site\/?s={search_term_string}\"},\"query-input\":{\"@type\":\"PropertyValueSpecification\",\"valueRequired\":true,\"valueName\":\"search_term_string\"}}],\"inLanguage\":\"pt-BR\"},{\"@type\":\"Organization\",\"@id\":\"https:\/\/ubanews.com\/site\/#organization\",\"name\":\"Ub\u00e1 News\",\"url\":\"https:\/\/ubanews.com\/site\/\",\"logo\":{\"@type\":\"ImageObject\",\"inLanguage\":\"pt-BR\",\"@id\":\"https:\/\/ubanews.com\/site\/#\/schema\/logo\/image\/\",\"url\":\"https:\/\/ubanews.com\/site\/wp-content\/uploads\/2018\/01\/logoubanews.png\",\"contentUrl\":\"https:\/\/ubanews.com\/site\/wp-content\/uploads\/2018\/01\/logoubanews.png\",\"width\":261,\"height\":99,\"caption\":\"Ub\u00e1 News\"},\"image\":{\"@id\":\"https:\/\/ubanews.com\/site\/#\/schema\/logo\/image\/\"},\"sameAs\":[\"https:\/\/www.facebook.com\/Ub\u00e1News-Carlos-Roberto-Sodr\u00e9-418778301977370\"]},{\"@type\":\"Person\",\"@id\":\"https:\/\/ubanews.com\/site\/#\/schema\/person\/9d8da9ec3c8d00640ab6e8c81e103310\",\"name\":\"Carlos Roberto Sodr\u00e9\",\"image\":{\"@type\":\"ImageObject\",\"inLanguage\":\"pt-BR\",\"@id\":\"https:\/\/secure.gravatar.com\/avatar\/aab322e8555b56c468614fafdab8a8f924e394cdc6cfd8232f77e9e4d123a133?s=96&d=mm&r=g\",\"url\":\"https:\/\/secure.gravatar.com\/avatar\/aab322e8555b56c468614fafdab8a8f924e394cdc6cfd8232f77e9e4d123a133?s=96&d=mm&r=g\",\"contentUrl\":\"https:\/\/secure.gravatar.com\/avatar\/aab322e8555b56c468614fafdab8a8f924e394cdc6cfd8232f77e9e4d123a133?s=96&d=mm&r=g\",\"caption\":\"Carlos Roberto Sodr\u00e9\"},\"url\":\"https:\/\/ubanews.com\/site\/author\/sodre\/\"}]}<\/script>\n<!-- \/ Yoast SEO plugin. -->","yoast_head_json":{"title":"Acordo Coletivo de Trabalho estabelece normas para o com\u00e9rcio que funcionou no feriado de Nossa Senhora do Ros\u00e1rio - Ub\u00e1 News","robots":{"index":"index","follow":"follow","max-snippet":"max-snippet:-1","max-image-preview":"max-image-preview:large","max-video-preview":"max-video-preview:-1"},"canonical":"https:\/\/ubanews.com\/site\/2023\/10\/16\/acordo-coletivo-de-trabalho-estabelece-normas-para-o-comercio-que-funcionou-no-feriado-de-nossa-senhora-do-rosario\/","og_locale":"pt_BR","og_type":"article","og_title":"Acordo Coletivo de Trabalho estabelece normas para o com\u00e9rcio que funcionou no feriado de Nossa Senhora do Ros\u00e1rio - Ub\u00e1 News","og_description":"Na \u00faltima semana, o Sindicato dos Empregados no Com\u00e9rcio Varejista","og_url":"https:\/\/ubanews.com\/site\/2023\/10\/16\/acordo-coletivo-de-trabalho-estabelece-normas-para-o-comercio-que-funcionou-no-feriado-de-nossa-senhora-do-rosario\/","og_site_name":"Ub\u00e1 News","article_publisher":"https:\/\/www.facebook.com\/Ub%c3%a1News-Carlos-Roberto-Sodr%c3%a9-418778301977370","article_published_time":"2023-10-16T16:00:24+00:00","og_image":[{"url":"http:\/\/ubanews.com\/site\/wp-content\/uploads\/2023\/10\/WhatsApp-Image-2023-10-13-at-13.35.33-300x164.jpeg","type":"","width":"","height":""}],"author":"Carlos Roberto Sodr\u00e9","twitter_card":"summary_large_image","twitter_misc":{"Escrito por":"Carlos Roberto Sodr\u00e9","Est. tempo de leitura":"2 minutos"},"schema":{"@context":"https:\/\/schema.org","@graph":[{"@type":"Article","@id":"https:\/\/ubanews.com\/site\/2023\/10\/16\/acordo-coletivo-de-trabalho-estabelece-normas-para-o-comercio-que-funcionou-no-feriado-de-nossa-senhora-do-rosario\/#article","isPartOf":{"@id":"https:\/\/ubanews.com\/site\/2023\/10\/16\/acordo-coletivo-de-trabalho-estabelece-normas-para-o-comercio-que-funcionou-no-feriado-de-nossa-senhora-do-rosario\/"},"author":{"name":"Carlos Roberto Sodr\u00e9","@id":"https:\/\/ubanews.com\/site\/#\/schema\/person\/9d8da9ec3c8d00640ab6e8c81e103310"},"headline":"Acordo Coletivo de Trabalho estabelece normas para o com\u00e9rcio que funcionou no feriado de Nossa Senhora do Ros\u00e1rio","datePublished":"2023-10-16T16:00:24+00:00","mainEntityOfPage":{"@id":"https:\/\/ubanews.com\/site\/2023\/10\/16\/acordo-coletivo-de-trabalho-estabelece-normas-para-o-comercio-que-funcionou-no-feriado-de-nossa-senhora-do-rosario\/"},"wordCount":363,"commentCount":0,"publisher":{"@id":"https:\/\/ubanews.com\/site\/#organization"},"image":{"@id":"https:\/\/ubanews.com\/site\/2023\/10\/16\/acordo-coletivo-de-trabalho-estabelece-normas-para-o-comercio-que-funcionou-no-feriado-de-nossa-senhora-do-rosario\/#primaryimage"},"thumbnailUrl":"http:\/\/ubanews.com\/site\/wp-content\/uploads\/2023\/10\/WhatsApp-Image-2023-10-13-at-13.35.33-300x164.jpeg","articleSection":["Geral"],"inLanguage":"pt-BR","potentialAction":[{"@type":"CommentAction","name":"Comment","target":["https:\/\/ubanews.com\/site\/2023\/10\/16\/acordo-coletivo-de-trabalho-estabelece-normas-para-o-comercio-que-funcionou-no-feriado-de-nossa-senhora-do-rosario\/#respond"]}]},{"@type":"WebPage","@id":"https:\/\/ubanews.com\/site\/2023\/10\/16\/acordo-coletivo-de-trabalho-estabelece-normas-para-o-comercio-que-funcionou-no-feriado-de-nossa-senhora-do-rosario\/","url":"https:\/\/ubanews.com\/site\/2023\/10\/16\/acordo-coletivo-de-trabalho-estabelece-normas-para-o-comercio-que-funcionou-no-feriado-de-nossa-senhora-do-rosario\/","name":"Acordo Coletivo de Trabalho estabelece normas para o com\u00e9rcio que funcionou no feriado de Nossa Senhora do Ros\u00e1rio - Ub\u00e1 News","isPartOf":{"@id":"https:\/\/ubanews.com\/site\/#website"},"primaryImageOfPage":{"@id":"https:\/\/ubanews.com\/site\/2023\/10\/16\/acordo-coletivo-de-trabalho-estabelece-normas-para-o-comercio-que-funcionou-no-feriado-de-nossa-senhora-do-rosario\/#primaryimage"},"image":{"@id":"https:\/\/ubanews.com\/site\/2023\/10\/16\/acordo-coletivo-de-trabalho-estabelece-normas-para-o-comercio-que-funcionou-no-feriado-de-nossa-senhora-do-rosario\/#primaryimage"},"thumbnailUrl":"http:\/\/ubanews.com\/site\/wp-content\/uploads\/2023\/10\/WhatsApp-Image-2023-10-13-at-13.35.33-300x164.jpeg","datePublished":"2023-10-16T16:00:24+00:00","breadcrumb":{"@id":"https:\/\/ubanews.com\/site\/2023\/10\/16\/acordo-coletivo-de-trabalho-estabelece-normas-para-o-comercio-que-funcionou-no-feriado-de-nossa-senhora-do-rosario\/#breadcrumb"},"inLanguage":"pt-BR","potentialAction":[{"@type":"ReadAction","target":["https:\/\/ubanews.com\/site\/2023\/10\/16\/acordo-coletivo-de-trabalho-estabelece-normas-para-o-comercio-que-funcionou-no-feriado-de-nossa-senhora-do-rosario\/"]}]},{"@type":"ImageObject","inLanguage":"pt-BR","@id":"https:\/\/ubanews.com\/site\/2023\/10\/16\/acordo-coletivo-de-trabalho-estabelece-normas-para-o-comercio-que-funcionou-no-feriado-de-nossa-senhora-do-rosario\/#primaryimage","url":"http:\/\/ubanews.com\/site\/wp-content\/uploads\/2023\/10\/WhatsApp-Image-2023-10-13-at-13.35.33-300x164.jpeg","contentUrl":"http:\/\/ubanews.com\/site\/wp-content\/uploads\/2023\/10\/WhatsApp-Image-2023-10-13-at-13.35.33-300x164.jpeg"},{"@type":"BreadcrumbList","@id":"https:\/\/ubanews.com\/site\/2023\/10\/16\/acordo-coletivo-de-trabalho-estabelece-normas-para-o-comercio-que-funcionou-no-feriado-de-nossa-senhora-do-rosario\/#breadcrumb","itemListElement":[{"@type":"ListItem","position":1,"name":"Home","item":"https:\/\/ubanews.com\/site\/"},{"@type":"ListItem","position":2,"name":"Acordo Coletivo de Trabalho estabelece normas para o com\u00e9rcio que funcionou no feriado de Nossa Senhora do Ros\u00e1rio"}]},{"@type":"WebSite","@id":"https:\/\/ubanews.com\/site\/#website","url":"https:\/\/ubanews.com\/site\/","name":"Ub\u00e1 News","description":"","publisher":{"@id":"https:\/\/ubanews.com\/site\/#organization"},"potentialAction":[{"@type":"SearchAction","target":{"@type":"EntryPoint","urlTemplate":"https:\/\/ubanews.com\/site\/?s={search_term_string}"},"query-input":{"@type":"PropertyValueSpecification","valueRequired":true,"valueName":"search_term_string"}}],"inLanguage":"pt-BR"},{"@type":"Organization","@id":"https:\/\/ubanews.com\/site\/#organization","name":"Ub\u00e1 News","url":"https:\/\/ubanews.com\/site\/","logo":{"@type":"ImageObject","inLanguage":"pt-BR","@id":"https:\/\/ubanews.com\/site\/#\/schema\/logo\/image\/","url":"https:\/\/ubanews.com\/site\/wp-content\/uploads\/2018\/01\/logoubanews.png","contentUrl":"https:\/\/ubanews.com\/site\/wp-content\/uploads\/2018\/01\/logoubanews.png","width":261,"height":99,"caption":"Ub\u00e1 News"},"image":{"@id":"https:\/\/ubanews.com\/site\/#\/schema\/logo\/image\/"},"sameAs":["https:\/\/www.facebook.com\/Ub\u00e1News-Carlos-Roberto-Sodr\u00e9-418778301977370"]},{"@type":"Person","@id":"https:\/\/ubanews.com\/site\/#\/schema\/person\/9d8da9ec3c8d00640ab6e8c81e103310","name":"Carlos Roberto Sodr\u00e9","image":{"@type":"ImageObject","inLanguage":"pt-BR","@id":"https:\/\/secure.gravatar.com\/avatar\/aab322e8555b56c468614fafdab8a8f924e394cdc6cfd8232f77e9e4d123a133?s=96&d=mm&r=g","url":"https:\/\/secure.gravatar.com\/avatar\/aab322e8555b56c468614fafdab8a8f924e394cdc6cfd8232f77e9e4d123a133?s=96&d=mm&r=g","contentUrl":"https:\/\/secure.gravatar.com\/avatar\/aab322e8555b56c468614fafdab8a8f924e394cdc6cfd8232f77e9e4d123a133?s=96&d=mm&r=g","caption":"Carlos Roberto Sodr\u00e9"},"url":"https:\/\/ubanews.com\/site\/author\/sodre\/"}]}},"_links":{"self":[{"href":"https:\/\/ubanews.com\/site\/wp-json\/wp\/v2\/posts\/22182","targetHints":{"allow":["GET"]}}],"collection":[{"href":"https:\/\/ubanews.com\/site\/wp-json\/wp\/v2\/posts"}],"about":[{"href":"https:\/\/ubanews.com\/site\/wp-json\/wp\/v2\/types\/post"}],"author":[{"embeddable":true,"href":"https:\/\/ubanews.com\/site\/wp-json\/wp\/v2\/users\/4"}],"replies":[{"embeddable":true,"href":"https:\/\/ubanews.com\/site\/wp-json\/wp\/v2\/comments?post=22182"}],"version-history":[{"count":0,"href":"https:\/\/ubanews.com\/site\/wp-json\/wp\/v2\/posts\/22182\/revisions"}],"wp:attachment":[{"href":"https:\/\/ubanews.com\/site\/wp-json\/wp\/v2\/media?parent=22182"}],"wp:term":[{"taxonomy":"category","embeddable":true,"href":"https:\/\/ubanews.com\/site\/wp-json\/wp\/v2\/categories?post=22182"},{"taxonomy":"post_tag","embeddable":true,"href":"https:\/\/ubanews.com\/site\/wp-json\/wp\/v2\/tags?post=22182"}],"curies":[{"name":"wp","href":"https:\/\/api.w.org\/{rel}","templated":true}]}}