{"id":22180,"date":"2023-10-14T13:00:58","date_gmt":"2023-10-14T16:00:58","guid":{"rendered":"http:\/\/ubanews.com\/site\/?p=22180"},"modified":"2023-10-13T13:01:30","modified_gmt":"2023-10-13T16:01:30","slug":"inauguracao-da-praca-do-rosario-reforma-traz-espaco-de-inclusao-e-beleza","status":"publish","type":"post","link":"https:\/\/ubanews.com\/site\/2023\/10\/14\/inauguracao-da-praca-do-rosario-reforma-traz-espaco-de-inclusao-e-beleza\/","title":{"rendered":"Inaugura\u00e7\u00e3o da Pra\u00e7a do Ros\u00e1rio: Reforma traz espa\u00e7o de inclus\u00e3o e beleza"},"content":{"rendered":"<p>Uma nova era de beleza, inclus\u00e3o e conviv\u00eancia comunit\u00e1ria foi celebrada na cidade, com a inaugura\u00e7\u00e3o da reforma da Pra\u00e7a do Ros\u00e1rio. Localizada no cora\u00e7\u00e3o da cidade, a Pra\u00e7a do Ros\u00e1rio agora ostenta um visual deslumbrante e instala\u00e7\u00f5es que promovem a inclus\u00e3o.<\/p>\n<p><img decoding=\"async\" class=\"aligncenter wp-image-22130 lazyload\" data-src=\"https:\/\/ubanews.com\/site\/wp-content\/uploads\/2023\/10\/DSC1461-300x200.jpg\" alt=\"\" width=\"551\" height=\"367\" data-srcset=\"https:\/\/ubanews.com\/site\/wp-content\/uploads\/2023\/10\/DSC1461-300x200.jpg 300w, https:\/\/ubanews.com\/site\/wp-content\/uploads\/2023\/10\/DSC1461-1024x683.jpg 1024w, https:\/\/ubanews.com\/site\/wp-content\/uploads\/2023\/10\/DSC1461-768x512.jpg 768w, https:\/\/ubanews.com\/site\/wp-content\/uploads\/2023\/10\/DSC1461-1536x1024.jpg 1536w, https:\/\/ubanews.com\/site\/wp-content\/uploads\/2023\/10\/DSC1461-2048x1365.jpg 2048w, https:\/\/ubanews.com\/site\/wp-content\/uploads\/2023\/10\/DSC1461-1200x800.jpg 1200w, https:\/\/ubanews.com\/site\/wp-content\/uploads\/2023\/10\/DSC1461-120x80.jpg 120w\" data-sizes=\"(max-width: 551px) 100vw, 551px\" src=\"data:image\/svg+xml;base64,PHN2ZyB3aWR0aD0iMSIgaGVpZ2h0PSIxIiB4bWxucz0iaHR0cDovL3d3dy53My5vcmcvMjAwMC9zdmciPjwvc3ZnPg==\" style=\"--smush-placeholder-width: 551px; --smush-placeholder-aspect-ratio: 551\/367;\" \/><\/p>\n<p>A nova Pra\u00e7a do Ros\u00e1rio conta com um piso de bloquetes que proporciona um ambiente seguro e convidativo para todos os visitantes. Bancos novos foram cuidadosamente distribu\u00eddos pela pra\u00e7a, oferecendo um lugar acolhedor para os moradores e visitantes desfrutarem de momentos de relaxamento e socializa\u00e7\u00e3o.<\/p>\n<p>Uma das mudan\u00e7as mais significativas \u00e9 a adi\u00e7\u00e3o de um playground acess\u00edvel, projetado para crian\u00e7as cadeirantes. Este espa\u00e7o de divers\u00e3o foi constru\u00eddo com a inclus\u00e3o em mente, garantindo que todas as crian\u00e7as possam brincar e se divertir juntas.<\/p>\n<p><img decoding=\"async\" class=\"aligncenter wp-image-22128 lazyload\" data-src=\"https:\/\/ubanews.com\/site\/wp-content\/uploads\/2023\/10\/DSC1457-300x200.jpg\" alt=\"\" width=\"551\" height=\"367\" data-srcset=\"https:\/\/ubanews.com\/site\/wp-content\/uploads\/2023\/10\/DSC1457-300x200.jpg 300w, https:\/\/ubanews.com\/site\/wp-content\/uploads\/2023\/10\/DSC1457-1024x683.jpg 1024w, https:\/\/ubanews.com\/site\/wp-content\/uploads\/2023\/10\/DSC1457-768x512.jpg 768w, https:\/\/ubanews.com\/site\/wp-content\/uploads\/2023\/10\/DSC1457-1536x1024.jpg 1536w, https:\/\/ubanews.com\/site\/wp-content\/uploads\/2023\/10\/DSC1457-2048x1365.jpg 2048w, https:\/\/ubanews.com\/site\/wp-content\/uploads\/2023\/10\/DSC1457-1200x800.jpg 1200w, https:\/\/ubanews.com\/site\/wp-content\/uploads\/2023\/10\/DSC1457-120x80.jpg 120w\" data-sizes=\"(max-width: 551px) 100vw, 551px\" src=\"data:image\/svg+xml;base64,PHN2ZyB3aWR0aD0iMSIgaGVpZ2h0PSIxIiB4bWxucz0iaHR0cDovL3d3dy53My5vcmcvMjAwMC9zdmciPjwvc3ZnPg==\" style=\"--smush-placeholder-width: 551px; --smush-placeholder-aspect-ratio: 551\/367;\" \/><\/p>\n<p>A vista da Pra\u00e7a do Ros\u00e1rio para a majestosa Igreja Matriz de Nossa Senhora do Ros\u00e1rio \u00e9 de tirar o f\u00f4lego. Os visitantes podem desfrutar da serenidade do espa\u00e7o enquanto apreciam a vista espetacular da igreja, tornando a pra\u00e7a um local ainda mais especial para encontros, eventos religiosos e simples momentos de contempla\u00e7\u00e3o.<\/p>\n<p><img decoding=\"async\" class=\"aligncenter wp-image-22126 lazyload\" data-src=\"https:\/\/ubanews.com\/site\/wp-content\/uploads\/2023\/10\/DSC1453-300x200.jpg\" alt=\"\" width=\"551\" height=\"367\" data-srcset=\"https:\/\/ubanews.com\/site\/wp-content\/uploads\/2023\/10\/DSC1453-300x200.jpg 300w, https:\/\/ubanews.com\/site\/wp-content\/uploads\/2023\/10\/DSC1453-1024x683.jpg 1024w, https:\/\/ubanews.com\/site\/wp-content\/uploads\/2023\/10\/DSC1453-768x512.jpg 768w, https:\/\/ubanews.com\/site\/wp-content\/uploads\/2023\/10\/DSC1453-1536x1024.jpg 1536w, https:\/\/ubanews.com\/site\/wp-content\/uploads\/2023\/10\/DSC1453-2048x1365.jpg 2048w, https:\/\/ubanews.com\/site\/wp-content\/uploads\/2023\/10\/DSC1453-1200x800.jpg 1200w, https:\/\/ubanews.com\/site\/wp-content\/uploads\/2023\/10\/DSC1453-120x80.jpg 120w\" data-sizes=\"(max-width: 551px) 100vw, 551px\" src=\"data:image\/svg+xml;base64,PHN2ZyB3aWR0aD0iMSIgaGVpZ2h0PSIxIiB4bWxucz0iaHR0cDovL3d3dy53My5vcmcvMjAwMC9zdmciPjwvc3ZnPg==\" style=\"--smush-placeholder-width: 551px; --smush-placeholder-aspect-ratio: 551\/367;\" \/> <img decoding=\"async\" class=\"aligncenter wp-image-22132 lazyload\" data-src=\"https:\/\/ubanews.com\/site\/wp-content\/uploads\/2023\/10\/DSC1467-300x200.jpg\" alt=\"\" width=\"552\" height=\"368\" data-srcset=\"https:\/\/ubanews.com\/site\/wp-content\/uploads\/2023\/10\/DSC1467-300x200.jpg 300w, https:\/\/ubanews.com\/site\/wp-content\/uploads\/2023\/10\/DSC1467-1024x683.jpg 1024w, https:\/\/ubanews.com\/site\/wp-content\/uploads\/2023\/10\/DSC1467-768x512.jpg 768w, https:\/\/ubanews.com\/site\/wp-content\/uploads\/2023\/10\/DSC1467-1536x1024.jpg 1536w, https:\/\/ubanews.com\/site\/wp-content\/uploads\/2023\/10\/DSC1467-2048x1365.jpg 2048w, https:\/\/ubanews.com\/site\/wp-content\/uploads\/2023\/10\/DSC1467-1200x800.jpg 1200w, https:\/\/ubanews.com\/site\/wp-content\/uploads\/2023\/10\/DSC1467-120x80.jpg 120w\" data-sizes=\"(max-width: 552px) 100vw, 552px\" src=\"data:image\/svg+xml;base64,PHN2ZyB3aWR0aD0iMSIgaGVpZ2h0PSIxIiB4bWxucz0iaHR0cDovL3d3dy53My5vcmcvMjAwMC9zdmciPjwvc3ZnPg==\" style=\"--smush-placeholder-width: 552px; --smush-placeholder-aspect-ratio: 552\/368;\" \/><\/p>\n<p>A transforma\u00e7\u00e3o da Pra\u00e7a do Ros\u00e1rio \u00e9 o resultado do esfor\u00e7o conjunto de duas administra\u00e7\u00f5es municipais. A pra\u00e7a foi originalmente concebida e constru\u00edda na administra\u00e7\u00e3o do ex-prefeito Narciso Paulo Michelli, e sua reforma foi realizada sob a lideran\u00e7a do atual prefeito Dr. Edson Teixeira Filho. Essa continuidade demonstra o compromisso da cidade em preservar e melhorar seus espa\u00e7os p\u00fablicos.<\/p>\n<p>A cerim\u00f4nia de inaugura\u00e7\u00e3o contou com a presen\u00e7a do Secret\u00e1rio de Obras, Jo\u00e3o Gomes Pereira J\u00fanior, que emocionou a todos com seu discurso. O secret\u00e1rio compartilhou uma experi\u00eancia pessoal, revelando que ele pr\u00f3prio esteve na cadeira de rodas por um certo per\u00edodo ap\u00f3s um acidente anos atr\u00e1s. Isso tornou ainda mais significativa a inclus\u00e3o das crian\u00e7as cadeirantes na nova estrutura da pra\u00e7a.<\/p>\n<p><img decoding=\"async\" class=\"aligncenter wp-image-22141 lazyload\" data-src=\"https:\/\/ubanews.com\/site\/wp-content\/uploads\/2023\/10\/DSC1482-300x200.jpg\" alt=\"\" width=\"551\" height=\"367\" data-srcset=\"https:\/\/ubanews.com\/site\/wp-content\/uploads\/2023\/10\/DSC1482-300x200.jpg 300w, https:\/\/ubanews.com\/site\/wp-content\/uploads\/2023\/10\/DSC1482-1024x683.jpg 1024w, https:\/\/ubanews.com\/site\/wp-content\/uploads\/2023\/10\/DSC1482-768x512.jpg 768w, https:\/\/ubanews.com\/site\/wp-content\/uploads\/2023\/10\/DSC1482-1536x1024.jpg 1536w, https:\/\/ubanews.com\/site\/wp-content\/uploads\/2023\/10\/DSC1482-2048x1365.jpg 2048w, https:\/\/ubanews.com\/site\/wp-content\/uploads\/2023\/10\/DSC1482-1200x800.jpg 1200w, https:\/\/ubanews.com\/site\/wp-content\/uploads\/2023\/10\/DSC1482-120x80.jpg 120w\" data-sizes=\"(max-width: 551px) 100vw, 551px\" src=\"data:image\/svg+xml;base64,PHN2ZyB3aWR0aD0iMSIgaGVpZ2h0PSIxIiB4bWxucz0iaHR0cDovL3d3dy53My5vcmcvMjAwMC9zdmciPjwvc3ZnPg==\" style=\"--smush-placeholder-width: 551px; --smush-placeholder-aspect-ratio: 551\/367;\" \/> <img decoding=\"async\" class=\"aligncenter wp-image-22138 lazyload\" data-src=\"https:\/\/ubanews.com\/site\/wp-content\/uploads\/2023\/10\/DSC1478-300x200.jpg\" alt=\"\" width=\"552\" height=\"368\" data-srcset=\"https:\/\/ubanews.com\/site\/wp-content\/uploads\/2023\/10\/DSC1478-300x200.jpg 300w, https:\/\/ubanews.com\/site\/wp-content\/uploads\/2023\/10\/DSC1478-1024x683.jpg 1024w, https:\/\/ubanews.com\/site\/wp-content\/uploads\/2023\/10\/DSC1478-768x512.jpg 768w, https:\/\/ubanews.com\/site\/wp-content\/uploads\/2023\/10\/DSC1478-1536x1024.jpg 1536w, https:\/\/ubanews.com\/site\/wp-content\/uploads\/2023\/10\/DSC1478-2048x1365.jpg 2048w, https:\/\/ubanews.com\/site\/wp-content\/uploads\/2023\/10\/DSC1478-1200x800.jpg 1200w, https:\/\/ubanews.com\/site\/wp-content\/uploads\/2023\/10\/DSC1478-120x80.jpg 120w\" data-sizes=\"(max-width: 552px) 100vw, 552px\" src=\"data:image\/svg+xml;base64,PHN2ZyB3aWR0aD0iMSIgaGVpZ2h0PSIxIiB4bWxucz0iaHR0cDovL3d3dy53My5vcmcvMjAwMC9zdmciPjwvc3ZnPg==\" style=\"--smush-placeholder-width: 552px; --smush-placeholder-aspect-ratio: 552\/368;\" \/> <img decoding=\"async\" class=\"aligncenter wp-image-22134 lazyload\" data-src=\"https:\/\/ubanews.com\/site\/wp-content\/uploads\/2023\/10\/DSC1474-300x200.jpg\" alt=\"\" width=\"551\" height=\"367\" data-srcset=\"https:\/\/ubanews.com\/site\/wp-content\/uploads\/2023\/10\/DSC1474-300x200.jpg 300w, https:\/\/ubanews.com\/site\/wp-content\/uploads\/2023\/10\/DSC1474-1024x683.jpg 1024w, https:\/\/ubanews.com\/site\/wp-content\/uploads\/2023\/10\/DSC1474-768x512.jpg 768w, https:\/\/ubanews.com\/site\/wp-content\/uploads\/2023\/10\/DSC1474-1536x1024.jpg 1536w, https:\/\/ubanews.com\/site\/wp-content\/uploads\/2023\/10\/DSC1474-2048x1365.jpg 2048w, https:\/\/ubanews.com\/site\/wp-content\/uploads\/2023\/10\/DSC1474-1200x800.jpg 1200w, https:\/\/ubanews.com\/site\/wp-content\/uploads\/2023\/10\/DSC1474-120x80.jpg 120w\" data-sizes=\"(max-width: 551px) 100vw, 551px\" src=\"data:image\/svg+xml;base64,PHN2ZyB3aWR0aD0iMSIgaGVpZ2h0PSIxIiB4bWxucz0iaHR0cDovL3d3dy53My5vcmcvMjAwMC9zdmciPjwvc3ZnPg==\" style=\"--smush-placeholder-width: 551px; --smush-placeholder-aspect-ratio: 551\/367;\" \/> <img decoding=\"async\" class=\"aligncenter wp-image-22147 lazyload\" data-src=\"https:\/\/ubanews.com\/site\/wp-content\/uploads\/2023\/10\/DSC1489-300x200.jpg\" alt=\"\" width=\"552\" height=\"368\" data-srcset=\"https:\/\/ubanews.com\/site\/wp-content\/uploads\/2023\/10\/DSC1489-300x200.jpg 300w, https:\/\/ubanews.com\/site\/wp-content\/uploads\/2023\/10\/DSC1489-1024x683.jpg 1024w, https:\/\/ubanews.com\/site\/wp-content\/uploads\/2023\/10\/DSC1489-768x512.jpg 768w, https:\/\/ubanews.com\/site\/wp-content\/uploads\/2023\/10\/DSC1489-1536x1024.jpg 1536w, https:\/\/ubanews.com\/site\/wp-content\/uploads\/2023\/10\/DSC1489-2048x1365.jpg 2048w, https:\/\/ubanews.com\/site\/wp-content\/uploads\/2023\/10\/DSC1489-1200x800.jpg 1200w, https:\/\/ubanews.com\/site\/wp-content\/uploads\/2023\/10\/DSC1489-120x80.jpg 120w\" data-sizes=\"(max-width: 552px) 100vw, 552px\" src=\"data:image\/svg+xml;base64,PHN2ZyB3aWR0aD0iMSIgaGVpZ2h0PSIxIiB4bWxucz0iaHR0cDovL3d3dy53My5vcmcvMjAwMC9zdmciPjwvc3ZnPg==\" style=\"--smush-placeholder-width: 552px; --smush-placeholder-aspect-ratio: 552\/368;\" \/> <img decoding=\"async\" class=\"aligncenter wp-image-22155 lazyload\" data-src=\"https:\/\/ubanews.com\/site\/wp-content\/uploads\/2023\/10\/DSC1546-300x200.jpg\" alt=\"\" width=\"552\" height=\"368\" data-srcset=\"https:\/\/ubanews.com\/site\/wp-content\/uploads\/2023\/10\/DSC1546-300x200.jpg 300w, https:\/\/ubanews.com\/site\/wp-content\/uploads\/2023\/10\/DSC1546-1024x683.jpg 1024w, https:\/\/ubanews.com\/site\/wp-content\/uploads\/2023\/10\/DSC1546-768x512.jpg 768w, https:\/\/ubanews.com\/site\/wp-content\/uploads\/2023\/10\/DSC1546-1536x1024.jpg 1536w, https:\/\/ubanews.com\/site\/wp-content\/uploads\/2023\/10\/DSC1546-2048x1365.jpg 2048w, https:\/\/ubanews.com\/site\/wp-content\/uploads\/2023\/10\/DSC1546-1200x800.jpg 1200w, https:\/\/ubanews.com\/site\/wp-content\/uploads\/2023\/10\/DSC1546-120x80.jpg 120w\" data-sizes=\"(max-width: 552px) 100vw, 552px\" src=\"data:image\/svg+xml;base64,PHN2ZyB3aWR0aD0iMSIgaGVpZ2h0PSIxIiB4bWxucz0iaHR0cDovL3d3dy53My5vcmcvMjAwMC9zdmciPjwvc3ZnPg==\" style=\"--smush-placeholder-width: 552px; --smush-placeholder-aspect-ratio: 552\/368;\" \/> <img decoding=\"async\" class=\"aligncenter wp-image-22150 lazyload\" data-src=\"https:\/\/ubanews.com\/site\/wp-content\/uploads\/2023\/10\/DSC1512-300x200.jpg\" alt=\"\" width=\"551\" height=\"368\" data-srcset=\"https:\/\/ubanews.com\/site\/wp-content\/uploads\/2023\/10\/DSC1512-300x200.jpg 300w, https:\/\/ubanews.com\/site\/wp-content\/uploads\/2023\/10\/DSC1512-1024x683.jpg 1024w, https:\/\/ubanews.com\/site\/wp-content\/uploads\/2023\/10\/DSC1512-768x512.jpg 768w, https:\/\/ubanews.com\/site\/wp-content\/uploads\/2023\/10\/DSC1512-1536x1024.jpg 1536w, https:\/\/ubanews.com\/site\/wp-content\/uploads\/2023\/10\/DSC1512-2048x1365.jpg 2048w, https:\/\/ubanews.com\/site\/wp-content\/uploads\/2023\/10\/DSC1512-1200x800.jpg 1200w, https:\/\/ubanews.com\/site\/wp-content\/uploads\/2023\/10\/DSC1512-120x80.jpg 120w\" data-sizes=\"(max-width: 551px) 100vw, 551px\" src=\"data:image\/svg+xml;base64,PHN2ZyB3aWR0aD0iMSIgaGVpZ2h0PSIxIiB4bWxucz0iaHR0cDovL3d3dy53My5vcmcvMjAwMC9zdmciPjwvc3ZnPg==\" style=\"--smush-placeholder-width: 551px; --smush-placeholder-aspect-ratio: 551\/368;\" \/><\/p>\n<p>O p\u00e1roco Monsenhor Alexandre tamb\u00e9m esteve presente na cerim\u00f4nia e agradeceu calorosamente \u00e0s autoridades pelo cuidado e aten\u00e7\u00e3o dedicados \u00e0 Pra\u00e7a do Ros\u00e1rio. Ele enfatizou a import\u00e2ncia do espa\u00e7o para a comunidade e a sua relev\u00e2ncia como local de encontros religiosos e sociais.<\/p>\n","protected":false},"excerpt":{"rendered":"<p>Uma nova era de beleza, inclus\u00e3o e conviv\u00eancia comunit\u00e1ria foi<\/p>\n","protected":false},"author":4,"featured_media":0,"comment_status":"open","ping_status":"open","sticky":false,"template":"","format":"standard","meta":{"footnotes":""},"categories":[1],"tags":[],"class_list":["post-22180","post","type-post","status-publish","format-standard","hentry","category-sem-categoria"],"yoast_head":"<!-- This site is optimized with the Yoast SEO plugin v27.2 - https:\/\/yoast.com\/product\/yoast-seo-wordpress\/ -->\n<title>Inaugura\u00e7\u00e3o da Pra\u00e7a do Ros\u00e1rio: Reforma traz espa\u00e7o de inclus\u00e3o e beleza - Ub\u00e1 News<\/title>\n<meta name=\"robots\" content=\"index, follow, max-snippet:-1, max-image-preview:large, max-video-preview:-1\" \/>\n<link rel=\"canonical\" href=\"https:\/\/ubanews.com\/site\/2023\/10\/14\/inauguracao-da-praca-do-rosario-reforma-traz-espaco-de-inclusao-e-beleza\/\" \/>\n<meta property=\"og:locale\" content=\"pt_BR\" \/>\n<meta property=\"og:type\" content=\"article\" \/>\n<meta property=\"og:title\" content=\"Inaugura\u00e7\u00e3o da Pra\u00e7a do Ros\u00e1rio: Reforma traz espa\u00e7o de inclus\u00e3o e beleza - Ub\u00e1 News\" \/>\n<meta property=\"og:description\" content=\"Uma nova era de beleza, inclus\u00e3o e conviv\u00eancia comunit\u00e1ria foi\" \/>\n<meta property=\"og:url\" content=\"https:\/\/ubanews.com\/site\/2023\/10\/14\/inauguracao-da-praca-do-rosario-reforma-traz-espaco-de-inclusao-e-beleza\/\" \/>\n<meta property=\"og:site_name\" content=\"Ub\u00e1 News\" \/>\n<meta property=\"article:publisher\" content=\"https:\/\/www.facebook.com\/Ub%c3%a1News-Carlos-Roberto-Sodr%c3%a9-418778301977370\" \/>\n<meta property=\"article:published_time\" content=\"2023-10-14T16:00:58+00:00\" \/>\n<meta property=\"og:image\" content=\"http:\/\/ubanews.com\/site\/wp-content\/uploads\/2023\/10\/DSC1461-300x200.jpg\" \/>\n<meta name=\"author\" content=\"Carlos Roberto Sodr\u00e9\" \/>\n<meta name=\"twitter:card\" content=\"summary_large_image\" \/>\n<meta name=\"twitter:label1\" content=\"Escrito por\" \/>\n\t<meta name=\"twitter:data1\" content=\"Carlos Roberto Sodr\u00e9\" \/>\n\t<meta name=\"twitter:label2\" content=\"Est. tempo de leitura\" \/>\n\t<meta name=\"twitter:data2\" content=\"4 minutos\" \/>\n<script type=\"application\/ld+json\" class=\"yoast-schema-graph\">{\"@context\":\"https:\/\/schema.org\",\"@graph\":[{\"@type\":\"Article\",\"@id\":\"https:\/\/ubanews.com\/site\/2023\/10\/14\/inauguracao-da-praca-do-rosario-reforma-traz-espaco-de-inclusao-e-beleza\/#article\",\"isPartOf\":{\"@id\":\"https:\/\/ubanews.com\/site\/2023\/10\/14\/inauguracao-da-praca-do-rosario-reforma-traz-espaco-de-inclusao-e-beleza\/\"},\"author\":{\"name\":\"Carlos Roberto Sodr\u00e9\",\"@id\":\"https:\/\/ubanews.com\/site\/#\/schema\/person\/9d8da9ec3c8d00640ab6e8c81e103310\"},\"headline\":\"Inaugura\u00e7\u00e3o da Pra\u00e7a do Ros\u00e1rio: Reforma traz espa\u00e7o de inclus\u00e3o e beleza\",\"datePublished\":\"2023-10-14T16:00:58+00:00\",\"mainEntityOfPage\":{\"@id\":\"https:\/\/ubanews.com\/site\/2023\/10\/14\/inauguracao-da-praca-do-rosario-reforma-traz-espaco-de-inclusao-e-beleza\/\"},\"wordCount\":422,\"commentCount\":0,\"publisher\":{\"@id\":\"https:\/\/ubanews.com\/site\/#organization\"},\"image\":{\"@id\":\"https:\/\/ubanews.com\/site\/2023\/10\/14\/inauguracao-da-praca-do-rosario-reforma-traz-espaco-de-inclusao-e-beleza\/#primaryimage\"},\"thumbnailUrl\":\"http:\/\/ubanews.com\/site\/wp-content\/uploads\/2023\/10\/DSC1461-300x200.jpg\",\"articleSection\":[\"Geral\"],\"inLanguage\":\"pt-BR\",\"potentialAction\":[{\"@type\":\"CommentAction\",\"name\":\"Comment\",\"target\":[\"https:\/\/ubanews.com\/site\/2023\/10\/14\/inauguracao-da-praca-do-rosario-reforma-traz-espaco-de-inclusao-e-beleza\/#respond\"]}]},{\"@type\":\"WebPage\",\"@id\":\"https:\/\/ubanews.com\/site\/2023\/10\/14\/inauguracao-da-praca-do-rosario-reforma-traz-espaco-de-inclusao-e-beleza\/\",\"url\":\"https:\/\/ubanews.com\/site\/2023\/10\/14\/inauguracao-da-praca-do-rosario-reforma-traz-espaco-de-inclusao-e-beleza\/\",\"name\":\"Inaugura\u00e7\u00e3o da Pra\u00e7a do Ros\u00e1rio: Reforma traz espa\u00e7o de inclus\u00e3o e beleza - Ub\u00e1 News\",\"isPartOf\":{\"@id\":\"https:\/\/ubanews.com\/site\/#website\"},\"primaryImageOfPage\":{\"@id\":\"https:\/\/ubanews.com\/site\/2023\/10\/14\/inauguracao-da-praca-do-rosario-reforma-traz-espaco-de-inclusao-e-beleza\/#primaryimage\"},\"image\":{\"@id\":\"https:\/\/ubanews.com\/site\/2023\/10\/14\/inauguracao-da-praca-do-rosario-reforma-traz-espaco-de-inclusao-e-beleza\/#primaryimage\"},\"thumbnailUrl\":\"http:\/\/ubanews.com\/site\/wp-content\/uploads\/2023\/10\/DSC1461-300x200.jpg\",\"datePublished\":\"2023-10-14T16:00:58+00:00\",\"breadcrumb\":{\"@id\":\"https:\/\/ubanews.com\/site\/2023\/10\/14\/inauguracao-da-praca-do-rosario-reforma-traz-espaco-de-inclusao-e-beleza\/#breadcrumb\"},\"inLanguage\":\"pt-BR\",\"potentialAction\":[{\"@type\":\"ReadAction\",\"target\":[\"https:\/\/ubanews.com\/site\/2023\/10\/14\/inauguracao-da-praca-do-rosario-reforma-traz-espaco-de-inclusao-e-beleza\/\"]}]},{\"@type\":\"ImageObject\",\"inLanguage\":\"pt-BR\",\"@id\":\"https:\/\/ubanews.com\/site\/2023\/10\/14\/inauguracao-da-praca-do-rosario-reforma-traz-espaco-de-inclusao-e-beleza\/#primaryimage\",\"url\":\"https:\/\/ubanews.com\/site\/wp-content\/uploads\/2023\/10\/DSC1461-scaled.jpg\",\"contentUrl\":\"https:\/\/ubanews.com\/site\/wp-content\/uploads\/2023\/10\/DSC1461-scaled.jpg\",\"width\":2560,\"height\":1707},{\"@type\":\"BreadcrumbList\",\"@id\":\"https:\/\/ubanews.com\/site\/2023\/10\/14\/inauguracao-da-praca-do-rosario-reforma-traz-espaco-de-inclusao-e-beleza\/#breadcrumb\",\"itemListElement\":[{\"@type\":\"ListItem\",\"position\":1,\"name\":\"Home\",\"item\":\"https:\/\/ubanews.com\/site\/\"},{\"@type\":\"ListItem\",\"position\":2,\"name\":\"Inaugura\u00e7\u00e3o da Pra\u00e7a do Ros\u00e1rio: Reforma traz espa\u00e7o de inclus\u00e3o e beleza\"}]},{\"@type\":\"WebSite\",\"@id\":\"https:\/\/ubanews.com\/site\/#website\",\"url\":\"https:\/\/ubanews.com\/site\/\",\"name\":\"Ub\u00e1 News\",\"description\":\"\",\"publisher\":{\"@id\":\"https:\/\/ubanews.com\/site\/#organization\"},\"potentialAction\":[{\"@type\":\"SearchAction\",\"target\":{\"@type\":\"EntryPoint\",\"urlTemplate\":\"https:\/\/ubanews.com\/site\/?s={search_term_string}\"},\"query-input\":{\"@type\":\"PropertyValueSpecification\",\"valueRequired\":true,\"valueName\":\"search_term_string\"}}],\"inLanguage\":\"pt-BR\"},{\"@type\":\"Organization\",\"@id\":\"https:\/\/ubanews.com\/site\/#organization\",\"name\":\"Ub\u00e1 News\",\"url\":\"https:\/\/ubanews.com\/site\/\",\"logo\":{\"@type\":\"ImageObject\",\"inLanguage\":\"pt-BR\",\"@id\":\"https:\/\/ubanews.com\/site\/#\/schema\/logo\/image\/\",\"url\":\"https:\/\/ubanews.com\/site\/wp-content\/uploads\/2018\/01\/logoubanews.png\",\"contentUrl\":\"https:\/\/ubanews.com\/site\/wp-content\/uploads\/2018\/01\/logoubanews.png\",\"width\":261,\"height\":99,\"caption\":\"Ub\u00e1 News\"},\"image\":{\"@id\":\"https:\/\/ubanews.com\/site\/#\/schema\/logo\/image\/\"},\"sameAs\":[\"https:\/\/www.facebook.com\/Ub\u00e1News-Carlos-Roberto-Sodr\u00e9-418778301977370\"]},{\"@type\":\"Person\",\"@id\":\"https:\/\/ubanews.com\/site\/#\/schema\/person\/9d8da9ec3c8d00640ab6e8c81e103310\",\"name\":\"Carlos Roberto Sodr\u00e9\",\"image\":{\"@type\":\"ImageObject\",\"inLanguage\":\"pt-BR\",\"@id\":\"https:\/\/secure.gravatar.com\/avatar\/aab322e8555b56c468614fafdab8a8f924e394cdc6cfd8232f77e9e4d123a133?s=96&d=mm&r=g\",\"url\":\"https:\/\/secure.gravatar.com\/avatar\/aab322e8555b56c468614fafdab8a8f924e394cdc6cfd8232f77e9e4d123a133?s=96&d=mm&r=g\",\"contentUrl\":\"https:\/\/secure.gravatar.com\/avatar\/aab322e8555b56c468614fafdab8a8f924e394cdc6cfd8232f77e9e4d123a133?s=96&d=mm&r=g\",\"caption\":\"Carlos Roberto Sodr\u00e9\"},\"url\":\"https:\/\/ubanews.com\/site\/author\/sodre\/\"}]}<\/script>\n<!-- \/ Yoast SEO plugin. -->","yoast_head_json":{"title":"Inaugura\u00e7\u00e3o da Pra\u00e7a do Ros\u00e1rio: Reforma traz espa\u00e7o de inclus\u00e3o e beleza - Ub\u00e1 News","robots":{"index":"index","follow":"follow","max-snippet":"max-snippet:-1","max-image-preview":"max-image-preview:large","max-video-preview":"max-video-preview:-1"},"canonical":"https:\/\/ubanews.com\/site\/2023\/10\/14\/inauguracao-da-praca-do-rosario-reforma-traz-espaco-de-inclusao-e-beleza\/","og_locale":"pt_BR","og_type":"article","og_title":"Inaugura\u00e7\u00e3o da Pra\u00e7a do Ros\u00e1rio: Reforma traz espa\u00e7o de inclus\u00e3o e beleza - Ub\u00e1 News","og_description":"Uma nova era de beleza, inclus\u00e3o e conviv\u00eancia comunit\u00e1ria foi","og_url":"https:\/\/ubanews.com\/site\/2023\/10\/14\/inauguracao-da-praca-do-rosario-reforma-traz-espaco-de-inclusao-e-beleza\/","og_site_name":"Ub\u00e1 News","article_publisher":"https:\/\/www.facebook.com\/Ub%c3%a1News-Carlos-Roberto-Sodr%c3%a9-418778301977370","article_published_time":"2023-10-14T16:00:58+00:00","og_image":[{"url":"http:\/\/ubanews.com\/site\/wp-content\/uploads\/2023\/10\/DSC1461-300x200.jpg","type":"","width":"","height":""}],"author":"Carlos Roberto Sodr\u00e9","twitter_card":"summary_large_image","twitter_misc":{"Escrito por":"Carlos Roberto Sodr\u00e9","Est. tempo de leitura":"4 minutos"},"schema":{"@context":"https:\/\/schema.org","@graph":[{"@type":"Article","@id":"https:\/\/ubanews.com\/site\/2023\/10\/14\/inauguracao-da-praca-do-rosario-reforma-traz-espaco-de-inclusao-e-beleza\/#article","isPartOf":{"@id":"https:\/\/ubanews.com\/site\/2023\/10\/14\/inauguracao-da-praca-do-rosario-reforma-traz-espaco-de-inclusao-e-beleza\/"},"author":{"name":"Carlos Roberto Sodr\u00e9","@id":"https:\/\/ubanews.com\/site\/#\/schema\/person\/9d8da9ec3c8d00640ab6e8c81e103310"},"headline":"Inaugura\u00e7\u00e3o da Pra\u00e7a do Ros\u00e1rio: Reforma traz espa\u00e7o de inclus\u00e3o e beleza","datePublished":"2023-10-14T16:00:58+00:00","mainEntityOfPage":{"@id":"https:\/\/ubanews.com\/site\/2023\/10\/14\/inauguracao-da-praca-do-rosario-reforma-traz-espaco-de-inclusao-e-beleza\/"},"wordCount":422,"commentCount":0,"publisher":{"@id":"https:\/\/ubanews.com\/site\/#organization"},"image":{"@id":"https:\/\/ubanews.com\/site\/2023\/10\/14\/inauguracao-da-praca-do-rosario-reforma-traz-espaco-de-inclusao-e-beleza\/#primaryimage"},"thumbnailUrl":"http:\/\/ubanews.com\/site\/wp-content\/uploads\/2023\/10\/DSC1461-300x200.jpg","articleSection":["Geral"],"inLanguage":"pt-BR","potentialAction":[{"@type":"CommentAction","name":"Comment","target":["https:\/\/ubanews.com\/site\/2023\/10\/14\/inauguracao-da-praca-do-rosario-reforma-traz-espaco-de-inclusao-e-beleza\/#respond"]}]},{"@type":"WebPage","@id":"https:\/\/ubanews.com\/site\/2023\/10\/14\/inauguracao-da-praca-do-rosario-reforma-traz-espaco-de-inclusao-e-beleza\/","url":"https:\/\/ubanews.com\/site\/2023\/10\/14\/inauguracao-da-praca-do-rosario-reforma-traz-espaco-de-inclusao-e-beleza\/","name":"Inaugura\u00e7\u00e3o da Pra\u00e7a do Ros\u00e1rio: Reforma traz espa\u00e7o de inclus\u00e3o e beleza - Ub\u00e1 News","isPartOf":{"@id":"https:\/\/ubanews.com\/site\/#website"},"primaryImageOfPage":{"@id":"https:\/\/ubanews.com\/site\/2023\/10\/14\/inauguracao-da-praca-do-rosario-reforma-traz-espaco-de-inclusao-e-beleza\/#primaryimage"},"image":{"@id":"https:\/\/ubanews.com\/site\/2023\/10\/14\/inauguracao-da-praca-do-rosario-reforma-traz-espaco-de-inclusao-e-beleza\/#primaryimage"},"thumbnailUrl":"http:\/\/ubanews.com\/site\/wp-content\/uploads\/2023\/10\/DSC1461-300x200.jpg","datePublished":"2023-10-14T16:00:58+00:00","breadcrumb":{"@id":"https:\/\/ubanews.com\/site\/2023\/10\/14\/inauguracao-da-praca-do-rosario-reforma-traz-espaco-de-inclusao-e-beleza\/#breadcrumb"},"inLanguage":"pt-BR","potentialAction":[{"@type":"ReadAction","target":["https:\/\/ubanews.com\/site\/2023\/10\/14\/inauguracao-da-praca-do-rosario-reforma-traz-espaco-de-inclusao-e-beleza\/"]}]},{"@type":"ImageObject","inLanguage":"pt-BR","@id":"https:\/\/ubanews.com\/site\/2023\/10\/14\/inauguracao-da-praca-do-rosario-reforma-traz-espaco-de-inclusao-e-beleza\/#primaryimage","url":"https:\/\/ubanews.com\/site\/wp-content\/uploads\/2023\/10\/DSC1461-scaled.jpg","contentUrl":"https:\/\/ubanews.com\/site\/wp-content\/uploads\/2023\/10\/DSC1461-scaled.jpg","width":2560,"height":1707},{"@type":"BreadcrumbList","@id":"https:\/\/ubanews.com\/site\/2023\/10\/14\/inauguracao-da-praca-do-rosario-reforma-traz-espaco-de-inclusao-e-beleza\/#breadcrumb","itemListElement":[{"@type":"ListItem","position":1,"name":"Home","item":"https:\/\/ubanews.com\/site\/"},{"@type":"ListItem","position":2,"name":"Inaugura\u00e7\u00e3o da Pra\u00e7a do Ros\u00e1rio: Reforma traz espa\u00e7o de inclus\u00e3o e beleza"}]},{"@type":"WebSite","@id":"https:\/\/ubanews.com\/site\/#website","url":"https:\/\/ubanews.com\/site\/","name":"Ub\u00e1 News","description":"","publisher":{"@id":"https:\/\/ubanews.com\/site\/#organization"},"potentialAction":[{"@type":"SearchAction","target":{"@type":"EntryPoint","urlTemplate":"https:\/\/ubanews.com\/site\/?s={search_term_string}"},"query-input":{"@type":"PropertyValueSpecification","valueRequired":true,"valueName":"search_term_string"}}],"inLanguage":"pt-BR"},{"@type":"Organization","@id":"https:\/\/ubanews.com\/site\/#organization","name":"Ub\u00e1 News","url":"https:\/\/ubanews.com\/site\/","logo":{"@type":"ImageObject","inLanguage":"pt-BR","@id":"https:\/\/ubanews.com\/site\/#\/schema\/logo\/image\/","url":"https:\/\/ubanews.com\/site\/wp-content\/uploads\/2018\/01\/logoubanews.png","contentUrl":"https:\/\/ubanews.com\/site\/wp-content\/uploads\/2018\/01\/logoubanews.png","width":261,"height":99,"caption":"Ub\u00e1 News"},"image":{"@id":"https:\/\/ubanews.com\/site\/#\/schema\/logo\/image\/"},"sameAs":["https:\/\/www.facebook.com\/Ub\u00e1News-Carlos-Roberto-Sodr\u00e9-418778301977370"]},{"@type":"Person","@id":"https:\/\/ubanews.com\/site\/#\/schema\/person\/9d8da9ec3c8d00640ab6e8c81e103310","name":"Carlos Roberto Sodr\u00e9","image":{"@type":"ImageObject","inLanguage":"pt-BR","@id":"https:\/\/secure.gravatar.com\/avatar\/aab322e8555b56c468614fafdab8a8f924e394cdc6cfd8232f77e9e4d123a133?s=96&d=mm&r=g","url":"https:\/\/secure.gravatar.com\/avatar\/aab322e8555b56c468614fafdab8a8f924e394cdc6cfd8232f77e9e4d123a133?s=96&d=mm&r=g","contentUrl":"https:\/\/secure.gravatar.com\/avatar\/aab322e8555b56c468614fafdab8a8f924e394cdc6cfd8232f77e9e4d123a133?s=96&d=mm&r=g","caption":"Carlos Roberto Sodr\u00e9"},"url":"https:\/\/ubanews.com\/site\/author\/sodre\/"}]}},"_links":{"self":[{"href":"https:\/\/ubanews.com\/site\/wp-json\/wp\/v2\/posts\/22180","targetHints":{"allow":["GET"]}}],"collection":[{"href":"https:\/\/ubanews.com\/site\/wp-json\/wp\/v2\/posts"}],"about":[{"href":"https:\/\/ubanews.com\/site\/wp-json\/wp\/v2\/types\/post"}],"author":[{"embeddable":true,"href":"https:\/\/ubanews.com\/site\/wp-json\/wp\/v2\/users\/4"}],"replies":[{"embeddable":true,"href":"https:\/\/ubanews.com\/site\/wp-json\/wp\/v2\/comments?post=22180"}],"version-history":[{"count":0,"href":"https:\/\/ubanews.com\/site\/wp-json\/wp\/v2\/posts\/22180\/revisions"}],"wp:attachment":[{"href":"https:\/\/ubanews.com\/site\/wp-json\/wp\/v2\/media?parent=22180"}],"wp:term":[{"taxonomy":"category","embeddable":true,"href":"https:\/\/ubanews.com\/site\/wp-json\/wp\/v2\/categories?post=22180"},{"taxonomy":"post_tag","embeddable":true,"href":"https:\/\/ubanews.com\/site\/wp-json\/wp\/v2\/tags?post=22180"}],"curies":[{"name":"wp","href":"https:\/\/api.w.org\/{rel}","templated":true}]}}