{"id":22178,"date":"2023-10-13T13:00:58","date_gmt":"2023-10-13T16:00:58","guid":{"rendered":"http:\/\/ubanews.com\/site\/?p=22178"},"modified":"2023-10-13T12:42:03","modified_gmt":"2023-10-13T15:42:03","slug":"novo-centro-administrativo-de-uba-e-inaugurado-em-homenagem-ao-ex-prefeito-narciso-paulo-michelli","status":"publish","type":"post","link":"https:\/\/ubanews.com\/site\/2023\/10\/13\/novo-centro-administrativo-de-uba-e-inaugurado-em-homenagem-ao-ex-prefeito-narciso-paulo-michelli\/","title":{"rendered":"Novo Centro Administrativo de Ub\u00e1 \u00e9 Inaugurado em Homenagem ao Ex-Prefeito Narciso Paulo Michelli"},"content":{"rendered":"<p>No \u00faltimo dia 7 de outubro, feriado de Nossa Senhora do Ros\u00e1rio, a cidade de Ub\u00e1 celebrou a inaugura\u00e7\u00e3o do seu novo Centro Administrativo, o novo Pa\u00e7o Municipal. Este marco representa um passo significativo na moderniza\u00e7\u00e3o e expans\u00e3o da infraestrutura administrativa do munic\u00edpio.<\/p>\n<p><img decoding=\"async\" class=\"aligncenter  wp-image-22156 lazyload\" data-src=\"https:\/\/ubanews.com\/site\/wp-content\/uploads\/2023\/10\/DSC1335-300x200.jpg\" alt=\"\" width=\"551\" height=\"367\" data-srcset=\"https:\/\/ubanews.com\/site\/wp-content\/uploads\/2023\/10\/DSC1335-300x200.jpg 300w, https:\/\/ubanews.com\/site\/wp-content\/uploads\/2023\/10\/DSC1335-1024x683.jpg 1024w, https:\/\/ubanews.com\/site\/wp-content\/uploads\/2023\/10\/DSC1335-768x512.jpg 768w, https:\/\/ubanews.com\/site\/wp-content\/uploads\/2023\/10\/DSC1335-1536x1024.jpg 1536w, https:\/\/ubanews.com\/site\/wp-content\/uploads\/2023\/10\/DSC1335-2048x1365.jpg 2048w, https:\/\/ubanews.com\/site\/wp-content\/uploads\/2023\/10\/DSC1335-1200x800.jpg 1200w, https:\/\/ubanews.com\/site\/wp-content\/uploads\/2023\/10\/DSC1335-120x80.jpg 120w\" data-sizes=\"(max-width: 551px) 100vw, 551px\" src=\"data:image\/svg+xml;base64,PHN2ZyB3aWR0aD0iMSIgaGVpZ2h0PSIxIiB4bWxucz0iaHR0cDovL3d3dy53My5vcmcvMjAwMC9zdmciPjwvc3ZnPg==\" style=\"--smush-placeholder-width: 551px; --smush-placeholder-aspect-ratio: 551\/367;\" \/><\/p>\n<p>Embora a cerim\u00f4nia de inaugura\u00e7\u00e3o tenha ocorrido no dia 7 de outubro, o atendimento ao p\u00fablico ainda est\u00e1 sendo realizado no antigo pr\u00e9dio da Prefeitura. A mudan\u00e7a para as novas instala\u00e7\u00f5es ser\u00e1 gradual, e a assessoria de comunica\u00e7\u00e3o da Prefeitura assegurou que a popula\u00e7\u00e3o ser\u00e1 devidamente informada por meio de suas redes sociais sobre o processo de transi\u00e7\u00e3o.<\/p>\n<p><img decoding=\"async\" class=\"aligncenter  wp-image-22072 lazyload\" data-src=\"https:\/\/ubanews.com\/site\/wp-content\/uploads\/2023\/10\/DSC1239-300x200.jpg\" alt=\"\" width=\"551\" height=\"367\" data-srcset=\"https:\/\/ubanews.com\/site\/wp-content\/uploads\/2023\/10\/DSC1239-300x200.jpg 300w, https:\/\/ubanews.com\/site\/wp-content\/uploads\/2023\/10\/DSC1239-1024x683.jpg 1024w, https:\/\/ubanews.com\/site\/wp-content\/uploads\/2023\/10\/DSC1239-768x512.jpg 768w, https:\/\/ubanews.com\/site\/wp-content\/uploads\/2023\/10\/DSC1239-1536x1024.jpg 1536w, https:\/\/ubanews.com\/site\/wp-content\/uploads\/2023\/10\/DSC1239-2048x1365.jpg 2048w, https:\/\/ubanews.com\/site\/wp-content\/uploads\/2023\/10\/DSC1239-1200x800.jpg 1200w, https:\/\/ubanews.com\/site\/wp-content\/uploads\/2023\/10\/DSC1239-120x80.jpg 120w\" data-sizes=\"(max-width: 551px) 100vw, 551px\" src=\"data:image\/svg+xml;base64,PHN2ZyB3aWR0aD0iMSIgaGVpZ2h0PSIxIiB4bWxucz0iaHR0cDovL3d3dy53My5vcmcvMjAwMC9zdmciPjwvc3ZnPg==\" style=\"--smush-placeholder-width: 551px; --smush-placeholder-aspect-ratio: 551\/367;\" \/> <img decoding=\"async\" class=\"aligncenter  wp-image-22071 lazyload\" data-src=\"https:\/\/ubanews.com\/site\/wp-content\/uploads\/2023\/10\/DSC1237-300x200.jpg\" alt=\"\" width=\"551\" height=\"367\" data-srcset=\"https:\/\/ubanews.com\/site\/wp-content\/uploads\/2023\/10\/DSC1237-300x200.jpg 300w, https:\/\/ubanews.com\/site\/wp-content\/uploads\/2023\/10\/DSC1237-1024x683.jpg 1024w, https:\/\/ubanews.com\/site\/wp-content\/uploads\/2023\/10\/DSC1237-768x512.jpg 768w, https:\/\/ubanews.com\/site\/wp-content\/uploads\/2023\/10\/DSC1237-1536x1024.jpg 1536w, https:\/\/ubanews.com\/site\/wp-content\/uploads\/2023\/10\/DSC1237-2048x1365.jpg 2048w, https:\/\/ubanews.com\/site\/wp-content\/uploads\/2023\/10\/DSC1237-1200x800.jpg 1200w, https:\/\/ubanews.com\/site\/wp-content\/uploads\/2023\/10\/DSC1237-120x80.jpg 120w\" data-sizes=\"(max-width: 551px) 100vw, 551px\" src=\"data:image\/svg+xml;base64,PHN2ZyB3aWR0aD0iMSIgaGVpZ2h0PSIxIiB4bWxucz0iaHR0cDovL3d3dy53My5vcmcvMjAwMC9zdmciPjwvc3ZnPg==\" style=\"--smush-placeholder-width: 551px; --smush-placeholder-aspect-ratio: 551\/367;\" \/> <img decoding=\"async\" class=\"aligncenter  wp-image-22070 lazyload\" data-src=\"https:\/\/ubanews.com\/site\/wp-content\/uploads\/2023\/10\/DSC1233-300x200.jpg\" alt=\"\" width=\"552\" height=\"368\" data-srcset=\"https:\/\/ubanews.com\/site\/wp-content\/uploads\/2023\/10\/DSC1233-300x200.jpg 300w, https:\/\/ubanews.com\/site\/wp-content\/uploads\/2023\/10\/DSC1233-1024x683.jpg 1024w, https:\/\/ubanews.com\/site\/wp-content\/uploads\/2023\/10\/DSC1233-768x512.jpg 768w, https:\/\/ubanews.com\/site\/wp-content\/uploads\/2023\/10\/DSC1233-1536x1024.jpg 1536w, https:\/\/ubanews.com\/site\/wp-content\/uploads\/2023\/10\/DSC1233-2048x1365.jpg 2048w, https:\/\/ubanews.com\/site\/wp-content\/uploads\/2023\/10\/DSC1233-1200x800.jpg 1200w, https:\/\/ubanews.com\/site\/wp-content\/uploads\/2023\/10\/DSC1233-120x80.jpg 120w\" data-sizes=\"(max-width: 552px) 100vw, 552px\" src=\"data:image\/svg+xml;base64,PHN2ZyB3aWR0aD0iMSIgaGVpZ2h0PSIxIiB4bWxucz0iaHR0cDovL3d3dy53My5vcmcvMjAwMC9zdmciPjwvc3ZnPg==\" style=\"--smush-placeholder-width: 552px; --smush-placeholder-aspect-ratio: 552\/368;\" \/> <img decoding=\"async\" class=\"aligncenter  wp-image-22067 lazyload\" data-src=\"https:\/\/ubanews.com\/site\/wp-content\/uploads\/2023\/10\/DSC1213-300x200.jpg\" alt=\"\" width=\"552\" height=\"368\" data-srcset=\"https:\/\/ubanews.com\/site\/wp-content\/uploads\/2023\/10\/DSC1213-300x200.jpg 300w, https:\/\/ubanews.com\/site\/wp-content\/uploads\/2023\/10\/DSC1213-1024x683.jpg 1024w, https:\/\/ubanews.com\/site\/wp-content\/uploads\/2023\/10\/DSC1213-768x512.jpg 768w, https:\/\/ubanews.com\/site\/wp-content\/uploads\/2023\/10\/DSC1213-1536x1024.jpg 1536w, https:\/\/ubanews.com\/site\/wp-content\/uploads\/2023\/10\/DSC1213-2048x1365.jpg 2048w, https:\/\/ubanews.com\/site\/wp-content\/uploads\/2023\/10\/DSC1213-1200x800.jpg 1200w, https:\/\/ubanews.com\/site\/wp-content\/uploads\/2023\/10\/DSC1213-120x80.jpg 120w\" data-sizes=\"(max-width: 552px) 100vw, 552px\" src=\"data:image\/svg+xml;base64,PHN2ZyB3aWR0aD0iMSIgaGVpZ2h0PSIxIiB4bWxucz0iaHR0cDovL3d3dy53My5vcmcvMjAwMC9zdmciPjwvc3ZnPg==\" style=\"--smush-placeholder-width: 552px; --smush-placeholder-aspect-ratio: 552\/368;\" \/> <img decoding=\"async\" class=\"aligncenter  wp-image-22066 lazyload\" data-src=\"https:\/\/ubanews.com\/site\/wp-content\/uploads\/2023\/10\/DSC1210-300x200.jpg\" alt=\"\" width=\"551\" height=\"367\" data-srcset=\"https:\/\/ubanews.com\/site\/wp-content\/uploads\/2023\/10\/DSC1210-300x200.jpg 300w, https:\/\/ubanews.com\/site\/wp-content\/uploads\/2023\/10\/DSC1210-1024x683.jpg 1024w, https:\/\/ubanews.com\/site\/wp-content\/uploads\/2023\/10\/DSC1210-768x512.jpg 768w, https:\/\/ubanews.com\/site\/wp-content\/uploads\/2023\/10\/DSC1210-1536x1024.jpg 1536w, https:\/\/ubanews.com\/site\/wp-content\/uploads\/2023\/10\/DSC1210-2048x1365.jpg 2048w, https:\/\/ubanews.com\/site\/wp-content\/uploads\/2023\/10\/DSC1210-1200x800.jpg 1200w, https:\/\/ubanews.com\/site\/wp-content\/uploads\/2023\/10\/DSC1210-120x80.jpg 120w\" data-sizes=\"(max-width: 551px) 100vw, 551px\" src=\"data:image\/svg+xml;base64,PHN2ZyB3aWR0aD0iMSIgaGVpZ2h0PSIxIiB4bWxucz0iaHR0cDovL3d3dy53My5vcmcvMjAwMC9zdmciPjwvc3ZnPg==\" style=\"--smush-placeholder-width: 551px; --smush-placeholder-aspect-ratio: 551\/367;\" \/> <img decoding=\"async\" class=\"aligncenter  wp-image-22068 lazyload\" data-src=\"https:\/\/ubanews.com\/site\/wp-content\/uploads\/2023\/10\/DSC1216-300x200.jpg\" alt=\"\" width=\"551\" height=\"367\" data-srcset=\"https:\/\/ubanews.com\/site\/wp-content\/uploads\/2023\/10\/DSC1216-300x200.jpg 300w, https:\/\/ubanews.com\/site\/wp-content\/uploads\/2023\/10\/DSC1216-1024x683.jpg 1024w, https:\/\/ubanews.com\/site\/wp-content\/uploads\/2023\/10\/DSC1216-768x512.jpg 768w, https:\/\/ubanews.com\/site\/wp-content\/uploads\/2023\/10\/DSC1216-1536x1024.jpg 1536w, https:\/\/ubanews.com\/site\/wp-content\/uploads\/2023\/10\/DSC1216-2048x1365.jpg 2048w, https:\/\/ubanews.com\/site\/wp-content\/uploads\/2023\/10\/DSC1216-1200x800.jpg 1200w, https:\/\/ubanews.com\/site\/wp-content\/uploads\/2023\/10\/DSC1216-120x80.jpg 120w\" data-sizes=\"(max-width: 551px) 100vw, 551px\" src=\"data:image\/svg+xml;base64,PHN2ZyB3aWR0aD0iMSIgaGVpZ2h0PSIxIiB4bWxucz0iaHR0cDovL3d3dy53My5vcmcvMjAwMC9zdmciPjwvc3ZnPg==\" style=\"--smush-placeholder-width: 551px; --smush-placeholder-aspect-ratio: 551\/367;\" \/> <img decoding=\"async\" class=\"aligncenter  wp-image-22073 lazyload\" data-src=\"https:\/\/ubanews.com\/site\/wp-content\/uploads\/2023\/10\/DSC1243-300x200.jpg\" alt=\"\" width=\"552\" height=\"368\" data-srcset=\"https:\/\/ubanews.com\/site\/wp-content\/uploads\/2023\/10\/DSC1243-300x200.jpg 300w, https:\/\/ubanews.com\/site\/wp-content\/uploads\/2023\/10\/DSC1243-1024x683.jpg 1024w, https:\/\/ubanews.com\/site\/wp-content\/uploads\/2023\/10\/DSC1243-768x512.jpg 768w, https:\/\/ubanews.com\/site\/wp-content\/uploads\/2023\/10\/DSC1243-1536x1024.jpg 1536w, https:\/\/ubanews.com\/site\/wp-content\/uploads\/2023\/10\/DSC1243-2048x1365.jpg 2048w, https:\/\/ubanews.com\/site\/wp-content\/uploads\/2023\/10\/DSC1243-1200x800.jpg 1200w, https:\/\/ubanews.com\/site\/wp-content\/uploads\/2023\/10\/DSC1243-120x80.jpg 120w\" data-sizes=\"(max-width: 552px) 100vw, 552px\" src=\"data:image\/svg+xml;base64,PHN2ZyB3aWR0aD0iMSIgaGVpZ2h0PSIxIiB4bWxucz0iaHR0cDovL3d3dy53My5vcmcvMjAwMC9zdmciPjwvc3ZnPg==\" style=\"--smush-placeholder-width: 552px; --smush-placeholder-aspect-ratio: 552\/368;\" \/> <img decoding=\"async\" class=\"aligncenter  wp-image-22075 lazyload\" data-src=\"https:\/\/ubanews.com\/site\/wp-content\/uploads\/2023\/10\/DSC1259-300x200.jpg\" alt=\"\" width=\"551\" height=\"367\" data-srcset=\"https:\/\/ubanews.com\/site\/wp-content\/uploads\/2023\/10\/DSC1259-300x200.jpg 300w, https:\/\/ubanews.com\/site\/wp-content\/uploads\/2023\/10\/DSC1259-1024x683.jpg 1024w, https:\/\/ubanews.com\/site\/wp-content\/uploads\/2023\/10\/DSC1259-768x512.jpg 768w, https:\/\/ubanews.com\/site\/wp-content\/uploads\/2023\/10\/DSC1259-1536x1024.jpg 1536w, https:\/\/ubanews.com\/site\/wp-content\/uploads\/2023\/10\/DSC1259-2048x1365.jpg 2048w, https:\/\/ubanews.com\/site\/wp-content\/uploads\/2023\/10\/DSC1259-1200x800.jpg 1200w, https:\/\/ubanews.com\/site\/wp-content\/uploads\/2023\/10\/DSC1259-120x80.jpg 120w\" data-sizes=\"(max-width: 551px) 100vw, 551px\" src=\"data:image\/svg+xml;base64,PHN2ZyB3aWR0aD0iMSIgaGVpZ2h0PSIxIiB4bWxucz0iaHR0cDovL3d3dy53My5vcmcvMjAwMC9zdmciPjwvc3ZnPg==\" style=\"--smush-placeholder-width: 551px; --smush-placeholder-aspect-ratio: 551\/367;\" \/> <img decoding=\"async\" class=\"aligncenter  wp-image-22076 lazyload\" data-src=\"https:\/\/ubanews.com\/site\/wp-content\/uploads\/2023\/10\/DSC1270-300x200.jpg\" alt=\"\" width=\"552\" height=\"368\" data-srcset=\"https:\/\/ubanews.com\/site\/wp-content\/uploads\/2023\/10\/DSC1270-300x200.jpg 300w, https:\/\/ubanews.com\/site\/wp-content\/uploads\/2023\/10\/DSC1270-1024x683.jpg 1024w, https:\/\/ubanews.com\/site\/wp-content\/uploads\/2023\/10\/DSC1270-768x512.jpg 768w, https:\/\/ubanews.com\/site\/wp-content\/uploads\/2023\/10\/DSC1270-1536x1024.jpg 1536w, https:\/\/ubanews.com\/site\/wp-content\/uploads\/2023\/10\/DSC1270-2048x1365.jpg 2048w, https:\/\/ubanews.com\/site\/wp-content\/uploads\/2023\/10\/DSC1270-1200x800.jpg 1200w, https:\/\/ubanews.com\/site\/wp-content\/uploads\/2023\/10\/DSC1270-120x80.jpg 120w\" data-sizes=\"(max-width: 552px) 100vw, 552px\" src=\"data:image\/svg+xml;base64,PHN2ZyB3aWR0aD0iMSIgaGVpZ2h0PSIxIiB4bWxucz0iaHR0cDovL3d3dy53My5vcmcvMjAwMC9zdmciPjwvc3ZnPg==\" style=\"--smush-placeholder-width: 552px; --smush-placeholder-aspect-ratio: 552\/368;\" \/> <img decoding=\"async\" class=\"aligncenter  wp-image-22077 lazyload\" data-src=\"https:\/\/ubanews.com\/site\/wp-content\/uploads\/2023\/10\/DSC1273-300x200.jpg\" alt=\"\" width=\"551\" height=\"367\" data-srcset=\"https:\/\/ubanews.com\/site\/wp-content\/uploads\/2023\/10\/DSC1273-300x200.jpg 300w, https:\/\/ubanews.com\/site\/wp-content\/uploads\/2023\/10\/DSC1273-1024x683.jpg 1024w, https:\/\/ubanews.com\/site\/wp-content\/uploads\/2023\/10\/DSC1273-768x512.jpg 768w, https:\/\/ubanews.com\/site\/wp-content\/uploads\/2023\/10\/DSC1273-1536x1024.jpg 1536w, https:\/\/ubanews.com\/site\/wp-content\/uploads\/2023\/10\/DSC1273-2048x1365.jpg 2048w, https:\/\/ubanews.com\/site\/wp-content\/uploads\/2023\/10\/DSC1273-1200x800.jpg 1200w, https:\/\/ubanews.com\/site\/wp-content\/uploads\/2023\/10\/DSC1273-120x80.jpg 120w\" data-sizes=\"(max-width: 551px) 100vw, 551px\" src=\"data:image\/svg+xml;base64,PHN2ZyB3aWR0aD0iMSIgaGVpZ2h0PSIxIiB4bWxucz0iaHR0cDovL3d3dy53My5vcmcvMjAwMC9zdmciPjwvc3ZnPg==\" style=\"--smush-placeholder-width: 551px; --smush-placeholder-aspect-ratio: 551\/367;\" \/> <img decoding=\"async\" class=\"aligncenter  wp-image-22079 lazyload\" data-src=\"https:\/\/ubanews.com\/site\/wp-content\/uploads\/2023\/10\/DSC1306-300x200.jpg\" alt=\"\" width=\"551\" height=\"367\" data-srcset=\"https:\/\/ubanews.com\/site\/wp-content\/uploads\/2023\/10\/DSC1306-300x200.jpg 300w, https:\/\/ubanews.com\/site\/wp-content\/uploads\/2023\/10\/DSC1306-1024x683.jpg 1024w, https:\/\/ubanews.com\/site\/wp-content\/uploads\/2023\/10\/DSC1306-768x512.jpg 768w, https:\/\/ubanews.com\/site\/wp-content\/uploads\/2023\/10\/DSC1306-1536x1024.jpg 1536w, https:\/\/ubanews.com\/site\/wp-content\/uploads\/2023\/10\/DSC1306-2048x1365.jpg 2048w, https:\/\/ubanews.com\/site\/wp-content\/uploads\/2023\/10\/DSC1306-1200x800.jpg 1200w, https:\/\/ubanews.com\/site\/wp-content\/uploads\/2023\/10\/DSC1306-120x80.jpg 120w\" data-sizes=\"(max-width: 551px) 100vw, 551px\" src=\"data:image\/svg+xml;base64,PHN2ZyB3aWR0aD0iMSIgaGVpZ2h0PSIxIiB4bWxucz0iaHR0cDovL3d3dy53My5vcmcvMjAwMC9zdmciPjwvc3ZnPg==\" style=\"--smush-placeholder-width: 551px; --smush-placeholder-aspect-ratio: 551\/367;\" \/><\/p>\n<p>Um dos aspectos mais not\u00e1veis desse novo Centro Administrativo \u00e9 o nome que carrega: Narciso Paulo Michelli, em homenagem ao saudoso ex-prefeito de Ub\u00e1, uma figura reverenciada por sua dedica\u00e7\u00e3o \u00e0 cidade. A cerim\u00f4nia de inaugura\u00e7\u00e3o contou com a presen\u00e7a da fam\u00edlia de Narciso, em especial sua esposa, Sra. Neide Moreira Michelli, carinhosamente chamada de Dona Neide por amigos e conterr\u00e2neos.<\/p>\n<p><img decoding=\"async\" class=\"aligncenter  wp-image-22078 lazyload\" data-src=\"https:\/\/ubanews.com\/site\/wp-content\/uploads\/2023\/10\/DSC1304-300x200.jpg\" alt=\"\" width=\"551\" height=\"367\" data-srcset=\"https:\/\/ubanews.com\/site\/wp-content\/uploads\/2023\/10\/DSC1304-300x200.jpg 300w, https:\/\/ubanews.com\/site\/wp-content\/uploads\/2023\/10\/DSC1304-1024x683.jpg 1024w, https:\/\/ubanews.com\/site\/wp-content\/uploads\/2023\/10\/DSC1304-768x512.jpg 768w, https:\/\/ubanews.com\/site\/wp-content\/uploads\/2023\/10\/DSC1304-1536x1024.jpg 1536w, https:\/\/ubanews.com\/site\/wp-content\/uploads\/2023\/10\/DSC1304-2048x1365.jpg 2048w, https:\/\/ubanews.com\/site\/wp-content\/uploads\/2023\/10\/DSC1304-1200x800.jpg 1200w, https:\/\/ubanews.com\/site\/wp-content\/uploads\/2023\/10\/DSC1304-120x80.jpg 120w\" data-sizes=\"(max-width: 551px) 100vw, 551px\" src=\"data:image\/svg+xml;base64,PHN2ZyB3aWR0aD0iMSIgaGVpZ2h0PSIxIiB4bWxucz0iaHR0cDovL3d3dy53My5vcmcvMjAwMC9zdmciPjwvc3ZnPg==\" style=\"--smush-placeholder-width: 551px; --smush-placeholder-aspect-ratio: 551\/367;\" \/><\/p>\n<p>Dona Neide brilhou durante o evento, dando entrevistas e posando para fotos, irradiando alegria e orgulho pelo tributo ao seu esposo. Ela \u00e9 uma dama da sociedade ubaense, conhecida e respeitada por sua atua\u00e7\u00e3o como bra\u00e7o direito do ex-prefeito e por ser uma importante voz nas decis\u00f5es da cidade de Ub\u00e1 ao longo dos anos.<\/p>\n<p><img decoding=\"async\" class=\"aligncenter  wp-image-22122 lazyload\" data-src=\"https:\/\/ubanews.com\/site\/wp-content\/uploads\/2023\/10\/DSC1445-300x200.jpg\" alt=\"\" width=\"552\" height=\"368\" data-srcset=\"https:\/\/ubanews.com\/site\/wp-content\/uploads\/2023\/10\/DSC1445-300x200.jpg 300w, https:\/\/ubanews.com\/site\/wp-content\/uploads\/2023\/10\/DSC1445-1024x683.jpg 1024w, https:\/\/ubanews.com\/site\/wp-content\/uploads\/2023\/10\/DSC1445-768x512.jpg 768w, https:\/\/ubanews.com\/site\/wp-content\/uploads\/2023\/10\/DSC1445-1536x1024.jpg 1536w, https:\/\/ubanews.com\/site\/wp-content\/uploads\/2023\/10\/DSC1445-2048x1365.jpg 2048w, https:\/\/ubanews.com\/site\/wp-content\/uploads\/2023\/10\/DSC1445-1200x800.jpg 1200w, https:\/\/ubanews.com\/site\/wp-content\/uploads\/2023\/10\/DSC1445-120x80.jpg 120w\" data-sizes=\"(max-width: 552px) 100vw, 552px\" src=\"data:image\/svg+xml;base64,PHN2ZyB3aWR0aD0iMSIgaGVpZ2h0PSIxIiB4bWxucz0iaHR0cDovL3d3dy53My5vcmcvMjAwMC9zdmciPjwvc3ZnPg==\" style=\"--smush-placeholder-width: 552px; --smush-placeholder-aspect-ratio: 552\/368;\" \/> <img decoding=\"async\" class=\"aligncenter  wp-image-22125 lazyload\" data-src=\"https:\/\/ubanews.com\/site\/wp-content\/uploads\/2023\/10\/DSC1451-300x200.jpg\" alt=\"\" width=\"551\" height=\"367\" data-srcset=\"https:\/\/ubanews.com\/site\/wp-content\/uploads\/2023\/10\/DSC1451-300x200.jpg 300w, https:\/\/ubanews.com\/site\/wp-content\/uploads\/2023\/10\/DSC1451-1024x683.jpg 1024w, https:\/\/ubanews.com\/site\/wp-content\/uploads\/2023\/10\/DSC1451-768x512.jpg 768w, https:\/\/ubanews.com\/site\/wp-content\/uploads\/2023\/10\/DSC1451-1536x1024.jpg 1536w, https:\/\/ubanews.com\/site\/wp-content\/uploads\/2023\/10\/DSC1451-2048x1365.jpg 2048w, https:\/\/ubanews.com\/site\/wp-content\/uploads\/2023\/10\/DSC1451-1200x800.jpg 1200w, https:\/\/ubanews.com\/site\/wp-content\/uploads\/2023\/10\/DSC1451-120x80.jpg 120w\" data-sizes=\"(max-width: 551px) 100vw, 551px\" src=\"data:image\/svg+xml;base64,PHN2ZyB3aWR0aD0iMSIgaGVpZ2h0PSIxIiB4bWxucz0iaHR0cDovL3d3dy53My5vcmcvMjAwMC9zdmciPjwvc3ZnPg==\" style=\"--smush-placeholder-width: 551px; --smush-placeholder-aspect-ratio: 551\/367;\" \/> <img decoding=\"async\" class=\"aligncenter  wp-image-22123 lazyload\" data-src=\"https:\/\/ubanews.com\/site\/wp-content\/uploads\/2023\/10\/DSC1446-300x200.jpg\" alt=\"\" width=\"551\" height=\"367\" data-srcset=\"https:\/\/ubanews.com\/site\/wp-content\/uploads\/2023\/10\/DSC1446-300x200.jpg 300w, https:\/\/ubanews.com\/site\/wp-content\/uploads\/2023\/10\/DSC1446-1024x683.jpg 1024w, https:\/\/ubanews.com\/site\/wp-content\/uploads\/2023\/10\/DSC1446-768x512.jpg 768w, https:\/\/ubanews.com\/site\/wp-content\/uploads\/2023\/10\/DSC1446-1536x1024.jpg 1536w, https:\/\/ubanews.com\/site\/wp-content\/uploads\/2023\/10\/DSC1446-2048x1365.jpg 2048w, https:\/\/ubanews.com\/site\/wp-content\/uploads\/2023\/10\/DSC1446-1200x800.jpg 1200w, https:\/\/ubanews.com\/site\/wp-content\/uploads\/2023\/10\/DSC1446-120x80.jpg 120w\" data-sizes=\"(max-width: 551px) 100vw, 551px\" src=\"data:image\/svg+xml;base64,PHN2ZyB3aWR0aD0iMSIgaGVpZ2h0PSIxIiB4bWxucz0iaHR0cDovL3d3dy53My5vcmcvMjAwMC9zdmciPjwvc3ZnPg==\" style=\"--smush-placeholder-width: 551px; --smush-placeholder-aspect-ratio: 551\/367;\" \/> <img decoding=\"async\" class=\"aligncenter  wp-image-22121 lazyload\" data-src=\"https:\/\/ubanews.com\/site\/wp-content\/uploads\/2023\/10\/DSC1442-300x200.jpg\" alt=\"\" width=\"552\" height=\"368\" data-srcset=\"https:\/\/ubanews.com\/site\/wp-content\/uploads\/2023\/10\/DSC1442-300x200.jpg 300w, https:\/\/ubanews.com\/site\/wp-content\/uploads\/2023\/10\/DSC1442-1024x683.jpg 1024w, https:\/\/ubanews.com\/site\/wp-content\/uploads\/2023\/10\/DSC1442-768x512.jpg 768w, https:\/\/ubanews.com\/site\/wp-content\/uploads\/2023\/10\/DSC1442-1536x1024.jpg 1536w, https:\/\/ubanews.com\/site\/wp-content\/uploads\/2023\/10\/DSC1442-2048x1365.jpg 2048w, https:\/\/ubanews.com\/site\/wp-content\/uploads\/2023\/10\/DSC1442-1200x800.jpg 1200w, https:\/\/ubanews.com\/site\/wp-content\/uploads\/2023\/10\/DSC1442-120x80.jpg 120w\" data-sizes=\"(max-width: 552px) 100vw, 552px\" src=\"data:image\/svg+xml;base64,PHN2ZyB3aWR0aD0iMSIgaGVpZ2h0PSIxIiB4bWxucz0iaHR0cDovL3d3dy53My5vcmcvMjAwMC9zdmciPjwvc3ZnPg==\" style=\"--smush-placeholder-width: 552px; --smush-placeholder-aspect-ratio: 552\/368;\" \/> <img decoding=\"async\" class=\"aligncenter  wp-image-22117 lazyload\" data-src=\"https:\/\/ubanews.com\/site\/wp-content\/uploads\/2023\/10\/DSC1437-300x200.jpg\" alt=\"\" width=\"551\" height=\"367\" data-srcset=\"https:\/\/ubanews.com\/site\/wp-content\/uploads\/2023\/10\/DSC1437-300x200.jpg 300w, https:\/\/ubanews.com\/site\/wp-content\/uploads\/2023\/10\/DSC1437-1024x683.jpg 1024w, https:\/\/ubanews.com\/site\/wp-content\/uploads\/2023\/10\/DSC1437-768x512.jpg 768w, https:\/\/ubanews.com\/site\/wp-content\/uploads\/2023\/10\/DSC1437-1536x1024.jpg 1536w, https:\/\/ubanews.com\/site\/wp-content\/uploads\/2023\/10\/DSC1437-2048x1365.jpg 2048w, https:\/\/ubanews.com\/site\/wp-content\/uploads\/2023\/10\/DSC1437-1200x800.jpg 1200w, https:\/\/ubanews.com\/site\/wp-content\/uploads\/2023\/10\/DSC1437-120x80.jpg 120w\" data-sizes=\"(max-width: 551px) 100vw, 551px\" src=\"data:image\/svg+xml;base64,PHN2ZyB3aWR0aD0iMSIgaGVpZ2h0PSIxIiB4bWxucz0iaHR0cDovL3d3dy53My5vcmcvMjAwMC9zdmciPjwvc3ZnPg==\" style=\"--smush-placeholder-width: 551px; --smush-placeholder-aspect-ratio: 551\/367;\" \/> <img decoding=\"async\" class=\"aligncenter  wp-image-22115 lazyload\" data-src=\"https:\/\/ubanews.com\/site\/wp-content\/uploads\/2023\/10\/DSC1428-300x200.jpg\" alt=\"\" width=\"551\" height=\"367\" data-srcset=\"https:\/\/ubanews.com\/site\/wp-content\/uploads\/2023\/10\/DSC1428-300x200.jpg 300w, https:\/\/ubanews.com\/site\/wp-content\/uploads\/2023\/10\/DSC1428-1024x683.jpg 1024w, https:\/\/ubanews.com\/site\/wp-content\/uploads\/2023\/10\/DSC1428-768x512.jpg 768w, https:\/\/ubanews.com\/site\/wp-content\/uploads\/2023\/10\/DSC1428-1536x1024.jpg 1536w, https:\/\/ubanews.com\/site\/wp-content\/uploads\/2023\/10\/DSC1428-2048x1365.jpg 2048w, https:\/\/ubanews.com\/site\/wp-content\/uploads\/2023\/10\/DSC1428-1200x800.jpg 1200w, https:\/\/ubanews.com\/site\/wp-content\/uploads\/2023\/10\/DSC1428-120x80.jpg 120w\" data-sizes=\"(max-width: 551px) 100vw, 551px\" src=\"data:image\/svg+xml;base64,PHN2ZyB3aWR0aD0iMSIgaGVpZ2h0PSIxIiB4bWxucz0iaHR0cDovL3d3dy53My5vcmcvMjAwMC9zdmciPjwvc3ZnPg==\" style=\"--smush-placeholder-width: 551px; --smush-placeholder-aspect-ratio: 551\/367;\" \/> <img decoding=\"async\" class=\"aligncenter  wp-image-22114 lazyload\" data-src=\"https:\/\/ubanews.com\/site\/wp-content\/uploads\/2023\/10\/DSC1427-300x200.jpg\" alt=\"\" width=\"551\" height=\"367\" data-srcset=\"https:\/\/ubanews.com\/site\/wp-content\/uploads\/2023\/10\/DSC1427-300x200.jpg 300w, https:\/\/ubanews.com\/site\/wp-content\/uploads\/2023\/10\/DSC1427-1024x683.jpg 1024w, https:\/\/ubanews.com\/site\/wp-content\/uploads\/2023\/10\/DSC1427-768x512.jpg 768w, https:\/\/ubanews.com\/site\/wp-content\/uploads\/2023\/10\/DSC1427-1536x1024.jpg 1536w, https:\/\/ubanews.com\/site\/wp-content\/uploads\/2023\/10\/DSC1427-2048x1365.jpg 2048w, https:\/\/ubanews.com\/site\/wp-content\/uploads\/2023\/10\/DSC1427-1200x800.jpg 1200w, https:\/\/ubanews.com\/site\/wp-content\/uploads\/2023\/10\/DSC1427-120x80.jpg 120w\" data-sizes=\"(max-width: 551px) 100vw, 551px\" src=\"data:image\/svg+xml;base64,PHN2ZyB3aWR0aD0iMSIgaGVpZ2h0PSIxIiB4bWxucz0iaHR0cDovL3d3dy53My5vcmcvMjAwMC9zdmciPjwvc3ZnPg==\" style=\"--smush-placeholder-width: 551px; --smush-placeholder-aspect-ratio: 551\/367;\" \/> <img decoding=\"async\" class=\"aligncenter  wp-image-22113 lazyload\" data-src=\"https:\/\/ubanews.com\/site\/wp-content\/uploads\/2023\/10\/DSC1425-300x200.jpg\" alt=\"\" width=\"551\" height=\"367\" data-srcset=\"https:\/\/ubanews.com\/site\/wp-content\/uploads\/2023\/10\/DSC1425-300x200.jpg 300w, https:\/\/ubanews.com\/site\/wp-content\/uploads\/2023\/10\/DSC1425-1024x683.jpg 1024w, https:\/\/ubanews.com\/site\/wp-content\/uploads\/2023\/10\/DSC1425-768x512.jpg 768w, https:\/\/ubanews.com\/site\/wp-content\/uploads\/2023\/10\/DSC1425-1536x1024.jpg 1536w, https:\/\/ubanews.com\/site\/wp-content\/uploads\/2023\/10\/DSC1425-2048x1365.jpg 2048w, https:\/\/ubanews.com\/site\/wp-content\/uploads\/2023\/10\/DSC1425-1200x800.jpg 1200w, https:\/\/ubanews.com\/site\/wp-content\/uploads\/2023\/10\/DSC1425-120x80.jpg 120w\" data-sizes=\"(max-width: 551px) 100vw, 551px\" src=\"data:image\/svg+xml;base64,PHN2ZyB3aWR0aD0iMSIgaGVpZ2h0PSIxIiB4bWxucz0iaHR0cDovL3d3dy53My5vcmcvMjAwMC9zdmciPjwvc3ZnPg==\" style=\"--smush-placeholder-width: 551px; --smush-placeholder-aspect-ratio: 551\/367;\" \/><\/p>\n<p>Hoje, 13 de outubro, \u00e9 um dia especial para Dona Neide Moreira Michelli, pois celebra mais um anivers\u00e1rio. O Portal Ubanews se une \u00e0 comunidade de Ub\u00e1 para desejar \u00e0 Dona Neide muita sa\u00fade, felicidades e prosperidade em seu dia especial. A sua presen\u00e7a e contribui\u00e7\u00e3o \u00e0 cidade de Ub\u00e1 continuam a ser inestim\u00e1veis. Feliz anivers\u00e1rio, Dona Neide!<\/p>\n","protected":false},"excerpt":{"rendered":"<p>No \u00faltimo dia 7 de outubro, feriado de Nossa Senhora<\/p>\n","protected":false},"author":4,"featured_media":0,"comment_status":"open","ping_status":"open","sticky":false,"template":"","format":"standard","meta":{"footnotes":""},"categories":[1],"tags":[],"class_list":["post-22178","post","type-post","status-publish","format-standard","hentry","category-sem-categoria"],"yoast_head":"<!-- This site is optimized with the Yoast SEO plugin v27.2 - https:\/\/yoast.com\/product\/yoast-seo-wordpress\/ -->\n<title>Novo Centro Administrativo de Ub\u00e1 \u00e9 Inaugurado em Homenagem ao Ex-Prefeito Narciso Paulo Michelli - Ub\u00e1 News<\/title>\n<meta name=\"robots\" content=\"index, follow, max-snippet:-1, max-image-preview:large, max-video-preview:-1\" \/>\n<link rel=\"canonical\" href=\"https:\/\/ubanews.com\/site\/2023\/10\/13\/novo-centro-administrativo-de-uba-e-inaugurado-em-homenagem-ao-ex-prefeito-narciso-paulo-michelli\/\" \/>\n<meta property=\"og:locale\" content=\"pt_BR\" \/>\n<meta property=\"og:type\" content=\"article\" \/>\n<meta property=\"og:title\" content=\"Novo Centro Administrativo de Ub\u00e1 \u00e9 Inaugurado em Homenagem ao Ex-Prefeito Narciso Paulo Michelli - Ub\u00e1 News\" \/>\n<meta property=\"og:description\" content=\"No \u00faltimo dia 7 de outubro, feriado de Nossa Senhora\" \/>\n<meta property=\"og:url\" content=\"https:\/\/ubanews.com\/site\/2023\/10\/13\/novo-centro-administrativo-de-uba-e-inaugurado-em-homenagem-ao-ex-prefeito-narciso-paulo-michelli\/\" \/>\n<meta property=\"og:site_name\" content=\"Ub\u00e1 News\" \/>\n<meta property=\"article:publisher\" content=\"https:\/\/www.facebook.com\/Ub%c3%a1News-Carlos-Roberto-Sodr%c3%a9-418778301977370\" \/>\n<meta property=\"article:published_time\" content=\"2023-10-13T16:00:58+00:00\" \/>\n<meta property=\"og:image\" content=\"http:\/\/ubanews.com\/site\/wp-content\/uploads\/2023\/10\/DSC1335-300x200.jpg\" \/>\n<meta name=\"author\" content=\"Carlos Roberto Sodr\u00e9\" \/>\n<meta name=\"twitter:card\" content=\"summary_large_image\" \/>\n<meta name=\"twitter:label1\" content=\"Escrito por\" \/>\n\t<meta name=\"twitter:data1\" content=\"Carlos Roberto Sodr\u00e9\" \/>\n\t<meta name=\"twitter:label2\" content=\"Est. tempo de leitura\" \/>\n\t<meta name=\"twitter:data2\" content=\"6 minutos\" \/>\n<script type=\"application\/ld+json\" class=\"yoast-schema-graph\">{\"@context\":\"https:\/\/schema.org\",\"@graph\":[{\"@type\":\"Article\",\"@id\":\"https:\/\/ubanews.com\/site\/2023\/10\/13\/novo-centro-administrativo-de-uba-e-inaugurado-em-homenagem-ao-ex-prefeito-narciso-paulo-michelli\/#article\",\"isPartOf\":{\"@id\":\"https:\/\/ubanews.com\/site\/2023\/10\/13\/novo-centro-administrativo-de-uba-e-inaugurado-em-homenagem-ao-ex-prefeito-narciso-paulo-michelli\/\"},\"author\":{\"name\":\"Carlos Roberto Sodr\u00e9\",\"@id\":\"https:\/\/ubanews.com\/site\/#\/schema\/person\/9d8da9ec3c8d00640ab6e8c81e103310\"},\"headline\":\"Novo Centro Administrativo de Ub\u00e1 \u00e9 Inaugurado em Homenagem ao Ex-Prefeito Narciso Paulo Michelli\",\"datePublished\":\"2023-10-13T16:00:58+00:00\",\"mainEntityOfPage\":{\"@id\":\"https:\/\/ubanews.com\/site\/2023\/10\/13\/novo-centro-administrativo-de-uba-e-inaugurado-em-homenagem-ao-ex-prefeito-narciso-paulo-michelli\/\"},\"wordCount\":309,\"commentCount\":0,\"publisher\":{\"@id\":\"https:\/\/ubanews.com\/site\/#organization\"},\"image\":{\"@id\":\"https:\/\/ubanews.com\/site\/2023\/10\/13\/novo-centro-administrativo-de-uba-e-inaugurado-em-homenagem-ao-ex-prefeito-narciso-paulo-michelli\/#primaryimage\"},\"thumbnailUrl\":\"http:\/\/ubanews.com\/site\/wp-content\/uploads\/2023\/10\/DSC1335-300x200.jpg\",\"articleSection\":[\"Geral\"],\"inLanguage\":\"pt-BR\",\"potentialAction\":[{\"@type\":\"CommentAction\",\"name\":\"Comment\",\"target\":[\"https:\/\/ubanews.com\/site\/2023\/10\/13\/novo-centro-administrativo-de-uba-e-inaugurado-em-homenagem-ao-ex-prefeito-narciso-paulo-michelli\/#respond\"]}]},{\"@type\":\"WebPage\",\"@id\":\"https:\/\/ubanews.com\/site\/2023\/10\/13\/novo-centro-administrativo-de-uba-e-inaugurado-em-homenagem-ao-ex-prefeito-narciso-paulo-michelli\/\",\"url\":\"https:\/\/ubanews.com\/site\/2023\/10\/13\/novo-centro-administrativo-de-uba-e-inaugurado-em-homenagem-ao-ex-prefeito-narciso-paulo-michelli\/\",\"name\":\"Novo Centro Administrativo de Ub\u00e1 \u00e9 Inaugurado em Homenagem ao Ex-Prefeito Narciso Paulo Michelli - Ub\u00e1 News\",\"isPartOf\":{\"@id\":\"https:\/\/ubanews.com\/site\/#website\"},\"primaryImageOfPage\":{\"@id\":\"https:\/\/ubanews.com\/site\/2023\/10\/13\/novo-centro-administrativo-de-uba-e-inaugurado-em-homenagem-ao-ex-prefeito-narciso-paulo-michelli\/#primaryimage\"},\"image\":{\"@id\":\"https:\/\/ubanews.com\/site\/2023\/10\/13\/novo-centro-administrativo-de-uba-e-inaugurado-em-homenagem-ao-ex-prefeito-narciso-paulo-michelli\/#primaryimage\"},\"thumbnailUrl\":\"http:\/\/ubanews.com\/site\/wp-content\/uploads\/2023\/10\/DSC1335-300x200.jpg\",\"datePublished\":\"2023-10-13T16:00:58+00:00\",\"breadcrumb\":{\"@id\":\"https:\/\/ubanews.com\/site\/2023\/10\/13\/novo-centro-administrativo-de-uba-e-inaugurado-em-homenagem-ao-ex-prefeito-narciso-paulo-michelli\/#breadcrumb\"},\"inLanguage\":\"pt-BR\",\"potentialAction\":[{\"@type\":\"ReadAction\",\"target\":[\"https:\/\/ubanews.com\/site\/2023\/10\/13\/novo-centro-administrativo-de-uba-e-inaugurado-em-homenagem-ao-ex-prefeito-narciso-paulo-michelli\/\"]}]},{\"@type\":\"ImageObject\",\"inLanguage\":\"pt-BR\",\"@id\":\"https:\/\/ubanews.com\/site\/2023\/10\/13\/novo-centro-administrativo-de-uba-e-inaugurado-em-homenagem-ao-ex-prefeito-narciso-paulo-michelli\/#primaryimage\",\"url\":\"https:\/\/ubanews.com\/site\/wp-content\/uploads\/2023\/10\/DSC1335-scaled.jpg\",\"contentUrl\":\"https:\/\/ubanews.com\/site\/wp-content\/uploads\/2023\/10\/DSC1335-scaled.jpg\",\"width\":2560,\"height\":1707},{\"@type\":\"BreadcrumbList\",\"@id\":\"https:\/\/ubanews.com\/site\/2023\/10\/13\/novo-centro-administrativo-de-uba-e-inaugurado-em-homenagem-ao-ex-prefeito-narciso-paulo-michelli\/#breadcrumb\",\"itemListElement\":[{\"@type\":\"ListItem\",\"position\":1,\"name\":\"Home\",\"item\":\"https:\/\/ubanews.com\/site\/\"},{\"@type\":\"ListItem\",\"position\":2,\"name\":\"Novo Centro Administrativo de Ub\u00e1 \u00e9 Inaugurado em Homenagem ao Ex-Prefeito Narciso Paulo Michelli\"}]},{\"@type\":\"WebSite\",\"@id\":\"https:\/\/ubanews.com\/site\/#website\",\"url\":\"https:\/\/ubanews.com\/site\/\",\"name\":\"Ub\u00e1 News\",\"description\":\"\",\"publisher\":{\"@id\":\"https:\/\/ubanews.com\/site\/#organization\"},\"potentialAction\":[{\"@type\":\"SearchAction\",\"target\":{\"@type\":\"EntryPoint\",\"urlTemplate\":\"https:\/\/ubanews.com\/site\/?s={search_term_string}\"},\"query-input\":{\"@type\":\"PropertyValueSpecification\",\"valueRequired\":true,\"valueName\":\"search_term_string\"}}],\"inLanguage\":\"pt-BR\"},{\"@type\":\"Organization\",\"@id\":\"https:\/\/ubanews.com\/site\/#organization\",\"name\":\"Ub\u00e1 News\",\"url\":\"https:\/\/ubanews.com\/site\/\",\"logo\":{\"@type\":\"ImageObject\",\"inLanguage\":\"pt-BR\",\"@id\":\"https:\/\/ubanews.com\/site\/#\/schema\/logo\/image\/\",\"url\":\"https:\/\/ubanews.com\/site\/wp-content\/uploads\/2018\/01\/logoubanews.png\",\"contentUrl\":\"https:\/\/ubanews.com\/site\/wp-content\/uploads\/2018\/01\/logoubanews.png\",\"width\":261,\"height\":99,\"caption\":\"Ub\u00e1 News\"},\"image\":{\"@id\":\"https:\/\/ubanews.com\/site\/#\/schema\/logo\/image\/\"},\"sameAs\":[\"https:\/\/www.facebook.com\/Ub\u00e1News-Carlos-Roberto-Sodr\u00e9-418778301977370\"]},{\"@type\":\"Person\",\"@id\":\"https:\/\/ubanews.com\/site\/#\/schema\/person\/9d8da9ec3c8d00640ab6e8c81e103310\",\"name\":\"Carlos Roberto Sodr\u00e9\",\"image\":{\"@type\":\"ImageObject\",\"inLanguage\":\"pt-BR\",\"@id\":\"https:\/\/secure.gravatar.com\/avatar\/aab322e8555b56c468614fafdab8a8f924e394cdc6cfd8232f77e9e4d123a133?s=96&d=mm&r=g\",\"url\":\"https:\/\/secure.gravatar.com\/avatar\/aab322e8555b56c468614fafdab8a8f924e394cdc6cfd8232f77e9e4d123a133?s=96&d=mm&r=g\",\"contentUrl\":\"https:\/\/secure.gravatar.com\/avatar\/aab322e8555b56c468614fafdab8a8f924e394cdc6cfd8232f77e9e4d123a133?s=96&d=mm&r=g\",\"caption\":\"Carlos Roberto Sodr\u00e9\"},\"url\":\"https:\/\/ubanews.com\/site\/author\/sodre\/\"}]}<\/script>\n<!-- \/ Yoast SEO plugin. -->","yoast_head_json":{"title":"Novo Centro Administrativo de Ub\u00e1 \u00e9 Inaugurado em Homenagem ao Ex-Prefeito Narciso Paulo Michelli - Ub\u00e1 News","robots":{"index":"index","follow":"follow","max-snippet":"max-snippet:-1","max-image-preview":"max-image-preview:large","max-video-preview":"max-video-preview:-1"},"canonical":"https:\/\/ubanews.com\/site\/2023\/10\/13\/novo-centro-administrativo-de-uba-e-inaugurado-em-homenagem-ao-ex-prefeito-narciso-paulo-michelli\/","og_locale":"pt_BR","og_type":"article","og_title":"Novo Centro Administrativo de Ub\u00e1 \u00e9 Inaugurado em Homenagem ao Ex-Prefeito Narciso Paulo Michelli - Ub\u00e1 News","og_description":"No \u00faltimo dia 7 de outubro, feriado de Nossa Senhora","og_url":"https:\/\/ubanews.com\/site\/2023\/10\/13\/novo-centro-administrativo-de-uba-e-inaugurado-em-homenagem-ao-ex-prefeito-narciso-paulo-michelli\/","og_site_name":"Ub\u00e1 News","article_publisher":"https:\/\/www.facebook.com\/Ub%c3%a1News-Carlos-Roberto-Sodr%c3%a9-418778301977370","article_published_time":"2023-10-13T16:00:58+00:00","og_image":[{"url":"http:\/\/ubanews.com\/site\/wp-content\/uploads\/2023\/10\/DSC1335-300x200.jpg","type":"","width":"","height":""}],"author":"Carlos Roberto Sodr\u00e9","twitter_card":"summary_large_image","twitter_misc":{"Escrito por":"Carlos Roberto Sodr\u00e9","Est. tempo de leitura":"6 minutos"},"schema":{"@context":"https:\/\/schema.org","@graph":[{"@type":"Article","@id":"https:\/\/ubanews.com\/site\/2023\/10\/13\/novo-centro-administrativo-de-uba-e-inaugurado-em-homenagem-ao-ex-prefeito-narciso-paulo-michelli\/#article","isPartOf":{"@id":"https:\/\/ubanews.com\/site\/2023\/10\/13\/novo-centro-administrativo-de-uba-e-inaugurado-em-homenagem-ao-ex-prefeito-narciso-paulo-michelli\/"},"author":{"name":"Carlos Roberto Sodr\u00e9","@id":"https:\/\/ubanews.com\/site\/#\/schema\/person\/9d8da9ec3c8d00640ab6e8c81e103310"},"headline":"Novo Centro Administrativo de Ub\u00e1 \u00e9 Inaugurado em Homenagem ao Ex-Prefeito Narciso Paulo Michelli","datePublished":"2023-10-13T16:00:58+00:00","mainEntityOfPage":{"@id":"https:\/\/ubanews.com\/site\/2023\/10\/13\/novo-centro-administrativo-de-uba-e-inaugurado-em-homenagem-ao-ex-prefeito-narciso-paulo-michelli\/"},"wordCount":309,"commentCount":0,"publisher":{"@id":"https:\/\/ubanews.com\/site\/#organization"},"image":{"@id":"https:\/\/ubanews.com\/site\/2023\/10\/13\/novo-centro-administrativo-de-uba-e-inaugurado-em-homenagem-ao-ex-prefeito-narciso-paulo-michelli\/#primaryimage"},"thumbnailUrl":"http:\/\/ubanews.com\/site\/wp-content\/uploads\/2023\/10\/DSC1335-300x200.jpg","articleSection":["Geral"],"inLanguage":"pt-BR","potentialAction":[{"@type":"CommentAction","name":"Comment","target":["https:\/\/ubanews.com\/site\/2023\/10\/13\/novo-centro-administrativo-de-uba-e-inaugurado-em-homenagem-ao-ex-prefeito-narciso-paulo-michelli\/#respond"]}]},{"@type":"WebPage","@id":"https:\/\/ubanews.com\/site\/2023\/10\/13\/novo-centro-administrativo-de-uba-e-inaugurado-em-homenagem-ao-ex-prefeito-narciso-paulo-michelli\/","url":"https:\/\/ubanews.com\/site\/2023\/10\/13\/novo-centro-administrativo-de-uba-e-inaugurado-em-homenagem-ao-ex-prefeito-narciso-paulo-michelli\/","name":"Novo Centro Administrativo de Ub\u00e1 \u00e9 Inaugurado em Homenagem ao Ex-Prefeito Narciso Paulo Michelli - Ub\u00e1 News","isPartOf":{"@id":"https:\/\/ubanews.com\/site\/#website"},"primaryImageOfPage":{"@id":"https:\/\/ubanews.com\/site\/2023\/10\/13\/novo-centro-administrativo-de-uba-e-inaugurado-em-homenagem-ao-ex-prefeito-narciso-paulo-michelli\/#primaryimage"},"image":{"@id":"https:\/\/ubanews.com\/site\/2023\/10\/13\/novo-centro-administrativo-de-uba-e-inaugurado-em-homenagem-ao-ex-prefeito-narciso-paulo-michelli\/#primaryimage"},"thumbnailUrl":"http:\/\/ubanews.com\/site\/wp-content\/uploads\/2023\/10\/DSC1335-300x200.jpg","datePublished":"2023-10-13T16:00:58+00:00","breadcrumb":{"@id":"https:\/\/ubanews.com\/site\/2023\/10\/13\/novo-centro-administrativo-de-uba-e-inaugurado-em-homenagem-ao-ex-prefeito-narciso-paulo-michelli\/#breadcrumb"},"inLanguage":"pt-BR","potentialAction":[{"@type":"ReadAction","target":["https:\/\/ubanews.com\/site\/2023\/10\/13\/novo-centro-administrativo-de-uba-e-inaugurado-em-homenagem-ao-ex-prefeito-narciso-paulo-michelli\/"]}]},{"@type":"ImageObject","inLanguage":"pt-BR","@id":"https:\/\/ubanews.com\/site\/2023\/10\/13\/novo-centro-administrativo-de-uba-e-inaugurado-em-homenagem-ao-ex-prefeito-narciso-paulo-michelli\/#primaryimage","url":"https:\/\/ubanews.com\/site\/wp-content\/uploads\/2023\/10\/DSC1335-scaled.jpg","contentUrl":"https:\/\/ubanews.com\/site\/wp-content\/uploads\/2023\/10\/DSC1335-scaled.jpg","width":2560,"height":1707},{"@type":"BreadcrumbList","@id":"https:\/\/ubanews.com\/site\/2023\/10\/13\/novo-centro-administrativo-de-uba-e-inaugurado-em-homenagem-ao-ex-prefeito-narciso-paulo-michelli\/#breadcrumb","itemListElement":[{"@type":"ListItem","position":1,"name":"Home","item":"https:\/\/ubanews.com\/site\/"},{"@type":"ListItem","position":2,"name":"Novo Centro Administrativo de Ub\u00e1 \u00e9 Inaugurado em Homenagem ao Ex-Prefeito Narciso Paulo Michelli"}]},{"@type":"WebSite","@id":"https:\/\/ubanews.com\/site\/#website","url":"https:\/\/ubanews.com\/site\/","name":"Ub\u00e1 News","description":"","publisher":{"@id":"https:\/\/ubanews.com\/site\/#organization"},"potentialAction":[{"@type":"SearchAction","target":{"@type":"EntryPoint","urlTemplate":"https:\/\/ubanews.com\/site\/?s={search_term_string}"},"query-input":{"@type":"PropertyValueSpecification","valueRequired":true,"valueName":"search_term_string"}}],"inLanguage":"pt-BR"},{"@type":"Organization","@id":"https:\/\/ubanews.com\/site\/#organization","name":"Ub\u00e1 News","url":"https:\/\/ubanews.com\/site\/","logo":{"@type":"ImageObject","inLanguage":"pt-BR","@id":"https:\/\/ubanews.com\/site\/#\/schema\/logo\/image\/","url":"https:\/\/ubanews.com\/site\/wp-content\/uploads\/2018\/01\/logoubanews.png","contentUrl":"https:\/\/ubanews.com\/site\/wp-content\/uploads\/2018\/01\/logoubanews.png","width":261,"height":99,"caption":"Ub\u00e1 News"},"image":{"@id":"https:\/\/ubanews.com\/site\/#\/schema\/logo\/image\/"},"sameAs":["https:\/\/www.facebook.com\/Ub\u00e1News-Carlos-Roberto-Sodr\u00e9-418778301977370"]},{"@type":"Person","@id":"https:\/\/ubanews.com\/site\/#\/schema\/person\/9d8da9ec3c8d00640ab6e8c81e103310","name":"Carlos Roberto Sodr\u00e9","image":{"@type":"ImageObject","inLanguage":"pt-BR","@id":"https:\/\/secure.gravatar.com\/avatar\/aab322e8555b56c468614fafdab8a8f924e394cdc6cfd8232f77e9e4d123a133?s=96&d=mm&r=g","url":"https:\/\/secure.gravatar.com\/avatar\/aab322e8555b56c468614fafdab8a8f924e394cdc6cfd8232f77e9e4d123a133?s=96&d=mm&r=g","contentUrl":"https:\/\/secure.gravatar.com\/avatar\/aab322e8555b56c468614fafdab8a8f924e394cdc6cfd8232f77e9e4d123a133?s=96&d=mm&r=g","caption":"Carlos Roberto Sodr\u00e9"},"url":"https:\/\/ubanews.com\/site\/author\/sodre\/"}]}},"_links":{"self":[{"href":"https:\/\/ubanews.com\/site\/wp-json\/wp\/v2\/posts\/22178","targetHints":{"allow":["GET"]}}],"collection":[{"href":"https:\/\/ubanews.com\/site\/wp-json\/wp\/v2\/posts"}],"about":[{"href":"https:\/\/ubanews.com\/site\/wp-json\/wp\/v2\/types\/post"}],"author":[{"embeddable":true,"href":"https:\/\/ubanews.com\/site\/wp-json\/wp\/v2\/users\/4"}],"replies":[{"embeddable":true,"href":"https:\/\/ubanews.com\/site\/wp-json\/wp\/v2\/comments?post=22178"}],"version-history":[{"count":0,"href":"https:\/\/ubanews.com\/site\/wp-json\/wp\/v2\/posts\/22178\/revisions"}],"wp:attachment":[{"href":"https:\/\/ubanews.com\/site\/wp-json\/wp\/v2\/media?parent=22178"}],"wp:term":[{"taxonomy":"category","embeddable":true,"href":"https:\/\/ubanews.com\/site\/wp-json\/wp\/v2\/categories?post=22178"},{"taxonomy":"post_tag","embeddable":true,"href":"https:\/\/ubanews.com\/site\/wp-json\/wp\/v2\/tags?post=22178"}],"curies":[{"name":"wp","href":"https:\/\/api.w.org\/{rel}","templated":true}]}}