{"id":22165,"date":"2023-10-09T09:45:15","date_gmt":"2023-10-09T12:45:15","guid":{"rendered":"http:\/\/ubanews.com\/site\/?p=22165"},"modified":"2023-10-09T09:45:15","modified_gmt":"2023-10-09T12:45:15","slug":"educacao-no-transito-um-chamado-a-consciencia","status":"publish","type":"post","link":"https:\/\/ubanews.com\/site\/2023\/10\/09\/educacao-no-transito-um-chamado-a-consciencia\/","title":{"rendered":"Educa\u00e7\u00e3o no tr\u00e2nsito: Um chamado \u00e0 consci\u00eancia"},"content":{"rendered":"<p>Atropelamento durante inaugura\u00e7\u00e3o do Centro Administrativo destaca a necessidade de promover a educa\u00e7\u00e3o no tr\u00e2nsito<\/p>\n<p><img decoding=\"async\" class=\"aligncenter  wp-image-22162 lazyload\" data-src=\"https:\/\/ubanews.com\/site\/wp-content\/uploads\/2023\/10\/WhatsApp-Image-2023-10-09-at-09.13.32-1-300x225.jpeg\" alt=\"\" width=\"551\" height=\"413\" data-srcset=\"https:\/\/ubanews.com\/site\/wp-content\/uploads\/2023\/10\/WhatsApp-Image-2023-10-09-at-09.13.32-1-300x225.jpeg 300w, https:\/\/ubanews.com\/site\/wp-content\/uploads\/2023\/10\/WhatsApp-Image-2023-10-09-at-09.13.32-1-768x576.jpeg 768w, https:\/\/ubanews.com\/site\/wp-content\/uploads\/2023\/10\/WhatsApp-Image-2023-10-09-at-09.13.32-1.jpeg 1024w\" data-sizes=\"(max-width: 551px) 100vw, 551px\" src=\"data:image\/svg+xml;base64,PHN2ZyB3aWR0aD0iMSIgaGVpZ2h0PSIxIiB4bWxucz0iaHR0cDovL3d3dy53My5vcmcvMjAwMC9zdmciPjwvc3ZnPg==\" style=\"--smush-placeholder-width: 551px; --smush-placeholder-aspect-ratio: 551\/413;\" \/><\/p>\n<p>No \u00faltimo dia 7 de outubro, um acidente na Av. Beira Rio, em frente ao rec\u00e9m-inaugurado Centro Administrativo Prefeito Narciso Paulo Michelli, reacendeu a discuss\u00e3o sobre a import\u00e2ncia da educa\u00e7\u00e3o no tr\u00e2nsito. Uma senhora, que atravessava na faixa de pedestres, foi atropelada por uma motocicleta irregular, cujo condutor n\u00e3o possu\u00eda Carteira Nacional de Habilita\u00e7\u00e3o (CNH). O incidente ocorreu durante a inaugura\u00e7\u00e3o do novo Pa\u00e7o Municipal, exigindo a pronta interven\u00e7\u00e3o do Corpo de Bombeiros e da Guarda Civil Municipal para prestar assist\u00eancia \u00e0 v\u00edtima.<\/p>\n<p><img decoding=\"async\" class=\"aligncenter  wp-image-22163 lazyload\" data-src=\"https:\/\/ubanews.com\/site\/wp-content\/uploads\/2023\/10\/WhatsApp-Image-2023-10-09-at-09.13.32-300x225.jpeg\" alt=\"\" width=\"552\" height=\"414\" data-srcset=\"https:\/\/ubanews.com\/site\/wp-content\/uploads\/2023\/10\/WhatsApp-Image-2023-10-09-at-09.13.32-300x225.jpeg 300w, https:\/\/ubanews.com\/site\/wp-content\/uploads\/2023\/10\/WhatsApp-Image-2023-10-09-at-09.13.32-768x576.jpeg 768w, https:\/\/ubanews.com\/site\/wp-content\/uploads\/2023\/10\/WhatsApp-Image-2023-10-09-at-09.13.32.jpeg 916w\" data-sizes=\"(max-width: 552px) 100vw, 552px\" src=\"data:image\/svg+xml;base64,PHN2ZyB3aWR0aD0iMSIgaGVpZ2h0PSIxIiB4bWxucz0iaHR0cDovL3d3dy53My5vcmcvMjAwMC9zdmciPjwvc3ZnPg==\" style=\"--smush-placeholder-width: 552px; --smush-placeholder-aspect-ratio: 552\/414;\" \/> <img decoding=\"async\" class=\"aligncenter  wp-image-22157 lazyload\" data-src=\"https:\/\/ubanews.com\/site\/wp-content\/uploads\/2023\/10\/WhatsApp-Image-2023-10-09-at-09.13.33-3-300x262.jpeg\" alt=\"\" width=\"551\" height=\"481\" data-srcset=\"https:\/\/ubanews.com\/site\/wp-content\/uploads\/2023\/10\/WhatsApp-Image-2023-10-09-at-09.13.33-3-300x262.jpeg 300w, https:\/\/ubanews.com\/site\/wp-content\/uploads\/2023\/10\/WhatsApp-Image-2023-10-09-at-09.13.33-3.jpeg 768w\" data-sizes=\"(max-width: 551px) 100vw, 551px\" src=\"data:image\/svg+xml;base64,PHN2ZyB3aWR0aD0iMSIgaGVpZ2h0PSIxIiB4bWxucz0iaHR0cDovL3d3dy53My5vcmcvMjAwMC9zdmciPjwvc3ZnPg==\" style=\"--smush-placeholder-width: 551px; --smush-placeholder-aspect-ratio: 551\/481;\" \/> <img decoding=\"async\" class=\"aligncenter  wp-image-22161 lazyload\" data-src=\"https:\/\/ubanews.com\/site\/wp-content\/uploads\/2023\/10\/WhatsApp-Image-2023-10-09-at-09.13.32-2-300x225.jpeg\" alt=\"\" width=\"552\" height=\"414\" data-srcset=\"https:\/\/ubanews.com\/site\/wp-content\/uploads\/2023\/10\/WhatsApp-Image-2023-10-09-at-09.13.32-2-300x225.jpeg 300w, https:\/\/ubanews.com\/site\/wp-content\/uploads\/2023\/10\/WhatsApp-Image-2023-10-09-at-09.13.32-2-768x576.jpeg 768w, https:\/\/ubanews.com\/site\/wp-content\/uploads\/2023\/10\/WhatsApp-Image-2023-10-09-at-09.13.32-2.jpeg 1024w\" data-sizes=\"(max-width: 552px) 100vw, 552px\" src=\"data:image\/svg+xml;base64,PHN2ZyB3aWR0aD0iMSIgaGVpZ2h0PSIxIiB4bWxucz0iaHR0cDovL3d3dy53My5vcmcvMjAwMC9zdmciPjwvc3ZnPg==\" style=\"--smush-placeholder-width: 552px; --smush-placeholder-aspect-ratio: 552\/414;\" \/> <img decoding=\"async\" class=\"aligncenter  wp-image-22164 lazyload\" data-src=\"https:\/\/ubanews.com\/site\/wp-content\/uploads\/2023\/10\/WhatsApp-Image-2023-10-09-at-09.13.31-300x225.jpeg\" alt=\"\" width=\"552\" height=\"414\" data-srcset=\"https:\/\/ubanews.com\/site\/wp-content\/uploads\/2023\/10\/WhatsApp-Image-2023-10-09-at-09.13.31-300x225.jpeg 300w, https:\/\/ubanews.com\/site\/wp-content\/uploads\/2023\/10\/WhatsApp-Image-2023-10-09-at-09.13.31-768x576.jpeg 768w, https:\/\/ubanews.com\/site\/wp-content\/uploads\/2023\/10\/WhatsApp-Image-2023-10-09-at-09.13.31.jpeg 1024w\" data-sizes=\"(max-width: 552px) 100vw, 552px\" src=\"data:image\/svg+xml;base64,PHN2ZyB3aWR0aD0iMSIgaGVpZ2h0PSIxIiB4bWxucz0iaHR0cDovL3d3dy53My5vcmcvMjAwMC9zdmciPjwvc3ZnPg==\" style=\"--smush-placeholder-width: 552px; --smush-placeholder-aspect-ratio: 552\/414;\" \/><\/p>\n<p>O acidente, que poderia ter sido evitado, revelou uma s\u00e9rie de erros por parte do condutor da motocicleta. Al\u00e9m de estar desprovido de uma CNH, a moto estava com o documento atrasado, o que indica uma neglig\u00eancia em rela\u00e7\u00e3o \u00e0 regulariza\u00e7\u00e3o do ve\u00edculo. Al\u00e9m disso, o condutor usava chinelos enquanto pilotava, al\u00e9m da motocicleta estar sem os retrovisores. Essa sequ\u00eancia de equ\u00edvocos reflete a falta de educa\u00e7\u00e3o no tr\u00e2nsito, que est\u00e1 longe de ser um problema isolado.<\/p>\n<p><img decoding=\"async\" class=\"aligncenter  wp-image-22160 lazyload\" data-src=\"https:\/\/ubanews.com\/site\/wp-content\/uploads\/2023\/10\/WhatsApp-Image-2023-10-09-at-09.13.33-300x225.jpeg\" alt=\"\" width=\"552\" height=\"414\" data-srcset=\"https:\/\/ubanews.com\/site\/wp-content\/uploads\/2023\/10\/WhatsApp-Image-2023-10-09-at-09.13.33-300x225.jpeg 300w, https:\/\/ubanews.com\/site\/wp-content\/uploads\/2023\/10\/WhatsApp-Image-2023-10-09-at-09.13.33-768x576.jpeg 768w, https:\/\/ubanews.com\/site\/wp-content\/uploads\/2023\/10\/WhatsApp-Image-2023-10-09-at-09.13.33.jpeg 1024w\" data-sizes=\"(max-width: 552px) 100vw, 552px\" src=\"data:image\/svg+xml;base64,PHN2ZyB3aWR0aD0iMSIgaGVpZ2h0PSIxIiB4bWxucz0iaHR0cDovL3d3dy53My5vcmcvMjAwMC9zdmciPjwvc3ZnPg==\" style=\"--smush-placeholder-width: 552px; --smush-placeholder-aspect-ratio: 552\/414;\" \/> <img decoding=\"async\" class=\"aligncenter  wp-image-22159 lazyload\" data-src=\"https:\/\/ubanews.com\/site\/wp-content\/uploads\/2023\/10\/WhatsApp-Image-2023-10-09-at-09.13.33-1-300x225.jpeg\" alt=\"\" width=\"551\" height=\"413\" data-srcset=\"https:\/\/ubanews.com\/site\/wp-content\/uploads\/2023\/10\/WhatsApp-Image-2023-10-09-at-09.13.33-1-300x225.jpeg 300w, https:\/\/ubanews.com\/site\/wp-content\/uploads\/2023\/10\/WhatsApp-Image-2023-10-09-at-09.13.33-1-768x576.jpeg 768w, https:\/\/ubanews.com\/site\/wp-content\/uploads\/2023\/10\/WhatsApp-Image-2023-10-09-at-09.13.33-1.jpeg 1024w\" data-sizes=\"(max-width: 551px) 100vw, 551px\" src=\"data:image\/svg+xml;base64,PHN2ZyB3aWR0aD0iMSIgaGVpZ2h0PSIxIiB4bWxucz0iaHR0cDovL3d3dy53My5vcmcvMjAwMC9zdmciPjwvc3ZnPg==\" style=\"--smush-placeholder-width: 551px; --smush-placeholder-aspect-ratio: 551\/413;\" \/><\/p>\n<p>A seguran\u00e7a vi\u00e1ria \u00e9 uma responsabilidade compartilhada por todos os envolvidos no tr\u00e2nsito, sejam eles motoristas, motociclistas, pedestres ou ciclistas. A educa\u00e7\u00e3o no tr\u00e2nsito desempenha um papel fundamental na preven\u00e7\u00e3o de acidentes e na promo\u00e7\u00e3o de um ambiente vi\u00e1rio mais seguro. Infelizmente, casos como o ocorrido na Av. Beira Rio s\u00e3o um lembrete doloroso de que ainda h\u00e1 muito a ser feito nesse sentido.<\/p>\n","protected":false},"excerpt":{"rendered":"<p>Atropelamento durante inaugura\u00e7\u00e3o do Centro Administrativo destaca a necessidade de<\/p>\n","protected":false},"author":4,"featured_media":0,"comment_status":"open","ping_status":"open","sticky":false,"template":"","format":"standard","meta":{"footnotes":""},"categories":[1],"tags":[],"class_list":["post-22165","post","type-post","status-publish","format-standard","hentry","category-sem-categoria"],"yoast_head":"<!-- This site is optimized with the Yoast SEO plugin v27.2 - https:\/\/yoast.com\/product\/yoast-seo-wordpress\/ -->\n<title>Educa\u00e7\u00e3o no tr\u00e2nsito: Um chamado \u00e0 consci\u00eancia - Ub\u00e1 News<\/title>\n<meta name=\"robots\" content=\"index, follow, max-snippet:-1, max-image-preview:large, max-video-preview:-1\" \/>\n<link rel=\"canonical\" href=\"https:\/\/ubanews.com\/site\/2023\/10\/09\/educacao-no-transito-um-chamado-a-consciencia\/\" \/>\n<meta property=\"og:locale\" content=\"pt_BR\" \/>\n<meta property=\"og:type\" content=\"article\" \/>\n<meta property=\"og:title\" content=\"Educa\u00e7\u00e3o no tr\u00e2nsito: Um chamado \u00e0 consci\u00eancia - Ub\u00e1 News\" \/>\n<meta property=\"og:description\" content=\"Atropelamento durante inaugura\u00e7\u00e3o do Centro Administrativo destaca a necessidade de\" \/>\n<meta property=\"og:url\" content=\"https:\/\/ubanews.com\/site\/2023\/10\/09\/educacao-no-transito-um-chamado-a-consciencia\/\" \/>\n<meta property=\"og:site_name\" content=\"Ub\u00e1 News\" \/>\n<meta property=\"article:publisher\" content=\"https:\/\/www.facebook.com\/Ub%c3%a1News-Carlos-Roberto-Sodr%c3%a9-418778301977370\" \/>\n<meta property=\"article:published_time\" content=\"2023-10-09T12:45:15+00:00\" \/>\n<meta property=\"og:image\" content=\"http:\/\/ubanews.com\/site\/wp-content\/uploads\/2023\/10\/WhatsApp-Image-2023-10-09-at-09.13.32-1-300x225.jpeg\" \/>\n<meta name=\"author\" content=\"Carlos Roberto Sodr\u00e9\" \/>\n<meta name=\"twitter:card\" content=\"summary_large_image\" \/>\n<meta name=\"twitter:label1\" content=\"Escrito por\" \/>\n\t<meta name=\"twitter:data1\" content=\"Carlos Roberto Sodr\u00e9\" \/>\n\t<meta name=\"twitter:label2\" content=\"Est. tempo de leitura\" \/>\n\t<meta name=\"twitter:data2\" content=\"3 minutos\" \/>\n<script type=\"application\/ld+json\" class=\"yoast-schema-graph\">{\"@context\":\"https:\/\/schema.org\",\"@graph\":[{\"@type\":\"Article\",\"@id\":\"https:\/\/ubanews.com\/site\/2023\/10\/09\/educacao-no-transito-um-chamado-a-consciencia\/#article\",\"isPartOf\":{\"@id\":\"https:\/\/ubanews.com\/site\/2023\/10\/09\/educacao-no-transito-um-chamado-a-consciencia\/\"},\"author\":{\"name\":\"Carlos Roberto Sodr\u00e9\",\"@id\":\"https:\/\/ubanews.com\/site\/#\/schema\/person\/9d8da9ec3c8d00640ab6e8c81e103310\"},\"headline\":\"Educa\u00e7\u00e3o no tr\u00e2nsito: Um chamado \u00e0 consci\u00eancia\",\"datePublished\":\"2023-10-09T12:45:15+00:00\",\"mainEntityOfPage\":{\"@id\":\"https:\/\/ubanews.com\/site\/2023\/10\/09\/educacao-no-transito-um-chamado-a-consciencia\/\"},\"wordCount\":281,\"commentCount\":0,\"publisher\":{\"@id\":\"https:\/\/ubanews.com\/site\/#organization\"},\"image\":{\"@id\":\"https:\/\/ubanews.com\/site\/2023\/10\/09\/educacao-no-transito-um-chamado-a-consciencia\/#primaryimage\"},\"thumbnailUrl\":\"http:\/\/ubanews.com\/site\/wp-content\/uploads\/2023\/10\/WhatsApp-Image-2023-10-09-at-09.13.32-1-300x225.jpeg\",\"articleSection\":[\"Geral\"],\"inLanguage\":\"pt-BR\",\"potentialAction\":[{\"@type\":\"CommentAction\",\"name\":\"Comment\",\"target\":[\"https:\/\/ubanews.com\/site\/2023\/10\/09\/educacao-no-transito-um-chamado-a-consciencia\/#respond\"]}]},{\"@type\":\"WebPage\",\"@id\":\"https:\/\/ubanews.com\/site\/2023\/10\/09\/educacao-no-transito-um-chamado-a-consciencia\/\",\"url\":\"https:\/\/ubanews.com\/site\/2023\/10\/09\/educacao-no-transito-um-chamado-a-consciencia\/\",\"name\":\"Educa\u00e7\u00e3o no tr\u00e2nsito: Um chamado \u00e0 consci\u00eancia - Ub\u00e1 News\",\"isPartOf\":{\"@id\":\"https:\/\/ubanews.com\/site\/#website\"},\"primaryImageOfPage\":{\"@id\":\"https:\/\/ubanews.com\/site\/2023\/10\/09\/educacao-no-transito-um-chamado-a-consciencia\/#primaryimage\"},\"image\":{\"@id\":\"https:\/\/ubanews.com\/site\/2023\/10\/09\/educacao-no-transito-um-chamado-a-consciencia\/#primaryimage\"},\"thumbnailUrl\":\"http:\/\/ubanews.com\/site\/wp-content\/uploads\/2023\/10\/WhatsApp-Image-2023-10-09-at-09.13.32-1-300x225.jpeg\",\"datePublished\":\"2023-10-09T12:45:15+00:00\",\"breadcrumb\":{\"@id\":\"https:\/\/ubanews.com\/site\/2023\/10\/09\/educacao-no-transito-um-chamado-a-consciencia\/#breadcrumb\"},\"inLanguage\":\"pt-BR\",\"potentialAction\":[{\"@type\":\"ReadAction\",\"target\":[\"https:\/\/ubanews.com\/site\/2023\/10\/09\/educacao-no-transito-um-chamado-a-consciencia\/\"]}]},{\"@type\":\"ImageObject\",\"inLanguage\":\"pt-BR\",\"@id\":\"https:\/\/ubanews.com\/site\/2023\/10\/09\/educacao-no-transito-um-chamado-a-consciencia\/#primaryimage\",\"url\":\"http:\/\/ubanews.com\/site\/wp-content\/uploads\/2023\/10\/WhatsApp-Image-2023-10-09-at-09.13.32-1-300x225.jpeg\",\"contentUrl\":\"http:\/\/ubanews.com\/site\/wp-content\/uploads\/2023\/10\/WhatsApp-Image-2023-10-09-at-09.13.32-1-300x225.jpeg\"},{\"@type\":\"BreadcrumbList\",\"@id\":\"https:\/\/ubanews.com\/site\/2023\/10\/09\/educacao-no-transito-um-chamado-a-consciencia\/#breadcrumb\",\"itemListElement\":[{\"@type\":\"ListItem\",\"position\":1,\"name\":\"Home\",\"item\":\"https:\/\/ubanews.com\/site\/\"},{\"@type\":\"ListItem\",\"position\":2,\"name\":\"Educa\u00e7\u00e3o no tr\u00e2nsito: Um chamado \u00e0 consci\u00eancia\"}]},{\"@type\":\"WebSite\",\"@id\":\"https:\/\/ubanews.com\/site\/#website\",\"url\":\"https:\/\/ubanews.com\/site\/\",\"name\":\"Ub\u00e1 News\",\"description\":\"\",\"publisher\":{\"@id\":\"https:\/\/ubanews.com\/site\/#organization\"},\"potentialAction\":[{\"@type\":\"SearchAction\",\"target\":{\"@type\":\"EntryPoint\",\"urlTemplate\":\"https:\/\/ubanews.com\/site\/?s={search_term_string}\"},\"query-input\":{\"@type\":\"PropertyValueSpecification\",\"valueRequired\":true,\"valueName\":\"search_term_string\"}}],\"inLanguage\":\"pt-BR\"},{\"@type\":\"Organization\",\"@id\":\"https:\/\/ubanews.com\/site\/#organization\",\"name\":\"Ub\u00e1 News\",\"url\":\"https:\/\/ubanews.com\/site\/\",\"logo\":{\"@type\":\"ImageObject\",\"inLanguage\":\"pt-BR\",\"@id\":\"https:\/\/ubanews.com\/site\/#\/schema\/logo\/image\/\",\"url\":\"https:\/\/ubanews.com\/site\/wp-content\/uploads\/2018\/01\/logoubanews.png\",\"contentUrl\":\"https:\/\/ubanews.com\/site\/wp-content\/uploads\/2018\/01\/logoubanews.png\",\"width\":261,\"height\":99,\"caption\":\"Ub\u00e1 News\"},\"image\":{\"@id\":\"https:\/\/ubanews.com\/site\/#\/schema\/logo\/image\/\"},\"sameAs\":[\"https:\/\/www.facebook.com\/Ub\u00e1News-Carlos-Roberto-Sodr\u00e9-418778301977370\"]},{\"@type\":\"Person\",\"@id\":\"https:\/\/ubanews.com\/site\/#\/schema\/person\/9d8da9ec3c8d00640ab6e8c81e103310\",\"name\":\"Carlos Roberto Sodr\u00e9\",\"image\":{\"@type\":\"ImageObject\",\"inLanguage\":\"pt-BR\",\"@id\":\"https:\/\/secure.gravatar.com\/avatar\/aab322e8555b56c468614fafdab8a8f924e394cdc6cfd8232f77e9e4d123a133?s=96&d=mm&r=g\",\"url\":\"https:\/\/secure.gravatar.com\/avatar\/aab322e8555b56c468614fafdab8a8f924e394cdc6cfd8232f77e9e4d123a133?s=96&d=mm&r=g\",\"contentUrl\":\"https:\/\/secure.gravatar.com\/avatar\/aab322e8555b56c468614fafdab8a8f924e394cdc6cfd8232f77e9e4d123a133?s=96&d=mm&r=g\",\"caption\":\"Carlos Roberto Sodr\u00e9\"},\"url\":\"https:\/\/ubanews.com\/site\/author\/sodre\/\"}]}<\/script>\n<!-- \/ Yoast SEO plugin. -->","yoast_head_json":{"title":"Educa\u00e7\u00e3o no tr\u00e2nsito: Um chamado \u00e0 consci\u00eancia - Ub\u00e1 News","robots":{"index":"index","follow":"follow","max-snippet":"max-snippet:-1","max-image-preview":"max-image-preview:large","max-video-preview":"max-video-preview:-1"},"canonical":"https:\/\/ubanews.com\/site\/2023\/10\/09\/educacao-no-transito-um-chamado-a-consciencia\/","og_locale":"pt_BR","og_type":"article","og_title":"Educa\u00e7\u00e3o no tr\u00e2nsito: Um chamado \u00e0 consci\u00eancia - Ub\u00e1 News","og_description":"Atropelamento durante inaugura\u00e7\u00e3o do Centro Administrativo destaca a necessidade de","og_url":"https:\/\/ubanews.com\/site\/2023\/10\/09\/educacao-no-transito-um-chamado-a-consciencia\/","og_site_name":"Ub\u00e1 News","article_publisher":"https:\/\/www.facebook.com\/Ub%c3%a1News-Carlos-Roberto-Sodr%c3%a9-418778301977370","article_published_time":"2023-10-09T12:45:15+00:00","og_image":[{"url":"http:\/\/ubanews.com\/site\/wp-content\/uploads\/2023\/10\/WhatsApp-Image-2023-10-09-at-09.13.32-1-300x225.jpeg","type":"","width":"","height":""}],"author":"Carlos Roberto Sodr\u00e9","twitter_card":"summary_large_image","twitter_misc":{"Escrito por":"Carlos Roberto Sodr\u00e9","Est. tempo de leitura":"3 minutos"},"schema":{"@context":"https:\/\/schema.org","@graph":[{"@type":"Article","@id":"https:\/\/ubanews.com\/site\/2023\/10\/09\/educacao-no-transito-um-chamado-a-consciencia\/#article","isPartOf":{"@id":"https:\/\/ubanews.com\/site\/2023\/10\/09\/educacao-no-transito-um-chamado-a-consciencia\/"},"author":{"name":"Carlos Roberto Sodr\u00e9","@id":"https:\/\/ubanews.com\/site\/#\/schema\/person\/9d8da9ec3c8d00640ab6e8c81e103310"},"headline":"Educa\u00e7\u00e3o no tr\u00e2nsito: Um chamado \u00e0 consci\u00eancia","datePublished":"2023-10-09T12:45:15+00:00","mainEntityOfPage":{"@id":"https:\/\/ubanews.com\/site\/2023\/10\/09\/educacao-no-transito-um-chamado-a-consciencia\/"},"wordCount":281,"commentCount":0,"publisher":{"@id":"https:\/\/ubanews.com\/site\/#organization"},"image":{"@id":"https:\/\/ubanews.com\/site\/2023\/10\/09\/educacao-no-transito-um-chamado-a-consciencia\/#primaryimage"},"thumbnailUrl":"http:\/\/ubanews.com\/site\/wp-content\/uploads\/2023\/10\/WhatsApp-Image-2023-10-09-at-09.13.32-1-300x225.jpeg","articleSection":["Geral"],"inLanguage":"pt-BR","potentialAction":[{"@type":"CommentAction","name":"Comment","target":["https:\/\/ubanews.com\/site\/2023\/10\/09\/educacao-no-transito-um-chamado-a-consciencia\/#respond"]}]},{"@type":"WebPage","@id":"https:\/\/ubanews.com\/site\/2023\/10\/09\/educacao-no-transito-um-chamado-a-consciencia\/","url":"https:\/\/ubanews.com\/site\/2023\/10\/09\/educacao-no-transito-um-chamado-a-consciencia\/","name":"Educa\u00e7\u00e3o no tr\u00e2nsito: Um chamado \u00e0 consci\u00eancia - Ub\u00e1 News","isPartOf":{"@id":"https:\/\/ubanews.com\/site\/#website"},"primaryImageOfPage":{"@id":"https:\/\/ubanews.com\/site\/2023\/10\/09\/educacao-no-transito-um-chamado-a-consciencia\/#primaryimage"},"image":{"@id":"https:\/\/ubanews.com\/site\/2023\/10\/09\/educacao-no-transito-um-chamado-a-consciencia\/#primaryimage"},"thumbnailUrl":"http:\/\/ubanews.com\/site\/wp-content\/uploads\/2023\/10\/WhatsApp-Image-2023-10-09-at-09.13.32-1-300x225.jpeg","datePublished":"2023-10-09T12:45:15+00:00","breadcrumb":{"@id":"https:\/\/ubanews.com\/site\/2023\/10\/09\/educacao-no-transito-um-chamado-a-consciencia\/#breadcrumb"},"inLanguage":"pt-BR","potentialAction":[{"@type":"ReadAction","target":["https:\/\/ubanews.com\/site\/2023\/10\/09\/educacao-no-transito-um-chamado-a-consciencia\/"]}]},{"@type":"ImageObject","inLanguage":"pt-BR","@id":"https:\/\/ubanews.com\/site\/2023\/10\/09\/educacao-no-transito-um-chamado-a-consciencia\/#primaryimage","url":"http:\/\/ubanews.com\/site\/wp-content\/uploads\/2023\/10\/WhatsApp-Image-2023-10-09-at-09.13.32-1-300x225.jpeg","contentUrl":"http:\/\/ubanews.com\/site\/wp-content\/uploads\/2023\/10\/WhatsApp-Image-2023-10-09-at-09.13.32-1-300x225.jpeg"},{"@type":"BreadcrumbList","@id":"https:\/\/ubanews.com\/site\/2023\/10\/09\/educacao-no-transito-um-chamado-a-consciencia\/#breadcrumb","itemListElement":[{"@type":"ListItem","position":1,"name":"Home","item":"https:\/\/ubanews.com\/site\/"},{"@type":"ListItem","position":2,"name":"Educa\u00e7\u00e3o no tr\u00e2nsito: Um chamado \u00e0 consci\u00eancia"}]},{"@type":"WebSite","@id":"https:\/\/ubanews.com\/site\/#website","url":"https:\/\/ubanews.com\/site\/","name":"Ub\u00e1 News","description":"","publisher":{"@id":"https:\/\/ubanews.com\/site\/#organization"},"potentialAction":[{"@type":"SearchAction","target":{"@type":"EntryPoint","urlTemplate":"https:\/\/ubanews.com\/site\/?s={search_term_string}"},"query-input":{"@type":"PropertyValueSpecification","valueRequired":true,"valueName":"search_term_string"}}],"inLanguage":"pt-BR"},{"@type":"Organization","@id":"https:\/\/ubanews.com\/site\/#organization","name":"Ub\u00e1 News","url":"https:\/\/ubanews.com\/site\/","logo":{"@type":"ImageObject","inLanguage":"pt-BR","@id":"https:\/\/ubanews.com\/site\/#\/schema\/logo\/image\/","url":"https:\/\/ubanews.com\/site\/wp-content\/uploads\/2018\/01\/logoubanews.png","contentUrl":"https:\/\/ubanews.com\/site\/wp-content\/uploads\/2018\/01\/logoubanews.png","width":261,"height":99,"caption":"Ub\u00e1 News"},"image":{"@id":"https:\/\/ubanews.com\/site\/#\/schema\/logo\/image\/"},"sameAs":["https:\/\/www.facebook.com\/Ub\u00e1News-Carlos-Roberto-Sodr\u00e9-418778301977370"]},{"@type":"Person","@id":"https:\/\/ubanews.com\/site\/#\/schema\/person\/9d8da9ec3c8d00640ab6e8c81e103310","name":"Carlos Roberto Sodr\u00e9","image":{"@type":"ImageObject","inLanguage":"pt-BR","@id":"https:\/\/secure.gravatar.com\/avatar\/aab322e8555b56c468614fafdab8a8f924e394cdc6cfd8232f77e9e4d123a133?s=96&d=mm&r=g","url":"https:\/\/secure.gravatar.com\/avatar\/aab322e8555b56c468614fafdab8a8f924e394cdc6cfd8232f77e9e4d123a133?s=96&d=mm&r=g","contentUrl":"https:\/\/secure.gravatar.com\/avatar\/aab322e8555b56c468614fafdab8a8f924e394cdc6cfd8232f77e9e4d123a133?s=96&d=mm&r=g","caption":"Carlos Roberto Sodr\u00e9"},"url":"https:\/\/ubanews.com\/site\/author\/sodre\/"}]}},"_links":{"self":[{"href":"https:\/\/ubanews.com\/site\/wp-json\/wp\/v2\/posts\/22165","targetHints":{"allow":["GET"]}}],"collection":[{"href":"https:\/\/ubanews.com\/site\/wp-json\/wp\/v2\/posts"}],"about":[{"href":"https:\/\/ubanews.com\/site\/wp-json\/wp\/v2\/types\/post"}],"author":[{"embeddable":true,"href":"https:\/\/ubanews.com\/site\/wp-json\/wp\/v2\/users\/4"}],"replies":[{"embeddable":true,"href":"https:\/\/ubanews.com\/site\/wp-json\/wp\/v2\/comments?post=22165"}],"version-history":[{"count":0,"href":"https:\/\/ubanews.com\/site\/wp-json\/wp\/v2\/posts\/22165\/revisions"}],"wp:attachment":[{"href":"https:\/\/ubanews.com\/site\/wp-json\/wp\/v2\/media?parent=22165"}],"wp:term":[{"taxonomy":"category","embeddable":true,"href":"https:\/\/ubanews.com\/site\/wp-json\/wp\/v2\/categories?post=22165"},{"taxonomy":"post_tag","embeddable":true,"href":"https:\/\/ubanews.com\/site\/wp-json\/wp\/v2\/tags?post=22165"}],"curies":[{"name":"wp","href":"https:\/\/api.w.org\/{rel}","templated":true}]}}