{"id":2212,"date":"2018-04-16T23:13:44","date_gmt":"2018-04-17T02:13:44","guid":{"rendered":"http:\/\/ubanews.com\/site\/?p=2212"},"modified":"2018-04-21T15:07:57","modified_gmt":"2018-04-21T18:07:57","slug":"legislativo-ubaense-teve-reuniao-tranquila-com-vereador-pedindo-manutencao-das-estradas-rurais","status":"publish","type":"post","link":"https:\/\/ubanews.com\/site\/2018\/04\/16\/legislativo-ubaense-teve-reuniao-tranquila-com-vereador-pedindo-manutencao-das-estradas-rurais\/","title":{"rendered":"Legislativo Ubaense teve reuni\u00e3o tranquila com vereador pedindo manuten\u00e7\u00e3o das estradas rurais"},"content":{"rendered":"<p>A reuni\u00e3o ordin\u00e1ria da C\u00e2mara Municipal desta segunda-feira (16) durou um pouco menos de duas horas. Havia uma expectativa de que ao final da reuni\u00e3o, comerciantes que se sentiram prejudicados pela atua\u00e7\u00e3o da vigil\u00e2ncia sanit\u00e1ria em data pret\u00e9rita, fossem ocupar o plen\u00e1rio para uma conversa com os vereadores, o que n\u00e3o ocorreu. Ficando agendado para a pr\u00f3xima sexta-feira (20), \u00e0s 15h, no gabinete do prefeito. Segundo o assessor do prefeito, o senhor Kiko Garcia, a imprensa, at\u00e9 o fechamento desta mat\u00e9ria, n\u00e3o est\u00e1 convidada a participar desse encontro, pois o que ser\u00e1 discutido \u00e9 apenas a parte t\u00e9cnica.<\/p>\n<p>A vereadora Ros\u00e2ngela Alfenas reclamou dos Governos do Estado e Federal. Segundo a Presidente do legislativo Ubaense, o repasse de verba n\u00e3o acontece, deixando o Hospital em situa\u00e7\u00e3o desconfort\u00e1vel. Enquanto o vereador Joseli An\u00edsio Pinto disse que v\u00e1rias estradas rurais est\u00e3o em estado cr\u00edtico, necessitando com urg\u00eancia de uma manuten\u00e7\u00e3o. O vereador do PCdoB destacou ainda que existem alguns funcion\u00e1rios da Secretaria de Obras de aviso pr\u00e9vio. Necessitando, portanto, de contratar mais pessoas. A reuni\u00e3o foi mais ou menos tranquila, pois houve momentos de contra ataque entre os pares!!!<\/p>\n<p>&nbsp;<\/p>\n<p>&nbsp;<\/p>\n","protected":false},"excerpt":{"rendered":"<p>A reuni\u00e3o ordin\u00e1ria da C\u00e2mara Municipal desta segunda-feira (16) durou<\/p>\n","protected":false},"author":3,"featured_media":2211,"comment_status":"open","ping_status":"open","sticky":false,"template":"","format":"standard","meta":{"footnotes":""},"categories":[1],"tags":[],"class_list":["post-2212","post","type-post","status-publish","format-standard","has-post-thumbnail","hentry","category-sem-categoria"],"yoast_head":"<!-- This site is optimized with the Yoast SEO plugin v27.2 - https:\/\/yoast.com\/product\/yoast-seo-wordpress\/ -->\n<title>Legislativo Ubaense teve reuni\u00e3o tranquila com vereador pedindo manuten\u00e7\u00e3o das estradas rurais - Ub\u00e1 News<\/title>\n<meta name=\"robots\" content=\"index, follow, max-snippet:-1, max-image-preview:large, max-video-preview:-1\" \/>\n<link rel=\"canonical\" href=\"https:\/\/ubanews.com\/site\/2018\/04\/16\/legislativo-ubaense-teve-reuniao-tranquila-com-vereador-pedindo-manutencao-das-estradas-rurais\/\" \/>\n<meta property=\"og:locale\" content=\"pt_BR\" \/>\n<meta property=\"og:type\" content=\"article\" \/>\n<meta property=\"og:title\" content=\"Legislativo Ubaense teve reuni\u00e3o tranquila com vereador pedindo manuten\u00e7\u00e3o das estradas rurais - Ub\u00e1 News\" \/>\n<meta property=\"og:description\" content=\"A reuni\u00e3o ordin\u00e1ria da C\u00e2mara Municipal desta segunda-feira (16) durou\" \/>\n<meta property=\"og:url\" content=\"https:\/\/ubanews.com\/site\/2018\/04\/16\/legislativo-ubaense-teve-reuniao-tranquila-com-vereador-pedindo-manutencao-das-estradas-rurais\/\" \/>\n<meta property=\"og:site_name\" content=\"Ub\u00e1 News\" \/>\n<meta property=\"article:publisher\" content=\"https:\/\/www.facebook.com\/Ub%c3%a1News-Carlos-Roberto-Sodr%c3%a9-418778301977370\" \/>\n<meta property=\"article:published_time\" content=\"2018-04-17T02:13:44+00:00\" \/>\n<meta property=\"article:modified_time\" content=\"2018-04-21T18:07:57+00:00\" \/>\n<meta property=\"og:image\" content=\"https:\/\/ubanews.com\/site\/wp-content\/uploads\/2018\/04\/DSC1877-c\u00f3pia.jpg\" \/>\n\t<meta property=\"og:image:width\" content=\"4724\" \/>\n\t<meta property=\"og:image:height\" content=\"2954\" \/>\n\t<meta property=\"og:image:type\" content=\"image\/jpeg\" \/>\n<meta name=\"author\" content=\"Laisa Sodr\u00e9\" \/>\n<meta name=\"twitter:card\" content=\"summary_large_image\" \/>\n<meta name=\"twitter:label1\" content=\"Escrito por\" \/>\n\t<meta name=\"twitter:data1\" content=\"Laisa Sodr\u00e9\" \/>\n\t<meta name=\"twitter:label2\" content=\"Est. tempo de leitura\" \/>\n\t<meta name=\"twitter:data2\" content=\"1 minuto\" \/>\n<script type=\"application\/ld+json\" class=\"yoast-schema-graph\">{\"@context\":\"https:\/\/schema.org\",\"@graph\":[{\"@type\":\"Article\",\"@id\":\"https:\/\/ubanews.com\/site\/2018\/04\/16\/legislativo-ubaense-teve-reuniao-tranquila-com-vereador-pedindo-manutencao-das-estradas-rurais\/#article\",\"isPartOf\":{\"@id\":\"https:\/\/ubanews.com\/site\/2018\/04\/16\/legislativo-ubaense-teve-reuniao-tranquila-com-vereador-pedindo-manutencao-das-estradas-rurais\/\"},\"author\":{\"name\":\"Laisa Sodr\u00e9\",\"@id\":\"https:\/\/ubanews.com\/site\/#\/schema\/person\/3647bba29a92948d75b51b64ec12f167\"},\"headline\":\"Legislativo Ubaense teve reuni\u00e3o tranquila com vereador pedindo manuten\u00e7\u00e3o das estradas rurais\",\"datePublished\":\"2018-04-17T02:13:44+00:00\",\"dateModified\":\"2018-04-21T18:07:57+00:00\",\"mainEntityOfPage\":{\"@id\":\"https:\/\/ubanews.com\/site\/2018\/04\/16\/legislativo-ubaense-teve-reuniao-tranquila-com-vereador-pedindo-manutencao-das-estradas-rurais\/\"},\"wordCount\":227,\"commentCount\":0,\"publisher\":{\"@id\":\"https:\/\/ubanews.com\/site\/#organization\"},\"image\":{\"@id\":\"https:\/\/ubanews.com\/site\/2018\/04\/16\/legislativo-ubaense-teve-reuniao-tranquila-com-vereador-pedindo-manutencao-das-estradas-rurais\/#primaryimage\"},\"thumbnailUrl\":\"https:\/\/ubanews.com\/site\/wp-content\/uploads\/2018\/04\/DSC1877-c\u00f3pia.jpg\",\"articleSection\":[\"Geral\"],\"inLanguage\":\"pt-BR\",\"potentialAction\":[{\"@type\":\"CommentAction\",\"name\":\"Comment\",\"target\":[\"https:\/\/ubanews.com\/site\/2018\/04\/16\/legislativo-ubaense-teve-reuniao-tranquila-com-vereador-pedindo-manutencao-das-estradas-rurais\/#respond\"]}]},{\"@type\":\"WebPage\",\"@id\":\"https:\/\/ubanews.com\/site\/2018\/04\/16\/legislativo-ubaense-teve-reuniao-tranquila-com-vereador-pedindo-manutencao-das-estradas-rurais\/\",\"url\":\"https:\/\/ubanews.com\/site\/2018\/04\/16\/legislativo-ubaense-teve-reuniao-tranquila-com-vereador-pedindo-manutencao-das-estradas-rurais\/\",\"name\":\"Legislativo Ubaense teve reuni\u00e3o tranquila com vereador pedindo manuten\u00e7\u00e3o das estradas rurais - Ub\u00e1 News\",\"isPartOf\":{\"@id\":\"https:\/\/ubanews.com\/site\/#website\"},\"primaryImageOfPage\":{\"@id\":\"https:\/\/ubanews.com\/site\/2018\/04\/16\/legislativo-ubaense-teve-reuniao-tranquila-com-vereador-pedindo-manutencao-das-estradas-rurais\/#primaryimage\"},\"image\":{\"@id\":\"https:\/\/ubanews.com\/site\/2018\/04\/16\/legislativo-ubaense-teve-reuniao-tranquila-com-vereador-pedindo-manutencao-das-estradas-rurais\/#primaryimage\"},\"thumbnailUrl\":\"https:\/\/ubanews.com\/site\/wp-content\/uploads\/2018\/04\/DSC1877-c\u00f3pia.jpg\",\"datePublished\":\"2018-04-17T02:13:44+00:00\",\"dateModified\":\"2018-04-21T18:07:57+00:00\",\"breadcrumb\":{\"@id\":\"https:\/\/ubanews.com\/site\/2018\/04\/16\/legislativo-ubaense-teve-reuniao-tranquila-com-vereador-pedindo-manutencao-das-estradas-rurais\/#breadcrumb\"},\"inLanguage\":\"pt-BR\",\"potentialAction\":[{\"@type\":\"ReadAction\",\"target\":[\"https:\/\/ubanews.com\/site\/2018\/04\/16\/legislativo-ubaense-teve-reuniao-tranquila-com-vereador-pedindo-manutencao-das-estradas-rurais\/\"]}]},{\"@type\":\"ImageObject\",\"inLanguage\":\"pt-BR\",\"@id\":\"https:\/\/ubanews.com\/site\/2018\/04\/16\/legislativo-ubaense-teve-reuniao-tranquila-com-vereador-pedindo-manutencao-das-estradas-rurais\/#primaryimage\",\"url\":\"https:\/\/ubanews.com\/site\/wp-content\/uploads\/2018\/04\/DSC1877-c\u00f3pia.jpg\",\"contentUrl\":\"https:\/\/ubanews.com\/site\/wp-content\/uploads\/2018\/04\/DSC1877-c\u00f3pia.jpg\",\"width\":4724,\"height\":2954},{\"@type\":\"BreadcrumbList\",\"@id\":\"https:\/\/ubanews.com\/site\/2018\/04\/16\/legislativo-ubaense-teve-reuniao-tranquila-com-vereador-pedindo-manutencao-das-estradas-rurais\/#breadcrumb\",\"itemListElement\":[{\"@type\":\"ListItem\",\"position\":1,\"name\":\"Home\",\"item\":\"https:\/\/ubanews.com\/site\/\"},{\"@type\":\"ListItem\",\"position\":2,\"name\":\"Legislativo Ubaense teve reuni\u00e3o tranquila com vereador pedindo manuten\u00e7\u00e3o das estradas rurais\"}]},{\"@type\":\"WebSite\",\"@id\":\"https:\/\/ubanews.com\/site\/#website\",\"url\":\"https:\/\/ubanews.com\/site\/\",\"name\":\"Ub\u00e1 News\",\"description\":\"\",\"publisher\":{\"@id\":\"https:\/\/ubanews.com\/site\/#organization\"},\"potentialAction\":[{\"@type\":\"SearchAction\",\"target\":{\"@type\":\"EntryPoint\",\"urlTemplate\":\"https:\/\/ubanews.com\/site\/?s={search_term_string}\"},\"query-input\":{\"@type\":\"PropertyValueSpecification\",\"valueRequired\":true,\"valueName\":\"search_term_string\"}}],\"inLanguage\":\"pt-BR\"},{\"@type\":\"Organization\",\"@id\":\"https:\/\/ubanews.com\/site\/#organization\",\"name\":\"Ub\u00e1 News\",\"url\":\"https:\/\/ubanews.com\/site\/\",\"logo\":{\"@type\":\"ImageObject\",\"inLanguage\":\"pt-BR\",\"@id\":\"https:\/\/ubanews.com\/site\/#\/schema\/logo\/image\/\",\"url\":\"https:\/\/ubanews.com\/site\/wp-content\/uploads\/2018\/01\/logoubanews.png\",\"contentUrl\":\"https:\/\/ubanews.com\/site\/wp-content\/uploads\/2018\/01\/logoubanews.png\",\"width\":261,\"height\":99,\"caption\":\"Ub\u00e1 News\"},\"image\":{\"@id\":\"https:\/\/ubanews.com\/site\/#\/schema\/logo\/image\/\"},\"sameAs\":[\"https:\/\/www.facebook.com\/Ub\u00e1News-Carlos-Roberto-Sodr\u00e9-418778301977370\"]},{\"@type\":\"Person\",\"@id\":\"https:\/\/ubanews.com\/site\/#\/schema\/person\/3647bba29a92948d75b51b64ec12f167\",\"name\":\"Laisa Sodr\u00e9\",\"image\":{\"@type\":\"ImageObject\",\"inLanguage\":\"pt-BR\",\"@id\":\"https:\/\/secure.gravatar.com\/avatar\/6339a343bfd3bd553c4e11d6e73741f06c985e3012bf45886139fc72ee4157e1?s=96&d=mm&r=g\",\"url\":\"https:\/\/secure.gravatar.com\/avatar\/6339a343bfd3bd553c4e11d6e73741f06c985e3012bf45886139fc72ee4157e1?s=96&d=mm&r=g\",\"contentUrl\":\"https:\/\/secure.gravatar.com\/avatar\/6339a343bfd3bd553c4e11d6e73741f06c985e3012bf45886139fc72ee4157e1?s=96&d=mm&r=g\",\"caption\":\"Laisa Sodr\u00e9\"},\"sameAs\":[\"http:\/\/www.ubanews.com\"],\"url\":\"https:\/\/ubanews.com\/site\/author\/laisa-pereira-sodre\/\"}]}<\/script>\n<!-- \/ Yoast SEO plugin. -->","yoast_head_json":{"title":"Legislativo Ubaense teve reuni\u00e3o tranquila com vereador pedindo manuten\u00e7\u00e3o das estradas rurais - Ub\u00e1 News","robots":{"index":"index","follow":"follow","max-snippet":"max-snippet:-1","max-image-preview":"max-image-preview:large","max-video-preview":"max-video-preview:-1"},"canonical":"https:\/\/ubanews.com\/site\/2018\/04\/16\/legislativo-ubaense-teve-reuniao-tranquila-com-vereador-pedindo-manutencao-das-estradas-rurais\/","og_locale":"pt_BR","og_type":"article","og_title":"Legislativo Ubaense teve reuni\u00e3o tranquila com vereador pedindo manuten\u00e7\u00e3o das estradas rurais - Ub\u00e1 News","og_description":"A reuni\u00e3o ordin\u00e1ria da C\u00e2mara Municipal desta segunda-feira (16) durou","og_url":"https:\/\/ubanews.com\/site\/2018\/04\/16\/legislativo-ubaense-teve-reuniao-tranquila-com-vereador-pedindo-manutencao-das-estradas-rurais\/","og_site_name":"Ub\u00e1 News","article_publisher":"https:\/\/www.facebook.com\/Ub%c3%a1News-Carlos-Roberto-Sodr%c3%a9-418778301977370","article_published_time":"2018-04-17T02:13:44+00:00","article_modified_time":"2018-04-21T18:07:57+00:00","og_image":[{"width":4724,"height":2954,"url":"https:\/\/ubanews.com\/site\/wp-content\/uploads\/2018\/04\/DSC1877-c\u00f3pia.jpg","type":"image\/jpeg"}],"author":"Laisa Sodr\u00e9","twitter_card":"summary_large_image","twitter_misc":{"Escrito por":"Laisa Sodr\u00e9","Est. tempo de leitura":"1 minuto"},"schema":{"@context":"https:\/\/schema.org","@graph":[{"@type":"Article","@id":"https:\/\/ubanews.com\/site\/2018\/04\/16\/legislativo-ubaense-teve-reuniao-tranquila-com-vereador-pedindo-manutencao-das-estradas-rurais\/#article","isPartOf":{"@id":"https:\/\/ubanews.com\/site\/2018\/04\/16\/legislativo-ubaense-teve-reuniao-tranquila-com-vereador-pedindo-manutencao-das-estradas-rurais\/"},"author":{"name":"Laisa Sodr\u00e9","@id":"https:\/\/ubanews.com\/site\/#\/schema\/person\/3647bba29a92948d75b51b64ec12f167"},"headline":"Legislativo Ubaense teve reuni\u00e3o tranquila com vereador pedindo manuten\u00e7\u00e3o das estradas rurais","datePublished":"2018-04-17T02:13:44+00:00","dateModified":"2018-04-21T18:07:57+00:00","mainEntityOfPage":{"@id":"https:\/\/ubanews.com\/site\/2018\/04\/16\/legislativo-ubaense-teve-reuniao-tranquila-com-vereador-pedindo-manutencao-das-estradas-rurais\/"},"wordCount":227,"commentCount":0,"publisher":{"@id":"https:\/\/ubanews.com\/site\/#organization"},"image":{"@id":"https:\/\/ubanews.com\/site\/2018\/04\/16\/legislativo-ubaense-teve-reuniao-tranquila-com-vereador-pedindo-manutencao-das-estradas-rurais\/#primaryimage"},"thumbnailUrl":"https:\/\/ubanews.com\/site\/wp-content\/uploads\/2018\/04\/DSC1877-c\u00f3pia.jpg","articleSection":["Geral"],"inLanguage":"pt-BR","potentialAction":[{"@type":"CommentAction","name":"Comment","target":["https:\/\/ubanews.com\/site\/2018\/04\/16\/legislativo-ubaense-teve-reuniao-tranquila-com-vereador-pedindo-manutencao-das-estradas-rurais\/#respond"]}]},{"@type":"WebPage","@id":"https:\/\/ubanews.com\/site\/2018\/04\/16\/legislativo-ubaense-teve-reuniao-tranquila-com-vereador-pedindo-manutencao-das-estradas-rurais\/","url":"https:\/\/ubanews.com\/site\/2018\/04\/16\/legislativo-ubaense-teve-reuniao-tranquila-com-vereador-pedindo-manutencao-das-estradas-rurais\/","name":"Legislativo Ubaense teve reuni\u00e3o tranquila com vereador pedindo manuten\u00e7\u00e3o das estradas rurais - Ub\u00e1 News","isPartOf":{"@id":"https:\/\/ubanews.com\/site\/#website"},"primaryImageOfPage":{"@id":"https:\/\/ubanews.com\/site\/2018\/04\/16\/legislativo-ubaense-teve-reuniao-tranquila-com-vereador-pedindo-manutencao-das-estradas-rurais\/#primaryimage"},"image":{"@id":"https:\/\/ubanews.com\/site\/2018\/04\/16\/legislativo-ubaense-teve-reuniao-tranquila-com-vereador-pedindo-manutencao-das-estradas-rurais\/#primaryimage"},"thumbnailUrl":"https:\/\/ubanews.com\/site\/wp-content\/uploads\/2018\/04\/DSC1877-c\u00f3pia.jpg","datePublished":"2018-04-17T02:13:44+00:00","dateModified":"2018-04-21T18:07:57+00:00","breadcrumb":{"@id":"https:\/\/ubanews.com\/site\/2018\/04\/16\/legislativo-ubaense-teve-reuniao-tranquila-com-vereador-pedindo-manutencao-das-estradas-rurais\/#breadcrumb"},"inLanguage":"pt-BR","potentialAction":[{"@type":"ReadAction","target":["https:\/\/ubanews.com\/site\/2018\/04\/16\/legislativo-ubaense-teve-reuniao-tranquila-com-vereador-pedindo-manutencao-das-estradas-rurais\/"]}]},{"@type":"ImageObject","inLanguage":"pt-BR","@id":"https:\/\/ubanews.com\/site\/2018\/04\/16\/legislativo-ubaense-teve-reuniao-tranquila-com-vereador-pedindo-manutencao-das-estradas-rurais\/#primaryimage","url":"https:\/\/ubanews.com\/site\/wp-content\/uploads\/2018\/04\/DSC1877-c\u00f3pia.jpg","contentUrl":"https:\/\/ubanews.com\/site\/wp-content\/uploads\/2018\/04\/DSC1877-c\u00f3pia.jpg","width":4724,"height":2954},{"@type":"BreadcrumbList","@id":"https:\/\/ubanews.com\/site\/2018\/04\/16\/legislativo-ubaense-teve-reuniao-tranquila-com-vereador-pedindo-manutencao-das-estradas-rurais\/#breadcrumb","itemListElement":[{"@type":"ListItem","position":1,"name":"Home","item":"https:\/\/ubanews.com\/site\/"},{"@type":"ListItem","position":2,"name":"Legislativo Ubaense teve reuni\u00e3o tranquila com vereador pedindo manuten\u00e7\u00e3o das estradas rurais"}]},{"@type":"WebSite","@id":"https:\/\/ubanews.com\/site\/#website","url":"https:\/\/ubanews.com\/site\/","name":"Ub\u00e1 News","description":"","publisher":{"@id":"https:\/\/ubanews.com\/site\/#organization"},"potentialAction":[{"@type":"SearchAction","target":{"@type":"EntryPoint","urlTemplate":"https:\/\/ubanews.com\/site\/?s={search_term_string}"},"query-input":{"@type":"PropertyValueSpecification","valueRequired":true,"valueName":"search_term_string"}}],"inLanguage":"pt-BR"},{"@type":"Organization","@id":"https:\/\/ubanews.com\/site\/#organization","name":"Ub\u00e1 News","url":"https:\/\/ubanews.com\/site\/","logo":{"@type":"ImageObject","inLanguage":"pt-BR","@id":"https:\/\/ubanews.com\/site\/#\/schema\/logo\/image\/","url":"https:\/\/ubanews.com\/site\/wp-content\/uploads\/2018\/01\/logoubanews.png","contentUrl":"https:\/\/ubanews.com\/site\/wp-content\/uploads\/2018\/01\/logoubanews.png","width":261,"height":99,"caption":"Ub\u00e1 News"},"image":{"@id":"https:\/\/ubanews.com\/site\/#\/schema\/logo\/image\/"},"sameAs":["https:\/\/www.facebook.com\/Ub\u00e1News-Carlos-Roberto-Sodr\u00e9-418778301977370"]},{"@type":"Person","@id":"https:\/\/ubanews.com\/site\/#\/schema\/person\/3647bba29a92948d75b51b64ec12f167","name":"Laisa Sodr\u00e9","image":{"@type":"ImageObject","inLanguage":"pt-BR","@id":"https:\/\/secure.gravatar.com\/avatar\/6339a343bfd3bd553c4e11d6e73741f06c985e3012bf45886139fc72ee4157e1?s=96&d=mm&r=g","url":"https:\/\/secure.gravatar.com\/avatar\/6339a343bfd3bd553c4e11d6e73741f06c985e3012bf45886139fc72ee4157e1?s=96&d=mm&r=g","contentUrl":"https:\/\/secure.gravatar.com\/avatar\/6339a343bfd3bd553c4e11d6e73741f06c985e3012bf45886139fc72ee4157e1?s=96&d=mm&r=g","caption":"Laisa Sodr\u00e9"},"sameAs":["http:\/\/www.ubanews.com"],"url":"https:\/\/ubanews.com\/site\/author\/laisa-pereira-sodre\/"}]}},"_links":{"self":[{"href":"https:\/\/ubanews.com\/site\/wp-json\/wp\/v2\/posts\/2212","targetHints":{"allow":["GET"]}}],"collection":[{"href":"https:\/\/ubanews.com\/site\/wp-json\/wp\/v2\/posts"}],"about":[{"href":"https:\/\/ubanews.com\/site\/wp-json\/wp\/v2\/types\/post"}],"author":[{"embeddable":true,"href":"https:\/\/ubanews.com\/site\/wp-json\/wp\/v2\/users\/3"}],"replies":[{"embeddable":true,"href":"https:\/\/ubanews.com\/site\/wp-json\/wp\/v2\/comments?post=2212"}],"version-history":[{"count":0,"href":"https:\/\/ubanews.com\/site\/wp-json\/wp\/v2\/posts\/2212\/revisions"}],"wp:featuredmedia":[{"embeddable":true,"href":"https:\/\/ubanews.com\/site\/wp-json\/wp\/v2\/media\/2211"}],"wp:attachment":[{"href":"https:\/\/ubanews.com\/site\/wp-json\/wp\/v2\/media?parent=2212"}],"wp:term":[{"taxonomy":"category","embeddable":true,"href":"https:\/\/ubanews.com\/site\/wp-json\/wp\/v2\/categories?post=2212"},{"taxonomy":"post_tag","embeddable":true,"href":"https:\/\/ubanews.com\/site\/wp-json\/wp\/v2\/tags?post=2212"}],"curies":[{"name":"wp","href":"https:\/\/api.w.org\/{rel}","templated":true}]}}