{"id":2195,"date":"2018-04-15T17:30:19","date_gmt":"2018-04-15T20:30:19","guid":{"rendered":"http:\/\/ubanews.com\/site\/?p=2195"},"modified":"2018-04-21T15:07:45","modified_gmt":"2018-04-21T18:07:45","slug":"patronato-sao-jose-promove-evento-beneficente-neste-domingo","status":"publish","type":"post","link":"https:\/\/ubanews.com\/site\/2018\/04\/15\/patronato-sao-jose-promove-evento-beneficente-neste-domingo\/","title":{"rendered":"Patronato S\u00e3o Jos\u00e9 promove evento beneficente neste domingo"},"content":{"rendered":"<p><img decoding=\"async\" class=\"alignnone size-full wp-image-2197 lazyload\" data-src=\"https:\/\/ubanews.com\/site\/wp-content\/uploads\/2018\/04\/DSC1815-c\u00f3pia.jpg\" alt=\"\" width=\"4724\" height=\"2954\" data-srcset=\"https:\/\/ubanews.com\/site\/wp-content\/uploads\/2018\/04\/DSC1815-c\u00f3pia.jpg 4724w, https:\/\/ubanews.com\/site\/wp-content\/uploads\/2018\/04\/DSC1815-c\u00f3pia-300x188.jpg 300w, https:\/\/ubanews.com\/site\/wp-content\/uploads\/2018\/04\/DSC1815-c\u00f3pia-768x480.jpg 768w, https:\/\/ubanews.com\/site\/wp-content\/uploads\/2018\/04\/DSC1815-c\u00f3pia-1024x640.jpg 1024w\" data-sizes=\"(max-width: 4724px) 100vw, 4724px\" src=\"data:image\/svg+xml;base64,PHN2ZyB3aWR0aD0iMSIgaGVpZ2h0PSIxIiB4bWxucz0iaHR0cDovL3d3dy53My5vcmcvMjAwMC9zdmciPjwvc3ZnPg==\" style=\"--smush-placeholder-width: 4724px; --smush-placeholder-aspect-ratio: 4724\/2954;\" \/> <img decoding=\"async\" class=\"alignnone size-full wp-image-2204 lazyload\" data-src=\"https:\/\/ubanews.com\/site\/wp-content\/uploads\/2018\/04\/DSC1811-c\u00f3pia.jpg\" alt=\"\" width=\"4724\" height=\"2954\" data-srcset=\"https:\/\/ubanews.com\/site\/wp-content\/uploads\/2018\/04\/DSC1811-c\u00f3pia.jpg 4724w, https:\/\/ubanews.com\/site\/wp-content\/uploads\/2018\/04\/DSC1811-c\u00f3pia-300x188.jpg 300w, https:\/\/ubanews.com\/site\/wp-content\/uploads\/2018\/04\/DSC1811-c\u00f3pia-768x480.jpg 768w, https:\/\/ubanews.com\/site\/wp-content\/uploads\/2018\/04\/DSC1811-c\u00f3pia-1024x640.jpg 1024w\" data-sizes=\"(max-width: 4724px) 100vw, 4724px\" src=\"data:image\/svg+xml;base64,PHN2ZyB3aWR0aD0iMSIgaGVpZ2h0PSIxIiB4bWxucz0iaHR0cDovL3d3dy53My5vcmcvMjAwMC9zdmciPjwvc3ZnPg==\" style=\"--smush-placeholder-width: 4724px; --smush-placeholder-aspect-ratio: 4724\/2954;\" \/><img decoding=\"async\" class=\"alignnone size-full wp-image-2198 lazyload\" data-src=\"https:\/\/ubanews.com\/site\/wp-content\/uploads\/2018\/04\/DSC1816-c\u00f3pia.jpg\" alt=\"\" width=\"4724\" height=\"2954\" data-srcset=\"https:\/\/ubanews.com\/site\/wp-content\/uploads\/2018\/04\/DSC1816-c\u00f3pia.jpg 4724w, https:\/\/ubanews.com\/site\/wp-content\/uploads\/2018\/04\/DSC1816-c\u00f3pia-300x188.jpg 300w, https:\/\/ubanews.com\/site\/wp-content\/uploads\/2018\/04\/DSC1816-c\u00f3pia-768x480.jpg 768w, https:\/\/ubanews.com\/site\/wp-content\/uploads\/2018\/04\/DSC1816-c\u00f3pia-1024x640.jpg 1024w\" data-sizes=\"(max-width: 4724px) 100vw, 4724px\" src=\"data:image\/svg+xml;base64,PHN2ZyB3aWR0aD0iMSIgaGVpZ2h0PSIxIiB4bWxucz0iaHR0cDovL3d3dy53My5vcmcvMjAwMC9zdmciPjwvc3ZnPg==\" style=\"--smush-placeholder-width: 4724px; --smush-placeholder-aspect-ratio: 4724\/2954;\" \/> <img decoding=\"async\" class=\"alignnone size-full wp-image-2199 lazyload\" data-src=\"https:\/\/ubanews.com\/site\/wp-content\/uploads\/2018\/04\/DSC1817-c\u00f3pia.jpg\" alt=\"\" width=\"4724\" height=\"2954\" data-srcset=\"https:\/\/ubanews.com\/site\/wp-content\/uploads\/2018\/04\/DSC1817-c\u00f3pia.jpg 4724w, https:\/\/ubanews.com\/site\/wp-content\/uploads\/2018\/04\/DSC1817-c\u00f3pia-300x188.jpg 300w, https:\/\/ubanews.com\/site\/wp-content\/uploads\/2018\/04\/DSC1817-c\u00f3pia-768x480.jpg 768w, https:\/\/ubanews.com\/site\/wp-content\/uploads\/2018\/04\/DSC1817-c\u00f3pia-1024x640.jpg 1024w\" data-sizes=\"(max-width: 4724px) 100vw, 4724px\" src=\"data:image\/svg+xml;base64,PHN2ZyB3aWR0aD0iMSIgaGVpZ2h0PSIxIiB4bWxucz0iaHR0cDovL3d3dy53My5vcmcvMjAwMC9zdmciPjwvc3ZnPg==\" style=\"--smush-placeholder-width: 4724px; --smush-placeholder-aspect-ratio: 4724\/2954;\" \/> <img decoding=\"async\" class=\"alignnone size-full wp-image-2200 lazyload\" data-src=\"https:\/\/ubanews.com\/site\/wp-content\/uploads\/2018\/04\/DSC1819-c\u00f3pia.jpg\" alt=\"\" width=\"4724\" height=\"2954\" data-srcset=\"https:\/\/ubanews.com\/site\/wp-content\/uploads\/2018\/04\/DSC1819-c\u00f3pia.jpg 4724w, https:\/\/ubanews.com\/site\/wp-content\/uploads\/2018\/04\/DSC1819-c\u00f3pia-300x188.jpg 300w, https:\/\/ubanews.com\/site\/wp-content\/uploads\/2018\/04\/DSC1819-c\u00f3pia-768x480.jpg 768w, https:\/\/ubanews.com\/site\/wp-content\/uploads\/2018\/04\/DSC1819-c\u00f3pia-1024x640.jpg 1024w\" data-sizes=\"(max-width: 4724px) 100vw, 4724px\" src=\"data:image\/svg+xml;base64,PHN2ZyB3aWR0aD0iMSIgaGVpZ2h0PSIxIiB4bWxucz0iaHR0cDovL3d3dy53My5vcmcvMjAwMC9zdmciPjwvc3ZnPg==\" style=\"--smush-placeholder-width: 4724px; --smush-placeholder-aspect-ratio: 4724\/2954;\" \/> <img decoding=\"async\" class=\"alignnone size-full wp-image-2201 lazyload\" data-src=\"https:\/\/ubanews.com\/site\/wp-content\/uploads\/2018\/04\/DSC1820-c\u00f3pia.jpg\" alt=\"\" width=\"4724\" height=\"2954\" data-srcset=\"https:\/\/ubanews.com\/site\/wp-content\/uploads\/2018\/04\/DSC1820-c\u00f3pia.jpg 4724w, https:\/\/ubanews.com\/site\/wp-content\/uploads\/2018\/04\/DSC1820-c\u00f3pia-300x188.jpg 300w, https:\/\/ubanews.com\/site\/wp-content\/uploads\/2018\/04\/DSC1820-c\u00f3pia-768x480.jpg 768w, https:\/\/ubanews.com\/site\/wp-content\/uploads\/2018\/04\/DSC1820-c\u00f3pia-1024x640.jpg 1024w\" data-sizes=\"(max-width: 4724px) 100vw, 4724px\" src=\"data:image\/svg+xml;base64,PHN2ZyB3aWR0aD0iMSIgaGVpZ2h0PSIxIiB4bWxucz0iaHR0cDovL3d3dy53My5vcmcvMjAwMC9zdmciPjwvc3ZnPg==\" style=\"--smush-placeholder-width: 4724px; --smush-placeholder-aspect-ratio: 4724\/2954;\" \/> <img decoding=\"async\" class=\"alignnone size-full wp-image-2202 lazyload\" data-src=\"https:\/\/ubanews.com\/site\/wp-content\/uploads\/2018\/04\/DSC1826-c\u00f3pia.jpg\" alt=\"\" width=\"4724\" height=\"2954\" data-srcset=\"https:\/\/ubanews.com\/site\/wp-content\/uploads\/2018\/04\/DSC1826-c\u00f3pia.jpg 4724w, https:\/\/ubanews.com\/site\/wp-content\/uploads\/2018\/04\/DSC1826-c\u00f3pia-300x188.jpg 300w, https:\/\/ubanews.com\/site\/wp-content\/uploads\/2018\/04\/DSC1826-c\u00f3pia-768x480.jpg 768w, https:\/\/ubanews.com\/site\/wp-content\/uploads\/2018\/04\/DSC1826-c\u00f3pia-1024x640.jpg 1024w\" data-sizes=\"(max-width: 4724px) 100vw, 4724px\" src=\"data:image\/svg+xml;base64,PHN2ZyB3aWR0aD0iMSIgaGVpZ2h0PSIxIiB4bWxucz0iaHR0cDovL3d3dy53My5vcmcvMjAwMC9zdmciPjwvc3ZnPg==\" style=\"--smush-placeholder-width: 4724px; --smush-placeholder-aspect-ratio: 4724\/2954;\" \/> <img decoding=\"async\" class=\"alignnone size-full wp-image-2203 lazyload\" data-src=\"https:\/\/ubanews.com\/site\/wp-content\/uploads\/2018\/04\/DSC1810-c\u00f3pia.jpg\" alt=\"\" width=\"4724\" height=\"2954\" data-srcset=\"https:\/\/ubanews.com\/site\/wp-content\/uploads\/2018\/04\/DSC1810-c\u00f3pia.jpg 4724w, https:\/\/ubanews.com\/site\/wp-content\/uploads\/2018\/04\/DSC1810-c\u00f3pia-300x188.jpg 300w, https:\/\/ubanews.com\/site\/wp-content\/uploads\/2018\/04\/DSC1810-c\u00f3pia-768x480.jpg 768w, https:\/\/ubanews.com\/site\/wp-content\/uploads\/2018\/04\/DSC1810-c\u00f3pia-1024x640.jpg 1024w\" data-sizes=\"(max-width: 4724px) 100vw, 4724px\" src=\"data:image\/svg+xml;base64,PHN2ZyB3aWR0aD0iMSIgaGVpZ2h0PSIxIiB4bWxucz0iaHR0cDovL3d3dy53My5vcmcvMjAwMC9zdmciPjwvc3ZnPg==\" style=\"--smush-placeholder-width: 4724px; --smush-placeholder-aspect-ratio: 4724\/2954;\" \/><\/p>\n<p>&nbsp; &nbsp; &nbsp; &nbsp; &nbsp; O Patronato S\u00e3o Jos\u00e9 promoveu nesse domingo (15), um delicioso macarr\u00e3o na chapa, onde as pessoas tiveram a liberdade de buscar o marmitex, para degustar ao lado de seus familiares. O macarr\u00e3o na chapa do Patronato S\u00e3o Jos\u00e9 foi servido entre 11h e 30min \u00e0s 13h na Rua Francisco Teixeira do Nascimento, 25, Bairro Vila Casal. Sal\u00e3o da Comunidade S\u00e3o Jos\u00e9. Esse foi mais um evento em beneficio ao Patronato S\u00e3o Jos\u00e9 que tem em 2018 chega aos 51 anos, promovendo o bem e espalhando amor e educa\u00e7\u00e3o para milhares de crian\u00e7as carentes de nossa querida Ub\u00e1.<\/p>\n<p>&nbsp;<\/p>\n","protected":false},"excerpt":{"rendered":"<p>&nbsp; &nbsp; &nbsp; &nbsp; &nbsp; O Patronato S\u00e3o Jos\u00e9 promoveu<\/p>\n","protected":false},"author":2,"featured_media":2196,"comment_status":"open","ping_status":"open","sticky":false,"template":"","format":"standard","meta":{"footnotes":""},"categories":[1],"tags":[],"class_list":["post-2195","post","type-post","status-publish","format-standard","has-post-thumbnail","hentry","category-sem-categoria"],"yoast_head":"<!-- This site is optimized with the Yoast SEO plugin v27.2 - https:\/\/yoast.com\/product\/yoast-seo-wordpress\/ -->\n<title>Patronato S\u00e3o Jos\u00e9 promove evento beneficente neste domingo - Ub\u00e1 News<\/title>\n<meta name=\"robots\" content=\"index, follow, max-snippet:-1, max-image-preview:large, max-video-preview:-1\" \/>\n<link rel=\"canonical\" href=\"https:\/\/ubanews.com\/site\/2018\/04\/15\/patronato-sao-jose-promove-evento-beneficente-neste-domingo\/\" \/>\n<meta property=\"og:locale\" content=\"pt_BR\" \/>\n<meta property=\"og:type\" content=\"article\" \/>\n<meta property=\"og:title\" content=\"Patronato S\u00e3o Jos\u00e9 promove evento beneficente neste domingo - Ub\u00e1 News\" \/>\n<meta property=\"og:description\" content=\"&nbsp; &nbsp; &nbsp; &nbsp; &nbsp; O Patronato S\u00e3o Jos\u00e9 promoveu\" \/>\n<meta property=\"og:url\" content=\"https:\/\/ubanews.com\/site\/2018\/04\/15\/patronato-sao-jose-promove-evento-beneficente-neste-domingo\/\" \/>\n<meta property=\"og:site_name\" content=\"Ub\u00e1 News\" \/>\n<meta property=\"article:publisher\" content=\"https:\/\/www.facebook.com\/Ub%c3%a1News-Carlos-Roberto-Sodr%c3%a9-418778301977370\" \/>\n<meta property=\"article:author\" content=\"https:\/\/www.facebook.com\/carosroberto.sodre.5\/\" \/>\n<meta property=\"article:published_time\" content=\"2018-04-15T20:30:19+00:00\" \/>\n<meta property=\"article:modified_time\" content=\"2018-04-21T18:07:45+00:00\" \/>\n<meta property=\"og:image\" content=\"https:\/\/ubanews.com\/site\/wp-content\/uploads\/2018\/04\/DSC1813-c\u00f3pia.jpg\" \/>\n\t<meta property=\"og:image:width\" content=\"4724\" \/>\n\t<meta property=\"og:image:height\" content=\"2954\" \/>\n\t<meta property=\"og:image:type\" content=\"image\/jpeg\" \/>\n<meta name=\"author\" content=\"Sodr\u00e9\" \/>\n<meta name=\"twitter:card\" content=\"summary_large_image\" \/>\n<meta name=\"twitter:label1\" content=\"Escrito por\" \/>\n\t<meta name=\"twitter:data1\" content=\"Sodr\u00e9\" \/>\n\t<meta name=\"twitter:label2\" content=\"Est. tempo de leitura\" \/>\n\t<meta name=\"twitter:data2\" content=\"1 minuto\" \/>\n<script type=\"application\/ld+json\" class=\"yoast-schema-graph\">{\"@context\":\"https:\/\/schema.org\",\"@graph\":[{\"@type\":\"Article\",\"@id\":\"https:\/\/ubanews.com\/site\/2018\/04\/15\/patronato-sao-jose-promove-evento-beneficente-neste-domingo\/#article\",\"isPartOf\":{\"@id\":\"https:\/\/ubanews.com\/site\/2018\/04\/15\/patronato-sao-jose-promove-evento-beneficente-neste-domingo\/\"},\"author\":{\"name\":\"Sodr\u00e9\",\"@id\":\"https:\/\/ubanews.com\/site\/#\/schema\/person\/d90c9e47252fbb63dcc969fe4c8b9d10\"},\"headline\":\"Patronato S\u00e3o Jos\u00e9 promove evento beneficente neste domingo\",\"datePublished\":\"2018-04-15T20:30:19+00:00\",\"dateModified\":\"2018-04-21T18:07:45+00:00\",\"mainEntityOfPage\":{\"@id\":\"https:\/\/ubanews.com\/site\/2018\/04\/15\/patronato-sao-jose-promove-evento-beneficente-neste-domingo\/\"},\"wordCount\":117,\"commentCount\":0,\"publisher\":{\"@id\":\"https:\/\/ubanews.com\/site\/#organization\"},\"image\":{\"@id\":\"https:\/\/ubanews.com\/site\/2018\/04\/15\/patronato-sao-jose-promove-evento-beneficente-neste-domingo\/#primaryimage\"},\"thumbnailUrl\":\"https:\/\/ubanews.com\/site\/wp-content\/uploads\/2018\/04\/DSC1813-c\u00f3pia.jpg\",\"articleSection\":[\"Geral\"],\"inLanguage\":\"pt-BR\",\"potentialAction\":[{\"@type\":\"CommentAction\",\"name\":\"Comment\",\"target\":[\"https:\/\/ubanews.com\/site\/2018\/04\/15\/patronato-sao-jose-promove-evento-beneficente-neste-domingo\/#respond\"]}]},{\"@type\":\"WebPage\",\"@id\":\"https:\/\/ubanews.com\/site\/2018\/04\/15\/patronato-sao-jose-promove-evento-beneficente-neste-domingo\/\",\"url\":\"https:\/\/ubanews.com\/site\/2018\/04\/15\/patronato-sao-jose-promove-evento-beneficente-neste-domingo\/\",\"name\":\"Patronato S\u00e3o Jos\u00e9 promove evento beneficente neste domingo - Ub\u00e1 News\",\"isPartOf\":{\"@id\":\"https:\/\/ubanews.com\/site\/#website\"},\"primaryImageOfPage\":{\"@id\":\"https:\/\/ubanews.com\/site\/2018\/04\/15\/patronato-sao-jose-promove-evento-beneficente-neste-domingo\/#primaryimage\"},\"image\":{\"@id\":\"https:\/\/ubanews.com\/site\/2018\/04\/15\/patronato-sao-jose-promove-evento-beneficente-neste-domingo\/#primaryimage\"},\"thumbnailUrl\":\"https:\/\/ubanews.com\/site\/wp-content\/uploads\/2018\/04\/DSC1813-c\u00f3pia.jpg\",\"datePublished\":\"2018-04-15T20:30:19+00:00\",\"dateModified\":\"2018-04-21T18:07:45+00:00\",\"breadcrumb\":{\"@id\":\"https:\/\/ubanews.com\/site\/2018\/04\/15\/patronato-sao-jose-promove-evento-beneficente-neste-domingo\/#breadcrumb\"},\"inLanguage\":\"pt-BR\",\"potentialAction\":[{\"@type\":\"ReadAction\",\"target\":[\"https:\/\/ubanews.com\/site\/2018\/04\/15\/patronato-sao-jose-promove-evento-beneficente-neste-domingo\/\"]}]},{\"@type\":\"ImageObject\",\"inLanguage\":\"pt-BR\",\"@id\":\"https:\/\/ubanews.com\/site\/2018\/04\/15\/patronato-sao-jose-promove-evento-beneficente-neste-domingo\/#primaryimage\",\"url\":\"https:\/\/ubanews.com\/site\/wp-content\/uploads\/2018\/04\/DSC1813-c\u00f3pia.jpg\",\"contentUrl\":\"https:\/\/ubanews.com\/site\/wp-content\/uploads\/2018\/04\/DSC1813-c\u00f3pia.jpg\",\"width\":4724,\"height\":2954},{\"@type\":\"BreadcrumbList\",\"@id\":\"https:\/\/ubanews.com\/site\/2018\/04\/15\/patronato-sao-jose-promove-evento-beneficente-neste-domingo\/#breadcrumb\",\"itemListElement\":[{\"@type\":\"ListItem\",\"position\":1,\"name\":\"Home\",\"item\":\"https:\/\/ubanews.com\/site\/\"},{\"@type\":\"ListItem\",\"position\":2,\"name\":\"Patronato S\u00e3o Jos\u00e9 promove evento beneficente neste domingo\"}]},{\"@type\":\"WebSite\",\"@id\":\"https:\/\/ubanews.com\/site\/#website\",\"url\":\"https:\/\/ubanews.com\/site\/\",\"name\":\"Ub\u00e1 News\",\"description\":\"\",\"publisher\":{\"@id\":\"https:\/\/ubanews.com\/site\/#organization\"},\"potentialAction\":[{\"@type\":\"SearchAction\",\"target\":{\"@type\":\"EntryPoint\",\"urlTemplate\":\"https:\/\/ubanews.com\/site\/?s={search_term_string}\"},\"query-input\":{\"@type\":\"PropertyValueSpecification\",\"valueRequired\":true,\"valueName\":\"search_term_string\"}}],\"inLanguage\":\"pt-BR\"},{\"@type\":\"Organization\",\"@id\":\"https:\/\/ubanews.com\/site\/#organization\",\"name\":\"Ub\u00e1 News\",\"url\":\"https:\/\/ubanews.com\/site\/\",\"logo\":{\"@type\":\"ImageObject\",\"inLanguage\":\"pt-BR\",\"@id\":\"https:\/\/ubanews.com\/site\/#\/schema\/logo\/image\/\",\"url\":\"https:\/\/ubanews.com\/site\/wp-content\/uploads\/2018\/01\/logoubanews.png\",\"contentUrl\":\"https:\/\/ubanews.com\/site\/wp-content\/uploads\/2018\/01\/logoubanews.png\",\"width\":261,\"height\":99,\"caption\":\"Ub\u00e1 News\"},\"image\":{\"@id\":\"https:\/\/ubanews.com\/site\/#\/schema\/logo\/image\/\"},\"sameAs\":[\"https:\/\/www.facebook.com\/Ub\u00e1News-Carlos-Roberto-Sodr\u00e9-418778301977370\"]},{\"@type\":\"Person\",\"@id\":\"https:\/\/ubanews.com\/site\/#\/schema\/person\/d90c9e47252fbb63dcc969fe4c8b9d10\",\"name\":\"Sodr\u00e9\",\"image\":{\"@type\":\"ImageObject\",\"inLanguage\":\"pt-BR\",\"@id\":\"https:\/\/secure.gravatar.com\/avatar\/5ba2793f0590b9dbfad3fdec4ee714485b3eef211c9b32ee53d414060454a56c?s=96&d=mm&r=g\",\"url\":\"https:\/\/secure.gravatar.com\/avatar\/5ba2793f0590b9dbfad3fdec4ee714485b3eef211c9b32ee53d414060454a56c?s=96&d=mm&r=g\",\"contentUrl\":\"https:\/\/secure.gravatar.com\/avatar\/5ba2793f0590b9dbfad3fdec4ee714485b3eef211c9b32ee53d414060454a56c?s=96&d=mm&r=g\",\"caption\":\"Sodr\u00e9\"},\"sameAs\":[\"https:\/\/www.facebook.com\/carosroberto.sodre.5\/\"],\"url\":\"https:\/\/ubanews.com\/site\/author\/felipe\/\"}]}<\/script>\n<!-- \/ Yoast SEO plugin. -->","yoast_head_json":{"title":"Patronato S\u00e3o Jos\u00e9 promove evento beneficente neste domingo - Ub\u00e1 News","robots":{"index":"index","follow":"follow","max-snippet":"max-snippet:-1","max-image-preview":"max-image-preview:large","max-video-preview":"max-video-preview:-1"},"canonical":"https:\/\/ubanews.com\/site\/2018\/04\/15\/patronato-sao-jose-promove-evento-beneficente-neste-domingo\/","og_locale":"pt_BR","og_type":"article","og_title":"Patronato S\u00e3o Jos\u00e9 promove evento beneficente neste domingo - Ub\u00e1 News","og_description":"&nbsp; &nbsp; &nbsp; &nbsp; &nbsp; O Patronato S\u00e3o Jos\u00e9 promoveu","og_url":"https:\/\/ubanews.com\/site\/2018\/04\/15\/patronato-sao-jose-promove-evento-beneficente-neste-domingo\/","og_site_name":"Ub\u00e1 News","article_publisher":"https:\/\/www.facebook.com\/Ub%c3%a1News-Carlos-Roberto-Sodr%c3%a9-418778301977370","article_author":"https:\/\/www.facebook.com\/carosroberto.sodre.5\/","article_published_time":"2018-04-15T20:30:19+00:00","article_modified_time":"2018-04-21T18:07:45+00:00","og_image":[{"width":4724,"height":2954,"url":"https:\/\/ubanews.com\/site\/wp-content\/uploads\/2018\/04\/DSC1813-c\u00f3pia.jpg","type":"image\/jpeg"}],"author":"Sodr\u00e9","twitter_card":"summary_large_image","twitter_misc":{"Escrito por":"Sodr\u00e9","Est. tempo de leitura":"1 minuto"},"schema":{"@context":"https:\/\/schema.org","@graph":[{"@type":"Article","@id":"https:\/\/ubanews.com\/site\/2018\/04\/15\/patronato-sao-jose-promove-evento-beneficente-neste-domingo\/#article","isPartOf":{"@id":"https:\/\/ubanews.com\/site\/2018\/04\/15\/patronato-sao-jose-promove-evento-beneficente-neste-domingo\/"},"author":{"name":"Sodr\u00e9","@id":"https:\/\/ubanews.com\/site\/#\/schema\/person\/d90c9e47252fbb63dcc969fe4c8b9d10"},"headline":"Patronato S\u00e3o Jos\u00e9 promove evento beneficente neste domingo","datePublished":"2018-04-15T20:30:19+00:00","dateModified":"2018-04-21T18:07:45+00:00","mainEntityOfPage":{"@id":"https:\/\/ubanews.com\/site\/2018\/04\/15\/patronato-sao-jose-promove-evento-beneficente-neste-domingo\/"},"wordCount":117,"commentCount":0,"publisher":{"@id":"https:\/\/ubanews.com\/site\/#organization"},"image":{"@id":"https:\/\/ubanews.com\/site\/2018\/04\/15\/patronato-sao-jose-promove-evento-beneficente-neste-domingo\/#primaryimage"},"thumbnailUrl":"https:\/\/ubanews.com\/site\/wp-content\/uploads\/2018\/04\/DSC1813-c\u00f3pia.jpg","articleSection":["Geral"],"inLanguage":"pt-BR","potentialAction":[{"@type":"CommentAction","name":"Comment","target":["https:\/\/ubanews.com\/site\/2018\/04\/15\/patronato-sao-jose-promove-evento-beneficente-neste-domingo\/#respond"]}]},{"@type":"WebPage","@id":"https:\/\/ubanews.com\/site\/2018\/04\/15\/patronato-sao-jose-promove-evento-beneficente-neste-domingo\/","url":"https:\/\/ubanews.com\/site\/2018\/04\/15\/patronato-sao-jose-promove-evento-beneficente-neste-domingo\/","name":"Patronato S\u00e3o Jos\u00e9 promove evento beneficente neste domingo - Ub\u00e1 News","isPartOf":{"@id":"https:\/\/ubanews.com\/site\/#website"},"primaryImageOfPage":{"@id":"https:\/\/ubanews.com\/site\/2018\/04\/15\/patronato-sao-jose-promove-evento-beneficente-neste-domingo\/#primaryimage"},"image":{"@id":"https:\/\/ubanews.com\/site\/2018\/04\/15\/patronato-sao-jose-promove-evento-beneficente-neste-domingo\/#primaryimage"},"thumbnailUrl":"https:\/\/ubanews.com\/site\/wp-content\/uploads\/2018\/04\/DSC1813-c\u00f3pia.jpg","datePublished":"2018-04-15T20:30:19+00:00","dateModified":"2018-04-21T18:07:45+00:00","breadcrumb":{"@id":"https:\/\/ubanews.com\/site\/2018\/04\/15\/patronato-sao-jose-promove-evento-beneficente-neste-domingo\/#breadcrumb"},"inLanguage":"pt-BR","potentialAction":[{"@type":"ReadAction","target":["https:\/\/ubanews.com\/site\/2018\/04\/15\/patronato-sao-jose-promove-evento-beneficente-neste-domingo\/"]}]},{"@type":"ImageObject","inLanguage":"pt-BR","@id":"https:\/\/ubanews.com\/site\/2018\/04\/15\/patronato-sao-jose-promove-evento-beneficente-neste-domingo\/#primaryimage","url":"https:\/\/ubanews.com\/site\/wp-content\/uploads\/2018\/04\/DSC1813-c\u00f3pia.jpg","contentUrl":"https:\/\/ubanews.com\/site\/wp-content\/uploads\/2018\/04\/DSC1813-c\u00f3pia.jpg","width":4724,"height":2954},{"@type":"BreadcrumbList","@id":"https:\/\/ubanews.com\/site\/2018\/04\/15\/patronato-sao-jose-promove-evento-beneficente-neste-domingo\/#breadcrumb","itemListElement":[{"@type":"ListItem","position":1,"name":"Home","item":"https:\/\/ubanews.com\/site\/"},{"@type":"ListItem","position":2,"name":"Patronato S\u00e3o Jos\u00e9 promove evento beneficente neste domingo"}]},{"@type":"WebSite","@id":"https:\/\/ubanews.com\/site\/#website","url":"https:\/\/ubanews.com\/site\/","name":"Ub\u00e1 News","description":"","publisher":{"@id":"https:\/\/ubanews.com\/site\/#organization"},"potentialAction":[{"@type":"SearchAction","target":{"@type":"EntryPoint","urlTemplate":"https:\/\/ubanews.com\/site\/?s={search_term_string}"},"query-input":{"@type":"PropertyValueSpecification","valueRequired":true,"valueName":"search_term_string"}}],"inLanguage":"pt-BR"},{"@type":"Organization","@id":"https:\/\/ubanews.com\/site\/#organization","name":"Ub\u00e1 News","url":"https:\/\/ubanews.com\/site\/","logo":{"@type":"ImageObject","inLanguage":"pt-BR","@id":"https:\/\/ubanews.com\/site\/#\/schema\/logo\/image\/","url":"https:\/\/ubanews.com\/site\/wp-content\/uploads\/2018\/01\/logoubanews.png","contentUrl":"https:\/\/ubanews.com\/site\/wp-content\/uploads\/2018\/01\/logoubanews.png","width":261,"height":99,"caption":"Ub\u00e1 News"},"image":{"@id":"https:\/\/ubanews.com\/site\/#\/schema\/logo\/image\/"},"sameAs":["https:\/\/www.facebook.com\/Ub\u00e1News-Carlos-Roberto-Sodr\u00e9-418778301977370"]},{"@type":"Person","@id":"https:\/\/ubanews.com\/site\/#\/schema\/person\/d90c9e47252fbb63dcc969fe4c8b9d10","name":"Sodr\u00e9","image":{"@type":"ImageObject","inLanguage":"pt-BR","@id":"https:\/\/secure.gravatar.com\/avatar\/5ba2793f0590b9dbfad3fdec4ee714485b3eef211c9b32ee53d414060454a56c?s=96&d=mm&r=g","url":"https:\/\/secure.gravatar.com\/avatar\/5ba2793f0590b9dbfad3fdec4ee714485b3eef211c9b32ee53d414060454a56c?s=96&d=mm&r=g","contentUrl":"https:\/\/secure.gravatar.com\/avatar\/5ba2793f0590b9dbfad3fdec4ee714485b3eef211c9b32ee53d414060454a56c?s=96&d=mm&r=g","caption":"Sodr\u00e9"},"sameAs":["https:\/\/www.facebook.com\/carosroberto.sodre.5\/"],"url":"https:\/\/ubanews.com\/site\/author\/felipe\/"}]}},"_links":{"self":[{"href":"https:\/\/ubanews.com\/site\/wp-json\/wp\/v2\/posts\/2195","targetHints":{"allow":["GET"]}}],"collection":[{"href":"https:\/\/ubanews.com\/site\/wp-json\/wp\/v2\/posts"}],"about":[{"href":"https:\/\/ubanews.com\/site\/wp-json\/wp\/v2\/types\/post"}],"author":[{"embeddable":true,"href":"https:\/\/ubanews.com\/site\/wp-json\/wp\/v2\/users\/2"}],"replies":[{"embeddable":true,"href":"https:\/\/ubanews.com\/site\/wp-json\/wp\/v2\/comments?post=2195"}],"version-history":[{"count":0,"href":"https:\/\/ubanews.com\/site\/wp-json\/wp\/v2\/posts\/2195\/revisions"}],"wp:featuredmedia":[{"embeddable":true,"href":"https:\/\/ubanews.com\/site\/wp-json\/wp\/v2\/media\/2196"}],"wp:attachment":[{"href":"https:\/\/ubanews.com\/site\/wp-json\/wp\/v2\/media?parent=2195"}],"wp:term":[{"taxonomy":"category","embeddable":true,"href":"https:\/\/ubanews.com\/site\/wp-json\/wp\/v2\/categories?post=2195"},{"taxonomy":"post_tag","embeddable":true,"href":"https:\/\/ubanews.com\/site\/wp-json\/wp\/v2\/tags?post=2195"}],"curies":[{"name":"wp","href":"https:\/\/api.w.org\/{rel}","templated":true}]}}