{"id":21947,"date":"2023-09-18T08:41:15","date_gmt":"2023-09-18T11:41:15","guid":{"rendered":"http:\/\/ubanews.com\/site\/?p=21947"},"modified":"2023-09-18T08:41:15","modified_gmt":"2023-09-18T11:41:15","slug":"8a-festa-do-miragaiense-de-coracao-celebra-a-tradicao-da-comunidade","status":"publish","type":"post","link":"https:\/\/ubanews.com\/site\/2023\/09\/18\/8a-festa-do-miragaiense-de-coracao-celebra-a-tradicao-da-comunidade\/","title":{"rendered":"8\u00aa Festa do Miragaiense de Cora\u00e7\u00e3o Celebra a Tradi\u00e7\u00e3o da Comunidade"},"content":{"rendered":"<p><img decoding=\"async\" class=\"aligncenter  wp-image-21922 lazyload\" data-src=\"https:\/\/ubanews.com\/site\/wp-content\/uploads\/2023\/09\/20230917_121226-300x225.jpg\" alt=\"\" width=\"420\" height=\"315\" data-srcset=\"https:\/\/ubanews.com\/site\/wp-content\/uploads\/2023\/09\/20230917_121226-300x225.jpg 300w, https:\/\/ubanews.com\/site\/wp-content\/uploads\/2023\/09\/20230917_121226-1024x768.jpg 1024w, https:\/\/ubanews.com\/site\/wp-content\/uploads\/2023\/09\/20230917_121226-768x576.jpg 768w, https:\/\/ubanews.com\/site\/wp-content\/uploads\/2023\/09\/20230917_121226-1536x1152.jpg 1536w, https:\/\/ubanews.com\/site\/wp-content\/uploads\/2023\/09\/20230917_121226-2048x1536.jpg 2048w\" data-sizes=\"(max-width: 420px) 100vw, 420px\" src=\"data:image\/svg+xml;base64,PHN2ZyB3aWR0aD0iMSIgaGVpZ2h0PSIxIiB4bWxucz0iaHR0cDovL3d3dy53My5vcmcvMjAwMC9zdmciPjwvc3ZnPg==\" style=\"--smush-placeholder-width: 420px; --smush-placeholder-aspect-ratio: 420\/315;\" \/><\/p>\n<p>Miragaia celebrou com grande entusiasmo a 8\u00aa edi\u00e7\u00e3o da Festa do Miragaiense de Cora\u00e7\u00e3o, que ocorreu entre os dias 15 e 17 de setembro de 2023. O evento, que j\u00e1 se tornou uma tradi\u00e7\u00e3o na regi\u00e3o, reuniu moradores e visitantes para uma confraterniza\u00e7\u00e3o que destaca o orgulho de pertencer a essa comunidade.<\/p>\n<p><img decoding=\"async\" class=\"aligncenter  wp-image-21926 lazyload\" data-src=\"https:\/\/ubanews.com\/site\/wp-content\/uploads\/2023\/09\/20230917_125120-300x225.jpg\" alt=\"\" width=\"420\" height=\"315\" data-srcset=\"https:\/\/ubanews.com\/site\/wp-content\/uploads\/2023\/09\/20230917_125120-300x225.jpg 300w, https:\/\/ubanews.com\/site\/wp-content\/uploads\/2023\/09\/20230917_125120-1024x768.jpg 1024w, https:\/\/ubanews.com\/site\/wp-content\/uploads\/2023\/09\/20230917_125120-768x576.jpg 768w, https:\/\/ubanews.com\/site\/wp-content\/uploads\/2023\/09\/20230917_125120-1536x1152.jpg 1536w, https:\/\/ubanews.com\/site\/wp-content\/uploads\/2023\/09\/20230917_125120-2048x1536.jpg 2048w\" data-sizes=\"(max-width: 420px) 100vw, 420px\" src=\"data:image\/svg+xml;base64,PHN2ZyB3aWR0aD0iMSIgaGVpZ2h0PSIxIiB4bWxucz0iaHR0cDovL3d3dy53My5vcmcvMjAwMC9zdmciPjwvc3ZnPg==\" style=\"--smush-placeholder-width: 420px; --smush-placeholder-aspect-ratio: 420\/315;\" \/> <img decoding=\"async\" class=\"aligncenter  wp-image-21927 lazyload\" data-src=\"https:\/\/ubanews.com\/site\/wp-content\/uploads\/2023\/09\/20230917_125307-300x225.jpg\" alt=\"\" width=\"420\" height=\"315\" data-srcset=\"https:\/\/ubanews.com\/site\/wp-content\/uploads\/2023\/09\/20230917_125307-300x225.jpg 300w, https:\/\/ubanews.com\/site\/wp-content\/uploads\/2023\/09\/20230917_125307-1024x768.jpg 1024w, https:\/\/ubanews.com\/site\/wp-content\/uploads\/2023\/09\/20230917_125307-768x576.jpg 768w, https:\/\/ubanews.com\/site\/wp-content\/uploads\/2023\/09\/20230917_125307-1536x1152.jpg 1536w, https:\/\/ubanews.com\/site\/wp-content\/uploads\/2023\/09\/20230917_125307.jpg 1800w\" data-sizes=\"(max-width: 420px) 100vw, 420px\" src=\"data:image\/svg+xml;base64,PHN2ZyB3aWR0aD0iMSIgaGVpZ2h0PSIxIiB4bWxucz0iaHR0cDovL3d3dy53My5vcmcvMjAwMC9zdmciPjwvc3ZnPg==\" style=\"--smush-placeholder-width: 420px; --smush-placeholder-aspect-ratio: 420\/315;\" \/> <img decoding=\"async\" class=\"aligncenter  wp-image-21928 lazyload\" data-src=\"https:\/\/ubanews.com\/site\/wp-content\/uploads\/2023\/09\/20230917_125316-300x225.jpg\" alt=\"\" width=\"420\" height=\"315\" data-srcset=\"https:\/\/ubanews.com\/site\/wp-content\/uploads\/2023\/09\/20230917_125316-300x225.jpg 300w, https:\/\/ubanews.com\/site\/wp-content\/uploads\/2023\/09\/20230917_125316-1024x768.jpg 1024w, https:\/\/ubanews.com\/site\/wp-content\/uploads\/2023\/09\/20230917_125316-768x576.jpg 768w, https:\/\/ubanews.com\/site\/wp-content\/uploads\/2023\/09\/20230917_125316-1536x1152.jpg 1536w, https:\/\/ubanews.com\/site\/wp-content\/uploads\/2023\/09\/20230917_125316-2048x1536.jpg 2048w\" data-sizes=\"(max-width: 420px) 100vw, 420px\" src=\"data:image\/svg+xml;base64,PHN2ZyB3aWR0aD0iMSIgaGVpZ2h0PSIxIiB4bWxucz0iaHR0cDovL3d3dy53My5vcmcvMjAwMC9zdmciPjwvc3ZnPg==\" style=\"--smush-placeholder-width: 420px; --smush-placeholder-aspect-ratio: 420\/315;\" \/> <img decoding=\"async\" class=\"aligncenter  wp-image-21929 lazyload\" data-src=\"https:\/\/ubanews.com\/site\/wp-content\/uploads\/2023\/09\/20230917_125329-300x225.jpg\" alt=\"\" width=\"420\" height=\"315\" data-srcset=\"https:\/\/ubanews.com\/site\/wp-content\/uploads\/2023\/09\/20230917_125329-300x225.jpg 300w, https:\/\/ubanews.com\/site\/wp-content\/uploads\/2023\/09\/20230917_125329-1024x768.jpg 1024w, https:\/\/ubanews.com\/site\/wp-content\/uploads\/2023\/09\/20230917_125329-768x576.jpg 768w, https:\/\/ubanews.com\/site\/wp-content\/uploads\/2023\/09\/20230917_125329-1536x1152.jpg 1536w, https:\/\/ubanews.com\/site\/wp-content\/uploads\/2023\/09\/20230917_125329-2048x1536.jpg 2048w\" data-sizes=\"(max-width: 420px) 100vw, 420px\" src=\"data:image\/svg+xml;base64,PHN2ZyB3aWR0aD0iMSIgaGVpZ2h0PSIxIiB4bWxucz0iaHR0cDovL3d3dy53My5vcmcvMjAwMC9zdmciPjwvc3ZnPg==\" style=\"--smush-placeholder-width: 420px; --smush-placeholder-aspect-ratio: 420\/315;\" \/> <img decoding=\"async\" class=\"aligncenter  wp-image-21930 lazyload\" data-src=\"https:\/\/ubanews.com\/site\/wp-content\/uploads\/2023\/09\/20230917_125436-300x225.jpg\" alt=\"\" width=\"420\" height=\"315\" data-srcset=\"https:\/\/ubanews.com\/site\/wp-content\/uploads\/2023\/09\/20230917_125436-300x225.jpg 300w, https:\/\/ubanews.com\/site\/wp-content\/uploads\/2023\/09\/20230917_125436-1024x768.jpg 1024w, https:\/\/ubanews.com\/site\/wp-content\/uploads\/2023\/09\/20230917_125436-768x576.jpg 768w, https:\/\/ubanews.com\/site\/wp-content\/uploads\/2023\/09\/20230917_125436-1536x1152.jpg 1536w, https:\/\/ubanews.com\/site\/wp-content\/uploads\/2023\/09\/20230917_125436-2048x1536.jpg 2048w\" data-sizes=\"(max-width: 420px) 100vw, 420px\" src=\"data:image\/svg+xml;base64,PHN2ZyB3aWR0aD0iMSIgaGVpZ2h0PSIxIiB4bWxucz0iaHR0cDovL3d3dy53My5vcmcvMjAwMC9zdmciPjwvc3ZnPg==\" style=\"--smush-placeholder-width: 420px; --smush-placeholder-aspect-ratio: 420\/315;\" \/> <img decoding=\"async\" class=\"aligncenter  wp-image-21931 lazyload\" data-src=\"https:\/\/ubanews.com\/site\/wp-content\/uploads\/2023\/09\/20230917_125559-300x225.jpg\" alt=\"\" width=\"420\" height=\"315\" data-srcset=\"https:\/\/ubanews.com\/site\/wp-content\/uploads\/2023\/09\/20230917_125559-300x225.jpg 300w, https:\/\/ubanews.com\/site\/wp-content\/uploads\/2023\/09\/20230917_125559-1024x768.jpg 1024w, https:\/\/ubanews.com\/site\/wp-content\/uploads\/2023\/09\/20230917_125559-768x576.jpg 768w, https:\/\/ubanews.com\/site\/wp-content\/uploads\/2023\/09\/20230917_125559-1536x1152.jpg 1536w, https:\/\/ubanews.com\/site\/wp-content\/uploads\/2023\/09\/20230917_125559-2048x1536.jpg 2048w\" data-sizes=\"(max-width: 420px) 100vw, 420px\" src=\"data:image\/svg+xml;base64,PHN2ZyB3aWR0aD0iMSIgaGVpZ2h0PSIxIiB4bWxucz0iaHR0cDovL3d3dy53My5vcmcvMjAwMC9zdmciPjwvc3ZnPg==\" style=\"--smush-placeholder-width: 420px; --smush-placeholder-aspect-ratio: 420\/315;\" \/> <img decoding=\"async\" class=\"aligncenter  wp-image-21932 lazyload\" data-src=\"https:\/\/ubanews.com\/site\/wp-content\/uploads\/2023\/09\/20230917_125609-300x225.jpg\" alt=\"\" width=\"420\" height=\"315\" data-srcset=\"https:\/\/ubanews.com\/site\/wp-content\/uploads\/2023\/09\/20230917_125609-300x225.jpg 300w, https:\/\/ubanews.com\/site\/wp-content\/uploads\/2023\/09\/20230917_125609-1024x768.jpg 1024w, https:\/\/ubanews.com\/site\/wp-content\/uploads\/2023\/09\/20230917_125609-768x576.jpg 768w, https:\/\/ubanews.com\/site\/wp-content\/uploads\/2023\/09\/20230917_125609-1536x1152.jpg 1536w, https:\/\/ubanews.com\/site\/wp-content\/uploads\/2023\/09\/20230917_125609-2048x1536.jpg 2048w\" data-sizes=\"(max-width: 420px) 100vw, 420px\" src=\"data:image\/svg+xml;base64,PHN2ZyB3aWR0aD0iMSIgaGVpZ2h0PSIxIiB4bWxucz0iaHR0cDovL3d3dy53My5vcmcvMjAwMC9zdmciPjwvc3ZnPg==\" style=\"--smush-placeholder-width: 420px; --smush-placeholder-aspect-ratio: 420\/315;\" \/> <img decoding=\"async\" class=\"aligncenter  wp-image-21934 lazyload\" data-src=\"https:\/\/ubanews.com\/site\/wp-content\/uploads\/2023\/09\/20230917_125622-300x225.jpg\" alt=\"\" width=\"420\" height=\"315\" data-srcset=\"https:\/\/ubanews.com\/site\/wp-content\/uploads\/2023\/09\/20230917_125622-300x225.jpg 300w, https:\/\/ubanews.com\/site\/wp-content\/uploads\/2023\/09\/20230917_125622-1024x768.jpg 1024w, https:\/\/ubanews.com\/site\/wp-content\/uploads\/2023\/09\/20230917_125622-768x576.jpg 768w, https:\/\/ubanews.com\/site\/wp-content\/uploads\/2023\/09\/20230917_125622-1536x1152.jpg 1536w, https:\/\/ubanews.com\/site\/wp-content\/uploads\/2023\/09\/20230917_125622-2048x1536.jpg 2048w\" data-sizes=\"(max-width: 420px) 100vw, 420px\" src=\"data:image\/svg+xml;base64,PHN2ZyB3aWR0aD0iMSIgaGVpZ2h0PSIxIiB4bWxucz0iaHR0cDovL3d3dy53My5vcmcvMjAwMC9zdmciPjwvc3ZnPg==\" style=\"--smush-placeholder-width: 420px; --smush-placeholder-aspect-ratio: 420\/315;\" \/> <img decoding=\"async\" class=\"aligncenter  wp-image-21935 lazyload\" data-src=\"https:\/\/ubanews.com\/site\/wp-content\/uploads\/2023\/09\/20230917_125635-300x225.jpg\" alt=\"\" width=\"420\" height=\"315\" data-srcset=\"https:\/\/ubanews.com\/site\/wp-content\/uploads\/2023\/09\/20230917_125635-300x225.jpg 300w, https:\/\/ubanews.com\/site\/wp-content\/uploads\/2023\/09\/20230917_125635-1024x768.jpg 1024w, https:\/\/ubanews.com\/site\/wp-content\/uploads\/2023\/09\/20230917_125635-768x576.jpg 768w, https:\/\/ubanews.com\/site\/wp-content\/uploads\/2023\/09\/20230917_125635-1536x1152.jpg 1536w, https:\/\/ubanews.com\/site\/wp-content\/uploads\/2023\/09\/20230917_125635-2048x1536.jpg 2048w\" data-sizes=\"(max-width: 420px) 100vw, 420px\" src=\"data:image\/svg+xml;base64,PHN2ZyB3aWR0aD0iMSIgaGVpZ2h0PSIxIiB4bWxucz0iaHR0cDovL3d3dy53My5vcmcvMjAwMC9zdmciPjwvc3ZnPg==\" style=\"--smush-placeholder-width: 420px; --smush-placeholder-aspect-ratio: 420\/315;\" \/><\/p>\n<p>A festa teve in\u00edcio na sexta-feira, dia 15, com apresenta\u00e7\u00f5es musicais que aqueceram os cora\u00e7\u00f5es dos presentes. C\u00e9lio DeLucca e banda, juntamente com a talentosa dupla Douglas e Denilson, proporcionaram uma noite repleta de m\u00fasica boa e anima\u00e7\u00e3o.<\/p>\n<p>No s\u00e1bado, os filhos da terra, Laudemir e Mateus, abriram os trabalhos no palco, destacando a conex\u00e3o especial que t\u00eam com Miragaia. A noite culminou com o talento do cantor sertanejo Lukas Lima de Rodeiro, que encantou o p\u00fablico com suas can\u00e7\u00f5es.<\/p>\n<p>O domingo foi marcado pela tradicional cavalgada, que atraiu diversos cavaleiros e seus belos equinos em celas e charretes. Ap\u00f3s a chegada dos cavaleiros, um almo\u00e7o delicioso e acess\u00edvel foi servido, preparado com o melhor tempero do mundo: o amor.<\/p>\n<p><img decoding=\"async\" class=\"aligncenter  wp-image-21923 lazyload\" data-src=\"https:\/\/ubanews.com\/site\/wp-content\/uploads\/2023\/09\/20230917_130554-300x225.jpg\" alt=\"\" width=\"420\" height=\"315\" data-srcset=\"https:\/\/ubanews.com\/site\/wp-content\/uploads\/2023\/09\/20230917_130554-300x225.jpg 300w, https:\/\/ubanews.com\/site\/wp-content\/uploads\/2023\/09\/20230917_130554-1024x768.jpg 1024w, https:\/\/ubanews.com\/site\/wp-content\/uploads\/2023\/09\/20230917_130554-768x576.jpg 768w, https:\/\/ubanews.com\/site\/wp-content\/uploads\/2023\/09\/20230917_130554-1536x1152.jpg 1536w, https:\/\/ubanews.com\/site\/wp-content\/uploads\/2023\/09\/20230917_130554-2048x1536.jpg 2048w\" data-sizes=\"(max-width: 420px) 100vw, 420px\" src=\"data:image\/svg+xml;base64,PHN2ZyB3aWR0aD0iMSIgaGVpZ2h0PSIxIiB4bWxucz0iaHR0cDovL3d3dy53My5vcmcvMjAwMC9zdmciPjwvc3ZnPg==\" style=\"--smush-placeholder-width: 420px; --smush-placeholder-aspect-ratio: 420\/315;\" \/> <img decoding=\"async\" class=\"aligncenter  wp-image-21924 lazyload\" data-src=\"https:\/\/ubanews.com\/site\/wp-content\/uploads\/2023\/09\/20230917_130735-300x225.jpg\" alt=\"\" width=\"420\" height=\"315\" data-srcset=\"https:\/\/ubanews.com\/site\/wp-content\/uploads\/2023\/09\/20230917_130735-300x225.jpg 300w, https:\/\/ubanews.com\/site\/wp-content\/uploads\/2023\/09\/20230917_130735-1024x768.jpg 1024w, https:\/\/ubanews.com\/site\/wp-content\/uploads\/2023\/09\/20230917_130735-768x576.jpg 768w, https:\/\/ubanews.com\/site\/wp-content\/uploads\/2023\/09\/20230917_130735-1536x1152.jpg 1536w, https:\/\/ubanews.com\/site\/wp-content\/uploads\/2023\/09\/20230917_130735-2048x1536.jpg 2048w\" data-sizes=\"(max-width: 420px) 100vw, 420px\" src=\"data:image\/svg+xml;base64,PHN2ZyB3aWR0aD0iMSIgaGVpZ2h0PSIxIiB4bWxucz0iaHR0cDovL3d3dy53My5vcmcvMjAwMC9zdmciPjwvc3ZnPg==\" style=\"--smush-placeholder-width: 420px; --smush-placeholder-aspect-ratio: 420\/315;\" \/> <img decoding=\"async\" class=\"aligncenter  wp-image-21941 lazyload\" data-src=\"https:\/\/ubanews.com\/site\/wp-content\/uploads\/2023\/09\/20230917_130539-300x225.jpg\" alt=\"\" width=\"420\" height=\"315\" data-srcset=\"https:\/\/ubanews.com\/site\/wp-content\/uploads\/2023\/09\/20230917_130539-300x225.jpg 300w, https:\/\/ubanews.com\/site\/wp-content\/uploads\/2023\/09\/20230917_130539-1024x768.jpg 1024w, https:\/\/ubanews.com\/site\/wp-content\/uploads\/2023\/09\/20230917_130539-768x576.jpg 768w, https:\/\/ubanews.com\/site\/wp-content\/uploads\/2023\/09\/20230917_130539-1536x1152.jpg 1536w, https:\/\/ubanews.com\/site\/wp-content\/uploads\/2023\/09\/20230917_130539-2048x1535.jpg 2048w\" data-sizes=\"(max-width: 420px) 100vw, 420px\" src=\"data:image\/svg+xml;base64,PHN2ZyB3aWR0aD0iMSIgaGVpZ2h0PSIxIiB4bWxucz0iaHR0cDovL3d3dy53My5vcmcvMjAwMC9zdmciPjwvc3ZnPg==\" style=\"--smush-placeholder-width: 420px; --smush-placeholder-aspect-ratio: 420\/315;\" \/> <img decoding=\"async\" class=\"aligncenter wp-image-21942 lazyload\" data-src=\"https:\/\/ubanews.com\/site\/wp-content\/uploads\/2023\/09\/20230917_130559-300x225.jpg\" alt=\"\" width=\"420\" height=\"315\" data-srcset=\"https:\/\/ubanews.com\/site\/wp-content\/uploads\/2023\/09\/20230917_130559-300x225.jpg 300w, https:\/\/ubanews.com\/site\/wp-content\/uploads\/2023\/09\/20230917_130559-1024x768.jpg 1024w, https:\/\/ubanews.com\/site\/wp-content\/uploads\/2023\/09\/20230917_130559-768x576.jpg 768w, https:\/\/ubanews.com\/site\/wp-content\/uploads\/2023\/09\/20230917_130559-1536x1152.jpg 1536w, https:\/\/ubanews.com\/site\/wp-content\/uploads\/2023\/09\/20230917_130559-2048x1536.jpg 2048w\" data-sizes=\"(max-width: 420px) 100vw, 420px\" src=\"data:image\/svg+xml;base64,PHN2ZyB3aWR0aD0iMSIgaGVpZ2h0PSIxIiB4bWxucz0iaHR0cDovL3d3dy53My5vcmcvMjAwMC9zdmciPjwvc3ZnPg==\" style=\"--smush-placeholder-width: 420px; --smush-placeholder-aspect-ratio: 420\/315;\" \/> <img decoding=\"async\" class=\"aligncenter  wp-image-21943 lazyload\" data-src=\"https:\/\/ubanews.com\/site\/wp-content\/uploads\/2023\/09\/20230917_130615-300x225.jpg\" alt=\"\" width=\"420\" height=\"315\" data-srcset=\"https:\/\/ubanews.com\/site\/wp-content\/uploads\/2023\/09\/20230917_130615-300x225.jpg 300w, https:\/\/ubanews.com\/site\/wp-content\/uploads\/2023\/09\/20230917_130615-1024x768.jpg 1024w, https:\/\/ubanews.com\/site\/wp-content\/uploads\/2023\/09\/20230917_130615-768x576.jpg 768w, https:\/\/ubanews.com\/site\/wp-content\/uploads\/2023\/09\/20230917_130615-1536x1152.jpg 1536w, https:\/\/ubanews.com\/site\/wp-content\/uploads\/2023\/09\/20230917_130615-2048x1536.jpg 2048w\" data-sizes=\"(max-width: 420px) 100vw, 420px\" src=\"data:image\/svg+xml;base64,PHN2ZyB3aWR0aD0iMSIgaGVpZ2h0PSIxIiB4bWxucz0iaHR0cDovL3d3dy53My5vcmcvMjAwMC9zdmciPjwvc3ZnPg==\" style=\"--smush-placeholder-width: 420px; --smush-placeholder-aspect-ratio: 420\/315;\" \/> <img decoding=\"async\" class=\"aligncenter  wp-image-21944 lazyload\" data-src=\"https:\/\/ubanews.com\/site\/wp-content\/uploads\/2023\/09\/20230917_130630-300x225.jpg\" alt=\"\" width=\"420\" height=\"315\" data-srcset=\"https:\/\/ubanews.com\/site\/wp-content\/uploads\/2023\/09\/20230917_130630-300x225.jpg 300w, https:\/\/ubanews.com\/site\/wp-content\/uploads\/2023\/09\/20230917_130630-1024x768.jpg 1024w, https:\/\/ubanews.com\/site\/wp-content\/uploads\/2023\/09\/20230917_130630-768x576.jpg 768w, https:\/\/ubanews.com\/site\/wp-content\/uploads\/2023\/09\/20230917_130630-1536x1152.jpg 1536w, https:\/\/ubanews.com\/site\/wp-content\/uploads\/2023\/09\/20230917_130630-2048x1537.jpg 2048w\" data-sizes=\"(max-width: 420px) 100vw, 420px\" src=\"data:image\/svg+xml;base64,PHN2ZyB3aWR0aD0iMSIgaGVpZ2h0PSIxIiB4bWxucz0iaHR0cDovL3d3dy53My5vcmcvMjAwMC9zdmciPjwvc3ZnPg==\" style=\"--smush-placeholder-width: 420px; --smush-placeholder-aspect-ratio: 420\/315;\" \/> <img decoding=\"async\" class=\"aligncenter  wp-image-21940 lazyload\" data-src=\"https:\/\/ubanews.com\/site\/wp-content\/uploads\/2023\/09\/20230917_130505-300x225.jpg\" alt=\"\" width=\"420\" height=\"315\" data-srcset=\"https:\/\/ubanews.com\/site\/wp-content\/uploads\/2023\/09\/20230917_130505-300x225.jpg 300w, https:\/\/ubanews.com\/site\/wp-content\/uploads\/2023\/09\/20230917_130505-1024x768.jpg 1024w, https:\/\/ubanews.com\/site\/wp-content\/uploads\/2023\/09\/20230917_130505-768x576.jpg 768w, https:\/\/ubanews.com\/site\/wp-content\/uploads\/2023\/09\/20230917_130505-1536x1152.jpg 1536w, https:\/\/ubanews.com\/site\/wp-content\/uploads\/2023\/09\/20230917_130505-2048x1536.jpg 2048w\" data-sizes=\"(max-width: 420px) 100vw, 420px\" src=\"data:image\/svg+xml;base64,PHN2ZyB3aWR0aD0iMSIgaGVpZ2h0PSIxIiB4bWxucz0iaHR0cDovL3d3dy53My5vcmcvMjAwMC9zdmciPjwvc3ZnPg==\" style=\"--smush-placeholder-width: 420px; --smush-placeholder-aspect-ratio: 420\/315;\" \/> <img decoding=\"async\" class=\"aligncenter  wp-image-21945 lazyload\" data-src=\"https:\/\/ubanews.com\/site\/wp-content\/uploads\/2023\/09\/20230917_130737-300x225.jpg\" alt=\"\" width=\"420\" height=\"315\" data-srcset=\"https:\/\/ubanews.com\/site\/wp-content\/uploads\/2023\/09\/20230917_130737-300x225.jpg 300w, https:\/\/ubanews.com\/site\/wp-content\/uploads\/2023\/09\/20230917_130737-1024x768.jpg 1024w, https:\/\/ubanews.com\/site\/wp-content\/uploads\/2023\/09\/20230917_130737-768x576.jpg 768w, https:\/\/ubanews.com\/site\/wp-content\/uploads\/2023\/09\/20230917_130737-1536x1152.jpg 1536w, https:\/\/ubanews.com\/site\/wp-content\/uploads\/2023\/09\/20230917_130737-2048x1536.jpg 2048w\" data-sizes=\"(max-width: 420px) 100vw, 420px\" src=\"data:image\/svg+xml;base64,PHN2ZyB3aWR0aD0iMSIgaGVpZ2h0PSIxIiB4bWxucz0iaHR0cDovL3d3dy53My5vcmcvMjAwMC9zdmciPjwvc3ZnPg==\" style=\"--smush-placeholder-width: 420px; --smush-placeholder-aspect-ratio: 420\/315;\" \/> <img decoding=\"async\" class=\"aligncenter  wp-image-21946 lazyload\" data-src=\"https:\/\/ubanews.com\/site\/wp-content\/uploads\/2023\/09\/20230917_130744-300x225.jpg\" alt=\"\" width=\"420\" height=\"315\" data-srcset=\"https:\/\/ubanews.com\/site\/wp-content\/uploads\/2023\/09\/20230917_130744-300x225.jpg 300w, https:\/\/ubanews.com\/site\/wp-content\/uploads\/2023\/09\/20230917_130744-1024x768.jpg 1024w, https:\/\/ubanews.com\/site\/wp-content\/uploads\/2023\/09\/20230917_130744-768x576.jpg 768w, https:\/\/ubanews.com\/site\/wp-content\/uploads\/2023\/09\/20230917_130744-1536x1152.jpg 1536w, https:\/\/ubanews.com\/site\/wp-content\/uploads\/2023\/09\/20230917_130744-2048x1536.jpg 2048w\" data-sizes=\"(max-width: 420px) 100vw, 420px\" src=\"data:image\/svg+xml;base64,PHN2ZyB3aWR0aD0iMSIgaGVpZ2h0PSIxIiB4bWxucz0iaHR0cDovL3d3dy53My5vcmcvMjAwMC9zdmciPjwvc3ZnPg==\" style=\"--smush-placeholder-width: 420px; --smush-placeholder-aspect-ratio: 420\/315;\" \/><\/p>\n<p>A m\u00fasica sertaneja continuou dominando o palco no \u00faltimo dia da festa, com a apresenta\u00e7\u00e3o da dupla miragaiense Cristiane e Natan. As animadas Nana e Nega tamb\u00e9m estiveram presentes, agitando a galera. Para encerrar com chave de ouro, Lauro Santiago e Banda proporcionaram uma noite memor\u00e1vel.<\/p>\n<p><img decoding=\"async\" class=\"aligncenter  wp-image-21925 lazyload\" data-src=\"https:\/\/ubanews.com\/site\/wp-content\/uploads\/2023\/09\/20230917_124819-300x225.jpg\" alt=\"\" width=\"420\" height=\"315\" data-srcset=\"https:\/\/ubanews.com\/site\/wp-content\/uploads\/2023\/09\/20230917_124819-300x225.jpg 300w, https:\/\/ubanews.com\/site\/wp-content\/uploads\/2023\/09\/20230917_124819-1024x768.jpg 1024w, https:\/\/ubanews.com\/site\/wp-content\/uploads\/2023\/09\/20230917_124819-768x576.jpg 768w, https:\/\/ubanews.com\/site\/wp-content\/uploads\/2023\/09\/20230917_124819-1536x1152.jpg 1536w, https:\/\/ubanews.com\/site\/wp-content\/uploads\/2023\/09\/20230917_124819-2048x1536.jpg 2048w\" data-sizes=\"(max-width: 420px) 100vw, 420px\" src=\"data:image\/svg+xml;base64,PHN2ZyB3aWR0aD0iMSIgaGVpZ2h0PSIxIiB4bWxucz0iaHR0cDovL3d3dy53My5vcmcvMjAwMC9zdmciPjwvc3ZnPg==\" style=\"--smush-placeholder-width: 420px; --smush-placeholder-aspect-ratio: 420\/315;\" \/> <img decoding=\"async\" class=\"aligncenter  wp-image-21936 lazyload\" data-src=\"https:\/\/ubanews.com\/site\/wp-content\/uploads\/2023\/09\/20230917_125744-300x225.jpg\" alt=\"\" width=\"420\" height=\"315\" data-srcset=\"https:\/\/ubanews.com\/site\/wp-content\/uploads\/2023\/09\/20230917_125744-300x225.jpg 300w, https:\/\/ubanews.com\/site\/wp-content\/uploads\/2023\/09\/20230917_125744-1024x768.jpg 1024w, https:\/\/ubanews.com\/site\/wp-content\/uploads\/2023\/09\/20230917_125744-768x576.jpg 768w, https:\/\/ubanews.com\/site\/wp-content\/uploads\/2023\/09\/20230917_125744-1536x1152.jpg 1536w, https:\/\/ubanews.com\/site\/wp-content\/uploads\/2023\/09\/20230917_125744-2048x1536.jpg 2048w\" data-sizes=\"(max-width: 420px) 100vw, 420px\" src=\"data:image\/svg+xml;base64,PHN2ZyB3aWR0aD0iMSIgaGVpZ2h0PSIxIiB4bWxucz0iaHR0cDovL3d3dy53My5vcmcvMjAwMC9zdmciPjwvc3ZnPg==\" style=\"--smush-placeholder-width: 420px; --smush-placeholder-aspect-ratio: 420\/315;\" \/> <img decoding=\"async\" class=\"aligncenter  wp-image-21937 lazyload\" data-src=\"https:\/\/ubanews.com\/site\/wp-content\/uploads\/2023\/09\/20230917_125750-300x225.jpg\" alt=\"\" width=\"420\" height=\"315\" data-srcset=\"https:\/\/ubanews.com\/site\/wp-content\/uploads\/2023\/09\/20230917_125750-300x225.jpg 300w, https:\/\/ubanews.com\/site\/wp-content\/uploads\/2023\/09\/20230917_125750-1024x768.jpg 1024w, https:\/\/ubanews.com\/site\/wp-content\/uploads\/2023\/09\/20230917_125750-768x576.jpg 768w, https:\/\/ubanews.com\/site\/wp-content\/uploads\/2023\/09\/20230917_125750-1536x1152.jpg 1536w, https:\/\/ubanews.com\/site\/wp-content\/uploads\/2023\/09\/20230917_125750-2048x1536.jpg 2048w\" data-sizes=\"(max-width: 420px) 100vw, 420px\" src=\"data:image\/svg+xml;base64,PHN2ZyB3aWR0aD0iMSIgaGVpZ2h0PSIxIiB4bWxucz0iaHR0cDovL3d3dy53My5vcmcvMjAwMC9zdmciPjwvc3ZnPg==\" style=\"--smush-placeholder-width: 420px; --smush-placeholder-aspect-ratio: 420\/315;\" \/> <img decoding=\"async\" class=\"aligncenter  wp-image-21938 lazyload\" data-src=\"https:\/\/ubanews.com\/site\/wp-content\/uploads\/2023\/09\/20230917_125801-300x225.jpg\" alt=\"\" width=\"420\" height=\"315\" data-srcset=\"https:\/\/ubanews.com\/site\/wp-content\/uploads\/2023\/09\/20230917_125801-300x225.jpg 300w, https:\/\/ubanews.com\/site\/wp-content\/uploads\/2023\/09\/20230917_125801-1024x768.jpg 1024w, https:\/\/ubanews.com\/site\/wp-content\/uploads\/2023\/09\/20230917_125801-768x576.jpg 768w, https:\/\/ubanews.com\/site\/wp-content\/uploads\/2023\/09\/20230917_125801-1536x1152.jpg 1536w, https:\/\/ubanews.com\/site\/wp-content\/uploads\/2023\/09\/20230917_125801-2048x1536.jpg 2048w\" data-sizes=\"(max-width: 420px) 100vw, 420px\" src=\"data:image\/svg+xml;base64,PHN2ZyB3aWR0aD0iMSIgaGVpZ2h0PSIxIiB4bWxucz0iaHR0cDovL3d3dy53My5vcmcvMjAwMC9zdmciPjwvc3ZnPg==\" style=\"--smush-placeholder-width: 420px; --smush-placeholder-aspect-ratio: 420\/315;\" \/><\/p>\n<p>No entanto, mais do que a m\u00fasica e as festividades, o grande destaque da 8\u00aa Festa do Miragaiense de Cora\u00e7\u00e3o foi o esp\u00edrito comunit\u00e1rio que permeou o evento. Os moradores locais, conhecidos por sua simplicidade, sorrisos calorosos e acolhimento, refletem a lideran\u00e7a inspiradora do Senhor Elias Le\u00f4ncio, um verdadeiro Miragaiense de Cora\u00e7\u00e3o, que luta incansavelmente pelo bem-estar de sua comunidade.<\/p>\n<p><img decoding=\"async\" class=\"aligncenter  wp-image-21939 lazyload\" data-src=\"https:\/\/ubanews.com\/site\/wp-content\/uploads\/2023\/09\/20230917_125946-300x225.jpg\" alt=\"\" width=\"420\" height=\"315\" data-srcset=\"https:\/\/ubanews.com\/site\/wp-content\/uploads\/2023\/09\/20230917_125946-300x225.jpg 300w, https:\/\/ubanews.com\/site\/wp-content\/uploads\/2023\/09\/20230917_125946-1024x768.jpg 1024w, https:\/\/ubanews.com\/site\/wp-content\/uploads\/2023\/09\/20230917_125946-768x576.jpg 768w, https:\/\/ubanews.com\/site\/wp-content\/uploads\/2023\/09\/20230917_125946-1536x1152.jpg 1536w, https:\/\/ubanews.com\/site\/wp-content\/uploads\/2023\/09\/20230917_125946-2048x1536.jpg 2048w\" data-sizes=\"(max-width: 420px) 100vw, 420px\" src=\"data:image\/svg+xml;base64,PHN2ZyB3aWR0aD0iMSIgaGVpZ2h0PSIxIiB4bWxucz0iaHR0cDovL3d3dy53My5vcmcvMjAwMC9zdmciPjwvc3ZnPg==\" style=\"--smush-placeholder-width: 420px; --smush-placeholder-aspect-ratio: 420\/315;\" \/><\/p>\n<p>A 8\u00aa Festa do Miragaiense de Cora\u00e7\u00e3o mostrou mais uma vez que, al\u00e9m de manter viva a tradi\u00e7\u00e3o, ela \u00e9 um momento precioso de celebra\u00e7\u00e3o da identidade e da uni\u00e3o da comunidade da Miragaia. Ano que vem, todos aguardam ansiosamente por mais uma edi\u00e7\u00e3o desse evento especial, com a certeza de que a tradi\u00e7\u00e3o e o amor pela terra continuar\u00e3o a prosperar. Que Deus aben\u00e7oe essa linda comunidade!<\/p>\n","protected":false},"excerpt":{"rendered":"<p>Miragaia celebrou com grande entusiasmo a 8\u00aa edi\u00e7\u00e3o da Festa<\/p>\n","protected":false},"author":4,"featured_media":0,"comment_status":"open","ping_status":"open","sticky":false,"template":"","format":"standard","meta":{"footnotes":""},"categories":[1],"tags":[],"class_list":["post-21947","post","type-post","status-publish","format-standard","hentry","category-sem-categoria"],"yoast_head":"<!-- This site is optimized with the Yoast SEO plugin v27.2 - https:\/\/yoast.com\/product\/yoast-seo-wordpress\/ -->\n<title>8\u00aa Festa do Miragaiense de Cora\u00e7\u00e3o Celebra a Tradi\u00e7\u00e3o da Comunidade - Ub\u00e1 News<\/title>\n<meta name=\"robots\" content=\"index, follow, max-snippet:-1, max-image-preview:large, max-video-preview:-1\" \/>\n<link rel=\"canonical\" href=\"https:\/\/ubanews.com\/site\/2023\/09\/18\/8a-festa-do-miragaiense-de-coracao-celebra-a-tradicao-da-comunidade\/\" \/>\n<meta property=\"og:locale\" content=\"pt_BR\" \/>\n<meta property=\"og:type\" content=\"article\" \/>\n<meta property=\"og:title\" content=\"8\u00aa Festa do Miragaiense de Cora\u00e7\u00e3o Celebra a Tradi\u00e7\u00e3o da Comunidade - Ub\u00e1 News\" \/>\n<meta property=\"og:description\" content=\"Miragaia celebrou com grande entusiasmo a 8\u00aa edi\u00e7\u00e3o da Festa\" \/>\n<meta property=\"og:url\" content=\"https:\/\/ubanews.com\/site\/2023\/09\/18\/8a-festa-do-miragaiense-de-coracao-celebra-a-tradicao-da-comunidade\/\" \/>\n<meta property=\"og:site_name\" content=\"Ub\u00e1 News\" \/>\n<meta property=\"article:publisher\" content=\"https:\/\/www.facebook.com\/Ub%c3%a1News-Carlos-Roberto-Sodr%c3%a9-418778301977370\" \/>\n<meta property=\"article:published_time\" content=\"2023-09-18T11:41:15+00:00\" \/>\n<meta property=\"og:image\" content=\"http:\/\/ubanews.com\/site\/wp-content\/uploads\/2023\/09\/20230917_121226-300x225.jpg\" \/>\n<meta name=\"author\" content=\"Carlos Roberto Sodr\u00e9\" \/>\n<meta name=\"twitter:card\" content=\"summary_large_image\" \/>\n<meta name=\"twitter:label1\" content=\"Escrito por\" \/>\n\t<meta name=\"twitter:data1\" content=\"Carlos Roberto Sodr\u00e9\" \/>\n\t<meta name=\"twitter:label2\" content=\"Est. tempo de leitura\" \/>\n\t<meta name=\"twitter:data2\" content=\"7 minutos\" \/>\n<script type=\"application\/ld+json\" class=\"yoast-schema-graph\">{\"@context\":\"https:\/\/schema.org\",\"@graph\":[{\"@type\":\"Article\",\"@id\":\"https:\/\/ubanews.com\/site\/2023\/09\/18\/8a-festa-do-miragaiense-de-coracao-celebra-a-tradicao-da-comunidade\/#article\",\"isPartOf\":{\"@id\":\"https:\/\/ubanews.com\/site\/2023\/09\/18\/8a-festa-do-miragaiense-de-coracao-celebra-a-tradicao-da-comunidade\/\"},\"author\":{\"name\":\"Carlos Roberto Sodr\u00e9\",\"@id\":\"https:\/\/ubanews.com\/site\/#\/schema\/person\/9d8da9ec3c8d00640ab6e8c81e103310\"},\"headline\":\"8\u00aa Festa do Miragaiense de Cora\u00e7\u00e3o Celebra a Tradi\u00e7\u00e3o da Comunidade\",\"datePublished\":\"2023-09-18T11:41:15+00:00\",\"mainEntityOfPage\":{\"@id\":\"https:\/\/ubanews.com\/site\/2023\/09\/18\/8a-festa-do-miragaiense-de-coracao-celebra-a-tradicao-da-comunidade\/\"},\"wordCount\":389,\"commentCount\":0,\"publisher\":{\"@id\":\"https:\/\/ubanews.com\/site\/#organization\"},\"image\":{\"@id\":\"https:\/\/ubanews.com\/site\/2023\/09\/18\/8a-festa-do-miragaiense-de-coracao-celebra-a-tradicao-da-comunidade\/#primaryimage\"},\"thumbnailUrl\":\"http:\/\/ubanews.com\/site\/wp-content\/uploads\/2023\/09\/20230917_121226-300x225.jpg\",\"articleSection\":[\"Geral\"],\"inLanguage\":\"pt-BR\",\"potentialAction\":[{\"@type\":\"CommentAction\",\"name\":\"Comment\",\"target\":[\"https:\/\/ubanews.com\/site\/2023\/09\/18\/8a-festa-do-miragaiense-de-coracao-celebra-a-tradicao-da-comunidade\/#respond\"]}]},{\"@type\":\"WebPage\",\"@id\":\"https:\/\/ubanews.com\/site\/2023\/09\/18\/8a-festa-do-miragaiense-de-coracao-celebra-a-tradicao-da-comunidade\/\",\"url\":\"https:\/\/ubanews.com\/site\/2023\/09\/18\/8a-festa-do-miragaiense-de-coracao-celebra-a-tradicao-da-comunidade\/\",\"name\":\"8\u00aa Festa do Miragaiense de Cora\u00e7\u00e3o Celebra a Tradi\u00e7\u00e3o da Comunidade - Ub\u00e1 News\",\"isPartOf\":{\"@id\":\"https:\/\/ubanews.com\/site\/#website\"},\"primaryImageOfPage\":{\"@id\":\"https:\/\/ubanews.com\/site\/2023\/09\/18\/8a-festa-do-miragaiense-de-coracao-celebra-a-tradicao-da-comunidade\/#primaryimage\"},\"image\":{\"@id\":\"https:\/\/ubanews.com\/site\/2023\/09\/18\/8a-festa-do-miragaiense-de-coracao-celebra-a-tradicao-da-comunidade\/#primaryimage\"},\"thumbnailUrl\":\"http:\/\/ubanews.com\/site\/wp-content\/uploads\/2023\/09\/20230917_121226-300x225.jpg\",\"datePublished\":\"2023-09-18T11:41:15+00:00\",\"breadcrumb\":{\"@id\":\"https:\/\/ubanews.com\/site\/2023\/09\/18\/8a-festa-do-miragaiense-de-coracao-celebra-a-tradicao-da-comunidade\/#breadcrumb\"},\"inLanguage\":\"pt-BR\",\"potentialAction\":[{\"@type\":\"ReadAction\",\"target\":[\"https:\/\/ubanews.com\/site\/2023\/09\/18\/8a-festa-do-miragaiense-de-coracao-celebra-a-tradicao-da-comunidade\/\"]}]},{\"@type\":\"ImageObject\",\"inLanguage\":\"pt-BR\",\"@id\":\"https:\/\/ubanews.com\/site\/2023\/09\/18\/8a-festa-do-miragaiense-de-coracao-celebra-a-tradicao-da-comunidade\/#primaryimage\",\"url\":\"https:\/\/ubanews.com\/site\/wp-content\/uploads\/2023\/09\/20230917_121226-scaled.jpg\",\"contentUrl\":\"https:\/\/ubanews.com\/site\/wp-content\/uploads\/2023\/09\/20230917_121226-scaled.jpg\",\"width\":2560,\"height\":1920},{\"@type\":\"BreadcrumbList\",\"@id\":\"https:\/\/ubanews.com\/site\/2023\/09\/18\/8a-festa-do-miragaiense-de-coracao-celebra-a-tradicao-da-comunidade\/#breadcrumb\",\"itemListElement\":[{\"@type\":\"ListItem\",\"position\":1,\"name\":\"Home\",\"item\":\"https:\/\/ubanews.com\/site\/\"},{\"@type\":\"ListItem\",\"position\":2,\"name\":\"8\u00aa Festa do Miragaiense de Cora\u00e7\u00e3o Celebra a Tradi\u00e7\u00e3o da Comunidade\"}]},{\"@type\":\"WebSite\",\"@id\":\"https:\/\/ubanews.com\/site\/#website\",\"url\":\"https:\/\/ubanews.com\/site\/\",\"name\":\"Ub\u00e1 News\",\"description\":\"\",\"publisher\":{\"@id\":\"https:\/\/ubanews.com\/site\/#organization\"},\"potentialAction\":[{\"@type\":\"SearchAction\",\"target\":{\"@type\":\"EntryPoint\",\"urlTemplate\":\"https:\/\/ubanews.com\/site\/?s={search_term_string}\"},\"query-input\":{\"@type\":\"PropertyValueSpecification\",\"valueRequired\":true,\"valueName\":\"search_term_string\"}}],\"inLanguage\":\"pt-BR\"},{\"@type\":\"Organization\",\"@id\":\"https:\/\/ubanews.com\/site\/#organization\",\"name\":\"Ub\u00e1 News\",\"url\":\"https:\/\/ubanews.com\/site\/\",\"logo\":{\"@type\":\"ImageObject\",\"inLanguage\":\"pt-BR\",\"@id\":\"https:\/\/ubanews.com\/site\/#\/schema\/logo\/image\/\",\"url\":\"https:\/\/ubanews.com\/site\/wp-content\/uploads\/2018\/01\/logoubanews.png\",\"contentUrl\":\"https:\/\/ubanews.com\/site\/wp-content\/uploads\/2018\/01\/logoubanews.png\",\"width\":261,\"height\":99,\"caption\":\"Ub\u00e1 News\"},\"image\":{\"@id\":\"https:\/\/ubanews.com\/site\/#\/schema\/logo\/image\/\"},\"sameAs\":[\"https:\/\/www.facebook.com\/Ub\u00e1News-Carlos-Roberto-Sodr\u00e9-418778301977370\"]},{\"@type\":\"Person\",\"@id\":\"https:\/\/ubanews.com\/site\/#\/schema\/person\/9d8da9ec3c8d00640ab6e8c81e103310\",\"name\":\"Carlos Roberto Sodr\u00e9\",\"image\":{\"@type\":\"ImageObject\",\"inLanguage\":\"pt-BR\",\"@id\":\"https:\/\/secure.gravatar.com\/avatar\/aab322e8555b56c468614fafdab8a8f924e394cdc6cfd8232f77e9e4d123a133?s=96&d=mm&r=g\",\"url\":\"https:\/\/secure.gravatar.com\/avatar\/aab322e8555b56c468614fafdab8a8f924e394cdc6cfd8232f77e9e4d123a133?s=96&d=mm&r=g\",\"contentUrl\":\"https:\/\/secure.gravatar.com\/avatar\/aab322e8555b56c468614fafdab8a8f924e394cdc6cfd8232f77e9e4d123a133?s=96&d=mm&r=g\",\"caption\":\"Carlos Roberto Sodr\u00e9\"},\"url\":\"https:\/\/ubanews.com\/site\/author\/sodre\/\"}]}<\/script>\n<!-- \/ Yoast SEO plugin. -->","yoast_head_json":{"title":"8\u00aa Festa do Miragaiense de Cora\u00e7\u00e3o Celebra a Tradi\u00e7\u00e3o da Comunidade - Ub\u00e1 News","robots":{"index":"index","follow":"follow","max-snippet":"max-snippet:-1","max-image-preview":"max-image-preview:large","max-video-preview":"max-video-preview:-1"},"canonical":"https:\/\/ubanews.com\/site\/2023\/09\/18\/8a-festa-do-miragaiense-de-coracao-celebra-a-tradicao-da-comunidade\/","og_locale":"pt_BR","og_type":"article","og_title":"8\u00aa Festa do Miragaiense de Cora\u00e7\u00e3o Celebra a Tradi\u00e7\u00e3o da Comunidade - Ub\u00e1 News","og_description":"Miragaia celebrou com grande entusiasmo a 8\u00aa edi\u00e7\u00e3o da Festa","og_url":"https:\/\/ubanews.com\/site\/2023\/09\/18\/8a-festa-do-miragaiense-de-coracao-celebra-a-tradicao-da-comunidade\/","og_site_name":"Ub\u00e1 News","article_publisher":"https:\/\/www.facebook.com\/Ub%c3%a1News-Carlos-Roberto-Sodr%c3%a9-418778301977370","article_published_time":"2023-09-18T11:41:15+00:00","og_image":[{"url":"http:\/\/ubanews.com\/site\/wp-content\/uploads\/2023\/09\/20230917_121226-300x225.jpg","type":"","width":"","height":""}],"author":"Carlos Roberto Sodr\u00e9","twitter_card":"summary_large_image","twitter_misc":{"Escrito por":"Carlos Roberto Sodr\u00e9","Est. tempo de leitura":"7 minutos"},"schema":{"@context":"https:\/\/schema.org","@graph":[{"@type":"Article","@id":"https:\/\/ubanews.com\/site\/2023\/09\/18\/8a-festa-do-miragaiense-de-coracao-celebra-a-tradicao-da-comunidade\/#article","isPartOf":{"@id":"https:\/\/ubanews.com\/site\/2023\/09\/18\/8a-festa-do-miragaiense-de-coracao-celebra-a-tradicao-da-comunidade\/"},"author":{"name":"Carlos Roberto Sodr\u00e9","@id":"https:\/\/ubanews.com\/site\/#\/schema\/person\/9d8da9ec3c8d00640ab6e8c81e103310"},"headline":"8\u00aa Festa do Miragaiense de Cora\u00e7\u00e3o Celebra a Tradi\u00e7\u00e3o da Comunidade","datePublished":"2023-09-18T11:41:15+00:00","mainEntityOfPage":{"@id":"https:\/\/ubanews.com\/site\/2023\/09\/18\/8a-festa-do-miragaiense-de-coracao-celebra-a-tradicao-da-comunidade\/"},"wordCount":389,"commentCount":0,"publisher":{"@id":"https:\/\/ubanews.com\/site\/#organization"},"image":{"@id":"https:\/\/ubanews.com\/site\/2023\/09\/18\/8a-festa-do-miragaiense-de-coracao-celebra-a-tradicao-da-comunidade\/#primaryimage"},"thumbnailUrl":"http:\/\/ubanews.com\/site\/wp-content\/uploads\/2023\/09\/20230917_121226-300x225.jpg","articleSection":["Geral"],"inLanguage":"pt-BR","potentialAction":[{"@type":"CommentAction","name":"Comment","target":["https:\/\/ubanews.com\/site\/2023\/09\/18\/8a-festa-do-miragaiense-de-coracao-celebra-a-tradicao-da-comunidade\/#respond"]}]},{"@type":"WebPage","@id":"https:\/\/ubanews.com\/site\/2023\/09\/18\/8a-festa-do-miragaiense-de-coracao-celebra-a-tradicao-da-comunidade\/","url":"https:\/\/ubanews.com\/site\/2023\/09\/18\/8a-festa-do-miragaiense-de-coracao-celebra-a-tradicao-da-comunidade\/","name":"8\u00aa Festa do Miragaiense de Cora\u00e7\u00e3o Celebra a Tradi\u00e7\u00e3o da Comunidade - Ub\u00e1 News","isPartOf":{"@id":"https:\/\/ubanews.com\/site\/#website"},"primaryImageOfPage":{"@id":"https:\/\/ubanews.com\/site\/2023\/09\/18\/8a-festa-do-miragaiense-de-coracao-celebra-a-tradicao-da-comunidade\/#primaryimage"},"image":{"@id":"https:\/\/ubanews.com\/site\/2023\/09\/18\/8a-festa-do-miragaiense-de-coracao-celebra-a-tradicao-da-comunidade\/#primaryimage"},"thumbnailUrl":"http:\/\/ubanews.com\/site\/wp-content\/uploads\/2023\/09\/20230917_121226-300x225.jpg","datePublished":"2023-09-18T11:41:15+00:00","breadcrumb":{"@id":"https:\/\/ubanews.com\/site\/2023\/09\/18\/8a-festa-do-miragaiense-de-coracao-celebra-a-tradicao-da-comunidade\/#breadcrumb"},"inLanguage":"pt-BR","potentialAction":[{"@type":"ReadAction","target":["https:\/\/ubanews.com\/site\/2023\/09\/18\/8a-festa-do-miragaiense-de-coracao-celebra-a-tradicao-da-comunidade\/"]}]},{"@type":"ImageObject","inLanguage":"pt-BR","@id":"https:\/\/ubanews.com\/site\/2023\/09\/18\/8a-festa-do-miragaiense-de-coracao-celebra-a-tradicao-da-comunidade\/#primaryimage","url":"https:\/\/ubanews.com\/site\/wp-content\/uploads\/2023\/09\/20230917_121226-scaled.jpg","contentUrl":"https:\/\/ubanews.com\/site\/wp-content\/uploads\/2023\/09\/20230917_121226-scaled.jpg","width":2560,"height":1920},{"@type":"BreadcrumbList","@id":"https:\/\/ubanews.com\/site\/2023\/09\/18\/8a-festa-do-miragaiense-de-coracao-celebra-a-tradicao-da-comunidade\/#breadcrumb","itemListElement":[{"@type":"ListItem","position":1,"name":"Home","item":"https:\/\/ubanews.com\/site\/"},{"@type":"ListItem","position":2,"name":"8\u00aa Festa do Miragaiense de Cora\u00e7\u00e3o Celebra a Tradi\u00e7\u00e3o da Comunidade"}]},{"@type":"WebSite","@id":"https:\/\/ubanews.com\/site\/#website","url":"https:\/\/ubanews.com\/site\/","name":"Ub\u00e1 News","description":"","publisher":{"@id":"https:\/\/ubanews.com\/site\/#organization"},"potentialAction":[{"@type":"SearchAction","target":{"@type":"EntryPoint","urlTemplate":"https:\/\/ubanews.com\/site\/?s={search_term_string}"},"query-input":{"@type":"PropertyValueSpecification","valueRequired":true,"valueName":"search_term_string"}}],"inLanguage":"pt-BR"},{"@type":"Organization","@id":"https:\/\/ubanews.com\/site\/#organization","name":"Ub\u00e1 News","url":"https:\/\/ubanews.com\/site\/","logo":{"@type":"ImageObject","inLanguage":"pt-BR","@id":"https:\/\/ubanews.com\/site\/#\/schema\/logo\/image\/","url":"https:\/\/ubanews.com\/site\/wp-content\/uploads\/2018\/01\/logoubanews.png","contentUrl":"https:\/\/ubanews.com\/site\/wp-content\/uploads\/2018\/01\/logoubanews.png","width":261,"height":99,"caption":"Ub\u00e1 News"},"image":{"@id":"https:\/\/ubanews.com\/site\/#\/schema\/logo\/image\/"},"sameAs":["https:\/\/www.facebook.com\/Ub\u00e1News-Carlos-Roberto-Sodr\u00e9-418778301977370"]},{"@type":"Person","@id":"https:\/\/ubanews.com\/site\/#\/schema\/person\/9d8da9ec3c8d00640ab6e8c81e103310","name":"Carlos Roberto Sodr\u00e9","image":{"@type":"ImageObject","inLanguage":"pt-BR","@id":"https:\/\/secure.gravatar.com\/avatar\/aab322e8555b56c468614fafdab8a8f924e394cdc6cfd8232f77e9e4d123a133?s=96&d=mm&r=g","url":"https:\/\/secure.gravatar.com\/avatar\/aab322e8555b56c468614fafdab8a8f924e394cdc6cfd8232f77e9e4d123a133?s=96&d=mm&r=g","contentUrl":"https:\/\/secure.gravatar.com\/avatar\/aab322e8555b56c468614fafdab8a8f924e394cdc6cfd8232f77e9e4d123a133?s=96&d=mm&r=g","caption":"Carlos Roberto Sodr\u00e9"},"url":"https:\/\/ubanews.com\/site\/author\/sodre\/"}]}},"_links":{"self":[{"href":"https:\/\/ubanews.com\/site\/wp-json\/wp\/v2\/posts\/21947","targetHints":{"allow":["GET"]}}],"collection":[{"href":"https:\/\/ubanews.com\/site\/wp-json\/wp\/v2\/posts"}],"about":[{"href":"https:\/\/ubanews.com\/site\/wp-json\/wp\/v2\/types\/post"}],"author":[{"embeddable":true,"href":"https:\/\/ubanews.com\/site\/wp-json\/wp\/v2\/users\/4"}],"replies":[{"embeddable":true,"href":"https:\/\/ubanews.com\/site\/wp-json\/wp\/v2\/comments?post=21947"}],"version-history":[{"count":0,"href":"https:\/\/ubanews.com\/site\/wp-json\/wp\/v2\/posts\/21947\/revisions"}],"wp:attachment":[{"href":"https:\/\/ubanews.com\/site\/wp-json\/wp\/v2\/media?parent=21947"}],"wp:term":[{"taxonomy":"category","embeddable":true,"href":"https:\/\/ubanews.com\/site\/wp-json\/wp\/v2\/categories?post=21947"},{"taxonomy":"post_tag","embeddable":true,"href":"https:\/\/ubanews.com\/site\/wp-json\/wp\/v2\/tags?post=21947"}],"curies":[{"name":"wp","href":"https:\/\/api.w.org\/{rel}","templated":true}]}}