{"id":21866,"date":"2023-09-10T19:32:33","date_gmt":"2023-09-10T22:32:33","guid":{"rendered":"http:\/\/ubanews.com\/site\/?p=21866"},"modified":"2023-09-10T19:32:33","modified_gmt":"2023-09-10T22:32:33","slug":"sabores-e-cultura-se-unem-no-festival-gastronomico-de-divinesia-2023","status":"publish","type":"post","link":"https:\/\/ubanews.com\/site\/2023\/09\/10\/sabores-e-cultura-se-unem-no-festival-gastronomico-de-divinesia-2023\/","title":{"rendered":"Sabores e Cultura se unem no Festival Gastron\u00f4mico de Divin\u00e9sia 2023"},"content":{"rendered":"<p>A Pra\u00e7a Padre Nelson Tafuri, em Divin\u00e9sia, tornou-se o epicentro da celebra\u00e7\u00e3o gastron\u00f4mica neste feriado prolongado, com o Festival Gastron\u00f4mico de Divin\u00e9sia atraindo multid\u00f5es e impressionando a todos pela sua organiza\u00e7\u00e3o impec\u00e1vel. Durante os quatro dias de festa, o evento proporcionou uma experi\u00eancia rica em sabores, cultura e entretenimento para visitantes de todas as partes da regi\u00e3o.<\/p>\n<p><img decoding=\"async\" class=\"aligncenter size-medium wp-image-21867 lazyload\" data-src=\"https:\/\/ubanews.com\/site\/wp-content\/uploads\/2023\/09\/20230910_145910-300x225.jpg\" alt=\"\" width=\"300\" height=\"225\" data-srcset=\"https:\/\/ubanews.com\/site\/wp-content\/uploads\/2023\/09\/20230910_145910-300x225.jpg 300w, https:\/\/ubanews.com\/site\/wp-content\/uploads\/2023\/09\/20230910_145910-1024x768.jpg 1024w, https:\/\/ubanews.com\/site\/wp-content\/uploads\/2023\/09\/20230910_145910-768x576.jpg 768w, https:\/\/ubanews.com\/site\/wp-content\/uploads\/2023\/09\/20230910_145910-1536x1152.jpg 1536w, https:\/\/ubanews.com\/site\/wp-content\/uploads\/2023\/09\/20230910_145910-2048x1536.jpg 2048w\" data-sizes=\"(max-width: 300px) 100vw, 300px\" src=\"data:image\/svg+xml;base64,PHN2ZyB3aWR0aD0iMSIgaGVpZ2h0PSIxIiB4bWxucz0iaHR0cDovL3d3dy53My5vcmcvMjAwMC9zdmciPjwvc3ZnPg==\" style=\"--smush-placeholder-width: 300px; --smush-placeholder-aspect-ratio: 300\/225;\" \/><\/p>\n<p><img decoding=\"async\" class=\"aligncenter size-medium wp-image-21868 lazyload\" data-src=\"https:\/\/ubanews.com\/site\/wp-content\/uploads\/2023\/09\/20230910_150018-300x225.jpg\" alt=\"\" width=\"300\" height=\"225\" data-srcset=\"https:\/\/ubanews.com\/site\/wp-content\/uploads\/2023\/09\/20230910_150018-300x225.jpg 300w, https:\/\/ubanews.com\/site\/wp-content\/uploads\/2023\/09\/20230910_150018-1024x768.jpg 1024w, https:\/\/ubanews.com\/site\/wp-content\/uploads\/2023\/09\/20230910_150018-768x576.jpg 768w, https:\/\/ubanews.com\/site\/wp-content\/uploads\/2023\/09\/20230910_150018-1536x1152.jpg 1536w, https:\/\/ubanews.com\/site\/wp-content\/uploads\/2023\/09\/20230910_150018-2048x1536.jpg 2048w\" data-sizes=\"(max-width: 300px) 100vw, 300px\" src=\"data:image\/svg+xml;base64,PHN2ZyB3aWR0aD0iMSIgaGVpZ2h0PSIxIiB4bWxucz0iaHR0cDovL3d3dy53My5vcmcvMjAwMC9zdmciPjwvc3ZnPg==\" style=\"--smush-placeholder-width: 300px; --smush-placeholder-aspect-ratio: 300\/225;\" \/> <img decoding=\"async\" class=\"aligncenter size-medium wp-image-21869 lazyload\" data-src=\"https:\/\/ubanews.com\/site\/wp-content\/uploads\/2023\/09\/20230910_145256-300x225.jpg\" alt=\"\" width=\"300\" height=\"225\" data-srcset=\"https:\/\/ubanews.com\/site\/wp-content\/uploads\/2023\/09\/20230910_145256-300x225.jpg 300w, https:\/\/ubanews.com\/site\/wp-content\/uploads\/2023\/09\/20230910_145256-1024x768.jpg 1024w, https:\/\/ubanews.com\/site\/wp-content\/uploads\/2023\/09\/20230910_145256-768x576.jpg 768w, https:\/\/ubanews.com\/site\/wp-content\/uploads\/2023\/09\/20230910_145256-1536x1152.jpg 1536w, https:\/\/ubanews.com\/site\/wp-content\/uploads\/2023\/09\/20230910_145256-2048x1535.jpg 2048w\" data-sizes=\"(max-width: 300px) 100vw, 300px\" src=\"data:image\/svg+xml;base64,PHN2ZyB3aWR0aD0iMSIgaGVpZ2h0PSIxIiB4bWxucz0iaHR0cDovL3d3dy53My5vcmcvMjAwMC9zdmciPjwvc3ZnPg==\" style=\"--smush-placeholder-width: 300px; --smush-placeholder-aspect-ratio: 300\/225;\" \/> <img decoding=\"async\" class=\"aligncenter size-medium wp-image-21870 lazyload\" data-src=\"https:\/\/ubanews.com\/site\/wp-content\/uploads\/2023\/09\/20230910_145038-300x225.jpg\" alt=\"\" width=\"300\" height=\"225\" data-srcset=\"https:\/\/ubanews.com\/site\/wp-content\/uploads\/2023\/09\/20230910_145038-300x225.jpg 300w, https:\/\/ubanews.com\/site\/wp-content\/uploads\/2023\/09\/20230910_145038-1024x768.jpg 1024w, https:\/\/ubanews.com\/site\/wp-content\/uploads\/2023\/09\/20230910_145038-768x576.jpg 768w, https:\/\/ubanews.com\/site\/wp-content\/uploads\/2023\/09\/20230910_145038-1536x1152.jpg 1536w, https:\/\/ubanews.com\/site\/wp-content\/uploads\/2023\/09\/20230910_145038-2048x1536.jpg 2048w\" data-sizes=\"(max-width: 300px) 100vw, 300px\" src=\"data:image\/svg+xml;base64,PHN2ZyB3aWR0aD0iMSIgaGVpZ2h0PSIxIiB4bWxucz0iaHR0cDovL3d3dy53My5vcmcvMjAwMC9zdmciPjwvc3ZnPg==\" style=\"--smush-placeholder-width: 300px; --smush-placeholder-aspect-ratio: 300\/225;\" \/> <img decoding=\"async\" class=\"aligncenter size-medium wp-image-21871 lazyload\" data-src=\"https:\/\/ubanews.com\/site\/wp-content\/uploads\/2023\/09\/20230910_165003-300x225.jpg\" alt=\"\" width=\"300\" height=\"225\" data-srcset=\"https:\/\/ubanews.com\/site\/wp-content\/uploads\/2023\/09\/20230910_165003-300x225.jpg 300w, https:\/\/ubanews.com\/site\/wp-content\/uploads\/2023\/09\/20230910_165003-1024x768.jpg 1024w, https:\/\/ubanews.com\/site\/wp-content\/uploads\/2023\/09\/20230910_165003-768x576.jpg 768w, https:\/\/ubanews.com\/site\/wp-content\/uploads\/2023\/09\/20230910_165003-1536x1152.jpg 1536w, https:\/\/ubanews.com\/site\/wp-content\/uploads\/2023\/09\/20230910_165003-2048x1536.jpg 2048w\" data-sizes=\"(max-width: 300px) 100vw, 300px\" src=\"data:image\/svg+xml;base64,PHN2ZyB3aWR0aD0iMSIgaGVpZ2h0PSIxIiB4bWxucz0iaHR0cDovL3d3dy53My5vcmcvMjAwMC9zdmciPjwvc3ZnPg==\" style=\"--smush-placeholder-width: 300px; --smush-placeholder-aspect-ratio: 300\/225;\" \/> <img decoding=\"async\" class=\"aligncenter size-medium wp-image-21872 lazyload\" data-src=\"https:\/\/ubanews.com\/site\/wp-content\/uploads\/2023\/09\/20230910_145520-300x225.jpg\" alt=\"\" width=\"300\" height=\"225\" data-srcset=\"https:\/\/ubanews.com\/site\/wp-content\/uploads\/2023\/09\/20230910_145520-300x225.jpg 300w, https:\/\/ubanews.com\/site\/wp-content\/uploads\/2023\/09\/20230910_145520-1024x768.jpg 1024w, https:\/\/ubanews.com\/site\/wp-content\/uploads\/2023\/09\/20230910_145520-768x576.jpg 768w, https:\/\/ubanews.com\/site\/wp-content\/uploads\/2023\/09\/20230910_145520-1536x1152.jpg 1536w, https:\/\/ubanews.com\/site\/wp-content\/uploads\/2023\/09\/20230910_145520-2048x1536.jpg 2048w\" data-sizes=\"(max-width: 300px) 100vw, 300px\" src=\"data:image\/svg+xml;base64,PHN2ZyB3aWR0aD0iMSIgaGVpZ2h0PSIxIiB4bWxucz0iaHR0cDovL3d3dy53My5vcmcvMjAwMC9zdmciPjwvc3ZnPg==\" style=\"--smush-placeholder-width: 300px; --smush-placeholder-aspect-ratio: 300\/225;\" \/> <img decoding=\"async\" class=\"aligncenter size-medium wp-image-21873 lazyload\" data-src=\"https:\/\/ubanews.com\/site\/wp-content\/uploads\/2023\/09\/20230910_165021-300x225.jpg\" alt=\"\" width=\"300\" height=\"225\" data-srcset=\"https:\/\/ubanews.com\/site\/wp-content\/uploads\/2023\/09\/20230910_165021-300x225.jpg 300w, https:\/\/ubanews.com\/site\/wp-content\/uploads\/2023\/09\/20230910_165021-1024x768.jpg 1024w, https:\/\/ubanews.com\/site\/wp-content\/uploads\/2023\/09\/20230910_165021-768x576.jpg 768w, https:\/\/ubanews.com\/site\/wp-content\/uploads\/2023\/09\/20230910_165021-1536x1152.jpg 1536w, https:\/\/ubanews.com\/site\/wp-content\/uploads\/2023\/09\/20230910_165021-2048x1536.jpg 2048w\" data-sizes=\"(max-width: 300px) 100vw, 300px\" src=\"data:image\/svg+xml;base64,PHN2ZyB3aWR0aD0iMSIgaGVpZ2h0PSIxIiB4bWxucz0iaHR0cDovL3d3dy53My5vcmcvMjAwMC9zdmciPjwvc3ZnPg==\" style=\"--smush-placeholder-width: 300px; --smush-placeholder-aspect-ratio: 300\/225;\" \/> <img decoding=\"async\" class=\"aligncenter size-medium wp-image-21874 lazyload\" data-src=\"https:\/\/ubanews.com\/site\/wp-content\/uploads\/2023\/09\/20230910_144028-300x225.jpg\" alt=\"\" width=\"300\" height=\"225\" data-srcset=\"https:\/\/ubanews.com\/site\/wp-content\/uploads\/2023\/09\/20230910_144028-300x225.jpg 300w, https:\/\/ubanews.com\/site\/wp-content\/uploads\/2023\/09\/20230910_144028-1024x768.jpg 1024w, https:\/\/ubanews.com\/site\/wp-content\/uploads\/2023\/09\/20230910_144028-768x576.jpg 768w, https:\/\/ubanews.com\/site\/wp-content\/uploads\/2023\/09\/20230910_144028-1536x1152.jpg 1536w, https:\/\/ubanews.com\/site\/wp-content\/uploads\/2023\/09\/20230910_144028-2048x1536.jpg 2048w\" data-sizes=\"(max-width: 300px) 100vw, 300px\" src=\"data:image\/svg+xml;base64,PHN2ZyB3aWR0aD0iMSIgaGVpZ2h0PSIxIiB4bWxucz0iaHR0cDovL3d3dy53My5vcmcvMjAwMC9zdmciPjwvc3ZnPg==\" style=\"--smush-placeholder-width: 300px; --smush-placeholder-aspect-ratio: 300\/225;\" \/> <img decoding=\"async\" class=\"aligncenter size-medium wp-image-21875 lazyload\" data-src=\"https:\/\/ubanews.com\/site\/wp-content\/uploads\/2023\/09\/20230910_145053-300x225.jpg\" alt=\"\" width=\"300\" height=\"225\" data-srcset=\"https:\/\/ubanews.com\/site\/wp-content\/uploads\/2023\/09\/20230910_145053-300x225.jpg 300w, https:\/\/ubanews.com\/site\/wp-content\/uploads\/2023\/09\/20230910_145053-1024x768.jpg 1024w, https:\/\/ubanews.com\/site\/wp-content\/uploads\/2023\/09\/20230910_145053-768x576.jpg 768w, https:\/\/ubanews.com\/site\/wp-content\/uploads\/2023\/09\/20230910_145053-1536x1152.jpg 1536w, https:\/\/ubanews.com\/site\/wp-content\/uploads\/2023\/09\/20230910_145053-2048x1536.jpg 2048w\" data-sizes=\"(max-width: 300px) 100vw, 300px\" src=\"data:image\/svg+xml;base64,PHN2ZyB3aWR0aD0iMSIgaGVpZ2h0PSIxIiB4bWxucz0iaHR0cDovL3d3dy53My5vcmcvMjAwMC9zdmciPjwvc3ZnPg==\" style=\"--smush-placeholder-width: 300px; --smush-placeholder-aspect-ratio: 300\/225;\" \/> <img decoding=\"async\" class=\"aligncenter size-medium wp-image-21876 lazyload\" data-src=\"https:\/\/ubanews.com\/site\/wp-content\/uploads\/2023\/09\/20230910_155412-300x225.jpg\" alt=\"\" width=\"300\" height=\"225\" data-srcset=\"https:\/\/ubanews.com\/site\/wp-content\/uploads\/2023\/09\/20230910_155412-300x225.jpg 300w, https:\/\/ubanews.com\/site\/wp-content\/uploads\/2023\/09\/20230910_155412-1024x768.jpg 1024w, https:\/\/ubanews.com\/site\/wp-content\/uploads\/2023\/09\/20230910_155412-768x576.jpg 768w, https:\/\/ubanews.com\/site\/wp-content\/uploads\/2023\/09\/20230910_155412-1536x1152.jpg 1536w, https:\/\/ubanews.com\/site\/wp-content\/uploads\/2023\/09\/20230910_155412-2048x1536.jpg 2048w\" data-sizes=\"(max-width: 300px) 100vw, 300px\" src=\"data:image\/svg+xml;base64,PHN2ZyB3aWR0aD0iMSIgaGVpZ2h0PSIxIiB4bWxucz0iaHR0cDovL3d3dy53My5vcmcvMjAwMC9zdmciPjwvc3ZnPg==\" style=\"--smush-placeholder-width: 300px; --smush-placeholder-aspect-ratio: 300\/225;\" \/> <img decoding=\"async\" class=\"aligncenter size-medium wp-image-21877 lazyload\" data-src=\"https:\/\/ubanews.com\/site\/wp-content\/uploads\/2023\/09\/20230910_160045-300x225.jpg\" alt=\"\" width=\"300\" height=\"225\" data-srcset=\"https:\/\/ubanews.com\/site\/wp-content\/uploads\/2023\/09\/20230910_160045-300x225.jpg 300w, https:\/\/ubanews.com\/site\/wp-content\/uploads\/2023\/09\/20230910_160045-1024x768.jpg 1024w, https:\/\/ubanews.com\/site\/wp-content\/uploads\/2023\/09\/20230910_160045-768x576.jpg 768w, https:\/\/ubanews.com\/site\/wp-content\/uploads\/2023\/09\/20230910_160045-1536x1152.jpg 1536w, https:\/\/ubanews.com\/site\/wp-content\/uploads\/2023\/09\/20230910_160045-2048x1536.jpg 2048w\" data-sizes=\"(max-width: 300px) 100vw, 300px\" src=\"data:image\/svg+xml;base64,PHN2ZyB3aWR0aD0iMSIgaGVpZ2h0PSIxIiB4bWxucz0iaHR0cDovL3d3dy53My5vcmcvMjAwMC9zdmciPjwvc3ZnPg==\" style=\"--smush-placeholder-width: 300px; --smush-placeholder-aspect-ratio: 300\/225;\" \/> <img decoding=\"async\" class=\"aligncenter size-medium wp-image-21878 lazyload\" data-src=\"https:\/\/ubanews.com\/site\/wp-content\/uploads\/2023\/09\/20230910_160026-300x225.jpg\" alt=\"\" width=\"300\" height=\"225\" data-srcset=\"https:\/\/ubanews.com\/site\/wp-content\/uploads\/2023\/09\/20230910_160026-300x225.jpg 300w, https:\/\/ubanews.com\/site\/wp-content\/uploads\/2023\/09\/20230910_160026-1024x768.jpg 1024w, https:\/\/ubanews.com\/site\/wp-content\/uploads\/2023\/09\/20230910_160026-768x576.jpg 768w, https:\/\/ubanews.com\/site\/wp-content\/uploads\/2023\/09\/20230910_160026-1536x1152.jpg 1536w, https:\/\/ubanews.com\/site\/wp-content\/uploads\/2023\/09\/20230910_160026-2048x1536.jpg 2048w\" data-sizes=\"(max-width: 300px) 100vw, 300px\" src=\"data:image\/svg+xml;base64,PHN2ZyB3aWR0aD0iMSIgaGVpZ2h0PSIxIiB4bWxucz0iaHR0cDovL3d3dy53My5vcmcvMjAwMC9zdmciPjwvc3ZnPg==\" style=\"--smush-placeholder-width: 300px; --smush-placeholder-aspect-ratio: 300\/225;\" \/> <img decoding=\"async\" class=\"aligncenter size-medium wp-image-21879 lazyload\" data-src=\"https:\/\/ubanews.com\/site\/wp-content\/uploads\/2023\/09\/20230910_145350-300x226.jpg\" alt=\"\" width=\"300\" height=\"226\" data-srcset=\"https:\/\/ubanews.com\/site\/wp-content\/uploads\/2023\/09\/20230910_145350-300x226.jpg 300w, https:\/\/ubanews.com\/site\/wp-content\/uploads\/2023\/09\/20230910_145350-1024x770.jpg 1024w, https:\/\/ubanews.com\/site\/wp-content\/uploads\/2023\/09\/20230910_145350-768x577.jpg 768w, https:\/\/ubanews.com\/site\/wp-content\/uploads\/2023\/09\/20230910_145350-1536x1155.jpg 1536w, https:\/\/ubanews.com\/site\/wp-content\/uploads\/2023\/09\/20230910_145350-2048x1540.jpg 2048w\" data-sizes=\"(max-width: 300px) 100vw, 300px\" src=\"data:image\/svg+xml;base64,PHN2ZyB3aWR0aD0iMSIgaGVpZ2h0PSIxIiB4bWxucz0iaHR0cDovL3d3dy53My5vcmcvMjAwMC9zdmciPjwvc3ZnPg==\" style=\"--smush-placeholder-width: 300px; --smush-placeholder-aspect-ratio: 300\/226;\" \/> <img decoding=\"async\" class=\"aligncenter size-medium wp-image-21880 lazyload\" data-src=\"https:\/\/ubanews.com\/site\/wp-content\/uploads\/2023\/09\/20230910_175310-300x225.jpg\" alt=\"\" width=\"300\" height=\"225\" data-srcset=\"https:\/\/ubanews.com\/site\/wp-content\/uploads\/2023\/09\/20230910_175310-300x225.jpg 300w, https:\/\/ubanews.com\/site\/wp-content\/uploads\/2023\/09\/20230910_175310-1024x768.jpg 1024w, https:\/\/ubanews.com\/site\/wp-content\/uploads\/2023\/09\/20230910_175310-768x576.jpg 768w, https:\/\/ubanews.com\/site\/wp-content\/uploads\/2023\/09\/20230910_175310-1536x1152.jpg 1536w, https:\/\/ubanews.com\/site\/wp-content\/uploads\/2023\/09\/20230910_175310-2048x1536.jpg 2048w\" data-sizes=\"(max-width: 300px) 100vw, 300px\" src=\"data:image\/svg+xml;base64,PHN2ZyB3aWR0aD0iMSIgaGVpZ2h0PSIxIiB4bWxucz0iaHR0cDovL3d3dy53My5vcmcvMjAwMC9zdmciPjwvc3ZnPg==\" style=\"--smush-placeholder-width: 300px; --smush-placeholder-aspect-ratio: 300\/225;\" \/><\/p>\n<p>Uma das estrelas do festival foram as barracas repletas de deliciosas op\u00e7\u00f5es gastron\u00f4micas. Desde comidas t\u00edpicas que homenageiam a tradi\u00e7\u00e3o local at\u00e9 pratos inovadores e criativos, os visitantes tiveram a chance de explorar uma ampla gama de sabores. N\u00e3o se pode esquecer do principal destaque: o chopp artesanal, que fluiu generosamente para saciar a sede dos apreciadores da bebida.<\/p>\n<p>Para aqueles que preferem op\u00e7\u00f5es n\u00e3o alco\u00f3licas, havia uma variedade de refrigerantes e \u00e1gua gelada dispon\u00edveis para garantir que todos pudessem se refrescar enquanto degustavam as iguarias oferecidas.<\/p>\n<p>A Pra\u00e7a Principal ganhou vida com a chegada de visitantes de diversas cidades da regi\u00e3o. Fam\u00edlias inteiras e grupos de amigos vieram para aproveitar o clima festivo e as op\u00e7\u00f5es culin\u00e1rias oferecidas pelo evento. O ambiente festivo e a hospitalidade local fizeram com que todos se sentissem em casa.<\/p>\n<p>Al\u00e9m das del\u00edcias gastron\u00f4micas, o Festival de Divin\u00e9sia tamb\u00e9m proporcionou entretenimento musical de alto n\u00edvel. Grandes nomes da m\u00fasica regional, como Vitinho do Cavaco e Braulio Hil\u00e1rio, fizeram o p\u00fablico vibrar com suas apresenta\u00e7\u00f5es, tornando as noites do festival ainda mais especiais.<\/p>\n<p>Com in\u00edcio no feriado de 7 de setembro e encerramento no \u00faltimo dia 10, o Festival Gastron\u00f4mico de Divin\u00e9sia 2023 deixou uma marca indel\u00e9vel na mem\u00f3ria dos presentes. Sua organiza\u00e7\u00e3o exemplar, a diversidade de sabores e a alegria contagiante confirmam que este evento continua sendo uma das principais atra\u00e7\u00f5es da regi\u00e3o, onde a cultura se mistura com os paladares mais exigentes.<\/p>\n","protected":false},"excerpt":{"rendered":"<p>A Pra\u00e7a Padre Nelson Tafuri, em Divin\u00e9sia, tornou-se o epicentro<\/p>\n","protected":false},"author":4,"featured_media":0,"comment_status":"open","ping_status":"open","sticky":false,"template":"","format":"standard","meta":{"footnotes":""},"categories":[1],"tags":[],"class_list":["post-21866","post","type-post","status-publish","format-standard","hentry","category-sem-categoria"],"yoast_head":"<!-- This site is optimized with the Yoast SEO plugin v27.2 - https:\/\/yoast.com\/product\/yoast-seo-wordpress\/ -->\n<title>Sabores e Cultura se unem no Festival Gastron\u00f4mico de Divin\u00e9sia 2023 - Ub\u00e1 News<\/title>\n<meta name=\"robots\" content=\"index, follow, max-snippet:-1, max-image-preview:large, max-video-preview:-1\" \/>\n<link rel=\"canonical\" href=\"https:\/\/ubanews.com\/site\/2023\/09\/10\/sabores-e-cultura-se-unem-no-festival-gastronomico-de-divinesia-2023\/\" \/>\n<meta property=\"og:locale\" content=\"pt_BR\" \/>\n<meta property=\"og:type\" content=\"article\" \/>\n<meta property=\"og:title\" content=\"Sabores e Cultura se unem no Festival Gastron\u00f4mico de Divin\u00e9sia 2023 - Ub\u00e1 News\" \/>\n<meta property=\"og:description\" content=\"A Pra\u00e7a Padre Nelson Tafuri, em Divin\u00e9sia, tornou-se o epicentro\" \/>\n<meta property=\"og:url\" content=\"https:\/\/ubanews.com\/site\/2023\/09\/10\/sabores-e-cultura-se-unem-no-festival-gastronomico-de-divinesia-2023\/\" \/>\n<meta property=\"og:site_name\" content=\"Ub\u00e1 News\" \/>\n<meta property=\"article:publisher\" content=\"https:\/\/www.facebook.com\/Ub%c3%a1News-Carlos-Roberto-Sodr%c3%a9-418778301977370\" \/>\n<meta property=\"article:published_time\" content=\"2023-09-10T22:32:33+00:00\" \/>\n<meta property=\"og:image\" content=\"http:\/\/ubanews.com\/site\/wp-content\/uploads\/2023\/09\/20230910_145910-300x225.jpg\" \/>\n<meta name=\"author\" content=\"Carlos Roberto Sodr\u00e9\" \/>\n<meta name=\"twitter:card\" content=\"summary_large_image\" \/>\n<meta name=\"twitter:label1\" content=\"Escrito por\" \/>\n\t<meta name=\"twitter:data1\" content=\"Carlos Roberto Sodr\u00e9\" \/>\n\t<meta name=\"twitter:label2\" content=\"Est. tempo de leitura\" \/>\n\t<meta name=\"twitter:data2\" content=\"5 minutos\" \/>\n<script type=\"application\/ld+json\" class=\"yoast-schema-graph\">{\"@context\":\"https:\/\/schema.org\",\"@graph\":[{\"@type\":\"Article\",\"@id\":\"https:\/\/ubanews.com\/site\/2023\/09\/10\/sabores-e-cultura-se-unem-no-festival-gastronomico-de-divinesia-2023\/#article\",\"isPartOf\":{\"@id\":\"https:\/\/ubanews.com\/site\/2023\/09\/10\/sabores-e-cultura-se-unem-no-festival-gastronomico-de-divinesia-2023\/\"},\"author\":{\"name\":\"Carlos Roberto Sodr\u00e9\",\"@id\":\"https:\/\/ubanews.com\/site\/#\/schema\/person\/9d8da9ec3c8d00640ab6e8c81e103310\"},\"headline\":\"Sabores e Cultura se unem no Festival Gastron\u00f4mico de Divin\u00e9sia 2023\",\"datePublished\":\"2023-09-10T22:32:33+00:00\",\"mainEntityOfPage\":{\"@id\":\"https:\/\/ubanews.com\/site\/2023\/09\/10\/sabores-e-cultura-se-unem-no-festival-gastronomico-de-divinesia-2023\/\"},\"wordCount\":348,\"commentCount\":1,\"publisher\":{\"@id\":\"https:\/\/ubanews.com\/site\/#organization\"},\"image\":{\"@id\":\"https:\/\/ubanews.com\/site\/2023\/09\/10\/sabores-e-cultura-se-unem-no-festival-gastronomico-de-divinesia-2023\/#primaryimage\"},\"thumbnailUrl\":\"http:\/\/ubanews.com\/site\/wp-content\/uploads\/2023\/09\/20230910_145910-300x225.jpg\",\"articleSection\":[\"Geral\"],\"inLanguage\":\"pt-BR\",\"potentialAction\":[{\"@type\":\"CommentAction\",\"name\":\"Comment\",\"target\":[\"https:\/\/ubanews.com\/site\/2023\/09\/10\/sabores-e-cultura-se-unem-no-festival-gastronomico-de-divinesia-2023\/#respond\"]}]},{\"@type\":\"WebPage\",\"@id\":\"https:\/\/ubanews.com\/site\/2023\/09\/10\/sabores-e-cultura-se-unem-no-festival-gastronomico-de-divinesia-2023\/\",\"url\":\"https:\/\/ubanews.com\/site\/2023\/09\/10\/sabores-e-cultura-se-unem-no-festival-gastronomico-de-divinesia-2023\/\",\"name\":\"Sabores e Cultura se unem no Festival Gastron\u00f4mico de Divin\u00e9sia 2023 - Ub\u00e1 News\",\"isPartOf\":{\"@id\":\"https:\/\/ubanews.com\/site\/#website\"},\"primaryImageOfPage\":{\"@id\":\"https:\/\/ubanews.com\/site\/2023\/09\/10\/sabores-e-cultura-se-unem-no-festival-gastronomico-de-divinesia-2023\/#primaryimage\"},\"image\":{\"@id\":\"https:\/\/ubanews.com\/site\/2023\/09\/10\/sabores-e-cultura-se-unem-no-festival-gastronomico-de-divinesia-2023\/#primaryimage\"},\"thumbnailUrl\":\"http:\/\/ubanews.com\/site\/wp-content\/uploads\/2023\/09\/20230910_145910-300x225.jpg\",\"datePublished\":\"2023-09-10T22:32:33+00:00\",\"breadcrumb\":{\"@id\":\"https:\/\/ubanews.com\/site\/2023\/09\/10\/sabores-e-cultura-se-unem-no-festival-gastronomico-de-divinesia-2023\/#breadcrumb\"},\"inLanguage\":\"pt-BR\",\"potentialAction\":[{\"@type\":\"ReadAction\",\"target\":[\"https:\/\/ubanews.com\/site\/2023\/09\/10\/sabores-e-cultura-se-unem-no-festival-gastronomico-de-divinesia-2023\/\"]}]},{\"@type\":\"ImageObject\",\"inLanguage\":\"pt-BR\",\"@id\":\"https:\/\/ubanews.com\/site\/2023\/09\/10\/sabores-e-cultura-se-unem-no-festival-gastronomico-de-divinesia-2023\/#primaryimage\",\"url\":\"https:\/\/ubanews.com\/site\/wp-content\/uploads\/2023\/09\/20230910_145910-scaled.jpg\",\"contentUrl\":\"https:\/\/ubanews.com\/site\/wp-content\/uploads\/2023\/09\/20230910_145910-scaled.jpg\",\"width\":2560,\"height\":1920},{\"@type\":\"BreadcrumbList\",\"@id\":\"https:\/\/ubanews.com\/site\/2023\/09\/10\/sabores-e-cultura-se-unem-no-festival-gastronomico-de-divinesia-2023\/#breadcrumb\",\"itemListElement\":[{\"@type\":\"ListItem\",\"position\":1,\"name\":\"Home\",\"item\":\"https:\/\/ubanews.com\/site\/\"},{\"@type\":\"ListItem\",\"position\":2,\"name\":\"Sabores e Cultura se unem no Festival Gastron\u00f4mico de Divin\u00e9sia 2023\"}]},{\"@type\":\"WebSite\",\"@id\":\"https:\/\/ubanews.com\/site\/#website\",\"url\":\"https:\/\/ubanews.com\/site\/\",\"name\":\"Ub\u00e1 News\",\"description\":\"\",\"publisher\":{\"@id\":\"https:\/\/ubanews.com\/site\/#organization\"},\"potentialAction\":[{\"@type\":\"SearchAction\",\"target\":{\"@type\":\"EntryPoint\",\"urlTemplate\":\"https:\/\/ubanews.com\/site\/?s={search_term_string}\"},\"query-input\":{\"@type\":\"PropertyValueSpecification\",\"valueRequired\":true,\"valueName\":\"search_term_string\"}}],\"inLanguage\":\"pt-BR\"},{\"@type\":\"Organization\",\"@id\":\"https:\/\/ubanews.com\/site\/#organization\",\"name\":\"Ub\u00e1 News\",\"url\":\"https:\/\/ubanews.com\/site\/\",\"logo\":{\"@type\":\"ImageObject\",\"inLanguage\":\"pt-BR\",\"@id\":\"https:\/\/ubanews.com\/site\/#\/schema\/logo\/image\/\",\"url\":\"https:\/\/ubanews.com\/site\/wp-content\/uploads\/2018\/01\/logoubanews.png\",\"contentUrl\":\"https:\/\/ubanews.com\/site\/wp-content\/uploads\/2018\/01\/logoubanews.png\",\"width\":261,\"height\":99,\"caption\":\"Ub\u00e1 News\"},\"image\":{\"@id\":\"https:\/\/ubanews.com\/site\/#\/schema\/logo\/image\/\"},\"sameAs\":[\"https:\/\/www.facebook.com\/Ub\u00e1News-Carlos-Roberto-Sodr\u00e9-418778301977370\"]},{\"@type\":\"Person\",\"@id\":\"https:\/\/ubanews.com\/site\/#\/schema\/person\/9d8da9ec3c8d00640ab6e8c81e103310\",\"name\":\"Carlos Roberto Sodr\u00e9\",\"image\":{\"@type\":\"ImageObject\",\"inLanguage\":\"pt-BR\",\"@id\":\"https:\/\/secure.gravatar.com\/avatar\/aab322e8555b56c468614fafdab8a8f924e394cdc6cfd8232f77e9e4d123a133?s=96&d=mm&r=g\",\"url\":\"https:\/\/secure.gravatar.com\/avatar\/aab322e8555b56c468614fafdab8a8f924e394cdc6cfd8232f77e9e4d123a133?s=96&d=mm&r=g\",\"contentUrl\":\"https:\/\/secure.gravatar.com\/avatar\/aab322e8555b56c468614fafdab8a8f924e394cdc6cfd8232f77e9e4d123a133?s=96&d=mm&r=g\",\"caption\":\"Carlos Roberto Sodr\u00e9\"},\"url\":\"https:\/\/ubanews.com\/site\/author\/sodre\/\"}]}<\/script>\n<!-- \/ Yoast SEO plugin. -->","yoast_head_json":{"title":"Sabores e Cultura se unem no Festival Gastron\u00f4mico de Divin\u00e9sia 2023 - Ub\u00e1 News","robots":{"index":"index","follow":"follow","max-snippet":"max-snippet:-1","max-image-preview":"max-image-preview:large","max-video-preview":"max-video-preview:-1"},"canonical":"https:\/\/ubanews.com\/site\/2023\/09\/10\/sabores-e-cultura-se-unem-no-festival-gastronomico-de-divinesia-2023\/","og_locale":"pt_BR","og_type":"article","og_title":"Sabores e Cultura se unem no Festival Gastron\u00f4mico de Divin\u00e9sia 2023 - Ub\u00e1 News","og_description":"A Pra\u00e7a Padre Nelson Tafuri, em Divin\u00e9sia, tornou-se o epicentro","og_url":"https:\/\/ubanews.com\/site\/2023\/09\/10\/sabores-e-cultura-se-unem-no-festival-gastronomico-de-divinesia-2023\/","og_site_name":"Ub\u00e1 News","article_publisher":"https:\/\/www.facebook.com\/Ub%c3%a1News-Carlos-Roberto-Sodr%c3%a9-418778301977370","article_published_time":"2023-09-10T22:32:33+00:00","og_image":[{"url":"http:\/\/ubanews.com\/site\/wp-content\/uploads\/2023\/09\/20230910_145910-300x225.jpg","type":"","width":"","height":""}],"author":"Carlos Roberto Sodr\u00e9","twitter_card":"summary_large_image","twitter_misc":{"Escrito por":"Carlos Roberto Sodr\u00e9","Est. tempo de leitura":"5 minutos"},"schema":{"@context":"https:\/\/schema.org","@graph":[{"@type":"Article","@id":"https:\/\/ubanews.com\/site\/2023\/09\/10\/sabores-e-cultura-se-unem-no-festival-gastronomico-de-divinesia-2023\/#article","isPartOf":{"@id":"https:\/\/ubanews.com\/site\/2023\/09\/10\/sabores-e-cultura-se-unem-no-festival-gastronomico-de-divinesia-2023\/"},"author":{"name":"Carlos Roberto Sodr\u00e9","@id":"https:\/\/ubanews.com\/site\/#\/schema\/person\/9d8da9ec3c8d00640ab6e8c81e103310"},"headline":"Sabores e Cultura se unem no Festival Gastron\u00f4mico de Divin\u00e9sia 2023","datePublished":"2023-09-10T22:32:33+00:00","mainEntityOfPage":{"@id":"https:\/\/ubanews.com\/site\/2023\/09\/10\/sabores-e-cultura-se-unem-no-festival-gastronomico-de-divinesia-2023\/"},"wordCount":348,"commentCount":1,"publisher":{"@id":"https:\/\/ubanews.com\/site\/#organization"},"image":{"@id":"https:\/\/ubanews.com\/site\/2023\/09\/10\/sabores-e-cultura-se-unem-no-festival-gastronomico-de-divinesia-2023\/#primaryimage"},"thumbnailUrl":"http:\/\/ubanews.com\/site\/wp-content\/uploads\/2023\/09\/20230910_145910-300x225.jpg","articleSection":["Geral"],"inLanguage":"pt-BR","potentialAction":[{"@type":"CommentAction","name":"Comment","target":["https:\/\/ubanews.com\/site\/2023\/09\/10\/sabores-e-cultura-se-unem-no-festival-gastronomico-de-divinesia-2023\/#respond"]}]},{"@type":"WebPage","@id":"https:\/\/ubanews.com\/site\/2023\/09\/10\/sabores-e-cultura-se-unem-no-festival-gastronomico-de-divinesia-2023\/","url":"https:\/\/ubanews.com\/site\/2023\/09\/10\/sabores-e-cultura-se-unem-no-festival-gastronomico-de-divinesia-2023\/","name":"Sabores e Cultura se unem no Festival Gastron\u00f4mico de Divin\u00e9sia 2023 - Ub\u00e1 News","isPartOf":{"@id":"https:\/\/ubanews.com\/site\/#website"},"primaryImageOfPage":{"@id":"https:\/\/ubanews.com\/site\/2023\/09\/10\/sabores-e-cultura-se-unem-no-festival-gastronomico-de-divinesia-2023\/#primaryimage"},"image":{"@id":"https:\/\/ubanews.com\/site\/2023\/09\/10\/sabores-e-cultura-se-unem-no-festival-gastronomico-de-divinesia-2023\/#primaryimage"},"thumbnailUrl":"http:\/\/ubanews.com\/site\/wp-content\/uploads\/2023\/09\/20230910_145910-300x225.jpg","datePublished":"2023-09-10T22:32:33+00:00","breadcrumb":{"@id":"https:\/\/ubanews.com\/site\/2023\/09\/10\/sabores-e-cultura-se-unem-no-festival-gastronomico-de-divinesia-2023\/#breadcrumb"},"inLanguage":"pt-BR","potentialAction":[{"@type":"ReadAction","target":["https:\/\/ubanews.com\/site\/2023\/09\/10\/sabores-e-cultura-se-unem-no-festival-gastronomico-de-divinesia-2023\/"]}]},{"@type":"ImageObject","inLanguage":"pt-BR","@id":"https:\/\/ubanews.com\/site\/2023\/09\/10\/sabores-e-cultura-se-unem-no-festival-gastronomico-de-divinesia-2023\/#primaryimage","url":"https:\/\/ubanews.com\/site\/wp-content\/uploads\/2023\/09\/20230910_145910-scaled.jpg","contentUrl":"https:\/\/ubanews.com\/site\/wp-content\/uploads\/2023\/09\/20230910_145910-scaled.jpg","width":2560,"height":1920},{"@type":"BreadcrumbList","@id":"https:\/\/ubanews.com\/site\/2023\/09\/10\/sabores-e-cultura-se-unem-no-festival-gastronomico-de-divinesia-2023\/#breadcrumb","itemListElement":[{"@type":"ListItem","position":1,"name":"Home","item":"https:\/\/ubanews.com\/site\/"},{"@type":"ListItem","position":2,"name":"Sabores e Cultura se unem no Festival Gastron\u00f4mico de Divin\u00e9sia 2023"}]},{"@type":"WebSite","@id":"https:\/\/ubanews.com\/site\/#website","url":"https:\/\/ubanews.com\/site\/","name":"Ub\u00e1 News","description":"","publisher":{"@id":"https:\/\/ubanews.com\/site\/#organization"},"potentialAction":[{"@type":"SearchAction","target":{"@type":"EntryPoint","urlTemplate":"https:\/\/ubanews.com\/site\/?s={search_term_string}"},"query-input":{"@type":"PropertyValueSpecification","valueRequired":true,"valueName":"search_term_string"}}],"inLanguage":"pt-BR"},{"@type":"Organization","@id":"https:\/\/ubanews.com\/site\/#organization","name":"Ub\u00e1 News","url":"https:\/\/ubanews.com\/site\/","logo":{"@type":"ImageObject","inLanguage":"pt-BR","@id":"https:\/\/ubanews.com\/site\/#\/schema\/logo\/image\/","url":"https:\/\/ubanews.com\/site\/wp-content\/uploads\/2018\/01\/logoubanews.png","contentUrl":"https:\/\/ubanews.com\/site\/wp-content\/uploads\/2018\/01\/logoubanews.png","width":261,"height":99,"caption":"Ub\u00e1 News"},"image":{"@id":"https:\/\/ubanews.com\/site\/#\/schema\/logo\/image\/"},"sameAs":["https:\/\/www.facebook.com\/Ub\u00e1News-Carlos-Roberto-Sodr\u00e9-418778301977370"]},{"@type":"Person","@id":"https:\/\/ubanews.com\/site\/#\/schema\/person\/9d8da9ec3c8d00640ab6e8c81e103310","name":"Carlos Roberto Sodr\u00e9","image":{"@type":"ImageObject","inLanguage":"pt-BR","@id":"https:\/\/secure.gravatar.com\/avatar\/aab322e8555b56c468614fafdab8a8f924e394cdc6cfd8232f77e9e4d123a133?s=96&d=mm&r=g","url":"https:\/\/secure.gravatar.com\/avatar\/aab322e8555b56c468614fafdab8a8f924e394cdc6cfd8232f77e9e4d123a133?s=96&d=mm&r=g","contentUrl":"https:\/\/secure.gravatar.com\/avatar\/aab322e8555b56c468614fafdab8a8f924e394cdc6cfd8232f77e9e4d123a133?s=96&d=mm&r=g","caption":"Carlos Roberto Sodr\u00e9"},"url":"https:\/\/ubanews.com\/site\/author\/sodre\/"}]}},"_links":{"self":[{"href":"https:\/\/ubanews.com\/site\/wp-json\/wp\/v2\/posts\/21866","targetHints":{"allow":["GET"]}}],"collection":[{"href":"https:\/\/ubanews.com\/site\/wp-json\/wp\/v2\/posts"}],"about":[{"href":"https:\/\/ubanews.com\/site\/wp-json\/wp\/v2\/types\/post"}],"author":[{"embeddable":true,"href":"https:\/\/ubanews.com\/site\/wp-json\/wp\/v2\/users\/4"}],"replies":[{"embeddable":true,"href":"https:\/\/ubanews.com\/site\/wp-json\/wp\/v2\/comments?post=21866"}],"version-history":[{"count":0,"href":"https:\/\/ubanews.com\/site\/wp-json\/wp\/v2\/posts\/21866\/revisions"}],"wp:attachment":[{"href":"https:\/\/ubanews.com\/site\/wp-json\/wp\/v2\/media?parent=21866"}],"wp:term":[{"taxonomy":"category","embeddable":true,"href":"https:\/\/ubanews.com\/site\/wp-json\/wp\/v2\/categories?post=21866"},{"taxonomy":"post_tag","embeddable":true,"href":"https:\/\/ubanews.com\/site\/wp-json\/wp\/v2\/tags?post=21866"}],"curies":[{"name":"wp","href":"https:\/\/api.w.org\/{rel}","templated":true}]}}