{"id":21844,"date":"2023-08-29T11:17:24","date_gmt":"2023-08-29T14:17:24","guid":{"rendered":"http:\/\/ubanews.com\/site\/?p=21844"},"modified":"2023-08-29T11:17:24","modified_gmt":"2023-08-29T14:17:24","slug":"sintese-das-ocorrencias-policia-militar-de-minas-gerais-2","status":"publish","type":"post","link":"https:\/\/ubanews.com\/site\/2023\/08\/29\/sintese-das-ocorrencias-policia-militar-de-minas-gerais-2\/","title":{"rendered":"S\u00cdNTESE DAS OCORR\u00caNCIAS &#8211; POL\u00cdCIA MILITAR DE MINAS GERAIS"},"content":{"rendered":"<p style=\"text-align: center;\"><strong>PO<\/strong><strong>L\u00cdCIA MILITAR APREENDE AUTORES DE ROUBO<\/strong><\/p>\n<p>Local: Ub\u00e1 &#8211; Av. Cristiano Ro\u00e7as, Centro<\/p>\n<p>Data: 28\/08\/2023<\/p>\n<p>Hora: 14h19min<\/p>\n<p>A Pol\u00edcia Militar, atrav\u00e9s do 21\u00ba BPM, recebeu informa\u00e7\u00f5es via COPOM, relatando que dois indiv\u00edduos, sendo que um deles estava armado, entraram no estabelecimento comercial e anunciaram o roubo. Foram subtra\u00eddos da v\u00edtima, um homem de 40 anos, 01 cord\u00e3o de ouro, 01 alian\u00e7a de ouro, certa quantia em dinheiro e 01 telefone celular.<br \/>\nAp\u00f3s terem sido vistos pelo sistema Olho Vivo entrando no bairro S\u00e3o Domingos, as guarni\u00e7\u00f5es do turno, durante rastreamento, localizaram a motocicleta usada no roubo em uma das ruas do bairro. A motocicleta em quest\u00e3o tinha sinaliza\u00e7\u00e3o de furto\/roubo.<\/p>\n<p>Posteriormente, foi realizado o cerco em uma mata, ainda no bairro S\u00e3o Domingos, tendo sido dois dos envolvidos abordados. Foi localizado um rev\u00f3lver Taurus calibre.32, com 12 muni\u00e7\u00f5es, 01 coldre, 01 celular e certa quantia em dinheiro. Um terceiro envolvido no roubo n\u00e3o foi localizado.<\/p>\n<p>Os autores, todos menores, foram encaminhados ao hospital e, posteriormente \u00e0 Delegacia, acompanhados dos representantes legais.<\/p>\n<p><img decoding=\"async\" class=\"aligncenter  wp-image-21845 lazyload\" data-src=\"https:\/\/ubanews.com\/site\/wp-content\/uploads\/2023\/08\/1-1-300x300.jpg\" alt=\"\" width=\"567\" height=\"567\" data-srcset=\"https:\/\/ubanews.com\/site\/wp-content\/uploads\/2023\/08\/1-1-300x300.jpg 300w, https:\/\/ubanews.com\/site\/wp-content\/uploads\/2023\/08\/1-1-1024x1024.jpg 1024w, https:\/\/ubanews.com\/site\/wp-content\/uploads\/2023\/08\/1-1-150x150.jpg 150w, https:\/\/ubanews.com\/site\/wp-content\/uploads\/2023\/08\/1-1-768x768.jpg 768w, https:\/\/ubanews.com\/site\/wp-content\/uploads\/2023\/08\/1-1-1536x1536.jpg 1536w, https:\/\/ubanews.com\/site\/wp-content\/uploads\/2023\/08\/1-1-600x600.jpg 600w, https:\/\/ubanews.com\/site\/wp-content\/uploads\/2023\/08\/1-1.jpg 1598w\" data-sizes=\"(max-width: 567px) 100vw, 567px\" src=\"data:image\/svg+xml;base64,PHN2ZyB3aWR0aD0iMSIgaGVpZ2h0PSIxIiB4bWxucz0iaHR0cDovL3d3dy53My5vcmcvMjAwMC9zdmciPjwvc3ZnPg==\" style=\"--smush-placeholder-width: 567px; --smush-placeholder-aspect-ratio: 567\/567;\" \/><\/p>\n<p style=\"text-align: center;\"><strong>POL\u00cdCIA MILITAR PRENDE AUTORES DE TR\u00c1FICO DE DROGAS E POSSE DE ARMA DE FOGO<\/strong><\/p>\n<p>Local: Guidoval &#8211; Rua Manoel Alberto Coelho, Padre Bai\u00e3o<\/p>\n<p>Data: 28\/08\/2023<\/p>\n<p>Hora: 20h10min<\/p>\n<p>A Pol\u00edcia Militar, atrav\u00e9s do 21\u00ba BPM, realizava opera\u00e7\u00e3o batida policial no local, e os militares avistaram pela janela de uma casa dois suspeitos que estavam sentados em um colch\u00e3o onde haviam v\u00e1rias pedras de crack. Ap\u00f3s o estado de flagr\u00e2ncia, os militares realizaram a abordagem e lograram \u00eaxito em apreender com os autores, um homem de 26 anos e um homem de 20 anos, uma Pistola Taurus, calibre 380, modelo PT 59, com um carregador e 19 muni\u00e7\u00f5es, 11 pedras de subst\u00e2ncia semelhante \u00e0 crack, 01 pino de subst\u00e2ncia semelhante \u00e0 coca\u00edna, 02 celulares, al\u00e9m de certa quantia em moeda corrente. Os autores foram conduzidos presos \u00e0 Delegacia e o material foi apreendido.<\/p>\n<p><img decoding=\"async\" class=\"aligncenter  wp-image-21846 lazyload\" data-src=\"https:\/\/ubanews.com\/site\/wp-content\/uploads\/2023\/08\/2-1-300x215.jpg\" alt=\"\" width=\"706\" height=\"506\" data-srcset=\"https:\/\/ubanews.com\/site\/wp-content\/uploads\/2023\/08\/2-1-300x215.jpg 300w, https:\/\/ubanews.com\/site\/wp-content\/uploads\/2023\/08\/2-1-1024x734.jpg 1024w, https:\/\/ubanews.com\/site\/wp-content\/uploads\/2023\/08\/2-1-768x551.jpg 768w, https:\/\/ubanews.com\/site\/wp-content\/uploads\/2023\/08\/2-1.jpg 1431w\" data-sizes=\"(max-width: 706px) 100vw, 706px\" src=\"data:image\/svg+xml;base64,PHN2ZyB3aWR0aD0iMSIgaGVpZ2h0PSIxIiB4bWxucz0iaHR0cDovL3d3dy53My5vcmcvMjAwMC9zdmciPjwvc3ZnPg==\" style=\"--smush-placeholder-width: 706px; --smush-placeholder-aspect-ratio: 706\/506;\" \/><\/p>\n<p style=\"text-align: center;\"><strong>PO<\/strong><strong>L\u00cdCIA MILITAR PRENDE AUTOR DE POSSE ILEGAL DE ARMA DE FOGO<\/strong><\/p>\n<p>Local: UB\u00c1 \u2013 Rua Dalila Romualdo de Oliveira, Diamante de Ub\u00e1<\/p>\n<p>Data: 28\/08\/2023<\/p>\n<p>Hora: 16h36min<\/p>\n<p class=\"Textoprformatado\" style=\"margin-bottom: 14.15pt; text-align: justify; layout-grid-mode: char;\">A Pol\u00edcia Militar, atrav\u00e9s do 21\u00ba BPM, realizou opera\u00e7\u00e3o no local para verificar den\u00fancias e deslocou ao distrito de Diamante de Ub\u00e1, e ap\u00f3s dilig\u00eancias, logrou \u00eaxito em localizar 01 Espingarda ROSSI Calibre 24; 01 Rev\u00f3lver ROSSI Calibre .38; 01 Rev\u00f3lver TAURUS .32; 01 Garrucha ROSSI .32; 06 Muni\u00e7\u00f5es .32 ; 01 Muni\u00e7\u00e3o Calibre 9 mm; 02 Cartuchos Calibre .38; 32 Cartuchos Calibre .24. As armas e muni\u00e7\u00f5es foram localizadas na resid\u00eancia e no carro do autor, um homem de 63 anos. Autor preso e encaminhado \u00e0 Delegacia juntamente aos materiais para demais provid\u00eancias.<\/p>\n<p><img decoding=\"async\" class=\"aligncenter  wp-image-21847 lazyload\" data-src=\"https:\/\/ubanews.com\/site\/wp-content\/uploads\/2023\/08\/3-1-300x300.jpg\" alt=\"\" width=\"579\" height=\"579\" data-srcset=\"https:\/\/ubanews.com\/site\/wp-content\/uploads\/2023\/08\/3-1-300x300.jpg 300w, https:\/\/ubanews.com\/site\/wp-content\/uploads\/2023\/08\/3-1-1024x1024.jpg 1024w, https:\/\/ubanews.com\/site\/wp-content\/uploads\/2023\/08\/3-1-150x150.jpg 150w, https:\/\/ubanews.com\/site\/wp-content\/uploads\/2023\/08\/3-1-768x768.jpg 768w, https:\/\/ubanews.com\/site\/wp-content\/uploads\/2023\/08\/3-1-1536x1536.jpg 1536w, https:\/\/ubanews.com\/site\/wp-content\/uploads\/2023\/08\/3-1-600x600.jpg 600w, https:\/\/ubanews.com\/site\/wp-content\/uploads\/2023\/08\/3-1.jpg 1600w\" data-sizes=\"(max-width: 579px) 100vw, 579px\" src=\"data:image\/svg+xml;base64,PHN2ZyB3aWR0aD0iMSIgaGVpZ2h0PSIxIiB4bWxucz0iaHR0cDovL3d3dy53My5vcmcvMjAwMC9zdmciPjwvc3ZnPg==\" style=\"--smush-placeholder-width: 579px; --smush-placeholder-aspect-ratio: 579\/579;\" \/><\/p>\n<div class=\"entry-content clearfix\">\n<p><em>Fonte: Vig\u00e9simo Primeiro Batalh\u00e3o de Pol\u00edcia Militar<\/em><\/p>\n<\/div>\n","protected":false},"excerpt":{"rendered":"<p>POL\u00cdCIA MILITAR APREENDE AUTORES DE ROUBO Local: Ub\u00e1 &#8211; Av.<\/p>\n","protected":false},"author":4,"featured_media":21845,"comment_status":"open","ping_status":"open","sticky":false,"template":"","format":"standard","meta":{"footnotes":""},"categories":[1],"tags":[],"class_list":["post-21844","post","type-post","status-publish","format-standard","has-post-thumbnail","hentry","category-sem-categoria"],"yoast_head":"<!-- This site is optimized with the Yoast SEO plugin v27.2 - https:\/\/yoast.com\/product\/yoast-seo-wordpress\/ -->\n<title>S\u00cdNTESE DAS OCORR\u00caNCIAS - POL\u00cdCIA MILITAR DE MINAS GERAIS - Ub\u00e1 News<\/title>\n<meta name=\"robots\" content=\"index, follow, max-snippet:-1, max-image-preview:large, max-video-preview:-1\" \/>\n<link rel=\"canonical\" href=\"https:\/\/ubanews.com\/site\/2023\/08\/29\/sintese-das-ocorrencias-policia-militar-de-minas-gerais-2\/\" \/>\n<meta property=\"og:locale\" content=\"pt_BR\" \/>\n<meta property=\"og:type\" content=\"article\" \/>\n<meta property=\"og:title\" content=\"S\u00cdNTESE DAS OCORR\u00caNCIAS - POL\u00cdCIA MILITAR DE MINAS GERAIS - Ub\u00e1 News\" \/>\n<meta property=\"og:description\" content=\"POL\u00cdCIA MILITAR APREENDE AUTORES DE ROUBO Local: Ub\u00e1 &#8211; Av.\" \/>\n<meta property=\"og:url\" content=\"https:\/\/ubanews.com\/site\/2023\/08\/29\/sintese-das-ocorrencias-policia-militar-de-minas-gerais-2\/\" \/>\n<meta property=\"og:site_name\" content=\"Ub\u00e1 News\" \/>\n<meta property=\"article:publisher\" content=\"https:\/\/www.facebook.com\/Ub%c3%a1News-Carlos-Roberto-Sodr%c3%a9-418778301977370\" \/>\n<meta property=\"article:published_time\" content=\"2023-08-29T14:17:24+00:00\" \/>\n<meta property=\"og:image\" content=\"https:\/\/ubanews.com\/site\/wp-content\/uploads\/2023\/08\/1-1.jpg\" \/>\n\t<meta property=\"og:image:width\" content=\"1598\" \/>\n\t<meta property=\"og:image:height\" content=\"1598\" \/>\n\t<meta property=\"og:image:type\" content=\"image\/jpeg\" \/>\n<meta name=\"author\" content=\"Carlos Roberto Sodr\u00e9\" \/>\n<meta name=\"twitter:card\" content=\"summary_large_image\" \/>\n<meta name=\"twitter:label1\" content=\"Escrito por\" \/>\n\t<meta name=\"twitter:data1\" content=\"Carlos Roberto Sodr\u00e9\" \/>\n\t<meta name=\"twitter:label2\" content=\"Est. tempo de leitura\" \/>\n\t<meta name=\"twitter:data2\" content=\"3 minutos\" \/>\n<script type=\"application\/ld+json\" class=\"yoast-schema-graph\">{\"@context\":\"https:\/\/schema.org\",\"@graph\":[{\"@type\":\"Article\",\"@id\":\"https:\/\/ubanews.com\/site\/2023\/08\/29\/sintese-das-ocorrencias-policia-militar-de-minas-gerais-2\/#article\",\"isPartOf\":{\"@id\":\"https:\/\/ubanews.com\/site\/2023\/08\/29\/sintese-das-ocorrencias-policia-militar-de-minas-gerais-2\/\"},\"author\":{\"name\":\"Carlos Roberto Sodr\u00e9\",\"@id\":\"https:\/\/ubanews.com\/site\/#\/schema\/person\/9d8da9ec3c8d00640ab6e8c81e103310\"},\"headline\":\"S\u00cdNTESE DAS OCORR\u00caNCIAS &#8211; POL\u00cdCIA MILITAR DE MINAS GERAIS\",\"datePublished\":\"2023-08-29T14:17:24+00:00\",\"mainEntityOfPage\":{\"@id\":\"https:\/\/ubanews.com\/site\/2023\/08\/29\/sintese-das-ocorrencias-policia-militar-de-minas-gerais-2\/\"},\"wordCount\":463,\"commentCount\":0,\"publisher\":{\"@id\":\"https:\/\/ubanews.com\/site\/#organization\"},\"image\":{\"@id\":\"https:\/\/ubanews.com\/site\/2023\/08\/29\/sintese-das-ocorrencias-policia-militar-de-minas-gerais-2\/#primaryimage\"},\"thumbnailUrl\":\"https:\/\/ubanews.com\/site\/wp-content\/uploads\/2023\/08\/1-1.jpg\",\"articleSection\":[\"Geral\"],\"inLanguage\":\"pt-BR\",\"potentialAction\":[{\"@type\":\"CommentAction\",\"name\":\"Comment\",\"target\":[\"https:\/\/ubanews.com\/site\/2023\/08\/29\/sintese-das-ocorrencias-policia-militar-de-minas-gerais-2\/#respond\"]}]},{\"@type\":\"WebPage\",\"@id\":\"https:\/\/ubanews.com\/site\/2023\/08\/29\/sintese-das-ocorrencias-policia-militar-de-minas-gerais-2\/\",\"url\":\"https:\/\/ubanews.com\/site\/2023\/08\/29\/sintese-das-ocorrencias-policia-militar-de-minas-gerais-2\/\",\"name\":\"S\u00cdNTESE DAS OCORR\u00caNCIAS - POL\u00cdCIA MILITAR DE MINAS GERAIS - Ub\u00e1 News\",\"isPartOf\":{\"@id\":\"https:\/\/ubanews.com\/site\/#website\"},\"primaryImageOfPage\":{\"@id\":\"https:\/\/ubanews.com\/site\/2023\/08\/29\/sintese-das-ocorrencias-policia-militar-de-minas-gerais-2\/#primaryimage\"},\"image\":{\"@id\":\"https:\/\/ubanews.com\/site\/2023\/08\/29\/sintese-das-ocorrencias-policia-militar-de-minas-gerais-2\/#primaryimage\"},\"thumbnailUrl\":\"https:\/\/ubanews.com\/site\/wp-content\/uploads\/2023\/08\/1-1.jpg\",\"datePublished\":\"2023-08-29T14:17:24+00:00\",\"breadcrumb\":{\"@id\":\"https:\/\/ubanews.com\/site\/2023\/08\/29\/sintese-das-ocorrencias-policia-militar-de-minas-gerais-2\/#breadcrumb\"},\"inLanguage\":\"pt-BR\",\"potentialAction\":[{\"@type\":\"ReadAction\",\"target\":[\"https:\/\/ubanews.com\/site\/2023\/08\/29\/sintese-das-ocorrencias-policia-militar-de-minas-gerais-2\/\"]}]},{\"@type\":\"ImageObject\",\"inLanguage\":\"pt-BR\",\"@id\":\"https:\/\/ubanews.com\/site\/2023\/08\/29\/sintese-das-ocorrencias-policia-militar-de-minas-gerais-2\/#primaryimage\",\"url\":\"https:\/\/ubanews.com\/site\/wp-content\/uploads\/2023\/08\/1-1.jpg\",\"contentUrl\":\"https:\/\/ubanews.com\/site\/wp-content\/uploads\/2023\/08\/1-1.jpg\",\"width\":1598,\"height\":1598},{\"@type\":\"BreadcrumbList\",\"@id\":\"https:\/\/ubanews.com\/site\/2023\/08\/29\/sintese-das-ocorrencias-policia-militar-de-minas-gerais-2\/#breadcrumb\",\"itemListElement\":[{\"@type\":\"ListItem\",\"position\":1,\"name\":\"Home\",\"item\":\"https:\/\/ubanews.com\/site\/\"},{\"@type\":\"ListItem\",\"position\":2,\"name\":\"S\u00cdNTESE DAS OCORR\u00caNCIAS &#8211; POL\u00cdCIA MILITAR DE MINAS GERAIS\"}]},{\"@type\":\"WebSite\",\"@id\":\"https:\/\/ubanews.com\/site\/#website\",\"url\":\"https:\/\/ubanews.com\/site\/\",\"name\":\"Ub\u00e1 News\",\"description\":\"\",\"publisher\":{\"@id\":\"https:\/\/ubanews.com\/site\/#organization\"},\"potentialAction\":[{\"@type\":\"SearchAction\",\"target\":{\"@type\":\"EntryPoint\",\"urlTemplate\":\"https:\/\/ubanews.com\/site\/?s={search_term_string}\"},\"query-input\":{\"@type\":\"PropertyValueSpecification\",\"valueRequired\":true,\"valueName\":\"search_term_string\"}}],\"inLanguage\":\"pt-BR\"},{\"@type\":\"Organization\",\"@id\":\"https:\/\/ubanews.com\/site\/#organization\",\"name\":\"Ub\u00e1 News\",\"url\":\"https:\/\/ubanews.com\/site\/\",\"logo\":{\"@type\":\"ImageObject\",\"inLanguage\":\"pt-BR\",\"@id\":\"https:\/\/ubanews.com\/site\/#\/schema\/logo\/image\/\",\"url\":\"https:\/\/ubanews.com\/site\/wp-content\/uploads\/2018\/01\/logoubanews.png\",\"contentUrl\":\"https:\/\/ubanews.com\/site\/wp-content\/uploads\/2018\/01\/logoubanews.png\",\"width\":261,\"height\":99,\"caption\":\"Ub\u00e1 News\"},\"image\":{\"@id\":\"https:\/\/ubanews.com\/site\/#\/schema\/logo\/image\/\"},\"sameAs\":[\"https:\/\/www.facebook.com\/Ub\u00e1News-Carlos-Roberto-Sodr\u00e9-418778301977370\"]},{\"@type\":\"Person\",\"@id\":\"https:\/\/ubanews.com\/site\/#\/schema\/person\/9d8da9ec3c8d00640ab6e8c81e103310\",\"name\":\"Carlos Roberto Sodr\u00e9\",\"image\":{\"@type\":\"ImageObject\",\"inLanguage\":\"pt-BR\",\"@id\":\"https:\/\/secure.gravatar.com\/avatar\/aab322e8555b56c468614fafdab8a8f924e394cdc6cfd8232f77e9e4d123a133?s=96&d=mm&r=g\",\"url\":\"https:\/\/secure.gravatar.com\/avatar\/aab322e8555b56c468614fafdab8a8f924e394cdc6cfd8232f77e9e4d123a133?s=96&d=mm&r=g\",\"contentUrl\":\"https:\/\/secure.gravatar.com\/avatar\/aab322e8555b56c468614fafdab8a8f924e394cdc6cfd8232f77e9e4d123a133?s=96&d=mm&r=g\",\"caption\":\"Carlos Roberto Sodr\u00e9\"},\"url\":\"https:\/\/ubanews.com\/site\/author\/sodre\/\"}]}<\/script>\n<!-- \/ Yoast SEO plugin. -->","yoast_head_json":{"title":"S\u00cdNTESE DAS OCORR\u00caNCIAS - POL\u00cdCIA MILITAR DE MINAS GERAIS - Ub\u00e1 News","robots":{"index":"index","follow":"follow","max-snippet":"max-snippet:-1","max-image-preview":"max-image-preview:large","max-video-preview":"max-video-preview:-1"},"canonical":"https:\/\/ubanews.com\/site\/2023\/08\/29\/sintese-das-ocorrencias-policia-militar-de-minas-gerais-2\/","og_locale":"pt_BR","og_type":"article","og_title":"S\u00cdNTESE DAS OCORR\u00caNCIAS - POL\u00cdCIA MILITAR DE MINAS GERAIS - Ub\u00e1 News","og_description":"POL\u00cdCIA MILITAR APREENDE AUTORES DE ROUBO Local: Ub\u00e1 &#8211; Av.","og_url":"https:\/\/ubanews.com\/site\/2023\/08\/29\/sintese-das-ocorrencias-policia-militar-de-minas-gerais-2\/","og_site_name":"Ub\u00e1 News","article_publisher":"https:\/\/www.facebook.com\/Ub%c3%a1News-Carlos-Roberto-Sodr%c3%a9-418778301977370","article_published_time":"2023-08-29T14:17:24+00:00","og_image":[{"width":1598,"height":1598,"url":"https:\/\/ubanews.com\/site\/wp-content\/uploads\/2023\/08\/1-1.jpg","type":"image\/jpeg"}],"author":"Carlos Roberto Sodr\u00e9","twitter_card":"summary_large_image","twitter_misc":{"Escrito por":"Carlos Roberto Sodr\u00e9","Est. tempo de leitura":"3 minutos"},"schema":{"@context":"https:\/\/schema.org","@graph":[{"@type":"Article","@id":"https:\/\/ubanews.com\/site\/2023\/08\/29\/sintese-das-ocorrencias-policia-militar-de-minas-gerais-2\/#article","isPartOf":{"@id":"https:\/\/ubanews.com\/site\/2023\/08\/29\/sintese-das-ocorrencias-policia-militar-de-minas-gerais-2\/"},"author":{"name":"Carlos Roberto Sodr\u00e9","@id":"https:\/\/ubanews.com\/site\/#\/schema\/person\/9d8da9ec3c8d00640ab6e8c81e103310"},"headline":"S\u00cdNTESE DAS OCORR\u00caNCIAS &#8211; POL\u00cdCIA MILITAR DE MINAS GERAIS","datePublished":"2023-08-29T14:17:24+00:00","mainEntityOfPage":{"@id":"https:\/\/ubanews.com\/site\/2023\/08\/29\/sintese-das-ocorrencias-policia-militar-de-minas-gerais-2\/"},"wordCount":463,"commentCount":0,"publisher":{"@id":"https:\/\/ubanews.com\/site\/#organization"},"image":{"@id":"https:\/\/ubanews.com\/site\/2023\/08\/29\/sintese-das-ocorrencias-policia-militar-de-minas-gerais-2\/#primaryimage"},"thumbnailUrl":"https:\/\/ubanews.com\/site\/wp-content\/uploads\/2023\/08\/1-1.jpg","articleSection":["Geral"],"inLanguage":"pt-BR","potentialAction":[{"@type":"CommentAction","name":"Comment","target":["https:\/\/ubanews.com\/site\/2023\/08\/29\/sintese-das-ocorrencias-policia-militar-de-minas-gerais-2\/#respond"]}]},{"@type":"WebPage","@id":"https:\/\/ubanews.com\/site\/2023\/08\/29\/sintese-das-ocorrencias-policia-militar-de-minas-gerais-2\/","url":"https:\/\/ubanews.com\/site\/2023\/08\/29\/sintese-das-ocorrencias-policia-militar-de-minas-gerais-2\/","name":"S\u00cdNTESE DAS OCORR\u00caNCIAS - POL\u00cdCIA MILITAR DE MINAS GERAIS - Ub\u00e1 News","isPartOf":{"@id":"https:\/\/ubanews.com\/site\/#website"},"primaryImageOfPage":{"@id":"https:\/\/ubanews.com\/site\/2023\/08\/29\/sintese-das-ocorrencias-policia-militar-de-minas-gerais-2\/#primaryimage"},"image":{"@id":"https:\/\/ubanews.com\/site\/2023\/08\/29\/sintese-das-ocorrencias-policia-militar-de-minas-gerais-2\/#primaryimage"},"thumbnailUrl":"https:\/\/ubanews.com\/site\/wp-content\/uploads\/2023\/08\/1-1.jpg","datePublished":"2023-08-29T14:17:24+00:00","breadcrumb":{"@id":"https:\/\/ubanews.com\/site\/2023\/08\/29\/sintese-das-ocorrencias-policia-militar-de-minas-gerais-2\/#breadcrumb"},"inLanguage":"pt-BR","potentialAction":[{"@type":"ReadAction","target":["https:\/\/ubanews.com\/site\/2023\/08\/29\/sintese-das-ocorrencias-policia-militar-de-minas-gerais-2\/"]}]},{"@type":"ImageObject","inLanguage":"pt-BR","@id":"https:\/\/ubanews.com\/site\/2023\/08\/29\/sintese-das-ocorrencias-policia-militar-de-minas-gerais-2\/#primaryimage","url":"https:\/\/ubanews.com\/site\/wp-content\/uploads\/2023\/08\/1-1.jpg","contentUrl":"https:\/\/ubanews.com\/site\/wp-content\/uploads\/2023\/08\/1-1.jpg","width":1598,"height":1598},{"@type":"BreadcrumbList","@id":"https:\/\/ubanews.com\/site\/2023\/08\/29\/sintese-das-ocorrencias-policia-militar-de-minas-gerais-2\/#breadcrumb","itemListElement":[{"@type":"ListItem","position":1,"name":"Home","item":"https:\/\/ubanews.com\/site\/"},{"@type":"ListItem","position":2,"name":"S\u00cdNTESE DAS OCORR\u00caNCIAS &#8211; POL\u00cdCIA MILITAR DE MINAS GERAIS"}]},{"@type":"WebSite","@id":"https:\/\/ubanews.com\/site\/#website","url":"https:\/\/ubanews.com\/site\/","name":"Ub\u00e1 News","description":"","publisher":{"@id":"https:\/\/ubanews.com\/site\/#organization"},"potentialAction":[{"@type":"SearchAction","target":{"@type":"EntryPoint","urlTemplate":"https:\/\/ubanews.com\/site\/?s={search_term_string}"},"query-input":{"@type":"PropertyValueSpecification","valueRequired":true,"valueName":"search_term_string"}}],"inLanguage":"pt-BR"},{"@type":"Organization","@id":"https:\/\/ubanews.com\/site\/#organization","name":"Ub\u00e1 News","url":"https:\/\/ubanews.com\/site\/","logo":{"@type":"ImageObject","inLanguage":"pt-BR","@id":"https:\/\/ubanews.com\/site\/#\/schema\/logo\/image\/","url":"https:\/\/ubanews.com\/site\/wp-content\/uploads\/2018\/01\/logoubanews.png","contentUrl":"https:\/\/ubanews.com\/site\/wp-content\/uploads\/2018\/01\/logoubanews.png","width":261,"height":99,"caption":"Ub\u00e1 News"},"image":{"@id":"https:\/\/ubanews.com\/site\/#\/schema\/logo\/image\/"},"sameAs":["https:\/\/www.facebook.com\/Ub\u00e1News-Carlos-Roberto-Sodr\u00e9-418778301977370"]},{"@type":"Person","@id":"https:\/\/ubanews.com\/site\/#\/schema\/person\/9d8da9ec3c8d00640ab6e8c81e103310","name":"Carlos Roberto Sodr\u00e9","image":{"@type":"ImageObject","inLanguage":"pt-BR","@id":"https:\/\/secure.gravatar.com\/avatar\/aab322e8555b56c468614fafdab8a8f924e394cdc6cfd8232f77e9e4d123a133?s=96&d=mm&r=g","url":"https:\/\/secure.gravatar.com\/avatar\/aab322e8555b56c468614fafdab8a8f924e394cdc6cfd8232f77e9e4d123a133?s=96&d=mm&r=g","contentUrl":"https:\/\/secure.gravatar.com\/avatar\/aab322e8555b56c468614fafdab8a8f924e394cdc6cfd8232f77e9e4d123a133?s=96&d=mm&r=g","caption":"Carlos Roberto Sodr\u00e9"},"url":"https:\/\/ubanews.com\/site\/author\/sodre\/"}]}},"_links":{"self":[{"href":"https:\/\/ubanews.com\/site\/wp-json\/wp\/v2\/posts\/21844","targetHints":{"allow":["GET"]}}],"collection":[{"href":"https:\/\/ubanews.com\/site\/wp-json\/wp\/v2\/posts"}],"about":[{"href":"https:\/\/ubanews.com\/site\/wp-json\/wp\/v2\/types\/post"}],"author":[{"embeddable":true,"href":"https:\/\/ubanews.com\/site\/wp-json\/wp\/v2\/users\/4"}],"replies":[{"embeddable":true,"href":"https:\/\/ubanews.com\/site\/wp-json\/wp\/v2\/comments?post=21844"}],"version-history":[{"count":0,"href":"https:\/\/ubanews.com\/site\/wp-json\/wp\/v2\/posts\/21844\/revisions"}],"wp:featuredmedia":[{"embeddable":true,"href":"https:\/\/ubanews.com\/site\/wp-json\/wp\/v2\/media\/21845"}],"wp:attachment":[{"href":"https:\/\/ubanews.com\/site\/wp-json\/wp\/v2\/media?parent=21844"}],"wp:term":[{"taxonomy":"category","embeddable":true,"href":"https:\/\/ubanews.com\/site\/wp-json\/wp\/v2\/categories?post=21844"},{"taxonomy":"post_tag","embeddable":true,"href":"https:\/\/ubanews.com\/site\/wp-json\/wp\/v2\/tags?post=21844"}],"curies":[{"name":"wp","href":"https:\/\/api.w.org\/{rel}","templated":true}]}}