{"id":21839,"date":"2023-08-28T11:01:44","date_gmt":"2023-08-28T14:01:44","guid":{"rendered":"http:\/\/ubanews.com\/site\/?p=21839"},"modified":"2023-08-28T11:15:54","modified_gmt":"2023-08-28T14:15:54","slug":"sintese-das-ocorrencias-policia-militar-de-minas-gerais","status":"publish","type":"post","link":"https:\/\/ubanews.com\/site\/2023\/08\/28\/sintese-das-ocorrencias-policia-militar-de-minas-gerais\/","title":{"rendered":"S\u00cdNTESE DAS OCORR\u00caNCIAS &#8211; POL\u00cdCIA MILITAR DE MINAS GERAIS"},"content":{"rendered":"<p style=\"text-align: center;\"><strong>PO<\/strong><strong>L\u00cdCIA MILITAR APREENDE AUTOR DE TR\u00c1FICO DE DROGAS<\/strong><\/p>\n<p>Local: Ub\u00e1 &#8211; Rua Professora Nair Ara\u00fajo, Francisco Teixeira<\/p>\n<p>Data: 25\/08\/2023<\/p>\n<p>Hora: 15h06min<\/p>\n<p>A Pol\u00edcia Militar, atrav\u00e9s do 21\u00ba BPM, durante Opera\u00e7\u00e3o Batida Policial, compareceu ao local conhecido no meio policial como ponto de comercializa\u00e7\u00e3o de drogas.<\/p>\n<p>Ao perceber a chegada da Pol\u00edcia, o autor evadiu pasto acima, sendo alcan\u00e7ado ap\u00f3s cair do barranco. Com a ajuda do c\u00e3o farejador Ogum, as equipes lograram \u00eaxito em localizar 01 bucha de subst\u00e2ncia semelhante \u00e0 maconha; 37 pedras de subst\u00e2ncia semelhante \u00e0 crack e 60 papelotes de subst\u00e2ncia an\u00e1loga a coca\u00edna. Diante do flagrante de ato infracional o menor foi apreendido e encaminhado at\u00e9 a Delegacia de Pol\u00edcia Judici\u00e1ria juntamente aos materiais apreendidos.<\/p>\n<p><img decoding=\"async\" class=\"aligncenter wp-image-21840 lazyload\" data-src=\"https:\/\/ubanews.com\/site\/wp-content\/uploads\/2023\/08\/1-225x300.jpg\" alt=\"\" width=\"458\" height=\"610\" data-srcset=\"https:\/\/ubanews.com\/site\/wp-content\/uploads\/2023\/08\/1-225x300.jpg 225w, https:\/\/ubanews.com\/site\/wp-content\/uploads\/2023\/08\/1-768x1024.jpg 768w, https:\/\/ubanews.com\/site\/wp-content\/uploads\/2023\/08\/1.jpg 899w\" data-sizes=\"(max-width: 458px) 100vw, 458px\" src=\"data:image\/svg+xml;base64,PHN2ZyB3aWR0aD0iMSIgaGVpZ2h0PSIxIiB4bWxucz0iaHR0cDovL3d3dy53My5vcmcvMjAwMC9zdmciPjwvc3ZnPg==\" style=\"--smush-placeholder-width: 458px; --smush-placeholder-aspect-ratio: 458\/610;\" \/><\/p>\n<p style=\"text-align: center;\"><strong>PO<\/strong><strong>L\u00cdCIA MILITAR REGISTRA OCORR\u00caNCIA DE TENTATIVA DE HOMIC\u00cdDIO<\/strong><\/p>\n<p>Local: Ub\u00e1 &#8211; Rua Major Tito C\u00e9sar, Centro<\/p>\n<p>Data: 26\/08\/2023<\/p>\n<p>Hora: 09h05min<\/p>\n<p>A Pol\u00edcia Militar, atrav\u00e9s do 21\u00ba BPM, foi acionada via COPOM a comparecer ao Hospital S\u00e3o Vicente, onde deu entrada uma v\u00edtima de disparo de arma de fogo. Em contato com a v\u00edtima, um homem de 39 anos, este informou que estava no seu estabelecimento comercial quando chegou o autor, que aparentemente estava sobre influ\u00eancia de \u00e1lcool e drogas, incomodando os clientes, sendo advertido por v\u00e1rias vezes e colocado para fora do estabelecimento. A v\u00edtima relata ainda que o autor foi em casa e retornou com uma arma de fogo efetuando v\u00e1rios disparos, sendo a v\u00edtima atingida por tr\u00eas, por\u00e9m sem risco de morte. Segue rastreamento para localizar autor, um homem de 30 anos, contudo sem \u00eaxito at\u00e9 o momento.<\/p>\n<p style=\"text-align: center;\"><strong>PO<\/strong><strong>L\u00cdCIA MILITAR REGISTRA OCORR\u00caNCIA DE HOMIC\u00cdDIO CONSUMADO<\/strong><\/p>\n<p>Local: Ub\u00e1 &#8211; Bairro Santa Rosa<\/p>\n<p>Data: 26\/08\/2023<\/p>\n<p>Hora: 08h45min<\/p>\n<p>A Pol\u00edcia Militar, atrav\u00e9s do 21\u00ba BPM, foi acionada atrav\u00e9s do COPOM, a comparecer ao local do fato onde deparou com o corpo da v\u00edtima, um homem de 25 anos, j\u00e1 sem os sinais vitais. Foi acionada a Per\u00edcia T\u00e9cnica que se fez presente realizando os trabalhos de praxe e liberando o corpo logo em seguida para funer\u00e1ria.<\/p>\n<p style=\"text-align: center;\"><strong>PO<\/strong><strong>L\u00cdCIA MILITAR PRENDE FORAGIDO DA JUSTI\u00c7A E LOCALIZA MUNI\u00c7\u00d5ES E GRANADA<\/strong><\/p>\n<p>Local: Ub\u00e1 &#8211; Rua Curitiba, Agroceres<\/p>\n<p>Data: 27\/08\/2023<\/p>\n<p>Hora: 19h13min<\/p>\n<p>A Pol\u00edcia Militar, atrav\u00e9s do 21\u00ba BPM, realizava opera\u00e7\u00e3o no local quando visualizou o autor, um homem de 23 anos, o qual foi constatado via sistema que possu\u00eda em seu desfavor um mandado de pris\u00e3o em aberto.<\/p>\n<p>Ao perceber a presen\u00e7a da PM, este autor evadiu sentido a um pasto, e foi realizado o cerco onde foi poss\u00edvel localizar e abordar o autor, que relatou que na sua casa havia muni\u00e7\u00f5es e uma granada. Deste modo, efetuada as buscas no interior da resid\u00eancia, foi encontrado uma caixa contendo 24 muni\u00e7\u00f5es intactas de cal .380 e uma granada. Foi dado voz de pris\u00e3o em flagrante ao autor, materiais apreendidos e granada mantida em isolamento at\u00e9 a chegada do BOPE para provid\u00eancias.<\/p>\n<p><img decoding=\"async\" class=\"aligncenter wp-image-21841 lazyload\" data-src=\"https:\/\/ubanews.com\/site\/wp-content\/uploads\/2023\/08\/2-196x300.jpg\" alt=\"\" width=\"505\" height=\"774\" src=\"data:image\/svg+xml;base64,PHN2ZyB3aWR0aD0iMSIgaGVpZ2h0PSIxIiB4bWxucz0iaHR0cDovL3d3dy53My5vcmcvMjAwMC9zdmciPjwvc3ZnPg==\" style=\"--smush-placeholder-width: 505px; --smush-placeholder-aspect-ratio: 505\/774;\" \/><\/p>\n<p><img decoding=\"async\" class=\"wp-image-21842 aligncenter lazyload\" data-src=\"https:\/\/ubanews.com\/site\/wp-content\/uploads\/2023\/08\/3-265x300.jpg\" alt=\"\" width=\"633\" height=\"716\" data-srcset=\"https:\/\/ubanews.com\/site\/wp-content\/uploads\/2023\/08\/3-265x300.jpg 265w, https:\/\/ubanews.com\/site\/wp-content\/uploads\/2023\/08\/3-768x870.jpg 768w, https:\/\/ubanews.com\/site\/wp-content\/uploads\/2023\/08\/3.jpg 899w\" data-sizes=\"(max-width: 633px) 100vw, 633px\" src=\"data:image\/svg+xml;base64,PHN2ZyB3aWR0aD0iMSIgaGVpZ2h0PSIxIiB4bWxucz0iaHR0cDovL3d3dy53My5vcmcvMjAwMC9zdmciPjwvc3ZnPg==\" style=\"--smush-placeholder-width: 633px; --smush-placeholder-aspect-ratio: 633\/716;\" \/><\/p>\n<p style=\"text-align: center;\"><strong>PO<\/strong><strong>L\u00cdCIA MILITAR REGISTRA OCORR\u00caNCIA DE ROUBO<\/strong><\/p>\n<p>Local: Ub\u00e1 &#8211; Rua Coronel Bernardino Carneiro, Centro<\/p>\n<p>Data: 27\/08\/2023<\/p>\n<p>Hora: 21h29min<\/p>\n<p>A Pol\u00edcia Militar, atrav\u00e9s do 21\u00ba BPM, foi acionada e os militares compareceram ao local do fato, uma Drogaria e em contato com as v\u00edtimas estas relataram que dois indiv\u00edduos armados entraram no estabelecimento e anunciaram o roubo. Logo ap\u00f3s determinaram que as v\u00edtimas deitassem e n\u00e3o olhassem em dire\u00e7\u00e3o a eles e em seguida, evadiram. Foi realizado rastreamento pelas equipes policiais, por\u00e9m sem \u00eaxito at\u00e9 o momento.<\/p>\n<p><em>Fonte: Vig\u00e9simo Primeiro Batalh\u00e3o de Pol\u00edcia Militar<\/em><\/p>\n","protected":false},"excerpt":{"rendered":"<p>POL\u00cdCIA MILITAR APREENDE AUTOR DE TR\u00c1FICO DE DROGAS Local: Ub\u00e1<\/p>\n","protected":false},"author":4,"featured_media":21842,"comment_status":"open","ping_status":"open","sticky":false,"template":"","format":"standard","meta":{"footnotes":""},"categories":[1],"tags":[],"class_list":["post-21839","post","type-post","status-publish","format-standard","has-post-thumbnail","hentry","category-sem-categoria"],"yoast_head":"<!-- This site is optimized with the Yoast SEO plugin v27.2 - https:\/\/yoast.com\/product\/yoast-seo-wordpress\/ -->\n<title>S\u00cdNTESE DAS OCORR\u00caNCIAS - POL\u00cdCIA MILITAR DE MINAS GERAIS - Ub\u00e1 News<\/title>\n<meta name=\"robots\" content=\"index, follow, max-snippet:-1, max-image-preview:large, max-video-preview:-1\" \/>\n<link rel=\"canonical\" href=\"https:\/\/ubanews.com\/site\/2023\/08\/28\/sintese-das-ocorrencias-policia-militar-de-minas-gerais\/\" \/>\n<meta property=\"og:locale\" content=\"pt_BR\" \/>\n<meta property=\"og:type\" content=\"article\" \/>\n<meta property=\"og:title\" content=\"S\u00cdNTESE DAS OCORR\u00caNCIAS - POL\u00cdCIA MILITAR DE MINAS GERAIS - Ub\u00e1 News\" \/>\n<meta property=\"og:description\" content=\"POL\u00cdCIA MILITAR APREENDE AUTOR DE TR\u00c1FICO DE DROGAS Local: Ub\u00e1\" \/>\n<meta property=\"og:url\" content=\"https:\/\/ubanews.com\/site\/2023\/08\/28\/sintese-das-ocorrencias-policia-militar-de-minas-gerais\/\" \/>\n<meta property=\"og:site_name\" content=\"Ub\u00e1 News\" \/>\n<meta property=\"article:publisher\" content=\"https:\/\/www.facebook.com\/Ub%c3%a1News-Carlos-Roberto-Sodr%c3%a9-418778301977370\" \/>\n<meta property=\"article:published_time\" content=\"2023-08-28T14:01:44+00:00\" \/>\n<meta property=\"article:modified_time\" content=\"2023-08-28T14:15:54+00:00\" \/>\n<meta property=\"og:image\" content=\"https:\/\/ubanews.com\/site\/wp-content\/uploads\/2023\/08\/3.jpg\" \/>\n\t<meta property=\"og:image:width\" content=\"899\" \/>\n\t<meta property=\"og:image:height\" content=\"1018\" \/>\n\t<meta property=\"og:image:type\" content=\"image\/jpeg\" \/>\n<meta name=\"author\" content=\"Carlos Roberto Sodr\u00e9\" \/>\n<meta name=\"twitter:card\" content=\"summary_large_image\" \/>\n<meta name=\"twitter:label1\" content=\"Escrito por\" \/>\n\t<meta name=\"twitter:data1\" content=\"Carlos Roberto Sodr\u00e9\" \/>\n\t<meta name=\"twitter:label2\" content=\"Est. tempo de leitura\" \/>\n\t<meta name=\"twitter:data2\" content=\"4 minutos\" \/>\n<script type=\"application\/ld+json\" class=\"yoast-schema-graph\">{\"@context\":\"https:\/\/schema.org\",\"@graph\":[{\"@type\":\"Article\",\"@id\":\"https:\/\/ubanews.com\/site\/2023\/08\/28\/sintese-das-ocorrencias-policia-militar-de-minas-gerais\/#article\",\"isPartOf\":{\"@id\":\"https:\/\/ubanews.com\/site\/2023\/08\/28\/sintese-das-ocorrencias-policia-militar-de-minas-gerais\/\"},\"author\":{\"name\":\"Carlos Roberto Sodr\u00e9\",\"@id\":\"https:\/\/ubanews.com\/site\/#\/schema\/person\/9d8da9ec3c8d00640ab6e8c81e103310\"},\"headline\":\"S\u00cdNTESE DAS OCORR\u00caNCIAS &#8211; POL\u00cdCIA MILITAR DE MINAS GERAIS\",\"datePublished\":\"2023-08-28T14:01:44+00:00\",\"dateModified\":\"2023-08-28T14:15:54+00:00\",\"mainEntityOfPage\":{\"@id\":\"https:\/\/ubanews.com\/site\/2023\/08\/28\/sintese-das-ocorrencias-policia-militar-de-minas-gerais\/\"},\"wordCount\":642,\"commentCount\":0,\"publisher\":{\"@id\":\"https:\/\/ubanews.com\/site\/#organization\"},\"image\":{\"@id\":\"https:\/\/ubanews.com\/site\/2023\/08\/28\/sintese-das-ocorrencias-policia-militar-de-minas-gerais\/#primaryimage\"},\"thumbnailUrl\":\"https:\/\/ubanews.com\/site\/wp-content\/uploads\/2023\/08\/3.jpg\",\"articleSection\":[\"Geral\"],\"inLanguage\":\"pt-BR\",\"potentialAction\":[{\"@type\":\"CommentAction\",\"name\":\"Comment\",\"target\":[\"https:\/\/ubanews.com\/site\/2023\/08\/28\/sintese-das-ocorrencias-policia-militar-de-minas-gerais\/#respond\"]}]},{\"@type\":\"WebPage\",\"@id\":\"https:\/\/ubanews.com\/site\/2023\/08\/28\/sintese-das-ocorrencias-policia-militar-de-minas-gerais\/\",\"url\":\"https:\/\/ubanews.com\/site\/2023\/08\/28\/sintese-das-ocorrencias-policia-militar-de-minas-gerais\/\",\"name\":\"S\u00cdNTESE DAS OCORR\u00caNCIAS - POL\u00cdCIA MILITAR DE MINAS GERAIS - Ub\u00e1 News\",\"isPartOf\":{\"@id\":\"https:\/\/ubanews.com\/site\/#website\"},\"primaryImageOfPage\":{\"@id\":\"https:\/\/ubanews.com\/site\/2023\/08\/28\/sintese-das-ocorrencias-policia-militar-de-minas-gerais\/#primaryimage\"},\"image\":{\"@id\":\"https:\/\/ubanews.com\/site\/2023\/08\/28\/sintese-das-ocorrencias-policia-militar-de-minas-gerais\/#primaryimage\"},\"thumbnailUrl\":\"https:\/\/ubanews.com\/site\/wp-content\/uploads\/2023\/08\/3.jpg\",\"datePublished\":\"2023-08-28T14:01:44+00:00\",\"dateModified\":\"2023-08-28T14:15:54+00:00\",\"breadcrumb\":{\"@id\":\"https:\/\/ubanews.com\/site\/2023\/08\/28\/sintese-das-ocorrencias-policia-militar-de-minas-gerais\/#breadcrumb\"},\"inLanguage\":\"pt-BR\",\"potentialAction\":[{\"@type\":\"ReadAction\",\"target\":[\"https:\/\/ubanews.com\/site\/2023\/08\/28\/sintese-das-ocorrencias-policia-militar-de-minas-gerais\/\"]}]},{\"@type\":\"ImageObject\",\"inLanguage\":\"pt-BR\",\"@id\":\"https:\/\/ubanews.com\/site\/2023\/08\/28\/sintese-das-ocorrencias-policia-militar-de-minas-gerais\/#primaryimage\",\"url\":\"https:\/\/ubanews.com\/site\/wp-content\/uploads\/2023\/08\/3.jpg\",\"contentUrl\":\"https:\/\/ubanews.com\/site\/wp-content\/uploads\/2023\/08\/3.jpg\",\"width\":899,\"height\":1018},{\"@type\":\"BreadcrumbList\",\"@id\":\"https:\/\/ubanews.com\/site\/2023\/08\/28\/sintese-das-ocorrencias-policia-militar-de-minas-gerais\/#breadcrumb\",\"itemListElement\":[{\"@type\":\"ListItem\",\"position\":1,\"name\":\"Home\",\"item\":\"https:\/\/ubanews.com\/site\/\"},{\"@type\":\"ListItem\",\"position\":2,\"name\":\"S\u00cdNTESE DAS OCORR\u00caNCIAS &#8211; POL\u00cdCIA MILITAR DE MINAS GERAIS\"}]},{\"@type\":\"WebSite\",\"@id\":\"https:\/\/ubanews.com\/site\/#website\",\"url\":\"https:\/\/ubanews.com\/site\/\",\"name\":\"Ub\u00e1 News\",\"description\":\"\",\"publisher\":{\"@id\":\"https:\/\/ubanews.com\/site\/#organization\"},\"potentialAction\":[{\"@type\":\"SearchAction\",\"target\":{\"@type\":\"EntryPoint\",\"urlTemplate\":\"https:\/\/ubanews.com\/site\/?s={search_term_string}\"},\"query-input\":{\"@type\":\"PropertyValueSpecification\",\"valueRequired\":true,\"valueName\":\"search_term_string\"}}],\"inLanguage\":\"pt-BR\"},{\"@type\":\"Organization\",\"@id\":\"https:\/\/ubanews.com\/site\/#organization\",\"name\":\"Ub\u00e1 News\",\"url\":\"https:\/\/ubanews.com\/site\/\",\"logo\":{\"@type\":\"ImageObject\",\"inLanguage\":\"pt-BR\",\"@id\":\"https:\/\/ubanews.com\/site\/#\/schema\/logo\/image\/\",\"url\":\"https:\/\/ubanews.com\/site\/wp-content\/uploads\/2018\/01\/logoubanews.png\",\"contentUrl\":\"https:\/\/ubanews.com\/site\/wp-content\/uploads\/2018\/01\/logoubanews.png\",\"width\":261,\"height\":99,\"caption\":\"Ub\u00e1 News\"},\"image\":{\"@id\":\"https:\/\/ubanews.com\/site\/#\/schema\/logo\/image\/\"},\"sameAs\":[\"https:\/\/www.facebook.com\/Ub\u00e1News-Carlos-Roberto-Sodr\u00e9-418778301977370\"]},{\"@type\":\"Person\",\"@id\":\"https:\/\/ubanews.com\/site\/#\/schema\/person\/9d8da9ec3c8d00640ab6e8c81e103310\",\"name\":\"Carlos Roberto Sodr\u00e9\",\"image\":{\"@type\":\"ImageObject\",\"inLanguage\":\"pt-BR\",\"@id\":\"https:\/\/secure.gravatar.com\/avatar\/aab322e8555b56c468614fafdab8a8f924e394cdc6cfd8232f77e9e4d123a133?s=96&d=mm&r=g\",\"url\":\"https:\/\/secure.gravatar.com\/avatar\/aab322e8555b56c468614fafdab8a8f924e394cdc6cfd8232f77e9e4d123a133?s=96&d=mm&r=g\",\"contentUrl\":\"https:\/\/secure.gravatar.com\/avatar\/aab322e8555b56c468614fafdab8a8f924e394cdc6cfd8232f77e9e4d123a133?s=96&d=mm&r=g\",\"caption\":\"Carlos Roberto Sodr\u00e9\"},\"url\":\"https:\/\/ubanews.com\/site\/author\/sodre\/\"}]}<\/script>\n<!-- \/ Yoast SEO plugin. -->","yoast_head_json":{"title":"S\u00cdNTESE DAS OCORR\u00caNCIAS - POL\u00cdCIA MILITAR DE MINAS GERAIS - Ub\u00e1 News","robots":{"index":"index","follow":"follow","max-snippet":"max-snippet:-1","max-image-preview":"max-image-preview:large","max-video-preview":"max-video-preview:-1"},"canonical":"https:\/\/ubanews.com\/site\/2023\/08\/28\/sintese-das-ocorrencias-policia-militar-de-minas-gerais\/","og_locale":"pt_BR","og_type":"article","og_title":"S\u00cdNTESE DAS OCORR\u00caNCIAS - POL\u00cdCIA MILITAR DE MINAS GERAIS - Ub\u00e1 News","og_description":"POL\u00cdCIA MILITAR APREENDE AUTOR DE TR\u00c1FICO DE DROGAS Local: Ub\u00e1","og_url":"https:\/\/ubanews.com\/site\/2023\/08\/28\/sintese-das-ocorrencias-policia-militar-de-minas-gerais\/","og_site_name":"Ub\u00e1 News","article_publisher":"https:\/\/www.facebook.com\/Ub%c3%a1News-Carlos-Roberto-Sodr%c3%a9-418778301977370","article_published_time":"2023-08-28T14:01:44+00:00","article_modified_time":"2023-08-28T14:15:54+00:00","og_image":[{"width":899,"height":1018,"url":"https:\/\/ubanews.com\/site\/wp-content\/uploads\/2023\/08\/3.jpg","type":"image\/jpeg"}],"author":"Carlos Roberto Sodr\u00e9","twitter_card":"summary_large_image","twitter_misc":{"Escrito por":"Carlos Roberto Sodr\u00e9","Est. tempo de leitura":"4 minutos"},"schema":{"@context":"https:\/\/schema.org","@graph":[{"@type":"Article","@id":"https:\/\/ubanews.com\/site\/2023\/08\/28\/sintese-das-ocorrencias-policia-militar-de-minas-gerais\/#article","isPartOf":{"@id":"https:\/\/ubanews.com\/site\/2023\/08\/28\/sintese-das-ocorrencias-policia-militar-de-minas-gerais\/"},"author":{"name":"Carlos Roberto Sodr\u00e9","@id":"https:\/\/ubanews.com\/site\/#\/schema\/person\/9d8da9ec3c8d00640ab6e8c81e103310"},"headline":"S\u00cdNTESE DAS OCORR\u00caNCIAS &#8211; POL\u00cdCIA MILITAR DE MINAS GERAIS","datePublished":"2023-08-28T14:01:44+00:00","dateModified":"2023-08-28T14:15:54+00:00","mainEntityOfPage":{"@id":"https:\/\/ubanews.com\/site\/2023\/08\/28\/sintese-das-ocorrencias-policia-militar-de-minas-gerais\/"},"wordCount":642,"commentCount":0,"publisher":{"@id":"https:\/\/ubanews.com\/site\/#organization"},"image":{"@id":"https:\/\/ubanews.com\/site\/2023\/08\/28\/sintese-das-ocorrencias-policia-militar-de-minas-gerais\/#primaryimage"},"thumbnailUrl":"https:\/\/ubanews.com\/site\/wp-content\/uploads\/2023\/08\/3.jpg","articleSection":["Geral"],"inLanguage":"pt-BR","potentialAction":[{"@type":"CommentAction","name":"Comment","target":["https:\/\/ubanews.com\/site\/2023\/08\/28\/sintese-das-ocorrencias-policia-militar-de-minas-gerais\/#respond"]}]},{"@type":"WebPage","@id":"https:\/\/ubanews.com\/site\/2023\/08\/28\/sintese-das-ocorrencias-policia-militar-de-minas-gerais\/","url":"https:\/\/ubanews.com\/site\/2023\/08\/28\/sintese-das-ocorrencias-policia-militar-de-minas-gerais\/","name":"S\u00cdNTESE DAS OCORR\u00caNCIAS - POL\u00cdCIA MILITAR DE MINAS GERAIS - Ub\u00e1 News","isPartOf":{"@id":"https:\/\/ubanews.com\/site\/#website"},"primaryImageOfPage":{"@id":"https:\/\/ubanews.com\/site\/2023\/08\/28\/sintese-das-ocorrencias-policia-militar-de-minas-gerais\/#primaryimage"},"image":{"@id":"https:\/\/ubanews.com\/site\/2023\/08\/28\/sintese-das-ocorrencias-policia-militar-de-minas-gerais\/#primaryimage"},"thumbnailUrl":"https:\/\/ubanews.com\/site\/wp-content\/uploads\/2023\/08\/3.jpg","datePublished":"2023-08-28T14:01:44+00:00","dateModified":"2023-08-28T14:15:54+00:00","breadcrumb":{"@id":"https:\/\/ubanews.com\/site\/2023\/08\/28\/sintese-das-ocorrencias-policia-militar-de-minas-gerais\/#breadcrumb"},"inLanguage":"pt-BR","potentialAction":[{"@type":"ReadAction","target":["https:\/\/ubanews.com\/site\/2023\/08\/28\/sintese-das-ocorrencias-policia-militar-de-minas-gerais\/"]}]},{"@type":"ImageObject","inLanguage":"pt-BR","@id":"https:\/\/ubanews.com\/site\/2023\/08\/28\/sintese-das-ocorrencias-policia-militar-de-minas-gerais\/#primaryimage","url":"https:\/\/ubanews.com\/site\/wp-content\/uploads\/2023\/08\/3.jpg","contentUrl":"https:\/\/ubanews.com\/site\/wp-content\/uploads\/2023\/08\/3.jpg","width":899,"height":1018},{"@type":"BreadcrumbList","@id":"https:\/\/ubanews.com\/site\/2023\/08\/28\/sintese-das-ocorrencias-policia-militar-de-minas-gerais\/#breadcrumb","itemListElement":[{"@type":"ListItem","position":1,"name":"Home","item":"https:\/\/ubanews.com\/site\/"},{"@type":"ListItem","position":2,"name":"S\u00cdNTESE DAS OCORR\u00caNCIAS &#8211; POL\u00cdCIA MILITAR DE MINAS GERAIS"}]},{"@type":"WebSite","@id":"https:\/\/ubanews.com\/site\/#website","url":"https:\/\/ubanews.com\/site\/","name":"Ub\u00e1 News","description":"","publisher":{"@id":"https:\/\/ubanews.com\/site\/#organization"},"potentialAction":[{"@type":"SearchAction","target":{"@type":"EntryPoint","urlTemplate":"https:\/\/ubanews.com\/site\/?s={search_term_string}"},"query-input":{"@type":"PropertyValueSpecification","valueRequired":true,"valueName":"search_term_string"}}],"inLanguage":"pt-BR"},{"@type":"Organization","@id":"https:\/\/ubanews.com\/site\/#organization","name":"Ub\u00e1 News","url":"https:\/\/ubanews.com\/site\/","logo":{"@type":"ImageObject","inLanguage":"pt-BR","@id":"https:\/\/ubanews.com\/site\/#\/schema\/logo\/image\/","url":"https:\/\/ubanews.com\/site\/wp-content\/uploads\/2018\/01\/logoubanews.png","contentUrl":"https:\/\/ubanews.com\/site\/wp-content\/uploads\/2018\/01\/logoubanews.png","width":261,"height":99,"caption":"Ub\u00e1 News"},"image":{"@id":"https:\/\/ubanews.com\/site\/#\/schema\/logo\/image\/"},"sameAs":["https:\/\/www.facebook.com\/Ub\u00e1News-Carlos-Roberto-Sodr\u00e9-418778301977370"]},{"@type":"Person","@id":"https:\/\/ubanews.com\/site\/#\/schema\/person\/9d8da9ec3c8d00640ab6e8c81e103310","name":"Carlos Roberto Sodr\u00e9","image":{"@type":"ImageObject","inLanguage":"pt-BR","@id":"https:\/\/secure.gravatar.com\/avatar\/aab322e8555b56c468614fafdab8a8f924e394cdc6cfd8232f77e9e4d123a133?s=96&d=mm&r=g","url":"https:\/\/secure.gravatar.com\/avatar\/aab322e8555b56c468614fafdab8a8f924e394cdc6cfd8232f77e9e4d123a133?s=96&d=mm&r=g","contentUrl":"https:\/\/secure.gravatar.com\/avatar\/aab322e8555b56c468614fafdab8a8f924e394cdc6cfd8232f77e9e4d123a133?s=96&d=mm&r=g","caption":"Carlos Roberto Sodr\u00e9"},"url":"https:\/\/ubanews.com\/site\/author\/sodre\/"}]}},"_links":{"self":[{"href":"https:\/\/ubanews.com\/site\/wp-json\/wp\/v2\/posts\/21839","targetHints":{"allow":["GET"]}}],"collection":[{"href":"https:\/\/ubanews.com\/site\/wp-json\/wp\/v2\/posts"}],"about":[{"href":"https:\/\/ubanews.com\/site\/wp-json\/wp\/v2\/types\/post"}],"author":[{"embeddable":true,"href":"https:\/\/ubanews.com\/site\/wp-json\/wp\/v2\/users\/4"}],"replies":[{"embeddable":true,"href":"https:\/\/ubanews.com\/site\/wp-json\/wp\/v2\/comments?post=21839"}],"version-history":[{"count":0,"href":"https:\/\/ubanews.com\/site\/wp-json\/wp\/v2\/posts\/21839\/revisions"}],"wp:featuredmedia":[{"embeddable":true,"href":"https:\/\/ubanews.com\/site\/wp-json\/wp\/v2\/media\/21842"}],"wp:attachment":[{"href":"https:\/\/ubanews.com\/site\/wp-json\/wp\/v2\/media?parent=21839"}],"wp:term":[{"taxonomy":"category","embeddable":true,"href":"https:\/\/ubanews.com\/site\/wp-json\/wp\/v2\/categories?post=21839"},{"taxonomy":"post_tag","embeddable":true,"href":"https:\/\/ubanews.com\/site\/wp-json\/wp\/v2\/tags?post=21839"}],"curies":[{"name":"wp","href":"https:\/\/api.w.org\/{rel}","templated":true}]}}