{"id":2155,"date":"2018-04-15T03:00:47","date_gmt":"2018-04-15T06:00:47","guid":{"rendered":"http:\/\/ubanews.com\/site\/?p=2155"},"modified":"2018-04-25T14:49:12","modified_gmt":"2018-04-25T17:49:12","slug":"contagem-regressiva-para-o-maior-evento-beneficente-em-prol-ao-patronato-sao-jose","status":"publish","type":"post","link":"https:\/\/ubanews.com\/site\/2018\/04\/15\/contagem-regressiva-para-o-maior-evento-beneficente-em-prol-ao-patronato-sao-jose\/","title":{"rendered":"Contagem regressiva para o maior evento beneficente em prol ao Patronato S\u00e3o Jos\u00e9"},"content":{"rendered":"<p><img decoding=\"async\" class=\"alignnone size-full wp-image-2156 lazyload\" data-src=\"https:\/\/ubanews.com\/site\/wp-content\/uploads\/2018\/04\/DSC06864-c\u00f3pia.jpg\" alt=\"\" width=\"5512\" height=\"3447\" data-srcset=\"https:\/\/ubanews.com\/site\/wp-content\/uploads\/2018\/04\/DSC06864-c\u00f3pia.jpg 5512w, https:\/\/ubanews.com\/site\/wp-content\/uploads\/2018\/04\/DSC06864-c\u00f3pia-300x188.jpg 300w, https:\/\/ubanews.com\/site\/wp-content\/uploads\/2018\/04\/DSC06864-c\u00f3pia-768x480.jpg 768w, https:\/\/ubanews.com\/site\/wp-content\/uploads\/2018\/04\/DSC06864-c\u00f3pia-1024x640.jpg 1024w\" data-sizes=\"(max-width: 5512px) 100vw, 5512px\" src=\"data:image\/svg+xml;base64,PHN2ZyB3aWR0aD0iMSIgaGVpZ2h0PSIxIiB4bWxucz0iaHR0cDovL3d3dy53My5vcmcvMjAwMC9zdmciPjwvc3ZnPg==\" style=\"--smush-placeholder-width: 5512px; --smush-placeholder-aspect-ratio: 5512\/3447;\" \/> <img decoding=\"async\" class=\"alignnone size-full wp-image-2158 lazyload\" data-src=\"https:\/\/ubanews.com\/site\/wp-content\/uploads\/2018\/04\/DSC06844-c\u00f3pia.jpg\" alt=\"\" width=\"5512\" height=\"3447\" data-srcset=\"https:\/\/ubanews.com\/site\/wp-content\/uploads\/2018\/04\/DSC06844-c\u00f3pia.jpg 5512w, https:\/\/ubanews.com\/site\/wp-content\/uploads\/2018\/04\/DSC06844-c\u00f3pia-300x188.jpg 300w, https:\/\/ubanews.com\/site\/wp-content\/uploads\/2018\/04\/DSC06844-c\u00f3pia-768x480.jpg 768w, https:\/\/ubanews.com\/site\/wp-content\/uploads\/2018\/04\/DSC06844-c\u00f3pia-1024x640.jpg 1024w\" data-sizes=\"(max-width: 5512px) 100vw, 5512px\" src=\"data:image\/svg+xml;base64,PHN2ZyB3aWR0aD0iMSIgaGVpZ2h0PSIxIiB4bWxucz0iaHR0cDovL3d3dy53My5vcmcvMjAwMC9zdmciPjwvc3ZnPg==\" style=\"--smush-placeholder-width: 5512px; --smush-placeholder-aspect-ratio: 5512\/3447;\" \/> <img decoding=\"async\" class=\"alignnone size-full wp-image-2159 lazyload\" data-src=\"https:\/\/ubanews.com\/site\/wp-content\/uploads\/2018\/04\/DSC06845-c\u00f3pia.jpg\" alt=\"\" width=\"5512\" height=\"3447\" data-srcset=\"https:\/\/ubanews.com\/site\/wp-content\/uploads\/2018\/04\/DSC06845-c\u00f3pia.jpg 5512w, https:\/\/ubanews.com\/site\/wp-content\/uploads\/2018\/04\/DSC06845-c\u00f3pia-300x188.jpg 300w, https:\/\/ubanews.com\/site\/wp-content\/uploads\/2018\/04\/DSC06845-c\u00f3pia-768x480.jpg 768w, https:\/\/ubanews.com\/site\/wp-content\/uploads\/2018\/04\/DSC06845-c\u00f3pia-1024x640.jpg 1024w\" data-sizes=\"(max-width: 5512px) 100vw, 5512px\" src=\"data:image\/svg+xml;base64,PHN2ZyB3aWR0aD0iMSIgaGVpZ2h0PSIxIiB4bWxucz0iaHR0cDovL3d3dy53My5vcmcvMjAwMC9zdmciPjwvc3ZnPg==\" style=\"--smush-placeholder-width: 5512px; --smush-placeholder-aspect-ratio: 5512\/3447;\" \/> <img decoding=\"async\" class=\"alignnone size-full wp-image-2160 lazyload\" data-src=\"https:\/\/ubanews.com\/site\/wp-content\/uploads\/2018\/04\/DSC06846-c\u00f3pia.jpg\" alt=\"\" width=\"5512\" height=\"3447\" data-srcset=\"https:\/\/ubanews.com\/site\/wp-content\/uploads\/2018\/04\/DSC06846-c\u00f3pia.jpg 5512w, https:\/\/ubanews.com\/site\/wp-content\/uploads\/2018\/04\/DSC06846-c\u00f3pia-300x188.jpg 300w, https:\/\/ubanews.com\/site\/wp-content\/uploads\/2018\/04\/DSC06846-c\u00f3pia-768x480.jpg 768w, https:\/\/ubanews.com\/site\/wp-content\/uploads\/2018\/04\/DSC06846-c\u00f3pia-1024x640.jpg 1024w\" data-sizes=\"(max-width: 5512px) 100vw, 5512px\" src=\"data:image\/svg+xml;base64,PHN2ZyB3aWR0aD0iMSIgaGVpZ2h0PSIxIiB4bWxucz0iaHR0cDovL3d3dy53My5vcmcvMjAwMC9zdmciPjwvc3ZnPg==\" style=\"--smush-placeholder-width: 5512px; --smush-placeholder-aspect-ratio: 5512\/3447;\" \/> <img decoding=\"async\" class=\"alignnone size-full wp-image-2161 lazyload\" data-src=\"https:\/\/ubanews.com\/site\/wp-content\/uploads\/2018\/04\/DSC06847-c\u00f3pia.jpg\" alt=\"\" width=\"5512\" height=\"3447\" data-srcset=\"https:\/\/ubanews.com\/site\/wp-content\/uploads\/2018\/04\/DSC06847-c\u00f3pia.jpg 5512w, https:\/\/ubanews.com\/site\/wp-content\/uploads\/2018\/04\/DSC06847-c\u00f3pia-300x188.jpg 300w, https:\/\/ubanews.com\/site\/wp-content\/uploads\/2018\/04\/DSC06847-c\u00f3pia-768x480.jpg 768w, https:\/\/ubanews.com\/site\/wp-content\/uploads\/2018\/04\/DSC06847-c\u00f3pia-1024x640.jpg 1024w\" data-sizes=\"(max-width: 5512px) 100vw, 5512px\" src=\"data:image\/svg+xml;base64,PHN2ZyB3aWR0aD0iMSIgaGVpZ2h0PSIxIiB4bWxucz0iaHR0cDovL3d3dy53My5vcmcvMjAwMC9zdmciPjwvc3ZnPg==\" style=\"--smush-placeholder-width: 5512px; --smush-placeholder-aspect-ratio: 5512\/3447;\" \/> <img decoding=\"async\" class=\"alignnone size-full wp-image-2162 lazyload\" data-src=\"https:\/\/ubanews.com\/site\/wp-content\/uploads\/2018\/04\/DSC06848-c\u00f3pia.jpg\" alt=\"\" width=\"5512\" height=\"3447\" data-srcset=\"https:\/\/ubanews.com\/site\/wp-content\/uploads\/2018\/04\/DSC06848-c\u00f3pia.jpg 5512w, https:\/\/ubanews.com\/site\/wp-content\/uploads\/2018\/04\/DSC06848-c\u00f3pia-300x188.jpg 300w, https:\/\/ubanews.com\/site\/wp-content\/uploads\/2018\/04\/DSC06848-c\u00f3pia-768x480.jpg 768w, https:\/\/ubanews.com\/site\/wp-content\/uploads\/2018\/04\/DSC06848-c\u00f3pia-1024x640.jpg 1024w\" data-sizes=\"(max-width: 5512px) 100vw, 5512px\" src=\"data:image\/svg+xml;base64,PHN2ZyB3aWR0aD0iMSIgaGVpZ2h0PSIxIiB4bWxucz0iaHR0cDovL3d3dy53My5vcmcvMjAwMC9zdmciPjwvc3ZnPg==\" style=\"--smush-placeholder-width: 5512px; --smush-placeholder-aspect-ratio: 5512\/3447;\" \/> <img decoding=\"async\" class=\"alignnone size-full wp-image-2163 lazyload\" data-src=\"https:\/\/ubanews.com\/site\/wp-content\/uploads\/2018\/04\/DSC06849-c\u00f3pia.jpg\" alt=\"\" width=\"5512\" height=\"3447\" data-srcset=\"https:\/\/ubanews.com\/site\/wp-content\/uploads\/2018\/04\/DSC06849-c\u00f3pia.jpg 5512w, https:\/\/ubanews.com\/site\/wp-content\/uploads\/2018\/04\/DSC06849-c\u00f3pia-300x188.jpg 300w, https:\/\/ubanews.com\/site\/wp-content\/uploads\/2018\/04\/DSC06849-c\u00f3pia-768x480.jpg 768w, https:\/\/ubanews.com\/site\/wp-content\/uploads\/2018\/04\/DSC06849-c\u00f3pia-1024x640.jpg 1024w\" data-sizes=\"(max-width: 5512px) 100vw, 5512px\" src=\"data:image\/svg+xml;base64,PHN2ZyB3aWR0aD0iMSIgaGVpZ2h0PSIxIiB4bWxucz0iaHR0cDovL3d3dy53My5vcmcvMjAwMC9zdmciPjwvc3ZnPg==\" style=\"--smush-placeholder-width: 5512px; --smush-placeholder-aspect-ratio: 5512\/3447;\" \/> <img decoding=\"async\" class=\"alignnone size-full wp-image-2164 lazyload\" data-src=\"https:\/\/ubanews.com\/site\/wp-content\/uploads\/2018\/04\/DSC06851-c\u00f3pia.jpg\" alt=\"\" width=\"5512\" height=\"3447\" data-srcset=\"https:\/\/ubanews.com\/site\/wp-content\/uploads\/2018\/04\/DSC06851-c\u00f3pia.jpg 5512w, https:\/\/ubanews.com\/site\/wp-content\/uploads\/2018\/04\/DSC06851-c\u00f3pia-300x188.jpg 300w, https:\/\/ubanews.com\/site\/wp-content\/uploads\/2018\/04\/DSC06851-c\u00f3pia-768x480.jpg 768w, https:\/\/ubanews.com\/site\/wp-content\/uploads\/2018\/04\/DSC06851-c\u00f3pia-1024x640.jpg 1024w\" data-sizes=\"(max-width: 5512px) 100vw, 5512px\" src=\"data:image\/svg+xml;base64,PHN2ZyB3aWR0aD0iMSIgaGVpZ2h0PSIxIiB4bWxucz0iaHR0cDovL3d3dy53My5vcmcvMjAwMC9zdmciPjwvc3ZnPg==\" style=\"--smush-placeholder-width: 5512px; --smush-placeholder-aspect-ratio: 5512\/3447;\" \/> <img decoding=\"async\" class=\"alignnone size-full wp-image-2165 lazyload\" data-src=\"https:\/\/ubanews.com\/site\/wp-content\/uploads\/2018\/04\/DSC06852-c\u00f3pia.jpg\" alt=\"\" width=\"5512\" height=\"3447\" data-srcset=\"https:\/\/ubanews.com\/site\/wp-content\/uploads\/2018\/04\/DSC06852-c\u00f3pia.jpg 5512w, https:\/\/ubanews.com\/site\/wp-content\/uploads\/2018\/04\/DSC06852-c\u00f3pia-300x188.jpg 300w, https:\/\/ubanews.com\/site\/wp-content\/uploads\/2018\/04\/DSC06852-c\u00f3pia-768x480.jpg 768w, https:\/\/ubanews.com\/site\/wp-content\/uploads\/2018\/04\/DSC06852-c\u00f3pia-1024x640.jpg 1024w\" data-sizes=\"(max-width: 5512px) 100vw, 5512px\" src=\"data:image\/svg+xml;base64,PHN2ZyB3aWR0aD0iMSIgaGVpZ2h0PSIxIiB4bWxucz0iaHR0cDovL3d3dy53My5vcmcvMjAwMC9zdmciPjwvc3ZnPg==\" style=\"--smush-placeholder-width: 5512px; --smush-placeholder-aspect-ratio: 5512\/3447;\" \/> <img decoding=\"async\" class=\"alignnone size-full wp-image-2166 lazyload\" data-src=\"https:\/\/ubanews.com\/site\/wp-content\/uploads\/2018\/04\/DSC06854-c\u00f3pia.jpg\" alt=\"\" width=\"5512\" height=\"3447\" data-srcset=\"https:\/\/ubanews.com\/site\/wp-content\/uploads\/2018\/04\/DSC06854-c\u00f3pia.jpg 5512w, https:\/\/ubanews.com\/site\/wp-content\/uploads\/2018\/04\/DSC06854-c\u00f3pia-300x188.jpg 300w, https:\/\/ubanews.com\/site\/wp-content\/uploads\/2018\/04\/DSC06854-c\u00f3pia-768x480.jpg 768w, https:\/\/ubanews.com\/site\/wp-content\/uploads\/2018\/04\/DSC06854-c\u00f3pia-1024x640.jpg 1024w\" data-sizes=\"(max-width: 5512px) 100vw, 5512px\" src=\"data:image\/svg+xml;base64,PHN2ZyB3aWR0aD0iMSIgaGVpZ2h0PSIxIiB4bWxucz0iaHR0cDovL3d3dy53My5vcmcvMjAwMC9zdmciPjwvc3ZnPg==\" style=\"--smush-placeholder-width: 5512px; --smush-placeholder-aspect-ratio: 5512\/3447;\" \/> <img decoding=\"async\" class=\"alignnone size-full wp-image-2167 lazyload\" data-src=\"https:\/\/ubanews.com\/site\/wp-content\/uploads\/2018\/04\/DSC06855-c\u00f3pia.jpg\" alt=\"\" width=\"5512\" height=\"3447\" data-srcset=\"https:\/\/ubanews.com\/site\/wp-content\/uploads\/2018\/04\/DSC06855-c\u00f3pia.jpg 5512w, https:\/\/ubanews.com\/site\/wp-content\/uploads\/2018\/04\/DSC06855-c\u00f3pia-300x188.jpg 300w, https:\/\/ubanews.com\/site\/wp-content\/uploads\/2018\/04\/DSC06855-c\u00f3pia-768x480.jpg 768w, https:\/\/ubanews.com\/site\/wp-content\/uploads\/2018\/04\/DSC06855-c\u00f3pia-1024x640.jpg 1024w\" data-sizes=\"(max-width: 5512px) 100vw, 5512px\" src=\"data:image\/svg+xml;base64,PHN2ZyB3aWR0aD0iMSIgaGVpZ2h0PSIxIiB4bWxucz0iaHR0cDovL3d3dy53My5vcmcvMjAwMC9zdmciPjwvc3ZnPg==\" style=\"--smush-placeholder-width: 5512px; --smush-placeholder-aspect-ratio: 5512\/3447;\" \/> <img decoding=\"async\" class=\"alignnone size-full wp-image-2168 lazyload\" data-src=\"https:\/\/ubanews.com\/site\/wp-content\/uploads\/2018\/04\/DSC06856-c\u00f3pia.jpg\" alt=\"\" width=\"5512\" height=\"3447\" data-srcset=\"https:\/\/ubanews.com\/site\/wp-content\/uploads\/2018\/04\/DSC06856-c\u00f3pia.jpg 5512w, https:\/\/ubanews.com\/site\/wp-content\/uploads\/2018\/04\/DSC06856-c\u00f3pia-300x188.jpg 300w, https:\/\/ubanews.com\/site\/wp-content\/uploads\/2018\/04\/DSC06856-c\u00f3pia-768x480.jpg 768w, https:\/\/ubanews.com\/site\/wp-content\/uploads\/2018\/04\/DSC06856-c\u00f3pia-1024x640.jpg 1024w\" data-sizes=\"(max-width: 5512px) 100vw, 5512px\" src=\"data:image\/svg+xml;base64,PHN2ZyB3aWR0aD0iMSIgaGVpZ2h0PSIxIiB4bWxucz0iaHR0cDovL3d3dy53My5vcmcvMjAwMC9zdmciPjwvc3ZnPg==\" style=\"--smush-placeholder-width: 5512px; --smush-placeholder-aspect-ratio: 5512\/3447;\" \/> <img decoding=\"async\" class=\"alignnone size-full wp-image-2169 lazyload\" data-src=\"https:\/\/ubanews.com\/site\/wp-content\/uploads\/2018\/04\/DSC06858-c\u00f3pia.jpg\" alt=\"\" width=\"5512\" height=\"3447\" data-srcset=\"https:\/\/ubanews.com\/site\/wp-content\/uploads\/2018\/04\/DSC06858-c\u00f3pia.jpg 5512w, https:\/\/ubanews.com\/site\/wp-content\/uploads\/2018\/04\/DSC06858-c\u00f3pia-300x188.jpg 300w, https:\/\/ubanews.com\/site\/wp-content\/uploads\/2018\/04\/DSC06858-c\u00f3pia-768x480.jpg 768w, https:\/\/ubanews.com\/site\/wp-content\/uploads\/2018\/04\/DSC06858-c\u00f3pia-1024x640.jpg 1024w\" data-sizes=\"(max-width: 5512px) 100vw, 5512px\" src=\"data:image\/svg+xml;base64,PHN2ZyB3aWR0aD0iMSIgaGVpZ2h0PSIxIiB4bWxucz0iaHR0cDovL3d3dy53My5vcmcvMjAwMC9zdmciPjwvc3ZnPg==\" style=\"--smush-placeholder-width: 5512px; --smush-placeholder-aspect-ratio: 5512\/3447;\" \/> <img decoding=\"async\" class=\"alignnone size-full wp-image-2170 lazyload\" data-src=\"https:\/\/ubanews.com\/site\/wp-content\/uploads\/2018\/04\/DSC06859-c\u00f3pia.jpg\" alt=\"\" width=\"5512\" height=\"3447\" data-srcset=\"https:\/\/ubanews.com\/site\/wp-content\/uploads\/2018\/04\/DSC06859-c\u00f3pia.jpg 5512w, https:\/\/ubanews.com\/site\/wp-content\/uploads\/2018\/04\/DSC06859-c\u00f3pia-300x188.jpg 300w, https:\/\/ubanews.com\/site\/wp-content\/uploads\/2018\/04\/DSC06859-c\u00f3pia-768x480.jpg 768w, https:\/\/ubanews.com\/site\/wp-content\/uploads\/2018\/04\/DSC06859-c\u00f3pia-1024x640.jpg 1024w\" data-sizes=\"(max-width: 5512px) 100vw, 5512px\" src=\"data:image\/svg+xml;base64,PHN2ZyB3aWR0aD0iMSIgaGVpZ2h0PSIxIiB4bWxucz0iaHR0cDovL3d3dy53My5vcmcvMjAwMC9zdmciPjwvc3ZnPg==\" style=\"--smush-placeholder-width: 5512px; --smush-placeholder-aspect-ratio: 5512\/3447;\" \/> <img decoding=\"async\" class=\"alignnone size-full wp-image-2171 lazyload\" data-src=\"https:\/\/ubanews.com\/site\/wp-content\/uploads\/2018\/04\/DSC06860-c\u00f3pia.jpg\" alt=\"\" width=\"5512\" height=\"3447\" data-srcset=\"https:\/\/ubanews.com\/site\/wp-content\/uploads\/2018\/04\/DSC06860-c\u00f3pia.jpg 5512w, https:\/\/ubanews.com\/site\/wp-content\/uploads\/2018\/04\/DSC06860-c\u00f3pia-300x188.jpg 300w, https:\/\/ubanews.com\/site\/wp-content\/uploads\/2018\/04\/DSC06860-c\u00f3pia-768x480.jpg 768w, https:\/\/ubanews.com\/site\/wp-content\/uploads\/2018\/04\/DSC06860-c\u00f3pia-1024x640.jpg 1024w\" data-sizes=\"(max-width: 5512px) 100vw, 5512px\" src=\"data:image\/svg+xml;base64,PHN2ZyB3aWR0aD0iMSIgaGVpZ2h0PSIxIiB4bWxucz0iaHR0cDovL3d3dy53My5vcmcvMjAwMC9zdmciPjwvc3ZnPg==\" style=\"--smush-placeholder-width: 5512px; --smush-placeholder-aspect-ratio: 5512\/3447;\" \/> <img decoding=\"async\" class=\"alignnone size-full wp-image-2172 lazyload\" data-src=\"https:\/\/ubanews.com\/site\/wp-content\/uploads\/2018\/04\/DSC06862-c\u00f3pia.jpg\" alt=\"\" width=\"5512\" height=\"3447\" data-srcset=\"https:\/\/ubanews.com\/site\/wp-content\/uploads\/2018\/04\/DSC06862-c\u00f3pia.jpg 5512w, https:\/\/ubanews.com\/site\/wp-content\/uploads\/2018\/04\/DSC06862-c\u00f3pia-300x188.jpg 300w, https:\/\/ubanews.com\/site\/wp-content\/uploads\/2018\/04\/DSC06862-c\u00f3pia-768x480.jpg 768w, https:\/\/ubanews.com\/site\/wp-content\/uploads\/2018\/04\/DSC06862-c\u00f3pia-1024x640.jpg 1024w\" data-sizes=\"(max-width: 5512px) 100vw, 5512px\" src=\"data:image\/svg+xml;base64,PHN2ZyB3aWR0aD0iMSIgaGVpZ2h0PSIxIiB4bWxucz0iaHR0cDovL3d3dy53My5vcmcvMjAwMC9zdmciPjwvc3ZnPg==\" style=\"--smush-placeholder-width: 5512px; --smush-placeholder-aspect-ratio: 5512\/3447;\" \/><\/p>\n<p>Primeiro evento beneficente Amigos de Jorge em prol ao Patronato S\u00e3o Jos\u00e9 est\u00e1 confirmado para o dia 28 de abril, na Vila Sertaneja, a partir das 14h. Um para mais de seiscentas pessoas. Voc\u00ea paga R$ 50,00 (cinquenta reais) e desfruta de boa m\u00fasica com um repert\u00f3rio escolhido para atender todas as idades, feijoada e chopp.<\/p>\n<p>E neste s\u00e1bado (14) os organizadores Alexandre Eva e Arnaldo Cordeiro trouxeram todas as atra\u00e7\u00f5es para a mais tradicional Pra\u00e7a da cidade, Guido Marli\u00e9re! Primeiro evento beneficente Amigos de Jorge! O p\u00fablico aproveitou at\u00e9 o final. Dia 28 \u00e9 no Vila Sertaneja! A festa vai ficar bonita com sua participa\u00e7\u00e3o! Abad\u00e1s \u00e0 venda na Loja Wembley, Sal\u00e3o do Escuro, Eletro Mania Celulares e Lanchonete Boca Loka! Toda renda vai para o Patronato S\u00e3o Jos\u00e9!<\/p>\n","protected":false},"excerpt":{"rendered":"<p>Primeiro evento beneficente Amigos de Jorge em prol ao Patronato<\/p>\n","protected":false},"author":2,"featured_media":2157,"comment_status":"open","ping_status":"open","sticky":false,"template":"","format":"standard","meta":{"footnotes":""},"categories":[1],"tags":[],"class_list":["post-2155","post","type-post","status-publish","format-standard","has-post-thumbnail","hentry","category-sem-categoria"],"yoast_head":"<!-- This site is optimized with the Yoast SEO plugin v27.2 - https:\/\/yoast.com\/product\/yoast-seo-wordpress\/ -->\n<title>Contagem regressiva para o maior evento beneficente em prol ao Patronato S\u00e3o Jos\u00e9 - Ub\u00e1 News<\/title>\n<meta name=\"robots\" content=\"index, follow, max-snippet:-1, max-image-preview:large, max-video-preview:-1\" \/>\n<link rel=\"canonical\" href=\"https:\/\/ubanews.com\/site\/2018\/04\/15\/contagem-regressiva-para-o-maior-evento-beneficente-em-prol-ao-patronato-sao-jose\/\" \/>\n<meta property=\"og:locale\" content=\"pt_BR\" \/>\n<meta property=\"og:type\" content=\"article\" \/>\n<meta property=\"og:title\" content=\"Contagem regressiva para o maior evento beneficente em prol ao Patronato S\u00e3o Jos\u00e9 - Ub\u00e1 News\" \/>\n<meta property=\"og:description\" content=\"Primeiro evento beneficente Amigos de Jorge em prol ao Patronato\" \/>\n<meta property=\"og:url\" content=\"https:\/\/ubanews.com\/site\/2018\/04\/15\/contagem-regressiva-para-o-maior-evento-beneficente-em-prol-ao-patronato-sao-jose\/\" \/>\n<meta property=\"og:site_name\" content=\"Ub\u00e1 News\" \/>\n<meta property=\"article:publisher\" content=\"https:\/\/www.facebook.com\/Ub%c3%a1News-Carlos-Roberto-Sodr%c3%a9-418778301977370\" \/>\n<meta property=\"article:author\" content=\"https:\/\/www.facebook.com\/carosroberto.sodre.5\/\" \/>\n<meta property=\"article:published_time\" content=\"2018-04-15T06:00:47+00:00\" \/>\n<meta property=\"article:modified_time\" content=\"2018-04-25T17:49:12+00:00\" \/>\n<meta property=\"og:image\" content=\"https:\/\/ubanews.com\/site\/wp-content\/uploads\/2018\/04\/DSC06871-c\u00f3pia.jpg\" \/>\n\t<meta property=\"og:image:width\" content=\"5512\" \/>\n\t<meta property=\"og:image:height\" content=\"3447\" \/>\n\t<meta property=\"og:image:type\" content=\"image\/jpeg\" \/>\n<meta name=\"author\" content=\"Sodr\u00e9\" \/>\n<meta name=\"twitter:card\" content=\"summary_large_image\" \/>\n<meta name=\"twitter:label1\" content=\"Escrito por\" \/>\n\t<meta name=\"twitter:data1\" content=\"Sodr\u00e9\" \/>\n\t<meta name=\"twitter:label2\" content=\"Est. tempo de leitura\" \/>\n\t<meta name=\"twitter:data2\" content=\"1 minuto\" \/>\n<script type=\"application\/ld+json\" class=\"yoast-schema-graph\">{\"@context\":\"https:\/\/schema.org\",\"@graph\":[{\"@type\":\"Article\",\"@id\":\"https:\/\/ubanews.com\/site\/2018\/04\/15\/contagem-regressiva-para-o-maior-evento-beneficente-em-prol-ao-patronato-sao-jose\/#article\",\"isPartOf\":{\"@id\":\"https:\/\/ubanews.com\/site\/2018\/04\/15\/contagem-regressiva-para-o-maior-evento-beneficente-em-prol-ao-patronato-sao-jose\/\"},\"author\":{\"name\":\"Sodr\u00e9\",\"@id\":\"https:\/\/ubanews.com\/site\/#\/schema\/person\/d90c9e47252fbb63dcc969fe4c8b9d10\"},\"headline\":\"Contagem regressiva para o maior evento beneficente em prol ao Patronato S\u00e3o Jos\u00e9\",\"datePublished\":\"2018-04-15T06:00:47+00:00\",\"dateModified\":\"2018-04-25T17:49:12+00:00\",\"mainEntityOfPage\":{\"@id\":\"https:\/\/ubanews.com\/site\/2018\/04\/15\/contagem-regressiva-para-o-maior-evento-beneficente-em-prol-ao-patronato-sao-jose\/\"},\"wordCount\":150,\"commentCount\":1,\"publisher\":{\"@id\":\"https:\/\/ubanews.com\/site\/#organization\"},\"image\":{\"@id\":\"https:\/\/ubanews.com\/site\/2018\/04\/15\/contagem-regressiva-para-o-maior-evento-beneficente-em-prol-ao-patronato-sao-jose\/#primaryimage\"},\"thumbnailUrl\":\"https:\/\/ubanews.com\/site\/wp-content\/uploads\/2018\/04\/DSC06871-c\u00f3pia.jpg\",\"articleSection\":[\"Geral\"],\"inLanguage\":\"pt-BR\",\"potentialAction\":[{\"@type\":\"CommentAction\",\"name\":\"Comment\",\"target\":[\"https:\/\/ubanews.com\/site\/2018\/04\/15\/contagem-regressiva-para-o-maior-evento-beneficente-em-prol-ao-patronato-sao-jose\/#respond\"]}]},{\"@type\":\"WebPage\",\"@id\":\"https:\/\/ubanews.com\/site\/2018\/04\/15\/contagem-regressiva-para-o-maior-evento-beneficente-em-prol-ao-patronato-sao-jose\/\",\"url\":\"https:\/\/ubanews.com\/site\/2018\/04\/15\/contagem-regressiva-para-o-maior-evento-beneficente-em-prol-ao-patronato-sao-jose\/\",\"name\":\"Contagem regressiva para o maior evento beneficente em prol ao Patronato S\u00e3o Jos\u00e9 - Ub\u00e1 News\",\"isPartOf\":{\"@id\":\"https:\/\/ubanews.com\/site\/#website\"},\"primaryImageOfPage\":{\"@id\":\"https:\/\/ubanews.com\/site\/2018\/04\/15\/contagem-regressiva-para-o-maior-evento-beneficente-em-prol-ao-patronato-sao-jose\/#primaryimage\"},\"image\":{\"@id\":\"https:\/\/ubanews.com\/site\/2018\/04\/15\/contagem-regressiva-para-o-maior-evento-beneficente-em-prol-ao-patronato-sao-jose\/#primaryimage\"},\"thumbnailUrl\":\"https:\/\/ubanews.com\/site\/wp-content\/uploads\/2018\/04\/DSC06871-c\u00f3pia.jpg\",\"datePublished\":\"2018-04-15T06:00:47+00:00\",\"dateModified\":\"2018-04-25T17:49:12+00:00\",\"breadcrumb\":{\"@id\":\"https:\/\/ubanews.com\/site\/2018\/04\/15\/contagem-regressiva-para-o-maior-evento-beneficente-em-prol-ao-patronato-sao-jose\/#breadcrumb\"},\"inLanguage\":\"pt-BR\",\"potentialAction\":[{\"@type\":\"ReadAction\",\"target\":[\"https:\/\/ubanews.com\/site\/2018\/04\/15\/contagem-regressiva-para-o-maior-evento-beneficente-em-prol-ao-patronato-sao-jose\/\"]}]},{\"@type\":\"ImageObject\",\"inLanguage\":\"pt-BR\",\"@id\":\"https:\/\/ubanews.com\/site\/2018\/04\/15\/contagem-regressiva-para-o-maior-evento-beneficente-em-prol-ao-patronato-sao-jose\/#primaryimage\",\"url\":\"https:\/\/ubanews.com\/site\/wp-content\/uploads\/2018\/04\/DSC06871-c\u00f3pia.jpg\",\"contentUrl\":\"https:\/\/ubanews.com\/site\/wp-content\/uploads\/2018\/04\/DSC06871-c\u00f3pia.jpg\",\"width\":5512,\"height\":3447},{\"@type\":\"BreadcrumbList\",\"@id\":\"https:\/\/ubanews.com\/site\/2018\/04\/15\/contagem-regressiva-para-o-maior-evento-beneficente-em-prol-ao-patronato-sao-jose\/#breadcrumb\",\"itemListElement\":[{\"@type\":\"ListItem\",\"position\":1,\"name\":\"Home\",\"item\":\"https:\/\/ubanews.com\/site\/\"},{\"@type\":\"ListItem\",\"position\":2,\"name\":\"Contagem regressiva para o maior evento beneficente em prol ao Patronato S\u00e3o Jos\u00e9\"}]},{\"@type\":\"WebSite\",\"@id\":\"https:\/\/ubanews.com\/site\/#website\",\"url\":\"https:\/\/ubanews.com\/site\/\",\"name\":\"Ub\u00e1 News\",\"description\":\"\",\"publisher\":{\"@id\":\"https:\/\/ubanews.com\/site\/#organization\"},\"potentialAction\":[{\"@type\":\"SearchAction\",\"target\":{\"@type\":\"EntryPoint\",\"urlTemplate\":\"https:\/\/ubanews.com\/site\/?s={search_term_string}\"},\"query-input\":{\"@type\":\"PropertyValueSpecification\",\"valueRequired\":true,\"valueName\":\"search_term_string\"}}],\"inLanguage\":\"pt-BR\"},{\"@type\":\"Organization\",\"@id\":\"https:\/\/ubanews.com\/site\/#organization\",\"name\":\"Ub\u00e1 News\",\"url\":\"https:\/\/ubanews.com\/site\/\",\"logo\":{\"@type\":\"ImageObject\",\"inLanguage\":\"pt-BR\",\"@id\":\"https:\/\/ubanews.com\/site\/#\/schema\/logo\/image\/\",\"url\":\"https:\/\/ubanews.com\/site\/wp-content\/uploads\/2018\/01\/logoubanews.png\",\"contentUrl\":\"https:\/\/ubanews.com\/site\/wp-content\/uploads\/2018\/01\/logoubanews.png\",\"width\":261,\"height\":99,\"caption\":\"Ub\u00e1 News\"},\"image\":{\"@id\":\"https:\/\/ubanews.com\/site\/#\/schema\/logo\/image\/\"},\"sameAs\":[\"https:\/\/www.facebook.com\/Ub\u00e1News-Carlos-Roberto-Sodr\u00e9-418778301977370\"]},{\"@type\":\"Person\",\"@id\":\"https:\/\/ubanews.com\/site\/#\/schema\/person\/d90c9e47252fbb63dcc969fe4c8b9d10\",\"name\":\"Sodr\u00e9\",\"image\":{\"@type\":\"ImageObject\",\"inLanguage\":\"pt-BR\",\"@id\":\"https:\/\/secure.gravatar.com\/avatar\/5ba2793f0590b9dbfad3fdec4ee714485b3eef211c9b32ee53d414060454a56c?s=96&d=mm&r=g\",\"url\":\"https:\/\/secure.gravatar.com\/avatar\/5ba2793f0590b9dbfad3fdec4ee714485b3eef211c9b32ee53d414060454a56c?s=96&d=mm&r=g\",\"contentUrl\":\"https:\/\/secure.gravatar.com\/avatar\/5ba2793f0590b9dbfad3fdec4ee714485b3eef211c9b32ee53d414060454a56c?s=96&d=mm&r=g\",\"caption\":\"Sodr\u00e9\"},\"sameAs\":[\"https:\/\/www.facebook.com\/carosroberto.sodre.5\/\"],\"url\":\"https:\/\/ubanews.com\/site\/author\/felipe\/\"}]}<\/script>\n<!-- \/ Yoast SEO plugin. -->","yoast_head_json":{"title":"Contagem regressiva para o maior evento beneficente em prol ao Patronato S\u00e3o Jos\u00e9 - Ub\u00e1 News","robots":{"index":"index","follow":"follow","max-snippet":"max-snippet:-1","max-image-preview":"max-image-preview:large","max-video-preview":"max-video-preview:-1"},"canonical":"https:\/\/ubanews.com\/site\/2018\/04\/15\/contagem-regressiva-para-o-maior-evento-beneficente-em-prol-ao-patronato-sao-jose\/","og_locale":"pt_BR","og_type":"article","og_title":"Contagem regressiva para o maior evento beneficente em prol ao Patronato S\u00e3o Jos\u00e9 - Ub\u00e1 News","og_description":"Primeiro evento beneficente Amigos de Jorge em prol ao Patronato","og_url":"https:\/\/ubanews.com\/site\/2018\/04\/15\/contagem-regressiva-para-o-maior-evento-beneficente-em-prol-ao-patronato-sao-jose\/","og_site_name":"Ub\u00e1 News","article_publisher":"https:\/\/www.facebook.com\/Ub%c3%a1News-Carlos-Roberto-Sodr%c3%a9-418778301977370","article_author":"https:\/\/www.facebook.com\/carosroberto.sodre.5\/","article_published_time":"2018-04-15T06:00:47+00:00","article_modified_time":"2018-04-25T17:49:12+00:00","og_image":[{"width":5512,"height":3447,"url":"https:\/\/ubanews.com\/site\/wp-content\/uploads\/2018\/04\/DSC06871-c\u00f3pia.jpg","type":"image\/jpeg"}],"author":"Sodr\u00e9","twitter_card":"summary_large_image","twitter_misc":{"Escrito por":"Sodr\u00e9","Est. tempo de leitura":"1 minuto"},"schema":{"@context":"https:\/\/schema.org","@graph":[{"@type":"Article","@id":"https:\/\/ubanews.com\/site\/2018\/04\/15\/contagem-regressiva-para-o-maior-evento-beneficente-em-prol-ao-patronato-sao-jose\/#article","isPartOf":{"@id":"https:\/\/ubanews.com\/site\/2018\/04\/15\/contagem-regressiva-para-o-maior-evento-beneficente-em-prol-ao-patronato-sao-jose\/"},"author":{"name":"Sodr\u00e9","@id":"https:\/\/ubanews.com\/site\/#\/schema\/person\/d90c9e47252fbb63dcc969fe4c8b9d10"},"headline":"Contagem regressiva para o maior evento beneficente em prol ao Patronato S\u00e3o Jos\u00e9","datePublished":"2018-04-15T06:00:47+00:00","dateModified":"2018-04-25T17:49:12+00:00","mainEntityOfPage":{"@id":"https:\/\/ubanews.com\/site\/2018\/04\/15\/contagem-regressiva-para-o-maior-evento-beneficente-em-prol-ao-patronato-sao-jose\/"},"wordCount":150,"commentCount":1,"publisher":{"@id":"https:\/\/ubanews.com\/site\/#organization"},"image":{"@id":"https:\/\/ubanews.com\/site\/2018\/04\/15\/contagem-regressiva-para-o-maior-evento-beneficente-em-prol-ao-patronato-sao-jose\/#primaryimage"},"thumbnailUrl":"https:\/\/ubanews.com\/site\/wp-content\/uploads\/2018\/04\/DSC06871-c\u00f3pia.jpg","articleSection":["Geral"],"inLanguage":"pt-BR","potentialAction":[{"@type":"CommentAction","name":"Comment","target":["https:\/\/ubanews.com\/site\/2018\/04\/15\/contagem-regressiva-para-o-maior-evento-beneficente-em-prol-ao-patronato-sao-jose\/#respond"]}]},{"@type":"WebPage","@id":"https:\/\/ubanews.com\/site\/2018\/04\/15\/contagem-regressiva-para-o-maior-evento-beneficente-em-prol-ao-patronato-sao-jose\/","url":"https:\/\/ubanews.com\/site\/2018\/04\/15\/contagem-regressiva-para-o-maior-evento-beneficente-em-prol-ao-patronato-sao-jose\/","name":"Contagem regressiva para o maior evento beneficente em prol ao Patronato S\u00e3o Jos\u00e9 - Ub\u00e1 News","isPartOf":{"@id":"https:\/\/ubanews.com\/site\/#website"},"primaryImageOfPage":{"@id":"https:\/\/ubanews.com\/site\/2018\/04\/15\/contagem-regressiva-para-o-maior-evento-beneficente-em-prol-ao-patronato-sao-jose\/#primaryimage"},"image":{"@id":"https:\/\/ubanews.com\/site\/2018\/04\/15\/contagem-regressiva-para-o-maior-evento-beneficente-em-prol-ao-patronato-sao-jose\/#primaryimage"},"thumbnailUrl":"https:\/\/ubanews.com\/site\/wp-content\/uploads\/2018\/04\/DSC06871-c\u00f3pia.jpg","datePublished":"2018-04-15T06:00:47+00:00","dateModified":"2018-04-25T17:49:12+00:00","breadcrumb":{"@id":"https:\/\/ubanews.com\/site\/2018\/04\/15\/contagem-regressiva-para-o-maior-evento-beneficente-em-prol-ao-patronato-sao-jose\/#breadcrumb"},"inLanguage":"pt-BR","potentialAction":[{"@type":"ReadAction","target":["https:\/\/ubanews.com\/site\/2018\/04\/15\/contagem-regressiva-para-o-maior-evento-beneficente-em-prol-ao-patronato-sao-jose\/"]}]},{"@type":"ImageObject","inLanguage":"pt-BR","@id":"https:\/\/ubanews.com\/site\/2018\/04\/15\/contagem-regressiva-para-o-maior-evento-beneficente-em-prol-ao-patronato-sao-jose\/#primaryimage","url":"https:\/\/ubanews.com\/site\/wp-content\/uploads\/2018\/04\/DSC06871-c\u00f3pia.jpg","contentUrl":"https:\/\/ubanews.com\/site\/wp-content\/uploads\/2018\/04\/DSC06871-c\u00f3pia.jpg","width":5512,"height":3447},{"@type":"BreadcrumbList","@id":"https:\/\/ubanews.com\/site\/2018\/04\/15\/contagem-regressiva-para-o-maior-evento-beneficente-em-prol-ao-patronato-sao-jose\/#breadcrumb","itemListElement":[{"@type":"ListItem","position":1,"name":"Home","item":"https:\/\/ubanews.com\/site\/"},{"@type":"ListItem","position":2,"name":"Contagem regressiva para o maior evento beneficente em prol ao Patronato S\u00e3o Jos\u00e9"}]},{"@type":"WebSite","@id":"https:\/\/ubanews.com\/site\/#website","url":"https:\/\/ubanews.com\/site\/","name":"Ub\u00e1 News","description":"","publisher":{"@id":"https:\/\/ubanews.com\/site\/#organization"},"potentialAction":[{"@type":"SearchAction","target":{"@type":"EntryPoint","urlTemplate":"https:\/\/ubanews.com\/site\/?s={search_term_string}"},"query-input":{"@type":"PropertyValueSpecification","valueRequired":true,"valueName":"search_term_string"}}],"inLanguage":"pt-BR"},{"@type":"Organization","@id":"https:\/\/ubanews.com\/site\/#organization","name":"Ub\u00e1 News","url":"https:\/\/ubanews.com\/site\/","logo":{"@type":"ImageObject","inLanguage":"pt-BR","@id":"https:\/\/ubanews.com\/site\/#\/schema\/logo\/image\/","url":"https:\/\/ubanews.com\/site\/wp-content\/uploads\/2018\/01\/logoubanews.png","contentUrl":"https:\/\/ubanews.com\/site\/wp-content\/uploads\/2018\/01\/logoubanews.png","width":261,"height":99,"caption":"Ub\u00e1 News"},"image":{"@id":"https:\/\/ubanews.com\/site\/#\/schema\/logo\/image\/"},"sameAs":["https:\/\/www.facebook.com\/Ub\u00e1News-Carlos-Roberto-Sodr\u00e9-418778301977370"]},{"@type":"Person","@id":"https:\/\/ubanews.com\/site\/#\/schema\/person\/d90c9e47252fbb63dcc969fe4c8b9d10","name":"Sodr\u00e9","image":{"@type":"ImageObject","inLanguage":"pt-BR","@id":"https:\/\/secure.gravatar.com\/avatar\/5ba2793f0590b9dbfad3fdec4ee714485b3eef211c9b32ee53d414060454a56c?s=96&d=mm&r=g","url":"https:\/\/secure.gravatar.com\/avatar\/5ba2793f0590b9dbfad3fdec4ee714485b3eef211c9b32ee53d414060454a56c?s=96&d=mm&r=g","contentUrl":"https:\/\/secure.gravatar.com\/avatar\/5ba2793f0590b9dbfad3fdec4ee714485b3eef211c9b32ee53d414060454a56c?s=96&d=mm&r=g","caption":"Sodr\u00e9"},"sameAs":["https:\/\/www.facebook.com\/carosroberto.sodre.5\/"],"url":"https:\/\/ubanews.com\/site\/author\/felipe\/"}]}},"_links":{"self":[{"href":"https:\/\/ubanews.com\/site\/wp-json\/wp\/v2\/posts\/2155","targetHints":{"allow":["GET"]}}],"collection":[{"href":"https:\/\/ubanews.com\/site\/wp-json\/wp\/v2\/posts"}],"about":[{"href":"https:\/\/ubanews.com\/site\/wp-json\/wp\/v2\/types\/post"}],"author":[{"embeddable":true,"href":"https:\/\/ubanews.com\/site\/wp-json\/wp\/v2\/users\/2"}],"replies":[{"embeddable":true,"href":"https:\/\/ubanews.com\/site\/wp-json\/wp\/v2\/comments?post=2155"}],"version-history":[{"count":0,"href":"https:\/\/ubanews.com\/site\/wp-json\/wp\/v2\/posts\/2155\/revisions"}],"wp:featuredmedia":[{"embeddable":true,"href":"https:\/\/ubanews.com\/site\/wp-json\/wp\/v2\/media\/2157"}],"wp:attachment":[{"href":"https:\/\/ubanews.com\/site\/wp-json\/wp\/v2\/media?parent=2155"}],"wp:term":[{"taxonomy":"category","embeddable":true,"href":"https:\/\/ubanews.com\/site\/wp-json\/wp\/v2\/categories?post=2155"},{"taxonomy":"post_tag","embeddable":true,"href":"https:\/\/ubanews.com\/site\/wp-json\/wp\/v2\/tags?post=2155"}],"curies":[{"name":"wp","href":"https:\/\/api.w.org\/{rel}","templated":true}]}}