{"id":21527,"date":"2023-01-24T17:00:18","date_gmt":"2023-01-24T20:00:18","guid":{"rendered":"http:\/\/ubanews.com\/site\/?p=21527"},"modified":"2023-02-07T19:24:55","modified_gmt":"2023-02-07T22:24:55","slug":"prefeitura-entrega-veiculos-adquiridos-atraves-de-emenda-parlamentar","status":"publish","type":"post","link":"https:\/\/ubanews.com\/site\/2023\/01\/24\/prefeitura-entrega-veiculos-adquiridos-atraves-de-emenda-parlamentar\/","title":{"rendered":"Prefeitura entrega ve\u00edculos adquiridos atrav\u00e9s de emenda parlamentar"},"content":{"rendered":"<p style=\"font-weight: 400;\"><em>Motocicletas ser\u00e3o utilizadas pela equipe de Fiscaliza\u00e7\u00e3o do Procon\/Ub\u00e1<\/em><\/p>\n<p style=\"font-weight: 400;\">Na manh\u00e3 desta quinta-feira (19), a Prefeitura realizou a entrega de duas motocicletas 0KM que ser\u00e3o utilizadas pela equipe de Fiscaliza\u00e7\u00e3o do Procon\/Ub\u00e1. A cerim\u00f4nia informal para a entrega aconteceu na Pra\u00e7a S\u00e3o Janu\u00e1rio e contou com a presen\u00e7a do Prefeito Edson Teixeira Filho e da Secret\u00e1ria Executiva do Procon\/Ub\u00e1, Luiza Moreira Campos.<\/p>\n<p style=\"font-weight: 400;\">&#8220;O Procon \u00e9 um \u00f3rg\u00e3o de defesa do consumidor e tem que estar presente, independente de den\u00fancias. Com certeza, essas motos v\u00e3o proporcionar mais agilidade \u00e0s equipes que poder\u00e3o fazer um trabalho preventivo ainda mais eficiente, analisando de um modo geral o que est\u00e1 acontecendo nos com\u00e9rcios e servi\u00e7os. O que a gente espera \u00e9 que esse acr\u00e9scimo de equipamentos propicie um melhor servi\u00e7o do Procon em Ub\u00e1.&nbsp; O recurso para aquisi\u00e7\u00e3o das motos foi proveniente de emenda impositiva dos vereadores. Isso \u00e9 muito importante porque vemos um recurso da Prefeitura retornando para o munic\u00edpio para equipar um servi\u00e7o que \u00e9 essencial&#8221;, afirmou o Prefeito Edson Teixeira Filho.<\/p>\n<p style=\"font-weight: 400;\">Para Luiza, os novos ve\u00edculos v\u00e3o permitir que o Procon se torne ainda mais atuante. &#8220;As motos ser\u00e3o de extrema valia ao Procon\/Ub\u00e1. Elas ser\u00e3o uma ferramenta facilitadora nas a\u00e7\u00f5es de fiscaliza\u00e7\u00e3o e de monitoramento dos fornecedores, contribuindo para a preven\u00e7\u00e3o de toda e qualquer a\u00e7\u00e3o danosa aos consumidores&#8221;, disse.<\/p>\n<p style=\"font-weight: 400;\">Os novos ve\u00edculos foram adquiridos pela Prefeitura de Ub\u00e1 atrav\u00e9s de recursos de emenda impositiva do vereador Jos\u00e9 Damato, no valor de R$ 32.980,00.<\/p>\n<p style=\"font-weight: 400;\">Assessoria de Comunica\u00e7\u00e3o<br \/>\nPrefeitura de Ub\u00e1<\/p>\n<p><a href=\"https:\/\/ubanews.com\/site\/wp-content\/uploads\/2023\/01\/WhatsApp-Image-2023-01-19-at-16.10.05.jpeg\"><img loading=\"lazy\" decoding=\"async\" class=\"aligncenter size-full wp-image-21528\" src=\"https:\/\/ubanews.com\/site\/wp-content\/uploads\/2023\/01\/WhatsApp-Image-2023-01-19-at-16.10.05.jpeg\" alt=\"\" width=\"1200\" height=\"1600\" srcset=\"https:\/\/ubanews.com\/site\/wp-content\/uploads\/2023\/01\/WhatsApp-Image-2023-01-19-at-16.10.05.jpeg 1200w, https:\/\/ubanews.com\/site\/wp-content\/uploads\/2023\/01\/WhatsApp-Image-2023-01-19-at-16.10.05-225x300.jpeg 225w, https:\/\/ubanews.com\/site\/wp-content\/uploads\/2023\/01\/WhatsApp-Image-2023-01-19-at-16.10.05-768x1024.jpeg 768w, https:\/\/ubanews.com\/site\/wp-content\/uploads\/2023\/01\/WhatsApp-Image-2023-01-19-at-16.10.05-1152x1536.jpeg 1152w\" sizes=\"auto, (max-width: 1200px) 100vw, 1200px\" \/><\/a><\/p>\n","protected":false},"excerpt":{"rendered":"<p>Motocicletas ser\u00e3o utilizadas pela equipe de Fiscaliza\u00e7\u00e3o do Procon\/Ub\u00e1 Na<\/p>\n","protected":false},"author":2,"featured_media":21529,"comment_status":"open","ping_status":"open","sticky":false,"template":"","format":"standard","meta":{"footnotes":""},"categories":[45,1,15,3],"tags":[],"class_list":["post-21527","post","type-post","status-publish","format-standard","has-post-thumbnail","hentry","category-destaque-principal","category-sem-categoria","category-prefeitura-municipal","category-slide"],"_links":{"self":[{"href":"https:\/\/ubanews.com\/site\/wp-json\/wp\/v2\/posts\/21527","targetHints":{"allow":["GET"]}}],"collection":[{"href":"https:\/\/ubanews.com\/site\/wp-json\/wp\/v2\/posts"}],"about":[{"href":"https:\/\/ubanews.com\/site\/wp-json\/wp\/v2\/types\/post"}],"author":[{"embeddable":true,"href":"https:\/\/ubanews.com\/site\/wp-json\/wp\/v2\/users\/2"}],"replies":[{"embeddable":true,"href":"https:\/\/ubanews.com\/site\/wp-json\/wp\/v2\/comments?post=21527"}],"version-history":[{"count":0,"href":"https:\/\/ubanews.com\/site\/wp-json\/wp\/v2\/posts\/21527\/revisions"}],"wp:featuredmedia":[{"embeddable":true,"href":"https:\/\/ubanews.com\/site\/wp-json\/wp\/v2\/media\/21529"}],"wp:attachment":[{"href":"https:\/\/ubanews.com\/site\/wp-json\/wp\/v2\/media?parent=21527"}],"wp:term":[{"taxonomy":"category","embeddable":true,"href":"https:\/\/ubanews.com\/site\/wp-json\/wp\/v2\/categories?post=21527"},{"taxonomy":"post_tag","embeddable":true,"href":"https:\/\/ubanews.com\/site\/wp-json\/wp\/v2\/tags?post=21527"}],"curies":[{"name":"wp","href":"https:\/\/api.w.org\/{rel}","templated":true}]}}