{"id":21520,"date":"2023-01-18T10:50:02","date_gmt":"2023-01-18T13:50:02","guid":{"rendered":"http:\/\/ubanews.com\/site\/?p=21520"},"modified":"2023-01-18T12:17:20","modified_gmt":"2023-01-18T15:17:20","slug":"uba-e-governo-de-minas-realizam-evento-visando-atracao-de-investimentos","status":"publish","type":"post","link":"https:\/\/ubanews.com\/site\/2023\/01\/18\/uba-e-governo-de-minas-realizam-evento-visando-atracao-de-investimentos\/","title":{"rendered":"Ub\u00e1 e Governo de Minas realizam evento visando atra\u00e7\u00e3o de investimentos"},"content":{"rendered":"<div><b><span style=\"font-size: large;\">Inscreva-se na 2\u00aa Edi\u00e7\u00e3o do #VemPraMinas #VemPraUb\u00e1<\/span><\/b><\/div>\n<div>\n<p><span style=\"font-family: arial, sans-serif;\">J\u00e1 est\u00e3o abertas as inscri\u00e7\u00f5es para a 2\u00aa Edi\u00e7\u00e3o do #VemPraMinas #VemPraUb\u00e1. O evento, que busca fomentar a cadeia produtiva da ind\u00fastria local, por meio da atra\u00e7\u00e3o de novos fornecedores, al\u00e9m de estimular novas oportunidades de neg\u00f3cios, acontece nos dias 25 e 26 de janeiro.<\/span><\/p>\n<p><span style=\"font-family: arial, sans-serif;\">Para o dia 25, foram convidados fornecedores do Polo Moveleiro indicados por empresas locais. O objetivo \u00e9 apresentar os diferenciais competitivos oferecidos pel<\/span>o Estado de Minas Gerais e pelo Munic\u00edpio, reconhecido como &#8220;Capital Estadual da Ind\u00fastria Moveleira&#8221;, para a instala\u00e7\u00e3o de empresas. Al\u00e9m de t\u00e9cnicos da Prefeitura,&nbsp;participar\u00e3o&nbsp;tamb\u00e9m representantes das Secretarias de Estado de Desenvolvimento Econ\u00f4mico e de Fazenda, do Invest Minas (Ag\u00eancia de Promo\u00e7\u00e3o de Investimento e Com\u00e9rcio Exterior de Minas Gerais), Intersind, Copasa e DER\/MG.<\/p>\n<p><span style=\"font-family: arial, sans-serif;\">No dia 26, o evento conta com a apresenta\u00e7\u00e3o de cases de sucesso de empresas que est\u00e3o se instalando em Ub\u00e1, expandindo seus neg\u00f3cios, e usufruindo dos benef\u00edcios que o Estado de Minas Gerais e a Prefeitura de Ub\u00e1 oferecem. Aproveite este momento de compartilhamento de experi\u00eancias e boas oportunidades para empreender.<\/span><\/p>\n<p><span style=\"font-family: arial, sans-serif;\">O evento \u00e9 gratuito, por\u00e9m os ingressos s\u00e3o limitados.<\/span><\/p>\n<p><span style=\"font-family: arial, sans-serif;\">Realiza\u00e7\u00e3o<\/span><\/p>\n<p><span style=\"font-family: arial, sans-serif;\">O #VemPraMinas \u00e9 um programa desenvolvido pela Secretaria de Desenvolvimento Econ\u00f4mico, por meio do Invest Minas. Para Ub\u00e1, o evento foi adaptado e \u00e9 realizado em parceria com a Prefeitura Municipal e o Intersind.<\/span><\/p>\n<p><span style=\"font-family: arial, sans-serif;\">#VemPraMinas #VemPraUb\u00e1<\/span><\/p>\n<p><span style=\"font-family: arial, sans-serif;\">Data: 25 e 26 de janeiro de 2023<\/span><\/p>\n<p><span style=\"font-family: arial, sans-serif;\">Hor\u00e1rio: 9h \u00e0s 12h<\/span><\/p>\n<p><span style=\"font-family: arial, sans-serif;\">Local: Intersind (Rodovia MGT 265 , n\u00b0 2200, Galp\u00e3o Intersind, Horto Florestal. Ub\u00e1)<\/span><\/p>\n<p><span style=\"font-family: arial, sans-serif;\">Ingressos:<\/span><\/p>\n<p><span style=\"font-family: arial, sans-serif;\">&#8211; 25\/01:&nbsp;<a href=\"https:\/\/www.sympla.com.br\/evento\/2-edicao-vempraminas-vemprauba\/1844243\" target=\"_blank\" rel=\"noopener noreferrer\" data-saferedirecturl=\"https:\/\/www.google.com\/url?q=https:\/\/www.sympla.com.br\/evento\/2-edicao-vempraminas-vemprauba\/1844243&amp;source=gmail&amp;ust=1674139319814000&amp;usg=AOvVaw2PfOTq1_R9cGBhfY21v44M\">CLIQUE AQUI<\/a>&nbsp;para realizar sua inscri\u00e7\u00e3o.<\/span><\/p>\n<p><span style=\"font-family: arial, sans-serif;\">&#8211; 26\/01:&nbsp;<a href=\"https:\/\/www.sympla.com.br\/evento\/2-edicao-vempraminas-vemprauba\/1844237\" target=\"_blank\" rel=\"noopener noreferrer\" data-saferedirecturl=\"https:\/\/www.google.com\/url?q=https:\/\/www.sympla.com.br\/evento\/2-edicao-vempraminas-vemprauba\/1844237&amp;source=gmail&amp;ust=1674139319814000&amp;usg=AOvVaw0HyPNv_5aHpkhfolOqxsIl\">CLIQUE AQUI<\/a>&nbsp;para realizar sua inscri\u00e7\u00e3o.<\/span><\/p>\n<p><a href=\"https:\/\/ubanews.com\/site\/wp-content\/uploads\/2023\/01\/Vem-pra-Minas-Vem-pra-Uba.jpg\"><img decoding=\"async\" class=\"aligncenter size-full wp-image-21521 lazyload\" data-src=\"https:\/\/ubanews.com\/site\/wp-content\/uploads\/2023\/01\/Vem-pra-Minas-Vem-pra-Uba.jpg\" alt=\"\" width=\"1126\" height=\"1124\" data-srcset=\"https:\/\/ubanews.com\/site\/wp-content\/uploads\/2023\/01\/Vem-pra-Minas-Vem-pra-Uba.jpg 1126w, https:\/\/ubanews.com\/site\/wp-content\/uploads\/2023\/01\/Vem-pra-Minas-Vem-pra-Uba-300x300.jpg 300w, https:\/\/ubanews.com\/site\/wp-content\/uploads\/2023\/01\/Vem-pra-Minas-Vem-pra-Uba-1024x1022.jpg 1024w, https:\/\/ubanews.com\/site\/wp-content\/uploads\/2023\/01\/Vem-pra-Minas-Vem-pra-Uba-150x150.jpg 150w, https:\/\/ubanews.com\/site\/wp-content\/uploads\/2023\/01\/Vem-pra-Minas-Vem-pra-Uba-768x767.jpg 768w\" data-sizes=\"(max-width: 1126px) 100vw, 1126px\" src=\"data:image\/svg+xml;base64,PHN2ZyB3aWR0aD0iMSIgaGVpZ2h0PSIxIiB4bWxucz0iaHR0cDovL3d3dy53My5vcmcvMjAwMC9zdmciPjwvc3ZnPg==\" style=\"--smush-placeholder-width: 1126px; --smush-placeholder-aspect-ratio: 1126\/1124;\" \/><\/a><\/p>\n<p><span style=\"font-family: arial, sans-serif;\">Assessoria de Comunica\u00e7\u00e3o<br \/>\n<\/span><span style=\"font-family: arial, sans-serif;\">Prefeitura de Ub\u00e1<br \/>\n<\/span><span style=\"font-family: arial, sans-serif;\"><b><i>(32) 3301-6107<\/i><\/b><\/span><\/p>\n<\/div>\n","protected":false},"excerpt":{"rendered":"<p>Inscreva-se na 2\u00aa Edi\u00e7\u00e3o do #VemPraMinas #VemPraUb\u00e1 J\u00e1 est\u00e3o abertas<\/p>\n","protected":false},"author":2,"featured_media":4128,"comment_status":"open","ping_status":"open","sticky":false,"template":"","format":"standard","meta":{"footnotes":""},"categories":[1,15,3],"tags":[],"class_list":["post-21520","post","type-post","status-publish","format-standard","has-post-thumbnail","hentry","category-sem-categoria","category-prefeitura-municipal","category-slide"],"yoast_head":"<!-- This site is optimized with the Yoast SEO plugin v27.2 - https:\/\/yoast.com\/product\/yoast-seo-wordpress\/ -->\n<title>Ub\u00e1 e Governo de Minas realizam evento visando atra\u00e7\u00e3o de investimentos - Ub\u00e1 News<\/title>\n<meta name=\"robots\" content=\"index, follow, max-snippet:-1, max-image-preview:large, max-video-preview:-1\" \/>\n<link rel=\"canonical\" href=\"https:\/\/ubanews.com\/site\/2023\/01\/18\/uba-e-governo-de-minas-realizam-evento-visando-atracao-de-investimentos\/\" \/>\n<meta property=\"og:locale\" content=\"pt_BR\" \/>\n<meta property=\"og:type\" content=\"article\" \/>\n<meta property=\"og:title\" content=\"Ub\u00e1 e Governo de Minas realizam evento visando atra\u00e7\u00e3o de investimentos - Ub\u00e1 News\" \/>\n<meta property=\"og:description\" content=\"Inscreva-se na 2\u00aa Edi\u00e7\u00e3o do #VemPraMinas #VemPraUb\u00e1 J\u00e1 est\u00e3o abertas\" \/>\n<meta property=\"og:url\" content=\"https:\/\/ubanews.com\/site\/2023\/01\/18\/uba-e-governo-de-minas-realizam-evento-visando-atracao-de-investimentos\/\" \/>\n<meta property=\"og:site_name\" content=\"Ub\u00e1 News\" \/>\n<meta property=\"article:publisher\" content=\"https:\/\/www.facebook.com\/Ub%c3%a1News-Carlos-Roberto-Sodr%c3%a9-418778301977370\" \/>\n<meta property=\"article:author\" content=\"https:\/\/www.facebook.com\/carosroberto.sodre.5\/\" \/>\n<meta property=\"article:published_time\" content=\"2023-01-18T13:50:02+00:00\" \/>\n<meta property=\"article:modified_time\" content=\"2023-01-18T15:17:20+00:00\" \/>\n<meta property=\"og:image\" content=\"https:\/\/ubanews.com\/site\/wp-content\/uploads\/2018\/05\/Logo-Intersind-com-logo-Fiemg.png\" \/>\n\t<meta property=\"og:image:width\" content=\"800\" \/>\n\t<meta property=\"og:image:height\" content=\"290\" \/>\n\t<meta property=\"og:image:type\" content=\"image\/png\" \/>\n<meta name=\"author\" content=\"Sodr\u00e9\" \/>\n<meta name=\"twitter:card\" content=\"summary_large_image\" \/>\n<meta name=\"twitter:label1\" content=\"Escrito por\" \/>\n\t<meta name=\"twitter:data1\" content=\"Sodr\u00e9\" \/>\n\t<meta name=\"twitter:label2\" content=\"Est. tempo de leitura\" \/>\n\t<meta name=\"twitter:data2\" content=\"2 minutos\" \/>\n<script type=\"application\/ld+json\" class=\"yoast-schema-graph\">{\"@context\":\"https:\/\/schema.org\",\"@graph\":[{\"@type\":\"Article\",\"@id\":\"https:\/\/ubanews.com\/site\/2023\/01\/18\/uba-e-governo-de-minas-realizam-evento-visando-atracao-de-investimentos\/#article\",\"isPartOf\":{\"@id\":\"https:\/\/ubanews.com\/site\/2023\/01\/18\/uba-e-governo-de-minas-realizam-evento-visando-atracao-de-investimentos\/\"},\"author\":{\"name\":\"Sodr\u00e9\",\"@id\":\"https:\/\/ubanews.com\/site\/#\/schema\/person\/d90c9e47252fbb63dcc969fe4c8b9d10\"},\"headline\":\"Ub\u00e1 e Governo de Minas realizam evento visando atra\u00e7\u00e3o de investimentos\",\"datePublished\":\"2023-01-18T13:50:02+00:00\",\"dateModified\":\"2023-01-18T15:17:20+00:00\",\"mainEntityOfPage\":{\"@id\":\"https:\/\/ubanews.com\/site\/2023\/01\/18\/uba-e-governo-de-minas-realizam-evento-visando-atracao-de-investimentos\/\"},\"wordCount\":311,\"commentCount\":0,\"publisher\":{\"@id\":\"https:\/\/ubanews.com\/site\/#organization\"},\"image\":{\"@id\":\"https:\/\/ubanews.com\/site\/2023\/01\/18\/uba-e-governo-de-minas-realizam-evento-visando-atracao-de-investimentos\/#primaryimage\"},\"thumbnailUrl\":\"https:\/\/ubanews.com\/site\/wp-content\/uploads\/2018\/05\/Logo-Intersind-com-logo-Fiemg.png\",\"articleSection\":[\"Geral\",\"Prefeitura Municipal\",\"Slide\"],\"inLanguage\":\"pt-BR\",\"potentialAction\":[{\"@type\":\"CommentAction\",\"name\":\"Comment\",\"target\":[\"https:\/\/ubanews.com\/site\/2023\/01\/18\/uba-e-governo-de-minas-realizam-evento-visando-atracao-de-investimentos\/#respond\"]}]},{\"@type\":\"WebPage\",\"@id\":\"https:\/\/ubanews.com\/site\/2023\/01\/18\/uba-e-governo-de-minas-realizam-evento-visando-atracao-de-investimentos\/\",\"url\":\"https:\/\/ubanews.com\/site\/2023\/01\/18\/uba-e-governo-de-minas-realizam-evento-visando-atracao-de-investimentos\/\",\"name\":\"Ub\u00e1 e Governo de Minas realizam evento visando atra\u00e7\u00e3o de investimentos - Ub\u00e1 News\",\"isPartOf\":{\"@id\":\"https:\/\/ubanews.com\/site\/#website\"},\"primaryImageOfPage\":{\"@id\":\"https:\/\/ubanews.com\/site\/2023\/01\/18\/uba-e-governo-de-minas-realizam-evento-visando-atracao-de-investimentos\/#primaryimage\"},\"image\":{\"@id\":\"https:\/\/ubanews.com\/site\/2023\/01\/18\/uba-e-governo-de-minas-realizam-evento-visando-atracao-de-investimentos\/#primaryimage\"},\"thumbnailUrl\":\"https:\/\/ubanews.com\/site\/wp-content\/uploads\/2018\/05\/Logo-Intersind-com-logo-Fiemg.png\",\"datePublished\":\"2023-01-18T13:50:02+00:00\",\"dateModified\":\"2023-01-18T15:17:20+00:00\",\"breadcrumb\":{\"@id\":\"https:\/\/ubanews.com\/site\/2023\/01\/18\/uba-e-governo-de-minas-realizam-evento-visando-atracao-de-investimentos\/#breadcrumb\"},\"inLanguage\":\"pt-BR\",\"potentialAction\":[{\"@type\":\"ReadAction\",\"target\":[\"https:\/\/ubanews.com\/site\/2023\/01\/18\/uba-e-governo-de-minas-realizam-evento-visando-atracao-de-investimentos\/\"]}]},{\"@type\":\"ImageObject\",\"inLanguage\":\"pt-BR\",\"@id\":\"https:\/\/ubanews.com\/site\/2023\/01\/18\/uba-e-governo-de-minas-realizam-evento-visando-atracao-de-investimentos\/#primaryimage\",\"url\":\"https:\/\/ubanews.com\/site\/wp-content\/uploads\/2018\/05\/Logo-Intersind-com-logo-Fiemg.png\",\"contentUrl\":\"https:\/\/ubanews.com\/site\/wp-content\/uploads\/2018\/05\/Logo-Intersind-com-logo-Fiemg.png\",\"width\":800,\"height\":290},{\"@type\":\"BreadcrumbList\",\"@id\":\"https:\/\/ubanews.com\/site\/2023\/01\/18\/uba-e-governo-de-minas-realizam-evento-visando-atracao-de-investimentos\/#breadcrumb\",\"itemListElement\":[{\"@type\":\"ListItem\",\"position\":1,\"name\":\"Home\",\"item\":\"https:\/\/ubanews.com\/site\/\"},{\"@type\":\"ListItem\",\"position\":2,\"name\":\"Ub\u00e1 e Governo de Minas realizam evento visando atra\u00e7\u00e3o de investimentos\"}]},{\"@type\":\"WebSite\",\"@id\":\"https:\/\/ubanews.com\/site\/#website\",\"url\":\"https:\/\/ubanews.com\/site\/\",\"name\":\"Ub\u00e1 News\",\"description\":\"\",\"publisher\":{\"@id\":\"https:\/\/ubanews.com\/site\/#organization\"},\"potentialAction\":[{\"@type\":\"SearchAction\",\"target\":{\"@type\":\"EntryPoint\",\"urlTemplate\":\"https:\/\/ubanews.com\/site\/?s={search_term_string}\"},\"query-input\":{\"@type\":\"PropertyValueSpecification\",\"valueRequired\":true,\"valueName\":\"search_term_string\"}}],\"inLanguage\":\"pt-BR\"},{\"@type\":\"Organization\",\"@id\":\"https:\/\/ubanews.com\/site\/#organization\",\"name\":\"Ub\u00e1 News\",\"url\":\"https:\/\/ubanews.com\/site\/\",\"logo\":{\"@type\":\"ImageObject\",\"inLanguage\":\"pt-BR\",\"@id\":\"https:\/\/ubanews.com\/site\/#\/schema\/logo\/image\/\",\"url\":\"https:\/\/ubanews.com\/site\/wp-content\/uploads\/2018\/01\/logoubanews.png\",\"contentUrl\":\"https:\/\/ubanews.com\/site\/wp-content\/uploads\/2018\/01\/logoubanews.png\",\"width\":261,\"height\":99,\"caption\":\"Ub\u00e1 News\"},\"image\":{\"@id\":\"https:\/\/ubanews.com\/site\/#\/schema\/logo\/image\/\"},\"sameAs\":[\"https:\/\/www.facebook.com\/Ub\u00e1News-Carlos-Roberto-Sodr\u00e9-418778301977370\"]},{\"@type\":\"Person\",\"@id\":\"https:\/\/ubanews.com\/site\/#\/schema\/person\/d90c9e47252fbb63dcc969fe4c8b9d10\",\"name\":\"Sodr\u00e9\",\"image\":{\"@type\":\"ImageObject\",\"inLanguage\":\"pt-BR\",\"@id\":\"https:\/\/secure.gravatar.com\/avatar\/5ba2793f0590b9dbfad3fdec4ee714485b3eef211c9b32ee53d414060454a56c?s=96&d=mm&r=g\",\"url\":\"https:\/\/secure.gravatar.com\/avatar\/5ba2793f0590b9dbfad3fdec4ee714485b3eef211c9b32ee53d414060454a56c?s=96&d=mm&r=g\",\"contentUrl\":\"https:\/\/secure.gravatar.com\/avatar\/5ba2793f0590b9dbfad3fdec4ee714485b3eef211c9b32ee53d414060454a56c?s=96&d=mm&r=g\",\"caption\":\"Sodr\u00e9\"},\"sameAs\":[\"https:\/\/www.facebook.com\/carosroberto.sodre.5\/\"],\"url\":\"https:\/\/ubanews.com\/site\/author\/felipe\/\"}]}<\/script>\n<!-- \/ Yoast SEO plugin. -->","yoast_head_json":{"title":"Ub\u00e1 e Governo de Minas realizam evento visando atra\u00e7\u00e3o de investimentos - Ub\u00e1 News","robots":{"index":"index","follow":"follow","max-snippet":"max-snippet:-1","max-image-preview":"max-image-preview:large","max-video-preview":"max-video-preview:-1"},"canonical":"https:\/\/ubanews.com\/site\/2023\/01\/18\/uba-e-governo-de-minas-realizam-evento-visando-atracao-de-investimentos\/","og_locale":"pt_BR","og_type":"article","og_title":"Ub\u00e1 e Governo de Minas realizam evento visando atra\u00e7\u00e3o de investimentos - Ub\u00e1 News","og_description":"Inscreva-se na 2\u00aa Edi\u00e7\u00e3o do #VemPraMinas #VemPraUb\u00e1 J\u00e1 est\u00e3o abertas","og_url":"https:\/\/ubanews.com\/site\/2023\/01\/18\/uba-e-governo-de-minas-realizam-evento-visando-atracao-de-investimentos\/","og_site_name":"Ub\u00e1 News","article_publisher":"https:\/\/www.facebook.com\/Ub%c3%a1News-Carlos-Roberto-Sodr%c3%a9-418778301977370","article_author":"https:\/\/www.facebook.com\/carosroberto.sodre.5\/","article_published_time":"2023-01-18T13:50:02+00:00","article_modified_time":"2023-01-18T15:17:20+00:00","og_image":[{"width":800,"height":290,"url":"https:\/\/ubanews.com\/site\/wp-content\/uploads\/2018\/05\/Logo-Intersind-com-logo-Fiemg.png","type":"image\/png"}],"author":"Sodr\u00e9","twitter_card":"summary_large_image","twitter_misc":{"Escrito por":"Sodr\u00e9","Est. tempo de leitura":"2 minutos"},"schema":{"@context":"https:\/\/schema.org","@graph":[{"@type":"Article","@id":"https:\/\/ubanews.com\/site\/2023\/01\/18\/uba-e-governo-de-minas-realizam-evento-visando-atracao-de-investimentos\/#article","isPartOf":{"@id":"https:\/\/ubanews.com\/site\/2023\/01\/18\/uba-e-governo-de-minas-realizam-evento-visando-atracao-de-investimentos\/"},"author":{"name":"Sodr\u00e9","@id":"https:\/\/ubanews.com\/site\/#\/schema\/person\/d90c9e47252fbb63dcc969fe4c8b9d10"},"headline":"Ub\u00e1 e Governo de Minas realizam evento visando atra\u00e7\u00e3o de investimentos","datePublished":"2023-01-18T13:50:02+00:00","dateModified":"2023-01-18T15:17:20+00:00","mainEntityOfPage":{"@id":"https:\/\/ubanews.com\/site\/2023\/01\/18\/uba-e-governo-de-minas-realizam-evento-visando-atracao-de-investimentos\/"},"wordCount":311,"commentCount":0,"publisher":{"@id":"https:\/\/ubanews.com\/site\/#organization"},"image":{"@id":"https:\/\/ubanews.com\/site\/2023\/01\/18\/uba-e-governo-de-minas-realizam-evento-visando-atracao-de-investimentos\/#primaryimage"},"thumbnailUrl":"https:\/\/ubanews.com\/site\/wp-content\/uploads\/2018\/05\/Logo-Intersind-com-logo-Fiemg.png","articleSection":["Geral","Prefeitura Municipal","Slide"],"inLanguage":"pt-BR","potentialAction":[{"@type":"CommentAction","name":"Comment","target":["https:\/\/ubanews.com\/site\/2023\/01\/18\/uba-e-governo-de-minas-realizam-evento-visando-atracao-de-investimentos\/#respond"]}]},{"@type":"WebPage","@id":"https:\/\/ubanews.com\/site\/2023\/01\/18\/uba-e-governo-de-minas-realizam-evento-visando-atracao-de-investimentos\/","url":"https:\/\/ubanews.com\/site\/2023\/01\/18\/uba-e-governo-de-minas-realizam-evento-visando-atracao-de-investimentos\/","name":"Ub\u00e1 e Governo de Minas realizam evento visando atra\u00e7\u00e3o de investimentos - Ub\u00e1 News","isPartOf":{"@id":"https:\/\/ubanews.com\/site\/#website"},"primaryImageOfPage":{"@id":"https:\/\/ubanews.com\/site\/2023\/01\/18\/uba-e-governo-de-minas-realizam-evento-visando-atracao-de-investimentos\/#primaryimage"},"image":{"@id":"https:\/\/ubanews.com\/site\/2023\/01\/18\/uba-e-governo-de-minas-realizam-evento-visando-atracao-de-investimentos\/#primaryimage"},"thumbnailUrl":"https:\/\/ubanews.com\/site\/wp-content\/uploads\/2018\/05\/Logo-Intersind-com-logo-Fiemg.png","datePublished":"2023-01-18T13:50:02+00:00","dateModified":"2023-01-18T15:17:20+00:00","breadcrumb":{"@id":"https:\/\/ubanews.com\/site\/2023\/01\/18\/uba-e-governo-de-minas-realizam-evento-visando-atracao-de-investimentos\/#breadcrumb"},"inLanguage":"pt-BR","potentialAction":[{"@type":"ReadAction","target":["https:\/\/ubanews.com\/site\/2023\/01\/18\/uba-e-governo-de-minas-realizam-evento-visando-atracao-de-investimentos\/"]}]},{"@type":"ImageObject","inLanguage":"pt-BR","@id":"https:\/\/ubanews.com\/site\/2023\/01\/18\/uba-e-governo-de-minas-realizam-evento-visando-atracao-de-investimentos\/#primaryimage","url":"https:\/\/ubanews.com\/site\/wp-content\/uploads\/2018\/05\/Logo-Intersind-com-logo-Fiemg.png","contentUrl":"https:\/\/ubanews.com\/site\/wp-content\/uploads\/2018\/05\/Logo-Intersind-com-logo-Fiemg.png","width":800,"height":290},{"@type":"BreadcrumbList","@id":"https:\/\/ubanews.com\/site\/2023\/01\/18\/uba-e-governo-de-minas-realizam-evento-visando-atracao-de-investimentos\/#breadcrumb","itemListElement":[{"@type":"ListItem","position":1,"name":"Home","item":"https:\/\/ubanews.com\/site\/"},{"@type":"ListItem","position":2,"name":"Ub\u00e1 e Governo de Minas realizam evento visando atra\u00e7\u00e3o de investimentos"}]},{"@type":"WebSite","@id":"https:\/\/ubanews.com\/site\/#website","url":"https:\/\/ubanews.com\/site\/","name":"Ub\u00e1 News","description":"","publisher":{"@id":"https:\/\/ubanews.com\/site\/#organization"},"potentialAction":[{"@type":"SearchAction","target":{"@type":"EntryPoint","urlTemplate":"https:\/\/ubanews.com\/site\/?s={search_term_string}"},"query-input":{"@type":"PropertyValueSpecification","valueRequired":true,"valueName":"search_term_string"}}],"inLanguage":"pt-BR"},{"@type":"Organization","@id":"https:\/\/ubanews.com\/site\/#organization","name":"Ub\u00e1 News","url":"https:\/\/ubanews.com\/site\/","logo":{"@type":"ImageObject","inLanguage":"pt-BR","@id":"https:\/\/ubanews.com\/site\/#\/schema\/logo\/image\/","url":"https:\/\/ubanews.com\/site\/wp-content\/uploads\/2018\/01\/logoubanews.png","contentUrl":"https:\/\/ubanews.com\/site\/wp-content\/uploads\/2018\/01\/logoubanews.png","width":261,"height":99,"caption":"Ub\u00e1 News"},"image":{"@id":"https:\/\/ubanews.com\/site\/#\/schema\/logo\/image\/"},"sameAs":["https:\/\/www.facebook.com\/Ub\u00e1News-Carlos-Roberto-Sodr\u00e9-418778301977370"]},{"@type":"Person","@id":"https:\/\/ubanews.com\/site\/#\/schema\/person\/d90c9e47252fbb63dcc969fe4c8b9d10","name":"Sodr\u00e9","image":{"@type":"ImageObject","inLanguage":"pt-BR","@id":"https:\/\/secure.gravatar.com\/avatar\/5ba2793f0590b9dbfad3fdec4ee714485b3eef211c9b32ee53d414060454a56c?s=96&d=mm&r=g","url":"https:\/\/secure.gravatar.com\/avatar\/5ba2793f0590b9dbfad3fdec4ee714485b3eef211c9b32ee53d414060454a56c?s=96&d=mm&r=g","contentUrl":"https:\/\/secure.gravatar.com\/avatar\/5ba2793f0590b9dbfad3fdec4ee714485b3eef211c9b32ee53d414060454a56c?s=96&d=mm&r=g","caption":"Sodr\u00e9"},"sameAs":["https:\/\/www.facebook.com\/carosroberto.sodre.5\/"],"url":"https:\/\/ubanews.com\/site\/author\/felipe\/"}]}},"_links":{"self":[{"href":"https:\/\/ubanews.com\/site\/wp-json\/wp\/v2\/posts\/21520","targetHints":{"allow":["GET"]}}],"collection":[{"href":"https:\/\/ubanews.com\/site\/wp-json\/wp\/v2\/posts"}],"about":[{"href":"https:\/\/ubanews.com\/site\/wp-json\/wp\/v2\/types\/post"}],"author":[{"embeddable":true,"href":"https:\/\/ubanews.com\/site\/wp-json\/wp\/v2\/users\/2"}],"replies":[{"embeddable":true,"href":"https:\/\/ubanews.com\/site\/wp-json\/wp\/v2\/comments?post=21520"}],"version-history":[{"count":0,"href":"https:\/\/ubanews.com\/site\/wp-json\/wp\/v2\/posts\/21520\/revisions"}],"wp:featuredmedia":[{"embeddable":true,"href":"https:\/\/ubanews.com\/site\/wp-json\/wp\/v2\/media\/4128"}],"wp:attachment":[{"href":"https:\/\/ubanews.com\/site\/wp-json\/wp\/v2\/media?parent=21520"}],"wp:term":[{"taxonomy":"category","embeddable":true,"href":"https:\/\/ubanews.com\/site\/wp-json\/wp\/v2\/categories?post=21520"},{"taxonomy":"post_tag","embeddable":true,"href":"https:\/\/ubanews.com\/site\/wp-json\/wp\/v2\/tags?post=21520"}],"curies":[{"name":"wp","href":"https:\/\/api.w.org\/{rel}","templated":true}]}}