{"id":21511,"date":"2023-01-06T16:00:33","date_gmt":"2023-01-06T19:00:33","guid":{"rendered":"http:\/\/ubanews.com\/site\/?p=21511"},"modified":"2023-02-10T17:57:12","modified_gmt":"2023-02-10T20:57:12","slug":"cavalo-avaliado-em-r50-mil-furtado-em-vicosa-e-recuperado-pela-pcmg","status":"publish","type":"post","link":"https:\/\/ubanews.com\/site\/2023\/01\/06\/cavalo-avaliado-em-r50-mil-furtado-em-vicosa-e-recuperado-pela-pcmg\/","title":{"rendered":"Cavalo avaliado em R$50 mil furtado em Vi\u00e7osa \u00e9 recuperado pela PCMG"},"content":{"rendered":"<p><em>Ap\u00f3s trabalhos investigativos, a Pol\u00edcia Civil localizou o animal na zona rural da cidade.<\/em><\/p>\n<p>Em Vi\u00e7osa, na Zona da Mata, a Pol\u00edcia Civil de Minas Gerais (PCMG) recuperou, nesta quinta-feira (5\/1), um cavalo de ra\u00e7a Mangalarga Marchador, avaliado em R$ 50 mil, furtado da zona rural da mesma cidade.<\/p>\n<p>Conforme informa\u00e7\u00f5es do delegado regional em Vi\u00e7osa, Jos\u00e9 Donizetti Teixeira, o furto aconteceu em uma fazenda, na ter\u00e7a-feira (3\/1). Ap\u00f3s trabalhos de intelig\u00eancia realizados por uma equipe que apura furtos e roubos na 5\u00aa Delegacia Regional de Pol\u00edcia Civil em Vi\u00e7osa \u2013 unidade pertencente ao 4\u00ba Departamento da PCMG -, foi poss\u00edvel localizar o animal, que estava escondido em um local de dif\u00edcil acesso.<\/p>\n<p>Al\u00e9m desse cavalo, que j\u00e1 foi restitu\u00eddo \u00e0 v\u00edtima, tamb\u00e9m foram encontrados v\u00e1rios outros animais que teriam sido furtados na cidade e regi\u00e3o. Os propriet\u00e1rios deles j\u00e1 est\u00e3o sendo localizados.<\/p>\n<p>Na ocasi\u00e3o, suspeitos empreenderam fuga com a chegada da equipe de policiais civis, mas eles j\u00e1 foram identificados. A PCMG prossegue com as investiga\u00e7\u00f5es.<\/p>\n<p>Assessoria de Comunica\u00e7\u00e3o PCMG<br \/>\nN\u00facleo Avan\u00e7ado do 4\u00ba Departamento de Pol\u00edcia em Juiz de Fora<\/p>\n","protected":false},"excerpt":{"rendered":"<p>Ap\u00f3s trabalhos investigativos, a Pol\u00edcia Civil localizou o animal na<\/p>\n","protected":false},"author":2,"featured_media":21515,"comment_status":"open","ping_status":"open","sticky":false,"template":"","format":"standard","meta":{"footnotes":""},"categories":[1,13,3],"tags":[],"class_list":["post-21511","post","type-post","status-publish","format-standard","has-post-thumbnail","hentry","category-sem-categoria","category-sintese-das-ocorrencias","category-slide"],"yoast_head":"<!-- This site is optimized with the Yoast SEO plugin v27.2 - https:\/\/yoast.com\/product\/yoast-seo-wordpress\/ -->\n<title>Cavalo avaliado em R$50 mil furtado em Vi\u00e7osa \u00e9 recuperado pela PCMG - Ub\u00e1 News<\/title>\n<meta name=\"robots\" content=\"index, follow, max-snippet:-1, max-image-preview:large, max-video-preview:-1\" \/>\n<link rel=\"canonical\" href=\"https:\/\/ubanews.com\/site\/2023\/01\/06\/cavalo-avaliado-em-r50-mil-furtado-em-vicosa-e-recuperado-pela-pcmg\/\" \/>\n<meta property=\"og:locale\" content=\"pt_BR\" \/>\n<meta property=\"og:type\" content=\"article\" \/>\n<meta property=\"og:title\" content=\"Cavalo avaliado em R$50 mil furtado em Vi\u00e7osa \u00e9 recuperado pela PCMG - Ub\u00e1 News\" \/>\n<meta property=\"og:description\" content=\"Ap\u00f3s trabalhos investigativos, a Pol\u00edcia Civil localizou o animal na\" \/>\n<meta property=\"og:url\" content=\"https:\/\/ubanews.com\/site\/2023\/01\/06\/cavalo-avaliado-em-r50-mil-furtado-em-vicosa-e-recuperado-pela-pcmg\/\" \/>\n<meta property=\"og:site_name\" content=\"Ub\u00e1 News\" \/>\n<meta property=\"article:publisher\" content=\"https:\/\/www.facebook.com\/Ub%c3%a1News-Carlos-Roberto-Sodr%c3%a9-418778301977370\" \/>\n<meta property=\"article:author\" content=\"https:\/\/www.facebook.com\/carosroberto.sodre.5\/\" \/>\n<meta property=\"article:published_time\" content=\"2023-01-06T19:00:33+00:00\" \/>\n<meta property=\"article:modified_time\" content=\"2023-02-10T20:57:12+00:00\" \/>\n<meta property=\"og:image\" content=\"https:\/\/ubanews.com\/site\/wp-content\/uploads\/2023\/01\/WhatsApp-Image-2023-01-05-at-18.50.42.jpeg\" \/>\n\t<meta property=\"og:image:width\" content=\"1600\" \/>\n\t<meta property=\"og:image:height\" content=\"1200\" \/>\n\t<meta property=\"og:image:type\" content=\"image\/jpeg\" \/>\n<meta name=\"author\" content=\"Sodr\u00e9\" \/>\n<meta name=\"twitter:card\" content=\"summary_large_image\" \/>\n<meta name=\"twitter:label1\" content=\"Escrito por\" \/>\n\t<meta name=\"twitter:data1\" content=\"Sodr\u00e9\" \/>\n\t<meta name=\"twitter:label2\" content=\"Est. tempo de leitura\" \/>\n\t<meta name=\"twitter:data2\" content=\"1 minuto\" \/>\n<script type=\"application\/ld+json\" class=\"yoast-schema-graph\">{\"@context\":\"https:\/\/schema.org\",\"@graph\":[{\"@type\":\"Article\",\"@id\":\"https:\/\/ubanews.com\/site\/2023\/01\/06\/cavalo-avaliado-em-r50-mil-furtado-em-vicosa-e-recuperado-pela-pcmg\/#article\",\"isPartOf\":{\"@id\":\"https:\/\/ubanews.com\/site\/2023\/01\/06\/cavalo-avaliado-em-r50-mil-furtado-em-vicosa-e-recuperado-pela-pcmg\/\"},\"author\":{\"name\":\"Sodr\u00e9\",\"@id\":\"https:\/\/ubanews.com\/site\/#\/schema\/person\/d90c9e47252fbb63dcc969fe4c8b9d10\"},\"headline\":\"Cavalo avaliado em R$50 mil furtado em Vi\u00e7osa \u00e9 recuperado pela PCMG\",\"datePublished\":\"2023-01-06T19:00:33+00:00\",\"dateModified\":\"2023-02-10T20:57:12+00:00\",\"mainEntityOfPage\":{\"@id\":\"https:\/\/ubanews.com\/site\/2023\/01\/06\/cavalo-avaliado-em-r50-mil-furtado-em-vicosa-e-recuperado-pela-pcmg\/\"},\"wordCount\":214,\"commentCount\":0,\"publisher\":{\"@id\":\"https:\/\/ubanews.com\/site\/#organization\"},\"image\":{\"@id\":\"https:\/\/ubanews.com\/site\/2023\/01\/06\/cavalo-avaliado-em-r50-mil-furtado-em-vicosa-e-recuperado-pela-pcmg\/#primaryimage\"},\"thumbnailUrl\":\"https:\/\/ubanews.com\/site\/wp-content\/uploads\/2023\/01\/WhatsApp-Image-2023-01-05-at-18.50.42.jpeg\",\"articleSection\":[\"Geral\",\"S\u00edntese das Ocorr\u00eancias\",\"Slide\"],\"inLanguage\":\"pt-BR\",\"potentialAction\":[{\"@type\":\"CommentAction\",\"name\":\"Comment\",\"target\":[\"https:\/\/ubanews.com\/site\/2023\/01\/06\/cavalo-avaliado-em-r50-mil-furtado-em-vicosa-e-recuperado-pela-pcmg\/#respond\"]}]},{\"@type\":\"WebPage\",\"@id\":\"https:\/\/ubanews.com\/site\/2023\/01\/06\/cavalo-avaliado-em-r50-mil-furtado-em-vicosa-e-recuperado-pela-pcmg\/\",\"url\":\"https:\/\/ubanews.com\/site\/2023\/01\/06\/cavalo-avaliado-em-r50-mil-furtado-em-vicosa-e-recuperado-pela-pcmg\/\",\"name\":\"Cavalo avaliado em R$50 mil furtado em Vi\u00e7osa \u00e9 recuperado pela PCMG - Ub\u00e1 News\",\"isPartOf\":{\"@id\":\"https:\/\/ubanews.com\/site\/#website\"},\"primaryImageOfPage\":{\"@id\":\"https:\/\/ubanews.com\/site\/2023\/01\/06\/cavalo-avaliado-em-r50-mil-furtado-em-vicosa-e-recuperado-pela-pcmg\/#primaryimage\"},\"image\":{\"@id\":\"https:\/\/ubanews.com\/site\/2023\/01\/06\/cavalo-avaliado-em-r50-mil-furtado-em-vicosa-e-recuperado-pela-pcmg\/#primaryimage\"},\"thumbnailUrl\":\"https:\/\/ubanews.com\/site\/wp-content\/uploads\/2023\/01\/WhatsApp-Image-2023-01-05-at-18.50.42.jpeg\",\"datePublished\":\"2023-01-06T19:00:33+00:00\",\"dateModified\":\"2023-02-10T20:57:12+00:00\",\"breadcrumb\":{\"@id\":\"https:\/\/ubanews.com\/site\/2023\/01\/06\/cavalo-avaliado-em-r50-mil-furtado-em-vicosa-e-recuperado-pela-pcmg\/#breadcrumb\"},\"inLanguage\":\"pt-BR\",\"potentialAction\":[{\"@type\":\"ReadAction\",\"target\":[\"https:\/\/ubanews.com\/site\/2023\/01\/06\/cavalo-avaliado-em-r50-mil-furtado-em-vicosa-e-recuperado-pela-pcmg\/\"]}]},{\"@type\":\"ImageObject\",\"inLanguage\":\"pt-BR\",\"@id\":\"https:\/\/ubanews.com\/site\/2023\/01\/06\/cavalo-avaliado-em-r50-mil-furtado-em-vicosa-e-recuperado-pela-pcmg\/#primaryimage\",\"url\":\"https:\/\/ubanews.com\/site\/wp-content\/uploads\/2023\/01\/WhatsApp-Image-2023-01-05-at-18.50.42.jpeg\",\"contentUrl\":\"https:\/\/ubanews.com\/site\/wp-content\/uploads\/2023\/01\/WhatsApp-Image-2023-01-05-at-18.50.42.jpeg\",\"width\":1600,\"height\":1200},{\"@type\":\"BreadcrumbList\",\"@id\":\"https:\/\/ubanews.com\/site\/2023\/01\/06\/cavalo-avaliado-em-r50-mil-furtado-em-vicosa-e-recuperado-pela-pcmg\/#breadcrumb\",\"itemListElement\":[{\"@type\":\"ListItem\",\"position\":1,\"name\":\"Home\",\"item\":\"https:\/\/ubanews.com\/site\/\"},{\"@type\":\"ListItem\",\"position\":2,\"name\":\"Cavalo avaliado em R$50 mil furtado em Vi\u00e7osa \u00e9 recuperado pela PCMG\"}]},{\"@type\":\"WebSite\",\"@id\":\"https:\/\/ubanews.com\/site\/#website\",\"url\":\"https:\/\/ubanews.com\/site\/\",\"name\":\"Ub\u00e1 News\",\"description\":\"\",\"publisher\":{\"@id\":\"https:\/\/ubanews.com\/site\/#organization\"},\"potentialAction\":[{\"@type\":\"SearchAction\",\"target\":{\"@type\":\"EntryPoint\",\"urlTemplate\":\"https:\/\/ubanews.com\/site\/?s={search_term_string}\"},\"query-input\":{\"@type\":\"PropertyValueSpecification\",\"valueRequired\":true,\"valueName\":\"search_term_string\"}}],\"inLanguage\":\"pt-BR\"},{\"@type\":\"Organization\",\"@id\":\"https:\/\/ubanews.com\/site\/#organization\",\"name\":\"Ub\u00e1 News\",\"url\":\"https:\/\/ubanews.com\/site\/\",\"logo\":{\"@type\":\"ImageObject\",\"inLanguage\":\"pt-BR\",\"@id\":\"https:\/\/ubanews.com\/site\/#\/schema\/logo\/image\/\",\"url\":\"https:\/\/ubanews.com\/site\/wp-content\/uploads\/2018\/01\/logoubanews.png\",\"contentUrl\":\"https:\/\/ubanews.com\/site\/wp-content\/uploads\/2018\/01\/logoubanews.png\",\"width\":261,\"height\":99,\"caption\":\"Ub\u00e1 News\"},\"image\":{\"@id\":\"https:\/\/ubanews.com\/site\/#\/schema\/logo\/image\/\"},\"sameAs\":[\"https:\/\/www.facebook.com\/Ub\u00e1News-Carlos-Roberto-Sodr\u00e9-418778301977370\"]},{\"@type\":\"Person\",\"@id\":\"https:\/\/ubanews.com\/site\/#\/schema\/person\/d90c9e47252fbb63dcc969fe4c8b9d10\",\"name\":\"Sodr\u00e9\",\"image\":{\"@type\":\"ImageObject\",\"inLanguage\":\"pt-BR\",\"@id\":\"https:\/\/secure.gravatar.com\/avatar\/5ba2793f0590b9dbfad3fdec4ee714485b3eef211c9b32ee53d414060454a56c?s=96&d=mm&r=g\",\"url\":\"https:\/\/secure.gravatar.com\/avatar\/5ba2793f0590b9dbfad3fdec4ee714485b3eef211c9b32ee53d414060454a56c?s=96&d=mm&r=g\",\"contentUrl\":\"https:\/\/secure.gravatar.com\/avatar\/5ba2793f0590b9dbfad3fdec4ee714485b3eef211c9b32ee53d414060454a56c?s=96&d=mm&r=g\",\"caption\":\"Sodr\u00e9\"},\"sameAs\":[\"https:\/\/www.facebook.com\/carosroberto.sodre.5\/\"],\"url\":\"https:\/\/ubanews.com\/site\/author\/felipe\/\"}]}<\/script>\n<!-- \/ Yoast SEO plugin. -->","yoast_head_json":{"title":"Cavalo avaliado em R$50 mil furtado em Vi\u00e7osa \u00e9 recuperado pela PCMG - Ub\u00e1 News","robots":{"index":"index","follow":"follow","max-snippet":"max-snippet:-1","max-image-preview":"max-image-preview:large","max-video-preview":"max-video-preview:-1"},"canonical":"https:\/\/ubanews.com\/site\/2023\/01\/06\/cavalo-avaliado-em-r50-mil-furtado-em-vicosa-e-recuperado-pela-pcmg\/","og_locale":"pt_BR","og_type":"article","og_title":"Cavalo avaliado em R$50 mil furtado em Vi\u00e7osa \u00e9 recuperado pela PCMG - Ub\u00e1 News","og_description":"Ap\u00f3s trabalhos investigativos, a Pol\u00edcia Civil localizou o animal na","og_url":"https:\/\/ubanews.com\/site\/2023\/01\/06\/cavalo-avaliado-em-r50-mil-furtado-em-vicosa-e-recuperado-pela-pcmg\/","og_site_name":"Ub\u00e1 News","article_publisher":"https:\/\/www.facebook.com\/Ub%c3%a1News-Carlos-Roberto-Sodr%c3%a9-418778301977370","article_author":"https:\/\/www.facebook.com\/carosroberto.sodre.5\/","article_published_time":"2023-01-06T19:00:33+00:00","article_modified_time":"2023-02-10T20:57:12+00:00","og_image":[{"width":1600,"height":1200,"url":"https:\/\/ubanews.com\/site\/wp-content\/uploads\/2023\/01\/WhatsApp-Image-2023-01-05-at-18.50.42.jpeg","type":"image\/jpeg"}],"author":"Sodr\u00e9","twitter_card":"summary_large_image","twitter_misc":{"Escrito por":"Sodr\u00e9","Est. tempo de leitura":"1 minuto"},"schema":{"@context":"https:\/\/schema.org","@graph":[{"@type":"Article","@id":"https:\/\/ubanews.com\/site\/2023\/01\/06\/cavalo-avaliado-em-r50-mil-furtado-em-vicosa-e-recuperado-pela-pcmg\/#article","isPartOf":{"@id":"https:\/\/ubanews.com\/site\/2023\/01\/06\/cavalo-avaliado-em-r50-mil-furtado-em-vicosa-e-recuperado-pela-pcmg\/"},"author":{"name":"Sodr\u00e9","@id":"https:\/\/ubanews.com\/site\/#\/schema\/person\/d90c9e47252fbb63dcc969fe4c8b9d10"},"headline":"Cavalo avaliado em R$50 mil furtado em Vi\u00e7osa \u00e9 recuperado pela PCMG","datePublished":"2023-01-06T19:00:33+00:00","dateModified":"2023-02-10T20:57:12+00:00","mainEntityOfPage":{"@id":"https:\/\/ubanews.com\/site\/2023\/01\/06\/cavalo-avaliado-em-r50-mil-furtado-em-vicosa-e-recuperado-pela-pcmg\/"},"wordCount":214,"commentCount":0,"publisher":{"@id":"https:\/\/ubanews.com\/site\/#organization"},"image":{"@id":"https:\/\/ubanews.com\/site\/2023\/01\/06\/cavalo-avaliado-em-r50-mil-furtado-em-vicosa-e-recuperado-pela-pcmg\/#primaryimage"},"thumbnailUrl":"https:\/\/ubanews.com\/site\/wp-content\/uploads\/2023\/01\/WhatsApp-Image-2023-01-05-at-18.50.42.jpeg","articleSection":["Geral","S\u00edntese das Ocorr\u00eancias","Slide"],"inLanguage":"pt-BR","potentialAction":[{"@type":"CommentAction","name":"Comment","target":["https:\/\/ubanews.com\/site\/2023\/01\/06\/cavalo-avaliado-em-r50-mil-furtado-em-vicosa-e-recuperado-pela-pcmg\/#respond"]}]},{"@type":"WebPage","@id":"https:\/\/ubanews.com\/site\/2023\/01\/06\/cavalo-avaliado-em-r50-mil-furtado-em-vicosa-e-recuperado-pela-pcmg\/","url":"https:\/\/ubanews.com\/site\/2023\/01\/06\/cavalo-avaliado-em-r50-mil-furtado-em-vicosa-e-recuperado-pela-pcmg\/","name":"Cavalo avaliado em R$50 mil furtado em Vi\u00e7osa \u00e9 recuperado pela PCMG - Ub\u00e1 News","isPartOf":{"@id":"https:\/\/ubanews.com\/site\/#website"},"primaryImageOfPage":{"@id":"https:\/\/ubanews.com\/site\/2023\/01\/06\/cavalo-avaliado-em-r50-mil-furtado-em-vicosa-e-recuperado-pela-pcmg\/#primaryimage"},"image":{"@id":"https:\/\/ubanews.com\/site\/2023\/01\/06\/cavalo-avaliado-em-r50-mil-furtado-em-vicosa-e-recuperado-pela-pcmg\/#primaryimage"},"thumbnailUrl":"https:\/\/ubanews.com\/site\/wp-content\/uploads\/2023\/01\/WhatsApp-Image-2023-01-05-at-18.50.42.jpeg","datePublished":"2023-01-06T19:00:33+00:00","dateModified":"2023-02-10T20:57:12+00:00","breadcrumb":{"@id":"https:\/\/ubanews.com\/site\/2023\/01\/06\/cavalo-avaliado-em-r50-mil-furtado-em-vicosa-e-recuperado-pela-pcmg\/#breadcrumb"},"inLanguage":"pt-BR","potentialAction":[{"@type":"ReadAction","target":["https:\/\/ubanews.com\/site\/2023\/01\/06\/cavalo-avaliado-em-r50-mil-furtado-em-vicosa-e-recuperado-pela-pcmg\/"]}]},{"@type":"ImageObject","inLanguage":"pt-BR","@id":"https:\/\/ubanews.com\/site\/2023\/01\/06\/cavalo-avaliado-em-r50-mil-furtado-em-vicosa-e-recuperado-pela-pcmg\/#primaryimage","url":"https:\/\/ubanews.com\/site\/wp-content\/uploads\/2023\/01\/WhatsApp-Image-2023-01-05-at-18.50.42.jpeg","contentUrl":"https:\/\/ubanews.com\/site\/wp-content\/uploads\/2023\/01\/WhatsApp-Image-2023-01-05-at-18.50.42.jpeg","width":1600,"height":1200},{"@type":"BreadcrumbList","@id":"https:\/\/ubanews.com\/site\/2023\/01\/06\/cavalo-avaliado-em-r50-mil-furtado-em-vicosa-e-recuperado-pela-pcmg\/#breadcrumb","itemListElement":[{"@type":"ListItem","position":1,"name":"Home","item":"https:\/\/ubanews.com\/site\/"},{"@type":"ListItem","position":2,"name":"Cavalo avaliado em R$50 mil furtado em Vi\u00e7osa \u00e9 recuperado pela PCMG"}]},{"@type":"WebSite","@id":"https:\/\/ubanews.com\/site\/#website","url":"https:\/\/ubanews.com\/site\/","name":"Ub\u00e1 News","description":"","publisher":{"@id":"https:\/\/ubanews.com\/site\/#organization"},"potentialAction":[{"@type":"SearchAction","target":{"@type":"EntryPoint","urlTemplate":"https:\/\/ubanews.com\/site\/?s={search_term_string}"},"query-input":{"@type":"PropertyValueSpecification","valueRequired":true,"valueName":"search_term_string"}}],"inLanguage":"pt-BR"},{"@type":"Organization","@id":"https:\/\/ubanews.com\/site\/#organization","name":"Ub\u00e1 News","url":"https:\/\/ubanews.com\/site\/","logo":{"@type":"ImageObject","inLanguage":"pt-BR","@id":"https:\/\/ubanews.com\/site\/#\/schema\/logo\/image\/","url":"https:\/\/ubanews.com\/site\/wp-content\/uploads\/2018\/01\/logoubanews.png","contentUrl":"https:\/\/ubanews.com\/site\/wp-content\/uploads\/2018\/01\/logoubanews.png","width":261,"height":99,"caption":"Ub\u00e1 News"},"image":{"@id":"https:\/\/ubanews.com\/site\/#\/schema\/logo\/image\/"},"sameAs":["https:\/\/www.facebook.com\/Ub\u00e1News-Carlos-Roberto-Sodr\u00e9-418778301977370"]},{"@type":"Person","@id":"https:\/\/ubanews.com\/site\/#\/schema\/person\/d90c9e47252fbb63dcc969fe4c8b9d10","name":"Sodr\u00e9","image":{"@type":"ImageObject","inLanguage":"pt-BR","@id":"https:\/\/secure.gravatar.com\/avatar\/5ba2793f0590b9dbfad3fdec4ee714485b3eef211c9b32ee53d414060454a56c?s=96&d=mm&r=g","url":"https:\/\/secure.gravatar.com\/avatar\/5ba2793f0590b9dbfad3fdec4ee714485b3eef211c9b32ee53d414060454a56c?s=96&d=mm&r=g","contentUrl":"https:\/\/secure.gravatar.com\/avatar\/5ba2793f0590b9dbfad3fdec4ee714485b3eef211c9b32ee53d414060454a56c?s=96&d=mm&r=g","caption":"Sodr\u00e9"},"sameAs":["https:\/\/www.facebook.com\/carosroberto.sodre.5\/"],"url":"https:\/\/ubanews.com\/site\/author\/felipe\/"}]}},"_links":{"self":[{"href":"https:\/\/ubanews.com\/site\/wp-json\/wp\/v2\/posts\/21511","targetHints":{"allow":["GET"]}}],"collection":[{"href":"https:\/\/ubanews.com\/site\/wp-json\/wp\/v2\/posts"}],"about":[{"href":"https:\/\/ubanews.com\/site\/wp-json\/wp\/v2\/types\/post"}],"author":[{"embeddable":true,"href":"https:\/\/ubanews.com\/site\/wp-json\/wp\/v2\/users\/2"}],"replies":[{"embeddable":true,"href":"https:\/\/ubanews.com\/site\/wp-json\/wp\/v2\/comments?post=21511"}],"version-history":[{"count":0,"href":"https:\/\/ubanews.com\/site\/wp-json\/wp\/v2\/posts\/21511\/revisions"}],"wp:featuredmedia":[{"embeddable":true,"href":"https:\/\/ubanews.com\/site\/wp-json\/wp\/v2\/media\/21515"}],"wp:attachment":[{"href":"https:\/\/ubanews.com\/site\/wp-json\/wp\/v2\/media?parent=21511"}],"wp:term":[{"taxonomy":"category","embeddable":true,"href":"https:\/\/ubanews.com\/site\/wp-json\/wp\/v2\/categories?post=21511"},{"taxonomy":"post_tag","embeddable":true,"href":"https:\/\/ubanews.com\/site\/wp-json\/wp\/v2\/tags?post=21511"}],"curies":[{"name":"wp","href":"https:\/\/api.w.org\/{rel}","templated":true}]}}