{"id":21501,"date":"2022-12-19T14:00:58","date_gmt":"2022-12-19T17:00:58","guid":{"rendered":"http:\/\/ubanews.com\/site\/?p=21501"},"modified":"2023-01-03T09:44:06","modified_gmt":"2023-01-03T12:44:06","slug":"pcmg-aprende-quase-40-kg-de-drogas-em-vicosa","status":"publish","type":"post","link":"https:\/\/ubanews.com\/site\/2022\/12\/19\/pcmg-aprende-quase-40-kg-de-drogas-em-vicosa\/","title":{"rendered":"PCMG aprende quase 40 Kg de drogas em Vi\u00e7osa"},"content":{"rendered":"<p>A Pol\u00edcia Civil de Minas Gerais (PCMG) apreendeu em um ve\u00edculo, na madrugada deste domingo (19\/12), quase 40 quilos de drogas \u2013 entre elas, 10 barras de crack e outras 14 de coca\u00edna-, no munic\u00edpio de Vi\u00e7osa, na Zona da Mata mineira. Um suspeito, de 36 anos, foi preso em flagrante por tr\u00e1fico.<\/p>\n<p>Por meio de investiga\u00e7\u00e3o da equipe respons\u00e1vel por apurar crimes relacionadas ao tr\u00e1fico de drogas da 5\u00aa Delegacia Regional em Vi\u00e7osa \u2013 unidade pertencente ao 4\u00ba Departamento da PCMG -, foi poss\u00edvel abordar o ve\u00edculo suspeito e interceptar a carga de drogas, que tinha como destino a cidade de Vi\u00e7osa.<\/p>\n<p>Conforme informa\u00e7\u00f5es do delegado regional em Vi\u00e7osa, Jos\u00e9 Donizetti Teixeira, os entorpecentes est\u00e3o avaliados em, aproximadamente, R$ 1 milh\u00e3o.<\/p>\n<p>Ap\u00f3s a formaliza\u00e7\u00e3o do flagrante na delegacia, o suspeito foi encaminhado ao sistema prisional e permanece \u00e0 disposi\u00e7\u00e3o da Justi\u00e7a.<\/p>\n<p><a href=\"https:\/\/ubanews.com\/site\/wp-content\/uploads\/2023\/01\/WhatsApp-Image-2022-12-19-at-08.47.501.jpeg\"><img decoding=\"async\" class=\"aligncenter size-full wp-image-21502 lazyload\" data-src=\"https:\/\/ubanews.com\/site\/wp-content\/uploads\/2023\/01\/WhatsApp-Image-2022-12-19-at-08.47.501.jpeg\" alt=\"\" width=\"1080\" height=\"1353\" data-srcset=\"https:\/\/ubanews.com\/site\/wp-content\/uploads\/2023\/01\/WhatsApp-Image-2022-12-19-at-08.47.501.jpeg 1080w, https:\/\/ubanews.com\/site\/wp-content\/uploads\/2023\/01\/WhatsApp-Image-2022-12-19-at-08.47.501-239x300.jpeg 239w, https:\/\/ubanews.com\/site\/wp-content\/uploads\/2023\/01\/WhatsApp-Image-2022-12-19-at-08.47.501-817x1024.jpeg 817w, https:\/\/ubanews.com\/site\/wp-content\/uploads\/2023\/01\/WhatsApp-Image-2022-12-19-at-08.47.501-768x962.jpeg 768w\" data-sizes=\"(max-width: 1080px) 100vw, 1080px\" src=\"data:image\/svg+xml;base64,PHN2ZyB3aWR0aD0iMSIgaGVpZ2h0PSIxIiB4bWxucz0iaHR0cDovL3d3dy53My5vcmcvMjAwMC9zdmciPjwvc3ZnPg==\" style=\"--smush-placeholder-width: 1080px; --smush-placeholder-aspect-ratio: 1080\/1353;\" \/><\/a> <a href=\"https:\/\/ubanews.com\/site\/wp-content\/uploads\/2023\/01\/WhatsApp-Image-2022-12-19-at-08.47.51.jpeg\"><img decoding=\"async\" class=\"aligncenter size-full wp-image-21503 lazyload\" data-src=\"https:\/\/ubanews.com\/site\/wp-content\/uploads\/2023\/01\/WhatsApp-Image-2022-12-19-at-08.47.51.jpeg\" alt=\"\" width=\"1080\" height=\"657\" data-srcset=\"https:\/\/ubanews.com\/site\/wp-content\/uploads\/2023\/01\/WhatsApp-Image-2022-12-19-at-08.47.51.jpeg 1080w, https:\/\/ubanews.com\/site\/wp-content\/uploads\/2023\/01\/WhatsApp-Image-2022-12-19-at-08.47.51-300x183.jpeg 300w, https:\/\/ubanews.com\/site\/wp-content\/uploads\/2023\/01\/WhatsApp-Image-2022-12-19-at-08.47.51-1024x623.jpeg 1024w, https:\/\/ubanews.com\/site\/wp-content\/uploads\/2023\/01\/WhatsApp-Image-2022-12-19-at-08.47.51-768x467.jpeg 768w\" data-sizes=\"(max-width: 1080px) 100vw, 1080px\" src=\"data:image\/svg+xml;base64,PHN2ZyB3aWR0aD0iMSIgaGVpZ2h0PSIxIiB4bWxucz0iaHR0cDovL3d3dy53My5vcmcvMjAwMC9zdmciPjwvc3ZnPg==\" style=\"--smush-placeholder-width: 1080px; --smush-placeholder-aspect-ratio: 1080\/657;\" \/><\/a><\/p>\n<p>Assessoria de Comunica\u00e7\u00e3o PCMG<br \/>\nN\u00facleo Avan\u00e7ado do 4\u00ba Departamento de Pol\u00edcia em Juiz de Fora<\/p>\n","protected":false},"excerpt":{"rendered":"<p>A Pol\u00edcia Civil de Minas Gerais (PCMG) apreendeu em um<\/p>\n","protected":false},"author":2,"featured_media":21504,"comment_status":"open","ping_status":"open","sticky":false,"template":"","format":"standard","meta":{"footnotes":""},"categories":[1,13,3],"tags":[],"class_list":["post-21501","post","type-post","status-publish","format-standard","has-post-thumbnail","hentry","category-sem-categoria","category-sintese-das-ocorrencias","category-slide"],"yoast_head":"<!-- This site is optimized with the Yoast SEO plugin v27.2 - https:\/\/yoast.com\/product\/yoast-seo-wordpress\/ -->\n<title>PCMG aprende quase 40 Kg de drogas em Vi\u00e7osa - Ub\u00e1 News<\/title>\n<meta name=\"robots\" content=\"index, follow, max-snippet:-1, max-image-preview:large, max-video-preview:-1\" \/>\n<link rel=\"canonical\" href=\"https:\/\/ubanews.com\/site\/2022\/12\/19\/pcmg-aprende-quase-40-kg-de-drogas-em-vicosa\/\" \/>\n<meta property=\"og:locale\" content=\"pt_BR\" \/>\n<meta property=\"og:type\" content=\"article\" \/>\n<meta property=\"og:title\" content=\"PCMG aprende quase 40 Kg de drogas em Vi\u00e7osa - Ub\u00e1 News\" \/>\n<meta property=\"og:description\" content=\"A Pol\u00edcia Civil de Minas Gerais (PCMG) apreendeu em um\" \/>\n<meta property=\"og:url\" content=\"https:\/\/ubanews.com\/site\/2022\/12\/19\/pcmg-aprende-quase-40-kg-de-drogas-em-vicosa\/\" \/>\n<meta property=\"og:site_name\" content=\"Ub\u00e1 News\" \/>\n<meta property=\"article:publisher\" content=\"https:\/\/www.facebook.com\/Ub%c3%a1News-Carlos-Roberto-Sodr%c3%a9-418778301977370\" \/>\n<meta property=\"article:author\" content=\"https:\/\/www.facebook.com\/carosroberto.sodre.5\/\" \/>\n<meta property=\"article:published_time\" content=\"2022-12-19T17:00:58+00:00\" \/>\n<meta property=\"article:modified_time\" content=\"2023-01-03T12:44:06+00:00\" \/>\n<meta property=\"og:image\" content=\"https:\/\/ubanews.com\/site\/wp-content\/uploads\/2023\/01\/WhatsApp-Image-2022-12-19-at-08.47.50.jpeg\" \/>\n\t<meta property=\"og:image:width\" content=\"1080\" \/>\n\t<meta property=\"og:image:height\" content=\"746\" \/>\n\t<meta property=\"og:image:type\" content=\"image\/jpeg\" \/>\n<meta name=\"author\" content=\"Sodr\u00e9\" \/>\n<meta name=\"twitter:card\" content=\"summary_large_image\" \/>\n<meta name=\"twitter:label1\" content=\"Escrito por\" \/>\n\t<meta name=\"twitter:data1\" content=\"Sodr\u00e9\" \/>\n\t<meta name=\"twitter:label2\" content=\"Est. tempo de leitura\" \/>\n\t<meta name=\"twitter:data2\" content=\"2 minutos\" \/>\n<script type=\"application\/ld+json\" class=\"yoast-schema-graph\">{\"@context\":\"https:\/\/schema.org\",\"@graph\":[{\"@type\":\"Article\",\"@id\":\"https:\/\/ubanews.com\/site\/2022\/12\/19\/pcmg-aprende-quase-40-kg-de-drogas-em-vicosa\/#article\",\"isPartOf\":{\"@id\":\"https:\/\/ubanews.com\/site\/2022\/12\/19\/pcmg-aprende-quase-40-kg-de-drogas-em-vicosa\/\"},\"author\":{\"name\":\"Sodr\u00e9\",\"@id\":\"https:\/\/ubanews.com\/site\/#\/schema\/person\/d90c9e47252fbb63dcc969fe4c8b9d10\"},\"headline\":\"PCMG aprende quase 40 Kg de drogas em Vi\u00e7osa\",\"datePublished\":\"2022-12-19T17:00:58+00:00\",\"dateModified\":\"2023-01-03T12:44:06+00:00\",\"mainEntityOfPage\":{\"@id\":\"https:\/\/ubanews.com\/site\/2022\/12\/19\/pcmg-aprende-quase-40-kg-de-drogas-em-vicosa\/\"},\"wordCount\":179,\"commentCount\":0,\"publisher\":{\"@id\":\"https:\/\/ubanews.com\/site\/#organization\"},\"image\":{\"@id\":\"https:\/\/ubanews.com\/site\/2022\/12\/19\/pcmg-aprende-quase-40-kg-de-drogas-em-vicosa\/#primaryimage\"},\"thumbnailUrl\":\"https:\/\/ubanews.com\/site\/wp-content\/uploads\/2023\/01\/WhatsApp-Image-2022-12-19-at-08.47.50.jpeg\",\"articleSection\":[\"Geral\",\"S\u00edntese das Ocorr\u00eancias\",\"Slide\"],\"inLanguage\":\"pt-BR\",\"potentialAction\":[{\"@type\":\"CommentAction\",\"name\":\"Comment\",\"target\":[\"https:\/\/ubanews.com\/site\/2022\/12\/19\/pcmg-aprende-quase-40-kg-de-drogas-em-vicosa\/#respond\"]}]},{\"@type\":\"WebPage\",\"@id\":\"https:\/\/ubanews.com\/site\/2022\/12\/19\/pcmg-aprende-quase-40-kg-de-drogas-em-vicosa\/\",\"url\":\"https:\/\/ubanews.com\/site\/2022\/12\/19\/pcmg-aprende-quase-40-kg-de-drogas-em-vicosa\/\",\"name\":\"PCMG aprende quase 40 Kg de drogas em Vi\u00e7osa - Ub\u00e1 News\",\"isPartOf\":{\"@id\":\"https:\/\/ubanews.com\/site\/#website\"},\"primaryImageOfPage\":{\"@id\":\"https:\/\/ubanews.com\/site\/2022\/12\/19\/pcmg-aprende-quase-40-kg-de-drogas-em-vicosa\/#primaryimage\"},\"image\":{\"@id\":\"https:\/\/ubanews.com\/site\/2022\/12\/19\/pcmg-aprende-quase-40-kg-de-drogas-em-vicosa\/#primaryimage\"},\"thumbnailUrl\":\"https:\/\/ubanews.com\/site\/wp-content\/uploads\/2023\/01\/WhatsApp-Image-2022-12-19-at-08.47.50.jpeg\",\"datePublished\":\"2022-12-19T17:00:58+00:00\",\"dateModified\":\"2023-01-03T12:44:06+00:00\",\"breadcrumb\":{\"@id\":\"https:\/\/ubanews.com\/site\/2022\/12\/19\/pcmg-aprende-quase-40-kg-de-drogas-em-vicosa\/#breadcrumb\"},\"inLanguage\":\"pt-BR\",\"potentialAction\":[{\"@type\":\"ReadAction\",\"target\":[\"https:\/\/ubanews.com\/site\/2022\/12\/19\/pcmg-aprende-quase-40-kg-de-drogas-em-vicosa\/\"]}]},{\"@type\":\"ImageObject\",\"inLanguage\":\"pt-BR\",\"@id\":\"https:\/\/ubanews.com\/site\/2022\/12\/19\/pcmg-aprende-quase-40-kg-de-drogas-em-vicosa\/#primaryimage\",\"url\":\"https:\/\/ubanews.com\/site\/wp-content\/uploads\/2023\/01\/WhatsApp-Image-2022-12-19-at-08.47.50.jpeg\",\"contentUrl\":\"https:\/\/ubanews.com\/site\/wp-content\/uploads\/2023\/01\/WhatsApp-Image-2022-12-19-at-08.47.50.jpeg\",\"width\":1080,\"height\":746},{\"@type\":\"BreadcrumbList\",\"@id\":\"https:\/\/ubanews.com\/site\/2022\/12\/19\/pcmg-aprende-quase-40-kg-de-drogas-em-vicosa\/#breadcrumb\",\"itemListElement\":[{\"@type\":\"ListItem\",\"position\":1,\"name\":\"Home\",\"item\":\"https:\/\/ubanews.com\/site\/\"},{\"@type\":\"ListItem\",\"position\":2,\"name\":\"PCMG aprende quase 40 Kg de drogas em Vi\u00e7osa\"}]},{\"@type\":\"WebSite\",\"@id\":\"https:\/\/ubanews.com\/site\/#website\",\"url\":\"https:\/\/ubanews.com\/site\/\",\"name\":\"Ub\u00e1 News\",\"description\":\"\",\"publisher\":{\"@id\":\"https:\/\/ubanews.com\/site\/#organization\"},\"potentialAction\":[{\"@type\":\"SearchAction\",\"target\":{\"@type\":\"EntryPoint\",\"urlTemplate\":\"https:\/\/ubanews.com\/site\/?s={search_term_string}\"},\"query-input\":{\"@type\":\"PropertyValueSpecification\",\"valueRequired\":true,\"valueName\":\"search_term_string\"}}],\"inLanguage\":\"pt-BR\"},{\"@type\":\"Organization\",\"@id\":\"https:\/\/ubanews.com\/site\/#organization\",\"name\":\"Ub\u00e1 News\",\"url\":\"https:\/\/ubanews.com\/site\/\",\"logo\":{\"@type\":\"ImageObject\",\"inLanguage\":\"pt-BR\",\"@id\":\"https:\/\/ubanews.com\/site\/#\/schema\/logo\/image\/\",\"url\":\"https:\/\/ubanews.com\/site\/wp-content\/uploads\/2018\/01\/logoubanews.png\",\"contentUrl\":\"https:\/\/ubanews.com\/site\/wp-content\/uploads\/2018\/01\/logoubanews.png\",\"width\":261,\"height\":99,\"caption\":\"Ub\u00e1 News\"},\"image\":{\"@id\":\"https:\/\/ubanews.com\/site\/#\/schema\/logo\/image\/\"},\"sameAs\":[\"https:\/\/www.facebook.com\/Ub\u00e1News-Carlos-Roberto-Sodr\u00e9-418778301977370\"]},{\"@type\":\"Person\",\"@id\":\"https:\/\/ubanews.com\/site\/#\/schema\/person\/d90c9e47252fbb63dcc969fe4c8b9d10\",\"name\":\"Sodr\u00e9\",\"image\":{\"@type\":\"ImageObject\",\"inLanguage\":\"pt-BR\",\"@id\":\"https:\/\/secure.gravatar.com\/avatar\/5ba2793f0590b9dbfad3fdec4ee714485b3eef211c9b32ee53d414060454a56c?s=96&d=mm&r=g\",\"url\":\"https:\/\/secure.gravatar.com\/avatar\/5ba2793f0590b9dbfad3fdec4ee714485b3eef211c9b32ee53d414060454a56c?s=96&d=mm&r=g\",\"contentUrl\":\"https:\/\/secure.gravatar.com\/avatar\/5ba2793f0590b9dbfad3fdec4ee714485b3eef211c9b32ee53d414060454a56c?s=96&d=mm&r=g\",\"caption\":\"Sodr\u00e9\"},\"sameAs\":[\"https:\/\/www.facebook.com\/carosroberto.sodre.5\/\"],\"url\":\"https:\/\/ubanews.com\/site\/author\/felipe\/\"}]}<\/script>\n<!-- \/ Yoast SEO plugin. -->","yoast_head_json":{"title":"PCMG aprende quase 40 Kg de drogas em Vi\u00e7osa - Ub\u00e1 News","robots":{"index":"index","follow":"follow","max-snippet":"max-snippet:-1","max-image-preview":"max-image-preview:large","max-video-preview":"max-video-preview:-1"},"canonical":"https:\/\/ubanews.com\/site\/2022\/12\/19\/pcmg-aprende-quase-40-kg-de-drogas-em-vicosa\/","og_locale":"pt_BR","og_type":"article","og_title":"PCMG aprende quase 40 Kg de drogas em Vi\u00e7osa - Ub\u00e1 News","og_description":"A Pol\u00edcia Civil de Minas Gerais (PCMG) apreendeu em um","og_url":"https:\/\/ubanews.com\/site\/2022\/12\/19\/pcmg-aprende-quase-40-kg-de-drogas-em-vicosa\/","og_site_name":"Ub\u00e1 News","article_publisher":"https:\/\/www.facebook.com\/Ub%c3%a1News-Carlos-Roberto-Sodr%c3%a9-418778301977370","article_author":"https:\/\/www.facebook.com\/carosroberto.sodre.5\/","article_published_time":"2022-12-19T17:00:58+00:00","article_modified_time":"2023-01-03T12:44:06+00:00","og_image":[{"width":1080,"height":746,"url":"https:\/\/ubanews.com\/site\/wp-content\/uploads\/2023\/01\/WhatsApp-Image-2022-12-19-at-08.47.50.jpeg","type":"image\/jpeg"}],"author":"Sodr\u00e9","twitter_card":"summary_large_image","twitter_misc":{"Escrito por":"Sodr\u00e9","Est. tempo de leitura":"2 minutos"},"schema":{"@context":"https:\/\/schema.org","@graph":[{"@type":"Article","@id":"https:\/\/ubanews.com\/site\/2022\/12\/19\/pcmg-aprende-quase-40-kg-de-drogas-em-vicosa\/#article","isPartOf":{"@id":"https:\/\/ubanews.com\/site\/2022\/12\/19\/pcmg-aprende-quase-40-kg-de-drogas-em-vicosa\/"},"author":{"name":"Sodr\u00e9","@id":"https:\/\/ubanews.com\/site\/#\/schema\/person\/d90c9e47252fbb63dcc969fe4c8b9d10"},"headline":"PCMG aprende quase 40 Kg de drogas em Vi\u00e7osa","datePublished":"2022-12-19T17:00:58+00:00","dateModified":"2023-01-03T12:44:06+00:00","mainEntityOfPage":{"@id":"https:\/\/ubanews.com\/site\/2022\/12\/19\/pcmg-aprende-quase-40-kg-de-drogas-em-vicosa\/"},"wordCount":179,"commentCount":0,"publisher":{"@id":"https:\/\/ubanews.com\/site\/#organization"},"image":{"@id":"https:\/\/ubanews.com\/site\/2022\/12\/19\/pcmg-aprende-quase-40-kg-de-drogas-em-vicosa\/#primaryimage"},"thumbnailUrl":"https:\/\/ubanews.com\/site\/wp-content\/uploads\/2023\/01\/WhatsApp-Image-2022-12-19-at-08.47.50.jpeg","articleSection":["Geral","S\u00edntese das Ocorr\u00eancias","Slide"],"inLanguage":"pt-BR","potentialAction":[{"@type":"CommentAction","name":"Comment","target":["https:\/\/ubanews.com\/site\/2022\/12\/19\/pcmg-aprende-quase-40-kg-de-drogas-em-vicosa\/#respond"]}]},{"@type":"WebPage","@id":"https:\/\/ubanews.com\/site\/2022\/12\/19\/pcmg-aprende-quase-40-kg-de-drogas-em-vicosa\/","url":"https:\/\/ubanews.com\/site\/2022\/12\/19\/pcmg-aprende-quase-40-kg-de-drogas-em-vicosa\/","name":"PCMG aprende quase 40 Kg de drogas em Vi\u00e7osa - Ub\u00e1 News","isPartOf":{"@id":"https:\/\/ubanews.com\/site\/#website"},"primaryImageOfPage":{"@id":"https:\/\/ubanews.com\/site\/2022\/12\/19\/pcmg-aprende-quase-40-kg-de-drogas-em-vicosa\/#primaryimage"},"image":{"@id":"https:\/\/ubanews.com\/site\/2022\/12\/19\/pcmg-aprende-quase-40-kg-de-drogas-em-vicosa\/#primaryimage"},"thumbnailUrl":"https:\/\/ubanews.com\/site\/wp-content\/uploads\/2023\/01\/WhatsApp-Image-2022-12-19-at-08.47.50.jpeg","datePublished":"2022-12-19T17:00:58+00:00","dateModified":"2023-01-03T12:44:06+00:00","breadcrumb":{"@id":"https:\/\/ubanews.com\/site\/2022\/12\/19\/pcmg-aprende-quase-40-kg-de-drogas-em-vicosa\/#breadcrumb"},"inLanguage":"pt-BR","potentialAction":[{"@type":"ReadAction","target":["https:\/\/ubanews.com\/site\/2022\/12\/19\/pcmg-aprende-quase-40-kg-de-drogas-em-vicosa\/"]}]},{"@type":"ImageObject","inLanguage":"pt-BR","@id":"https:\/\/ubanews.com\/site\/2022\/12\/19\/pcmg-aprende-quase-40-kg-de-drogas-em-vicosa\/#primaryimage","url":"https:\/\/ubanews.com\/site\/wp-content\/uploads\/2023\/01\/WhatsApp-Image-2022-12-19-at-08.47.50.jpeg","contentUrl":"https:\/\/ubanews.com\/site\/wp-content\/uploads\/2023\/01\/WhatsApp-Image-2022-12-19-at-08.47.50.jpeg","width":1080,"height":746},{"@type":"BreadcrumbList","@id":"https:\/\/ubanews.com\/site\/2022\/12\/19\/pcmg-aprende-quase-40-kg-de-drogas-em-vicosa\/#breadcrumb","itemListElement":[{"@type":"ListItem","position":1,"name":"Home","item":"https:\/\/ubanews.com\/site\/"},{"@type":"ListItem","position":2,"name":"PCMG aprende quase 40 Kg de drogas em Vi\u00e7osa"}]},{"@type":"WebSite","@id":"https:\/\/ubanews.com\/site\/#website","url":"https:\/\/ubanews.com\/site\/","name":"Ub\u00e1 News","description":"","publisher":{"@id":"https:\/\/ubanews.com\/site\/#organization"},"potentialAction":[{"@type":"SearchAction","target":{"@type":"EntryPoint","urlTemplate":"https:\/\/ubanews.com\/site\/?s={search_term_string}"},"query-input":{"@type":"PropertyValueSpecification","valueRequired":true,"valueName":"search_term_string"}}],"inLanguage":"pt-BR"},{"@type":"Organization","@id":"https:\/\/ubanews.com\/site\/#organization","name":"Ub\u00e1 News","url":"https:\/\/ubanews.com\/site\/","logo":{"@type":"ImageObject","inLanguage":"pt-BR","@id":"https:\/\/ubanews.com\/site\/#\/schema\/logo\/image\/","url":"https:\/\/ubanews.com\/site\/wp-content\/uploads\/2018\/01\/logoubanews.png","contentUrl":"https:\/\/ubanews.com\/site\/wp-content\/uploads\/2018\/01\/logoubanews.png","width":261,"height":99,"caption":"Ub\u00e1 News"},"image":{"@id":"https:\/\/ubanews.com\/site\/#\/schema\/logo\/image\/"},"sameAs":["https:\/\/www.facebook.com\/Ub\u00e1News-Carlos-Roberto-Sodr\u00e9-418778301977370"]},{"@type":"Person","@id":"https:\/\/ubanews.com\/site\/#\/schema\/person\/d90c9e47252fbb63dcc969fe4c8b9d10","name":"Sodr\u00e9","image":{"@type":"ImageObject","inLanguage":"pt-BR","@id":"https:\/\/secure.gravatar.com\/avatar\/5ba2793f0590b9dbfad3fdec4ee714485b3eef211c9b32ee53d414060454a56c?s=96&d=mm&r=g","url":"https:\/\/secure.gravatar.com\/avatar\/5ba2793f0590b9dbfad3fdec4ee714485b3eef211c9b32ee53d414060454a56c?s=96&d=mm&r=g","contentUrl":"https:\/\/secure.gravatar.com\/avatar\/5ba2793f0590b9dbfad3fdec4ee714485b3eef211c9b32ee53d414060454a56c?s=96&d=mm&r=g","caption":"Sodr\u00e9"},"sameAs":["https:\/\/www.facebook.com\/carosroberto.sodre.5\/"],"url":"https:\/\/ubanews.com\/site\/author\/felipe\/"}]}},"_links":{"self":[{"href":"https:\/\/ubanews.com\/site\/wp-json\/wp\/v2\/posts\/21501","targetHints":{"allow":["GET"]}}],"collection":[{"href":"https:\/\/ubanews.com\/site\/wp-json\/wp\/v2\/posts"}],"about":[{"href":"https:\/\/ubanews.com\/site\/wp-json\/wp\/v2\/types\/post"}],"author":[{"embeddable":true,"href":"https:\/\/ubanews.com\/site\/wp-json\/wp\/v2\/users\/2"}],"replies":[{"embeddable":true,"href":"https:\/\/ubanews.com\/site\/wp-json\/wp\/v2\/comments?post=21501"}],"version-history":[{"count":0,"href":"https:\/\/ubanews.com\/site\/wp-json\/wp\/v2\/posts\/21501\/revisions"}],"wp:featuredmedia":[{"embeddable":true,"href":"https:\/\/ubanews.com\/site\/wp-json\/wp\/v2\/media\/21504"}],"wp:attachment":[{"href":"https:\/\/ubanews.com\/site\/wp-json\/wp\/v2\/media?parent=21501"}],"wp:term":[{"taxonomy":"category","embeddable":true,"href":"https:\/\/ubanews.com\/site\/wp-json\/wp\/v2\/categories?post=21501"},{"taxonomy":"post_tag","embeddable":true,"href":"https:\/\/ubanews.com\/site\/wp-json\/wp\/v2\/tags?post=21501"}],"curies":[{"name":"wp","href":"https:\/\/api.w.org\/{rel}","templated":true}]}}