{"id":21491,"date":"2022-12-07T18:00:49","date_gmt":"2022-12-07T21:00:49","guid":{"rendered":"http:\/\/ubanews.com\/site\/?p=21491"},"modified":"2023-01-03T09:13:33","modified_gmt":"2023-01-03T12:13:33","slug":"prefeitura-publica-decreto-sobre-a-retomada-do-uso-de-mascara","status":"publish","type":"post","link":"https:\/\/ubanews.com\/site\/2022\/12\/07\/prefeitura-publica-decreto-sobre-a-retomada-do-uso-de-mascara\/","title":{"rendered":"Prefeitura publica decreto sobre a retomada do uso de m\u00e1scara"},"content":{"rendered":"<div>\n<p><span style=\"font-family: arial, sans-serif; font-size: 1.0625rem;\">Ap\u00f3s a Secretaria Municipal de Sa\u00fade detectar um aumento significativo dos casos ativos da Covid-19 no munic\u00edpio, por meio do <\/span><a style=\"font-family: arial, sans-serif; font-size: 1.0625rem;\" href=\"https:\/\/www.uba.mg.gov.br\/abrir_arquivo.aspx?cdLocal=12&amp;arquivo=%7B71817EDC-A5EA-CC27-8DCB-6CCD04BE6B4D%7D.pdf\" target=\"_blank\" rel=\"noopener noreferrer\" data-saferedirecturl=\"https:\/\/www.google.com\/url?q=https:\/\/www.uba.mg.gov.br\/abrir_arquivo.aspx?cdLocal%3D12%26arquivo%3D%257B71817EDC-A5EA-CC27-8DCB-6CCD04BE6B4D%257D.pdf&amp;source=gmail&amp;ust=1672834279313000&amp;usg=AOvVaw1dxqaLIxiDnZGH1yuEjynr\">Decreto N\u00ba 6.900\/2022<\/a><span style=\"font-family: arial, sans-serif; font-size: 1.0625rem;\">, o uso de m\u00e1scara ou cobertura facial sobre o nariz e boca foi retomado em Ub\u00e1.<\/span><\/p>\n<\/div>\n<div>\n<p><span style=\"font-family: arial, sans-serif;\">Nos estabelecimentos e servi\u00e7os de sa\u00fade como: hospitais; unidades de Pronto Atendimento; Unidades B\u00e1sicas de Sa\u00fade; servi\u00e7os m\u00f3veis de emerg\u00eancia, consult\u00f3rios m\u00e9dicos e cl\u00ednicas especializadas; servi\u00e7os de vacina\u00e7\u00e3o; laborat\u00f3rios de an\u00e1lises cl\u00ednicas e servi\u00e7os de diagn\u00f3sticos por imagem a utiliza\u00e7\u00e3o do equipamento de prote\u00e7\u00e3o \u00e9&nbsp;<u>obrigat\u00f3ria<\/u>.<\/span><\/p>\n<p><span style=\"font-family: arial, sans-serif;\">J\u00e1 em ambientes fechados, tais como escolas, com\u00e9rcio, ind\u00fastrias, supermercados, bancos, igrejas e reparti\u00e7\u00f5es p\u00fablicas, e no transporte p\u00fablico coletivo o uso de m\u00e1scara \u00e9 recomendado.<\/span><\/p>\n<p><span style=\"font-family: arial, sans-serif;\">A Secretaria de Sa\u00fade tamb\u00e9m refor\u00e7a a import\u00e2ncia do uso de m\u00e1scara em ambientes abertos e fechados para pessoas nas seguintes situa\u00e7\u00f5es: com sintomas gripais, testadas positivas para a doen\u00e7a e que tiveram contato com pessoas com Covid-19.<\/span><\/p>\n<p><span style=\"font-family: arial, sans-serif;\">O Decreto, assinado pelo Prefeito Edson Teixeira Filho, foi publicado na edi\u00e7\u00e3o do Di\u00e1rio Oficial desta quarta-feira (07) e entra em vigor a partir do dia 12 de dezembro de 2022.<\/span><\/p>\n<p><span style=\"font-family: arial, sans-serif;\">A Secretaria de Sa\u00fade alerta para a continuidade dos cuidados individuais contra a doen\u00e7a, como o uso cont\u00ednuo de \u00e1lcool em gel para a higieniza\u00e7\u00e3o das m\u00e3os, o uso de m\u00e1scaras de prote\u00e7\u00e3o, o distanciamento social e a vacina\u00e7\u00e3o.<\/span><\/p>\n<p style=\"font-weight: 400;\">Assessoria de Comunica\u00e7\u00e3o<br \/>\nPrefeitura de Ub\u00e1<\/p>\n<\/div>\n","protected":false},"excerpt":{"rendered":"<p>Ap\u00f3s a Secretaria Municipal de Sa\u00fade detectar um aumento significativo<\/p>\n","protected":false},"author":2,"featured_media":16610,"comment_status":"open","ping_status":"open","sticky":false,"template":"","format":"standard","meta":{"footnotes":""},"categories":[1,15,3],"tags":[],"class_list":["post-21491","post","type-post","status-publish","format-standard","has-post-thumbnail","hentry","category-sem-categoria","category-prefeitura-municipal","category-slide"],"yoast_head":"<!-- This site is optimized with the Yoast SEO plugin v27.2 - https:\/\/yoast.com\/product\/yoast-seo-wordpress\/ -->\n<title>Prefeitura publica decreto sobre a retomada do uso de m\u00e1scara - Ub\u00e1 News<\/title>\n<meta name=\"robots\" content=\"index, follow, max-snippet:-1, max-image-preview:large, max-video-preview:-1\" \/>\n<link rel=\"canonical\" href=\"https:\/\/ubanews.com\/site\/2022\/12\/07\/prefeitura-publica-decreto-sobre-a-retomada-do-uso-de-mascara\/\" \/>\n<meta property=\"og:locale\" content=\"pt_BR\" \/>\n<meta property=\"og:type\" content=\"article\" \/>\n<meta property=\"og:title\" content=\"Prefeitura publica decreto sobre a retomada do uso de m\u00e1scara - Ub\u00e1 News\" \/>\n<meta property=\"og:description\" content=\"Ap\u00f3s a Secretaria Municipal de Sa\u00fade detectar um aumento significativo\" \/>\n<meta property=\"og:url\" content=\"https:\/\/ubanews.com\/site\/2022\/12\/07\/prefeitura-publica-decreto-sobre-a-retomada-do-uso-de-mascara\/\" \/>\n<meta property=\"og:site_name\" content=\"Ub\u00e1 News\" \/>\n<meta property=\"article:publisher\" content=\"https:\/\/www.facebook.com\/Ub%c3%a1News-Carlos-Roberto-Sodr%c3%a9-418778301977370\" \/>\n<meta property=\"article:author\" content=\"https:\/\/www.facebook.com\/carosroberto.sodre.5\/\" \/>\n<meta property=\"article:published_time\" content=\"2022-12-07T21:00:49+00:00\" \/>\n<meta property=\"article:modified_time\" content=\"2023-01-03T12:13:33+00:00\" \/>\n<meta property=\"og:image\" content=\"https:\/\/ubanews.com\/site\/wp-content\/uploads\/2020\/05\/Mascaras.jpg\" \/>\n\t<meta property=\"og:image:width\" content=\"1000\" \/>\n\t<meta property=\"og:image:height\" content=\"500\" \/>\n\t<meta property=\"og:image:type\" content=\"image\/jpeg\" \/>\n<meta name=\"author\" content=\"Sodr\u00e9\" \/>\n<meta name=\"twitter:card\" content=\"summary_large_image\" \/>\n<meta name=\"twitter:label1\" content=\"Escrito por\" \/>\n\t<meta name=\"twitter:data1\" content=\"Sodr\u00e9\" \/>\n\t<meta name=\"twitter:label2\" content=\"Est. tempo de leitura\" \/>\n\t<meta name=\"twitter:data2\" content=\"1 minuto\" \/>\n<script type=\"application\/ld+json\" class=\"yoast-schema-graph\">{\"@context\":\"https:\/\/schema.org\",\"@graph\":[{\"@type\":\"Article\",\"@id\":\"https:\/\/ubanews.com\/site\/2022\/12\/07\/prefeitura-publica-decreto-sobre-a-retomada-do-uso-de-mascara\/#article\",\"isPartOf\":{\"@id\":\"https:\/\/ubanews.com\/site\/2022\/12\/07\/prefeitura-publica-decreto-sobre-a-retomada-do-uso-de-mascara\/\"},\"author\":{\"name\":\"Sodr\u00e9\",\"@id\":\"https:\/\/ubanews.com\/site\/#\/schema\/person\/d90c9e47252fbb63dcc969fe4c8b9d10\"},\"headline\":\"Prefeitura publica decreto sobre a retomada do uso de m\u00e1scara\",\"datePublished\":\"2022-12-07T21:00:49+00:00\",\"dateModified\":\"2023-01-03T12:13:33+00:00\",\"mainEntityOfPage\":{\"@id\":\"https:\/\/ubanews.com\/site\/2022\/12\/07\/prefeitura-publica-decreto-sobre-a-retomada-do-uso-de-mascara\/\"},\"wordCount\":279,\"commentCount\":0,\"publisher\":{\"@id\":\"https:\/\/ubanews.com\/site\/#organization\"},\"image\":{\"@id\":\"https:\/\/ubanews.com\/site\/2022\/12\/07\/prefeitura-publica-decreto-sobre-a-retomada-do-uso-de-mascara\/#primaryimage\"},\"thumbnailUrl\":\"https:\/\/ubanews.com\/site\/wp-content\/uploads\/2020\/05\/Mascaras.jpg\",\"articleSection\":[\"Geral\",\"Prefeitura Municipal\",\"Slide\"],\"inLanguage\":\"pt-BR\",\"potentialAction\":[{\"@type\":\"CommentAction\",\"name\":\"Comment\",\"target\":[\"https:\/\/ubanews.com\/site\/2022\/12\/07\/prefeitura-publica-decreto-sobre-a-retomada-do-uso-de-mascara\/#respond\"]}]},{\"@type\":\"WebPage\",\"@id\":\"https:\/\/ubanews.com\/site\/2022\/12\/07\/prefeitura-publica-decreto-sobre-a-retomada-do-uso-de-mascara\/\",\"url\":\"https:\/\/ubanews.com\/site\/2022\/12\/07\/prefeitura-publica-decreto-sobre-a-retomada-do-uso-de-mascara\/\",\"name\":\"Prefeitura publica decreto sobre a retomada do uso de m\u00e1scara - Ub\u00e1 News\",\"isPartOf\":{\"@id\":\"https:\/\/ubanews.com\/site\/#website\"},\"primaryImageOfPage\":{\"@id\":\"https:\/\/ubanews.com\/site\/2022\/12\/07\/prefeitura-publica-decreto-sobre-a-retomada-do-uso-de-mascara\/#primaryimage\"},\"image\":{\"@id\":\"https:\/\/ubanews.com\/site\/2022\/12\/07\/prefeitura-publica-decreto-sobre-a-retomada-do-uso-de-mascara\/#primaryimage\"},\"thumbnailUrl\":\"https:\/\/ubanews.com\/site\/wp-content\/uploads\/2020\/05\/Mascaras.jpg\",\"datePublished\":\"2022-12-07T21:00:49+00:00\",\"dateModified\":\"2023-01-03T12:13:33+00:00\",\"breadcrumb\":{\"@id\":\"https:\/\/ubanews.com\/site\/2022\/12\/07\/prefeitura-publica-decreto-sobre-a-retomada-do-uso-de-mascara\/#breadcrumb\"},\"inLanguage\":\"pt-BR\",\"potentialAction\":[{\"@type\":\"ReadAction\",\"target\":[\"https:\/\/ubanews.com\/site\/2022\/12\/07\/prefeitura-publica-decreto-sobre-a-retomada-do-uso-de-mascara\/\"]}]},{\"@type\":\"ImageObject\",\"inLanguage\":\"pt-BR\",\"@id\":\"https:\/\/ubanews.com\/site\/2022\/12\/07\/prefeitura-publica-decreto-sobre-a-retomada-do-uso-de-mascara\/#primaryimage\",\"url\":\"https:\/\/ubanews.com\/site\/wp-content\/uploads\/2020\/05\/Mascaras.jpg\",\"contentUrl\":\"https:\/\/ubanews.com\/site\/wp-content\/uploads\/2020\/05\/Mascaras.jpg\",\"width\":1000,\"height\":500},{\"@type\":\"BreadcrumbList\",\"@id\":\"https:\/\/ubanews.com\/site\/2022\/12\/07\/prefeitura-publica-decreto-sobre-a-retomada-do-uso-de-mascara\/#breadcrumb\",\"itemListElement\":[{\"@type\":\"ListItem\",\"position\":1,\"name\":\"Home\",\"item\":\"https:\/\/ubanews.com\/site\/\"},{\"@type\":\"ListItem\",\"position\":2,\"name\":\"Prefeitura publica decreto sobre a retomada do uso de m\u00e1scara\"}]},{\"@type\":\"WebSite\",\"@id\":\"https:\/\/ubanews.com\/site\/#website\",\"url\":\"https:\/\/ubanews.com\/site\/\",\"name\":\"Ub\u00e1 News\",\"description\":\"\",\"publisher\":{\"@id\":\"https:\/\/ubanews.com\/site\/#organization\"},\"potentialAction\":[{\"@type\":\"SearchAction\",\"target\":{\"@type\":\"EntryPoint\",\"urlTemplate\":\"https:\/\/ubanews.com\/site\/?s={search_term_string}\"},\"query-input\":{\"@type\":\"PropertyValueSpecification\",\"valueRequired\":true,\"valueName\":\"search_term_string\"}}],\"inLanguage\":\"pt-BR\"},{\"@type\":\"Organization\",\"@id\":\"https:\/\/ubanews.com\/site\/#organization\",\"name\":\"Ub\u00e1 News\",\"url\":\"https:\/\/ubanews.com\/site\/\",\"logo\":{\"@type\":\"ImageObject\",\"inLanguage\":\"pt-BR\",\"@id\":\"https:\/\/ubanews.com\/site\/#\/schema\/logo\/image\/\",\"url\":\"https:\/\/ubanews.com\/site\/wp-content\/uploads\/2018\/01\/logoubanews.png\",\"contentUrl\":\"https:\/\/ubanews.com\/site\/wp-content\/uploads\/2018\/01\/logoubanews.png\",\"width\":261,\"height\":99,\"caption\":\"Ub\u00e1 News\"},\"image\":{\"@id\":\"https:\/\/ubanews.com\/site\/#\/schema\/logo\/image\/\"},\"sameAs\":[\"https:\/\/www.facebook.com\/Ub\u00e1News-Carlos-Roberto-Sodr\u00e9-418778301977370\"]},{\"@type\":\"Person\",\"@id\":\"https:\/\/ubanews.com\/site\/#\/schema\/person\/d90c9e47252fbb63dcc969fe4c8b9d10\",\"name\":\"Sodr\u00e9\",\"image\":{\"@type\":\"ImageObject\",\"inLanguage\":\"pt-BR\",\"@id\":\"https:\/\/secure.gravatar.com\/avatar\/5ba2793f0590b9dbfad3fdec4ee714485b3eef211c9b32ee53d414060454a56c?s=96&d=mm&r=g\",\"url\":\"https:\/\/secure.gravatar.com\/avatar\/5ba2793f0590b9dbfad3fdec4ee714485b3eef211c9b32ee53d414060454a56c?s=96&d=mm&r=g\",\"contentUrl\":\"https:\/\/secure.gravatar.com\/avatar\/5ba2793f0590b9dbfad3fdec4ee714485b3eef211c9b32ee53d414060454a56c?s=96&d=mm&r=g\",\"caption\":\"Sodr\u00e9\"},\"sameAs\":[\"https:\/\/www.facebook.com\/carosroberto.sodre.5\/\"],\"url\":\"https:\/\/ubanews.com\/site\/author\/felipe\/\"}]}<\/script>\n<!-- \/ Yoast SEO plugin. -->","yoast_head_json":{"title":"Prefeitura publica decreto sobre a retomada do uso de m\u00e1scara - Ub\u00e1 News","robots":{"index":"index","follow":"follow","max-snippet":"max-snippet:-1","max-image-preview":"max-image-preview:large","max-video-preview":"max-video-preview:-1"},"canonical":"https:\/\/ubanews.com\/site\/2022\/12\/07\/prefeitura-publica-decreto-sobre-a-retomada-do-uso-de-mascara\/","og_locale":"pt_BR","og_type":"article","og_title":"Prefeitura publica decreto sobre a retomada do uso de m\u00e1scara - Ub\u00e1 News","og_description":"Ap\u00f3s a Secretaria Municipal de Sa\u00fade detectar um aumento significativo","og_url":"https:\/\/ubanews.com\/site\/2022\/12\/07\/prefeitura-publica-decreto-sobre-a-retomada-do-uso-de-mascara\/","og_site_name":"Ub\u00e1 News","article_publisher":"https:\/\/www.facebook.com\/Ub%c3%a1News-Carlos-Roberto-Sodr%c3%a9-418778301977370","article_author":"https:\/\/www.facebook.com\/carosroberto.sodre.5\/","article_published_time":"2022-12-07T21:00:49+00:00","article_modified_time":"2023-01-03T12:13:33+00:00","og_image":[{"width":1000,"height":500,"url":"https:\/\/ubanews.com\/site\/wp-content\/uploads\/2020\/05\/Mascaras.jpg","type":"image\/jpeg"}],"author":"Sodr\u00e9","twitter_card":"summary_large_image","twitter_misc":{"Escrito por":"Sodr\u00e9","Est. tempo de leitura":"1 minuto"},"schema":{"@context":"https:\/\/schema.org","@graph":[{"@type":"Article","@id":"https:\/\/ubanews.com\/site\/2022\/12\/07\/prefeitura-publica-decreto-sobre-a-retomada-do-uso-de-mascara\/#article","isPartOf":{"@id":"https:\/\/ubanews.com\/site\/2022\/12\/07\/prefeitura-publica-decreto-sobre-a-retomada-do-uso-de-mascara\/"},"author":{"name":"Sodr\u00e9","@id":"https:\/\/ubanews.com\/site\/#\/schema\/person\/d90c9e47252fbb63dcc969fe4c8b9d10"},"headline":"Prefeitura publica decreto sobre a retomada do uso de m\u00e1scara","datePublished":"2022-12-07T21:00:49+00:00","dateModified":"2023-01-03T12:13:33+00:00","mainEntityOfPage":{"@id":"https:\/\/ubanews.com\/site\/2022\/12\/07\/prefeitura-publica-decreto-sobre-a-retomada-do-uso-de-mascara\/"},"wordCount":279,"commentCount":0,"publisher":{"@id":"https:\/\/ubanews.com\/site\/#organization"},"image":{"@id":"https:\/\/ubanews.com\/site\/2022\/12\/07\/prefeitura-publica-decreto-sobre-a-retomada-do-uso-de-mascara\/#primaryimage"},"thumbnailUrl":"https:\/\/ubanews.com\/site\/wp-content\/uploads\/2020\/05\/Mascaras.jpg","articleSection":["Geral","Prefeitura Municipal","Slide"],"inLanguage":"pt-BR","potentialAction":[{"@type":"CommentAction","name":"Comment","target":["https:\/\/ubanews.com\/site\/2022\/12\/07\/prefeitura-publica-decreto-sobre-a-retomada-do-uso-de-mascara\/#respond"]}]},{"@type":"WebPage","@id":"https:\/\/ubanews.com\/site\/2022\/12\/07\/prefeitura-publica-decreto-sobre-a-retomada-do-uso-de-mascara\/","url":"https:\/\/ubanews.com\/site\/2022\/12\/07\/prefeitura-publica-decreto-sobre-a-retomada-do-uso-de-mascara\/","name":"Prefeitura publica decreto sobre a retomada do uso de m\u00e1scara - Ub\u00e1 News","isPartOf":{"@id":"https:\/\/ubanews.com\/site\/#website"},"primaryImageOfPage":{"@id":"https:\/\/ubanews.com\/site\/2022\/12\/07\/prefeitura-publica-decreto-sobre-a-retomada-do-uso-de-mascara\/#primaryimage"},"image":{"@id":"https:\/\/ubanews.com\/site\/2022\/12\/07\/prefeitura-publica-decreto-sobre-a-retomada-do-uso-de-mascara\/#primaryimage"},"thumbnailUrl":"https:\/\/ubanews.com\/site\/wp-content\/uploads\/2020\/05\/Mascaras.jpg","datePublished":"2022-12-07T21:00:49+00:00","dateModified":"2023-01-03T12:13:33+00:00","breadcrumb":{"@id":"https:\/\/ubanews.com\/site\/2022\/12\/07\/prefeitura-publica-decreto-sobre-a-retomada-do-uso-de-mascara\/#breadcrumb"},"inLanguage":"pt-BR","potentialAction":[{"@type":"ReadAction","target":["https:\/\/ubanews.com\/site\/2022\/12\/07\/prefeitura-publica-decreto-sobre-a-retomada-do-uso-de-mascara\/"]}]},{"@type":"ImageObject","inLanguage":"pt-BR","@id":"https:\/\/ubanews.com\/site\/2022\/12\/07\/prefeitura-publica-decreto-sobre-a-retomada-do-uso-de-mascara\/#primaryimage","url":"https:\/\/ubanews.com\/site\/wp-content\/uploads\/2020\/05\/Mascaras.jpg","contentUrl":"https:\/\/ubanews.com\/site\/wp-content\/uploads\/2020\/05\/Mascaras.jpg","width":1000,"height":500},{"@type":"BreadcrumbList","@id":"https:\/\/ubanews.com\/site\/2022\/12\/07\/prefeitura-publica-decreto-sobre-a-retomada-do-uso-de-mascara\/#breadcrumb","itemListElement":[{"@type":"ListItem","position":1,"name":"Home","item":"https:\/\/ubanews.com\/site\/"},{"@type":"ListItem","position":2,"name":"Prefeitura publica decreto sobre a retomada do uso de m\u00e1scara"}]},{"@type":"WebSite","@id":"https:\/\/ubanews.com\/site\/#website","url":"https:\/\/ubanews.com\/site\/","name":"Ub\u00e1 News","description":"","publisher":{"@id":"https:\/\/ubanews.com\/site\/#organization"},"potentialAction":[{"@type":"SearchAction","target":{"@type":"EntryPoint","urlTemplate":"https:\/\/ubanews.com\/site\/?s={search_term_string}"},"query-input":{"@type":"PropertyValueSpecification","valueRequired":true,"valueName":"search_term_string"}}],"inLanguage":"pt-BR"},{"@type":"Organization","@id":"https:\/\/ubanews.com\/site\/#organization","name":"Ub\u00e1 News","url":"https:\/\/ubanews.com\/site\/","logo":{"@type":"ImageObject","inLanguage":"pt-BR","@id":"https:\/\/ubanews.com\/site\/#\/schema\/logo\/image\/","url":"https:\/\/ubanews.com\/site\/wp-content\/uploads\/2018\/01\/logoubanews.png","contentUrl":"https:\/\/ubanews.com\/site\/wp-content\/uploads\/2018\/01\/logoubanews.png","width":261,"height":99,"caption":"Ub\u00e1 News"},"image":{"@id":"https:\/\/ubanews.com\/site\/#\/schema\/logo\/image\/"},"sameAs":["https:\/\/www.facebook.com\/Ub\u00e1News-Carlos-Roberto-Sodr\u00e9-418778301977370"]},{"@type":"Person","@id":"https:\/\/ubanews.com\/site\/#\/schema\/person\/d90c9e47252fbb63dcc969fe4c8b9d10","name":"Sodr\u00e9","image":{"@type":"ImageObject","inLanguage":"pt-BR","@id":"https:\/\/secure.gravatar.com\/avatar\/5ba2793f0590b9dbfad3fdec4ee714485b3eef211c9b32ee53d414060454a56c?s=96&d=mm&r=g","url":"https:\/\/secure.gravatar.com\/avatar\/5ba2793f0590b9dbfad3fdec4ee714485b3eef211c9b32ee53d414060454a56c?s=96&d=mm&r=g","contentUrl":"https:\/\/secure.gravatar.com\/avatar\/5ba2793f0590b9dbfad3fdec4ee714485b3eef211c9b32ee53d414060454a56c?s=96&d=mm&r=g","caption":"Sodr\u00e9"},"sameAs":["https:\/\/www.facebook.com\/carosroberto.sodre.5\/"],"url":"https:\/\/ubanews.com\/site\/author\/felipe\/"}]}},"_links":{"self":[{"href":"https:\/\/ubanews.com\/site\/wp-json\/wp\/v2\/posts\/21491","targetHints":{"allow":["GET"]}}],"collection":[{"href":"https:\/\/ubanews.com\/site\/wp-json\/wp\/v2\/posts"}],"about":[{"href":"https:\/\/ubanews.com\/site\/wp-json\/wp\/v2\/types\/post"}],"author":[{"embeddable":true,"href":"https:\/\/ubanews.com\/site\/wp-json\/wp\/v2\/users\/2"}],"replies":[{"embeddable":true,"href":"https:\/\/ubanews.com\/site\/wp-json\/wp\/v2\/comments?post=21491"}],"version-history":[{"count":0,"href":"https:\/\/ubanews.com\/site\/wp-json\/wp\/v2\/posts\/21491\/revisions"}],"wp:featuredmedia":[{"embeddable":true,"href":"https:\/\/ubanews.com\/site\/wp-json\/wp\/v2\/media\/16610"}],"wp:attachment":[{"href":"https:\/\/ubanews.com\/site\/wp-json\/wp\/v2\/media?parent=21491"}],"wp:term":[{"taxonomy":"category","embeddable":true,"href":"https:\/\/ubanews.com\/site\/wp-json\/wp\/v2\/categories?post=21491"},{"taxonomy":"post_tag","embeddable":true,"href":"https:\/\/ubanews.com\/site\/wp-json\/wp\/v2\/tags?post=21491"}],"curies":[{"name":"wp","href":"https:\/\/api.w.org\/{rel}","templated":true}]}}