{"id":21466,"date":"2022-11-09T15:00:08","date_gmt":"2022-11-09T18:00:08","guid":{"rendered":"http:\/\/ubanews.com\/site\/?p=21466"},"modified":"2022-12-01T17:59:13","modified_gmt":"2022-12-01T20:59:13","slug":"uba-realiza-campanha-de-vacinacao-contra-a-meningite-c","status":"publish","type":"post","link":"https:\/\/ubanews.com\/site\/2022\/11\/09\/uba-realiza-campanha-de-vacinacao-contra-a-meningite-c\/","title":{"rendered":"Ub\u00e1 realiza campanha de vacina\u00e7\u00e3o contra a Meningite C"},"content":{"rendered":"<p><strong>Ub\u00e1 realiza campanha de vacina\u00e7\u00e3o contra a Meningite C<\/strong><\/p>\n<p>Seguindo recomenda\u00e7\u00e3o do Minist\u00e9rio da Sa\u00fade, a Prefeitura de Ub\u00e1 ampliou o p\u00fablico-alvo para a vacina\u00e7\u00e3o contra a meningite. A campanha de vacina\u00e7\u00e3o acontece no per\u00edodo de novembro de 2022 a fevereiro de 2023.<\/p>\n<p>Podem receber o imunizante da Meningoc\u00f3cica C jovens de 16 a 30 anos, trabalhadores da educa\u00e7\u00e3o superior e de escolas t\u00e9cnicas acima dos 16 anos, profissionais de sa\u00fade com 16 anos ou mais e estudantes universit\u00e1rios, sem limite de idade.<\/p>\n<p>A vacina ser\u00e1 oferecida nas Unidades B\u00e1sicas de Sa\u00fade do munic\u00edpio, das 08h \u00e0s 15h30, e na Policl\u00ednica Regional, das 08h \u00e0s 18h. Para ser imunizado, \u00e9 necess\u00e1rio apresentar o cart\u00e3o de vacina\u00e7\u00e3o, CPF, cart\u00e3o do SUS e comprovante de profissional da sa\u00fade, da educa\u00e7\u00e3o ou de estudante (pessoas acima de 30 anos).<\/p>\n<p><strong>PROGRAMA\u00c7\u00c3O<\/strong><\/p>\n<p><strong>Segunda a sexta-feira, de 08h \u00e0s 18h, na Policl\u00ednica<\/strong><\/p>\n<p>&#8211; Vacina\u00e7\u00e3o de pessoas de 16 a 30 anos;<\/p>\n<p>&#8211; Vacina\u00e7\u00e3o de trabalhadores da sa\u00fade e da educa\u00e7\u00e3o superior e de escolas t\u00e9cnicas (acima de 16 anos);<\/p>\n<p>&#8211; Vacina\u00e7\u00e3o de estudantes universit\u00e1rios.<\/p>\n<p><strong>Segunda a sexta-feira, de 08h \u00e0s 15h30, nas Unidades de Sa\u00fade: Santa Bernadete\/Industrial, Palmeiras, S\u00e3o Jos\u00e9, Peluso, S\u00e3o Sebasti\u00e3o, Eldorado\/S\u00e3o Domingos, Santa Edwiges, Cohab, Cibraci, Pires da Luz, S\u00e3o Jo\u00e3o, Bom Pastor, Col\u00f4nia, Schiavon, Ubari e Miragaia<\/strong><\/p>\n<p>&#8211; Vacina\u00e7\u00e3o de pessoas de 16 a 30 anos;<\/p>\n<p>&#8211; Vacina\u00e7\u00e3o de trabalhadores da sa\u00fade e da educa\u00e7\u00e3o superior e de escolas t\u00e9cnicas (acima de 16 anos);<\/p>\n<p>&#8211; Vacina\u00e7\u00e3o de estudantes universit\u00e1rios.<\/p>\n<p><strong>Documentos obrigat\u00f3rios:&nbsp;<\/strong>Cart\u00e3o de vacina, cart\u00e3o do SUS, CPF, comprovante de profissional da sa\u00fade, da educa\u00e7\u00e3o ou de estudante (pessoas acima de 30 anos).<\/p>\n<p style=\"font-weight: 400;\">Assessoria de Comunica\u00e7\u00e3o<br \/>\nPrefeitura de Ub\u00e1<\/p>\n","protected":false},"excerpt":{"rendered":"<p>Ub\u00e1 realiza campanha de vacina\u00e7\u00e3o contra a Meningite C Seguindo<\/p>\n","protected":false},"author":2,"featured_media":21046,"comment_status":"open","ping_status":"open","sticky":false,"template":"","format":"standard","meta":{"footnotes":""},"categories":[1,15,3],"tags":[],"class_list":["post-21466","post","type-post","status-publish","format-standard","has-post-thumbnail","hentry","category-sem-categoria","category-prefeitura-municipal","category-slide"],"yoast_head":"<!-- This site is optimized with the Yoast SEO plugin v27.2 - https:\/\/yoast.com\/product\/yoast-seo-wordpress\/ -->\n<title>Ub\u00e1 realiza campanha de vacina\u00e7\u00e3o contra a Meningite C - Ub\u00e1 News<\/title>\n<meta name=\"robots\" content=\"index, follow, max-snippet:-1, max-image-preview:large, max-video-preview:-1\" \/>\n<link rel=\"canonical\" href=\"https:\/\/ubanews.com\/site\/2022\/11\/09\/uba-realiza-campanha-de-vacinacao-contra-a-meningite-c\/\" \/>\n<meta property=\"og:locale\" content=\"pt_BR\" \/>\n<meta property=\"og:type\" content=\"article\" \/>\n<meta property=\"og:title\" content=\"Ub\u00e1 realiza campanha de vacina\u00e7\u00e3o contra a Meningite C - Ub\u00e1 News\" \/>\n<meta property=\"og:description\" content=\"Ub\u00e1 realiza campanha de vacina\u00e7\u00e3o contra a Meningite C Seguindo\" \/>\n<meta property=\"og:url\" content=\"https:\/\/ubanews.com\/site\/2022\/11\/09\/uba-realiza-campanha-de-vacinacao-contra-a-meningite-c\/\" \/>\n<meta property=\"og:site_name\" content=\"Ub\u00e1 News\" \/>\n<meta property=\"article:publisher\" content=\"https:\/\/www.facebook.com\/Ub%c3%a1News-Carlos-Roberto-Sodr%c3%a9-418778301977370\" \/>\n<meta property=\"article:author\" content=\"https:\/\/www.facebook.com\/carosroberto.sodre.5\/\" \/>\n<meta property=\"article:published_time\" content=\"2022-11-09T18:00:08+00:00\" \/>\n<meta property=\"article:modified_time\" content=\"2022-12-01T20:59:13+00:00\" \/>\n<meta property=\"og:image\" content=\"https:\/\/ubanews.com\/site\/wp-content\/uploads\/2021\/12\/Vacina-1.jpg\" \/>\n\t<meta property=\"og:image:width\" content=\"1000\" \/>\n\t<meta property=\"og:image:height\" content=\"500\" \/>\n\t<meta property=\"og:image:type\" content=\"image\/jpeg\" \/>\n<meta name=\"author\" content=\"Sodr\u00e9\" \/>\n<meta name=\"twitter:card\" content=\"summary_large_image\" \/>\n<meta name=\"twitter:label1\" content=\"Escrito por\" \/>\n\t<meta name=\"twitter:data1\" content=\"Sodr\u00e9\" \/>\n\t<meta name=\"twitter:label2\" content=\"Est. tempo de leitura\" \/>\n\t<meta name=\"twitter:data2\" content=\"2 minutos\" \/>\n<script type=\"application\/ld+json\" class=\"yoast-schema-graph\">{\"@context\":\"https:\/\/schema.org\",\"@graph\":[{\"@type\":\"Article\",\"@id\":\"https:\/\/ubanews.com\/site\/2022\/11\/09\/uba-realiza-campanha-de-vacinacao-contra-a-meningite-c\/#article\",\"isPartOf\":{\"@id\":\"https:\/\/ubanews.com\/site\/2022\/11\/09\/uba-realiza-campanha-de-vacinacao-contra-a-meningite-c\/\"},\"author\":{\"name\":\"Sodr\u00e9\",\"@id\":\"https:\/\/ubanews.com\/site\/#\/schema\/person\/d90c9e47252fbb63dcc969fe4c8b9d10\"},\"headline\":\"Ub\u00e1 realiza campanha de vacina\u00e7\u00e3o contra a Meningite C\",\"datePublished\":\"2022-11-09T18:00:08+00:00\",\"dateModified\":\"2022-12-01T20:59:13+00:00\",\"mainEntityOfPage\":{\"@id\":\"https:\/\/ubanews.com\/site\/2022\/11\/09\/uba-realiza-campanha-de-vacinacao-contra-a-meningite-c\/\"},\"wordCount\":328,\"commentCount\":0,\"publisher\":{\"@id\":\"https:\/\/ubanews.com\/site\/#organization\"},\"image\":{\"@id\":\"https:\/\/ubanews.com\/site\/2022\/11\/09\/uba-realiza-campanha-de-vacinacao-contra-a-meningite-c\/#primaryimage\"},\"thumbnailUrl\":\"https:\/\/ubanews.com\/site\/wp-content\/uploads\/2021\/12\/Vacina-1.jpg\",\"articleSection\":[\"Geral\",\"Prefeitura Municipal\",\"Slide\"],\"inLanguage\":\"pt-BR\",\"potentialAction\":[{\"@type\":\"CommentAction\",\"name\":\"Comment\",\"target\":[\"https:\/\/ubanews.com\/site\/2022\/11\/09\/uba-realiza-campanha-de-vacinacao-contra-a-meningite-c\/#respond\"]}]},{\"@type\":\"WebPage\",\"@id\":\"https:\/\/ubanews.com\/site\/2022\/11\/09\/uba-realiza-campanha-de-vacinacao-contra-a-meningite-c\/\",\"url\":\"https:\/\/ubanews.com\/site\/2022\/11\/09\/uba-realiza-campanha-de-vacinacao-contra-a-meningite-c\/\",\"name\":\"Ub\u00e1 realiza campanha de vacina\u00e7\u00e3o contra a Meningite C - Ub\u00e1 News\",\"isPartOf\":{\"@id\":\"https:\/\/ubanews.com\/site\/#website\"},\"primaryImageOfPage\":{\"@id\":\"https:\/\/ubanews.com\/site\/2022\/11\/09\/uba-realiza-campanha-de-vacinacao-contra-a-meningite-c\/#primaryimage\"},\"image\":{\"@id\":\"https:\/\/ubanews.com\/site\/2022\/11\/09\/uba-realiza-campanha-de-vacinacao-contra-a-meningite-c\/#primaryimage\"},\"thumbnailUrl\":\"https:\/\/ubanews.com\/site\/wp-content\/uploads\/2021\/12\/Vacina-1.jpg\",\"datePublished\":\"2022-11-09T18:00:08+00:00\",\"dateModified\":\"2022-12-01T20:59:13+00:00\",\"breadcrumb\":{\"@id\":\"https:\/\/ubanews.com\/site\/2022\/11\/09\/uba-realiza-campanha-de-vacinacao-contra-a-meningite-c\/#breadcrumb\"},\"inLanguage\":\"pt-BR\",\"potentialAction\":[{\"@type\":\"ReadAction\",\"target\":[\"https:\/\/ubanews.com\/site\/2022\/11\/09\/uba-realiza-campanha-de-vacinacao-contra-a-meningite-c\/\"]}]},{\"@type\":\"ImageObject\",\"inLanguage\":\"pt-BR\",\"@id\":\"https:\/\/ubanews.com\/site\/2022\/11\/09\/uba-realiza-campanha-de-vacinacao-contra-a-meningite-c\/#primaryimage\",\"url\":\"https:\/\/ubanews.com\/site\/wp-content\/uploads\/2021\/12\/Vacina-1.jpg\",\"contentUrl\":\"https:\/\/ubanews.com\/site\/wp-content\/uploads\/2021\/12\/Vacina-1.jpg\",\"width\":1000,\"height\":500},{\"@type\":\"BreadcrumbList\",\"@id\":\"https:\/\/ubanews.com\/site\/2022\/11\/09\/uba-realiza-campanha-de-vacinacao-contra-a-meningite-c\/#breadcrumb\",\"itemListElement\":[{\"@type\":\"ListItem\",\"position\":1,\"name\":\"Home\",\"item\":\"https:\/\/ubanews.com\/site\/\"},{\"@type\":\"ListItem\",\"position\":2,\"name\":\"Ub\u00e1 realiza campanha de vacina\u00e7\u00e3o contra a Meningite C\"}]},{\"@type\":\"WebSite\",\"@id\":\"https:\/\/ubanews.com\/site\/#website\",\"url\":\"https:\/\/ubanews.com\/site\/\",\"name\":\"Ub\u00e1 News\",\"description\":\"\",\"publisher\":{\"@id\":\"https:\/\/ubanews.com\/site\/#organization\"},\"potentialAction\":[{\"@type\":\"SearchAction\",\"target\":{\"@type\":\"EntryPoint\",\"urlTemplate\":\"https:\/\/ubanews.com\/site\/?s={search_term_string}\"},\"query-input\":{\"@type\":\"PropertyValueSpecification\",\"valueRequired\":true,\"valueName\":\"search_term_string\"}}],\"inLanguage\":\"pt-BR\"},{\"@type\":\"Organization\",\"@id\":\"https:\/\/ubanews.com\/site\/#organization\",\"name\":\"Ub\u00e1 News\",\"url\":\"https:\/\/ubanews.com\/site\/\",\"logo\":{\"@type\":\"ImageObject\",\"inLanguage\":\"pt-BR\",\"@id\":\"https:\/\/ubanews.com\/site\/#\/schema\/logo\/image\/\",\"url\":\"https:\/\/ubanews.com\/site\/wp-content\/uploads\/2018\/01\/logoubanews.png\",\"contentUrl\":\"https:\/\/ubanews.com\/site\/wp-content\/uploads\/2018\/01\/logoubanews.png\",\"width\":261,\"height\":99,\"caption\":\"Ub\u00e1 News\"},\"image\":{\"@id\":\"https:\/\/ubanews.com\/site\/#\/schema\/logo\/image\/\"},\"sameAs\":[\"https:\/\/www.facebook.com\/Ub\u00e1News-Carlos-Roberto-Sodr\u00e9-418778301977370\"]},{\"@type\":\"Person\",\"@id\":\"https:\/\/ubanews.com\/site\/#\/schema\/person\/d90c9e47252fbb63dcc969fe4c8b9d10\",\"name\":\"Sodr\u00e9\",\"image\":{\"@type\":\"ImageObject\",\"inLanguage\":\"pt-BR\",\"@id\":\"https:\/\/secure.gravatar.com\/avatar\/5ba2793f0590b9dbfad3fdec4ee714485b3eef211c9b32ee53d414060454a56c?s=96&d=mm&r=g\",\"url\":\"https:\/\/secure.gravatar.com\/avatar\/5ba2793f0590b9dbfad3fdec4ee714485b3eef211c9b32ee53d414060454a56c?s=96&d=mm&r=g\",\"contentUrl\":\"https:\/\/secure.gravatar.com\/avatar\/5ba2793f0590b9dbfad3fdec4ee714485b3eef211c9b32ee53d414060454a56c?s=96&d=mm&r=g\",\"caption\":\"Sodr\u00e9\"},\"sameAs\":[\"https:\/\/www.facebook.com\/carosroberto.sodre.5\/\"],\"url\":\"https:\/\/ubanews.com\/site\/author\/felipe\/\"}]}<\/script>\n<!-- \/ Yoast SEO plugin. -->","yoast_head_json":{"title":"Ub\u00e1 realiza campanha de vacina\u00e7\u00e3o contra a Meningite C - Ub\u00e1 News","robots":{"index":"index","follow":"follow","max-snippet":"max-snippet:-1","max-image-preview":"max-image-preview:large","max-video-preview":"max-video-preview:-1"},"canonical":"https:\/\/ubanews.com\/site\/2022\/11\/09\/uba-realiza-campanha-de-vacinacao-contra-a-meningite-c\/","og_locale":"pt_BR","og_type":"article","og_title":"Ub\u00e1 realiza campanha de vacina\u00e7\u00e3o contra a Meningite C - Ub\u00e1 News","og_description":"Ub\u00e1 realiza campanha de vacina\u00e7\u00e3o contra a Meningite C Seguindo","og_url":"https:\/\/ubanews.com\/site\/2022\/11\/09\/uba-realiza-campanha-de-vacinacao-contra-a-meningite-c\/","og_site_name":"Ub\u00e1 News","article_publisher":"https:\/\/www.facebook.com\/Ub%c3%a1News-Carlos-Roberto-Sodr%c3%a9-418778301977370","article_author":"https:\/\/www.facebook.com\/carosroberto.sodre.5\/","article_published_time":"2022-11-09T18:00:08+00:00","article_modified_time":"2022-12-01T20:59:13+00:00","og_image":[{"width":1000,"height":500,"url":"https:\/\/ubanews.com\/site\/wp-content\/uploads\/2021\/12\/Vacina-1.jpg","type":"image\/jpeg"}],"author":"Sodr\u00e9","twitter_card":"summary_large_image","twitter_misc":{"Escrito por":"Sodr\u00e9","Est. tempo de leitura":"2 minutos"},"schema":{"@context":"https:\/\/schema.org","@graph":[{"@type":"Article","@id":"https:\/\/ubanews.com\/site\/2022\/11\/09\/uba-realiza-campanha-de-vacinacao-contra-a-meningite-c\/#article","isPartOf":{"@id":"https:\/\/ubanews.com\/site\/2022\/11\/09\/uba-realiza-campanha-de-vacinacao-contra-a-meningite-c\/"},"author":{"name":"Sodr\u00e9","@id":"https:\/\/ubanews.com\/site\/#\/schema\/person\/d90c9e47252fbb63dcc969fe4c8b9d10"},"headline":"Ub\u00e1 realiza campanha de vacina\u00e7\u00e3o contra a Meningite C","datePublished":"2022-11-09T18:00:08+00:00","dateModified":"2022-12-01T20:59:13+00:00","mainEntityOfPage":{"@id":"https:\/\/ubanews.com\/site\/2022\/11\/09\/uba-realiza-campanha-de-vacinacao-contra-a-meningite-c\/"},"wordCount":328,"commentCount":0,"publisher":{"@id":"https:\/\/ubanews.com\/site\/#organization"},"image":{"@id":"https:\/\/ubanews.com\/site\/2022\/11\/09\/uba-realiza-campanha-de-vacinacao-contra-a-meningite-c\/#primaryimage"},"thumbnailUrl":"https:\/\/ubanews.com\/site\/wp-content\/uploads\/2021\/12\/Vacina-1.jpg","articleSection":["Geral","Prefeitura Municipal","Slide"],"inLanguage":"pt-BR","potentialAction":[{"@type":"CommentAction","name":"Comment","target":["https:\/\/ubanews.com\/site\/2022\/11\/09\/uba-realiza-campanha-de-vacinacao-contra-a-meningite-c\/#respond"]}]},{"@type":"WebPage","@id":"https:\/\/ubanews.com\/site\/2022\/11\/09\/uba-realiza-campanha-de-vacinacao-contra-a-meningite-c\/","url":"https:\/\/ubanews.com\/site\/2022\/11\/09\/uba-realiza-campanha-de-vacinacao-contra-a-meningite-c\/","name":"Ub\u00e1 realiza campanha de vacina\u00e7\u00e3o contra a Meningite C - Ub\u00e1 News","isPartOf":{"@id":"https:\/\/ubanews.com\/site\/#website"},"primaryImageOfPage":{"@id":"https:\/\/ubanews.com\/site\/2022\/11\/09\/uba-realiza-campanha-de-vacinacao-contra-a-meningite-c\/#primaryimage"},"image":{"@id":"https:\/\/ubanews.com\/site\/2022\/11\/09\/uba-realiza-campanha-de-vacinacao-contra-a-meningite-c\/#primaryimage"},"thumbnailUrl":"https:\/\/ubanews.com\/site\/wp-content\/uploads\/2021\/12\/Vacina-1.jpg","datePublished":"2022-11-09T18:00:08+00:00","dateModified":"2022-12-01T20:59:13+00:00","breadcrumb":{"@id":"https:\/\/ubanews.com\/site\/2022\/11\/09\/uba-realiza-campanha-de-vacinacao-contra-a-meningite-c\/#breadcrumb"},"inLanguage":"pt-BR","potentialAction":[{"@type":"ReadAction","target":["https:\/\/ubanews.com\/site\/2022\/11\/09\/uba-realiza-campanha-de-vacinacao-contra-a-meningite-c\/"]}]},{"@type":"ImageObject","inLanguage":"pt-BR","@id":"https:\/\/ubanews.com\/site\/2022\/11\/09\/uba-realiza-campanha-de-vacinacao-contra-a-meningite-c\/#primaryimage","url":"https:\/\/ubanews.com\/site\/wp-content\/uploads\/2021\/12\/Vacina-1.jpg","contentUrl":"https:\/\/ubanews.com\/site\/wp-content\/uploads\/2021\/12\/Vacina-1.jpg","width":1000,"height":500},{"@type":"BreadcrumbList","@id":"https:\/\/ubanews.com\/site\/2022\/11\/09\/uba-realiza-campanha-de-vacinacao-contra-a-meningite-c\/#breadcrumb","itemListElement":[{"@type":"ListItem","position":1,"name":"Home","item":"https:\/\/ubanews.com\/site\/"},{"@type":"ListItem","position":2,"name":"Ub\u00e1 realiza campanha de vacina\u00e7\u00e3o contra a Meningite C"}]},{"@type":"WebSite","@id":"https:\/\/ubanews.com\/site\/#website","url":"https:\/\/ubanews.com\/site\/","name":"Ub\u00e1 News","description":"","publisher":{"@id":"https:\/\/ubanews.com\/site\/#organization"},"potentialAction":[{"@type":"SearchAction","target":{"@type":"EntryPoint","urlTemplate":"https:\/\/ubanews.com\/site\/?s={search_term_string}"},"query-input":{"@type":"PropertyValueSpecification","valueRequired":true,"valueName":"search_term_string"}}],"inLanguage":"pt-BR"},{"@type":"Organization","@id":"https:\/\/ubanews.com\/site\/#organization","name":"Ub\u00e1 News","url":"https:\/\/ubanews.com\/site\/","logo":{"@type":"ImageObject","inLanguage":"pt-BR","@id":"https:\/\/ubanews.com\/site\/#\/schema\/logo\/image\/","url":"https:\/\/ubanews.com\/site\/wp-content\/uploads\/2018\/01\/logoubanews.png","contentUrl":"https:\/\/ubanews.com\/site\/wp-content\/uploads\/2018\/01\/logoubanews.png","width":261,"height":99,"caption":"Ub\u00e1 News"},"image":{"@id":"https:\/\/ubanews.com\/site\/#\/schema\/logo\/image\/"},"sameAs":["https:\/\/www.facebook.com\/Ub\u00e1News-Carlos-Roberto-Sodr\u00e9-418778301977370"]},{"@type":"Person","@id":"https:\/\/ubanews.com\/site\/#\/schema\/person\/d90c9e47252fbb63dcc969fe4c8b9d10","name":"Sodr\u00e9","image":{"@type":"ImageObject","inLanguage":"pt-BR","@id":"https:\/\/secure.gravatar.com\/avatar\/5ba2793f0590b9dbfad3fdec4ee714485b3eef211c9b32ee53d414060454a56c?s=96&d=mm&r=g","url":"https:\/\/secure.gravatar.com\/avatar\/5ba2793f0590b9dbfad3fdec4ee714485b3eef211c9b32ee53d414060454a56c?s=96&d=mm&r=g","contentUrl":"https:\/\/secure.gravatar.com\/avatar\/5ba2793f0590b9dbfad3fdec4ee714485b3eef211c9b32ee53d414060454a56c?s=96&d=mm&r=g","caption":"Sodr\u00e9"},"sameAs":["https:\/\/www.facebook.com\/carosroberto.sodre.5\/"],"url":"https:\/\/ubanews.com\/site\/author\/felipe\/"}]}},"_links":{"self":[{"href":"https:\/\/ubanews.com\/site\/wp-json\/wp\/v2\/posts\/21466","targetHints":{"allow":["GET"]}}],"collection":[{"href":"https:\/\/ubanews.com\/site\/wp-json\/wp\/v2\/posts"}],"about":[{"href":"https:\/\/ubanews.com\/site\/wp-json\/wp\/v2\/types\/post"}],"author":[{"embeddable":true,"href":"https:\/\/ubanews.com\/site\/wp-json\/wp\/v2\/users\/2"}],"replies":[{"embeddable":true,"href":"https:\/\/ubanews.com\/site\/wp-json\/wp\/v2\/comments?post=21466"}],"version-history":[{"count":0,"href":"https:\/\/ubanews.com\/site\/wp-json\/wp\/v2\/posts\/21466\/revisions"}],"wp:featuredmedia":[{"embeddable":true,"href":"https:\/\/ubanews.com\/site\/wp-json\/wp\/v2\/media\/21046"}],"wp:attachment":[{"href":"https:\/\/ubanews.com\/site\/wp-json\/wp\/v2\/media?parent=21466"}],"wp:term":[{"taxonomy":"category","embeddable":true,"href":"https:\/\/ubanews.com\/site\/wp-json\/wp\/v2\/categories?post=21466"},{"taxonomy":"post_tag","embeddable":true,"href":"https:\/\/ubanews.com\/site\/wp-json\/wp\/v2\/tags?post=21466"}],"curies":[{"name":"wp","href":"https:\/\/api.w.org\/{rel}","templated":true}]}}