{"id":21415,"date":"2022-10-12T15:00:42","date_gmt":"2022-10-12T18:00:42","guid":{"rendered":"http:\/\/ubanews.com\/site\/?p=21415"},"modified":"2022-10-12T19:16:31","modified_gmt":"2022-10-12T22:16:31","slug":"dia-das-criancas","status":"publish","type":"post","link":"https:\/\/ubanews.com\/site\/2022\/10\/12\/dia-das-criancas\/","title":{"rendered":"Dia das Crian\u00e7as"},"content":{"rendered":"<p>O&nbsp;<strong>Dia das Crian\u00e7as<\/strong>&nbsp;\u00e9 comemorado anualmente em&nbsp;<strong>12 de outubro<\/strong>&nbsp;no Brasil.<\/p>\n<p>Esta data celebra&nbsp;<strong>os direitos das crian\u00e7as e adolescentes<\/strong>, ajudando a conscientizar as pessoas (os pais, em especial) sobre os cuidados necess\u00e1rios durante esta fase da vida.<\/p>\n<p>O Dia das Crian\u00e7as coincide com o dia de Nossa Senhora de Aparecida, que \u00e9 feriado no pa\u00eds. Tradicionalmente, os adultos costumam oferecer presentes ou proporcionar atividades especiais e de entretenimento aos mais jovens para comemorar esta data.<\/p>\n<h2>Origem do Dia das Crian\u00e7as<\/h2>\n<p>A proposta para a cria\u00e7\u00e3o desta data \u00e9 de autoria do deputado federal fluminense Galdino do Valle Filho.<\/p>\n<p>Ap\u00f3s a sua aprova\u00e7\u00e3o, surgiu o&nbsp;<strong>Decreto n\u00ba 4867<\/strong>, de 5 de novembro de 1924, que oficializou o dia 12 de outubro como o Dia das Crian\u00e7as.<\/p>\n<p>No entanto, o dia ganhou maior popularidade a partir de 1960. Nesse ano, a F\u00e1brica de Brinquedos Estrela fez uma promo\u00e7\u00e3o com a&nbsp;<em>Johnson &amp; Johnson,<\/em>&nbsp;e criou a &#8220;Semana do Beb\u00ea Robusto&#8221; a fim de aumentarem suas vendas.<\/p>\n<p>A partir deste momento,&nbsp;<strong>a data passou a ser marcada pela oferta de presentes \u00e0s crian\u00e7as<\/strong>, principalmente brinquedos.<\/p>\n<p>De acordo com a Organiza\u00e7\u00e3o das Na\u00e7\u00f5es Unidas (ONU), o&nbsp;<strong>Dia Universal da Crian\u00e7a<\/strong>&nbsp;\u00e9 celebrado em&nbsp;<strong>20 de novembro<\/strong>, porque esse dia recorda a aprova\u00e7\u00e3o da&nbsp;<strong>Declara\u00e7\u00e3o dos Direitos da Crian\u00e7a<\/strong>, nesta mesma data, no ano de 1959.<\/p>\n<p>Estes s\u00e3o os princ\u00edpios da Declara\u00e7\u00e3o:<\/p>\n<ul>\n<li>As crian\u00e7as, sem distin\u00e7\u00e3o ou discrimina\u00e7\u00e3o, devem ter todos os seus direitos garantidos;<\/li>\n<li>Deve-se proporcionar \u00e0s crian\u00e7as prote\u00e7\u00e3o social e oportunidades que lhes auxiliem no desenvolvimento;<\/li>\n<li>\u00c9 direito da crian\u00e7a receber um nome e nacionalidade;<\/li>\n<li>Tanto a crian\u00e7a quanto a m\u00e3e devem receber cuidados pr\u00e9 e p\u00f3s-natais;<\/li>\n<li>Crian\u00e7as com necessidades especiais ter\u00e3o direito a tratamento, educa\u00e7\u00e3o e cuidados necess\u00e1rios;<\/li>\n<li>A crian\u00e7a deve receber amor e compreens\u00e3o para o desenvolvimento de sua personalidade;<\/li>\n<li>Direito \u00e0 educa\u00e7\u00e3o para capacita\u00e7\u00e3o, sendo gratuita, pelo menos, nos anos iniciais;<\/li>\n<li>Crian\u00e7as devem ser os primeiros indiv\u00edduos a receber socorro;<\/li>\n<li>Garantia de prote\u00e7\u00e3o em situa\u00e7\u00f5es de neglig\u00eancia, crueldade e explora\u00e7\u00e3o;<\/li>\n<li>Prote\u00e7\u00e3o em situa\u00e7\u00f5es de discrimina\u00e7\u00e3o, seja por ra\u00e7a, religi\u00e3o ou de outra natureza.<\/li>\n<\/ul>\n<p>Em alguns pa\u00edses, como Portugal, por exemplo, as crian\u00e7as s\u00e3o homenageadas em&nbsp;<strong>1\u00ba de junho<\/strong>, data conhecida como&nbsp;<strong>Dia Internacional da Crian\u00e7a<\/strong>.<\/p>\n<p><strong>Voc\u00ea tamb\u00e9m pode se interessar<\/strong>:&nbsp;<a href=\"https:\/\/www.calendarr.com\/brasil\/nossa-senhora-aparecida\/\">Dia de Nossa Senhora Aparecida<\/a>.<\/p>\n<h2>Mensagens para o Dia das Crian\u00e7as<\/h2>\n<p><em>FONTE DE ALEGRIA<\/em><\/p>\n<p><em>Como voc\u00ea est\u00e1 crescendo! Ainda ontem um beb\u00ea, hoje uma crian\u00e7a linda e cheia de amor! Voc\u00ea roubou nossos cora\u00e7\u00f5es no dia em que chegou, e ver voc\u00ea crescendo \u00e9 um privil\u00e9gio enorme. Seja feliz, meu amor! Brinque muito, estude bastante, continue sendo essa fonte de alegria que voc\u00ea \u00e9 para todos que te rodeiam. Receba um beijo do tamanho do universo, nesse dia que \u00e9 seu, todo seu!<\/em><\/p>\n<p><em>ETERNOS AMORES<\/em><\/p>\n<p><em>Meus pequeninos que iluminam os meus dias, amo-vos mais do que um pote de sorvete de chocolate, mais do que um balde de pipoca ou ainda mais do que todo o amor que pode caber nesse mund\u00e3o! Feliz dia das crian\u00e7as, meus amores que adoram sonhar e criar um mundo cheio de cor e fantasia. Que voc\u00eas cres\u00e7am cercados de amor, carinho e prote\u00e7\u00e3o.<\/em><\/p>\n<p><em>SER CRIAN\u00c7A<\/em><\/p>\n<p><em>Ser crian\u00e7a \u00e9 gostar de correr pela casa<br \/>\nSer crian\u00e7a \u00e9 gostar de comer com as m\u00e3os<br \/>\nSer crian\u00e7a \u00e9 descobrir o mundo todos os dias<br \/>\nSer curioso, atrevido, honesto e carinhoso<br \/>\nSer crian\u00e7a \u00e9 gostar da vida e saber viv\u00ea-la!<\/em><\/p>\n<p>FELIZ DIA DAS CRIAN\u00c7AS<\/p>\n<p><em>As criancinhas t\u00eam um jeito de cativar todos \u00e0 sua volta. O brilho no olhar que elas carregam nos encantam, e a cada sorriso percebemos a sua pureza. Ao observ\u00e1-las, aprendemos as maiores li\u00e7\u00f5es que a bondade, o amor e a alegria t\u00eam a ensinar. Feliz dia para os pequeninos que nos inspiram a ser cada vez melhores.<\/em><\/p>\n<p>PRESERVAR A INF\u00c2NCIA<\/p>\n<p><em>Ser crian\u00e7a \u00e9 ser guiado pelos pais, \u00e9 fazer descobertas e sorrir a cada nova experi\u00eancia. As crian\u00e7as s\u00e3o seres iluminados e que precisam de cuidados. Que os pequeninos possam viver cada momento de suas vidas com leveza, para que quando se tornarem adultos preservem as boas recorda\u00e7\u00f5es do que viveram na inf\u00e2ncia.<\/em><\/p>\n<p>Confira mais&nbsp;<a href=\"https:\/\/www.calendarr.com\/brasil\/mensagens-dia-das-criancas\/\">mensagens para o Dia das Crian\u00e7as<\/a>.<\/p>\n<h2>Frases de Dia das Crian\u00e7as<\/h2>\n<p><em>&#8220;Ser crian\u00e7a \u00e9 viver a magia do momento. \u00c9 olhar a vida com esperan\u00e7a, criar fantasias e acreditar que tudo \u00e9 poss\u00edvel.&#8221;<\/em><\/p>\n<p><em>&#8220;Mantenha dentro de voc\u00ea a crian\u00e7a que um dia voc\u00ea foi, pois quando crescemos a press\u00e3o da vida nos faz esquecer o lado doce da vida.&#8221;<\/em><\/p>\n<p><em>&#8220;Que possamos aprender com as crian\u00e7as, e mesmo nas dificuldades da vida n\u00e3o deixemos de viver intensamente e de fazer aquilo que nos deixa felizes.&#8221;<\/em><\/p>\n<p><em>&#8220;A inf\u00e2ncia \u00e9 um importante est\u00e1gio da vida humana e merece ser preservada. Lutemos para que todas as crian\u00e7as tenham a oportunidade de estudar, ter uma boa alimenta\u00e7\u00e3o e brincar.&#8221;<\/em><\/p>\n<p><em>&#8220;As crian\u00e7as carregam a pureza e inoc\u00eancia que nos fazem enxergar que um mundo mais feliz \u00e9 poss\u00edvel.<\/em>&#8221;<\/p>\n<h2>Imagens para o Dia das Crian\u00e7as<\/h2>\n<p><img decoding=\"async\" data-src=\"https:\/\/s.calendarr.com\/upload\/datas\/fe\/li\/feliz-dia-das-criancas-e-que-mesmo-depois-de-adultos-permaneca-em-7pe11-cxl_c.jpg?auto_optimize=low&amp;width=640\" alt=\"Mensagem para o dia das crian\u00e7as\" width=\"655\" height=\"492\" src=\"data:image\/svg+xml;base64,PHN2ZyB3aWR0aD0iMSIgaGVpZ2h0PSIxIiB4bWxucz0iaHR0cDovL3d3dy53My5vcmcvMjAwMC9zdmciPjwvc3ZnPg==\" class=\"lazyload\" style=\"--smush-placeholder-width: 655px; --smush-placeholder-aspect-ratio: 655\/492;\"><\/p>\n<p><img decoding=\"async\" class=\"lazyload\" src=\"https:\/\/s.calendarr.com\/upload\/datas\/di\/ad\/dia-das-criancas-a-infancia-e-uma-fase-tao-bela_c.jpg?auto_optimize=low&amp;width=640\" alt=\"Mensagem sobre inf\u00e2ncia para o dia das crian\u00e7as\" width=\"655\" height=\"491\" data-src=\"https:\/\/s.calendarr.com\/upload\/datas\/di\/ad\/dia-das-criancas-a-infancia-e-uma-fase-tao-bela_c.jpg?auto_optimize=low&amp;width=640\"><\/p>\n<p><img decoding=\"async\" class=\"lazyload\" src=\"https:\/\/s.calendarr.com\/upload\/datas\/um\/fe\/um-feliz-dia-para-todas-as-criancas_c.jpg?auto_optimize=low&amp;width=640\" alt=\"Mensagem para o dia das crian\u00e7as\" width=\"655\" height=\"491\" data-src=\"https:\/\/s.calendarr.com\/upload\/datas\/um\/fe\/um-feliz-dia-para-todas-as-criancas_c.jpg?auto_optimize=low&amp;width=640\"><\/p>\n<p>&nbsp;<\/p>\n<h2>Dicas de presentes para o Dia das Crian\u00e7as<\/h2>\n<p>Por norma, nesta data, os adultos costumam oferecer presentes para as crian\u00e7as, principalmente brinquedos e demais objetos ligados ao entretenimento. Algumas dicas de presentes criativos, e que podem ser uma alternativa para os tradicionais modelos capitalistas, s\u00e3o:<\/p>\n<ul>\n<li>Uma boneca feita de pano (convide a crian\u00e7a a participar da cria\u00e7\u00e3o da boneca, ensinando-a a fazer);<\/li>\n<li>Um carrinho feito de madeira (convide a crian\u00e7a a participar do processo de cria\u00e7\u00e3o);<\/li>\n<li>Um passeio para o local favorito da crian\u00e7a;<\/li>\n<li>Um &#8220;passe livre&#8221; para que possa fazer um acampamento na sala de estar com os amigos.<\/li>\n<\/ul>\n<h2>Atividades para o Dia das Crian\u00e7as<\/h2>\n<p>Al\u00e9m de ganhar presentes e lembran\u00e7as, as crian\u00e7as adoram brincar e se divertir com os amigos nesta data.<\/p>\n<p>Os adultos podem promover v\u00e1rias atividades divertidas. Alguns exemplos:<\/p>\n<ul>\n<li>Fazer brincadeiras com m\u00e1scaras;<\/li>\n<li>Encenar um teatro com fantoches;<\/li>\n<li>Cozinhar uma receita simples com as crian\u00e7as;<\/li>\n<li>Cantar m\u00fasicas que as crian\u00e7as gostem;<\/li>\n<li>Ler com elas a Declara\u00e7\u00e3o dos Direitos das Crian\u00e7as;<\/li>\n<li>Fazer um piquenique;<\/li>\n<li>Promover uma Ca\u00e7a ao Tesouro;<\/li>\n<li>Brincar de Batata Quente, Esconde-Esconde ou outros jogos que elas gostem.<\/li>\n<\/ul>\n<p><strong>FONTE: https:\/\/www.calendarr.com\/brasil\/calendario-2022\/<\/strong><\/p>\n","protected":false},"excerpt":{"rendered":"<p>O&nbsp;Dia das Crian\u00e7as&nbsp;\u00e9 comemorado anualmente em&nbsp;12 de outubro&nbsp;no Brasil. Esta<\/p>\n","protected":false},"author":2,"featured_media":21416,"comment_status":"open","ping_status":"open","sticky":false,"template":"","format":"standard","meta":{"footnotes":""},"categories":[1,3],"tags":[],"class_list":["post-21415","post","type-post","status-publish","format-standard","has-post-thumbnail","hentry","category-sem-categoria","category-slide"],"yoast_head":"<!-- This site is optimized with the Yoast SEO plugin v27.2 - https:\/\/yoast.com\/product\/yoast-seo-wordpress\/ -->\n<title>Dia das Crian\u00e7as - Ub\u00e1 News<\/title>\n<meta name=\"robots\" content=\"index, follow, max-snippet:-1, max-image-preview:large, max-video-preview:-1\" \/>\n<link rel=\"canonical\" href=\"https:\/\/ubanews.com\/site\/2022\/10\/12\/dia-das-criancas\/\" \/>\n<meta property=\"og:locale\" content=\"pt_BR\" \/>\n<meta property=\"og:type\" content=\"article\" \/>\n<meta property=\"og:title\" content=\"Dia das Crian\u00e7as - Ub\u00e1 News\" \/>\n<meta property=\"og:description\" content=\"O&nbsp;Dia das Crian\u00e7as&nbsp;\u00e9 comemorado anualmente em&nbsp;12 de outubro&nbsp;no Brasil. Esta\" \/>\n<meta property=\"og:url\" content=\"https:\/\/ubanews.com\/site\/2022\/10\/12\/dia-das-criancas\/\" \/>\n<meta property=\"og:site_name\" content=\"Ub\u00e1 News\" \/>\n<meta property=\"article:publisher\" content=\"https:\/\/www.facebook.com\/Ub%c3%a1News-Carlos-Roberto-Sodr%c3%a9-418778301977370\" \/>\n<meta property=\"article:author\" content=\"https:\/\/www.facebook.com\/carosroberto.sodre.5\/\" \/>\n<meta property=\"article:published_time\" content=\"2022-10-12T18:00:42+00:00\" \/>\n<meta property=\"article:modified_time\" content=\"2022-10-12T22:16:31+00:00\" \/>\n<meta property=\"og:image\" content=\"https:\/\/ubanews.com\/site\/wp-content\/uploads\/2022\/10\/Dia-das-Criancas.jpg\" \/>\n\t<meta property=\"og:image:width\" content=\"1280\" \/>\n\t<meta property=\"og:image:height\" content=\"720\" \/>\n\t<meta property=\"og:image:type\" content=\"image\/jpeg\" \/>\n<meta name=\"author\" content=\"Sodr\u00e9\" \/>\n<meta name=\"twitter:card\" content=\"summary_large_image\" \/>\n<meta name=\"twitter:label1\" content=\"Escrito por\" \/>\n\t<meta name=\"twitter:data1\" content=\"Sodr\u00e9\" \/>\n\t<meta name=\"twitter:label2\" content=\"Est. tempo de leitura\" \/>\n\t<meta name=\"twitter:data2\" content=\"6 minutos\" \/>\n<script type=\"application\/ld+json\" class=\"yoast-schema-graph\">{\"@context\":\"https:\/\/schema.org\",\"@graph\":[{\"@type\":\"Article\",\"@id\":\"https:\/\/ubanews.com\/site\/2022\/10\/12\/dia-das-criancas\/#article\",\"isPartOf\":{\"@id\":\"https:\/\/ubanews.com\/site\/2022\/10\/12\/dia-das-criancas\/\"},\"author\":{\"name\":\"Sodr\u00e9\",\"@id\":\"https:\/\/ubanews.com\/site\/#\/schema\/person\/d90c9e47252fbb63dcc969fe4c8b9d10\"},\"headline\":\"Dia das Crian\u00e7as\",\"datePublished\":\"2022-10-12T18:00:42+00:00\",\"dateModified\":\"2022-10-12T22:16:31+00:00\",\"mainEntityOfPage\":{\"@id\":\"https:\/\/ubanews.com\/site\/2022\/10\/12\/dia-das-criancas\/\"},\"wordCount\":1125,\"commentCount\":0,\"publisher\":{\"@id\":\"https:\/\/ubanews.com\/site\/#organization\"},\"image\":{\"@id\":\"https:\/\/ubanews.com\/site\/2022\/10\/12\/dia-das-criancas\/#primaryimage\"},\"thumbnailUrl\":\"https:\/\/ubanews.com\/site\/wp-content\/uploads\/2022\/10\/Dia-das-Criancas.jpg\",\"articleSection\":[\"Geral\",\"Slide\"],\"inLanguage\":\"pt-BR\",\"potentialAction\":[{\"@type\":\"CommentAction\",\"name\":\"Comment\",\"target\":[\"https:\/\/ubanews.com\/site\/2022\/10\/12\/dia-das-criancas\/#respond\"]}]},{\"@type\":\"WebPage\",\"@id\":\"https:\/\/ubanews.com\/site\/2022\/10\/12\/dia-das-criancas\/\",\"url\":\"https:\/\/ubanews.com\/site\/2022\/10\/12\/dia-das-criancas\/\",\"name\":\"Dia das Crian\u00e7as - Ub\u00e1 News\",\"isPartOf\":{\"@id\":\"https:\/\/ubanews.com\/site\/#website\"},\"primaryImageOfPage\":{\"@id\":\"https:\/\/ubanews.com\/site\/2022\/10\/12\/dia-das-criancas\/#primaryimage\"},\"image\":{\"@id\":\"https:\/\/ubanews.com\/site\/2022\/10\/12\/dia-das-criancas\/#primaryimage\"},\"thumbnailUrl\":\"https:\/\/ubanews.com\/site\/wp-content\/uploads\/2022\/10\/Dia-das-Criancas.jpg\",\"datePublished\":\"2022-10-12T18:00:42+00:00\",\"dateModified\":\"2022-10-12T22:16:31+00:00\",\"breadcrumb\":{\"@id\":\"https:\/\/ubanews.com\/site\/2022\/10\/12\/dia-das-criancas\/#breadcrumb\"},\"inLanguage\":\"pt-BR\",\"potentialAction\":[{\"@type\":\"ReadAction\",\"target\":[\"https:\/\/ubanews.com\/site\/2022\/10\/12\/dia-das-criancas\/\"]}]},{\"@type\":\"ImageObject\",\"inLanguage\":\"pt-BR\",\"@id\":\"https:\/\/ubanews.com\/site\/2022\/10\/12\/dia-das-criancas\/#primaryimage\",\"url\":\"https:\/\/ubanews.com\/site\/wp-content\/uploads\/2022\/10\/Dia-das-Criancas.jpg\",\"contentUrl\":\"https:\/\/ubanews.com\/site\/wp-content\/uploads\/2022\/10\/Dia-das-Criancas.jpg\",\"width\":1280,\"height\":720},{\"@type\":\"BreadcrumbList\",\"@id\":\"https:\/\/ubanews.com\/site\/2022\/10\/12\/dia-das-criancas\/#breadcrumb\",\"itemListElement\":[{\"@type\":\"ListItem\",\"position\":1,\"name\":\"Home\",\"item\":\"https:\/\/ubanews.com\/site\/\"},{\"@type\":\"ListItem\",\"position\":2,\"name\":\"Dia das Crian\u00e7as\"}]},{\"@type\":\"WebSite\",\"@id\":\"https:\/\/ubanews.com\/site\/#website\",\"url\":\"https:\/\/ubanews.com\/site\/\",\"name\":\"Ub\u00e1 News\",\"description\":\"\",\"publisher\":{\"@id\":\"https:\/\/ubanews.com\/site\/#organization\"},\"potentialAction\":[{\"@type\":\"SearchAction\",\"target\":{\"@type\":\"EntryPoint\",\"urlTemplate\":\"https:\/\/ubanews.com\/site\/?s={search_term_string}\"},\"query-input\":{\"@type\":\"PropertyValueSpecification\",\"valueRequired\":true,\"valueName\":\"search_term_string\"}}],\"inLanguage\":\"pt-BR\"},{\"@type\":\"Organization\",\"@id\":\"https:\/\/ubanews.com\/site\/#organization\",\"name\":\"Ub\u00e1 News\",\"url\":\"https:\/\/ubanews.com\/site\/\",\"logo\":{\"@type\":\"ImageObject\",\"inLanguage\":\"pt-BR\",\"@id\":\"https:\/\/ubanews.com\/site\/#\/schema\/logo\/image\/\",\"url\":\"https:\/\/ubanews.com\/site\/wp-content\/uploads\/2018\/01\/logoubanews.png\",\"contentUrl\":\"https:\/\/ubanews.com\/site\/wp-content\/uploads\/2018\/01\/logoubanews.png\",\"width\":261,\"height\":99,\"caption\":\"Ub\u00e1 News\"},\"image\":{\"@id\":\"https:\/\/ubanews.com\/site\/#\/schema\/logo\/image\/\"},\"sameAs\":[\"https:\/\/www.facebook.com\/Ub\u00e1News-Carlos-Roberto-Sodr\u00e9-418778301977370\"]},{\"@type\":\"Person\",\"@id\":\"https:\/\/ubanews.com\/site\/#\/schema\/person\/d90c9e47252fbb63dcc969fe4c8b9d10\",\"name\":\"Sodr\u00e9\",\"image\":{\"@type\":\"ImageObject\",\"inLanguage\":\"pt-BR\",\"@id\":\"https:\/\/secure.gravatar.com\/avatar\/5ba2793f0590b9dbfad3fdec4ee714485b3eef211c9b32ee53d414060454a56c?s=96&d=mm&r=g\",\"url\":\"https:\/\/secure.gravatar.com\/avatar\/5ba2793f0590b9dbfad3fdec4ee714485b3eef211c9b32ee53d414060454a56c?s=96&d=mm&r=g\",\"contentUrl\":\"https:\/\/secure.gravatar.com\/avatar\/5ba2793f0590b9dbfad3fdec4ee714485b3eef211c9b32ee53d414060454a56c?s=96&d=mm&r=g\",\"caption\":\"Sodr\u00e9\"},\"sameAs\":[\"https:\/\/www.facebook.com\/carosroberto.sodre.5\/\"],\"url\":\"https:\/\/ubanews.com\/site\/author\/felipe\/\"}]}<\/script>\n<!-- \/ Yoast SEO plugin. -->","yoast_head_json":{"title":"Dia das Crian\u00e7as - Ub\u00e1 News","robots":{"index":"index","follow":"follow","max-snippet":"max-snippet:-1","max-image-preview":"max-image-preview:large","max-video-preview":"max-video-preview:-1"},"canonical":"https:\/\/ubanews.com\/site\/2022\/10\/12\/dia-das-criancas\/","og_locale":"pt_BR","og_type":"article","og_title":"Dia das Crian\u00e7as - Ub\u00e1 News","og_description":"O&nbsp;Dia das Crian\u00e7as&nbsp;\u00e9 comemorado anualmente em&nbsp;12 de outubro&nbsp;no Brasil. Esta","og_url":"https:\/\/ubanews.com\/site\/2022\/10\/12\/dia-das-criancas\/","og_site_name":"Ub\u00e1 News","article_publisher":"https:\/\/www.facebook.com\/Ub%c3%a1News-Carlos-Roberto-Sodr%c3%a9-418778301977370","article_author":"https:\/\/www.facebook.com\/carosroberto.sodre.5\/","article_published_time":"2022-10-12T18:00:42+00:00","article_modified_time":"2022-10-12T22:16:31+00:00","og_image":[{"width":1280,"height":720,"url":"https:\/\/ubanews.com\/site\/wp-content\/uploads\/2022\/10\/Dia-das-Criancas.jpg","type":"image\/jpeg"}],"author":"Sodr\u00e9","twitter_card":"summary_large_image","twitter_misc":{"Escrito por":"Sodr\u00e9","Est. tempo de leitura":"6 minutos"},"schema":{"@context":"https:\/\/schema.org","@graph":[{"@type":"Article","@id":"https:\/\/ubanews.com\/site\/2022\/10\/12\/dia-das-criancas\/#article","isPartOf":{"@id":"https:\/\/ubanews.com\/site\/2022\/10\/12\/dia-das-criancas\/"},"author":{"name":"Sodr\u00e9","@id":"https:\/\/ubanews.com\/site\/#\/schema\/person\/d90c9e47252fbb63dcc969fe4c8b9d10"},"headline":"Dia das Crian\u00e7as","datePublished":"2022-10-12T18:00:42+00:00","dateModified":"2022-10-12T22:16:31+00:00","mainEntityOfPage":{"@id":"https:\/\/ubanews.com\/site\/2022\/10\/12\/dia-das-criancas\/"},"wordCount":1125,"commentCount":0,"publisher":{"@id":"https:\/\/ubanews.com\/site\/#organization"},"image":{"@id":"https:\/\/ubanews.com\/site\/2022\/10\/12\/dia-das-criancas\/#primaryimage"},"thumbnailUrl":"https:\/\/ubanews.com\/site\/wp-content\/uploads\/2022\/10\/Dia-das-Criancas.jpg","articleSection":["Geral","Slide"],"inLanguage":"pt-BR","potentialAction":[{"@type":"CommentAction","name":"Comment","target":["https:\/\/ubanews.com\/site\/2022\/10\/12\/dia-das-criancas\/#respond"]}]},{"@type":"WebPage","@id":"https:\/\/ubanews.com\/site\/2022\/10\/12\/dia-das-criancas\/","url":"https:\/\/ubanews.com\/site\/2022\/10\/12\/dia-das-criancas\/","name":"Dia das Crian\u00e7as - Ub\u00e1 News","isPartOf":{"@id":"https:\/\/ubanews.com\/site\/#website"},"primaryImageOfPage":{"@id":"https:\/\/ubanews.com\/site\/2022\/10\/12\/dia-das-criancas\/#primaryimage"},"image":{"@id":"https:\/\/ubanews.com\/site\/2022\/10\/12\/dia-das-criancas\/#primaryimage"},"thumbnailUrl":"https:\/\/ubanews.com\/site\/wp-content\/uploads\/2022\/10\/Dia-das-Criancas.jpg","datePublished":"2022-10-12T18:00:42+00:00","dateModified":"2022-10-12T22:16:31+00:00","breadcrumb":{"@id":"https:\/\/ubanews.com\/site\/2022\/10\/12\/dia-das-criancas\/#breadcrumb"},"inLanguage":"pt-BR","potentialAction":[{"@type":"ReadAction","target":["https:\/\/ubanews.com\/site\/2022\/10\/12\/dia-das-criancas\/"]}]},{"@type":"ImageObject","inLanguage":"pt-BR","@id":"https:\/\/ubanews.com\/site\/2022\/10\/12\/dia-das-criancas\/#primaryimage","url":"https:\/\/ubanews.com\/site\/wp-content\/uploads\/2022\/10\/Dia-das-Criancas.jpg","contentUrl":"https:\/\/ubanews.com\/site\/wp-content\/uploads\/2022\/10\/Dia-das-Criancas.jpg","width":1280,"height":720},{"@type":"BreadcrumbList","@id":"https:\/\/ubanews.com\/site\/2022\/10\/12\/dia-das-criancas\/#breadcrumb","itemListElement":[{"@type":"ListItem","position":1,"name":"Home","item":"https:\/\/ubanews.com\/site\/"},{"@type":"ListItem","position":2,"name":"Dia das Crian\u00e7as"}]},{"@type":"WebSite","@id":"https:\/\/ubanews.com\/site\/#website","url":"https:\/\/ubanews.com\/site\/","name":"Ub\u00e1 News","description":"","publisher":{"@id":"https:\/\/ubanews.com\/site\/#organization"},"potentialAction":[{"@type":"SearchAction","target":{"@type":"EntryPoint","urlTemplate":"https:\/\/ubanews.com\/site\/?s={search_term_string}"},"query-input":{"@type":"PropertyValueSpecification","valueRequired":true,"valueName":"search_term_string"}}],"inLanguage":"pt-BR"},{"@type":"Organization","@id":"https:\/\/ubanews.com\/site\/#organization","name":"Ub\u00e1 News","url":"https:\/\/ubanews.com\/site\/","logo":{"@type":"ImageObject","inLanguage":"pt-BR","@id":"https:\/\/ubanews.com\/site\/#\/schema\/logo\/image\/","url":"https:\/\/ubanews.com\/site\/wp-content\/uploads\/2018\/01\/logoubanews.png","contentUrl":"https:\/\/ubanews.com\/site\/wp-content\/uploads\/2018\/01\/logoubanews.png","width":261,"height":99,"caption":"Ub\u00e1 News"},"image":{"@id":"https:\/\/ubanews.com\/site\/#\/schema\/logo\/image\/"},"sameAs":["https:\/\/www.facebook.com\/Ub\u00e1News-Carlos-Roberto-Sodr\u00e9-418778301977370"]},{"@type":"Person","@id":"https:\/\/ubanews.com\/site\/#\/schema\/person\/d90c9e47252fbb63dcc969fe4c8b9d10","name":"Sodr\u00e9","image":{"@type":"ImageObject","inLanguage":"pt-BR","@id":"https:\/\/secure.gravatar.com\/avatar\/5ba2793f0590b9dbfad3fdec4ee714485b3eef211c9b32ee53d414060454a56c?s=96&d=mm&r=g","url":"https:\/\/secure.gravatar.com\/avatar\/5ba2793f0590b9dbfad3fdec4ee714485b3eef211c9b32ee53d414060454a56c?s=96&d=mm&r=g","contentUrl":"https:\/\/secure.gravatar.com\/avatar\/5ba2793f0590b9dbfad3fdec4ee714485b3eef211c9b32ee53d414060454a56c?s=96&d=mm&r=g","caption":"Sodr\u00e9"},"sameAs":["https:\/\/www.facebook.com\/carosroberto.sodre.5\/"],"url":"https:\/\/ubanews.com\/site\/author\/felipe\/"}]}},"_links":{"self":[{"href":"https:\/\/ubanews.com\/site\/wp-json\/wp\/v2\/posts\/21415","targetHints":{"allow":["GET"]}}],"collection":[{"href":"https:\/\/ubanews.com\/site\/wp-json\/wp\/v2\/posts"}],"about":[{"href":"https:\/\/ubanews.com\/site\/wp-json\/wp\/v2\/types\/post"}],"author":[{"embeddable":true,"href":"https:\/\/ubanews.com\/site\/wp-json\/wp\/v2\/users\/2"}],"replies":[{"embeddable":true,"href":"https:\/\/ubanews.com\/site\/wp-json\/wp\/v2\/comments?post=21415"}],"version-history":[{"count":0,"href":"https:\/\/ubanews.com\/site\/wp-json\/wp\/v2\/posts\/21415\/revisions"}],"wp:featuredmedia":[{"embeddable":true,"href":"https:\/\/ubanews.com\/site\/wp-json\/wp\/v2\/media\/21416"}],"wp:attachment":[{"href":"https:\/\/ubanews.com\/site\/wp-json\/wp\/v2\/media?parent=21415"}],"wp:term":[{"taxonomy":"category","embeddable":true,"href":"https:\/\/ubanews.com\/site\/wp-json\/wp\/v2\/categories?post=21415"},{"taxonomy":"post_tag","embeddable":true,"href":"https:\/\/ubanews.com\/site\/wp-json\/wp\/v2\/tags?post=21415"}],"curies":[{"name":"wp","href":"https:\/\/api.w.org\/{rel}","templated":true}]}}