{"id":21413,"date":"2022-10-12T12:00:02","date_gmt":"2022-10-12T15:00:02","guid":{"rendered":"http:\/\/ubanews.com\/site\/?p=21413"},"modified":"2022-10-11T16:03:13","modified_gmt":"2022-10-11T19:03:13","slug":"nossa-senhora-aparecida","status":"publish","type":"post","link":"https:\/\/ubanews.com\/site\/2022\/10\/12\/nossa-senhora-aparecida\/","title":{"rendered":"Nossa Senhora Aparecida"},"content":{"rendered":"<p>O&nbsp;<strong>Dia de Nossa Senhora Aparecida<\/strong>&nbsp;\u00e9 comemorado em&nbsp;<strong>12 de outubro<\/strong>&nbsp;e \u00e9 considerado&nbsp;<strong>feriado nacional no pa\u00eds<\/strong>.<\/p>\n<p>Esta \u00e9 a data que homenageia a padroeira do Brasil, que tamb\u00e9m \u00e9 um dos principais santos do catolicismo.<\/p>\n<h2>Hist\u00f3ria de Nossa Senhora Aparecida<\/h2>\n<div class=\"timeline\">\n<div class=\"timeline-item\">\n<div class=\"timeline-date\"><strong>1717<\/strong><\/div>\n<p>De acordo com a hist\u00f3ria, no ano de 1717, pescadores lan\u00e7aram suas redes no Rio Para\u00edba do Sul. Os pescadores tinham como objetivo pescar peixes grandes para um jantar especial para o Conde de Assumar.<\/p>\n<p>Eles tentaram muito, mas n\u00e3o estavam conseguindo pescar nada. Quando j\u00e1 estavam quase desistindo, um pescador chamado Jo\u00e3o Alves apanhou uma imagem de Nossa Senhora da Concei\u00e7\u00e3<strong>o<\/strong>, primeiro o corpo e depois a cabe\u00e7a, e enrolou-a em um manto. Em seguida, as suas redes que at\u00e9 ent\u00e3o vinham vazias, abundavam em peixes.<\/p>\n<\/div>\n<p>&nbsp;<\/p>\n<div class=\"timeline-item\">\n<div class=\"timeline-date\"><strong>1734<\/strong><\/div>\n<p><img decoding=\"async\" data-src=\"https:\/\/s.calendarr.com\/upload\/datas\/no\/ss\/nossa-senhora-aparecida_c.jpg?auto_optimize=low&amp;width=640\" alt=\"Padroeira do Brasil\" width=\"655\" height=\"368\" src=\"data:image\/svg+xml;base64,PHN2ZyB3aWR0aD0iMSIgaGVpZ2h0PSIxIiB4bWxucz0iaHR0cDovL3d3dy53My5vcmcvMjAwMC9zdmciPjwvc3ZnPg==\" class=\"lazyload\" style=\"--smush-placeholder-width: 655px; --smush-placeholder-aspect-ratio: 655\/368;\"><\/p>\n<p>Dezessete anos depois do achado, foi constru\u00edda a primeira capela, que rapidamente se tornou um ponto de peregrina\u00e7\u00e3o para os viajantes.<\/p>\n<\/div>\n<p>&nbsp;<\/p>\n<div class=\"timeline-item\">\n<div class=\"timeline-date\"><strong>1868<\/strong><\/div>\n<p>Em 1868, a Princesa Isabel ofertou um manto azul e uma coroa cravejada de diamantes \u00e0 imagem.<\/p>\n<\/div>\n<p>&nbsp;<\/p>\n<div class=\"timeline-item\">\n<div class=\"timeline-date\"><strong>1930<\/strong><\/div>\n<p>Nossa Senhora da Concei\u00e7\u00e3o Aparecida foi proclamada Rainha do Brasil e sua Padroeira Oficial em 16 de julho de 1930, por decreto do Papa Pio.<\/p>\n<\/div>\n<p>&nbsp;<\/p>\n<div class=\"timeline-item\">\n<div class=\"timeline-date\"><strong>1980<\/strong><\/div>\n<p>Em 1980, 50 anos depois, o dia 12 de outubro foi decretado feriado oficial no pa\u00eds.<\/p>\n<\/div>\n<\/div>\n<p>No Dia de Nossa Senhora Aparecida tamb\u00e9m \u00e9 celebrado o&nbsp;<a href=\"https:\/\/www.calendarr.com\/brasil\/dia-das-criancas\/\">Dia das Crian\u00e7as<\/a>.<\/p>\n<h2>Santu\u00e1rio de Nossa Senhora Aparecida<\/h2>\n<p>Devido \u00e0 import\u00e2ncia que Nossa Senhora Aparecida tem no pa\u00eds, em 1946 foi iniciada a constru\u00e7\u00e3o de um santu\u00e1rio dedicado a Ela no estado de S\u00e3o Paulo, na cidade de Aparecida.<\/p>\n<figure class=\"image\"><img decoding=\"async\" class=\"lazyload\" src=\"https:\/\/s.calendarr.com\/upload\/datas\/sa\/nt\/santuario-nossa-senhora_c.jpg?auto_optimize=low&amp;width=640\" alt=\"Santu\u00e1rio de Nossa Senhora Aparecida\" width=\"655\" height=\"335\" data-src=\"https:\/\/s.calendarr.com\/upload\/datas\/sa\/nt\/santuario-nossa-senhora_c.jpg?auto_optimize=low&amp;width=640\"><figcaption>Santu\u00e1rio de Nossa Senhora Aparecida<\/figcaption><\/figure>\n<p>O Papa Jo\u00e3o Paulo II, em visita ao Brasil em 1980, consagrou a igreja como bas\u00edlica e Santu\u00e1rio Nacional. Assim, o templo \u00e9 considerado&nbsp;<strong>o maior santu\u00e1rio dedicado \u00e0 Virgem Maria<\/strong>&nbsp;em todo o mundo.<\/p>\n<p>Por sua vez, o Papa Francisco, ao visitar o Brasil em 2016, elevou a bas\u00edlica \u00e0 catedral da Arquidiocese de Aparecida.<\/p>\n<p>Todos os anos, milh\u00f5es de romeiros se dirigem ao santu\u00e1rio. Muitos v\u00e3o para pagar promessas, j\u00e1 que s\u00e3o atribu\u00eddos diversos milagres \u00e0 santa.<\/p>\n<div class=\"feat-box\">\n<h2 class=\"feat-box-heading\">Origem do Dia de Nossa Senhora Aparecida<\/h2>\n<p>O Dia de Nossa Senhora Aparecida foi oficialmente institu\u00eddo a partir da Lei n\u00ba 6.802, de 30 de junho de 1980.<\/p>\n<p>O dia 12 de outubro foi escolhido para o feriado, pois a data j\u00e1 abrigava outros fatos importantes. Uma dessas datas foi a chegada de Crist\u00f3v\u00e3o Colombo \u00e0s Am\u00e9ricas, em 12 de outubro de 1942. Al\u00e9m dela, em 12 de outubro de 1822, ap\u00f3s a independ\u00eancia do Brasil, a na\u00e7\u00e3o ganhou seu primeiro imperador, Dom Pedro I.<\/p>\n<\/div>\n<h2>Ora\u00e7\u00e3o a Nossa Senhora Aparecida<\/h2>\n<blockquote><p>\u00d3 incompar\u00e1vel Senhora da Concei\u00e7\u00e3o Aparecida, M\u00e3e de Deus, Rainha dos Anjos, Advogada dos pecadores, Ref\u00fagio e consola\u00e7\u00e3o dos aflitos e atribulados, Virgem Sant\u00edssima, cheia de poder e de bondade, lan\u00e7ai sobre n\u00f3s um olhar favor\u00e1vel, para que sejamos socorridos por v\u00f3s em todas as necessidades em que nos acharmos.<\/p>\n<p>Lembrai-vos, \u00f3 clement\u00edssima M\u00e3e Aparecida, que nunca se ouviu dizer, que algum daqueles que t\u00eam a v\u00f3s recorrido, invocado vosso sant\u00edssimo nome e implorado a vossa singular prote\u00e7\u00e3o, fosse por v\u00f3s abandonado. Animados com esta confian\u00e7a, a v\u00f3s recorremos, tomamos-vos para sempre por nossa M\u00e3e, nossa protetora, consola\u00e7\u00e3o e guia, esperan\u00e7a e luz na hora da morte.<\/p>\n<p>Livrai-nos de tudo o que possa ofender-vos e ao vosso Sant\u00edssimo Filho, Jesus. Preservai-nos de todos os perigos, da alma e do corpo, dirigi-nos em todos os assuntos espirituais e temporais, livrai-nos da tenta\u00e7\u00e3o do dem\u00f4nio, para que, trilhando o caminho da virtude, possamos um dia ver-vos e amar-vos, na eterna gl\u00f3ria, por todos os s\u00e9culos dos s\u00e9culos. Am\u00e9m!<\/p><\/blockquote>\n<p><strong>FONTE: https:\/\/www.calendarr.com\/brasil\/calendario-2022\/<\/strong><\/p>\n","protected":false},"excerpt":{"rendered":"<p>O&nbsp;Dia de Nossa Senhora Aparecida&nbsp;\u00e9 comemorado em&nbsp;12 de outubro&nbsp;e \u00e9<\/p>\n","protected":false},"author":2,"featured_media":21414,"comment_status":"open","ping_status":"open","sticky":false,"template":"","format":"standard","meta":{"footnotes":""},"categories":[1,3],"tags":[],"class_list":["post-21413","post","type-post","status-publish","format-standard","has-post-thumbnail","hentry","category-sem-categoria","category-slide"],"yoast_head":"<!-- This site is optimized with the Yoast SEO plugin v27.2 - https:\/\/yoast.com\/product\/yoast-seo-wordpress\/ -->\n<title>Nossa Senhora Aparecida - Ub\u00e1 News<\/title>\n<meta name=\"robots\" content=\"index, follow, max-snippet:-1, max-image-preview:large, max-video-preview:-1\" \/>\n<link rel=\"canonical\" href=\"https:\/\/ubanews.com\/site\/2022\/10\/12\/nossa-senhora-aparecida\/\" \/>\n<meta property=\"og:locale\" content=\"pt_BR\" \/>\n<meta property=\"og:type\" content=\"article\" \/>\n<meta property=\"og:title\" content=\"Nossa Senhora Aparecida - Ub\u00e1 News\" \/>\n<meta property=\"og:description\" content=\"O&nbsp;Dia de Nossa Senhora Aparecida&nbsp;\u00e9 comemorado em&nbsp;12 de outubro&nbsp;e \u00e9\" \/>\n<meta property=\"og:url\" content=\"https:\/\/ubanews.com\/site\/2022\/10\/12\/nossa-senhora-aparecida\/\" \/>\n<meta property=\"og:site_name\" content=\"Ub\u00e1 News\" \/>\n<meta property=\"article:publisher\" content=\"https:\/\/www.facebook.com\/Ub%c3%a1News-Carlos-Roberto-Sodr%c3%a9-418778301977370\" \/>\n<meta property=\"article:author\" content=\"https:\/\/www.facebook.com\/carosroberto.sodre.5\/\" \/>\n<meta property=\"article:published_time\" content=\"2022-10-12T15:00:02+00:00\" \/>\n<meta property=\"og:image\" content=\"https:\/\/ubanews.com\/site\/wp-content\/uploads\/2022\/10\/nossa-senhora-de-aparecida.jpg\" \/>\n\t<meta property=\"og:image:width\" content=\"1024\" \/>\n\t<meta property=\"og:image:height\" content=\"768\" \/>\n\t<meta property=\"og:image:type\" content=\"image\/jpeg\" \/>\n<meta name=\"author\" content=\"Sodr\u00e9\" \/>\n<meta name=\"twitter:card\" content=\"summary_large_image\" \/>\n<meta name=\"twitter:label1\" content=\"Escrito por\" \/>\n\t<meta name=\"twitter:data1\" content=\"Sodr\u00e9\" \/>\n\t<meta name=\"twitter:label2\" content=\"Est. tempo de leitura\" \/>\n\t<meta name=\"twitter:data2\" content=\"4 minutos\" \/>\n<script type=\"application\/ld+json\" class=\"yoast-schema-graph\">{\"@context\":\"https:\/\/schema.org\",\"@graph\":[{\"@type\":\"Article\",\"@id\":\"https:\/\/ubanews.com\/site\/2022\/10\/12\/nossa-senhora-aparecida\/#article\",\"isPartOf\":{\"@id\":\"https:\/\/ubanews.com\/site\/2022\/10\/12\/nossa-senhora-aparecida\/\"},\"author\":{\"name\":\"Sodr\u00e9\",\"@id\":\"https:\/\/ubanews.com\/site\/#\/schema\/person\/d90c9e47252fbb63dcc969fe4c8b9d10\"},\"headline\":\"Nossa Senhora Aparecida\",\"datePublished\":\"2022-10-12T15:00:02+00:00\",\"mainEntityOfPage\":{\"@id\":\"https:\/\/ubanews.com\/site\/2022\/10\/12\/nossa-senhora-aparecida\/\"},\"wordCount\":660,\"commentCount\":0,\"publisher\":{\"@id\":\"https:\/\/ubanews.com\/site\/#organization\"},\"image\":{\"@id\":\"https:\/\/ubanews.com\/site\/2022\/10\/12\/nossa-senhora-aparecida\/#primaryimage\"},\"thumbnailUrl\":\"https:\/\/ubanews.com\/site\/wp-content\/uploads\/2022\/10\/nossa-senhora-de-aparecida.jpg\",\"articleSection\":[\"Geral\",\"Slide\"],\"inLanguage\":\"pt-BR\",\"potentialAction\":[{\"@type\":\"CommentAction\",\"name\":\"Comment\",\"target\":[\"https:\/\/ubanews.com\/site\/2022\/10\/12\/nossa-senhora-aparecida\/#respond\"]}]},{\"@type\":\"WebPage\",\"@id\":\"https:\/\/ubanews.com\/site\/2022\/10\/12\/nossa-senhora-aparecida\/\",\"url\":\"https:\/\/ubanews.com\/site\/2022\/10\/12\/nossa-senhora-aparecida\/\",\"name\":\"Nossa Senhora Aparecida - Ub\u00e1 News\",\"isPartOf\":{\"@id\":\"https:\/\/ubanews.com\/site\/#website\"},\"primaryImageOfPage\":{\"@id\":\"https:\/\/ubanews.com\/site\/2022\/10\/12\/nossa-senhora-aparecida\/#primaryimage\"},\"image\":{\"@id\":\"https:\/\/ubanews.com\/site\/2022\/10\/12\/nossa-senhora-aparecida\/#primaryimage\"},\"thumbnailUrl\":\"https:\/\/ubanews.com\/site\/wp-content\/uploads\/2022\/10\/nossa-senhora-de-aparecida.jpg\",\"datePublished\":\"2022-10-12T15:00:02+00:00\",\"breadcrumb\":{\"@id\":\"https:\/\/ubanews.com\/site\/2022\/10\/12\/nossa-senhora-aparecida\/#breadcrumb\"},\"inLanguage\":\"pt-BR\",\"potentialAction\":[{\"@type\":\"ReadAction\",\"target\":[\"https:\/\/ubanews.com\/site\/2022\/10\/12\/nossa-senhora-aparecida\/\"]}]},{\"@type\":\"ImageObject\",\"inLanguage\":\"pt-BR\",\"@id\":\"https:\/\/ubanews.com\/site\/2022\/10\/12\/nossa-senhora-aparecida\/#primaryimage\",\"url\":\"https:\/\/ubanews.com\/site\/wp-content\/uploads\/2022\/10\/nossa-senhora-de-aparecida.jpg\",\"contentUrl\":\"https:\/\/ubanews.com\/site\/wp-content\/uploads\/2022\/10\/nossa-senhora-de-aparecida.jpg\",\"width\":1024,\"height\":768},{\"@type\":\"BreadcrumbList\",\"@id\":\"https:\/\/ubanews.com\/site\/2022\/10\/12\/nossa-senhora-aparecida\/#breadcrumb\",\"itemListElement\":[{\"@type\":\"ListItem\",\"position\":1,\"name\":\"Home\",\"item\":\"https:\/\/ubanews.com\/site\/\"},{\"@type\":\"ListItem\",\"position\":2,\"name\":\"Nossa Senhora Aparecida\"}]},{\"@type\":\"WebSite\",\"@id\":\"https:\/\/ubanews.com\/site\/#website\",\"url\":\"https:\/\/ubanews.com\/site\/\",\"name\":\"Ub\u00e1 News\",\"description\":\"\",\"publisher\":{\"@id\":\"https:\/\/ubanews.com\/site\/#organization\"},\"potentialAction\":[{\"@type\":\"SearchAction\",\"target\":{\"@type\":\"EntryPoint\",\"urlTemplate\":\"https:\/\/ubanews.com\/site\/?s={search_term_string}\"},\"query-input\":{\"@type\":\"PropertyValueSpecification\",\"valueRequired\":true,\"valueName\":\"search_term_string\"}}],\"inLanguage\":\"pt-BR\"},{\"@type\":\"Organization\",\"@id\":\"https:\/\/ubanews.com\/site\/#organization\",\"name\":\"Ub\u00e1 News\",\"url\":\"https:\/\/ubanews.com\/site\/\",\"logo\":{\"@type\":\"ImageObject\",\"inLanguage\":\"pt-BR\",\"@id\":\"https:\/\/ubanews.com\/site\/#\/schema\/logo\/image\/\",\"url\":\"https:\/\/ubanews.com\/site\/wp-content\/uploads\/2018\/01\/logoubanews.png\",\"contentUrl\":\"https:\/\/ubanews.com\/site\/wp-content\/uploads\/2018\/01\/logoubanews.png\",\"width\":261,\"height\":99,\"caption\":\"Ub\u00e1 News\"},\"image\":{\"@id\":\"https:\/\/ubanews.com\/site\/#\/schema\/logo\/image\/\"},\"sameAs\":[\"https:\/\/www.facebook.com\/Ub\u00e1News-Carlos-Roberto-Sodr\u00e9-418778301977370\"]},{\"@type\":\"Person\",\"@id\":\"https:\/\/ubanews.com\/site\/#\/schema\/person\/d90c9e47252fbb63dcc969fe4c8b9d10\",\"name\":\"Sodr\u00e9\",\"image\":{\"@type\":\"ImageObject\",\"inLanguage\":\"pt-BR\",\"@id\":\"https:\/\/secure.gravatar.com\/avatar\/5ba2793f0590b9dbfad3fdec4ee714485b3eef211c9b32ee53d414060454a56c?s=96&d=mm&r=g\",\"url\":\"https:\/\/secure.gravatar.com\/avatar\/5ba2793f0590b9dbfad3fdec4ee714485b3eef211c9b32ee53d414060454a56c?s=96&d=mm&r=g\",\"contentUrl\":\"https:\/\/secure.gravatar.com\/avatar\/5ba2793f0590b9dbfad3fdec4ee714485b3eef211c9b32ee53d414060454a56c?s=96&d=mm&r=g\",\"caption\":\"Sodr\u00e9\"},\"sameAs\":[\"https:\/\/www.facebook.com\/carosroberto.sodre.5\/\"],\"url\":\"https:\/\/ubanews.com\/site\/author\/felipe\/\"}]}<\/script>\n<!-- \/ Yoast SEO plugin. -->","yoast_head_json":{"title":"Nossa Senhora Aparecida - Ub\u00e1 News","robots":{"index":"index","follow":"follow","max-snippet":"max-snippet:-1","max-image-preview":"max-image-preview:large","max-video-preview":"max-video-preview:-1"},"canonical":"https:\/\/ubanews.com\/site\/2022\/10\/12\/nossa-senhora-aparecida\/","og_locale":"pt_BR","og_type":"article","og_title":"Nossa Senhora Aparecida - Ub\u00e1 News","og_description":"O&nbsp;Dia de Nossa Senhora Aparecida&nbsp;\u00e9 comemorado em&nbsp;12 de outubro&nbsp;e \u00e9","og_url":"https:\/\/ubanews.com\/site\/2022\/10\/12\/nossa-senhora-aparecida\/","og_site_name":"Ub\u00e1 News","article_publisher":"https:\/\/www.facebook.com\/Ub%c3%a1News-Carlos-Roberto-Sodr%c3%a9-418778301977370","article_author":"https:\/\/www.facebook.com\/carosroberto.sodre.5\/","article_published_time":"2022-10-12T15:00:02+00:00","og_image":[{"width":1024,"height":768,"url":"https:\/\/ubanews.com\/site\/wp-content\/uploads\/2022\/10\/nossa-senhora-de-aparecida.jpg","type":"image\/jpeg"}],"author":"Sodr\u00e9","twitter_card":"summary_large_image","twitter_misc":{"Escrito por":"Sodr\u00e9","Est. tempo de leitura":"4 minutos"},"schema":{"@context":"https:\/\/schema.org","@graph":[{"@type":"Article","@id":"https:\/\/ubanews.com\/site\/2022\/10\/12\/nossa-senhora-aparecida\/#article","isPartOf":{"@id":"https:\/\/ubanews.com\/site\/2022\/10\/12\/nossa-senhora-aparecida\/"},"author":{"name":"Sodr\u00e9","@id":"https:\/\/ubanews.com\/site\/#\/schema\/person\/d90c9e47252fbb63dcc969fe4c8b9d10"},"headline":"Nossa Senhora Aparecida","datePublished":"2022-10-12T15:00:02+00:00","mainEntityOfPage":{"@id":"https:\/\/ubanews.com\/site\/2022\/10\/12\/nossa-senhora-aparecida\/"},"wordCount":660,"commentCount":0,"publisher":{"@id":"https:\/\/ubanews.com\/site\/#organization"},"image":{"@id":"https:\/\/ubanews.com\/site\/2022\/10\/12\/nossa-senhora-aparecida\/#primaryimage"},"thumbnailUrl":"https:\/\/ubanews.com\/site\/wp-content\/uploads\/2022\/10\/nossa-senhora-de-aparecida.jpg","articleSection":["Geral","Slide"],"inLanguage":"pt-BR","potentialAction":[{"@type":"CommentAction","name":"Comment","target":["https:\/\/ubanews.com\/site\/2022\/10\/12\/nossa-senhora-aparecida\/#respond"]}]},{"@type":"WebPage","@id":"https:\/\/ubanews.com\/site\/2022\/10\/12\/nossa-senhora-aparecida\/","url":"https:\/\/ubanews.com\/site\/2022\/10\/12\/nossa-senhora-aparecida\/","name":"Nossa Senhora Aparecida - Ub\u00e1 News","isPartOf":{"@id":"https:\/\/ubanews.com\/site\/#website"},"primaryImageOfPage":{"@id":"https:\/\/ubanews.com\/site\/2022\/10\/12\/nossa-senhora-aparecida\/#primaryimage"},"image":{"@id":"https:\/\/ubanews.com\/site\/2022\/10\/12\/nossa-senhora-aparecida\/#primaryimage"},"thumbnailUrl":"https:\/\/ubanews.com\/site\/wp-content\/uploads\/2022\/10\/nossa-senhora-de-aparecida.jpg","datePublished":"2022-10-12T15:00:02+00:00","breadcrumb":{"@id":"https:\/\/ubanews.com\/site\/2022\/10\/12\/nossa-senhora-aparecida\/#breadcrumb"},"inLanguage":"pt-BR","potentialAction":[{"@type":"ReadAction","target":["https:\/\/ubanews.com\/site\/2022\/10\/12\/nossa-senhora-aparecida\/"]}]},{"@type":"ImageObject","inLanguage":"pt-BR","@id":"https:\/\/ubanews.com\/site\/2022\/10\/12\/nossa-senhora-aparecida\/#primaryimage","url":"https:\/\/ubanews.com\/site\/wp-content\/uploads\/2022\/10\/nossa-senhora-de-aparecida.jpg","contentUrl":"https:\/\/ubanews.com\/site\/wp-content\/uploads\/2022\/10\/nossa-senhora-de-aparecida.jpg","width":1024,"height":768},{"@type":"BreadcrumbList","@id":"https:\/\/ubanews.com\/site\/2022\/10\/12\/nossa-senhora-aparecida\/#breadcrumb","itemListElement":[{"@type":"ListItem","position":1,"name":"Home","item":"https:\/\/ubanews.com\/site\/"},{"@type":"ListItem","position":2,"name":"Nossa Senhora Aparecida"}]},{"@type":"WebSite","@id":"https:\/\/ubanews.com\/site\/#website","url":"https:\/\/ubanews.com\/site\/","name":"Ub\u00e1 News","description":"","publisher":{"@id":"https:\/\/ubanews.com\/site\/#organization"},"potentialAction":[{"@type":"SearchAction","target":{"@type":"EntryPoint","urlTemplate":"https:\/\/ubanews.com\/site\/?s={search_term_string}"},"query-input":{"@type":"PropertyValueSpecification","valueRequired":true,"valueName":"search_term_string"}}],"inLanguage":"pt-BR"},{"@type":"Organization","@id":"https:\/\/ubanews.com\/site\/#organization","name":"Ub\u00e1 News","url":"https:\/\/ubanews.com\/site\/","logo":{"@type":"ImageObject","inLanguage":"pt-BR","@id":"https:\/\/ubanews.com\/site\/#\/schema\/logo\/image\/","url":"https:\/\/ubanews.com\/site\/wp-content\/uploads\/2018\/01\/logoubanews.png","contentUrl":"https:\/\/ubanews.com\/site\/wp-content\/uploads\/2018\/01\/logoubanews.png","width":261,"height":99,"caption":"Ub\u00e1 News"},"image":{"@id":"https:\/\/ubanews.com\/site\/#\/schema\/logo\/image\/"},"sameAs":["https:\/\/www.facebook.com\/Ub\u00e1News-Carlos-Roberto-Sodr\u00e9-418778301977370"]},{"@type":"Person","@id":"https:\/\/ubanews.com\/site\/#\/schema\/person\/d90c9e47252fbb63dcc969fe4c8b9d10","name":"Sodr\u00e9","image":{"@type":"ImageObject","inLanguage":"pt-BR","@id":"https:\/\/secure.gravatar.com\/avatar\/5ba2793f0590b9dbfad3fdec4ee714485b3eef211c9b32ee53d414060454a56c?s=96&d=mm&r=g","url":"https:\/\/secure.gravatar.com\/avatar\/5ba2793f0590b9dbfad3fdec4ee714485b3eef211c9b32ee53d414060454a56c?s=96&d=mm&r=g","contentUrl":"https:\/\/secure.gravatar.com\/avatar\/5ba2793f0590b9dbfad3fdec4ee714485b3eef211c9b32ee53d414060454a56c?s=96&d=mm&r=g","caption":"Sodr\u00e9"},"sameAs":["https:\/\/www.facebook.com\/carosroberto.sodre.5\/"],"url":"https:\/\/ubanews.com\/site\/author\/felipe\/"}]}},"_links":{"self":[{"href":"https:\/\/ubanews.com\/site\/wp-json\/wp\/v2\/posts\/21413","targetHints":{"allow":["GET"]}}],"collection":[{"href":"https:\/\/ubanews.com\/site\/wp-json\/wp\/v2\/posts"}],"about":[{"href":"https:\/\/ubanews.com\/site\/wp-json\/wp\/v2\/types\/post"}],"author":[{"embeddable":true,"href":"https:\/\/ubanews.com\/site\/wp-json\/wp\/v2\/users\/2"}],"replies":[{"embeddable":true,"href":"https:\/\/ubanews.com\/site\/wp-json\/wp\/v2\/comments?post=21413"}],"version-history":[{"count":0,"href":"https:\/\/ubanews.com\/site\/wp-json\/wp\/v2\/posts\/21413\/revisions"}],"wp:featuredmedia":[{"embeddable":true,"href":"https:\/\/ubanews.com\/site\/wp-json\/wp\/v2\/media\/21414"}],"wp:attachment":[{"href":"https:\/\/ubanews.com\/site\/wp-json\/wp\/v2\/media?parent=21413"}],"wp:term":[{"taxonomy":"category","embeddable":true,"href":"https:\/\/ubanews.com\/site\/wp-json\/wp\/v2\/categories?post=21413"},{"taxonomy":"post_tag","embeddable":true,"href":"https:\/\/ubanews.com\/site\/wp-json\/wp\/v2\/tags?post=21413"}],"curies":[{"name":"wp","href":"https:\/\/api.w.org\/{rel}","templated":true}]}}