{"id":21373,"date":"2022-09-13T16:41:45","date_gmt":"2022-09-13T19:41:45","guid":{"rendered":"http:\/\/ubanews.com\/site\/?p=21373"},"modified":"2022-09-13T16:41:45","modified_gmt":"2022-09-13T19:41:45","slug":"prefeito-de-uba-recebe-comenda-concedida-pelo-mpmg","status":"publish","type":"post","link":"https:\/\/ubanews.com\/site\/2022\/09\/13\/prefeito-de-uba-recebe-comenda-concedida-pelo-mpmg\/","title":{"rendered":"Prefeito de Ub\u00e1 recebe comenda concedida pelo MPMG"},"content":{"rendered":"<div><b>Prefeito de Ub\u00e1 recebe comenda concedida pelo MPMG<\/b><\/div>\n<div>O prefeito de Ub\u00e1 Edson Teixeira Filho recebe nesta sexta-feira (16), \u00e0s 18h15, em Belo Horizonte, uma comenda do Minist\u00e9rio P\u00fablico de Minas Gerais (MPMG). A honraria &nbsp;faz parte da Medalha do M\u00e9rito do Minist\u00e9rio P\u00fablico &#8211; Promotor de Justi\u00e7a Francisco Jos\u00e9 Lins do Rego Santos, e \u00e9 concedida a personalidades respons\u00e1veis por relevantes contribui\u00e7\u00f5es para a sociedade e para a cultura jur\u00eddica do pa\u00eds.<\/div>\n<div><span style=\"font-family: arial, sans-serif; font-size: 1.0625rem;\">Os agraciados pela Medalha e Comenda foram escolhidos atrav\u00e9s de an\u00e1lises do Conselho de Outorga da Medalha de M\u00e9rito do MPMG. O prefeito Edson ser\u00e1 condecorado pelo reconhecimento \u201cpelos compromissos com uma gest\u00e3o administrativa eficaz e \u00e0 defesa do meio ambiente\u201d, afirma o Procurador-Geral de Justi\u00e7a Jarbas Soares J\u00fanior, em of\u00edcio enviado ao prefeito.<\/span><\/div>\n<div>\n<p><span style=\"font-family: arial, sans-serif;\">A cerim\u00f4nia acontece no Teatro do Minas T\u00eanis Clube, durante a Semana do Minist\u00e9rio P\u00fablico 2022 com o tema \u201c200 anos da independ\u00eancia do Brasil\u201d e em comemora\u00e7\u00e3o ao Dia do Minist\u00e9rio P\u00fablico de Minas Gerais.<\/span><\/p>\n<p><span style=\"font-family: arial, sans-serif;\">O evento pode ser acompanhado pelo canal oficial do MPMG no YouTube &#8211; MPMG.Oficial.&nbsp;<a href=\"https:\/\/www.youtube.com\/c\/MPMGOficial\" target=\"_blank\" rel=\"noopener noreferrer\" data-saferedirecturl=\"https:\/\/www.google.com\/url?q=https:\/\/www.youtube.com\/c\/MPMGOficial&amp;source=gmail&amp;ust=1663183396940000&amp;usg=AOvVaw2CVFp1T5NyWmwHHuGv3O3z\">Clique AQUI<\/a>&nbsp;e assista.<\/span><\/p>\n<p><span style=\"font-family: arial, sans-serif;\">Agraciados &nbsp;<\/span><\/p>\n<p><span style=\"font-family: arial, sans-serif;\">Medalha de Honra<\/span><\/p>\n<p><span style=\"font-family: arial, sans-serif;\">Kassio Nunes Marques (orador oficial) &#8211; ministro do Supremo Tribunal Federal &nbsp;<\/span><\/p>\n<p><span style=\"font-family: arial, sans-serif;\">Assusete Dumont Reis Magalh\u00e3es- ministra do Superior Tribunal de Justi\u00e7a &nbsp;<\/span><\/p>\n<p><span style=\"font-family: arial, sans-serif;\">Rog\u00e9rio Schietti Machado Cruz &#8211; ministro do Superior Tribunal de Justi\u00e7a &nbsp;<\/span><\/p>\n<p><span style=\"font-family: arial, sans-serif;\">Ignacio Yb\u00e1\u00f1ez &#8211; embaixador da Uni\u00e3o Europeia no Brasil &nbsp;<\/span><\/p>\n<p><span style=\"font-family: arial, sans-serif;\">Luiza Helena Trajano In\u00e1cio Rodrigues &#8211; empres\u00e1ria &nbsp;<\/span><\/p>\n<p><span style=\"font-family: arial, sans-serif;\">Comenda<\/span><\/p>\n<p><span style=\"font-family: arial, sans-serif;\">Carlos Bernardo Bracher &#8211; artista pl\u00e1stico &nbsp;&nbsp;<\/span><\/p>\n<p><span style=\"font-family: arial, sans-serif;\">Clarissa Duarte Belloni &#8211; diretora-geral da Procuradoria-Geral de Justi\u00e7a de Minas Gerais &nbsp;<\/span><\/p>\n<p><span style=\"font-family: arial, sans-serif;\">Edson Teixeira Filho &#8211; prefeito de Ub\u00e1 &nbsp;&nbsp;<\/span><\/p>\n<p><span style=\"font-family: arial, sans-serif;\">M\u00e1rcio Lu\u00eds de Oliveira &#8211; consultor-geral de T\u00e9cnica Legislativa do Governo de Minas Gerais<\/span><\/p>\n<p><span style=\"font-family: arial, sans-serif;\">Maria das Gra\u00e7as Mar\u00e7al &#8211; fundadora da Associa\u00e7\u00e3o dos Catadores de Papel\u00e3o e Material Reaproveit\u00e1vel (Asmare)<\/span><\/p>\n<p><span style=\"font-family: arial, sans-serif;\">Maria do Ros\u00e1rio Ara\u00fajo Velano &#8211; professora e reitora da Universidade Jos\u00e9 do Ros\u00e1rio Vellano (Unifenas)<\/span><\/p>\n<p style=\"font-weight: 400;\">Assessoria de Comunica\u00e7\u00e3o<br \/>\nPrefeitura de Ub\u00e1<\/p>\n<\/div>\n","protected":false},"excerpt":{"rendered":"<p>Prefeito de Ub\u00e1 recebe comenda concedida pelo MPMG O prefeito<\/p>\n","protected":false},"author":2,"featured_media":16897,"comment_status":"open","ping_status":"open","sticky":false,"template":"","format":"standard","meta":{"footnotes":""},"categories":[15,3],"tags":[],"class_list":["post-21373","post","type-post","status-publish","format-standard","has-post-thumbnail","hentry","category-prefeitura-municipal","category-slide"],"yoast_head":"<!-- This site is optimized with the Yoast SEO plugin v27.2 - https:\/\/yoast.com\/product\/yoast-seo-wordpress\/ -->\n<title>Prefeito de Ub\u00e1 recebe comenda concedida pelo MPMG - Ub\u00e1 News<\/title>\n<meta name=\"robots\" content=\"index, follow, max-snippet:-1, max-image-preview:large, max-video-preview:-1\" \/>\n<link rel=\"canonical\" href=\"https:\/\/ubanews.com\/site\/2022\/09\/13\/prefeito-de-uba-recebe-comenda-concedida-pelo-mpmg\/\" \/>\n<meta property=\"og:locale\" content=\"pt_BR\" \/>\n<meta property=\"og:type\" content=\"article\" \/>\n<meta property=\"og:title\" content=\"Prefeito de Ub\u00e1 recebe comenda concedida pelo MPMG - Ub\u00e1 News\" \/>\n<meta property=\"og:description\" content=\"Prefeito de Ub\u00e1 recebe comenda concedida pelo MPMG O prefeito\" \/>\n<meta property=\"og:url\" content=\"https:\/\/ubanews.com\/site\/2022\/09\/13\/prefeito-de-uba-recebe-comenda-concedida-pelo-mpmg\/\" \/>\n<meta property=\"og:site_name\" content=\"Ub\u00e1 News\" \/>\n<meta property=\"article:publisher\" content=\"https:\/\/www.facebook.com\/Ub%c3%a1News-Carlos-Roberto-Sodr%c3%a9-418778301977370\" \/>\n<meta property=\"article:author\" content=\"https:\/\/www.facebook.com\/carosroberto.sodre.5\/\" \/>\n<meta property=\"article:published_time\" content=\"2022-09-13T19:41:45+00:00\" \/>\n<meta property=\"og:image\" content=\"https:\/\/ubanews.com\/site\/wp-content\/uploads\/2020\/05\/Prefeitura.jpg\" \/>\n\t<meta property=\"og:image:width\" content=\"3936\" \/>\n\t<meta property=\"og:image:height\" content=\"1924\" \/>\n\t<meta property=\"og:image:type\" content=\"image\/jpeg\" \/>\n<meta name=\"author\" content=\"Sodr\u00e9\" \/>\n<meta name=\"twitter:card\" content=\"summary_large_image\" \/>\n<meta name=\"twitter:label1\" content=\"Escrito por\" \/>\n\t<meta name=\"twitter:data1\" content=\"Sodr\u00e9\" \/>\n\t<meta name=\"twitter:label2\" content=\"Est. tempo de leitura\" \/>\n\t<meta name=\"twitter:data2\" content=\"2 minutos\" \/>\n<script type=\"application\/ld+json\" class=\"yoast-schema-graph\">{\"@context\":\"https:\/\/schema.org\",\"@graph\":[{\"@type\":\"Article\",\"@id\":\"https:\/\/ubanews.com\/site\/2022\/09\/13\/prefeito-de-uba-recebe-comenda-concedida-pelo-mpmg\/#article\",\"isPartOf\":{\"@id\":\"https:\/\/ubanews.com\/site\/2022\/09\/13\/prefeito-de-uba-recebe-comenda-concedida-pelo-mpmg\/\"},\"author\":{\"name\":\"Sodr\u00e9\",\"@id\":\"https:\/\/ubanews.com\/site\/#\/schema\/person\/d90c9e47252fbb63dcc969fe4c8b9d10\"},\"headline\":\"Prefeito de Ub\u00e1 recebe comenda concedida pelo MPMG\",\"datePublished\":\"2022-09-13T19:41:45+00:00\",\"mainEntityOfPage\":{\"@id\":\"https:\/\/ubanews.com\/site\/2022\/09\/13\/prefeito-de-uba-recebe-comenda-concedida-pelo-mpmg\/\"},\"wordCount\":376,\"commentCount\":0,\"publisher\":{\"@id\":\"https:\/\/ubanews.com\/site\/#organization\"},\"image\":{\"@id\":\"https:\/\/ubanews.com\/site\/2022\/09\/13\/prefeito-de-uba-recebe-comenda-concedida-pelo-mpmg\/#primaryimage\"},\"thumbnailUrl\":\"https:\/\/ubanews.com\/site\/wp-content\/uploads\/2020\/05\/Prefeitura.jpg\",\"articleSection\":[\"Prefeitura Municipal\",\"Slide\"],\"inLanguage\":\"pt-BR\",\"potentialAction\":[{\"@type\":\"CommentAction\",\"name\":\"Comment\",\"target\":[\"https:\/\/ubanews.com\/site\/2022\/09\/13\/prefeito-de-uba-recebe-comenda-concedida-pelo-mpmg\/#respond\"]}]},{\"@type\":\"WebPage\",\"@id\":\"https:\/\/ubanews.com\/site\/2022\/09\/13\/prefeito-de-uba-recebe-comenda-concedida-pelo-mpmg\/\",\"url\":\"https:\/\/ubanews.com\/site\/2022\/09\/13\/prefeito-de-uba-recebe-comenda-concedida-pelo-mpmg\/\",\"name\":\"Prefeito de Ub\u00e1 recebe comenda concedida pelo MPMG - Ub\u00e1 News\",\"isPartOf\":{\"@id\":\"https:\/\/ubanews.com\/site\/#website\"},\"primaryImageOfPage\":{\"@id\":\"https:\/\/ubanews.com\/site\/2022\/09\/13\/prefeito-de-uba-recebe-comenda-concedida-pelo-mpmg\/#primaryimage\"},\"image\":{\"@id\":\"https:\/\/ubanews.com\/site\/2022\/09\/13\/prefeito-de-uba-recebe-comenda-concedida-pelo-mpmg\/#primaryimage\"},\"thumbnailUrl\":\"https:\/\/ubanews.com\/site\/wp-content\/uploads\/2020\/05\/Prefeitura.jpg\",\"datePublished\":\"2022-09-13T19:41:45+00:00\",\"breadcrumb\":{\"@id\":\"https:\/\/ubanews.com\/site\/2022\/09\/13\/prefeito-de-uba-recebe-comenda-concedida-pelo-mpmg\/#breadcrumb\"},\"inLanguage\":\"pt-BR\",\"potentialAction\":[{\"@type\":\"ReadAction\",\"target\":[\"https:\/\/ubanews.com\/site\/2022\/09\/13\/prefeito-de-uba-recebe-comenda-concedida-pelo-mpmg\/\"]}]},{\"@type\":\"ImageObject\",\"inLanguage\":\"pt-BR\",\"@id\":\"https:\/\/ubanews.com\/site\/2022\/09\/13\/prefeito-de-uba-recebe-comenda-concedida-pelo-mpmg\/#primaryimage\",\"url\":\"https:\/\/ubanews.com\/site\/wp-content\/uploads\/2020\/05\/Prefeitura.jpg\",\"contentUrl\":\"https:\/\/ubanews.com\/site\/wp-content\/uploads\/2020\/05\/Prefeitura.jpg\",\"width\":3936,\"height\":1924},{\"@type\":\"BreadcrumbList\",\"@id\":\"https:\/\/ubanews.com\/site\/2022\/09\/13\/prefeito-de-uba-recebe-comenda-concedida-pelo-mpmg\/#breadcrumb\",\"itemListElement\":[{\"@type\":\"ListItem\",\"position\":1,\"name\":\"Home\",\"item\":\"https:\/\/ubanews.com\/site\/\"},{\"@type\":\"ListItem\",\"position\":2,\"name\":\"Prefeito de Ub\u00e1 recebe comenda concedida pelo MPMG\"}]},{\"@type\":\"WebSite\",\"@id\":\"https:\/\/ubanews.com\/site\/#website\",\"url\":\"https:\/\/ubanews.com\/site\/\",\"name\":\"Ub\u00e1 News\",\"description\":\"\",\"publisher\":{\"@id\":\"https:\/\/ubanews.com\/site\/#organization\"},\"potentialAction\":[{\"@type\":\"SearchAction\",\"target\":{\"@type\":\"EntryPoint\",\"urlTemplate\":\"https:\/\/ubanews.com\/site\/?s={search_term_string}\"},\"query-input\":{\"@type\":\"PropertyValueSpecification\",\"valueRequired\":true,\"valueName\":\"search_term_string\"}}],\"inLanguage\":\"pt-BR\"},{\"@type\":\"Organization\",\"@id\":\"https:\/\/ubanews.com\/site\/#organization\",\"name\":\"Ub\u00e1 News\",\"url\":\"https:\/\/ubanews.com\/site\/\",\"logo\":{\"@type\":\"ImageObject\",\"inLanguage\":\"pt-BR\",\"@id\":\"https:\/\/ubanews.com\/site\/#\/schema\/logo\/image\/\",\"url\":\"https:\/\/ubanews.com\/site\/wp-content\/uploads\/2018\/01\/logoubanews.png\",\"contentUrl\":\"https:\/\/ubanews.com\/site\/wp-content\/uploads\/2018\/01\/logoubanews.png\",\"width\":261,\"height\":99,\"caption\":\"Ub\u00e1 News\"},\"image\":{\"@id\":\"https:\/\/ubanews.com\/site\/#\/schema\/logo\/image\/\"},\"sameAs\":[\"https:\/\/www.facebook.com\/Ub\u00e1News-Carlos-Roberto-Sodr\u00e9-418778301977370\"]},{\"@type\":\"Person\",\"@id\":\"https:\/\/ubanews.com\/site\/#\/schema\/person\/d90c9e47252fbb63dcc969fe4c8b9d10\",\"name\":\"Sodr\u00e9\",\"image\":{\"@type\":\"ImageObject\",\"inLanguage\":\"pt-BR\",\"@id\":\"https:\/\/secure.gravatar.com\/avatar\/5ba2793f0590b9dbfad3fdec4ee714485b3eef211c9b32ee53d414060454a56c?s=96&d=mm&r=g\",\"url\":\"https:\/\/secure.gravatar.com\/avatar\/5ba2793f0590b9dbfad3fdec4ee714485b3eef211c9b32ee53d414060454a56c?s=96&d=mm&r=g\",\"contentUrl\":\"https:\/\/secure.gravatar.com\/avatar\/5ba2793f0590b9dbfad3fdec4ee714485b3eef211c9b32ee53d414060454a56c?s=96&d=mm&r=g\",\"caption\":\"Sodr\u00e9\"},\"sameAs\":[\"https:\/\/www.facebook.com\/carosroberto.sodre.5\/\"],\"url\":\"https:\/\/ubanews.com\/site\/author\/felipe\/\"}]}<\/script>\n<!-- \/ Yoast SEO plugin. -->","yoast_head_json":{"title":"Prefeito de Ub\u00e1 recebe comenda concedida pelo MPMG - Ub\u00e1 News","robots":{"index":"index","follow":"follow","max-snippet":"max-snippet:-1","max-image-preview":"max-image-preview:large","max-video-preview":"max-video-preview:-1"},"canonical":"https:\/\/ubanews.com\/site\/2022\/09\/13\/prefeito-de-uba-recebe-comenda-concedida-pelo-mpmg\/","og_locale":"pt_BR","og_type":"article","og_title":"Prefeito de Ub\u00e1 recebe comenda concedida pelo MPMG - Ub\u00e1 News","og_description":"Prefeito de Ub\u00e1 recebe comenda concedida pelo MPMG O prefeito","og_url":"https:\/\/ubanews.com\/site\/2022\/09\/13\/prefeito-de-uba-recebe-comenda-concedida-pelo-mpmg\/","og_site_name":"Ub\u00e1 News","article_publisher":"https:\/\/www.facebook.com\/Ub%c3%a1News-Carlos-Roberto-Sodr%c3%a9-418778301977370","article_author":"https:\/\/www.facebook.com\/carosroberto.sodre.5\/","article_published_time":"2022-09-13T19:41:45+00:00","og_image":[{"width":3936,"height":1924,"url":"https:\/\/ubanews.com\/site\/wp-content\/uploads\/2020\/05\/Prefeitura.jpg","type":"image\/jpeg"}],"author":"Sodr\u00e9","twitter_card":"summary_large_image","twitter_misc":{"Escrito por":"Sodr\u00e9","Est. tempo de leitura":"2 minutos"},"schema":{"@context":"https:\/\/schema.org","@graph":[{"@type":"Article","@id":"https:\/\/ubanews.com\/site\/2022\/09\/13\/prefeito-de-uba-recebe-comenda-concedida-pelo-mpmg\/#article","isPartOf":{"@id":"https:\/\/ubanews.com\/site\/2022\/09\/13\/prefeito-de-uba-recebe-comenda-concedida-pelo-mpmg\/"},"author":{"name":"Sodr\u00e9","@id":"https:\/\/ubanews.com\/site\/#\/schema\/person\/d90c9e47252fbb63dcc969fe4c8b9d10"},"headline":"Prefeito de Ub\u00e1 recebe comenda concedida pelo MPMG","datePublished":"2022-09-13T19:41:45+00:00","mainEntityOfPage":{"@id":"https:\/\/ubanews.com\/site\/2022\/09\/13\/prefeito-de-uba-recebe-comenda-concedida-pelo-mpmg\/"},"wordCount":376,"commentCount":0,"publisher":{"@id":"https:\/\/ubanews.com\/site\/#organization"},"image":{"@id":"https:\/\/ubanews.com\/site\/2022\/09\/13\/prefeito-de-uba-recebe-comenda-concedida-pelo-mpmg\/#primaryimage"},"thumbnailUrl":"https:\/\/ubanews.com\/site\/wp-content\/uploads\/2020\/05\/Prefeitura.jpg","articleSection":["Prefeitura Municipal","Slide"],"inLanguage":"pt-BR","potentialAction":[{"@type":"CommentAction","name":"Comment","target":["https:\/\/ubanews.com\/site\/2022\/09\/13\/prefeito-de-uba-recebe-comenda-concedida-pelo-mpmg\/#respond"]}]},{"@type":"WebPage","@id":"https:\/\/ubanews.com\/site\/2022\/09\/13\/prefeito-de-uba-recebe-comenda-concedida-pelo-mpmg\/","url":"https:\/\/ubanews.com\/site\/2022\/09\/13\/prefeito-de-uba-recebe-comenda-concedida-pelo-mpmg\/","name":"Prefeito de Ub\u00e1 recebe comenda concedida pelo MPMG - Ub\u00e1 News","isPartOf":{"@id":"https:\/\/ubanews.com\/site\/#website"},"primaryImageOfPage":{"@id":"https:\/\/ubanews.com\/site\/2022\/09\/13\/prefeito-de-uba-recebe-comenda-concedida-pelo-mpmg\/#primaryimage"},"image":{"@id":"https:\/\/ubanews.com\/site\/2022\/09\/13\/prefeito-de-uba-recebe-comenda-concedida-pelo-mpmg\/#primaryimage"},"thumbnailUrl":"https:\/\/ubanews.com\/site\/wp-content\/uploads\/2020\/05\/Prefeitura.jpg","datePublished":"2022-09-13T19:41:45+00:00","breadcrumb":{"@id":"https:\/\/ubanews.com\/site\/2022\/09\/13\/prefeito-de-uba-recebe-comenda-concedida-pelo-mpmg\/#breadcrumb"},"inLanguage":"pt-BR","potentialAction":[{"@type":"ReadAction","target":["https:\/\/ubanews.com\/site\/2022\/09\/13\/prefeito-de-uba-recebe-comenda-concedida-pelo-mpmg\/"]}]},{"@type":"ImageObject","inLanguage":"pt-BR","@id":"https:\/\/ubanews.com\/site\/2022\/09\/13\/prefeito-de-uba-recebe-comenda-concedida-pelo-mpmg\/#primaryimage","url":"https:\/\/ubanews.com\/site\/wp-content\/uploads\/2020\/05\/Prefeitura.jpg","contentUrl":"https:\/\/ubanews.com\/site\/wp-content\/uploads\/2020\/05\/Prefeitura.jpg","width":3936,"height":1924},{"@type":"BreadcrumbList","@id":"https:\/\/ubanews.com\/site\/2022\/09\/13\/prefeito-de-uba-recebe-comenda-concedida-pelo-mpmg\/#breadcrumb","itemListElement":[{"@type":"ListItem","position":1,"name":"Home","item":"https:\/\/ubanews.com\/site\/"},{"@type":"ListItem","position":2,"name":"Prefeito de Ub\u00e1 recebe comenda concedida pelo MPMG"}]},{"@type":"WebSite","@id":"https:\/\/ubanews.com\/site\/#website","url":"https:\/\/ubanews.com\/site\/","name":"Ub\u00e1 News","description":"","publisher":{"@id":"https:\/\/ubanews.com\/site\/#organization"},"potentialAction":[{"@type":"SearchAction","target":{"@type":"EntryPoint","urlTemplate":"https:\/\/ubanews.com\/site\/?s={search_term_string}"},"query-input":{"@type":"PropertyValueSpecification","valueRequired":true,"valueName":"search_term_string"}}],"inLanguage":"pt-BR"},{"@type":"Organization","@id":"https:\/\/ubanews.com\/site\/#organization","name":"Ub\u00e1 News","url":"https:\/\/ubanews.com\/site\/","logo":{"@type":"ImageObject","inLanguage":"pt-BR","@id":"https:\/\/ubanews.com\/site\/#\/schema\/logo\/image\/","url":"https:\/\/ubanews.com\/site\/wp-content\/uploads\/2018\/01\/logoubanews.png","contentUrl":"https:\/\/ubanews.com\/site\/wp-content\/uploads\/2018\/01\/logoubanews.png","width":261,"height":99,"caption":"Ub\u00e1 News"},"image":{"@id":"https:\/\/ubanews.com\/site\/#\/schema\/logo\/image\/"},"sameAs":["https:\/\/www.facebook.com\/Ub\u00e1News-Carlos-Roberto-Sodr\u00e9-418778301977370"]},{"@type":"Person","@id":"https:\/\/ubanews.com\/site\/#\/schema\/person\/d90c9e47252fbb63dcc969fe4c8b9d10","name":"Sodr\u00e9","image":{"@type":"ImageObject","inLanguage":"pt-BR","@id":"https:\/\/secure.gravatar.com\/avatar\/5ba2793f0590b9dbfad3fdec4ee714485b3eef211c9b32ee53d414060454a56c?s=96&d=mm&r=g","url":"https:\/\/secure.gravatar.com\/avatar\/5ba2793f0590b9dbfad3fdec4ee714485b3eef211c9b32ee53d414060454a56c?s=96&d=mm&r=g","contentUrl":"https:\/\/secure.gravatar.com\/avatar\/5ba2793f0590b9dbfad3fdec4ee714485b3eef211c9b32ee53d414060454a56c?s=96&d=mm&r=g","caption":"Sodr\u00e9"},"sameAs":["https:\/\/www.facebook.com\/carosroberto.sodre.5\/"],"url":"https:\/\/ubanews.com\/site\/author\/felipe\/"}]}},"_links":{"self":[{"href":"https:\/\/ubanews.com\/site\/wp-json\/wp\/v2\/posts\/21373","targetHints":{"allow":["GET"]}}],"collection":[{"href":"https:\/\/ubanews.com\/site\/wp-json\/wp\/v2\/posts"}],"about":[{"href":"https:\/\/ubanews.com\/site\/wp-json\/wp\/v2\/types\/post"}],"author":[{"embeddable":true,"href":"https:\/\/ubanews.com\/site\/wp-json\/wp\/v2\/users\/2"}],"replies":[{"embeddable":true,"href":"https:\/\/ubanews.com\/site\/wp-json\/wp\/v2\/comments?post=21373"}],"version-history":[{"count":0,"href":"https:\/\/ubanews.com\/site\/wp-json\/wp\/v2\/posts\/21373\/revisions"}],"wp:featuredmedia":[{"embeddable":true,"href":"https:\/\/ubanews.com\/site\/wp-json\/wp\/v2\/media\/16897"}],"wp:attachment":[{"href":"https:\/\/ubanews.com\/site\/wp-json\/wp\/v2\/media?parent=21373"}],"wp:term":[{"taxonomy":"category","embeddable":true,"href":"https:\/\/ubanews.com\/site\/wp-json\/wp\/v2\/categories?post=21373"},{"taxonomy":"post_tag","embeddable":true,"href":"https:\/\/ubanews.com\/site\/wp-json\/wp\/v2\/tags?post=21373"}],"curies":[{"name":"wp","href":"https:\/\/api.w.org\/{rel}","templated":true}]}}