{"id":21367,"date":"2022-08-09T17:00:08","date_gmt":"2022-08-09T20:00:08","guid":{"rendered":"http:\/\/ubanews.com\/site\/?p=21367"},"modified":"2022-09-06T11:52:49","modified_gmt":"2022-09-06T14:52:49","slug":"educacao-realiza-lancamento-do-clube-de-leitura","status":"publish","type":"post","link":"https:\/\/ubanews.com\/site\/2022\/08\/09\/educacao-realiza-lancamento-do-clube-de-leitura\/","title":{"rendered":"Educa\u00e7\u00e3o realiza lan\u00e7amento do \u201cClube de Leitura\u201d"},"content":{"rendered":"<p style=\"font-weight: 400;\"><em>A\u00e7\u00e3o integra o Projeto&nbsp;<\/em><em>\u201cLeituras em&nbsp;<\/em><em>c<\/em><em>onex\u00e3o&#8230;<\/em><em>s<\/em><em>aberes em&nbsp;<\/em><em>c<\/em><em>onex\u00e3o\u201d<\/em><\/p>\n<p style=\"font-weight: 400;\">Na manh\u00e3 da \u00faltima sexta-feira (05), a Secretaria de Educa\u00e7\u00e3o realizou, na biblioteca da E.M. Dr. Jos\u00e9 Campomizzi Filho (CAIC), o evento de lan\u00e7amento do&nbsp;<strong><em>Clube de Leitura<\/em><\/strong>,<strong><em>&nbsp;<\/em><\/strong>que \u00e9 uma a\u00e7\u00e3o do Projeto&nbsp;<em>\u201cLeituras em conex\u00e3o&#8230;saberes em&nbsp;<\/em><em>c<\/em><em>onex\u00e3o\u201d<\/em>&nbsp;voltada para estudantes do Ensino Fundamental e da Educa\u00e7\u00e3o de Jovens e Adultos (EJA) da Rede Municipal de Ensino.<\/p>\n<p style=\"font-weight: 400;\">Durante o evento, 105 Diretores, Supervisores e Apoios Pedag\u00f3gicos das escolas da Rede participaram de atividades como: conta\u00e7\u00e3o de hist\u00f3ria, com a personagem Boneca Sophia; troca de Livros; apresenta\u00e7\u00e3o e interc\u00e2mbio dos recursos para conta\u00e7\u00e3o de hist\u00f3ria: cartola, saia e sombrinha liter\u00e1ria, confeccionados por cada unidade escolar; al\u00e9m do recebimento de um kit com 50 livros para equipagem das Bibliotecas e Cantinhos de Leitura das escolas.<\/p>\n<p style=\"font-weight: 400;\">Presente no lan\u00e7amento, o Prefeito Edson Teixeira Filho destacou a import\u00e2ncia desta realiza\u00e7\u00e3o para a melhoria da educa\u00e7\u00e3o no munic\u00edpio. \u201c Durante a pandemia, mais de 600 bibliotecas municipais foram fechadas e n\u00e3o foram reabertas. Diante desse cen\u00e1rio, os projetos de incentivo \u00e0 leitura e a aquisi\u00e7\u00e3o de novos livros para as bibliotecas escolares demonstram o nosso compromisso em investir o que for necess\u00e1rio para que a educa\u00e7\u00e3o ofertada pelo munic\u00edpio fa\u00e7a diferen\u00e7a na vida das nossas crian\u00e7as e proporcione um caminho de desenvolvimento e de inclus\u00e3o. O prazer de ler \u00e9 levado de pai para filho, mas quando isso n\u00e3o acontece a escola tem que incentivar. Ler faz a gente evoluir. D\u00e1 esperan\u00e7a, conhecimento e vontade de aprender\u201d, disse o Prefeito.<\/p>\n<p style=\"font-weight: 400;\"><strong>Clube de Leitura<\/strong><\/p>\n<p style=\"font-weight: 400;\">Com foco nos estudantes do Ensino Fundamental e EJA, o<strong><em>&nbsp;Clube de Leitura<\/em><\/strong>&nbsp;\u00e9 uma a\u00e7\u00e3o do Projeto<em>&nbsp;\u201cLeituras em conex\u00e3o&#8230;saberes em conex\u00e3o\u201d<\/em>&nbsp;que visa promover o acesso dos alunos a diversos g\u00eaneros textuais, a fim de desenvolver pr\u00e1ticas de leitura nas dimens\u00f5es l\u00fadica e afetiva e resgatar o gosto pela leitura, contribuindo para a forma\u00e7\u00e3o de leitores cr\u00edticos e participativos, capazes de interagir em sua realidade na condi\u00e7\u00e3o de cidad\u00e3os conscientes.<\/p>\n<p style=\"font-weight: 400;\">Com o objetivo de fortalecer o acervo liter\u00e1rio da Rede, equipando as Bibliotecas das escolas e implantando o&nbsp;<strong><em>Clube de Leitura<\/em><\/strong>, o munic\u00edpio realizou a compra de 28.500 livros de Literatura infantojuvenil. Ao todo, cada escola receber\u00e1 em m\u00e9dia, ao longo desta semana, 1.500 livros, totalizando cerca de 30 exemplares de cada um dos 50 t\u00edtulos diferentes adquiridos.<\/p>\n<p style=\"font-weight: 400;\">\u201cA proposta do&nbsp;<strong><em>Clube de Leitura<\/em><\/strong>&nbsp;\u00e9 desenvolver em sala de aula, por meio da leitura de um exemplar espec\u00edfico por toda a turma, atividades de reflex\u00f5es, interpreta\u00e7\u00f5es, encena\u00e7\u00f5es, trabalhos art\u00edsticos e trabalhos escritos. O trabalho ser\u00e1 desenvolvido na Biblioteca\/Cantinho de Leitura atrav\u00e9s do empr\u00e9stimo de livros que dever\u00e3o ser lidos em casa, junto com a fam\u00edlia, com posterior registro da leitura em caderno pr\u00f3prio e proposta de reconto das hist\u00f3rias lidas. O objetivo dessa a\u00e7\u00e3o \u00e9 que os estudantes compreendam a import\u00e2ncia do h\u00e1bito de ler, seja por prazer, para estudar ou para se informar, fortalecendo assim o gosto e o interesse pela leitura atrav\u00e9s de temas pertinentes ao cotidiano do aprendiz, de maneira l\u00fadica, din\u00e2mica e interativa\u201d, explica a Gerente da Divis\u00e3o de Apoio Pedag\u00f3gico da SME, Professora D\u00e9bora Barros Pinto.<\/p>\n<p style=\"font-weight: 400;\"><strong>Projeto&nbsp;<\/strong><strong>\u201cLeituras em&nbsp;<\/strong><strong>c<\/strong><strong>onex\u00e3o&#8230;<\/strong><strong>s<\/strong><strong>aberes em&nbsp;<\/strong><strong>c<\/strong><strong>onex\u00e3o\u201d<\/strong><\/p>\n<p style=\"font-weight: 400;\">Iniciado nas escolas da Rede Municipal de Ensino no m\u00eas de fevereiro, o Projeto&nbsp;<em>\u201cLeituras em conex\u00e3o&#8230;saberes em conex\u00e3o\u201d<\/em>&nbsp;visa elaborar possibilidades para despertar e resgatar o interesse dos estudantes do munic\u00edpio&nbsp;pela leitura, contribuindo para a forma\u00e7\u00e3o de leitores cr\u00edticos e participativos &#8211; capazes de interagir em sua realidade na condi\u00e7\u00e3o de cidad\u00e3os conscientes &#8211; e, consequentemente, &nbsp;para a constru\u00e7\u00e3o de uma educa\u00e7\u00e3o de excel\u00eancia.<\/p>\n<p style=\"font-weight: 400;\">A proposta envolve os estudantes, bem como professores, supervisores, diretores, servidores e a fam\u00edlia, e as a\u00e7\u00f5es elaboradas para o segundo semestre est\u00e3o divididas em duas partes:&nbsp;<em>\u201cContos e Emo\u00e7\u00f5es\u201d<\/em>, voltada<em>&nbsp;<\/em>para alunos da Educa\u00e7\u00e3o Infantil, com objetivo de desenvolver o campo de experi\u00eancia \u201co eu, o outro e o n\u00f3s\u201d e, atrav\u00e9s dos novos livros, o desenvolvimento ainda maior do campo \u201cescuta, fala e imagina\u00e7\u00e3o\u201d; e \u201c<em>Clube de Leitura\u201d,&nbsp;<\/em>focada nos estudantes do Ensino Fundamental e EJA.<\/p>\n<p style=\"font-weight: 400;\">Ao longo do primeiro semestre letivo, as a\u00e7\u00f5es do Projeto&nbsp;<em>\u201cLeituras em conex\u00e3o&#8230;saberes em conex\u00e3o\u201d&nbsp;<\/em>envolveram atividades no ambiente pedag\u00f3gico, destinadas aos educadores das Escolas, como troca de livros, rede social da leitura e &nbsp;murais de reflex\u00f5es; no ambiente da sala de aula, voltadas para os estudantes, como &nbsp;caixinha de leitura, m\u00fasica na leitura e literatura por meio de outras artes; no ambiente escolar, focadas nos estudantes e educadores da Escola, como card\u00e1pio de leitura, roda de leitura, leitura self service, caixinha de leitura e conta\u00e7\u00e3o de hist\u00f3ria; e no ambiente familiar, destinadas aos estudantes e \u00e0 fam\u00edlia, como sacola da leitura, troca de leitura e reflex\u00f5es leitoras sobre as leituras.<\/p>\n<p style=\"font-weight: 400;\">&nbsp;As pr\u00f3ximas etapas do projeto contar\u00e3o com a\u00e7\u00f5es no \u00e2mbito escolar e familiar, a partir das seguintes tem\u00e1ticas: \u201cImagina\u00e7\u00e3o Conectada\u201d, a ser realizada no m\u00eas de setembro; \u201cEscola com sabor\u201d, no m\u00eas de outubro; e \u201cFesta Liter\u00e1ria : Leituras em conex\u00e3o&#8230;saberes em conex\u00e3o, em novembro.<\/p>\n<p style=\"font-weight: 400;\">\u201cAtrav\u00e9s da nossa proposta&nbsp;<em>Leituras em conex\u00e3o&#8230;saberes em conex\u00e3o<\/em>&nbsp;caminhamos para constru\u00e7\u00e3o de uma Educa\u00e7\u00e3o cada vez mais de melhor qualidade. A leitura promove a reflex\u00e3o e favorece um racioc\u00ednio claro, assim nossos alunos podem adquirir uma posi\u00e7\u00e3o ativa no processo de aprendizagem. Com a leitura, o senso cr\u00edtico \u00e9 agu\u00e7ado, novas compet\u00eancias s\u00e3o desenvolvidas e a consci\u00eancia \u00e9 despertada, possibilitando que os estudantes se tornem cidad\u00e3os ativos perante a sociedade\u201d, finalizou a Professora D\u00e9bora Barros Pinto.<\/p>\n<p><a href=\"https:\/\/ubanews.com\/site\/wp-content\/uploads\/2022\/09\/FOTO-1.jpeg\"><img decoding=\"async\" class=\"aligncenter size-full wp-image-21368 lazyload\" data-src=\"https:\/\/ubanews.com\/site\/wp-content\/uploads\/2022\/09\/FOTO-1.jpeg\" alt=\"\" width=\"521\" height=\"1156\" data-srcset=\"https:\/\/ubanews.com\/site\/wp-content\/uploads\/2022\/09\/FOTO-1.jpeg 521w, https:\/\/ubanews.com\/site\/wp-content\/uploads\/2022\/09\/FOTO-1-135x300.jpeg 135w, https:\/\/ubanews.com\/site\/wp-content\/uploads\/2022\/09\/FOTO-1-462x1024.jpeg 462w\" data-sizes=\"(max-width: 521px) 100vw, 521px\" src=\"data:image\/svg+xml;base64,PHN2ZyB3aWR0aD0iMSIgaGVpZ2h0PSIxIiB4bWxucz0iaHR0cDovL3d3dy53My5vcmcvMjAwMC9zdmciPjwvc3ZnPg==\" style=\"--smush-placeholder-width: 521px; --smush-placeholder-aspect-ratio: 521\/1156;\" \/><\/a> <a href=\"https:\/\/ubanews.com\/site\/wp-content\/uploads\/2022\/09\/FOTO-2.jpeg\"><img decoding=\"async\" class=\"aligncenter size-full wp-image-21369 lazyload\" data-src=\"https:\/\/ubanews.com\/site\/wp-content\/uploads\/2022\/09\/FOTO-2.jpeg\" alt=\"\" width=\"1600\" height=\"721\" data-srcset=\"https:\/\/ubanews.com\/site\/wp-content\/uploads\/2022\/09\/FOTO-2.jpeg 1600w, https:\/\/ubanews.com\/site\/wp-content\/uploads\/2022\/09\/FOTO-2-300x135.jpeg 300w, https:\/\/ubanews.com\/site\/wp-content\/uploads\/2022\/09\/FOTO-2-1024x461.jpeg 1024w, https:\/\/ubanews.com\/site\/wp-content\/uploads\/2022\/09\/FOTO-2-768x346.jpeg 768w, https:\/\/ubanews.com\/site\/wp-content\/uploads\/2022\/09\/FOTO-2-1536x692.jpeg 1536w\" data-sizes=\"(max-width: 1600px) 100vw, 1600px\" src=\"data:image\/svg+xml;base64,PHN2ZyB3aWR0aD0iMSIgaGVpZ2h0PSIxIiB4bWxucz0iaHR0cDovL3d3dy53My5vcmcvMjAwMC9zdmciPjwvc3ZnPg==\" style=\"--smush-placeholder-width: 1600px; --smush-placeholder-aspect-ratio: 1600\/721;\" \/><\/a> <a href=\"https:\/\/ubanews.com\/site\/wp-content\/uploads\/2022\/09\/FOTO-4.jpeg\"><img decoding=\"async\" class=\"aligncenter size-full wp-image-21370 lazyload\" data-src=\"https:\/\/ubanews.com\/site\/wp-content\/uploads\/2022\/09\/FOTO-4.jpeg\" alt=\"\" width=\"1024\" height=\"768\" data-srcset=\"https:\/\/ubanews.com\/site\/wp-content\/uploads\/2022\/09\/FOTO-4.jpeg 1024w, https:\/\/ubanews.com\/site\/wp-content\/uploads\/2022\/09\/FOTO-4-300x225.jpeg 300w, https:\/\/ubanews.com\/site\/wp-content\/uploads\/2022\/09\/FOTO-4-768x576.jpeg 768w\" data-sizes=\"(max-width: 1024px) 100vw, 1024px\" src=\"data:image\/svg+xml;base64,PHN2ZyB3aWR0aD0iMSIgaGVpZ2h0PSIxIiB4bWxucz0iaHR0cDovL3d3dy53My5vcmcvMjAwMC9zdmciPjwvc3ZnPg==\" style=\"--smush-placeholder-width: 1024px; --smush-placeholder-aspect-ratio: 1024\/768;\" \/><\/a><\/p>\n<p style=\"font-weight: 400;\">Assessoria de Comunica\u00e7\u00e3o<br \/>\nPrefeitura de Ub\u00e1<\/p>\n","protected":false},"excerpt":{"rendered":"<p>A\u00e7\u00e3o integra o Projeto&nbsp;\u201cLeituras em&nbsp;conex\u00e3o&#8230;saberes em&nbsp;conex\u00e3o\u201d Na manh\u00e3 da \u00faltima<\/p>\n","protected":false},"author":2,"featured_media":21371,"comment_status":"open","ping_status":"open","sticky":false,"template":"","format":"standard","meta":{"footnotes":""},"categories":[15],"tags":[],"class_list":["post-21367","post","type-post","status-publish","format-standard","has-post-thumbnail","hentry","category-prefeitura-municipal"],"yoast_head":"<!-- This site is optimized with the Yoast SEO plugin v27.2 - https:\/\/yoast.com\/product\/yoast-seo-wordpress\/ -->\n<title>Educa\u00e7\u00e3o realiza lan\u00e7amento do \u201cClube de Leitura\u201d - Ub\u00e1 News<\/title>\n<meta name=\"robots\" content=\"index, follow, max-snippet:-1, max-image-preview:large, max-video-preview:-1\" \/>\n<link rel=\"canonical\" href=\"https:\/\/ubanews.com\/site\/2022\/08\/09\/educacao-realiza-lancamento-do-clube-de-leitura\/\" \/>\n<meta property=\"og:locale\" content=\"pt_BR\" \/>\n<meta property=\"og:type\" content=\"article\" \/>\n<meta property=\"og:title\" content=\"Educa\u00e7\u00e3o realiza lan\u00e7amento do \u201cClube de Leitura\u201d - Ub\u00e1 News\" \/>\n<meta property=\"og:description\" content=\"A\u00e7\u00e3o integra o Projeto&nbsp;\u201cLeituras em&nbsp;conex\u00e3o&#8230;saberes em&nbsp;conex\u00e3o\u201d Na manh\u00e3 da \u00faltima\" \/>\n<meta property=\"og:url\" content=\"https:\/\/ubanews.com\/site\/2022\/08\/09\/educacao-realiza-lancamento-do-clube-de-leitura\/\" \/>\n<meta property=\"og:site_name\" content=\"Ub\u00e1 News\" \/>\n<meta property=\"article:publisher\" content=\"https:\/\/www.facebook.com\/Ub%c3%a1News-Carlos-Roberto-Sodr%c3%a9-418778301977370\" \/>\n<meta property=\"article:author\" content=\"https:\/\/www.facebook.com\/carosroberto.sodre.5\/\" \/>\n<meta property=\"article:published_time\" content=\"2022-08-09T20:00:08+00:00\" \/>\n<meta property=\"article:modified_time\" content=\"2022-09-06T14:52:49+00:00\" \/>\n<meta property=\"og:image\" content=\"https:\/\/ubanews.com\/site\/wp-content\/uploads\/2022\/09\/Sem-Titulo-1-2.jpg\" \/>\n\t<meta property=\"og:image:width\" content=\"1000\" \/>\n\t<meta property=\"og:image:height\" content=\"500\" \/>\n\t<meta property=\"og:image:type\" content=\"image\/jpeg\" \/>\n<meta name=\"author\" content=\"Sodr\u00e9\" \/>\n<meta name=\"twitter:card\" content=\"summary_large_image\" \/>\n<meta name=\"twitter:label1\" content=\"Escrito por\" \/>\n\t<meta name=\"twitter:data1\" content=\"Sodr\u00e9\" \/>\n\t<meta name=\"twitter:label2\" content=\"Est. tempo de leitura\" \/>\n\t<meta name=\"twitter:data2\" content=\"5 minutos\" \/>\n<script type=\"application\/ld+json\" class=\"yoast-schema-graph\">{\"@context\":\"https:\/\/schema.org\",\"@graph\":[{\"@type\":\"Article\",\"@id\":\"https:\/\/ubanews.com\/site\/2022\/08\/09\/educacao-realiza-lancamento-do-clube-de-leitura\/#article\",\"isPartOf\":{\"@id\":\"https:\/\/ubanews.com\/site\/2022\/08\/09\/educacao-realiza-lancamento-do-clube-de-leitura\/\"},\"author\":{\"name\":\"Sodr\u00e9\",\"@id\":\"https:\/\/ubanews.com\/site\/#\/schema\/person\/d90c9e47252fbb63dcc969fe4c8b9d10\"},\"headline\":\"Educa\u00e7\u00e3o realiza lan\u00e7amento do \u201cClube de Leitura\u201d\",\"datePublished\":\"2022-08-09T20:00:08+00:00\",\"dateModified\":\"2022-09-06T14:52:49+00:00\",\"mainEntityOfPage\":{\"@id\":\"https:\/\/ubanews.com\/site\/2022\/08\/09\/educacao-realiza-lancamento-do-clube-de-leitura\/\"},\"wordCount\":1078,\"commentCount\":0,\"publisher\":{\"@id\":\"https:\/\/ubanews.com\/site\/#organization\"},\"image\":{\"@id\":\"https:\/\/ubanews.com\/site\/2022\/08\/09\/educacao-realiza-lancamento-do-clube-de-leitura\/#primaryimage\"},\"thumbnailUrl\":\"https:\/\/ubanews.com\/site\/wp-content\/uploads\/2022\/09\/Sem-Titulo-1-2.jpg\",\"articleSection\":[\"Prefeitura Municipal\"],\"inLanguage\":\"pt-BR\",\"potentialAction\":[{\"@type\":\"CommentAction\",\"name\":\"Comment\",\"target\":[\"https:\/\/ubanews.com\/site\/2022\/08\/09\/educacao-realiza-lancamento-do-clube-de-leitura\/#respond\"]}]},{\"@type\":\"WebPage\",\"@id\":\"https:\/\/ubanews.com\/site\/2022\/08\/09\/educacao-realiza-lancamento-do-clube-de-leitura\/\",\"url\":\"https:\/\/ubanews.com\/site\/2022\/08\/09\/educacao-realiza-lancamento-do-clube-de-leitura\/\",\"name\":\"Educa\u00e7\u00e3o realiza lan\u00e7amento do \u201cClube de Leitura\u201d - Ub\u00e1 News\",\"isPartOf\":{\"@id\":\"https:\/\/ubanews.com\/site\/#website\"},\"primaryImageOfPage\":{\"@id\":\"https:\/\/ubanews.com\/site\/2022\/08\/09\/educacao-realiza-lancamento-do-clube-de-leitura\/#primaryimage\"},\"image\":{\"@id\":\"https:\/\/ubanews.com\/site\/2022\/08\/09\/educacao-realiza-lancamento-do-clube-de-leitura\/#primaryimage\"},\"thumbnailUrl\":\"https:\/\/ubanews.com\/site\/wp-content\/uploads\/2022\/09\/Sem-Titulo-1-2.jpg\",\"datePublished\":\"2022-08-09T20:00:08+00:00\",\"dateModified\":\"2022-09-06T14:52:49+00:00\",\"breadcrumb\":{\"@id\":\"https:\/\/ubanews.com\/site\/2022\/08\/09\/educacao-realiza-lancamento-do-clube-de-leitura\/#breadcrumb\"},\"inLanguage\":\"pt-BR\",\"potentialAction\":[{\"@type\":\"ReadAction\",\"target\":[\"https:\/\/ubanews.com\/site\/2022\/08\/09\/educacao-realiza-lancamento-do-clube-de-leitura\/\"]}]},{\"@type\":\"ImageObject\",\"inLanguage\":\"pt-BR\",\"@id\":\"https:\/\/ubanews.com\/site\/2022\/08\/09\/educacao-realiza-lancamento-do-clube-de-leitura\/#primaryimage\",\"url\":\"https:\/\/ubanews.com\/site\/wp-content\/uploads\/2022\/09\/Sem-Titulo-1-2.jpg\",\"contentUrl\":\"https:\/\/ubanews.com\/site\/wp-content\/uploads\/2022\/09\/Sem-Titulo-1-2.jpg\",\"width\":1000,\"height\":500},{\"@type\":\"BreadcrumbList\",\"@id\":\"https:\/\/ubanews.com\/site\/2022\/08\/09\/educacao-realiza-lancamento-do-clube-de-leitura\/#breadcrumb\",\"itemListElement\":[{\"@type\":\"ListItem\",\"position\":1,\"name\":\"Home\",\"item\":\"https:\/\/ubanews.com\/site\/\"},{\"@type\":\"ListItem\",\"position\":2,\"name\":\"Educa\u00e7\u00e3o realiza lan\u00e7amento do \u201cClube de Leitura\u201d\"}]},{\"@type\":\"WebSite\",\"@id\":\"https:\/\/ubanews.com\/site\/#website\",\"url\":\"https:\/\/ubanews.com\/site\/\",\"name\":\"Ub\u00e1 News\",\"description\":\"\",\"publisher\":{\"@id\":\"https:\/\/ubanews.com\/site\/#organization\"},\"potentialAction\":[{\"@type\":\"SearchAction\",\"target\":{\"@type\":\"EntryPoint\",\"urlTemplate\":\"https:\/\/ubanews.com\/site\/?s={search_term_string}\"},\"query-input\":{\"@type\":\"PropertyValueSpecification\",\"valueRequired\":true,\"valueName\":\"search_term_string\"}}],\"inLanguage\":\"pt-BR\"},{\"@type\":\"Organization\",\"@id\":\"https:\/\/ubanews.com\/site\/#organization\",\"name\":\"Ub\u00e1 News\",\"url\":\"https:\/\/ubanews.com\/site\/\",\"logo\":{\"@type\":\"ImageObject\",\"inLanguage\":\"pt-BR\",\"@id\":\"https:\/\/ubanews.com\/site\/#\/schema\/logo\/image\/\",\"url\":\"https:\/\/ubanews.com\/site\/wp-content\/uploads\/2018\/01\/logoubanews.png\",\"contentUrl\":\"https:\/\/ubanews.com\/site\/wp-content\/uploads\/2018\/01\/logoubanews.png\",\"width\":261,\"height\":99,\"caption\":\"Ub\u00e1 News\"},\"image\":{\"@id\":\"https:\/\/ubanews.com\/site\/#\/schema\/logo\/image\/\"},\"sameAs\":[\"https:\/\/www.facebook.com\/Ub\u00e1News-Carlos-Roberto-Sodr\u00e9-418778301977370\"]},{\"@type\":\"Person\",\"@id\":\"https:\/\/ubanews.com\/site\/#\/schema\/person\/d90c9e47252fbb63dcc969fe4c8b9d10\",\"name\":\"Sodr\u00e9\",\"image\":{\"@type\":\"ImageObject\",\"inLanguage\":\"pt-BR\",\"@id\":\"https:\/\/secure.gravatar.com\/avatar\/5ba2793f0590b9dbfad3fdec4ee714485b3eef211c9b32ee53d414060454a56c?s=96&d=mm&r=g\",\"url\":\"https:\/\/secure.gravatar.com\/avatar\/5ba2793f0590b9dbfad3fdec4ee714485b3eef211c9b32ee53d414060454a56c?s=96&d=mm&r=g\",\"contentUrl\":\"https:\/\/secure.gravatar.com\/avatar\/5ba2793f0590b9dbfad3fdec4ee714485b3eef211c9b32ee53d414060454a56c?s=96&d=mm&r=g\",\"caption\":\"Sodr\u00e9\"},\"sameAs\":[\"https:\/\/www.facebook.com\/carosroberto.sodre.5\/\"],\"url\":\"https:\/\/ubanews.com\/site\/author\/felipe\/\"}]}<\/script>\n<!-- \/ Yoast SEO plugin. -->","yoast_head_json":{"title":"Educa\u00e7\u00e3o realiza lan\u00e7amento do \u201cClube de Leitura\u201d - Ub\u00e1 News","robots":{"index":"index","follow":"follow","max-snippet":"max-snippet:-1","max-image-preview":"max-image-preview:large","max-video-preview":"max-video-preview:-1"},"canonical":"https:\/\/ubanews.com\/site\/2022\/08\/09\/educacao-realiza-lancamento-do-clube-de-leitura\/","og_locale":"pt_BR","og_type":"article","og_title":"Educa\u00e7\u00e3o realiza lan\u00e7amento do \u201cClube de Leitura\u201d - Ub\u00e1 News","og_description":"A\u00e7\u00e3o integra o Projeto&nbsp;\u201cLeituras em&nbsp;conex\u00e3o&#8230;saberes em&nbsp;conex\u00e3o\u201d Na manh\u00e3 da \u00faltima","og_url":"https:\/\/ubanews.com\/site\/2022\/08\/09\/educacao-realiza-lancamento-do-clube-de-leitura\/","og_site_name":"Ub\u00e1 News","article_publisher":"https:\/\/www.facebook.com\/Ub%c3%a1News-Carlos-Roberto-Sodr%c3%a9-418778301977370","article_author":"https:\/\/www.facebook.com\/carosroberto.sodre.5\/","article_published_time":"2022-08-09T20:00:08+00:00","article_modified_time":"2022-09-06T14:52:49+00:00","og_image":[{"width":1000,"height":500,"url":"https:\/\/ubanews.com\/site\/wp-content\/uploads\/2022\/09\/Sem-Titulo-1-2.jpg","type":"image\/jpeg"}],"author":"Sodr\u00e9","twitter_card":"summary_large_image","twitter_misc":{"Escrito por":"Sodr\u00e9","Est. tempo de leitura":"5 minutos"},"schema":{"@context":"https:\/\/schema.org","@graph":[{"@type":"Article","@id":"https:\/\/ubanews.com\/site\/2022\/08\/09\/educacao-realiza-lancamento-do-clube-de-leitura\/#article","isPartOf":{"@id":"https:\/\/ubanews.com\/site\/2022\/08\/09\/educacao-realiza-lancamento-do-clube-de-leitura\/"},"author":{"name":"Sodr\u00e9","@id":"https:\/\/ubanews.com\/site\/#\/schema\/person\/d90c9e47252fbb63dcc969fe4c8b9d10"},"headline":"Educa\u00e7\u00e3o realiza lan\u00e7amento do \u201cClube de Leitura\u201d","datePublished":"2022-08-09T20:00:08+00:00","dateModified":"2022-09-06T14:52:49+00:00","mainEntityOfPage":{"@id":"https:\/\/ubanews.com\/site\/2022\/08\/09\/educacao-realiza-lancamento-do-clube-de-leitura\/"},"wordCount":1078,"commentCount":0,"publisher":{"@id":"https:\/\/ubanews.com\/site\/#organization"},"image":{"@id":"https:\/\/ubanews.com\/site\/2022\/08\/09\/educacao-realiza-lancamento-do-clube-de-leitura\/#primaryimage"},"thumbnailUrl":"https:\/\/ubanews.com\/site\/wp-content\/uploads\/2022\/09\/Sem-Titulo-1-2.jpg","articleSection":["Prefeitura Municipal"],"inLanguage":"pt-BR","potentialAction":[{"@type":"CommentAction","name":"Comment","target":["https:\/\/ubanews.com\/site\/2022\/08\/09\/educacao-realiza-lancamento-do-clube-de-leitura\/#respond"]}]},{"@type":"WebPage","@id":"https:\/\/ubanews.com\/site\/2022\/08\/09\/educacao-realiza-lancamento-do-clube-de-leitura\/","url":"https:\/\/ubanews.com\/site\/2022\/08\/09\/educacao-realiza-lancamento-do-clube-de-leitura\/","name":"Educa\u00e7\u00e3o realiza lan\u00e7amento do \u201cClube de Leitura\u201d - Ub\u00e1 News","isPartOf":{"@id":"https:\/\/ubanews.com\/site\/#website"},"primaryImageOfPage":{"@id":"https:\/\/ubanews.com\/site\/2022\/08\/09\/educacao-realiza-lancamento-do-clube-de-leitura\/#primaryimage"},"image":{"@id":"https:\/\/ubanews.com\/site\/2022\/08\/09\/educacao-realiza-lancamento-do-clube-de-leitura\/#primaryimage"},"thumbnailUrl":"https:\/\/ubanews.com\/site\/wp-content\/uploads\/2022\/09\/Sem-Titulo-1-2.jpg","datePublished":"2022-08-09T20:00:08+00:00","dateModified":"2022-09-06T14:52:49+00:00","breadcrumb":{"@id":"https:\/\/ubanews.com\/site\/2022\/08\/09\/educacao-realiza-lancamento-do-clube-de-leitura\/#breadcrumb"},"inLanguage":"pt-BR","potentialAction":[{"@type":"ReadAction","target":["https:\/\/ubanews.com\/site\/2022\/08\/09\/educacao-realiza-lancamento-do-clube-de-leitura\/"]}]},{"@type":"ImageObject","inLanguage":"pt-BR","@id":"https:\/\/ubanews.com\/site\/2022\/08\/09\/educacao-realiza-lancamento-do-clube-de-leitura\/#primaryimage","url":"https:\/\/ubanews.com\/site\/wp-content\/uploads\/2022\/09\/Sem-Titulo-1-2.jpg","contentUrl":"https:\/\/ubanews.com\/site\/wp-content\/uploads\/2022\/09\/Sem-Titulo-1-2.jpg","width":1000,"height":500},{"@type":"BreadcrumbList","@id":"https:\/\/ubanews.com\/site\/2022\/08\/09\/educacao-realiza-lancamento-do-clube-de-leitura\/#breadcrumb","itemListElement":[{"@type":"ListItem","position":1,"name":"Home","item":"https:\/\/ubanews.com\/site\/"},{"@type":"ListItem","position":2,"name":"Educa\u00e7\u00e3o realiza lan\u00e7amento do \u201cClube de Leitura\u201d"}]},{"@type":"WebSite","@id":"https:\/\/ubanews.com\/site\/#website","url":"https:\/\/ubanews.com\/site\/","name":"Ub\u00e1 News","description":"","publisher":{"@id":"https:\/\/ubanews.com\/site\/#organization"},"potentialAction":[{"@type":"SearchAction","target":{"@type":"EntryPoint","urlTemplate":"https:\/\/ubanews.com\/site\/?s={search_term_string}"},"query-input":{"@type":"PropertyValueSpecification","valueRequired":true,"valueName":"search_term_string"}}],"inLanguage":"pt-BR"},{"@type":"Organization","@id":"https:\/\/ubanews.com\/site\/#organization","name":"Ub\u00e1 News","url":"https:\/\/ubanews.com\/site\/","logo":{"@type":"ImageObject","inLanguage":"pt-BR","@id":"https:\/\/ubanews.com\/site\/#\/schema\/logo\/image\/","url":"https:\/\/ubanews.com\/site\/wp-content\/uploads\/2018\/01\/logoubanews.png","contentUrl":"https:\/\/ubanews.com\/site\/wp-content\/uploads\/2018\/01\/logoubanews.png","width":261,"height":99,"caption":"Ub\u00e1 News"},"image":{"@id":"https:\/\/ubanews.com\/site\/#\/schema\/logo\/image\/"},"sameAs":["https:\/\/www.facebook.com\/Ub\u00e1News-Carlos-Roberto-Sodr\u00e9-418778301977370"]},{"@type":"Person","@id":"https:\/\/ubanews.com\/site\/#\/schema\/person\/d90c9e47252fbb63dcc969fe4c8b9d10","name":"Sodr\u00e9","image":{"@type":"ImageObject","inLanguage":"pt-BR","@id":"https:\/\/secure.gravatar.com\/avatar\/5ba2793f0590b9dbfad3fdec4ee714485b3eef211c9b32ee53d414060454a56c?s=96&d=mm&r=g","url":"https:\/\/secure.gravatar.com\/avatar\/5ba2793f0590b9dbfad3fdec4ee714485b3eef211c9b32ee53d414060454a56c?s=96&d=mm&r=g","contentUrl":"https:\/\/secure.gravatar.com\/avatar\/5ba2793f0590b9dbfad3fdec4ee714485b3eef211c9b32ee53d414060454a56c?s=96&d=mm&r=g","caption":"Sodr\u00e9"},"sameAs":["https:\/\/www.facebook.com\/carosroberto.sodre.5\/"],"url":"https:\/\/ubanews.com\/site\/author\/felipe\/"}]}},"_links":{"self":[{"href":"https:\/\/ubanews.com\/site\/wp-json\/wp\/v2\/posts\/21367","targetHints":{"allow":["GET"]}}],"collection":[{"href":"https:\/\/ubanews.com\/site\/wp-json\/wp\/v2\/posts"}],"about":[{"href":"https:\/\/ubanews.com\/site\/wp-json\/wp\/v2\/types\/post"}],"author":[{"embeddable":true,"href":"https:\/\/ubanews.com\/site\/wp-json\/wp\/v2\/users\/2"}],"replies":[{"embeddable":true,"href":"https:\/\/ubanews.com\/site\/wp-json\/wp\/v2\/comments?post=21367"}],"version-history":[{"count":0,"href":"https:\/\/ubanews.com\/site\/wp-json\/wp\/v2\/posts\/21367\/revisions"}],"wp:featuredmedia":[{"embeddable":true,"href":"https:\/\/ubanews.com\/site\/wp-json\/wp\/v2\/media\/21371"}],"wp:attachment":[{"href":"https:\/\/ubanews.com\/site\/wp-json\/wp\/v2\/media?parent=21367"}],"wp:term":[{"taxonomy":"category","embeddable":true,"href":"https:\/\/ubanews.com\/site\/wp-json\/wp\/v2\/categories?post=21367"},{"taxonomy":"post_tag","embeddable":true,"href":"https:\/\/ubanews.com\/site\/wp-json\/wp\/v2\/tags?post=21367"}],"curies":[{"name":"wp","href":"https:\/\/api.w.org\/{rel}","templated":true}]}}