{"id":21337,"date":"2022-07-29T14:00:21","date_gmt":"2022-07-29T17:00:21","guid":{"rendered":"http:\/\/ubanews.com\/site\/?p=21337"},"modified":"2022-07-29T17:07:39","modified_gmt":"2022-07-29T20:07:39","slug":"prefeitura-abre-processo-de-regularizacao-fundiaria-da-colonia","status":"publish","type":"post","link":"https:\/\/ubanews.com\/site\/2022\/07\/29\/prefeitura-abre-processo-de-regularizacao-fundiaria-da-colonia\/","title":{"rendered":"Prefeitura abre processo de Regulariza\u00e7\u00e3o Fundi\u00e1ria da Col\u00f4nia"},"content":{"rendered":"<p><span style=\"font-family: verdana, sans-serif;\">Como parte das comemora\u00e7\u00f5es pelos 165 anos do munic\u00edpio, a Prefeitura de Ub\u00e1, por meio da Divis\u00e3o de Habita\u00e7\u00e3o e Gest\u00e3o Fundi\u00e1ria da Secretaria de Planejamento e Desenvolvimento Sustent\u00e1vel, realiza no pr\u00f3ximo domingo (31), a solenidade de abertura do Processo de Regulariza\u00e7\u00e3o Fundi\u00e1ria da Col\u00f4nia Padre Dami\u00e3o, com assinatura simb\u00f3lica da ordem de in\u00edcio do servi\u00e7o. O evento acontece a partir das 9h, na Pra\u00e7a da Col\u00f4nia.<\/span><\/p>\n<p><span style=\"font-family: verdana, sans-serif;\">Ao longo do dia, a equipe da Secretaria Municipal de Cultura, Turismo e Lazer tamb\u00e9m estar\u00e1 presente, promovendo as atividades do Projeto&nbsp;<em>Esporte e Cultura nas comunidades<\/em>, dentre elas: alongamento, aul\u00e3o de dan\u00e7a, oficinas de mi\u00e7anga e de pintura, show musical, pula-pula, algod\u00e3o doce, pipoca, brincadeiras e muito mais.<\/span><\/p>\n<p><a href=\"https:\/\/ubanews.com\/site\/wp-content\/uploads\/2022\/07\/WhatsApp-Image-2022-07-27-at-14.23.16.jpeg\"><img decoding=\"async\" class=\"aligncenter size-full wp-image-21338 lazyload\" data-src=\"https:\/\/ubanews.com\/site\/wp-content\/uploads\/2022\/07\/WhatsApp-Image-2022-07-27-at-14.23.16.jpeg\" alt=\"\" width=\"1280\" height=\"1277\" data-srcset=\"https:\/\/ubanews.com\/site\/wp-content\/uploads\/2022\/07\/WhatsApp-Image-2022-07-27-at-14.23.16.jpeg 1280w, https:\/\/ubanews.com\/site\/wp-content\/uploads\/2022\/07\/WhatsApp-Image-2022-07-27-at-14.23.16-300x300.jpeg 300w, https:\/\/ubanews.com\/site\/wp-content\/uploads\/2022\/07\/WhatsApp-Image-2022-07-27-at-14.23.16-1024x1022.jpeg 1024w, https:\/\/ubanews.com\/site\/wp-content\/uploads\/2022\/07\/WhatsApp-Image-2022-07-27-at-14.23.16-150x150.jpeg 150w, https:\/\/ubanews.com\/site\/wp-content\/uploads\/2022\/07\/WhatsApp-Image-2022-07-27-at-14.23.16-768x766.jpeg 768w\" data-sizes=\"(max-width: 1280px) 100vw, 1280px\" src=\"data:image\/svg+xml;base64,PHN2ZyB3aWR0aD0iMSIgaGVpZ2h0PSIxIiB4bWxucz0iaHR0cDovL3d3dy53My5vcmcvMjAwMC9zdmciPjwvc3ZnPg==\" style=\"--smush-placeholder-width: 1280px; --smush-placeholder-aspect-ratio: 1280\/1277;\" \/><\/a><\/p>\n<div>Assessoria de Comunica\u00e7\u00e3o<br \/>\nPrefeitura de Ub\u00e1<\/div>\n","protected":false},"excerpt":{"rendered":"<p>Como parte das comemora\u00e7\u00f5es pelos 165 anos do munic\u00edpio, a<\/p>\n","protected":false},"author":2,"featured_media":21283,"comment_status":"open","ping_status":"open","sticky":false,"template":"","format":"standard","meta":{"footnotes":""},"categories":[15],"tags":[],"class_list":["post-21337","post","type-post","status-publish","format-standard","has-post-thumbnail","hentry","category-prefeitura-municipal"],"yoast_head":"<!-- This site is optimized with the Yoast SEO plugin v27.2 - https:\/\/yoast.com\/product\/yoast-seo-wordpress\/ -->\n<title>Prefeitura abre processo de Regulariza\u00e7\u00e3o Fundi\u00e1ria da Col\u00f4nia - Ub\u00e1 News<\/title>\n<meta name=\"robots\" content=\"index, follow, max-snippet:-1, max-image-preview:large, max-video-preview:-1\" \/>\n<link rel=\"canonical\" href=\"https:\/\/ubanews.com\/site\/2022\/07\/29\/prefeitura-abre-processo-de-regularizacao-fundiaria-da-colonia\/\" \/>\n<meta property=\"og:locale\" content=\"pt_BR\" \/>\n<meta property=\"og:type\" content=\"article\" \/>\n<meta property=\"og:title\" content=\"Prefeitura abre processo de Regulariza\u00e7\u00e3o Fundi\u00e1ria da Col\u00f4nia - Ub\u00e1 News\" \/>\n<meta property=\"og:description\" content=\"Como parte das comemora\u00e7\u00f5es pelos 165 anos do munic\u00edpio, a\" \/>\n<meta property=\"og:url\" content=\"https:\/\/ubanews.com\/site\/2022\/07\/29\/prefeitura-abre-processo-de-regularizacao-fundiaria-da-colonia\/\" \/>\n<meta property=\"og:site_name\" content=\"Ub\u00e1 News\" \/>\n<meta property=\"article:publisher\" content=\"https:\/\/www.facebook.com\/Ub%c3%a1News-Carlos-Roberto-Sodr%c3%a9-418778301977370\" \/>\n<meta property=\"article:author\" content=\"https:\/\/www.facebook.com\/carosroberto.sodre.5\/\" \/>\n<meta property=\"article:published_time\" content=\"2022-07-29T17:00:21+00:00\" \/>\n<meta property=\"article:modified_time\" content=\"2022-07-29T20:07:39+00:00\" \/>\n<meta property=\"og:image\" content=\"https:\/\/ubanews.com\/site\/wp-content\/uploads\/2022\/07\/WhatsApp-Image-2022-07-19-at-17.05.08-1-scaled.jpeg\" \/>\n\t<meta property=\"og:image:width\" content=\"2560\" \/>\n\t<meta property=\"og:image:height\" content=\"1707\" \/>\n\t<meta property=\"og:image:type\" content=\"image\/jpeg\" \/>\n<meta name=\"author\" content=\"Sodr\u00e9\" \/>\n<meta name=\"twitter:card\" content=\"summary_large_image\" \/>\n<meta name=\"twitter:label1\" content=\"Escrito por\" \/>\n\t<meta name=\"twitter:data1\" content=\"Sodr\u00e9\" \/>\n\t<meta name=\"twitter:label2\" content=\"Est. tempo de leitura\" \/>\n\t<meta name=\"twitter:data2\" content=\"1 minuto\" \/>\n<script type=\"application\/ld+json\" class=\"yoast-schema-graph\">{\"@context\":\"https:\/\/schema.org\",\"@graph\":[{\"@type\":\"Article\",\"@id\":\"https:\/\/ubanews.com\/site\/2022\/07\/29\/prefeitura-abre-processo-de-regularizacao-fundiaria-da-colonia\/#article\",\"isPartOf\":{\"@id\":\"https:\/\/ubanews.com\/site\/2022\/07\/29\/prefeitura-abre-processo-de-regularizacao-fundiaria-da-colonia\/\"},\"author\":{\"name\":\"Sodr\u00e9\",\"@id\":\"https:\/\/ubanews.com\/site\/#\/schema\/person\/d90c9e47252fbb63dcc969fe4c8b9d10\"},\"headline\":\"Prefeitura abre processo de Regulariza\u00e7\u00e3o Fundi\u00e1ria da Col\u00f4nia\",\"datePublished\":\"2022-07-29T17:00:21+00:00\",\"dateModified\":\"2022-07-29T20:07:39+00:00\",\"mainEntityOfPage\":{\"@id\":\"https:\/\/ubanews.com\/site\/2022\/07\/29\/prefeitura-abre-processo-de-regularizacao-fundiaria-da-colonia\/\"},\"wordCount\":155,\"commentCount\":0,\"publisher\":{\"@id\":\"https:\/\/ubanews.com\/site\/#organization\"},\"image\":{\"@id\":\"https:\/\/ubanews.com\/site\/2022\/07\/29\/prefeitura-abre-processo-de-regularizacao-fundiaria-da-colonia\/#primaryimage\"},\"thumbnailUrl\":\"https:\/\/ubanews.com\/site\/wp-content\/uploads\/2022\/07\/WhatsApp-Image-2022-07-19-at-17.05.08-1-scaled.jpeg\",\"articleSection\":[\"Prefeitura Municipal\"],\"inLanguage\":\"pt-BR\",\"potentialAction\":[{\"@type\":\"CommentAction\",\"name\":\"Comment\",\"target\":[\"https:\/\/ubanews.com\/site\/2022\/07\/29\/prefeitura-abre-processo-de-regularizacao-fundiaria-da-colonia\/#respond\"]}]},{\"@type\":\"WebPage\",\"@id\":\"https:\/\/ubanews.com\/site\/2022\/07\/29\/prefeitura-abre-processo-de-regularizacao-fundiaria-da-colonia\/\",\"url\":\"https:\/\/ubanews.com\/site\/2022\/07\/29\/prefeitura-abre-processo-de-regularizacao-fundiaria-da-colonia\/\",\"name\":\"Prefeitura abre processo de Regulariza\u00e7\u00e3o Fundi\u00e1ria da Col\u00f4nia - Ub\u00e1 News\",\"isPartOf\":{\"@id\":\"https:\/\/ubanews.com\/site\/#website\"},\"primaryImageOfPage\":{\"@id\":\"https:\/\/ubanews.com\/site\/2022\/07\/29\/prefeitura-abre-processo-de-regularizacao-fundiaria-da-colonia\/#primaryimage\"},\"image\":{\"@id\":\"https:\/\/ubanews.com\/site\/2022\/07\/29\/prefeitura-abre-processo-de-regularizacao-fundiaria-da-colonia\/#primaryimage\"},\"thumbnailUrl\":\"https:\/\/ubanews.com\/site\/wp-content\/uploads\/2022\/07\/WhatsApp-Image-2022-07-19-at-17.05.08-1-scaled.jpeg\",\"datePublished\":\"2022-07-29T17:00:21+00:00\",\"dateModified\":\"2022-07-29T20:07:39+00:00\",\"breadcrumb\":{\"@id\":\"https:\/\/ubanews.com\/site\/2022\/07\/29\/prefeitura-abre-processo-de-regularizacao-fundiaria-da-colonia\/#breadcrumb\"},\"inLanguage\":\"pt-BR\",\"potentialAction\":[{\"@type\":\"ReadAction\",\"target\":[\"https:\/\/ubanews.com\/site\/2022\/07\/29\/prefeitura-abre-processo-de-regularizacao-fundiaria-da-colonia\/\"]}]},{\"@type\":\"ImageObject\",\"inLanguage\":\"pt-BR\",\"@id\":\"https:\/\/ubanews.com\/site\/2022\/07\/29\/prefeitura-abre-processo-de-regularizacao-fundiaria-da-colonia\/#primaryimage\",\"url\":\"https:\/\/ubanews.com\/site\/wp-content\/uploads\/2022\/07\/WhatsApp-Image-2022-07-19-at-17.05.08-1-scaled.jpeg\",\"contentUrl\":\"https:\/\/ubanews.com\/site\/wp-content\/uploads\/2022\/07\/WhatsApp-Image-2022-07-19-at-17.05.08-1-scaled.jpeg\",\"width\":2560,\"height\":1707},{\"@type\":\"BreadcrumbList\",\"@id\":\"https:\/\/ubanews.com\/site\/2022\/07\/29\/prefeitura-abre-processo-de-regularizacao-fundiaria-da-colonia\/#breadcrumb\",\"itemListElement\":[{\"@type\":\"ListItem\",\"position\":1,\"name\":\"Home\",\"item\":\"https:\/\/ubanews.com\/site\/\"},{\"@type\":\"ListItem\",\"position\":2,\"name\":\"Prefeitura abre processo de Regulariza\u00e7\u00e3o Fundi\u00e1ria da Col\u00f4nia\"}]},{\"@type\":\"WebSite\",\"@id\":\"https:\/\/ubanews.com\/site\/#website\",\"url\":\"https:\/\/ubanews.com\/site\/\",\"name\":\"Ub\u00e1 News\",\"description\":\"\",\"publisher\":{\"@id\":\"https:\/\/ubanews.com\/site\/#organization\"},\"potentialAction\":[{\"@type\":\"SearchAction\",\"target\":{\"@type\":\"EntryPoint\",\"urlTemplate\":\"https:\/\/ubanews.com\/site\/?s={search_term_string}\"},\"query-input\":{\"@type\":\"PropertyValueSpecification\",\"valueRequired\":true,\"valueName\":\"search_term_string\"}}],\"inLanguage\":\"pt-BR\"},{\"@type\":\"Organization\",\"@id\":\"https:\/\/ubanews.com\/site\/#organization\",\"name\":\"Ub\u00e1 News\",\"url\":\"https:\/\/ubanews.com\/site\/\",\"logo\":{\"@type\":\"ImageObject\",\"inLanguage\":\"pt-BR\",\"@id\":\"https:\/\/ubanews.com\/site\/#\/schema\/logo\/image\/\",\"url\":\"https:\/\/ubanews.com\/site\/wp-content\/uploads\/2018\/01\/logoubanews.png\",\"contentUrl\":\"https:\/\/ubanews.com\/site\/wp-content\/uploads\/2018\/01\/logoubanews.png\",\"width\":261,\"height\":99,\"caption\":\"Ub\u00e1 News\"},\"image\":{\"@id\":\"https:\/\/ubanews.com\/site\/#\/schema\/logo\/image\/\"},\"sameAs\":[\"https:\/\/www.facebook.com\/Ub\u00e1News-Carlos-Roberto-Sodr\u00e9-418778301977370\"]},{\"@type\":\"Person\",\"@id\":\"https:\/\/ubanews.com\/site\/#\/schema\/person\/d90c9e47252fbb63dcc969fe4c8b9d10\",\"name\":\"Sodr\u00e9\",\"image\":{\"@type\":\"ImageObject\",\"inLanguage\":\"pt-BR\",\"@id\":\"https:\/\/secure.gravatar.com\/avatar\/5ba2793f0590b9dbfad3fdec4ee714485b3eef211c9b32ee53d414060454a56c?s=96&d=mm&r=g\",\"url\":\"https:\/\/secure.gravatar.com\/avatar\/5ba2793f0590b9dbfad3fdec4ee714485b3eef211c9b32ee53d414060454a56c?s=96&d=mm&r=g\",\"contentUrl\":\"https:\/\/secure.gravatar.com\/avatar\/5ba2793f0590b9dbfad3fdec4ee714485b3eef211c9b32ee53d414060454a56c?s=96&d=mm&r=g\",\"caption\":\"Sodr\u00e9\"},\"sameAs\":[\"https:\/\/www.facebook.com\/carosroberto.sodre.5\/\"],\"url\":\"https:\/\/ubanews.com\/site\/author\/felipe\/\"}]}<\/script>\n<!-- \/ Yoast SEO plugin. -->","yoast_head_json":{"title":"Prefeitura abre processo de Regulariza\u00e7\u00e3o Fundi\u00e1ria da Col\u00f4nia - Ub\u00e1 News","robots":{"index":"index","follow":"follow","max-snippet":"max-snippet:-1","max-image-preview":"max-image-preview:large","max-video-preview":"max-video-preview:-1"},"canonical":"https:\/\/ubanews.com\/site\/2022\/07\/29\/prefeitura-abre-processo-de-regularizacao-fundiaria-da-colonia\/","og_locale":"pt_BR","og_type":"article","og_title":"Prefeitura abre processo de Regulariza\u00e7\u00e3o Fundi\u00e1ria da Col\u00f4nia - Ub\u00e1 News","og_description":"Como parte das comemora\u00e7\u00f5es pelos 165 anos do munic\u00edpio, a","og_url":"https:\/\/ubanews.com\/site\/2022\/07\/29\/prefeitura-abre-processo-de-regularizacao-fundiaria-da-colonia\/","og_site_name":"Ub\u00e1 News","article_publisher":"https:\/\/www.facebook.com\/Ub%c3%a1News-Carlos-Roberto-Sodr%c3%a9-418778301977370","article_author":"https:\/\/www.facebook.com\/carosroberto.sodre.5\/","article_published_time":"2022-07-29T17:00:21+00:00","article_modified_time":"2022-07-29T20:07:39+00:00","og_image":[{"width":2560,"height":1707,"url":"https:\/\/ubanews.com\/site\/wp-content\/uploads\/2022\/07\/WhatsApp-Image-2022-07-19-at-17.05.08-1-scaled.jpeg","type":"image\/jpeg"}],"author":"Sodr\u00e9","twitter_card":"summary_large_image","twitter_misc":{"Escrito por":"Sodr\u00e9","Est. tempo de leitura":"1 minuto"},"schema":{"@context":"https:\/\/schema.org","@graph":[{"@type":"Article","@id":"https:\/\/ubanews.com\/site\/2022\/07\/29\/prefeitura-abre-processo-de-regularizacao-fundiaria-da-colonia\/#article","isPartOf":{"@id":"https:\/\/ubanews.com\/site\/2022\/07\/29\/prefeitura-abre-processo-de-regularizacao-fundiaria-da-colonia\/"},"author":{"name":"Sodr\u00e9","@id":"https:\/\/ubanews.com\/site\/#\/schema\/person\/d90c9e47252fbb63dcc969fe4c8b9d10"},"headline":"Prefeitura abre processo de Regulariza\u00e7\u00e3o Fundi\u00e1ria da Col\u00f4nia","datePublished":"2022-07-29T17:00:21+00:00","dateModified":"2022-07-29T20:07:39+00:00","mainEntityOfPage":{"@id":"https:\/\/ubanews.com\/site\/2022\/07\/29\/prefeitura-abre-processo-de-regularizacao-fundiaria-da-colonia\/"},"wordCount":155,"commentCount":0,"publisher":{"@id":"https:\/\/ubanews.com\/site\/#organization"},"image":{"@id":"https:\/\/ubanews.com\/site\/2022\/07\/29\/prefeitura-abre-processo-de-regularizacao-fundiaria-da-colonia\/#primaryimage"},"thumbnailUrl":"https:\/\/ubanews.com\/site\/wp-content\/uploads\/2022\/07\/WhatsApp-Image-2022-07-19-at-17.05.08-1-scaled.jpeg","articleSection":["Prefeitura Municipal"],"inLanguage":"pt-BR","potentialAction":[{"@type":"CommentAction","name":"Comment","target":["https:\/\/ubanews.com\/site\/2022\/07\/29\/prefeitura-abre-processo-de-regularizacao-fundiaria-da-colonia\/#respond"]}]},{"@type":"WebPage","@id":"https:\/\/ubanews.com\/site\/2022\/07\/29\/prefeitura-abre-processo-de-regularizacao-fundiaria-da-colonia\/","url":"https:\/\/ubanews.com\/site\/2022\/07\/29\/prefeitura-abre-processo-de-regularizacao-fundiaria-da-colonia\/","name":"Prefeitura abre processo de Regulariza\u00e7\u00e3o Fundi\u00e1ria da Col\u00f4nia - Ub\u00e1 News","isPartOf":{"@id":"https:\/\/ubanews.com\/site\/#website"},"primaryImageOfPage":{"@id":"https:\/\/ubanews.com\/site\/2022\/07\/29\/prefeitura-abre-processo-de-regularizacao-fundiaria-da-colonia\/#primaryimage"},"image":{"@id":"https:\/\/ubanews.com\/site\/2022\/07\/29\/prefeitura-abre-processo-de-regularizacao-fundiaria-da-colonia\/#primaryimage"},"thumbnailUrl":"https:\/\/ubanews.com\/site\/wp-content\/uploads\/2022\/07\/WhatsApp-Image-2022-07-19-at-17.05.08-1-scaled.jpeg","datePublished":"2022-07-29T17:00:21+00:00","dateModified":"2022-07-29T20:07:39+00:00","breadcrumb":{"@id":"https:\/\/ubanews.com\/site\/2022\/07\/29\/prefeitura-abre-processo-de-regularizacao-fundiaria-da-colonia\/#breadcrumb"},"inLanguage":"pt-BR","potentialAction":[{"@type":"ReadAction","target":["https:\/\/ubanews.com\/site\/2022\/07\/29\/prefeitura-abre-processo-de-regularizacao-fundiaria-da-colonia\/"]}]},{"@type":"ImageObject","inLanguage":"pt-BR","@id":"https:\/\/ubanews.com\/site\/2022\/07\/29\/prefeitura-abre-processo-de-regularizacao-fundiaria-da-colonia\/#primaryimage","url":"https:\/\/ubanews.com\/site\/wp-content\/uploads\/2022\/07\/WhatsApp-Image-2022-07-19-at-17.05.08-1-scaled.jpeg","contentUrl":"https:\/\/ubanews.com\/site\/wp-content\/uploads\/2022\/07\/WhatsApp-Image-2022-07-19-at-17.05.08-1-scaled.jpeg","width":2560,"height":1707},{"@type":"BreadcrumbList","@id":"https:\/\/ubanews.com\/site\/2022\/07\/29\/prefeitura-abre-processo-de-regularizacao-fundiaria-da-colonia\/#breadcrumb","itemListElement":[{"@type":"ListItem","position":1,"name":"Home","item":"https:\/\/ubanews.com\/site\/"},{"@type":"ListItem","position":2,"name":"Prefeitura abre processo de Regulariza\u00e7\u00e3o Fundi\u00e1ria da Col\u00f4nia"}]},{"@type":"WebSite","@id":"https:\/\/ubanews.com\/site\/#website","url":"https:\/\/ubanews.com\/site\/","name":"Ub\u00e1 News","description":"","publisher":{"@id":"https:\/\/ubanews.com\/site\/#organization"},"potentialAction":[{"@type":"SearchAction","target":{"@type":"EntryPoint","urlTemplate":"https:\/\/ubanews.com\/site\/?s={search_term_string}"},"query-input":{"@type":"PropertyValueSpecification","valueRequired":true,"valueName":"search_term_string"}}],"inLanguage":"pt-BR"},{"@type":"Organization","@id":"https:\/\/ubanews.com\/site\/#organization","name":"Ub\u00e1 News","url":"https:\/\/ubanews.com\/site\/","logo":{"@type":"ImageObject","inLanguage":"pt-BR","@id":"https:\/\/ubanews.com\/site\/#\/schema\/logo\/image\/","url":"https:\/\/ubanews.com\/site\/wp-content\/uploads\/2018\/01\/logoubanews.png","contentUrl":"https:\/\/ubanews.com\/site\/wp-content\/uploads\/2018\/01\/logoubanews.png","width":261,"height":99,"caption":"Ub\u00e1 News"},"image":{"@id":"https:\/\/ubanews.com\/site\/#\/schema\/logo\/image\/"},"sameAs":["https:\/\/www.facebook.com\/Ub\u00e1News-Carlos-Roberto-Sodr\u00e9-418778301977370"]},{"@type":"Person","@id":"https:\/\/ubanews.com\/site\/#\/schema\/person\/d90c9e47252fbb63dcc969fe4c8b9d10","name":"Sodr\u00e9","image":{"@type":"ImageObject","inLanguage":"pt-BR","@id":"https:\/\/secure.gravatar.com\/avatar\/5ba2793f0590b9dbfad3fdec4ee714485b3eef211c9b32ee53d414060454a56c?s=96&d=mm&r=g","url":"https:\/\/secure.gravatar.com\/avatar\/5ba2793f0590b9dbfad3fdec4ee714485b3eef211c9b32ee53d414060454a56c?s=96&d=mm&r=g","contentUrl":"https:\/\/secure.gravatar.com\/avatar\/5ba2793f0590b9dbfad3fdec4ee714485b3eef211c9b32ee53d414060454a56c?s=96&d=mm&r=g","caption":"Sodr\u00e9"},"sameAs":["https:\/\/www.facebook.com\/carosroberto.sodre.5\/"],"url":"https:\/\/ubanews.com\/site\/author\/felipe\/"}]}},"_links":{"self":[{"href":"https:\/\/ubanews.com\/site\/wp-json\/wp\/v2\/posts\/21337","targetHints":{"allow":["GET"]}}],"collection":[{"href":"https:\/\/ubanews.com\/site\/wp-json\/wp\/v2\/posts"}],"about":[{"href":"https:\/\/ubanews.com\/site\/wp-json\/wp\/v2\/types\/post"}],"author":[{"embeddable":true,"href":"https:\/\/ubanews.com\/site\/wp-json\/wp\/v2\/users\/2"}],"replies":[{"embeddable":true,"href":"https:\/\/ubanews.com\/site\/wp-json\/wp\/v2\/comments?post=21337"}],"version-history":[{"count":0,"href":"https:\/\/ubanews.com\/site\/wp-json\/wp\/v2\/posts\/21337\/revisions"}],"wp:featuredmedia":[{"embeddable":true,"href":"https:\/\/ubanews.com\/site\/wp-json\/wp\/v2\/media\/21283"}],"wp:attachment":[{"href":"https:\/\/ubanews.com\/site\/wp-json\/wp\/v2\/media?parent=21337"}],"wp:term":[{"taxonomy":"category","embeddable":true,"href":"https:\/\/ubanews.com\/site\/wp-json\/wp\/v2\/categories?post=21337"},{"taxonomy":"post_tag","embeddable":true,"href":"https:\/\/ubanews.com\/site\/wp-json\/wp\/v2\/tags?post=21337"}],"curies":[{"name":"wp","href":"https:\/\/api.w.org\/{rel}","templated":true}]}}