{"id":21335,"date":"2022-07-29T16:00:36","date_gmt":"2022-07-29T19:00:36","guid":{"rendered":"http:\/\/ubanews.com\/site\/?p=21335"},"modified":"2022-07-29T17:05:23","modified_gmt":"2022-07-29T20:05:23","slug":"uba-tem-dois-casos-suspeitos-de-variola-dos-macacos","status":"publish","type":"post","link":"https:\/\/ubanews.com\/site\/2022\/07\/29\/uba-tem-dois-casos-suspeitos-de-variola-dos-macacos\/","title":{"rendered":"Ub\u00e1 tem dois casos suspeitos de Var\u00edola dos Macacos"},"content":{"rendered":"<p style=\"font-weight: 400;\">A Prefeitura de&nbsp;Ub\u00e1, atrav\u00e9s da Secretaria Municipal de Sa\u00fade, notificou nesta sexta-feira&nbsp;(29),&nbsp;os primeiros casos suspeitos&nbsp;de&nbsp;Var\u00edola dos&nbsp;Macacos&nbsp;(<em>Monkeypox<\/em>) no munic\u00edpio.<\/p>\n<p style=\"font-weight: 400;\">Trata-se de dois pacientes do sexo feminino, com idades entre 18 e 25 anos, com hist\u00f3rico de viagens em locais com confirma\u00e7\u00e3o da doen\u00e7a. As pacientes receberam atendimento pelo Servi\u00e7o de Sa\u00fade local, encontram-se bem e em isolamento domiciliar, sendo monitoradas pelas equipes de Vigil\u00e2ncia Epidemiol\u00f3gica e Aten\u00e7\u00e3o Prim\u00e1ria \u00e0 Sa\u00fade.<\/p>\n<p style=\"font-weight: 400;\">A Secretaria de Sa\u00fade acionou a GRS\/Ub\u00e1&nbsp;(Ger\u00eancia Regional de Sa\u00fade)&nbsp;para orienta\u00e7\u00f5es de manejo dos&nbsp;casos&nbsp;suspeitos&nbsp;e aguarda a chegada de insumo para coleta de amostras que ser\u00e3o encaminhadas&nbsp;ao laborat\u00f3rio da Funed (Funda\u00e7\u00e3o Ezequiel Dias), em Belo Horizonte, para a confirma\u00e7\u00e3o ou descarte dos&nbsp;casos&nbsp;em investiga\u00e7\u00e3o.<\/p>\n<p style=\"font-weight: 400;\">Orienta\u00e7\u00f5es<\/p>\n<p style=\"font-weight: 400;\">De acordo com a Organiza\u00e7\u00e3o Mundial da Sa\u00fade, devem ser considerados suspeitos de Var\u00edola dos Macacos os casos no qual o paciente, de qualquer idade, apresente p\u00fastulas (bolhas) na pele de forma aguda e inexplic\u00e1vel. Tamb\u00e9m podem ocorrer febre acima de 38,5\u00b0C, calafrios, dor de cabe\u00e7a, dores musculares e fraqueza.<\/p>\n<p style=\"font-weight: 400;\">Caso o paciente tenha tido contato com pessoas com a doen\u00e7a ou esteve em regi\u00f5es onde a Var\u00edola dos Macacos foi confirmada e apresente algum sintoma, deve procurar a Unidade B\u00e1sica de Sa\u00fade mais pr\u00f3xima de sua resid\u00eancia para receber atendimento e orienta\u00e7\u00f5es.<\/p>\n<p>Assessoria de Comunica\u00e7\u00e3o<br \/>\nPrefeitura de Ub\u00e1<\/p>\n","protected":false},"excerpt":{"rendered":"<p>A Prefeitura de&nbsp;Ub\u00e1, atrav\u00e9s da Secretaria Municipal de Sa\u00fade, notificou<\/p>\n","protected":false},"author":2,"featured_media":21336,"comment_status":"open","ping_status":"open","sticky":false,"template":"","format":"standard","meta":{"footnotes":""},"categories":[15,3],"tags":[],"class_list":["post-21335","post","type-post","status-publish","format-standard","has-post-thumbnail","hentry","category-prefeitura-municipal","category-slide"],"yoast_head":"<!-- This site is optimized with the Yoast SEO plugin v27.2 - https:\/\/yoast.com\/product\/yoast-seo-wordpress\/ -->\n<title>Ub\u00e1 tem dois casos suspeitos de Var\u00edola dos Macacos - Ub\u00e1 News<\/title>\n<meta name=\"robots\" content=\"index, follow, max-snippet:-1, max-image-preview:large, max-video-preview:-1\" \/>\n<link rel=\"canonical\" href=\"https:\/\/ubanews.com\/site\/2022\/07\/29\/uba-tem-dois-casos-suspeitos-de-variola-dos-macacos\/\" \/>\n<meta property=\"og:locale\" content=\"pt_BR\" \/>\n<meta property=\"og:type\" content=\"article\" \/>\n<meta property=\"og:title\" content=\"Ub\u00e1 tem dois casos suspeitos de Var\u00edola dos Macacos - Ub\u00e1 News\" \/>\n<meta property=\"og:description\" content=\"A Prefeitura de&nbsp;Ub\u00e1, atrav\u00e9s da Secretaria Municipal de Sa\u00fade, notificou\" \/>\n<meta property=\"og:url\" content=\"https:\/\/ubanews.com\/site\/2022\/07\/29\/uba-tem-dois-casos-suspeitos-de-variola-dos-macacos\/\" \/>\n<meta property=\"og:site_name\" content=\"Ub\u00e1 News\" \/>\n<meta property=\"article:publisher\" content=\"https:\/\/www.facebook.com\/Ub%c3%a1News-Carlos-Roberto-Sodr%c3%a9-418778301977370\" \/>\n<meta property=\"article:author\" content=\"https:\/\/www.facebook.com\/carosroberto.sodre.5\/\" \/>\n<meta property=\"article:published_time\" content=\"2022-07-29T19:00:36+00:00\" \/>\n<meta property=\"article:modified_time\" content=\"2022-07-29T20:05:23+00:00\" \/>\n<meta property=\"og:image\" content=\"https:\/\/ubanews.com\/site\/wp-content\/uploads\/2022\/07\/variol-ado-macaco.jpg\" \/>\n\t<meta property=\"og:image:width\" content=\"1000\" \/>\n\t<meta property=\"og:image:height\" content=\"500\" \/>\n\t<meta property=\"og:image:type\" content=\"image\/jpeg\" \/>\n<meta name=\"author\" content=\"Sodr\u00e9\" \/>\n<meta name=\"twitter:card\" content=\"summary_large_image\" \/>\n<meta name=\"twitter:label1\" content=\"Escrito por\" \/>\n\t<meta name=\"twitter:data1\" content=\"Sodr\u00e9\" \/>\n\t<meta name=\"twitter:label2\" content=\"Est. tempo de leitura\" \/>\n\t<meta name=\"twitter:data2\" content=\"1 minuto\" \/>\n<script type=\"application\/ld+json\" class=\"yoast-schema-graph\">{\"@context\":\"https:\/\/schema.org\",\"@graph\":[{\"@type\":\"Article\",\"@id\":\"https:\/\/ubanews.com\/site\/2022\/07\/29\/uba-tem-dois-casos-suspeitos-de-variola-dos-macacos\/#article\",\"isPartOf\":{\"@id\":\"https:\/\/ubanews.com\/site\/2022\/07\/29\/uba-tem-dois-casos-suspeitos-de-variola-dos-macacos\/\"},\"author\":{\"name\":\"Sodr\u00e9\",\"@id\":\"https:\/\/ubanews.com\/site\/#\/schema\/person\/d90c9e47252fbb63dcc969fe4c8b9d10\"},\"headline\":\"Ub\u00e1 tem dois casos suspeitos de Var\u00edola dos Macacos\",\"datePublished\":\"2022-07-29T19:00:36+00:00\",\"dateModified\":\"2022-07-29T20:05:23+00:00\",\"mainEntityOfPage\":{\"@id\":\"https:\/\/ubanews.com\/site\/2022\/07\/29\/uba-tem-dois-casos-suspeitos-de-variola-dos-macacos\/\"},\"wordCount\":288,\"commentCount\":0,\"publisher\":{\"@id\":\"https:\/\/ubanews.com\/site\/#organization\"},\"image\":{\"@id\":\"https:\/\/ubanews.com\/site\/2022\/07\/29\/uba-tem-dois-casos-suspeitos-de-variola-dos-macacos\/#primaryimage\"},\"thumbnailUrl\":\"https:\/\/ubanews.com\/site\/wp-content\/uploads\/2022\/07\/variol-ado-macaco.jpg\",\"articleSection\":[\"Prefeitura Municipal\",\"Slide\"],\"inLanguage\":\"pt-BR\",\"potentialAction\":[{\"@type\":\"CommentAction\",\"name\":\"Comment\",\"target\":[\"https:\/\/ubanews.com\/site\/2022\/07\/29\/uba-tem-dois-casos-suspeitos-de-variola-dos-macacos\/#respond\"]}]},{\"@type\":\"WebPage\",\"@id\":\"https:\/\/ubanews.com\/site\/2022\/07\/29\/uba-tem-dois-casos-suspeitos-de-variola-dos-macacos\/\",\"url\":\"https:\/\/ubanews.com\/site\/2022\/07\/29\/uba-tem-dois-casos-suspeitos-de-variola-dos-macacos\/\",\"name\":\"Ub\u00e1 tem dois casos suspeitos de Var\u00edola dos Macacos - Ub\u00e1 News\",\"isPartOf\":{\"@id\":\"https:\/\/ubanews.com\/site\/#website\"},\"primaryImageOfPage\":{\"@id\":\"https:\/\/ubanews.com\/site\/2022\/07\/29\/uba-tem-dois-casos-suspeitos-de-variola-dos-macacos\/#primaryimage\"},\"image\":{\"@id\":\"https:\/\/ubanews.com\/site\/2022\/07\/29\/uba-tem-dois-casos-suspeitos-de-variola-dos-macacos\/#primaryimage\"},\"thumbnailUrl\":\"https:\/\/ubanews.com\/site\/wp-content\/uploads\/2022\/07\/variol-ado-macaco.jpg\",\"datePublished\":\"2022-07-29T19:00:36+00:00\",\"dateModified\":\"2022-07-29T20:05:23+00:00\",\"breadcrumb\":{\"@id\":\"https:\/\/ubanews.com\/site\/2022\/07\/29\/uba-tem-dois-casos-suspeitos-de-variola-dos-macacos\/#breadcrumb\"},\"inLanguage\":\"pt-BR\",\"potentialAction\":[{\"@type\":\"ReadAction\",\"target\":[\"https:\/\/ubanews.com\/site\/2022\/07\/29\/uba-tem-dois-casos-suspeitos-de-variola-dos-macacos\/\"]}]},{\"@type\":\"ImageObject\",\"inLanguage\":\"pt-BR\",\"@id\":\"https:\/\/ubanews.com\/site\/2022\/07\/29\/uba-tem-dois-casos-suspeitos-de-variola-dos-macacos\/#primaryimage\",\"url\":\"https:\/\/ubanews.com\/site\/wp-content\/uploads\/2022\/07\/variol-ado-macaco.jpg\",\"contentUrl\":\"https:\/\/ubanews.com\/site\/wp-content\/uploads\/2022\/07\/variol-ado-macaco.jpg\",\"width\":1000,\"height\":500},{\"@type\":\"BreadcrumbList\",\"@id\":\"https:\/\/ubanews.com\/site\/2022\/07\/29\/uba-tem-dois-casos-suspeitos-de-variola-dos-macacos\/#breadcrumb\",\"itemListElement\":[{\"@type\":\"ListItem\",\"position\":1,\"name\":\"Home\",\"item\":\"https:\/\/ubanews.com\/site\/\"},{\"@type\":\"ListItem\",\"position\":2,\"name\":\"Ub\u00e1 tem dois casos suspeitos de Var\u00edola dos Macacos\"}]},{\"@type\":\"WebSite\",\"@id\":\"https:\/\/ubanews.com\/site\/#website\",\"url\":\"https:\/\/ubanews.com\/site\/\",\"name\":\"Ub\u00e1 News\",\"description\":\"\",\"publisher\":{\"@id\":\"https:\/\/ubanews.com\/site\/#organization\"},\"potentialAction\":[{\"@type\":\"SearchAction\",\"target\":{\"@type\":\"EntryPoint\",\"urlTemplate\":\"https:\/\/ubanews.com\/site\/?s={search_term_string}\"},\"query-input\":{\"@type\":\"PropertyValueSpecification\",\"valueRequired\":true,\"valueName\":\"search_term_string\"}}],\"inLanguage\":\"pt-BR\"},{\"@type\":\"Organization\",\"@id\":\"https:\/\/ubanews.com\/site\/#organization\",\"name\":\"Ub\u00e1 News\",\"url\":\"https:\/\/ubanews.com\/site\/\",\"logo\":{\"@type\":\"ImageObject\",\"inLanguage\":\"pt-BR\",\"@id\":\"https:\/\/ubanews.com\/site\/#\/schema\/logo\/image\/\",\"url\":\"https:\/\/ubanews.com\/site\/wp-content\/uploads\/2018\/01\/logoubanews.png\",\"contentUrl\":\"https:\/\/ubanews.com\/site\/wp-content\/uploads\/2018\/01\/logoubanews.png\",\"width\":261,\"height\":99,\"caption\":\"Ub\u00e1 News\"},\"image\":{\"@id\":\"https:\/\/ubanews.com\/site\/#\/schema\/logo\/image\/\"},\"sameAs\":[\"https:\/\/www.facebook.com\/Ub\u00e1News-Carlos-Roberto-Sodr\u00e9-418778301977370\"]},{\"@type\":\"Person\",\"@id\":\"https:\/\/ubanews.com\/site\/#\/schema\/person\/d90c9e47252fbb63dcc969fe4c8b9d10\",\"name\":\"Sodr\u00e9\",\"image\":{\"@type\":\"ImageObject\",\"inLanguage\":\"pt-BR\",\"@id\":\"https:\/\/secure.gravatar.com\/avatar\/5ba2793f0590b9dbfad3fdec4ee714485b3eef211c9b32ee53d414060454a56c?s=96&d=mm&r=g\",\"url\":\"https:\/\/secure.gravatar.com\/avatar\/5ba2793f0590b9dbfad3fdec4ee714485b3eef211c9b32ee53d414060454a56c?s=96&d=mm&r=g\",\"contentUrl\":\"https:\/\/secure.gravatar.com\/avatar\/5ba2793f0590b9dbfad3fdec4ee714485b3eef211c9b32ee53d414060454a56c?s=96&d=mm&r=g\",\"caption\":\"Sodr\u00e9\"},\"sameAs\":[\"https:\/\/www.facebook.com\/carosroberto.sodre.5\/\"],\"url\":\"https:\/\/ubanews.com\/site\/author\/felipe\/\"}]}<\/script>\n<!-- \/ Yoast SEO plugin. -->","yoast_head_json":{"title":"Ub\u00e1 tem dois casos suspeitos de Var\u00edola dos Macacos - Ub\u00e1 News","robots":{"index":"index","follow":"follow","max-snippet":"max-snippet:-1","max-image-preview":"max-image-preview:large","max-video-preview":"max-video-preview:-1"},"canonical":"https:\/\/ubanews.com\/site\/2022\/07\/29\/uba-tem-dois-casos-suspeitos-de-variola-dos-macacos\/","og_locale":"pt_BR","og_type":"article","og_title":"Ub\u00e1 tem dois casos suspeitos de Var\u00edola dos Macacos - Ub\u00e1 News","og_description":"A Prefeitura de&nbsp;Ub\u00e1, atrav\u00e9s da Secretaria Municipal de Sa\u00fade, notificou","og_url":"https:\/\/ubanews.com\/site\/2022\/07\/29\/uba-tem-dois-casos-suspeitos-de-variola-dos-macacos\/","og_site_name":"Ub\u00e1 News","article_publisher":"https:\/\/www.facebook.com\/Ub%c3%a1News-Carlos-Roberto-Sodr%c3%a9-418778301977370","article_author":"https:\/\/www.facebook.com\/carosroberto.sodre.5\/","article_published_time":"2022-07-29T19:00:36+00:00","article_modified_time":"2022-07-29T20:05:23+00:00","og_image":[{"width":1000,"height":500,"url":"https:\/\/ubanews.com\/site\/wp-content\/uploads\/2022\/07\/variol-ado-macaco.jpg","type":"image\/jpeg"}],"author":"Sodr\u00e9","twitter_card":"summary_large_image","twitter_misc":{"Escrito por":"Sodr\u00e9","Est. tempo de leitura":"1 minuto"},"schema":{"@context":"https:\/\/schema.org","@graph":[{"@type":"Article","@id":"https:\/\/ubanews.com\/site\/2022\/07\/29\/uba-tem-dois-casos-suspeitos-de-variola-dos-macacos\/#article","isPartOf":{"@id":"https:\/\/ubanews.com\/site\/2022\/07\/29\/uba-tem-dois-casos-suspeitos-de-variola-dos-macacos\/"},"author":{"name":"Sodr\u00e9","@id":"https:\/\/ubanews.com\/site\/#\/schema\/person\/d90c9e47252fbb63dcc969fe4c8b9d10"},"headline":"Ub\u00e1 tem dois casos suspeitos de Var\u00edola dos Macacos","datePublished":"2022-07-29T19:00:36+00:00","dateModified":"2022-07-29T20:05:23+00:00","mainEntityOfPage":{"@id":"https:\/\/ubanews.com\/site\/2022\/07\/29\/uba-tem-dois-casos-suspeitos-de-variola-dos-macacos\/"},"wordCount":288,"commentCount":0,"publisher":{"@id":"https:\/\/ubanews.com\/site\/#organization"},"image":{"@id":"https:\/\/ubanews.com\/site\/2022\/07\/29\/uba-tem-dois-casos-suspeitos-de-variola-dos-macacos\/#primaryimage"},"thumbnailUrl":"https:\/\/ubanews.com\/site\/wp-content\/uploads\/2022\/07\/variol-ado-macaco.jpg","articleSection":["Prefeitura Municipal","Slide"],"inLanguage":"pt-BR","potentialAction":[{"@type":"CommentAction","name":"Comment","target":["https:\/\/ubanews.com\/site\/2022\/07\/29\/uba-tem-dois-casos-suspeitos-de-variola-dos-macacos\/#respond"]}]},{"@type":"WebPage","@id":"https:\/\/ubanews.com\/site\/2022\/07\/29\/uba-tem-dois-casos-suspeitos-de-variola-dos-macacos\/","url":"https:\/\/ubanews.com\/site\/2022\/07\/29\/uba-tem-dois-casos-suspeitos-de-variola-dos-macacos\/","name":"Ub\u00e1 tem dois casos suspeitos de Var\u00edola dos Macacos - Ub\u00e1 News","isPartOf":{"@id":"https:\/\/ubanews.com\/site\/#website"},"primaryImageOfPage":{"@id":"https:\/\/ubanews.com\/site\/2022\/07\/29\/uba-tem-dois-casos-suspeitos-de-variola-dos-macacos\/#primaryimage"},"image":{"@id":"https:\/\/ubanews.com\/site\/2022\/07\/29\/uba-tem-dois-casos-suspeitos-de-variola-dos-macacos\/#primaryimage"},"thumbnailUrl":"https:\/\/ubanews.com\/site\/wp-content\/uploads\/2022\/07\/variol-ado-macaco.jpg","datePublished":"2022-07-29T19:00:36+00:00","dateModified":"2022-07-29T20:05:23+00:00","breadcrumb":{"@id":"https:\/\/ubanews.com\/site\/2022\/07\/29\/uba-tem-dois-casos-suspeitos-de-variola-dos-macacos\/#breadcrumb"},"inLanguage":"pt-BR","potentialAction":[{"@type":"ReadAction","target":["https:\/\/ubanews.com\/site\/2022\/07\/29\/uba-tem-dois-casos-suspeitos-de-variola-dos-macacos\/"]}]},{"@type":"ImageObject","inLanguage":"pt-BR","@id":"https:\/\/ubanews.com\/site\/2022\/07\/29\/uba-tem-dois-casos-suspeitos-de-variola-dos-macacos\/#primaryimage","url":"https:\/\/ubanews.com\/site\/wp-content\/uploads\/2022\/07\/variol-ado-macaco.jpg","contentUrl":"https:\/\/ubanews.com\/site\/wp-content\/uploads\/2022\/07\/variol-ado-macaco.jpg","width":1000,"height":500},{"@type":"BreadcrumbList","@id":"https:\/\/ubanews.com\/site\/2022\/07\/29\/uba-tem-dois-casos-suspeitos-de-variola-dos-macacos\/#breadcrumb","itemListElement":[{"@type":"ListItem","position":1,"name":"Home","item":"https:\/\/ubanews.com\/site\/"},{"@type":"ListItem","position":2,"name":"Ub\u00e1 tem dois casos suspeitos de Var\u00edola dos Macacos"}]},{"@type":"WebSite","@id":"https:\/\/ubanews.com\/site\/#website","url":"https:\/\/ubanews.com\/site\/","name":"Ub\u00e1 News","description":"","publisher":{"@id":"https:\/\/ubanews.com\/site\/#organization"},"potentialAction":[{"@type":"SearchAction","target":{"@type":"EntryPoint","urlTemplate":"https:\/\/ubanews.com\/site\/?s={search_term_string}"},"query-input":{"@type":"PropertyValueSpecification","valueRequired":true,"valueName":"search_term_string"}}],"inLanguage":"pt-BR"},{"@type":"Organization","@id":"https:\/\/ubanews.com\/site\/#organization","name":"Ub\u00e1 News","url":"https:\/\/ubanews.com\/site\/","logo":{"@type":"ImageObject","inLanguage":"pt-BR","@id":"https:\/\/ubanews.com\/site\/#\/schema\/logo\/image\/","url":"https:\/\/ubanews.com\/site\/wp-content\/uploads\/2018\/01\/logoubanews.png","contentUrl":"https:\/\/ubanews.com\/site\/wp-content\/uploads\/2018\/01\/logoubanews.png","width":261,"height":99,"caption":"Ub\u00e1 News"},"image":{"@id":"https:\/\/ubanews.com\/site\/#\/schema\/logo\/image\/"},"sameAs":["https:\/\/www.facebook.com\/Ub\u00e1News-Carlos-Roberto-Sodr\u00e9-418778301977370"]},{"@type":"Person","@id":"https:\/\/ubanews.com\/site\/#\/schema\/person\/d90c9e47252fbb63dcc969fe4c8b9d10","name":"Sodr\u00e9","image":{"@type":"ImageObject","inLanguage":"pt-BR","@id":"https:\/\/secure.gravatar.com\/avatar\/5ba2793f0590b9dbfad3fdec4ee714485b3eef211c9b32ee53d414060454a56c?s=96&d=mm&r=g","url":"https:\/\/secure.gravatar.com\/avatar\/5ba2793f0590b9dbfad3fdec4ee714485b3eef211c9b32ee53d414060454a56c?s=96&d=mm&r=g","contentUrl":"https:\/\/secure.gravatar.com\/avatar\/5ba2793f0590b9dbfad3fdec4ee714485b3eef211c9b32ee53d414060454a56c?s=96&d=mm&r=g","caption":"Sodr\u00e9"},"sameAs":["https:\/\/www.facebook.com\/carosroberto.sodre.5\/"],"url":"https:\/\/ubanews.com\/site\/author\/felipe\/"}]}},"_links":{"self":[{"href":"https:\/\/ubanews.com\/site\/wp-json\/wp\/v2\/posts\/21335","targetHints":{"allow":["GET"]}}],"collection":[{"href":"https:\/\/ubanews.com\/site\/wp-json\/wp\/v2\/posts"}],"about":[{"href":"https:\/\/ubanews.com\/site\/wp-json\/wp\/v2\/types\/post"}],"author":[{"embeddable":true,"href":"https:\/\/ubanews.com\/site\/wp-json\/wp\/v2\/users\/2"}],"replies":[{"embeddable":true,"href":"https:\/\/ubanews.com\/site\/wp-json\/wp\/v2\/comments?post=21335"}],"version-history":[{"count":0,"href":"https:\/\/ubanews.com\/site\/wp-json\/wp\/v2\/posts\/21335\/revisions"}],"wp:featuredmedia":[{"embeddable":true,"href":"https:\/\/ubanews.com\/site\/wp-json\/wp\/v2\/media\/21336"}],"wp:attachment":[{"href":"https:\/\/ubanews.com\/site\/wp-json\/wp\/v2\/media?parent=21335"}],"wp:term":[{"taxonomy":"category","embeddable":true,"href":"https:\/\/ubanews.com\/site\/wp-json\/wp\/v2\/categories?post=21335"},{"taxonomy":"post_tag","embeddable":true,"href":"https:\/\/ubanews.com\/site\/wp-json\/wp\/v2\/tags?post=21335"}],"curies":[{"name":"wp","href":"https:\/\/api.w.org\/{rel}","templated":true}]}}