{"id":21324,"date":"2022-07-28T10:00:53","date_gmt":"2022-07-28T13:00:53","guid":{"rendered":"http:\/\/ubanews.com\/site\/?p=21324"},"modified":"2022-07-28T15:33:56","modified_gmt":"2022-07-28T18:33:56","slug":"novo-centro-de-treinamento-de-lutas-e-artes-marciais-de-alto-padrao-e-inaugurado-em-uba","status":"publish","type":"post","link":"https:\/\/ubanews.com\/site\/2022\/07\/28\/novo-centro-de-treinamento-de-lutas-e-artes-marciais-de-alto-padrao-e-inaugurado-em-uba\/","title":{"rendered":"NOVO CENTRO DE TREINAMENTO DE LUTAS E ARTES MARCIAIS DE ALTO PADR\u00c3O \u00c9 INAUGURADO EM UB\u00c1"},"content":{"rendered":"<p>CT ARENA FIGHT<br \/>\nCENTRO DE TREINAMENTO DE ARTES MARCIAIS<\/p>\n<p>Neste m\u00eas, foi inaugurado o mais novo e moderno Centro de Treinamento de Artes<br \/>\nMarciais de Ub\u00e1, Arena Fight, sob o comando do Professor Rafael Toledo, e de amiga de<br \/>\nlongas datas e agora s\u00f3cia neste empreendimento, Maria Silveira. O Centro conta com<br \/>\nTurmas Comerciais, Treinamentos Personalizados Individuais ou Pequenos Grupos<br \/>\n(Personal Fight) e Turmas Femininas, orientados pelos melhores e mais qualificados<br \/>\nprofissionais da cidade. E ainda conta com recep\u00e7\u00e3o com acesso a internet, Espa\u00e7o Vida<br \/>\nSaud\u00e1vel e \u00e9 o \u00fanico com ringue profissional.<br \/>\nE a seguran\u00e7a de estar participando de atividades cujo seus profissionais s\u00e3o vinculados<br \/>\na entidades LEGAIS e OFICIAIS de pr\u00e1tica das modalidades de esportes de combate e<br \/>\nartes marciais.<br \/>\n&amp;quot;Nossa miss\u00e3o \u00e9 recepcionar e atender cada pessoa que busca nossos servi\u00e7os com<br \/>\nqualidade \u00edmpar! Junto a uma equipe de profissionais comprometidos em entregar<br \/>\nresultados! somado a uma estrutura de primeira linha, que promete ser refer\u00eancia no<br \/>\ndesenvolvimento de atletas e oportunizando que todos nossos alunos encontrem em<br \/>\nnosso Centro de Treinamento muito mais do que veio buscar. Benef\u00edcios reais, para o<br \/>\ncorpo e para a mente, atrav\u00e9s da pratica transformadora das artes marciais.&amp;quot; &#8211; Rafael<br \/>\nToledo (CEO)<br \/>\nO CT \u00e9 localizado na Avenida Jesus Brand\u00e3o, 88, Bairro San Raphael em Ub\u00e1 (Rua do<br \/>\nSesi\/Senai) \/ Telefone (32) 9 8853-9623 \/ Instagram: @arenafightuba<br \/>\nSobre Rafael Toledo<br \/>\nEmpreendedor, Bacharel em Educa\u00e7\u00e3o F\u00edsica UNIFAGOC e acad\u00eamico em Ci\u00eancias<br \/>\nPol\u00edticas, Presidente do Conselho Municipal de Esportes de Ub\u00e1, Consultor em Gest\u00e3o de<br \/>\nOrganiza\u00e7\u00f5es do Terceiro Setor e projetos sociais, Professor de Taekwondo Faixa Preta<br \/>\n3\u00b0 Dan, filiado a FTEMG \u2013 Federa\u00e7\u00e3o de Taekwondo do Estado de Minas Gerais,<br \/>\nentidade oficial filiada a CBTKD \u2013 Confedera\u00e7\u00e3o Brasileira de Taekwondo, Instrutor de<br \/>\nMuaythai, filiado a CBMTT \u2013 Confedera\u00e7\u00e3o Brasileira de Muaythai Tradicional, \u00fanica<br \/>\nentidade m\u00e1xima do Muaythai no pa\u00eds, reconhecida pelo Comit\u00ea Ol\u00edmpico do Brasil,<br \/>\nsendo a \u00fanica no pa\u00eds filiada a IFMA &#8211; Federa\u00e7\u00e3o Internacional de Muaythai Amador e ao<br \/>\nConselho Mundial de Muaythai, Instrutor das modalidades Taekwondo e Muaythai em<br \/>\nacademias e clubes parceiros, Instrutor das oficinas de Muaythai nos equipamentos dos<br \/>\nCRAS e Centros de Conviv\u00eancia da Secretaria Municipal de Desenvolvimento Social nos<br \/>\nanos de 2020 e 2021, tamb\u00e9m \u00e9 idealizador e t\u00e9cnico da iniciativa que leva o<br \/>\nTaekwondo, arte marcial coreana e esporte ol\u00edmpico, atrav\u00e9s da educa\u00e7\u00e3o, h\u00e1<br \/>\naproximadamente dez anos, as comunidades de Ub\u00e1 e regi\u00e3o, recebendo<br \/>\nreconhecimento de diversos \u00f3rg\u00e3os p\u00fablicos e privados, destaque na imprensa. Com<br \/>\ncentenas de t\u00edtulos conquistados, al\u00e9m de resultados sociais, formando cidad\u00e3os de bem<br \/>\natrav\u00e9s da disciplina das artes marciais.<\/p>\n<p>Informa\u00e7\u00f5es: Depto Comunica\u00e7\u00e3o CT Arena Fight<br \/>\nImagens: Ti\u00e3o Fotografias<br \/>\nLocal: CT Arena Fight<\/p>\n<p>contato.arenafight@gmail.com<\/p>\n<p><a href=\"https:\/\/ubanews.com\/site\/wp-content\/uploads\/2022\/07\/DSC4343.jpg\"><img decoding=\"async\" class=\"aligncenter size-full wp-image-21325 lazyload\" data-src=\"https:\/\/ubanews.com\/site\/wp-content\/uploads\/2022\/07\/DSC4343.jpg\" alt=\"\" width=\"2048\" height=\"1363\" data-srcset=\"https:\/\/ubanews.com\/site\/wp-content\/uploads\/2022\/07\/DSC4343.jpg 2048w, https:\/\/ubanews.com\/site\/wp-content\/uploads\/2022\/07\/DSC4343-300x200.jpg 300w, https:\/\/ubanews.com\/site\/wp-content\/uploads\/2022\/07\/DSC4343-1024x682.jpg 1024w, https:\/\/ubanews.com\/site\/wp-content\/uploads\/2022\/07\/DSC4343-768x511.jpg 768w, https:\/\/ubanews.com\/site\/wp-content\/uploads\/2022\/07\/DSC4343-1536x1022.jpg 1536w, https:\/\/ubanews.com\/site\/wp-content\/uploads\/2022\/07\/DSC4343-120x80.jpg 120w\" data-sizes=\"(max-width: 2048px) 100vw, 2048px\" src=\"data:image\/svg+xml;base64,PHN2ZyB3aWR0aD0iMSIgaGVpZ2h0PSIxIiB4bWxucz0iaHR0cDovL3d3dy53My5vcmcvMjAwMC9zdmciPjwvc3ZnPg==\" style=\"--smush-placeholder-width: 2048px; --smush-placeholder-aspect-ratio: 2048\/1363;\" \/><\/a> <a href=\"https:\/\/ubanews.com\/site\/wp-content\/uploads\/2022\/07\/DSC4319.jpg\"><img decoding=\"async\" class=\"aligncenter size-full wp-image-21326 lazyload\" data-src=\"https:\/\/ubanews.com\/site\/wp-content\/uploads\/2022\/07\/DSC4319.jpg\" alt=\"\" width=\"2048\" height=\"1363\" data-srcset=\"https:\/\/ubanews.com\/site\/wp-content\/uploads\/2022\/07\/DSC4319.jpg 2048w, https:\/\/ubanews.com\/site\/wp-content\/uploads\/2022\/07\/DSC4319-300x200.jpg 300w, https:\/\/ubanews.com\/site\/wp-content\/uploads\/2022\/07\/DSC4319-1024x682.jpg 1024w, https:\/\/ubanews.com\/site\/wp-content\/uploads\/2022\/07\/DSC4319-768x511.jpg 768w, https:\/\/ubanews.com\/site\/wp-content\/uploads\/2022\/07\/DSC4319-1536x1022.jpg 1536w, https:\/\/ubanews.com\/site\/wp-content\/uploads\/2022\/07\/DSC4319-120x80.jpg 120w\" data-sizes=\"(max-width: 2048px) 100vw, 2048px\" src=\"data:image\/svg+xml;base64,PHN2ZyB3aWR0aD0iMSIgaGVpZ2h0PSIxIiB4bWxucz0iaHR0cDovL3d3dy53My5vcmcvMjAwMC9zdmciPjwvc3ZnPg==\" style=\"--smush-placeholder-width: 2048px; --smush-placeholder-aspect-ratio: 2048\/1363;\" \/><\/a> <a href=\"https:\/\/ubanews.com\/site\/wp-content\/uploads\/2022\/07\/DSC4325.jpg\"><img decoding=\"async\" class=\"aligncenter size-full wp-image-21327 lazyload\" data-src=\"https:\/\/ubanews.com\/site\/wp-content\/uploads\/2022\/07\/DSC4325.jpg\" alt=\"\" width=\"2048\" height=\"1363\" data-srcset=\"https:\/\/ubanews.com\/site\/wp-content\/uploads\/2022\/07\/DSC4325.jpg 2048w, https:\/\/ubanews.com\/site\/wp-content\/uploads\/2022\/07\/DSC4325-300x200.jpg 300w, https:\/\/ubanews.com\/site\/wp-content\/uploads\/2022\/07\/DSC4325-1024x682.jpg 1024w, https:\/\/ubanews.com\/site\/wp-content\/uploads\/2022\/07\/DSC4325-768x511.jpg 768w, https:\/\/ubanews.com\/site\/wp-content\/uploads\/2022\/07\/DSC4325-1536x1022.jpg 1536w, https:\/\/ubanews.com\/site\/wp-content\/uploads\/2022\/07\/DSC4325-120x80.jpg 120w\" data-sizes=\"(max-width: 2048px) 100vw, 2048px\" src=\"data:image\/svg+xml;base64,PHN2ZyB3aWR0aD0iMSIgaGVpZ2h0PSIxIiB4bWxucz0iaHR0cDovL3d3dy53My5vcmcvMjAwMC9zdmciPjwvc3ZnPg==\" style=\"--smush-placeholder-width: 2048px; --smush-placeholder-aspect-ratio: 2048\/1363;\" \/><\/a> <a href=\"https:\/\/ubanews.com\/site\/wp-content\/uploads\/2022\/07\/DSC4318.jpg\"><img decoding=\"async\" class=\"aligncenter size-full wp-image-21328 lazyload\" data-src=\"https:\/\/ubanews.com\/site\/wp-content\/uploads\/2022\/07\/DSC4318.jpg\" alt=\"\" width=\"2048\" height=\"1363\" data-srcset=\"https:\/\/ubanews.com\/site\/wp-content\/uploads\/2022\/07\/DSC4318.jpg 2048w, https:\/\/ubanews.com\/site\/wp-content\/uploads\/2022\/07\/DSC4318-300x200.jpg 300w, https:\/\/ubanews.com\/site\/wp-content\/uploads\/2022\/07\/DSC4318-1024x682.jpg 1024w, https:\/\/ubanews.com\/site\/wp-content\/uploads\/2022\/07\/DSC4318-768x511.jpg 768w, https:\/\/ubanews.com\/site\/wp-content\/uploads\/2022\/07\/DSC4318-1536x1022.jpg 1536w, https:\/\/ubanews.com\/site\/wp-content\/uploads\/2022\/07\/DSC4318-120x80.jpg 120w\" data-sizes=\"(max-width: 2048px) 100vw, 2048px\" src=\"data:image\/svg+xml;base64,PHN2ZyB3aWR0aD0iMSIgaGVpZ2h0PSIxIiB4bWxucz0iaHR0cDovL3d3dy53My5vcmcvMjAwMC9zdmciPjwvc3ZnPg==\" style=\"--smush-placeholder-width: 2048px; --smush-placeholder-aspect-ratio: 2048\/1363;\" \/><\/a> <a href=\"https:\/\/ubanews.com\/site\/wp-content\/uploads\/2022\/07\/DSC4354.jpg\"><img decoding=\"async\" class=\"aligncenter size-full wp-image-21329 lazyload\" data-src=\"https:\/\/ubanews.com\/site\/wp-content\/uploads\/2022\/07\/DSC4354.jpg\" alt=\"\" width=\"2048\" height=\"1363\" data-srcset=\"https:\/\/ubanews.com\/site\/wp-content\/uploads\/2022\/07\/DSC4354.jpg 2048w, https:\/\/ubanews.com\/site\/wp-content\/uploads\/2022\/07\/DSC4354-300x200.jpg 300w, https:\/\/ubanews.com\/site\/wp-content\/uploads\/2022\/07\/DSC4354-1024x682.jpg 1024w, https:\/\/ubanews.com\/site\/wp-content\/uploads\/2022\/07\/DSC4354-768x511.jpg 768w, https:\/\/ubanews.com\/site\/wp-content\/uploads\/2022\/07\/DSC4354-1536x1022.jpg 1536w, https:\/\/ubanews.com\/site\/wp-content\/uploads\/2022\/07\/DSC4354-120x80.jpg 120w\" data-sizes=\"(max-width: 2048px) 100vw, 2048px\" src=\"data:image\/svg+xml;base64,PHN2ZyB3aWR0aD0iMSIgaGVpZ2h0PSIxIiB4bWxucz0iaHR0cDovL3d3dy53My5vcmcvMjAwMC9zdmciPjwvc3ZnPg==\" style=\"--smush-placeholder-width: 2048px; --smush-placeholder-aspect-ratio: 2048\/1363;\" \/><\/a> <a href=\"https:\/\/ubanews.com\/site\/wp-content\/uploads\/2022\/07\/DSC4614.jpg\"><img decoding=\"async\" class=\"aligncenter size-full wp-image-21330 lazyload\" data-src=\"https:\/\/ubanews.com\/site\/wp-content\/uploads\/2022\/07\/DSC4614.jpg\" alt=\"\" width=\"2048\" height=\"1363\" data-srcset=\"https:\/\/ubanews.com\/site\/wp-content\/uploads\/2022\/07\/DSC4614.jpg 2048w, https:\/\/ubanews.com\/site\/wp-content\/uploads\/2022\/07\/DSC4614-300x200.jpg 300w, https:\/\/ubanews.com\/site\/wp-content\/uploads\/2022\/07\/DSC4614-1024x682.jpg 1024w, https:\/\/ubanews.com\/site\/wp-content\/uploads\/2022\/07\/DSC4614-768x511.jpg 768w, https:\/\/ubanews.com\/site\/wp-content\/uploads\/2022\/07\/DSC4614-1536x1022.jpg 1536w, https:\/\/ubanews.com\/site\/wp-content\/uploads\/2022\/07\/DSC4614-120x80.jpg 120w\" data-sizes=\"(max-width: 2048px) 100vw, 2048px\" src=\"data:image\/svg+xml;base64,PHN2ZyB3aWR0aD0iMSIgaGVpZ2h0PSIxIiB4bWxucz0iaHR0cDovL3d3dy53My5vcmcvMjAwMC9zdmciPjwvc3ZnPg==\" style=\"--smush-placeholder-width: 2048px; --smush-placeholder-aspect-ratio: 2048\/1363;\" \/><\/a> <a href=\"https:\/\/ubanews.com\/site\/wp-content\/uploads\/2022\/07\/DSC5012.jpg\"><img decoding=\"async\" class=\"aligncenter size-full wp-image-21331 lazyload\" data-src=\"https:\/\/ubanews.com\/site\/wp-content\/uploads\/2022\/07\/DSC5012.jpg\" alt=\"\" width=\"1363\" height=\"2048\" data-srcset=\"https:\/\/ubanews.com\/site\/wp-content\/uploads\/2022\/07\/DSC5012.jpg 1363w, https:\/\/ubanews.com\/site\/wp-content\/uploads\/2022\/07\/DSC5012-200x300.jpg 200w, https:\/\/ubanews.com\/site\/wp-content\/uploads\/2022\/07\/DSC5012-682x1024.jpg 682w, https:\/\/ubanews.com\/site\/wp-content\/uploads\/2022\/07\/DSC5012-768x1154.jpg 768w, https:\/\/ubanews.com\/site\/wp-content\/uploads\/2022\/07\/DSC5012-1022x1536.jpg 1022w\" data-sizes=\"(max-width: 1363px) 100vw, 1363px\" src=\"data:image\/svg+xml;base64,PHN2ZyB3aWR0aD0iMSIgaGVpZ2h0PSIxIiB4bWxucz0iaHR0cDovL3d3dy53My5vcmcvMjAwMC9zdmciPjwvc3ZnPg==\" style=\"--smush-placeholder-width: 1363px; --smush-placeholder-aspect-ratio: 1363\/2048;\" \/><\/a> <a href=\"https:\/\/ubanews.com\/site\/wp-content\/uploads\/2022\/07\/DSC5079.jpg\"><img decoding=\"async\" class=\"aligncenter size-full wp-image-21332 lazyload\" data-src=\"https:\/\/ubanews.com\/site\/wp-content\/uploads\/2022\/07\/DSC5079.jpg\" alt=\"\" width=\"1363\" height=\"2048\" data-srcset=\"https:\/\/ubanews.com\/site\/wp-content\/uploads\/2022\/07\/DSC5079.jpg 1363w, https:\/\/ubanews.com\/site\/wp-content\/uploads\/2022\/07\/DSC5079-200x300.jpg 200w, https:\/\/ubanews.com\/site\/wp-content\/uploads\/2022\/07\/DSC5079-682x1024.jpg 682w, https:\/\/ubanews.com\/site\/wp-content\/uploads\/2022\/07\/DSC5079-768x1154.jpg 768w, https:\/\/ubanews.com\/site\/wp-content\/uploads\/2022\/07\/DSC5079-1022x1536.jpg 1022w\" data-sizes=\"(max-width: 1363px) 100vw, 1363px\" src=\"data:image\/svg+xml;base64,PHN2ZyB3aWR0aD0iMSIgaGVpZ2h0PSIxIiB4bWxucz0iaHR0cDovL3d3dy53My5vcmcvMjAwMC9zdmciPjwvc3ZnPg==\" style=\"--smush-placeholder-width: 1363px; --smush-placeholder-aspect-ratio: 1363\/2048;\" \/><\/a> <a href=\"https:\/\/ubanews.com\/site\/wp-content\/uploads\/2022\/07\/DSC5117.jpg\"><img decoding=\"async\" class=\"aligncenter size-full wp-image-21333 lazyload\" data-src=\"https:\/\/ubanews.com\/site\/wp-content\/uploads\/2022\/07\/DSC5117.jpg\" alt=\"\" width=\"2048\" height=\"1363\" data-srcset=\"https:\/\/ubanews.com\/site\/wp-content\/uploads\/2022\/07\/DSC5117.jpg 2048w, https:\/\/ubanews.com\/site\/wp-content\/uploads\/2022\/07\/DSC5117-300x200.jpg 300w, https:\/\/ubanews.com\/site\/wp-content\/uploads\/2022\/07\/DSC5117-1024x682.jpg 1024w, https:\/\/ubanews.com\/site\/wp-content\/uploads\/2022\/07\/DSC5117-768x511.jpg 768w, https:\/\/ubanews.com\/site\/wp-content\/uploads\/2022\/07\/DSC5117-1536x1022.jpg 1536w, https:\/\/ubanews.com\/site\/wp-content\/uploads\/2022\/07\/DSC5117-120x80.jpg 120w\" data-sizes=\"(max-width: 2048px) 100vw, 2048px\" src=\"data:image\/svg+xml;base64,PHN2ZyB3aWR0aD0iMSIgaGVpZ2h0PSIxIiB4bWxucz0iaHR0cDovL3d3dy53My5vcmcvMjAwMC9zdmciPjwvc3ZnPg==\" style=\"--smush-placeholder-width: 2048px; --smush-placeholder-aspect-ratio: 2048\/1363;\" \/><\/a><\/p>\n","protected":false},"excerpt":{"rendered":"<p>CT ARENA FIGHT CENTRO DE TREINAMENTO DE ARTES MARCIAIS Neste<\/p>\n","protected":false},"author":2,"featured_media":21334,"comment_status":"open","ping_status":"open","sticky":false,"template":"","format":"standard","meta":{"footnotes":""},"categories":[20,3],"tags":[],"class_list":["post-21324","post","type-post","status-publish","format-standard","has-post-thumbnail","hentry","category-esporte","category-slide"],"yoast_head":"<!-- This site is optimized with the Yoast SEO plugin v27.2 - https:\/\/yoast.com\/product\/yoast-seo-wordpress\/ -->\n<title>NOVO CENTRO DE TREINAMENTO DE LUTAS E ARTES MARCIAIS DE ALTO PADR\u00c3O \u00c9 INAUGURADO EM UB\u00c1 - Ub\u00e1 News<\/title>\n<meta name=\"robots\" content=\"index, follow, max-snippet:-1, max-image-preview:large, max-video-preview:-1\" \/>\n<link rel=\"canonical\" href=\"https:\/\/ubanews.com\/site\/2022\/07\/28\/novo-centro-de-treinamento-de-lutas-e-artes-marciais-de-alto-padrao-e-inaugurado-em-uba\/\" \/>\n<meta property=\"og:locale\" content=\"pt_BR\" \/>\n<meta property=\"og:type\" content=\"article\" \/>\n<meta property=\"og:title\" content=\"NOVO CENTRO DE TREINAMENTO DE LUTAS E ARTES MARCIAIS DE ALTO PADR\u00c3O \u00c9 INAUGURADO EM UB\u00c1 - Ub\u00e1 News\" \/>\n<meta property=\"og:description\" content=\"CT ARENA FIGHT CENTRO DE TREINAMENTO DE ARTES MARCIAIS Neste\" \/>\n<meta property=\"og:url\" content=\"https:\/\/ubanews.com\/site\/2022\/07\/28\/novo-centro-de-treinamento-de-lutas-e-artes-marciais-de-alto-padrao-e-inaugurado-em-uba\/\" \/>\n<meta property=\"og:site_name\" content=\"Ub\u00e1 News\" \/>\n<meta property=\"article:publisher\" content=\"https:\/\/www.facebook.com\/Ub%c3%a1News-Carlos-Roberto-Sodr%c3%a9-418778301977370\" \/>\n<meta property=\"article:author\" content=\"https:\/\/www.facebook.com\/carosroberto.sodre.5\/\" \/>\n<meta property=\"article:published_time\" content=\"2022-07-28T13:00:53+00:00\" \/>\n<meta property=\"article:modified_time\" content=\"2022-07-28T18:33:56+00:00\" \/>\n<meta property=\"og:image\" content=\"https:\/\/ubanews.com\/site\/wp-content\/uploads\/2022\/07\/DSC4314aa.jpg\" \/>\n\t<meta property=\"og:image:width\" content=\"1000\" \/>\n\t<meta property=\"og:image:height\" content=\"500\" \/>\n\t<meta property=\"og:image:type\" content=\"image\/jpeg\" \/>\n<meta name=\"author\" content=\"Sodr\u00e9\" \/>\n<meta name=\"twitter:card\" content=\"summary_large_image\" \/>\n<meta name=\"twitter:label1\" content=\"Escrito por\" \/>\n\t<meta name=\"twitter:data1\" content=\"Sodr\u00e9\" \/>\n\t<meta name=\"twitter:label2\" content=\"Est. tempo de leitura\" \/>\n\t<meta name=\"twitter:data2\" content=\"4 minutos\" \/>\n<script type=\"application\/ld+json\" class=\"yoast-schema-graph\">{\"@context\":\"https:\/\/schema.org\",\"@graph\":[{\"@type\":\"Article\",\"@id\":\"https:\/\/ubanews.com\/site\/2022\/07\/28\/novo-centro-de-treinamento-de-lutas-e-artes-marciais-de-alto-padrao-e-inaugurado-em-uba\/#article\",\"isPartOf\":{\"@id\":\"https:\/\/ubanews.com\/site\/2022\/07\/28\/novo-centro-de-treinamento-de-lutas-e-artes-marciais-de-alto-padrao-e-inaugurado-em-uba\/\"},\"author\":{\"name\":\"Sodr\u00e9\",\"@id\":\"https:\/\/ubanews.com\/site\/#\/schema\/person\/d90c9e47252fbb63dcc969fe4c8b9d10\"},\"headline\":\"NOVO CENTRO DE TREINAMENTO DE LUTAS E ARTES MARCIAIS DE ALTO PADR\u00c3O \u00c9 INAUGURADO EM UB\u00c1\",\"datePublished\":\"2022-07-28T13:00:53+00:00\",\"dateModified\":\"2022-07-28T18:33:56+00:00\",\"mainEntityOfPage\":{\"@id\":\"https:\/\/ubanews.com\/site\/2022\/07\/28\/novo-centro-de-treinamento-de-lutas-e-artes-marciais-de-alto-padrao-e-inaugurado-em-uba\/\"},\"wordCount\":496,\"commentCount\":0,\"publisher\":{\"@id\":\"https:\/\/ubanews.com\/site\/#organization\"},\"image\":{\"@id\":\"https:\/\/ubanews.com\/site\/2022\/07\/28\/novo-centro-de-treinamento-de-lutas-e-artes-marciais-de-alto-padrao-e-inaugurado-em-uba\/#primaryimage\"},\"thumbnailUrl\":\"https:\/\/ubanews.com\/site\/wp-content\/uploads\/2022\/07\/DSC4314aa.jpg\",\"articleSection\":[\"Esporte\",\"Slide\"],\"inLanguage\":\"pt-BR\",\"potentialAction\":[{\"@type\":\"CommentAction\",\"name\":\"Comment\",\"target\":[\"https:\/\/ubanews.com\/site\/2022\/07\/28\/novo-centro-de-treinamento-de-lutas-e-artes-marciais-de-alto-padrao-e-inaugurado-em-uba\/#respond\"]}]},{\"@type\":\"WebPage\",\"@id\":\"https:\/\/ubanews.com\/site\/2022\/07\/28\/novo-centro-de-treinamento-de-lutas-e-artes-marciais-de-alto-padrao-e-inaugurado-em-uba\/\",\"url\":\"https:\/\/ubanews.com\/site\/2022\/07\/28\/novo-centro-de-treinamento-de-lutas-e-artes-marciais-de-alto-padrao-e-inaugurado-em-uba\/\",\"name\":\"NOVO CENTRO DE TREINAMENTO DE LUTAS E ARTES MARCIAIS DE ALTO PADR\u00c3O \u00c9 INAUGURADO EM UB\u00c1 - Ub\u00e1 News\",\"isPartOf\":{\"@id\":\"https:\/\/ubanews.com\/site\/#website\"},\"primaryImageOfPage\":{\"@id\":\"https:\/\/ubanews.com\/site\/2022\/07\/28\/novo-centro-de-treinamento-de-lutas-e-artes-marciais-de-alto-padrao-e-inaugurado-em-uba\/#primaryimage\"},\"image\":{\"@id\":\"https:\/\/ubanews.com\/site\/2022\/07\/28\/novo-centro-de-treinamento-de-lutas-e-artes-marciais-de-alto-padrao-e-inaugurado-em-uba\/#primaryimage\"},\"thumbnailUrl\":\"https:\/\/ubanews.com\/site\/wp-content\/uploads\/2022\/07\/DSC4314aa.jpg\",\"datePublished\":\"2022-07-28T13:00:53+00:00\",\"dateModified\":\"2022-07-28T18:33:56+00:00\",\"breadcrumb\":{\"@id\":\"https:\/\/ubanews.com\/site\/2022\/07\/28\/novo-centro-de-treinamento-de-lutas-e-artes-marciais-de-alto-padrao-e-inaugurado-em-uba\/#breadcrumb\"},\"inLanguage\":\"pt-BR\",\"potentialAction\":[{\"@type\":\"ReadAction\",\"target\":[\"https:\/\/ubanews.com\/site\/2022\/07\/28\/novo-centro-de-treinamento-de-lutas-e-artes-marciais-de-alto-padrao-e-inaugurado-em-uba\/\"]}]},{\"@type\":\"ImageObject\",\"inLanguage\":\"pt-BR\",\"@id\":\"https:\/\/ubanews.com\/site\/2022\/07\/28\/novo-centro-de-treinamento-de-lutas-e-artes-marciais-de-alto-padrao-e-inaugurado-em-uba\/#primaryimage\",\"url\":\"https:\/\/ubanews.com\/site\/wp-content\/uploads\/2022\/07\/DSC4314aa.jpg\",\"contentUrl\":\"https:\/\/ubanews.com\/site\/wp-content\/uploads\/2022\/07\/DSC4314aa.jpg\",\"width\":1000,\"height\":500},{\"@type\":\"BreadcrumbList\",\"@id\":\"https:\/\/ubanews.com\/site\/2022\/07\/28\/novo-centro-de-treinamento-de-lutas-e-artes-marciais-de-alto-padrao-e-inaugurado-em-uba\/#breadcrumb\",\"itemListElement\":[{\"@type\":\"ListItem\",\"position\":1,\"name\":\"Home\",\"item\":\"https:\/\/ubanews.com\/site\/\"},{\"@type\":\"ListItem\",\"position\":2,\"name\":\"NOVO CENTRO DE TREINAMENTO DE LUTAS E ARTES MARCIAIS DE ALTO PADR\u00c3O \u00c9 INAUGURADO EM UB\u00c1\"}]},{\"@type\":\"WebSite\",\"@id\":\"https:\/\/ubanews.com\/site\/#website\",\"url\":\"https:\/\/ubanews.com\/site\/\",\"name\":\"Ub\u00e1 News\",\"description\":\"\",\"publisher\":{\"@id\":\"https:\/\/ubanews.com\/site\/#organization\"},\"potentialAction\":[{\"@type\":\"SearchAction\",\"target\":{\"@type\":\"EntryPoint\",\"urlTemplate\":\"https:\/\/ubanews.com\/site\/?s={search_term_string}\"},\"query-input\":{\"@type\":\"PropertyValueSpecification\",\"valueRequired\":true,\"valueName\":\"search_term_string\"}}],\"inLanguage\":\"pt-BR\"},{\"@type\":\"Organization\",\"@id\":\"https:\/\/ubanews.com\/site\/#organization\",\"name\":\"Ub\u00e1 News\",\"url\":\"https:\/\/ubanews.com\/site\/\",\"logo\":{\"@type\":\"ImageObject\",\"inLanguage\":\"pt-BR\",\"@id\":\"https:\/\/ubanews.com\/site\/#\/schema\/logo\/image\/\",\"url\":\"https:\/\/ubanews.com\/site\/wp-content\/uploads\/2018\/01\/logoubanews.png\",\"contentUrl\":\"https:\/\/ubanews.com\/site\/wp-content\/uploads\/2018\/01\/logoubanews.png\",\"width\":261,\"height\":99,\"caption\":\"Ub\u00e1 News\"},\"image\":{\"@id\":\"https:\/\/ubanews.com\/site\/#\/schema\/logo\/image\/\"},\"sameAs\":[\"https:\/\/www.facebook.com\/Ub\u00e1News-Carlos-Roberto-Sodr\u00e9-418778301977370\"]},{\"@type\":\"Person\",\"@id\":\"https:\/\/ubanews.com\/site\/#\/schema\/person\/d90c9e47252fbb63dcc969fe4c8b9d10\",\"name\":\"Sodr\u00e9\",\"image\":{\"@type\":\"ImageObject\",\"inLanguage\":\"pt-BR\",\"@id\":\"https:\/\/secure.gravatar.com\/avatar\/5ba2793f0590b9dbfad3fdec4ee714485b3eef211c9b32ee53d414060454a56c?s=96&d=mm&r=g\",\"url\":\"https:\/\/secure.gravatar.com\/avatar\/5ba2793f0590b9dbfad3fdec4ee714485b3eef211c9b32ee53d414060454a56c?s=96&d=mm&r=g\",\"contentUrl\":\"https:\/\/secure.gravatar.com\/avatar\/5ba2793f0590b9dbfad3fdec4ee714485b3eef211c9b32ee53d414060454a56c?s=96&d=mm&r=g\",\"caption\":\"Sodr\u00e9\"},\"sameAs\":[\"https:\/\/www.facebook.com\/carosroberto.sodre.5\/\"],\"url\":\"https:\/\/ubanews.com\/site\/author\/felipe\/\"}]}<\/script>\n<!-- \/ Yoast SEO plugin. -->","yoast_head_json":{"title":"NOVO CENTRO DE TREINAMENTO DE LUTAS E ARTES MARCIAIS DE ALTO PADR\u00c3O \u00c9 INAUGURADO EM UB\u00c1 - Ub\u00e1 News","robots":{"index":"index","follow":"follow","max-snippet":"max-snippet:-1","max-image-preview":"max-image-preview:large","max-video-preview":"max-video-preview:-1"},"canonical":"https:\/\/ubanews.com\/site\/2022\/07\/28\/novo-centro-de-treinamento-de-lutas-e-artes-marciais-de-alto-padrao-e-inaugurado-em-uba\/","og_locale":"pt_BR","og_type":"article","og_title":"NOVO CENTRO DE TREINAMENTO DE LUTAS E ARTES MARCIAIS DE ALTO PADR\u00c3O \u00c9 INAUGURADO EM UB\u00c1 - Ub\u00e1 News","og_description":"CT ARENA FIGHT CENTRO DE TREINAMENTO DE ARTES MARCIAIS Neste","og_url":"https:\/\/ubanews.com\/site\/2022\/07\/28\/novo-centro-de-treinamento-de-lutas-e-artes-marciais-de-alto-padrao-e-inaugurado-em-uba\/","og_site_name":"Ub\u00e1 News","article_publisher":"https:\/\/www.facebook.com\/Ub%c3%a1News-Carlos-Roberto-Sodr%c3%a9-418778301977370","article_author":"https:\/\/www.facebook.com\/carosroberto.sodre.5\/","article_published_time":"2022-07-28T13:00:53+00:00","article_modified_time":"2022-07-28T18:33:56+00:00","og_image":[{"width":1000,"height":500,"url":"https:\/\/ubanews.com\/site\/wp-content\/uploads\/2022\/07\/DSC4314aa.jpg","type":"image\/jpeg"}],"author":"Sodr\u00e9","twitter_card":"summary_large_image","twitter_misc":{"Escrito por":"Sodr\u00e9","Est. tempo de leitura":"4 minutos"},"schema":{"@context":"https:\/\/schema.org","@graph":[{"@type":"Article","@id":"https:\/\/ubanews.com\/site\/2022\/07\/28\/novo-centro-de-treinamento-de-lutas-e-artes-marciais-de-alto-padrao-e-inaugurado-em-uba\/#article","isPartOf":{"@id":"https:\/\/ubanews.com\/site\/2022\/07\/28\/novo-centro-de-treinamento-de-lutas-e-artes-marciais-de-alto-padrao-e-inaugurado-em-uba\/"},"author":{"name":"Sodr\u00e9","@id":"https:\/\/ubanews.com\/site\/#\/schema\/person\/d90c9e47252fbb63dcc969fe4c8b9d10"},"headline":"NOVO CENTRO DE TREINAMENTO DE LUTAS E ARTES MARCIAIS DE ALTO PADR\u00c3O \u00c9 INAUGURADO EM UB\u00c1","datePublished":"2022-07-28T13:00:53+00:00","dateModified":"2022-07-28T18:33:56+00:00","mainEntityOfPage":{"@id":"https:\/\/ubanews.com\/site\/2022\/07\/28\/novo-centro-de-treinamento-de-lutas-e-artes-marciais-de-alto-padrao-e-inaugurado-em-uba\/"},"wordCount":496,"commentCount":0,"publisher":{"@id":"https:\/\/ubanews.com\/site\/#organization"},"image":{"@id":"https:\/\/ubanews.com\/site\/2022\/07\/28\/novo-centro-de-treinamento-de-lutas-e-artes-marciais-de-alto-padrao-e-inaugurado-em-uba\/#primaryimage"},"thumbnailUrl":"https:\/\/ubanews.com\/site\/wp-content\/uploads\/2022\/07\/DSC4314aa.jpg","articleSection":["Esporte","Slide"],"inLanguage":"pt-BR","potentialAction":[{"@type":"CommentAction","name":"Comment","target":["https:\/\/ubanews.com\/site\/2022\/07\/28\/novo-centro-de-treinamento-de-lutas-e-artes-marciais-de-alto-padrao-e-inaugurado-em-uba\/#respond"]}]},{"@type":"WebPage","@id":"https:\/\/ubanews.com\/site\/2022\/07\/28\/novo-centro-de-treinamento-de-lutas-e-artes-marciais-de-alto-padrao-e-inaugurado-em-uba\/","url":"https:\/\/ubanews.com\/site\/2022\/07\/28\/novo-centro-de-treinamento-de-lutas-e-artes-marciais-de-alto-padrao-e-inaugurado-em-uba\/","name":"NOVO CENTRO DE TREINAMENTO DE LUTAS E ARTES MARCIAIS DE ALTO PADR\u00c3O \u00c9 INAUGURADO EM UB\u00c1 - Ub\u00e1 News","isPartOf":{"@id":"https:\/\/ubanews.com\/site\/#website"},"primaryImageOfPage":{"@id":"https:\/\/ubanews.com\/site\/2022\/07\/28\/novo-centro-de-treinamento-de-lutas-e-artes-marciais-de-alto-padrao-e-inaugurado-em-uba\/#primaryimage"},"image":{"@id":"https:\/\/ubanews.com\/site\/2022\/07\/28\/novo-centro-de-treinamento-de-lutas-e-artes-marciais-de-alto-padrao-e-inaugurado-em-uba\/#primaryimage"},"thumbnailUrl":"https:\/\/ubanews.com\/site\/wp-content\/uploads\/2022\/07\/DSC4314aa.jpg","datePublished":"2022-07-28T13:00:53+00:00","dateModified":"2022-07-28T18:33:56+00:00","breadcrumb":{"@id":"https:\/\/ubanews.com\/site\/2022\/07\/28\/novo-centro-de-treinamento-de-lutas-e-artes-marciais-de-alto-padrao-e-inaugurado-em-uba\/#breadcrumb"},"inLanguage":"pt-BR","potentialAction":[{"@type":"ReadAction","target":["https:\/\/ubanews.com\/site\/2022\/07\/28\/novo-centro-de-treinamento-de-lutas-e-artes-marciais-de-alto-padrao-e-inaugurado-em-uba\/"]}]},{"@type":"ImageObject","inLanguage":"pt-BR","@id":"https:\/\/ubanews.com\/site\/2022\/07\/28\/novo-centro-de-treinamento-de-lutas-e-artes-marciais-de-alto-padrao-e-inaugurado-em-uba\/#primaryimage","url":"https:\/\/ubanews.com\/site\/wp-content\/uploads\/2022\/07\/DSC4314aa.jpg","contentUrl":"https:\/\/ubanews.com\/site\/wp-content\/uploads\/2022\/07\/DSC4314aa.jpg","width":1000,"height":500},{"@type":"BreadcrumbList","@id":"https:\/\/ubanews.com\/site\/2022\/07\/28\/novo-centro-de-treinamento-de-lutas-e-artes-marciais-de-alto-padrao-e-inaugurado-em-uba\/#breadcrumb","itemListElement":[{"@type":"ListItem","position":1,"name":"Home","item":"https:\/\/ubanews.com\/site\/"},{"@type":"ListItem","position":2,"name":"NOVO CENTRO DE TREINAMENTO DE LUTAS E ARTES MARCIAIS DE ALTO PADR\u00c3O \u00c9 INAUGURADO EM UB\u00c1"}]},{"@type":"WebSite","@id":"https:\/\/ubanews.com\/site\/#website","url":"https:\/\/ubanews.com\/site\/","name":"Ub\u00e1 News","description":"","publisher":{"@id":"https:\/\/ubanews.com\/site\/#organization"},"potentialAction":[{"@type":"SearchAction","target":{"@type":"EntryPoint","urlTemplate":"https:\/\/ubanews.com\/site\/?s={search_term_string}"},"query-input":{"@type":"PropertyValueSpecification","valueRequired":true,"valueName":"search_term_string"}}],"inLanguage":"pt-BR"},{"@type":"Organization","@id":"https:\/\/ubanews.com\/site\/#organization","name":"Ub\u00e1 News","url":"https:\/\/ubanews.com\/site\/","logo":{"@type":"ImageObject","inLanguage":"pt-BR","@id":"https:\/\/ubanews.com\/site\/#\/schema\/logo\/image\/","url":"https:\/\/ubanews.com\/site\/wp-content\/uploads\/2018\/01\/logoubanews.png","contentUrl":"https:\/\/ubanews.com\/site\/wp-content\/uploads\/2018\/01\/logoubanews.png","width":261,"height":99,"caption":"Ub\u00e1 News"},"image":{"@id":"https:\/\/ubanews.com\/site\/#\/schema\/logo\/image\/"},"sameAs":["https:\/\/www.facebook.com\/Ub\u00e1News-Carlos-Roberto-Sodr\u00e9-418778301977370"]},{"@type":"Person","@id":"https:\/\/ubanews.com\/site\/#\/schema\/person\/d90c9e47252fbb63dcc969fe4c8b9d10","name":"Sodr\u00e9","image":{"@type":"ImageObject","inLanguage":"pt-BR","@id":"https:\/\/secure.gravatar.com\/avatar\/5ba2793f0590b9dbfad3fdec4ee714485b3eef211c9b32ee53d414060454a56c?s=96&d=mm&r=g","url":"https:\/\/secure.gravatar.com\/avatar\/5ba2793f0590b9dbfad3fdec4ee714485b3eef211c9b32ee53d414060454a56c?s=96&d=mm&r=g","contentUrl":"https:\/\/secure.gravatar.com\/avatar\/5ba2793f0590b9dbfad3fdec4ee714485b3eef211c9b32ee53d414060454a56c?s=96&d=mm&r=g","caption":"Sodr\u00e9"},"sameAs":["https:\/\/www.facebook.com\/carosroberto.sodre.5\/"],"url":"https:\/\/ubanews.com\/site\/author\/felipe\/"}]}},"_links":{"self":[{"href":"https:\/\/ubanews.com\/site\/wp-json\/wp\/v2\/posts\/21324","targetHints":{"allow":["GET"]}}],"collection":[{"href":"https:\/\/ubanews.com\/site\/wp-json\/wp\/v2\/posts"}],"about":[{"href":"https:\/\/ubanews.com\/site\/wp-json\/wp\/v2\/types\/post"}],"author":[{"embeddable":true,"href":"https:\/\/ubanews.com\/site\/wp-json\/wp\/v2\/users\/2"}],"replies":[{"embeddable":true,"href":"https:\/\/ubanews.com\/site\/wp-json\/wp\/v2\/comments?post=21324"}],"version-history":[{"count":0,"href":"https:\/\/ubanews.com\/site\/wp-json\/wp\/v2\/posts\/21324\/revisions"}],"wp:featuredmedia":[{"embeddable":true,"href":"https:\/\/ubanews.com\/site\/wp-json\/wp\/v2\/media\/21334"}],"wp:attachment":[{"href":"https:\/\/ubanews.com\/site\/wp-json\/wp\/v2\/media?parent=21324"}],"wp:term":[{"taxonomy":"category","embeddable":true,"href":"https:\/\/ubanews.com\/site\/wp-json\/wp\/v2\/categories?post=21324"},{"taxonomy":"post_tag","embeddable":true,"href":"https:\/\/ubanews.com\/site\/wp-json\/wp\/v2\/tags?post=21324"}],"curies":[{"name":"wp","href":"https:\/\/api.w.org\/{rel}","templated":true}]}}