{"id":21319,"date":"2022-07-26T15:00:52","date_gmt":"2022-07-26T18:00:52","guid":{"rendered":"http:\/\/ubanews.com\/site\/?p=21319"},"modified":"2022-07-27T11:17:06","modified_gmt":"2022-07-27T14:17:06","slug":"procon-uba-tem-novo-telefone-para-atendimento","status":"publish","type":"post","link":"https:\/\/ubanews.com\/site\/2022\/07\/26\/procon-uba-tem-novo-telefone-para-atendimento\/","title":{"rendered":"Procon\/Ub\u00e1 tem novo telefone para atendimento"},"content":{"rendered":"<p style=\"font-weight: 400;\">O Procon\/Ub\u00e1 agora tem um novo n\u00famero de telefone. A partir desta ter\u00e7a-feira (26), os consumidores dever\u00e3o agendar o atendimento presencial na unidade atrav\u00e9s do telefone (32) 3301-6191, de segunda a sexta-feira, no hor\u00e1rio de 11h \u00e0s 17h.&nbsp;O Procon\/Ub\u00e1 funciona na Rua Dr. \u00c2ngelo Barleta, n\u00ba 98, Centro.<\/p>\n<p style=\"font-weight: 400;\">Pedimos o apoio de todos na divulga\u00e7\u00e3o desta informa\u00e7\u00e3o de grande interesse p\u00fablico.<\/p>\n<p><a href=\"https:\/\/ubanews.com\/site\/wp-content\/uploads\/2022\/07\/WhatsApp-Image-2022-07-26-at-13.32.12.jpeg\"><img decoding=\"async\" class=\"aligncenter size-full wp-image-21320 lazyload\" data-src=\"https:\/\/ubanews.com\/site\/wp-content\/uploads\/2022\/07\/WhatsApp-Image-2022-07-26-at-13.32.12.jpeg\" alt=\"\" width=\"1280\" height=\"1277\" data-srcset=\"https:\/\/ubanews.com\/site\/wp-content\/uploads\/2022\/07\/WhatsApp-Image-2022-07-26-at-13.32.12.jpeg 1280w, https:\/\/ubanews.com\/site\/wp-content\/uploads\/2022\/07\/WhatsApp-Image-2022-07-26-at-13.32.12-300x300.jpeg 300w, https:\/\/ubanews.com\/site\/wp-content\/uploads\/2022\/07\/WhatsApp-Image-2022-07-26-at-13.32.12-1024x1022.jpeg 1024w, https:\/\/ubanews.com\/site\/wp-content\/uploads\/2022\/07\/WhatsApp-Image-2022-07-26-at-13.32.12-150x150.jpeg 150w, https:\/\/ubanews.com\/site\/wp-content\/uploads\/2022\/07\/WhatsApp-Image-2022-07-26-at-13.32.12-768x766.jpeg 768w\" data-sizes=\"(max-width: 1280px) 100vw, 1280px\" src=\"data:image\/svg+xml;base64,PHN2ZyB3aWR0aD0iMSIgaGVpZ2h0PSIxIiB4bWxucz0iaHR0cDovL3d3dy53My5vcmcvMjAwMC9zdmciPjwvc3ZnPg==\" style=\"--smush-placeholder-width: 1280px; --smush-placeholder-aspect-ratio: 1280\/1277;\" \/><\/a><\/p>\n<p style=\"font-weight: 400;\">Assessoria de Comunica\u00e7\u00e3o<br \/>\nPrefeitura de Ub\u00e1<\/p>\n","protected":false},"excerpt":{"rendered":"<p>O Procon\/Ub\u00e1 agora tem um novo n\u00famero de telefone. A<\/p>\n","protected":false},"author":2,"featured_media":21321,"comment_status":"open","ping_status":"open","sticky":false,"template":"","format":"standard","meta":{"footnotes":""},"categories":[15,3],"tags":[],"class_list":["post-21319","post","type-post","status-publish","format-standard","has-post-thumbnail","hentry","category-prefeitura-municipal","category-slide"],"yoast_head":"<!-- This site is optimized with the Yoast SEO plugin v27.2 - https:\/\/yoast.com\/product\/yoast-seo-wordpress\/ -->\n<title>Procon\/Ub\u00e1 tem novo telefone para atendimento - Ub\u00e1 News<\/title>\n<meta name=\"robots\" content=\"index, follow, max-snippet:-1, max-image-preview:large, max-video-preview:-1\" \/>\n<link rel=\"canonical\" href=\"https:\/\/ubanews.com\/site\/2022\/07\/26\/procon-uba-tem-novo-telefone-para-atendimento\/\" \/>\n<meta property=\"og:locale\" content=\"pt_BR\" \/>\n<meta property=\"og:type\" content=\"article\" \/>\n<meta property=\"og:title\" content=\"Procon\/Ub\u00e1 tem novo telefone para atendimento - Ub\u00e1 News\" \/>\n<meta property=\"og:description\" content=\"O Procon\/Ub\u00e1 agora tem um novo n\u00famero de telefone. A\" \/>\n<meta property=\"og:url\" content=\"https:\/\/ubanews.com\/site\/2022\/07\/26\/procon-uba-tem-novo-telefone-para-atendimento\/\" \/>\n<meta property=\"og:site_name\" content=\"Ub\u00e1 News\" \/>\n<meta property=\"article:publisher\" content=\"https:\/\/www.facebook.com\/Ub%c3%a1News-Carlos-Roberto-Sodr%c3%a9-418778301977370\" \/>\n<meta property=\"article:author\" content=\"https:\/\/www.facebook.com\/carosroberto.sodre.5\/\" \/>\n<meta property=\"article:published_time\" content=\"2022-07-26T18:00:52+00:00\" \/>\n<meta property=\"article:modified_time\" content=\"2022-07-27T14:17:06+00:00\" \/>\n<meta property=\"og:image\" content=\"https:\/\/ubanews.com\/site\/wp-content\/uploads\/2022\/07\/WhatsApp-Image-2022-07-26-at-13.32.12-1-scaled.jpeg\" \/>\n\t<meta property=\"og:image:width\" content=\"2560\" \/>\n\t<meta property=\"og:image:height\" content=\"1707\" \/>\n\t<meta property=\"og:image:type\" content=\"image\/jpeg\" \/>\n<meta name=\"author\" content=\"Sodr\u00e9\" \/>\n<meta name=\"twitter:card\" content=\"summary_large_image\" \/>\n<meta name=\"twitter:label1\" content=\"Escrito por\" \/>\n\t<meta name=\"twitter:data1\" content=\"Sodr\u00e9\" \/>\n\t<meta name=\"twitter:label2\" content=\"Est. tempo de leitura\" \/>\n\t<meta name=\"twitter:data2\" content=\"1 minuto\" \/>\n<script type=\"application\/ld+json\" class=\"yoast-schema-graph\">{\"@context\":\"https:\/\/schema.org\",\"@graph\":[{\"@type\":\"Article\",\"@id\":\"https:\/\/ubanews.com\/site\/2022\/07\/26\/procon-uba-tem-novo-telefone-para-atendimento\/#article\",\"isPartOf\":{\"@id\":\"https:\/\/ubanews.com\/site\/2022\/07\/26\/procon-uba-tem-novo-telefone-para-atendimento\/\"},\"author\":{\"name\":\"Sodr\u00e9\",\"@id\":\"https:\/\/ubanews.com\/site\/#\/schema\/person\/d90c9e47252fbb63dcc969fe4c8b9d10\"},\"headline\":\"Procon\/Ub\u00e1 tem novo telefone para atendimento\",\"datePublished\":\"2022-07-26T18:00:52+00:00\",\"dateModified\":\"2022-07-27T14:17:06+00:00\",\"mainEntityOfPage\":{\"@id\":\"https:\/\/ubanews.com\/site\/2022\/07\/26\/procon-uba-tem-novo-telefone-para-atendimento\/\"},\"wordCount\":84,\"commentCount\":0,\"publisher\":{\"@id\":\"https:\/\/ubanews.com\/site\/#organization\"},\"image\":{\"@id\":\"https:\/\/ubanews.com\/site\/2022\/07\/26\/procon-uba-tem-novo-telefone-para-atendimento\/#primaryimage\"},\"thumbnailUrl\":\"https:\/\/ubanews.com\/site\/wp-content\/uploads\/2022\/07\/WhatsApp-Image-2022-07-26-at-13.32.12-1-scaled.jpeg\",\"articleSection\":[\"Prefeitura Municipal\",\"Slide\"],\"inLanguage\":\"pt-BR\",\"potentialAction\":[{\"@type\":\"CommentAction\",\"name\":\"Comment\",\"target\":[\"https:\/\/ubanews.com\/site\/2022\/07\/26\/procon-uba-tem-novo-telefone-para-atendimento\/#respond\"]}]},{\"@type\":\"WebPage\",\"@id\":\"https:\/\/ubanews.com\/site\/2022\/07\/26\/procon-uba-tem-novo-telefone-para-atendimento\/\",\"url\":\"https:\/\/ubanews.com\/site\/2022\/07\/26\/procon-uba-tem-novo-telefone-para-atendimento\/\",\"name\":\"Procon\/Ub\u00e1 tem novo telefone para atendimento - Ub\u00e1 News\",\"isPartOf\":{\"@id\":\"https:\/\/ubanews.com\/site\/#website\"},\"primaryImageOfPage\":{\"@id\":\"https:\/\/ubanews.com\/site\/2022\/07\/26\/procon-uba-tem-novo-telefone-para-atendimento\/#primaryimage\"},\"image\":{\"@id\":\"https:\/\/ubanews.com\/site\/2022\/07\/26\/procon-uba-tem-novo-telefone-para-atendimento\/#primaryimage\"},\"thumbnailUrl\":\"https:\/\/ubanews.com\/site\/wp-content\/uploads\/2022\/07\/WhatsApp-Image-2022-07-26-at-13.32.12-1-scaled.jpeg\",\"datePublished\":\"2022-07-26T18:00:52+00:00\",\"dateModified\":\"2022-07-27T14:17:06+00:00\",\"breadcrumb\":{\"@id\":\"https:\/\/ubanews.com\/site\/2022\/07\/26\/procon-uba-tem-novo-telefone-para-atendimento\/#breadcrumb\"},\"inLanguage\":\"pt-BR\",\"potentialAction\":[{\"@type\":\"ReadAction\",\"target\":[\"https:\/\/ubanews.com\/site\/2022\/07\/26\/procon-uba-tem-novo-telefone-para-atendimento\/\"]}]},{\"@type\":\"ImageObject\",\"inLanguage\":\"pt-BR\",\"@id\":\"https:\/\/ubanews.com\/site\/2022\/07\/26\/procon-uba-tem-novo-telefone-para-atendimento\/#primaryimage\",\"url\":\"https:\/\/ubanews.com\/site\/wp-content\/uploads\/2022\/07\/WhatsApp-Image-2022-07-26-at-13.32.12-1-scaled.jpeg\",\"contentUrl\":\"https:\/\/ubanews.com\/site\/wp-content\/uploads\/2022\/07\/WhatsApp-Image-2022-07-26-at-13.32.12-1-scaled.jpeg\",\"width\":2560,\"height\":1707},{\"@type\":\"BreadcrumbList\",\"@id\":\"https:\/\/ubanews.com\/site\/2022\/07\/26\/procon-uba-tem-novo-telefone-para-atendimento\/#breadcrumb\",\"itemListElement\":[{\"@type\":\"ListItem\",\"position\":1,\"name\":\"Home\",\"item\":\"https:\/\/ubanews.com\/site\/\"},{\"@type\":\"ListItem\",\"position\":2,\"name\":\"Procon\/Ub\u00e1 tem novo telefone para atendimento\"}]},{\"@type\":\"WebSite\",\"@id\":\"https:\/\/ubanews.com\/site\/#website\",\"url\":\"https:\/\/ubanews.com\/site\/\",\"name\":\"Ub\u00e1 News\",\"description\":\"\",\"publisher\":{\"@id\":\"https:\/\/ubanews.com\/site\/#organization\"},\"potentialAction\":[{\"@type\":\"SearchAction\",\"target\":{\"@type\":\"EntryPoint\",\"urlTemplate\":\"https:\/\/ubanews.com\/site\/?s={search_term_string}\"},\"query-input\":{\"@type\":\"PropertyValueSpecification\",\"valueRequired\":true,\"valueName\":\"search_term_string\"}}],\"inLanguage\":\"pt-BR\"},{\"@type\":\"Organization\",\"@id\":\"https:\/\/ubanews.com\/site\/#organization\",\"name\":\"Ub\u00e1 News\",\"url\":\"https:\/\/ubanews.com\/site\/\",\"logo\":{\"@type\":\"ImageObject\",\"inLanguage\":\"pt-BR\",\"@id\":\"https:\/\/ubanews.com\/site\/#\/schema\/logo\/image\/\",\"url\":\"https:\/\/ubanews.com\/site\/wp-content\/uploads\/2018\/01\/logoubanews.png\",\"contentUrl\":\"https:\/\/ubanews.com\/site\/wp-content\/uploads\/2018\/01\/logoubanews.png\",\"width\":261,\"height\":99,\"caption\":\"Ub\u00e1 News\"},\"image\":{\"@id\":\"https:\/\/ubanews.com\/site\/#\/schema\/logo\/image\/\"},\"sameAs\":[\"https:\/\/www.facebook.com\/Ub\u00e1News-Carlos-Roberto-Sodr\u00e9-418778301977370\"]},{\"@type\":\"Person\",\"@id\":\"https:\/\/ubanews.com\/site\/#\/schema\/person\/d90c9e47252fbb63dcc969fe4c8b9d10\",\"name\":\"Sodr\u00e9\",\"image\":{\"@type\":\"ImageObject\",\"inLanguage\":\"pt-BR\",\"@id\":\"https:\/\/secure.gravatar.com\/avatar\/5ba2793f0590b9dbfad3fdec4ee714485b3eef211c9b32ee53d414060454a56c?s=96&d=mm&r=g\",\"url\":\"https:\/\/secure.gravatar.com\/avatar\/5ba2793f0590b9dbfad3fdec4ee714485b3eef211c9b32ee53d414060454a56c?s=96&d=mm&r=g\",\"contentUrl\":\"https:\/\/secure.gravatar.com\/avatar\/5ba2793f0590b9dbfad3fdec4ee714485b3eef211c9b32ee53d414060454a56c?s=96&d=mm&r=g\",\"caption\":\"Sodr\u00e9\"},\"sameAs\":[\"https:\/\/www.facebook.com\/carosroberto.sodre.5\/\"],\"url\":\"https:\/\/ubanews.com\/site\/author\/felipe\/\"}]}<\/script>\n<!-- \/ Yoast SEO plugin. -->","yoast_head_json":{"title":"Procon\/Ub\u00e1 tem novo telefone para atendimento - Ub\u00e1 News","robots":{"index":"index","follow":"follow","max-snippet":"max-snippet:-1","max-image-preview":"max-image-preview:large","max-video-preview":"max-video-preview:-1"},"canonical":"https:\/\/ubanews.com\/site\/2022\/07\/26\/procon-uba-tem-novo-telefone-para-atendimento\/","og_locale":"pt_BR","og_type":"article","og_title":"Procon\/Ub\u00e1 tem novo telefone para atendimento - Ub\u00e1 News","og_description":"O Procon\/Ub\u00e1 agora tem um novo n\u00famero de telefone. A","og_url":"https:\/\/ubanews.com\/site\/2022\/07\/26\/procon-uba-tem-novo-telefone-para-atendimento\/","og_site_name":"Ub\u00e1 News","article_publisher":"https:\/\/www.facebook.com\/Ub%c3%a1News-Carlos-Roberto-Sodr%c3%a9-418778301977370","article_author":"https:\/\/www.facebook.com\/carosroberto.sodre.5\/","article_published_time":"2022-07-26T18:00:52+00:00","article_modified_time":"2022-07-27T14:17:06+00:00","og_image":[{"width":2560,"height":1707,"url":"https:\/\/ubanews.com\/site\/wp-content\/uploads\/2022\/07\/WhatsApp-Image-2022-07-26-at-13.32.12-1-scaled.jpeg","type":"image\/jpeg"}],"author":"Sodr\u00e9","twitter_card":"summary_large_image","twitter_misc":{"Escrito por":"Sodr\u00e9","Est. tempo de leitura":"1 minuto"},"schema":{"@context":"https:\/\/schema.org","@graph":[{"@type":"Article","@id":"https:\/\/ubanews.com\/site\/2022\/07\/26\/procon-uba-tem-novo-telefone-para-atendimento\/#article","isPartOf":{"@id":"https:\/\/ubanews.com\/site\/2022\/07\/26\/procon-uba-tem-novo-telefone-para-atendimento\/"},"author":{"name":"Sodr\u00e9","@id":"https:\/\/ubanews.com\/site\/#\/schema\/person\/d90c9e47252fbb63dcc969fe4c8b9d10"},"headline":"Procon\/Ub\u00e1 tem novo telefone para atendimento","datePublished":"2022-07-26T18:00:52+00:00","dateModified":"2022-07-27T14:17:06+00:00","mainEntityOfPage":{"@id":"https:\/\/ubanews.com\/site\/2022\/07\/26\/procon-uba-tem-novo-telefone-para-atendimento\/"},"wordCount":84,"commentCount":0,"publisher":{"@id":"https:\/\/ubanews.com\/site\/#organization"},"image":{"@id":"https:\/\/ubanews.com\/site\/2022\/07\/26\/procon-uba-tem-novo-telefone-para-atendimento\/#primaryimage"},"thumbnailUrl":"https:\/\/ubanews.com\/site\/wp-content\/uploads\/2022\/07\/WhatsApp-Image-2022-07-26-at-13.32.12-1-scaled.jpeg","articleSection":["Prefeitura Municipal","Slide"],"inLanguage":"pt-BR","potentialAction":[{"@type":"CommentAction","name":"Comment","target":["https:\/\/ubanews.com\/site\/2022\/07\/26\/procon-uba-tem-novo-telefone-para-atendimento\/#respond"]}]},{"@type":"WebPage","@id":"https:\/\/ubanews.com\/site\/2022\/07\/26\/procon-uba-tem-novo-telefone-para-atendimento\/","url":"https:\/\/ubanews.com\/site\/2022\/07\/26\/procon-uba-tem-novo-telefone-para-atendimento\/","name":"Procon\/Ub\u00e1 tem novo telefone para atendimento - Ub\u00e1 News","isPartOf":{"@id":"https:\/\/ubanews.com\/site\/#website"},"primaryImageOfPage":{"@id":"https:\/\/ubanews.com\/site\/2022\/07\/26\/procon-uba-tem-novo-telefone-para-atendimento\/#primaryimage"},"image":{"@id":"https:\/\/ubanews.com\/site\/2022\/07\/26\/procon-uba-tem-novo-telefone-para-atendimento\/#primaryimage"},"thumbnailUrl":"https:\/\/ubanews.com\/site\/wp-content\/uploads\/2022\/07\/WhatsApp-Image-2022-07-26-at-13.32.12-1-scaled.jpeg","datePublished":"2022-07-26T18:00:52+00:00","dateModified":"2022-07-27T14:17:06+00:00","breadcrumb":{"@id":"https:\/\/ubanews.com\/site\/2022\/07\/26\/procon-uba-tem-novo-telefone-para-atendimento\/#breadcrumb"},"inLanguage":"pt-BR","potentialAction":[{"@type":"ReadAction","target":["https:\/\/ubanews.com\/site\/2022\/07\/26\/procon-uba-tem-novo-telefone-para-atendimento\/"]}]},{"@type":"ImageObject","inLanguage":"pt-BR","@id":"https:\/\/ubanews.com\/site\/2022\/07\/26\/procon-uba-tem-novo-telefone-para-atendimento\/#primaryimage","url":"https:\/\/ubanews.com\/site\/wp-content\/uploads\/2022\/07\/WhatsApp-Image-2022-07-26-at-13.32.12-1-scaled.jpeg","contentUrl":"https:\/\/ubanews.com\/site\/wp-content\/uploads\/2022\/07\/WhatsApp-Image-2022-07-26-at-13.32.12-1-scaled.jpeg","width":2560,"height":1707},{"@type":"BreadcrumbList","@id":"https:\/\/ubanews.com\/site\/2022\/07\/26\/procon-uba-tem-novo-telefone-para-atendimento\/#breadcrumb","itemListElement":[{"@type":"ListItem","position":1,"name":"Home","item":"https:\/\/ubanews.com\/site\/"},{"@type":"ListItem","position":2,"name":"Procon\/Ub\u00e1 tem novo telefone para atendimento"}]},{"@type":"WebSite","@id":"https:\/\/ubanews.com\/site\/#website","url":"https:\/\/ubanews.com\/site\/","name":"Ub\u00e1 News","description":"","publisher":{"@id":"https:\/\/ubanews.com\/site\/#organization"},"potentialAction":[{"@type":"SearchAction","target":{"@type":"EntryPoint","urlTemplate":"https:\/\/ubanews.com\/site\/?s={search_term_string}"},"query-input":{"@type":"PropertyValueSpecification","valueRequired":true,"valueName":"search_term_string"}}],"inLanguage":"pt-BR"},{"@type":"Organization","@id":"https:\/\/ubanews.com\/site\/#organization","name":"Ub\u00e1 News","url":"https:\/\/ubanews.com\/site\/","logo":{"@type":"ImageObject","inLanguage":"pt-BR","@id":"https:\/\/ubanews.com\/site\/#\/schema\/logo\/image\/","url":"https:\/\/ubanews.com\/site\/wp-content\/uploads\/2018\/01\/logoubanews.png","contentUrl":"https:\/\/ubanews.com\/site\/wp-content\/uploads\/2018\/01\/logoubanews.png","width":261,"height":99,"caption":"Ub\u00e1 News"},"image":{"@id":"https:\/\/ubanews.com\/site\/#\/schema\/logo\/image\/"},"sameAs":["https:\/\/www.facebook.com\/Ub\u00e1News-Carlos-Roberto-Sodr\u00e9-418778301977370"]},{"@type":"Person","@id":"https:\/\/ubanews.com\/site\/#\/schema\/person\/d90c9e47252fbb63dcc969fe4c8b9d10","name":"Sodr\u00e9","image":{"@type":"ImageObject","inLanguage":"pt-BR","@id":"https:\/\/secure.gravatar.com\/avatar\/5ba2793f0590b9dbfad3fdec4ee714485b3eef211c9b32ee53d414060454a56c?s=96&d=mm&r=g","url":"https:\/\/secure.gravatar.com\/avatar\/5ba2793f0590b9dbfad3fdec4ee714485b3eef211c9b32ee53d414060454a56c?s=96&d=mm&r=g","contentUrl":"https:\/\/secure.gravatar.com\/avatar\/5ba2793f0590b9dbfad3fdec4ee714485b3eef211c9b32ee53d414060454a56c?s=96&d=mm&r=g","caption":"Sodr\u00e9"},"sameAs":["https:\/\/www.facebook.com\/carosroberto.sodre.5\/"],"url":"https:\/\/ubanews.com\/site\/author\/felipe\/"}]}},"_links":{"self":[{"href":"https:\/\/ubanews.com\/site\/wp-json\/wp\/v2\/posts\/21319","targetHints":{"allow":["GET"]}}],"collection":[{"href":"https:\/\/ubanews.com\/site\/wp-json\/wp\/v2\/posts"}],"about":[{"href":"https:\/\/ubanews.com\/site\/wp-json\/wp\/v2\/types\/post"}],"author":[{"embeddable":true,"href":"https:\/\/ubanews.com\/site\/wp-json\/wp\/v2\/users\/2"}],"replies":[{"embeddable":true,"href":"https:\/\/ubanews.com\/site\/wp-json\/wp\/v2\/comments?post=21319"}],"version-history":[{"count":0,"href":"https:\/\/ubanews.com\/site\/wp-json\/wp\/v2\/posts\/21319\/revisions"}],"wp:featuredmedia":[{"embeddable":true,"href":"https:\/\/ubanews.com\/site\/wp-json\/wp\/v2\/media\/21321"}],"wp:attachment":[{"href":"https:\/\/ubanews.com\/site\/wp-json\/wp\/v2\/media?parent=21319"}],"wp:term":[{"taxonomy":"category","embeddable":true,"href":"https:\/\/ubanews.com\/site\/wp-json\/wp\/v2\/categories?post=21319"},{"taxonomy":"post_tag","embeddable":true,"href":"https:\/\/ubanews.com\/site\/wp-json\/wp\/v2\/tags?post=21319"}],"curies":[{"name":"wp","href":"https:\/\/api.w.org\/{rel}","templated":true}]}}