{"id":21307,"date":"2022-06-24T14:50:34","date_gmt":"2022-06-24T17:50:34","guid":{"rendered":"http:\/\/ubanews.com\/site\/?p=21307"},"modified":"2022-07-22T17:12:46","modified_gmt":"2022-07-22T20:12:46","slug":"pcmg-conclui-investigacao-de-latrocinio-tentado-em-uba","status":"publish","type":"post","link":"https:\/\/ubanews.com\/site\/2022\/06\/24\/pcmg-conclui-investigacao-de-latrocinio-tentado-em-uba\/","title":{"rendered":"PCMG conclui investiga\u00e7\u00e3o de latroc\u00ednio tentado em Ub\u00e1"},"content":{"rendered":"<p>A Pol\u00edcia Civil de Minas Gerais (PCMG) concluiu as investiga\u00e7\u00f5es de latroc\u00ednio tentado, ocorrido no dia 11 de abril, na Rodovia LMG 850, Km 01, no munic\u00edpio de Ub\u00e1, na Zona da Mata mineira. Um suspeito, de 20 anos, foi indiciado pelo crime.<\/p>\n<p>Apura\u00e7\u00f5es indicaram que, na \u00e9poca, a v\u00edtima &#8211; um policial militar &#8211; estava se deslocando em sua motocicleta at\u00e9 a cidade de Visconde do Rio Branco, quando foi abordado por dois indiv\u00edduos em outro ve\u00edculo, que anunciaram o assalto. O suspeito, que estava na garupa da moto chegou a descer, momento em que notou que a v\u00edtima estava armada, ocasionando uma troca de tiros entre a v\u00edtima e o indiv\u00edduo. Os dois foram atingidos por disparo de arma de fogo. O suspeito faleceu no local, em virtude dos ferimentos sofridos. O policial militar foi socorrido e levado ao hospital, onde passou por diversas interven\u00e7\u00f5es cir\u00fargicas e, atualmente, encontra-se em recupera\u00e7\u00e3o.<\/p>\n<p>O segundo investigado, envolvido na pr\u00e1tica criminosa, foi identificado pela Pol\u00edcia Civil e, com a conclus\u00e3o das apura\u00e7\u00f5es, o jovem foi indiciado pela pr\u00e1tica de roubo triplamente qualificado pelo concurso de duas ou mais pessoas, emprego de arma de fogo e latroc\u00ednio tentado.<\/p>\n<p>As investiga\u00e7\u00f5es foram realizadas pela Delegacia Especializada de Furtos e Roubos, unidade que integra a 2\u00aa Delegacia Regional de Pol\u00edcia Civil em Ub\u00e1, pertencente ao 4\u00ba Departamento da PCMG.<\/p>\n<p>Assessoria de Comunica\u00e7\u00e3o PCMG<\/p>\n","protected":false},"excerpt":{"rendered":"<p>A Pol\u00edcia Civil de Minas Gerais (PCMG) concluiu as investiga\u00e7\u00f5es<\/p>\n","protected":false},"author":2,"featured_media":5497,"comment_status":"open","ping_status":"open","sticky":false,"template":"","format":"standard","meta":{"footnotes":""},"categories":[13],"tags":[],"class_list":["post-21307","post","type-post","status-publish","format-standard","has-post-thumbnail","hentry","category-sintese-das-ocorrencias"],"yoast_head":"<!-- This site is optimized with the Yoast SEO plugin v27.2 - https:\/\/yoast.com\/product\/yoast-seo-wordpress\/ -->\n<title>PCMG conclui investiga\u00e7\u00e3o de latroc\u00ednio tentado em Ub\u00e1 - Ub\u00e1 News<\/title>\n<meta name=\"robots\" content=\"index, follow, max-snippet:-1, max-image-preview:large, max-video-preview:-1\" \/>\n<link rel=\"canonical\" href=\"https:\/\/ubanews.com\/site\/2022\/06\/24\/pcmg-conclui-investigacao-de-latrocinio-tentado-em-uba\/\" \/>\n<meta property=\"og:locale\" content=\"pt_BR\" \/>\n<meta property=\"og:type\" content=\"article\" \/>\n<meta property=\"og:title\" content=\"PCMG conclui investiga\u00e7\u00e3o de latroc\u00ednio tentado em Ub\u00e1 - Ub\u00e1 News\" \/>\n<meta property=\"og:description\" content=\"A Pol\u00edcia Civil de Minas Gerais (PCMG) concluiu as investiga\u00e7\u00f5es\" \/>\n<meta property=\"og:url\" content=\"https:\/\/ubanews.com\/site\/2022\/06\/24\/pcmg-conclui-investigacao-de-latrocinio-tentado-em-uba\/\" \/>\n<meta property=\"og:site_name\" content=\"Ub\u00e1 News\" \/>\n<meta property=\"article:publisher\" content=\"https:\/\/www.facebook.com\/Ub%c3%a1News-Carlos-Roberto-Sodr%c3%a9-418778301977370\" \/>\n<meta property=\"article:author\" content=\"https:\/\/www.facebook.com\/carosroberto.sodre.5\/\" \/>\n<meta property=\"article:published_time\" content=\"2022-06-24T17:50:34+00:00\" \/>\n<meta property=\"article:modified_time\" content=\"2022-07-22T20:12:46+00:00\" \/>\n<meta property=\"og:image\" content=\"https:\/\/ubanews.com\/site\/wp-content\/uploads\/2018\/07\/homicidio-1.jpg\" \/>\n\t<meta property=\"og:image:width\" content=\"800\" \/>\n\t<meta property=\"og:image:height\" content=\"389\" \/>\n\t<meta property=\"og:image:type\" content=\"image\/jpeg\" \/>\n<meta name=\"author\" content=\"Sodr\u00e9\" \/>\n<meta name=\"twitter:card\" content=\"summary_large_image\" \/>\n<meta name=\"twitter:label1\" content=\"Escrito por\" \/>\n\t<meta name=\"twitter:data1\" content=\"Sodr\u00e9\" \/>\n\t<meta name=\"twitter:label2\" content=\"Est. tempo de leitura\" \/>\n\t<meta name=\"twitter:data2\" content=\"1 minuto\" \/>\n<script type=\"application\/ld+json\" class=\"yoast-schema-graph\">{\"@context\":\"https:\/\/schema.org\",\"@graph\":[{\"@type\":\"Article\",\"@id\":\"https:\/\/ubanews.com\/site\/2022\/06\/24\/pcmg-conclui-investigacao-de-latrocinio-tentado-em-uba\/#article\",\"isPartOf\":{\"@id\":\"https:\/\/ubanews.com\/site\/2022\/06\/24\/pcmg-conclui-investigacao-de-latrocinio-tentado-em-uba\/\"},\"author\":{\"name\":\"Sodr\u00e9\",\"@id\":\"https:\/\/ubanews.com\/site\/#\/schema\/person\/d90c9e47252fbb63dcc969fe4c8b9d10\"},\"headline\":\"PCMG conclui investiga\u00e7\u00e3o de latroc\u00ednio tentado em Ub\u00e1\",\"datePublished\":\"2022-06-24T17:50:34+00:00\",\"dateModified\":\"2022-07-22T20:12:46+00:00\",\"mainEntityOfPage\":{\"@id\":\"https:\/\/ubanews.com\/site\/2022\/06\/24\/pcmg-conclui-investigacao-de-latrocinio-tentado-em-uba\/\"},\"wordCount\":256,\"commentCount\":0,\"publisher\":{\"@id\":\"https:\/\/ubanews.com\/site\/#organization\"},\"image\":{\"@id\":\"https:\/\/ubanews.com\/site\/2022\/06\/24\/pcmg-conclui-investigacao-de-latrocinio-tentado-em-uba\/#primaryimage\"},\"thumbnailUrl\":\"https:\/\/ubanews.com\/site\/wp-content\/uploads\/2018\/07\/homicidio-1.jpg\",\"articleSection\":[\"S\u00edntese das Ocorr\u00eancias\"],\"inLanguage\":\"pt-BR\",\"potentialAction\":[{\"@type\":\"CommentAction\",\"name\":\"Comment\",\"target\":[\"https:\/\/ubanews.com\/site\/2022\/06\/24\/pcmg-conclui-investigacao-de-latrocinio-tentado-em-uba\/#respond\"]}]},{\"@type\":\"WebPage\",\"@id\":\"https:\/\/ubanews.com\/site\/2022\/06\/24\/pcmg-conclui-investigacao-de-latrocinio-tentado-em-uba\/\",\"url\":\"https:\/\/ubanews.com\/site\/2022\/06\/24\/pcmg-conclui-investigacao-de-latrocinio-tentado-em-uba\/\",\"name\":\"PCMG conclui investiga\u00e7\u00e3o de latroc\u00ednio tentado em Ub\u00e1 - Ub\u00e1 News\",\"isPartOf\":{\"@id\":\"https:\/\/ubanews.com\/site\/#website\"},\"primaryImageOfPage\":{\"@id\":\"https:\/\/ubanews.com\/site\/2022\/06\/24\/pcmg-conclui-investigacao-de-latrocinio-tentado-em-uba\/#primaryimage\"},\"image\":{\"@id\":\"https:\/\/ubanews.com\/site\/2022\/06\/24\/pcmg-conclui-investigacao-de-latrocinio-tentado-em-uba\/#primaryimage\"},\"thumbnailUrl\":\"https:\/\/ubanews.com\/site\/wp-content\/uploads\/2018\/07\/homicidio-1.jpg\",\"datePublished\":\"2022-06-24T17:50:34+00:00\",\"dateModified\":\"2022-07-22T20:12:46+00:00\",\"breadcrumb\":{\"@id\":\"https:\/\/ubanews.com\/site\/2022\/06\/24\/pcmg-conclui-investigacao-de-latrocinio-tentado-em-uba\/#breadcrumb\"},\"inLanguage\":\"pt-BR\",\"potentialAction\":[{\"@type\":\"ReadAction\",\"target\":[\"https:\/\/ubanews.com\/site\/2022\/06\/24\/pcmg-conclui-investigacao-de-latrocinio-tentado-em-uba\/\"]}]},{\"@type\":\"ImageObject\",\"inLanguage\":\"pt-BR\",\"@id\":\"https:\/\/ubanews.com\/site\/2022\/06\/24\/pcmg-conclui-investigacao-de-latrocinio-tentado-em-uba\/#primaryimage\",\"url\":\"https:\/\/ubanews.com\/site\/wp-content\/uploads\/2018\/07\/homicidio-1.jpg\",\"contentUrl\":\"https:\/\/ubanews.com\/site\/wp-content\/uploads\/2018\/07\/homicidio-1.jpg\",\"width\":800,\"height\":389},{\"@type\":\"BreadcrumbList\",\"@id\":\"https:\/\/ubanews.com\/site\/2022\/06\/24\/pcmg-conclui-investigacao-de-latrocinio-tentado-em-uba\/#breadcrumb\",\"itemListElement\":[{\"@type\":\"ListItem\",\"position\":1,\"name\":\"Home\",\"item\":\"https:\/\/ubanews.com\/site\/\"},{\"@type\":\"ListItem\",\"position\":2,\"name\":\"PCMG conclui investiga\u00e7\u00e3o de latroc\u00ednio tentado em Ub\u00e1\"}]},{\"@type\":\"WebSite\",\"@id\":\"https:\/\/ubanews.com\/site\/#website\",\"url\":\"https:\/\/ubanews.com\/site\/\",\"name\":\"Ub\u00e1 News\",\"description\":\"\",\"publisher\":{\"@id\":\"https:\/\/ubanews.com\/site\/#organization\"},\"potentialAction\":[{\"@type\":\"SearchAction\",\"target\":{\"@type\":\"EntryPoint\",\"urlTemplate\":\"https:\/\/ubanews.com\/site\/?s={search_term_string}\"},\"query-input\":{\"@type\":\"PropertyValueSpecification\",\"valueRequired\":true,\"valueName\":\"search_term_string\"}}],\"inLanguage\":\"pt-BR\"},{\"@type\":\"Organization\",\"@id\":\"https:\/\/ubanews.com\/site\/#organization\",\"name\":\"Ub\u00e1 News\",\"url\":\"https:\/\/ubanews.com\/site\/\",\"logo\":{\"@type\":\"ImageObject\",\"inLanguage\":\"pt-BR\",\"@id\":\"https:\/\/ubanews.com\/site\/#\/schema\/logo\/image\/\",\"url\":\"https:\/\/ubanews.com\/site\/wp-content\/uploads\/2018\/01\/logoubanews.png\",\"contentUrl\":\"https:\/\/ubanews.com\/site\/wp-content\/uploads\/2018\/01\/logoubanews.png\",\"width\":261,\"height\":99,\"caption\":\"Ub\u00e1 News\"},\"image\":{\"@id\":\"https:\/\/ubanews.com\/site\/#\/schema\/logo\/image\/\"},\"sameAs\":[\"https:\/\/www.facebook.com\/Ub\u00e1News-Carlos-Roberto-Sodr\u00e9-418778301977370\"]},{\"@type\":\"Person\",\"@id\":\"https:\/\/ubanews.com\/site\/#\/schema\/person\/d90c9e47252fbb63dcc969fe4c8b9d10\",\"name\":\"Sodr\u00e9\",\"image\":{\"@type\":\"ImageObject\",\"inLanguage\":\"pt-BR\",\"@id\":\"https:\/\/secure.gravatar.com\/avatar\/5ba2793f0590b9dbfad3fdec4ee714485b3eef211c9b32ee53d414060454a56c?s=96&d=mm&r=g\",\"url\":\"https:\/\/secure.gravatar.com\/avatar\/5ba2793f0590b9dbfad3fdec4ee714485b3eef211c9b32ee53d414060454a56c?s=96&d=mm&r=g\",\"contentUrl\":\"https:\/\/secure.gravatar.com\/avatar\/5ba2793f0590b9dbfad3fdec4ee714485b3eef211c9b32ee53d414060454a56c?s=96&d=mm&r=g\",\"caption\":\"Sodr\u00e9\"},\"sameAs\":[\"https:\/\/www.facebook.com\/carosroberto.sodre.5\/\"],\"url\":\"https:\/\/ubanews.com\/site\/author\/felipe\/\"}]}<\/script>\n<!-- \/ Yoast SEO plugin. -->","yoast_head_json":{"title":"PCMG conclui investiga\u00e7\u00e3o de latroc\u00ednio tentado em Ub\u00e1 - Ub\u00e1 News","robots":{"index":"index","follow":"follow","max-snippet":"max-snippet:-1","max-image-preview":"max-image-preview:large","max-video-preview":"max-video-preview:-1"},"canonical":"https:\/\/ubanews.com\/site\/2022\/06\/24\/pcmg-conclui-investigacao-de-latrocinio-tentado-em-uba\/","og_locale":"pt_BR","og_type":"article","og_title":"PCMG conclui investiga\u00e7\u00e3o de latroc\u00ednio tentado em Ub\u00e1 - Ub\u00e1 News","og_description":"A Pol\u00edcia Civil de Minas Gerais (PCMG) concluiu as investiga\u00e7\u00f5es","og_url":"https:\/\/ubanews.com\/site\/2022\/06\/24\/pcmg-conclui-investigacao-de-latrocinio-tentado-em-uba\/","og_site_name":"Ub\u00e1 News","article_publisher":"https:\/\/www.facebook.com\/Ub%c3%a1News-Carlos-Roberto-Sodr%c3%a9-418778301977370","article_author":"https:\/\/www.facebook.com\/carosroberto.sodre.5\/","article_published_time":"2022-06-24T17:50:34+00:00","article_modified_time":"2022-07-22T20:12:46+00:00","og_image":[{"width":800,"height":389,"url":"https:\/\/ubanews.com\/site\/wp-content\/uploads\/2018\/07\/homicidio-1.jpg","type":"image\/jpeg"}],"author":"Sodr\u00e9","twitter_card":"summary_large_image","twitter_misc":{"Escrito por":"Sodr\u00e9","Est. tempo de leitura":"1 minuto"},"schema":{"@context":"https:\/\/schema.org","@graph":[{"@type":"Article","@id":"https:\/\/ubanews.com\/site\/2022\/06\/24\/pcmg-conclui-investigacao-de-latrocinio-tentado-em-uba\/#article","isPartOf":{"@id":"https:\/\/ubanews.com\/site\/2022\/06\/24\/pcmg-conclui-investigacao-de-latrocinio-tentado-em-uba\/"},"author":{"name":"Sodr\u00e9","@id":"https:\/\/ubanews.com\/site\/#\/schema\/person\/d90c9e47252fbb63dcc969fe4c8b9d10"},"headline":"PCMG conclui investiga\u00e7\u00e3o de latroc\u00ednio tentado em Ub\u00e1","datePublished":"2022-06-24T17:50:34+00:00","dateModified":"2022-07-22T20:12:46+00:00","mainEntityOfPage":{"@id":"https:\/\/ubanews.com\/site\/2022\/06\/24\/pcmg-conclui-investigacao-de-latrocinio-tentado-em-uba\/"},"wordCount":256,"commentCount":0,"publisher":{"@id":"https:\/\/ubanews.com\/site\/#organization"},"image":{"@id":"https:\/\/ubanews.com\/site\/2022\/06\/24\/pcmg-conclui-investigacao-de-latrocinio-tentado-em-uba\/#primaryimage"},"thumbnailUrl":"https:\/\/ubanews.com\/site\/wp-content\/uploads\/2018\/07\/homicidio-1.jpg","articleSection":["S\u00edntese das Ocorr\u00eancias"],"inLanguage":"pt-BR","potentialAction":[{"@type":"CommentAction","name":"Comment","target":["https:\/\/ubanews.com\/site\/2022\/06\/24\/pcmg-conclui-investigacao-de-latrocinio-tentado-em-uba\/#respond"]}]},{"@type":"WebPage","@id":"https:\/\/ubanews.com\/site\/2022\/06\/24\/pcmg-conclui-investigacao-de-latrocinio-tentado-em-uba\/","url":"https:\/\/ubanews.com\/site\/2022\/06\/24\/pcmg-conclui-investigacao-de-latrocinio-tentado-em-uba\/","name":"PCMG conclui investiga\u00e7\u00e3o de latroc\u00ednio tentado em Ub\u00e1 - Ub\u00e1 News","isPartOf":{"@id":"https:\/\/ubanews.com\/site\/#website"},"primaryImageOfPage":{"@id":"https:\/\/ubanews.com\/site\/2022\/06\/24\/pcmg-conclui-investigacao-de-latrocinio-tentado-em-uba\/#primaryimage"},"image":{"@id":"https:\/\/ubanews.com\/site\/2022\/06\/24\/pcmg-conclui-investigacao-de-latrocinio-tentado-em-uba\/#primaryimage"},"thumbnailUrl":"https:\/\/ubanews.com\/site\/wp-content\/uploads\/2018\/07\/homicidio-1.jpg","datePublished":"2022-06-24T17:50:34+00:00","dateModified":"2022-07-22T20:12:46+00:00","breadcrumb":{"@id":"https:\/\/ubanews.com\/site\/2022\/06\/24\/pcmg-conclui-investigacao-de-latrocinio-tentado-em-uba\/#breadcrumb"},"inLanguage":"pt-BR","potentialAction":[{"@type":"ReadAction","target":["https:\/\/ubanews.com\/site\/2022\/06\/24\/pcmg-conclui-investigacao-de-latrocinio-tentado-em-uba\/"]}]},{"@type":"ImageObject","inLanguage":"pt-BR","@id":"https:\/\/ubanews.com\/site\/2022\/06\/24\/pcmg-conclui-investigacao-de-latrocinio-tentado-em-uba\/#primaryimage","url":"https:\/\/ubanews.com\/site\/wp-content\/uploads\/2018\/07\/homicidio-1.jpg","contentUrl":"https:\/\/ubanews.com\/site\/wp-content\/uploads\/2018\/07\/homicidio-1.jpg","width":800,"height":389},{"@type":"BreadcrumbList","@id":"https:\/\/ubanews.com\/site\/2022\/06\/24\/pcmg-conclui-investigacao-de-latrocinio-tentado-em-uba\/#breadcrumb","itemListElement":[{"@type":"ListItem","position":1,"name":"Home","item":"https:\/\/ubanews.com\/site\/"},{"@type":"ListItem","position":2,"name":"PCMG conclui investiga\u00e7\u00e3o de latroc\u00ednio tentado em Ub\u00e1"}]},{"@type":"WebSite","@id":"https:\/\/ubanews.com\/site\/#website","url":"https:\/\/ubanews.com\/site\/","name":"Ub\u00e1 News","description":"","publisher":{"@id":"https:\/\/ubanews.com\/site\/#organization"},"potentialAction":[{"@type":"SearchAction","target":{"@type":"EntryPoint","urlTemplate":"https:\/\/ubanews.com\/site\/?s={search_term_string}"},"query-input":{"@type":"PropertyValueSpecification","valueRequired":true,"valueName":"search_term_string"}}],"inLanguage":"pt-BR"},{"@type":"Organization","@id":"https:\/\/ubanews.com\/site\/#organization","name":"Ub\u00e1 News","url":"https:\/\/ubanews.com\/site\/","logo":{"@type":"ImageObject","inLanguage":"pt-BR","@id":"https:\/\/ubanews.com\/site\/#\/schema\/logo\/image\/","url":"https:\/\/ubanews.com\/site\/wp-content\/uploads\/2018\/01\/logoubanews.png","contentUrl":"https:\/\/ubanews.com\/site\/wp-content\/uploads\/2018\/01\/logoubanews.png","width":261,"height":99,"caption":"Ub\u00e1 News"},"image":{"@id":"https:\/\/ubanews.com\/site\/#\/schema\/logo\/image\/"},"sameAs":["https:\/\/www.facebook.com\/Ub\u00e1News-Carlos-Roberto-Sodr\u00e9-418778301977370"]},{"@type":"Person","@id":"https:\/\/ubanews.com\/site\/#\/schema\/person\/d90c9e47252fbb63dcc969fe4c8b9d10","name":"Sodr\u00e9","image":{"@type":"ImageObject","inLanguage":"pt-BR","@id":"https:\/\/secure.gravatar.com\/avatar\/5ba2793f0590b9dbfad3fdec4ee714485b3eef211c9b32ee53d414060454a56c?s=96&d=mm&r=g","url":"https:\/\/secure.gravatar.com\/avatar\/5ba2793f0590b9dbfad3fdec4ee714485b3eef211c9b32ee53d414060454a56c?s=96&d=mm&r=g","contentUrl":"https:\/\/secure.gravatar.com\/avatar\/5ba2793f0590b9dbfad3fdec4ee714485b3eef211c9b32ee53d414060454a56c?s=96&d=mm&r=g","caption":"Sodr\u00e9"},"sameAs":["https:\/\/www.facebook.com\/carosroberto.sodre.5\/"],"url":"https:\/\/ubanews.com\/site\/author\/felipe\/"}]}},"_links":{"self":[{"href":"https:\/\/ubanews.com\/site\/wp-json\/wp\/v2\/posts\/21307","targetHints":{"allow":["GET"]}}],"collection":[{"href":"https:\/\/ubanews.com\/site\/wp-json\/wp\/v2\/posts"}],"about":[{"href":"https:\/\/ubanews.com\/site\/wp-json\/wp\/v2\/types\/post"}],"author":[{"embeddable":true,"href":"https:\/\/ubanews.com\/site\/wp-json\/wp\/v2\/users\/2"}],"replies":[{"embeddable":true,"href":"https:\/\/ubanews.com\/site\/wp-json\/wp\/v2\/comments?post=21307"}],"version-history":[{"count":0,"href":"https:\/\/ubanews.com\/site\/wp-json\/wp\/v2\/posts\/21307\/revisions"}],"wp:featuredmedia":[{"embeddable":true,"href":"https:\/\/ubanews.com\/site\/wp-json\/wp\/v2\/media\/5497"}],"wp:attachment":[{"href":"https:\/\/ubanews.com\/site\/wp-json\/wp\/v2\/media?parent=21307"}],"wp:term":[{"taxonomy":"category","embeddable":true,"href":"https:\/\/ubanews.com\/site\/wp-json\/wp\/v2\/categories?post=21307"},{"taxonomy":"post_tag","embeddable":true,"href":"https:\/\/ubanews.com\/site\/wp-json\/wp\/v2\/tags?post=21307"}],"curies":[{"name":"wp","href":"https:\/\/api.w.org\/{rel}","templated":true}]}}