{"id":21298,"date":"2022-06-24T14:30:50","date_gmt":"2022-06-24T17:30:50","guid":{"rendered":"http:\/\/ubanews.com\/site\/?p=21298"},"modified":"2022-07-22T17:11:13","modified_gmt":"2022-07-22T20:11:13","slug":"policia-civil-reinaugura-delegacia-em-divino","status":"publish","type":"post","link":"https:\/\/ubanews.com\/site\/2022\/06\/24\/policia-civil-reinaugura-delegacia-em-divino\/","title":{"rendered":"Pol\u00edcia Civil reinaugura delegacia em Divino"},"content":{"rendered":"<p>Na quarta-feira (22\/6), a Pol\u00edcia Civil de Minas Gerais (PCMG), em meio a parcerias, reinaugurou o pr\u00e9dio da Delegacia em Divino, na Zona da Mata mineira. A unidade policial integra a 4\u00aa Delegacia Regional de Pol\u00edcia Civil em Muria\u00e9, pertencente ao 4\u00ba Departamento da PCMG. Atualmente, al\u00e9m de Divino, a delegacia tamb\u00e9m atende ao munic\u00edpio de Oriz\u00e2nia.<\/p>\n<p>Participaram da cerim\u00f4nia a chefe do 4\u00ba Departamento em Juiz de Fora, delegada-geral Fl\u00e1via Mara Camargo Murta &#8211; representando o chefe da Pol\u00edcia Civil de Minas Gerais, delegado-geral Joaquim Francisco Neto e Silva; o prefeito de Divino, Mauri Ventura do Carmo; o prefeito de Oriz\u00e2nia, Jonia Leite Filho; o titular da Delegacia Regional em Muria\u00e9, delegado Alessandro Amaro da Matta, e o titular da Delegacia em Divino, delegado Cristiano Silva de Almeida Valverde.<\/p>\n<p>Tamb\u00e9m estiveram presentes a presidente da C\u00e2mara Municipal de Divino, vereadora B\u00e1rbara Alves Alcon; o juiz Maurilio Cardoso Naves; o promotor de Justi\u00e7a, Michel Heleno Totte Vieira, e o comandante do 3\u00ba pelot\u00e3o da Pol\u00edcia Militar em Divino, segundo tenente Luvanor Godinho Silva.<br \/>\n&nbsp;<br \/>\n<strong>As obras<\/strong><br \/>\n&nbsp;<br \/>\nAs obras de revitaliza\u00e7\u00e3o foram realizadas com apoio do Conselho Comunit\u00e1rio de Seguran\u00e7a P\u00fablica (Consep) de Divino, do Judici\u00e1rio, do Minist\u00e9rio P\u00fablico, de vereadores, das prefeituras de Divino e de Oriz\u00e2nia, da comunidade e do deputado estadual Coronel Sandro &#8211; por meio de emenda parlamentar.<br \/>\n&nbsp;<br \/>\nO im\u00f3vel recebeu melhorias nas instala\u00e7\u00f5es el\u00e9trica e hidr\u00e1ulica, bem como nas pinturas internas e externas. Tamb\u00e9m houve reforma das salas e de outros espa\u00e7os do im\u00f3vel.&nbsp;&nbsp; A PCMG passa a oferecer maior comodidade \u00e0 popula\u00e7\u00e3o, al\u00e9m de garantir uma estrutura de trabalho mais adequada aos servidores lotados na unidade policial.<br \/>\n&nbsp;<br \/>\n<strong>A cerim\u00f4nia<\/strong><br \/>\n&nbsp;<br \/>\nDurante a cerim\u00f4nia, o delegado Cristiano Valverde agradeceu todos os que contribu\u00edram com essa iniciativa e relembrou sua trajet\u00f3ria profissional na PCMG, destacando o momento em que chegou ao munic\u00edpio.<br \/>\n&nbsp;<br \/>\n&#8220;Fui muito bem recebido. Hoje fa\u00e7o parte da fam\u00edlia da Pol\u00edcia Civil em Divino. Tive a oportunidade de trabalhar com pessoas fant\u00e1sticas, dedicadas e empenhadas e, por isso, sou muito grato&#8221;, enfatizou, elogiando todos os servidores que integram esse quadro de profissionais.<br \/>\nEm seguida, o vice-prefeito de Divino, Carlos Roberto Rocha, tamb\u00e9m fez agradecimentos e falou sobre a felicidade em receber a obra no munic\u00edpio por meio da atua\u00e7\u00e3o de pessoas &#8220;que acreditam em uma cidade cada vez melhor&#8221;.<\/p>\n<p>Posteriormente, o delegado regional, Alessandro da Matta, falou sobre o per\u00edodo em que tamb\u00e9m atuou \u00e0 frente da delegacia em Divino, os aprendizados adquiridos nessa \u00e9poca e aproveitou a oportunidade para difundir uma mensagem agradecimento.<br \/>\n&nbsp;&#8220;A gratid\u00e3o \u00e9 a voz do cora\u00e7\u00e3o e, hoje, antes de mais nada, venho agradecer o esfor\u00e7o dos policiais civis lotados nesta unidade, que se mobilizaram &#8211; juntamente com a comunidade local, empres\u00e1rios, sociedade civil organizada e poder p\u00fablico municipal \u2013 e conseguiram fazer essa transforma\u00e7\u00e3o estrutural dessa unidade. Um lugar onde poderemos desenvolver muito melhor o trabalho de Pol\u00edcia Judici\u00e1ria e atender a popula\u00e7\u00e3o dessa comarca de Divino com dignidade, presteza e efici\u00eancia&#8221;, destacou.<br \/>\n&nbsp;<br \/>\nJ\u00e1 a chefe do departamento, Fl\u00e1via Murta, encerrou a cerim\u00f4nia ressaltando a import\u00e2ncia dessa uni\u00e3o de esfor\u00e7os que resultam em melhores perspectivas de sucesso de combate \u00e0 criminalidade.<br \/>\n&nbsp;<br \/>\n&#8220;Nessa senda, reconhe\u00e7o o empenho singular do delegado de Pol\u00edcia R\u00f4mulo Segantini, que por certo tempo foi o titular desta delegacia de Divino e teve a iniciativa de promover a revitaliza\u00e7\u00e3o desta unidade policial, dando in\u00edcio a tratativas pessoais com a presidente do Conselho Comunit\u00e1rio de Seguran\u00e7a P\u00fablica (Consep) de Divino, Solange Aparecida Ar\u00e1ujo&#8221;, disse, agradecendo tamb\u00e9m o Poder Judici\u00e1rio e o Minist\u00e9rio P\u00fablico que referendaram a parceria com o Consep.<br \/>\n&nbsp;<br \/>\nA delegada-geral tamb\u00e9m agradeceu a contribui\u00e7\u00e3o dos prefeitos de Divino e de Oriz\u00e2nia, dos vereadores, do deputado estadual coronel Sandro e de empres\u00e1rios da cidade. &#8220;Aliados \u00e0 comunidade se fortaleceram para que, juntos, pud\u00e9ssemos reinaugurar este espa\u00e7o p\u00fablico que, certamente, atender\u00e1 com mais dignidade \u00e0 comunidade que aqui reside&#8221;, destacou, parabenizando a atua\u00e7\u00e3o do delegado regional em Muria\u00e9, do titular da delegacia em Divino e de toda a equipe da unidade policial.<\/p>\n<p>&nbsp;A chefe do departamento concluiu o seu discurso destacando a atua\u00e7\u00e3o dos policiais civis. &#8220;Parabenizo e agrade\u00e7o todos os policiais que vestem a camisa da Pol\u00edcia Civil, como se fosse a sua segunda pele, para defender a sociedade, buscando a paz social e a diminui\u00e7\u00e3o da criminalidade&#8221;, finaliza Fl\u00e1via Murta.<\/p>\n<p><a href=\"https:\/\/ubanews.com\/site\/wp-content\/uploads\/2022\/07\/WhatsApp-Image-2022-06-10-at-09.59.01.jpeg\"><img decoding=\"async\" class=\"aligncenter size-full wp-image-21299 lazyload\" data-src=\"https:\/\/ubanews.com\/site\/wp-content\/uploads\/2022\/07\/WhatsApp-Image-2022-06-10-at-09.59.01.jpeg\" alt=\"\" width=\"1200\" height=\"1599\" data-srcset=\"https:\/\/ubanews.com\/site\/wp-content\/uploads\/2022\/07\/WhatsApp-Image-2022-06-10-at-09.59.01.jpeg 1200w, https:\/\/ubanews.com\/site\/wp-content\/uploads\/2022\/07\/WhatsApp-Image-2022-06-10-at-09.59.01-225x300.jpeg 225w, https:\/\/ubanews.com\/site\/wp-content\/uploads\/2022\/07\/WhatsApp-Image-2022-06-10-at-09.59.01-768x1023.jpeg 768w, https:\/\/ubanews.com\/site\/wp-content\/uploads\/2022\/07\/WhatsApp-Image-2022-06-10-at-09.59.01-1153x1536.jpeg 1153w\" data-sizes=\"(max-width: 1200px) 100vw, 1200px\" src=\"data:image\/svg+xml;base64,PHN2ZyB3aWR0aD0iMSIgaGVpZ2h0PSIxIiB4bWxucz0iaHR0cDovL3d3dy53My5vcmcvMjAwMC9zdmciPjwvc3ZnPg==\" style=\"--smush-placeholder-width: 1200px; --smush-placeholder-aspect-ratio: 1200\/1599;\" \/><\/a> <a href=\"https:\/\/ubanews.com\/site\/wp-content\/uploads\/2022\/07\/WhatsApp-Image-2022-06-22-at-17.01.24.jpeg\"><img decoding=\"async\" class=\"aligncenter size-full wp-image-21300 lazyload\" data-src=\"https:\/\/ubanews.com\/site\/wp-content\/uploads\/2022\/07\/WhatsApp-Image-2022-06-22-at-17.01.24.jpeg\" alt=\"\" width=\"1600\" height=\"901\" data-srcset=\"https:\/\/ubanews.com\/site\/wp-content\/uploads\/2022\/07\/WhatsApp-Image-2022-06-22-at-17.01.24.jpeg 1600w, https:\/\/ubanews.com\/site\/wp-content\/uploads\/2022\/07\/WhatsApp-Image-2022-06-22-at-17.01.24-300x169.jpeg 300w, https:\/\/ubanews.com\/site\/wp-content\/uploads\/2022\/07\/WhatsApp-Image-2022-06-22-at-17.01.24-1024x577.jpeg 1024w, https:\/\/ubanews.com\/site\/wp-content\/uploads\/2022\/07\/WhatsApp-Image-2022-06-22-at-17.01.24-768x432.jpeg 768w, https:\/\/ubanews.com\/site\/wp-content\/uploads\/2022\/07\/WhatsApp-Image-2022-06-22-at-17.01.24-1536x865.jpeg 1536w\" data-sizes=\"(max-width: 1600px) 100vw, 1600px\" src=\"data:image\/svg+xml;base64,PHN2ZyB3aWR0aD0iMSIgaGVpZ2h0PSIxIiB4bWxucz0iaHR0cDovL3d3dy53My5vcmcvMjAwMC9zdmciPjwvc3ZnPg==\" style=\"--smush-placeholder-width: 1600px; --smush-placeholder-aspect-ratio: 1600\/901;\" \/><\/a> <a href=\"https:\/\/ubanews.com\/site\/wp-content\/uploads\/2022\/07\/WhatsApp-Image-2022-06-22-at-17.01.27.jpeg\"><img decoding=\"async\" class=\"aligncenter size-full wp-image-21301 lazyload\" data-src=\"https:\/\/ubanews.com\/site\/wp-content\/uploads\/2022\/07\/WhatsApp-Image-2022-06-22-at-17.01.27.jpeg\" alt=\"\" width=\"1600\" height=\"901\" data-srcset=\"https:\/\/ubanews.com\/site\/wp-content\/uploads\/2022\/07\/WhatsApp-Image-2022-06-22-at-17.01.27.jpeg 1600w, https:\/\/ubanews.com\/site\/wp-content\/uploads\/2022\/07\/WhatsApp-Image-2022-06-22-at-17.01.27-300x169.jpeg 300w, https:\/\/ubanews.com\/site\/wp-content\/uploads\/2022\/07\/WhatsApp-Image-2022-06-22-at-17.01.27-1024x577.jpeg 1024w, https:\/\/ubanews.com\/site\/wp-content\/uploads\/2022\/07\/WhatsApp-Image-2022-06-22-at-17.01.27-768x432.jpeg 768w, https:\/\/ubanews.com\/site\/wp-content\/uploads\/2022\/07\/WhatsApp-Image-2022-06-22-at-17.01.27-1536x865.jpeg 1536w\" data-sizes=\"(max-width: 1600px) 100vw, 1600px\" src=\"data:image\/svg+xml;base64,PHN2ZyB3aWR0aD0iMSIgaGVpZ2h0PSIxIiB4bWxucz0iaHR0cDovL3d3dy53My5vcmcvMjAwMC9zdmciPjwvc3ZnPg==\" style=\"--smush-placeholder-width: 1600px; --smush-placeholder-aspect-ratio: 1600\/901;\" \/><\/a> <a href=\"https:\/\/ubanews.com\/site\/wp-content\/uploads\/2022\/07\/WhatsApp-Image-2022-06-22-at-17.01.31.jpeg\"><img decoding=\"async\" class=\"aligncenter size-full wp-image-21302 lazyload\" data-src=\"https:\/\/ubanews.com\/site\/wp-content\/uploads\/2022\/07\/WhatsApp-Image-2022-06-22-at-17.01.31.jpeg\" alt=\"\" width=\"901\" height=\"1600\" data-srcset=\"https:\/\/ubanews.com\/site\/wp-content\/uploads\/2022\/07\/WhatsApp-Image-2022-06-22-at-17.01.31.jpeg 901w, https:\/\/ubanews.com\/site\/wp-content\/uploads\/2022\/07\/WhatsApp-Image-2022-06-22-at-17.01.31-169x300.jpeg 169w, https:\/\/ubanews.com\/site\/wp-content\/uploads\/2022\/07\/WhatsApp-Image-2022-06-22-at-17.01.31-577x1024.jpeg 577w, https:\/\/ubanews.com\/site\/wp-content\/uploads\/2022\/07\/WhatsApp-Image-2022-06-22-at-17.01.31-768x1364.jpeg 768w, https:\/\/ubanews.com\/site\/wp-content\/uploads\/2022\/07\/WhatsApp-Image-2022-06-22-at-17.01.31-865x1536.jpeg 865w\" data-sizes=\"(max-width: 901px) 100vw, 901px\" src=\"data:image\/svg+xml;base64,PHN2ZyB3aWR0aD0iMSIgaGVpZ2h0PSIxIiB4bWxucz0iaHR0cDovL3d3dy53My5vcmcvMjAwMC9zdmciPjwvc3ZnPg==\" style=\"--smush-placeholder-width: 901px; --smush-placeholder-aspect-ratio: 901\/1600;\" \/><\/a> <a href=\"https:\/\/ubanews.com\/site\/wp-content\/uploads\/2022\/07\/WhatsApp-Image-2022-06-22-at-17.01.32.jpeg\"><img decoding=\"async\" class=\"aligncenter size-full wp-image-21303 lazyload\" data-src=\"https:\/\/ubanews.com\/site\/wp-content\/uploads\/2022\/07\/WhatsApp-Image-2022-06-22-at-17.01.32.jpeg\" alt=\"\" width=\"1600\" height=\"901\" data-srcset=\"https:\/\/ubanews.com\/site\/wp-content\/uploads\/2022\/07\/WhatsApp-Image-2022-06-22-at-17.01.32.jpeg 1600w, https:\/\/ubanews.com\/site\/wp-content\/uploads\/2022\/07\/WhatsApp-Image-2022-06-22-at-17.01.32-300x169.jpeg 300w, https:\/\/ubanews.com\/site\/wp-content\/uploads\/2022\/07\/WhatsApp-Image-2022-06-22-at-17.01.32-1024x577.jpeg 1024w, https:\/\/ubanews.com\/site\/wp-content\/uploads\/2022\/07\/WhatsApp-Image-2022-06-22-at-17.01.32-768x432.jpeg 768w, https:\/\/ubanews.com\/site\/wp-content\/uploads\/2022\/07\/WhatsApp-Image-2022-06-22-at-17.01.32-1536x865.jpeg 1536w\" data-sizes=\"(max-width: 1600px) 100vw, 1600px\" src=\"data:image\/svg+xml;base64,PHN2ZyB3aWR0aD0iMSIgaGVpZ2h0PSIxIiB4bWxucz0iaHR0cDovL3d3dy53My5vcmcvMjAwMC9zdmciPjwvc3ZnPg==\" style=\"--smush-placeholder-width: 1600px; --smush-placeholder-aspect-ratio: 1600\/901;\" \/><\/a> <a href=\"https:\/\/ubanews.com\/site\/wp-content\/uploads\/2022\/07\/WhatsApp-Image-2022-06-22-at-17.01.35.jpeg\"><img decoding=\"async\" class=\"aligncenter size-full wp-image-21304 lazyload\" data-src=\"https:\/\/ubanews.com\/site\/wp-content\/uploads\/2022\/07\/WhatsApp-Image-2022-06-22-at-17.01.35.jpeg\" alt=\"\" width=\"1600\" height=\"901\" data-srcset=\"https:\/\/ubanews.com\/site\/wp-content\/uploads\/2022\/07\/WhatsApp-Image-2022-06-22-at-17.01.35.jpeg 1600w, https:\/\/ubanews.com\/site\/wp-content\/uploads\/2022\/07\/WhatsApp-Image-2022-06-22-at-17.01.35-300x169.jpeg 300w, https:\/\/ubanews.com\/site\/wp-content\/uploads\/2022\/07\/WhatsApp-Image-2022-06-22-at-17.01.35-1024x577.jpeg 1024w, https:\/\/ubanews.com\/site\/wp-content\/uploads\/2022\/07\/WhatsApp-Image-2022-06-22-at-17.01.35-768x432.jpeg 768w, https:\/\/ubanews.com\/site\/wp-content\/uploads\/2022\/07\/WhatsApp-Image-2022-06-22-at-17.01.35-1536x865.jpeg 1536w\" data-sizes=\"(max-width: 1600px) 100vw, 1600px\" src=\"data:image\/svg+xml;base64,PHN2ZyB3aWR0aD0iMSIgaGVpZ2h0PSIxIiB4bWxucz0iaHR0cDovL3d3dy53My5vcmcvMjAwMC9zdmciPjwvc3ZnPg==\" style=\"--smush-placeholder-width: 1600px; --smush-placeholder-aspect-ratio: 1600\/901;\" \/><\/a> <a href=\"https:\/\/ubanews.com\/site\/wp-content\/uploads\/2022\/07\/WhatsApp-Image-2022-06-22-at-17.38.33.jpeg\"><img decoding=\"async\" class=\"aligncenter size-full wp-image-21305 lazyload\" data-src=\"https:\/\/ubanews.com\/site\/wp-content\/uploads\/2022\/07\/WhatsApp-Image-2022-06-22-at-17.38.33.jpeg\" alt=\"\" width=\"1600\" height=\"901\" data-srcset=\"https:\/\/ubanews.com\/site\/wp-content\/uploads\/2022\/07\/WhatsApp-Image-2022-06-22-at-17.38.33.jpeg 1600w, https:\/\/ubanews.com\/site\/wp-content\/uploads\/2022\/07\/WhatsApp-Image-2022-06-22-at-17.38.33-300x169.jpeg 300w, https:\/\/ubanews.com\/site\/wp-content\/uploads\/2022\/07\/WhatsApp-Image-2022-06-22-at-17.38.33-1024x577.jpeg 1024w, https:\/\/ubanews.com\/site\/wp-content\/uploads\/2022\/07\/WhatsApp-Image-2022-06-22-at-17.38.33-768x432.jpeg 768w, https:\/\/ubanews.com\/site\/wp-content\/uploads\/2022\/07\/WhatsApp-Image-2022-06-22-at-17.38.33-1536x865.jpeg 1536w\" data-sizes=\"(max-width: 1600px) 100vw, 1600px\" src=\"data:image\/svg+xml;base64,PHN2ZyB3aWR0aD0iMSIgaGVpZ2h0PSIxIiB4bWxucz0iaHR0cDovL3d3dy53My5vcmcvMjAwMC9zdmciPjwvc3ZnPg==\" style=\"--smush-placeholder-width: 1600px; --smush-placeholder-aspect-ratio: 1600\/901;\" \/><\/a> <a href=\"https:\/\/ubanews.com\/site\/wp-content\/uploads\/2022\/07\/WhatsApp-Image-2022-06-22-at-17.42.19.jpeg\"><img decoding=\"async\" class=\"aligncenter size-full wp-image-21306 lazyload\" data-src=\"https:\/\/ubanews.com\/site\/wp-content\/uploads\/2022\/07\/WhatsApp-Image-2022-06-22-at-17.42.19.jpeg\" alt=\"\" width=\"1280\" height=\"932\" data-srcset=\"https:\/\/ubanews.com\/site\/wp-content\/uploads\/2022\/07\/WhatsApp-Image-2022-06-22-at-17.42.19.jpeg 1280w, https:\/\/ubanews.com\/site\/wp-content\/uploads\/2022\/07\/WhatsApp-Image-2022-06-22-at-17.42.19-300x218.jpeg 300w, https:\/\/ubanews.com\/site\/wp-content\/uploads\/2022\/07\/WhatsApp-Image-2022-06-22-at-17.42.19-1024x746.jpeg 1024w, https:\/\/ubanews.com\/site\/wp-content\/uploads\/2022\/07\/WhatsApp-Image-2022-06-22-at-17.42.19-768x559.jpeg 768w\" data-sizes=\"(max-width: 1280px) 100vw, 1280px\" src=\"data:image\/svg+xml;base64,PHN2ZyB3aWR0aD0iMSIgaGVpZ2h0PSIxIiB4bWxucz0iaHR0cDovL3d3dy53My5vcmcvMjAwMC9zdmciPjwvc3ZnPg==\" style=\"--smush-placeholder-width: 1280px; --smush-placeholder-aspect-ratio: 1280\/932;\" \/><\/a><\/p>\n<p>Assessoria de Comunica\u00e7\u00e3o PCMG<\/p>\n","protected":false},"excerpt":{"rendered":"<p>Na quarta-feira (22\/6), a Pol\u00edcia Civil de Minas Gerais (PCMG),<\/p>\n","protected":false},"author":2,"featured_media":4873,"comment_status":"open","ping_status":"open","sticky":false,"template":"","format":"standard","meta":{"footnotes":""},"categories":[1],"tags":[],"class_list":["post-21298","post","type-post","status-publish","format-standard","has-post-thumbnail","hentry","category-sem-categoria"],"yoast_head":"<!-- This site is optimized with the Yoast SEO plugin v27.2 - https:\/\/yoast.com\/product\/yoast-seo-wordpress\/ -->\n<title>Pol\u00edcia Civil reinaugura delegacia em Divino - Ub\u00e1 News<\/title>\n<meta name=\"robots\" content=\"index, follow, max-snippet:-1, max-image-preview:large, max-video-preview:-1\" \/>\n<link rel=\"canonical\" href=\"https:\/\/ubanews.com\/site\/2022\/06\/24\/policia-civil-reinaugura-delegacia-em-divino\/\" \/>\n<meta property=\"og:locale\" content=\"pt_BR\" \/>\n<meta property=\"og:type\" content=\"article\" \/>\n<meta property=\"og:title\" content=\"Pol\u00edcia Civil reinaugura delegacia em Divino - Ub\u00e1 News\" \/>\n<meta property=\"og:description\" content=\"Na quarta-feira (22\/6), a Pol\u00edcia Civil de Minas Gerais (PCMG),\" \/>\n<meta property=\"og:url\" content=\"https:\/\/ubanews.com\/site\/2022\/06\/24\/policia-civil-reinaugura-delegacia-em-divino\/\" \/>\n<meta property=\"og:site_name\" content=\"Ub\u00e1 News\" \/>\n<meta property=\"article:publisher\" content=\"https:\/\/www.facebook.com\/Ub%c3%a1News-Carlos-Roberto-Sodr%c3%a9-418778301977370\" \/>\n<meta property=\"article:author\" content=\"https:\/\/www.facebook.com\/carosroberto.sodre.5\/\" \/>\n<meta property=\"article:published_time\" content=\"2022-06-24T17:30:50+00:00\" \/>\n<meta property=\"article:modified_time\" content=\"2022-07-22T20:11:13+00:00\" \/>\n<meta property=\"og:image\" content=\"https:\/\/ubanews.com\/site\/wp-content\/uploads\/2018\/06\/Policia-Civil-de-Minas-Gerais-Logo.jpg\" \/>\n\t<meta property=\"og:image:width\" content=\"800\" \/>\n\t<meta property=\"og:image:height\" content=\"438\" \/>\n\t<meta property=\"og:image:type\" content=\"image\/jpeg\" \/>\n<meta name=\"author\" content=\"Sodr\u00e9\" \/>\n<meta name=\"twitter:card\" content=\"summary_large_image\" \/>\n<meta name=\"twitter:label1\" content=\"Escrito por\" \/>\n\t<meta name=\"twitter:data1\" content=\"Sodr\u00e9\" \/>\n\t<meta name=\"twitter:label2\" content=\"Est. tempo de leitura\" \/>\n\t<meta name=\"twitter:data2\" content=\"5 minutos\" \/>\n<script type=\"application\/ld+json\" class=\"yoast-schema-graph\">{\"@context\":\"https:\/\/schema.org\",\"@graph\":[{\"@type\":\"Article\",\"@id\":\"https:\/\/ubanews.com\/site\/2022\/06\/24\/policia-civil-reinaugura-delegacia-em-divino\/#article\",\"isPartOf\":{\"@id\":\"https:\/\/ubanews.com\/site\/2022\/06\/24\/policia-civil-reinaugura-delegacia-em-divino\/\"},\"author\":{\"name\":\"Sodr\u00e9\",\"@id\":\"https:\/\/ubanews.com\/site\/#\/schema\/person\/d90c9e47252fbb63dcc969fe4c8b9d10\"},\"headline\":\"Pol\u00edcia Civil reinaugura delegacia em Divino\",\"datePublished\":\"2022-06-24T17:30:50+00:00\",\"dateModified\":\"2022-07-22T20:11:13+00:00\",\"mainEntityOfPage\":{\"@id\":\"https:\/\/ubanews.com\/site\/2022\/06\/24\/policia-civil-reinaugura-delegacia-em-divino\/\"},\"wordCount\":815,\"commentCount\":0,\"publisher\":{\"@id\":\"https:\/\/ubanews.com\/site\/#organization\"},\"image\":{\"@id\":\"https:\/\/ubanews.com\/site\/2022\/06\/24\/policia-civil-reinaugura-delegacia-em-divino\/#primaryimage\"},\"thumbnailUrl\":\"https:\/\/ubanews.com\/site\/wp-content\/uploads\/2018\/06\/Policia-Civil-de-Minas-Gerais-Logo.jpg\",\"articleSection\":[\"Geral\"],\"inLanguage\":\"pt-BR\",\"potentialAction\":[{\"@type\":\"CommentAction\",\"name\":\"Comment\",\"target\":[\"https:\/\/ubanews.com\/site\/2022\/06\/24\/policia-civil-reinaugura-delegacia-em-divino\/#respond\"]}]},{\"@type\":\"WebPage\",\"@id\":\"https:\/\/ubanews.com\/site\/2022\/06\/24\/policia-civil-reinaugura-delegacia-em-divino\/\",\"url\":\"https:\/\/ubanews.com\/site\/2022\/06\/24\/policia-civil-reinaugura-delegacia-em-divino\/\",\"name\":\"Pol\u00edcia Civil reinaugura delegacia em Divino - Ub\u00e1 News\",\"isPartOf\":{\"@id\":\"https:\/\/ubanews.com\/site\/#website\"},\"primaryImageOfPage\":{\"@id\":\"https:\/\/ubanews.com\/site\/2022\/06\/24\/policia-civil-reinaugura-delegacia-em-divino\/#primaryimage\"},\"image\":{\"@id\":\"https:\/\/ubanews.com\/site\/2022\/06\/24\/policia-civil-reinaugura-delegacia-em-divino\/#primaryimage\"},\"thumbnailUrl\":\"https:\/\/ubanews.com\/site\/wp-content\/uploads\/2018\/06\/Policia-Civil-de-Minas-Gerais-Logo.jpg\",\"datePublished\":\"2022-06-24T17:30:50+00:00\",\"dateModified\":\"2022-07-22T20:11:13+00:00\",\"breadcrumb\":{\"@id\":\"https:\/\/ubanews.com\/site\/2022\/06\/24\/policia-civil-reinaugura-delegacia-em-divino\/#breadcrumb\"},\"inLanguage\":\"pt-BR\",\"potentialAction\":[{\"@type\":\"ReadAction\",\"target\":[\"https:\/\/ubanews.com\/site\/2022\/06\/24\/policia-civil-reinaugura-delegacia-em-divino\/\"]}]},{\"@type\":\"ImageObject\",\"inLanguage\":\"pt-BR\",\"@id\":\"https:\/\/ubanews.com\/site\/2022\/06\/24\/policia-civil-reinaugura-delegacia-em-divino\/#primaryimage\",\"url\":\"https:\/\/ubanews.com\/site\/wp-content\/uploads\/2018\/06\/Policia-Civil-de-Minas-Gerais-Logo.jpg\",\"contentUrl\":\"https:\/\/ubanews.com\/site\/wp-content\/uploads\/2018\/06\/Policia-Civil-de-Minas-Gerais-Logo.jpg\",\"width\":800,\"height\":438,\"caption\":\"Pol\u00edcia Civil - Fato Policial\"},{\"@type\":\"BreadcrumbList\",\"@id\":\"https:\/\/ubanews.com\/site\/2022\/06\/24\/policia-civil-reinaugura-delegacia-em-divino\/#breadcrumb\",\"itemListElement\":[{\"@type\":\"ListItem\",\"position\":1,\"name\":\"Home\",\"item\":\"https:\/\/ubanews.com\/site\/\"},{\"@type\":\"ListItem\",\"position\":2,\"name\":\"Pol\u00edcia Civil reinaugura delegacia em Divino\"}]},{\"@type\":\"WebSite\",\"@id\":\"https:\/\/ubanews.com\/site\/#website\",\"url\":\"https:\/\/ubanews.com\/site\/\",\"name\":\"Ub\u00e1 News\",\"description\":\"\",\"publisher\":{\"@id\":\"https:\/\/ubanews.com\/site\/#organization\"},\"potentialAction\":[{\"@type\":\"SearchAction\",\"target\":{\"@type\":\"EntryPoint\",\"urlTemplate\":\"https:\/\/ubanews.com\/site\/?s={search_term_string}\"},\"query-input\":{\"@type\":\"PropertyValueSpecification\",\"valueRequired\":true,\"valueName\":\"search_term_string\"}}],\"inLanguage\":\"pt-BR\"},{\"@type\":\"Organization\",\"@id\":\"https:\/\/ubanews.com\/site\/#organization\",\"name\":\"Ub\u00e1 News\",\"url\":\"https:\/\/ubanews.com\/site\/\",\"logo\":{\"@type\":\"ImageObject\",\"inLanguage\":\"pt-BR\",\"@id\":\"https:\/\/ubanews.com\/site\/#\/schema\/logo\/image\/\",\"url\":\"https:\/\/ubanews.com\/site\/wp-content\/uploads\/2018\/01\/logoubanews.png\",\"contentUrl\":\"https:\/\/ubanews.com\/site\/wp-content\/uploads\/2018\/01\/logoubanews.png\",\"width\":261,\"height\":99,\"caption\":\"Ub\u00e1 News\"},\"image\":{\"@id\":\"https:\/\/ubanews.com\/site\/#\/schema\/logo\/image\/\"},\"sameAs\":[\"https:\/\/www.facebook.com\/Ub\u00e1News-Carlos-Roberto-Sodr\u00e9-418778301977370\"]},{\"@type\":\"Person\",\"@id\":\"https:\/\/ubanews.com\/site\/#\/schema\/person\/d90c9e47252fbb63dcc969fe4c8b9d10\",\"name\":\"Sodr\u00e9\",\"image\":{\"@type\":\"ImageObject\",\"inLanguage\":\"pt-BR\",\"@id\":\"https:\/\/secure.gravatar.com\/avatar\/5ba2793f0590b9dbfad3fdec4ee714485b3eef211c9b32ee53d414060454a56c?s=96&d=mm&r=g\",\"url\":\"https:\/\/secure.gravatar.com\/avatar\/5ba2793f0590b9dbfad3fdec4ee714485b3eef211c9b32ee53d414060454a56c?s=96&d=mm&r=g\",\"contentUrl\":\"https:\/\/secure.gravatar.com\/avatar\/5ba2793f0590b9dbfad3fdec4ee714485b3eef211c9b32ee53d414060454a56c?s=96&d=mm&r=g\",\"caption\":\"Sodr\u00e9\"},\"sameAs\":[\"https:\/\/www.facebook.com\/carosroberto.sodre.5\/\"],\"url\":\"https:\/\/ubanews.com\/site\/author\/felipe\/\"}]}<\/script>\n<!-- \/ Yoast SEO plugin. -->","yoast_head_json":{"title":"Pol\u00edcia Civil reinaugura delegacia em Divino - Ub\u00e1 News","robots":{"index":"index","follow":"follow","max-snippet":"max-snippet:-1","max-image-preview":"max-image-preview:large","max-video-preview":"max-video-preview:-1"},"canonical":"https:\/\/ubanews.com\/site\/2022\/06\/24\/policia-civil-reinaugura-delegacia-em-divino\/","og_locale":"pt_BR","og_type":"article","og_title":"Pol\u00edcia Civil reinaugura delegacia em Divino - Ub\u00e1 News","og_description":"Na quarta-feira (22\/6), a Pol\u00edcia Civil de Minas Gerais (PCMG),","og_url":"https:\/\/ubanews.com\/site\/2022\/06\/24\/policia-civil-reinaugura-delegacia-em-divino\/","og_site_name":"Ub\u00e1 News","article_publisher":"https:\/\/www.facebook.com\/Ub%c3%a1News-Carlos-Roberto-Sodr%c3%a9-418778301977370","article_author":"https:\/\/www.facebook.com\/carosroberto.sodre.5\/","article_published_time":"2022-06-24T17:30:50+00:00","article_modified_time":"2022-07-22T20:11:13+00:00","og_image":[{"width":800,"height":438,"url":"https:\/\/ubanews.com\/site\/wp-content\/uploads\/2018\/06\/Policia-Civil-de-Minas-Gerais-Logo.jpg","type":"image\/jpeg"}],"author":"Sodr\u00e9","twitter_card":"summary_large_image","twitter_misc":{"Escrito por":"Sodr\u00e9","Est. tempo de leitura":"5 minutos"},"schema":{"@context":"https:\/\/schema.org","@graph":[{"@type":"Article","@id":"https:\/\/ubanews.com\/site\/2022\/06\/24\/policia-civil-reinaugura-delegacia-em-divino\/#article","isPartOf":{"@id":"https:\/\/ubanews.com\/site\/2022\/06\/24\/policia-civil-reinaugura-delegacia-em-divino\/"},"author":{"name":"Sodr\u00e9","@id":"https:\/\/ubanews.com\/site\/#\/schema\/person\/d90c9e47252fbb63dcc969fe4c8b9d10"},"headline":"Pol\u00edcia Civil reinaugura delegacia em Divino","datePublished":"2022-06-24T17:30:50+00:00","dateModified":"2022-07-22T20:11:13+00:00","mainEntityOfPage":{"@id":"https:\/\/ubanews.com\/site\/2022\/06\/24\/policia-civil-reinaugura-delegacia-em-divino\/"},"wordCount":815,"commentCount":0,"publisher":{"@id":"https:\/\/ubanews.com\/site\/#organization"},"image":{"@id":"https:\/\/ubanews.com\/site\/2022\/06\/24\/policia-civil-reinaugura-delegacia-em-divino\/#primaryimage"},"thumbnailUrl":"https:\/\/ubanews.com\/site\/wp-content\/uploads\/2018\/06\/Policia-Civil-de-Minas-Gerais-Logo.jpg","articleSection":["Geral"],"inLanguage":"pt-BR","potentialAction":[{"@type":"CommentAction","name":"Comment","target":["https:\/\/ubanews.com\/site\/2022\/06\/24\/policia-civil-reinaugura-delegacia-em-divino\/#respond"]}]},{"@type":"WebPage","@id":"https:\/\/ubanews.com\/site\/2022\/06\/24\/policia-civil-reinaugura-delegacia-em-divino\/","url":"https:\/\/ubanews.com\/site\/2022\/06\/24\/policia-civil-reinaugura-delegacia-em-divino\/","name":"Pol\u00edcia Civil reinaugura delegacia em Divino - Ub\u00e1 News","isPartOf":{"@id":"https:\/\/ubanews.com\/site\/#website"},"primaryImageOfPage":{"@id":"https:\/\/ubanews.com\/site\/2022\/06\/24\/policia-civil-reinaugura-delegacia-em-divino\/#primaryimage"},"image":{"@id":"https:\/\/ubanews.com\/site\/2022\/06\/24\/policia-civil-reinaugura-delegacia-em-divino\/#primaryimage"},"thumbnailUrl":"https:\/\/ubanews.com\/site\/wp-content\/uploads\/2018\/06\/Policia-Civil-de-Minas-Gerais-Logo.jpg","datePublished":"2022-06-24T17:30:50+00:00","dateModified":"2022-07-22T20:11:13+00:00","breadcrumb":{"@id":"https:\/\/ubanews.com\/site\/2022\/06\/24\/policia-civil-reinaugura-delegacia-em-divino\/#breadcrumb"},"inLanguage":"pt-BR","potentialAction":[{"@type":"ReadAction","target":["https:\/\/ubanews.com\/site\/2022\/06\/24\/policia-civil-reinaugura-delegacia-em-divino\/"]}]},{"@type":"ImageObject","inLanguage":"pt-BR","@id":"https:\/\/ubanews.com\/site\/2022\/06\/24\/policia-civil-reinaugura-delegacia-em-divino\/#primaryimage","url":"https:\/\/ubanews.com\/site\/wp-content\/uploads\/2018\/06\/Policia-Civil-de-Minas-Gerais-Logo.jpg","contentUrl":"https:\/\/ubanews.com\/site\/wp-content\/uploads\/2018\/06\/Policia-Civil-de-Minas-Gerais-Logo.jpg","width":800,"height":438,"caption":"Pol\u00edcia Civil - Fato Policial"},{"@type":"BreadcrumbList","@id":"https:\/\/ubanews.com\/site\/2022\/06\/24\/policia-civil-reinaugura-delegacia-em-divino\/#breadcrumb","itemListElement":[{"@type":"ListItem","position":1,"name":"Home","item":"https:\/\/ubanews.com\/site\/"},{"@type":"ListItem","position":2,"name":"Pol\u00edcia Civil reinaugura delegacia em Divino"}]},{"@type":"WebSite","@id":"https:\/\/ubanews.com\/site\/#website","url":"https:\/\/ubanews.com\/site\/","name":"Ub\u00e1 News","description":"","publisher":{"@id":"https:\/\/ubanews.com\/site\/#organization"},"potentialAction":[{"@type":"SearchAction","target":{"@type":"EntryPoint","urlTemplate":"https:\/\/ubanews.com\/site\/?s={search_term_string}"},"query-input":{"@type":"PropertyValueSpecification","valueRequired":true,"valueName":"search_term_string"}}],"inLanguage":"pt-BR"},{"@type":"Organization","@id":"https:\/\/ubanews.com\/site\/#organization","name":"Ub\u00e1 News","url":"https:\/\/ubanews.com\/site\/","logo":{"@type":"ImageObject","inLanguage":"pt-BR","@id":"https:\/\/ubanews.com\/site\/#\/schema\/logo\/image\/","url":"https:\/\/ubanews.com\/site\/wp-content\/uploads\/2018\/01\/logoubanews.png","contentUrl":"https:\/\/ubanews.com\/site\/wp-content\/uploads\/2018\/01\/logoubanews.png","width":261,"height":99,"caption":"Ub\u00e1 News"},"image":{"@id":"https:\/\/ubanews.com\/site\/#\/schema\/logo\/image\/"},"sameAs":["https:\/\/www.facebook.com\/Ub\u00e1News-Carlos-Roberto-Sodr\u00e9-418778301977370"]},{"@type":"Person","@id":"https:\/\/ubanews.com\/site\/#\/schema\/person\/d90c9e47252fbb63dcc969fe4c8b9d10","name":"Sodr\u00e9","image":{"@type":"ImageObject","inLanguage":"pt-BR","@id":"https:\/\/secure.gravatar.com\/avatar\/5ba2793f0590b9dbfad3fdec4ee714485b3eef211c9b32ee53d414060454a56c?s=96&d=mm&r=g","url":"https:\/\/secure.gravatar.com\/avatar\/5ba2793f0590b9dbfad3fdec4ee714485b3eef211c9b32ee53d414060454a56c?s=96&d=mm&r=g","contentUrl":"https:\/\/secure.gravatar.com\/avatar\/5ba2793f0590b9dbfad3fdec4ee714485b3eef211c9b32ee53d414060454a56c?s=96&d=mm&r=g","caption":"Sodr\u00e9"},"sameAs":["https:\/\/www.facebook.com\/carosroberto.sodre.5\/"],"url":"https:\/\/ubanews.com\/site\/author\/felipe\/"}]}},"_links":{"self":[{"href":"https:\/\/ubanews.com\/site\/wp-json\/wp\/v2\/posts\/21298","targetHints":{"allow":["GET"]}}],"collection":[{"href":"https:\/\/ubanews.com\/site\/wp-json\/wp\/v2\/posts"}],"about":[{"href":"https:\/\/ubanews.com\/site\/wp-json\/wp\/v2\/types\/post"}],"author":[{"embeddable":true,"href":"https:\/\/ubanews.com\/site\/wp-json\/wp\/v2\/users\/2"}],"replies":[{"embeddable":true,"href":"https:\/\/ubanews.com\/site\/wp-json\/wp\/v2\/comments?post=21298"}],"version-history":[{"count":0,"href":"https:\/\/ubanews.com\/site\/wp-json\/wp\/v2\/posts\/21298\/revisions"}],"wp:featuredmedia":[{"embeddable":true,"href":"https:\/\/ubanews.com\/site\/wp-json\/wp\/v2\/media\/4873"}],"wp:attachment":[{"href":"https:\/\/ubanews.com\/site\/wp-json\/wp\/v2\/media?parent=21298"}],"wp:term":[{"taxonomy":"category","embeddable":true,"href":"https:\/\/ubanews.com\/site\/wp-json\/wp\/v2\/categories?post=21298"},{"taxonomy":"post_tag","embeddable":true,"href":"https:\/\/ubanews.com\/site\/wp-json\/wp\/v2\/tags?post=21298"}],"curies":[{"name":"wp","href":"https:\/\/api.w.org\/{rel}","templated":true}]}}