{"id":21288,"date":"2022-07-01T11:00:49","date_gmt":"2022-07-01T14:00:49","guid":{"rendered":"http:\/\/ubanews.com\/site\/?p=21288"},"modified":"2022-07-22T16:56:07","modified_gmt":"2022-07-22T19:56:07","slug":"uba-165-anos-programacao-do-aniversario-da-cidade","status":"publish","type":"post","link":"https:\/\/ubanews.com\/site\/2022\/07\/01\/uba-165-anos-programacao-do-aniversario-da-cidade\/","title":{"rendered":"Ub\u00e1 165 anos: Programa\u00e7\u00e3o do anivers\u00e1rio da cidade"},"content":{"rendered":"<p style=\"font-weight: 400;\">No ano em que comemora 165 anos, Ub\u00e1 ir\u00e1 celebrar em grande estilo com inaugura\u00e7\u00f5es de obras, implanta\u00e7\u00e3o de servi\u00e7os e entrega de T\u00edtulos e abertura de processo de Regulariza\u00e7\u00e3o Fundi\u00e1ria.<\/p>\n<p style=\"font-weight: 400;\">Uma Virada Cultural e Esportiva, com shows de bandas locais e atividades desportivas, tamb\u00e9m vai integrar a programa\u00e7\u00e3o do anivers\u00e1rio de Ub\u00e1.<\/p>\n<p style=\"font-weight: 400;\">A programa\u00e7\u00e3o oficial do anivers\u00e1rio da cidade come\u00e7a neste s\u00e1bado, dia 02, e se estende at\u00e9 o dia 31 de julho.<\/p>\n<p style=\"font-weight: 400;\"><strong><b>Prefeitura realiza entrega dos T\u00edtulos de Regulariza\u00e7\u00e3o Fundi\u00e1ria da Miragaia<\/b><\/strong><\/p>\n<p style=\"font-weight: 400;\">Abrindo a programa\u00e7\u00e3o das comemora\u00e7\u00f5es dos 165 anos de Ub\u00e1, o distrito de Miragaia recebe neste s\u00e1bado, dia 02 de julho, a festa &#8220;Miragaense do Cora\u00e7\u00e3o&#8221; e a Solenidade de Entrega dos T\u00edtulos de Regulariza\u00e7\u00e3o Fundi\u00e1ria aos moradores do Distrito. Os eventos acontecer\u00e3o ao lado da Escola Estadual&nbsp;&nbsp;Coronel Jo\u00e3o Ferreira de Andrade.<\/p>\n<p style=\"font-weight: 400;\">Com atra\u00e7\u00f5es a partir das 14h, a festa contar\u00e1 com show musicais de Laudemir e Miguel, Nana e Nega e Dennis e Cristiano, al\u00e9m de a\u00e7\u00f5es do Projeto Juventude Viva (alongamento, taekwondo e futsal) e \u00e1rea kids.<\/p>\n<p style=\"font-weight: 400;\">\u00c0s 18h, a Prefeitura realiza a entrega dos T\u00edtulos de Regulariza\u00e7\u00e3o Fundi\u00e1ria da Miragaia. Ao todo ser\u00e3o entregues 160 t\u00edtulos de propriedade, como parte do Programa Municipal de Regulariza\u00e7\u00e3o Fundi\u00e1ria Urbana, executado pela Divis\u00e3o de Habita\u00e7\u00e3o e Gest\u00e3o Fundi\u00e1ria da Secretaria de Planejamento e Desenvolvimento Sustent\u00e1vel.<\/p>\n<p style=\"font-weight: 400;\">O Programa Municipal de Regulariza\u00e7\u00e3o Fundi\u00e1ria Urbana visa a incorpora\u00e7\u00e3o dos n\u00facleos urbanos informais ao ordenamento territorial urbano e a titula\u00e7\u00e3o dos seus ocupantes, de modo a garantir o direito social \u00e0 moradia, principalmente \u00e0s fam\u00edlias de baixa renda.<\/p>\n<p style=\"font-weight: 400;\">Atrav\u00e9s do Programa, a Prefeitura vai contemplar ainda moradias dos bairros Fazendinha, Altair Rocha, Pires da Luz; das ruas Eliza Amaral Peron (bairro Agroceres), Olavo Bilac e Campo Florido (bairro Noeme Batalha), Santos Miquelito (bairro Santa Edwiges) e Col\u00f4nia Padre Dami\u00e3o, cujos processos de regulariza\u00e7\u00e3o j\u00e1 se encontram instaurados e em andamento. Posteriormente, outros n\u00facleos j\u00e1 identificados, tamb\u00e9m poder\u00e3o ser contemplados.<\/p>\n<p style=\"font-weight: 400;\"><strong><b>Prefeitura inaugura pra\u00e7a no In\u00eas Groppo<\/b><\/strong><\/p>\n<p style=\"font-weight: 400;\">Para marcar o anivers\u00e1rio de 165 anos da nossa cidade, a Prefeitura de Ub\u00e1 realiza no pr\u00f3ximo domingo, dia 03 de julho, a solenidade de inaugura\u00e7\u00e3o e denomina\u00e7\u00e3o de uma pra\u00e7a, constru\u00edda no bairro In\u00eas Groppo. O evento acontece a partir das 09h, na rua Jo\u00e3o Groppo, pr\u00f3ximo ao n\u00famero 220.<\/p>\n<p style=\"font-weight: 400;\">A pra\u00e7a, denominada em homenagem ao senhor Jos\u00e9 Fl\u00e1vio Teixeira, ser\u00e1 entregue \u00e0 comunidade ap\u00f3s a constru\u00e7\u00e3o de um muro de gabi\u00e3o com 150 metros de extens\u00e3o e 08 metros de altura, para conten\u00e7\u00e3o da rua Jo\u00e3o Groppo, e a conclus\u00e3o dos servi\u00e7os de pavimenta\u00e7\u00e3o; de instala\u00e7\u00e3o el\u00e9trica e de lumin\u00e1rias; de paisagismo, com o plantio de cinco Ip\u00eas Brancos, um Ip\u00ea Amarelo e um Jacarand\u00e1 Mimoso e instala\u00e7\u00e3o de um pergolado de Jade Vermelha; al\u00e9m da implanta\u00e7\u00e3o de uma academia ao ar livre e de um playground inclusivo, com um brinquedo adaptado para crian\u00e7as com defici\u00eancia.<\/p>\n<p style=\"font-weight: 400;\">As obras de constru\u00e7\u00e3o da Pra\u00e7a \u201cJos\u00e9 Fl\u00e1vio Teixeira\u201d foram executadas atrav\u00e9s de recursos municipais, e cumprem meta do plano de governo da atual administra\u00e7\u00e3o implantar o uso ordenado e sustent\u00e1vel dos espa\u00e7os p\u00fablicos, atrav\u00e9s de a\u00e7\u00f5es de recupera\u00e7\u00e3o, revitaliza\u00e7\u00e3o e reestrutura\u00e7\u00e3o, tornando assim a cidade mais agrad\u00e1vel, dando mais qualidade de vida, seguran\u00e7a e acessibilidade \u00e0s pessoas e possibilitando a promo\u00e7\u00e3o do lazer no munic\u00edpio.<\/p>\n<p style=\"font-weight: 400;\"><strong><b>Prefeitura promove Aula Inaugural para a Guarda Civil Municipal<\/b><\/strong><\/p>\n<p style=\"font-weight: 400;\">Nesta segunda-feira, dia 04 de julho, a Prefeitura de Ub\u00e1 promove a Aula Inaugural do curso de forma\u00e7\u00e3o dos candidatos \u00e0 Guarda Civil Municipal. O evento acontece \u00e0s 14h, no F\u00f3rum Cultural (Pra\u00e7a S\u00e3o Janu\u00e1rio, n\u00ba 28 &#8211; Centro).<\/p>\n<p style=\"font-weight: 400;\">O curso de forma\u00e7\u00e3o, com dura\u00e7\u00e3o de 04 meses, segue as diretrizes da Matriz Curricular de Capacita\u00e7\u00e3o Espec\u00edfica estabelecida pela Secretaria Nacional de Seguran\u00e7a P\u00fablica e \u00e9 a \u00faltima etapa do Concurso P\u00fablico &#8211; Edital 01\/2020 para investidura do cargo de Guarda Civil Municipal de Ub\u00e1.<\/p>\n<p style=\"font-weight: 400;\">Ao todo, participam do curso 40 candidatos. Ap\u00f3s essa etapa, de car\u00e1ter eliminat\u00f3ria, ser\u00e1 realizada a homologa\u00e7\u00e3o e nomea\u00e7\u00e3o para ocupa\u00e7\u00e3o das 20 vagas estabelecidas no Edital.<\/p>\n<p style=\"font-weight: 400;\">Confira abaixo a programa\u00e7\u00e3o:<\/p>\n<p><a href=\"https:\/\/ubanews.com\/site\/wp-content\/uploads\/2022\/07\/WhatsApp-Image-2022-06-29-at-10.11.33.jpeg\"><img decoding=\"async\" class=\"aligncenter size-full wp-image-21289 lazyload\" data-src=\"https:\/\/ubanews.com\/site\/wp-content\/uploads\/2022\/07\/WhatsApp-Image-2022-06-29-at-10.11.33.jpeg\" alt=\"\" width=\"1280\" height=\"1278\" data-srcset=\"https:\/\/ubanews.com\/site\/wp-content\/uploads\/2022\/07\/WhatsApp-Image-2022-06-29-at-10.11.33.jpeg 1280w, https:\/\/ubanews.com\/site\/wp-content\/uploads\/2022\/07\/WhatsApp-Image-2022-06-29-at-10.11.33-300x300.jpeg 300w, https:\/\/ubanews.com\/site\/wp-content\/uploads\/2022\/07\/WhatsApp-Image-2022-06-29-at-10.11.33-1024x1022.jpeg 1024w, https:\/\/ubanews.com\/site\/wp-content\/uploads\/2022\/07\/WhatsApp-Image-2022-06-29-at-10.11.33-150x150.jpeg 150w, https:\/\/ubanews.com\/site\/wp-content\/uploads\/2022\/07\/WhatsApp-Image-2022-06-29-at-10.11.33-768x767.jpeg 768w\" data-sizes=\"(max-width: 1280px) 100vw, 1280px\" src=\"data:image\/svg+xml;base64,PHN2ZyB3aWR0aD0iMSIgaGVpZ2h0PSIxIiB4bWxucz0iaHR0cDovL3d3dy53My5vcmcvMjAwMC9zdmciPjwvc3ZnPg==\" style=\"--smush-placeholder-width: 1280px; --smush-placeholder-aspect-ratio: 1280\/1278;\" \/><\/a><\/p>\n","protected":false},"excerpt":{"rendered":"<p>No ano em que comemora 165 anos, Ub\u00e1 ir\u00e1 celebrar<\/p>\n","protected":false},"author":2,"featured_media":3995,"comment_status":"open","ping_status":"open","sticky":false,"template":"","format":"standard","meta":{"footnotes":""},"categories":[15],"tags":[],"class_list":["post-21288","post","type-post","status-publish","format-standard","has-post-thumbnail","hentry","category-prefeitura-municipal"],"yoast_head":"<!-- This site is optimized with the Yoast SEO plugin v27.2 - https:\/\/yoast.com\/product\/yoast-seo-wordpress\/ -->\n<title>Ub\u00e1 165 anos: Programa\u00e7\u00e3o do anivers\u00e1rio da cidade - Ub\u00e1 News<\/title>\n<meta name=\"robots\" content=\"index, follow, max-snippet:-1, max-image-preview:large, max-video-preview:-1\" \/>\n<link rel=\"canonical\" href=\"https:\/\/ubanews.com\/site\/2022\/07\/01\/uba-165-anos-programacao-do-aniversario-da-cidade\/\" \/>\n<meta property=\"og:locale\" content=\"pt_BR\" \/>\n<meta property=\"og:type\" content=\"article\" \/>\n<meta property=\"og:title\" content=\"Ub\u00e1 165 anos: Programa\u00e7\u00e3o do anivers\u00e1rio da cidade - Ub\u00e1 News\" \/>\n<meta property=\"og:description\" content=\"No ano em que comemora 165 anos, Ub\u00e1 ir\u00e1 celebrar\" \/>\n<meta property=\"og:url\" content=\"https:\/\/ubanews.com\/site\/2022\/07\/01\/uba-165-anos-programacao-do-aniversario-da-cidade\/\" \/>\n<meta property=\"og:site_name\" content=\"Ub\u00e1 News\" \/>\n<meta property=\"article:publisher\" content=\"https:\/\/www.facebook.com\/Ub%c3%a1News-Carlos-Roberto-Sodr%c3%a9-418778301977370\" \/>\n<meta property=\"article:author\" content=\"https:\/\/www.facebook.com\/carosroberto.sodre.5\/\" \/>\n<meta property=\"article:published_time\" content=\"2022-07-01T14:00:49+00:00\" \/>\n<meta property=\"article:modified_time\" content=\"2022-07-22T19:56:07+00:00\" \/>\n<meta property=\"og:image\" content=\"https:\/\/ubanews.com\/site\/wp-content\/uploads\/2018\/05\/65711507580479.jpg\" \/>\n\t<meta property=\"og:image:width\" content=\"768\" \/>\n\t<meta property=\"og:image:height\" content=\"576\" \/>\n\t<meta property=\"og:image:type\" content=\"image\/jpeg\" \/>\n<meta name=\"author\" content=\"Sodr\u00e9\" \/>\n<meta name=\"twitter:card\" content=\"summary_large_image\" \/>\n<meta name=\"twitter:label1\" content=\"Escrito por\" \/>\n\t<meta name=\"twitter:data1\" content=\"Sodr\u00e9\" \/>\n\t<meta name=\"twitter:label2\" content=\"Est. tempo de leitura\" \/>\n\t<meta name=\"twitter:data2\" content=\"4 minutos\" \/>\n<script type=\"application\/ld+json\" class=\"yoast-schema-graph\">{\"@context\":\"https:\/\/schema.org\",\"@graph\":[{\"@type\":\"Article\",\"@id\":\"https:\/\/ubanews.com\/site\/2022\/07\/01\/uba-165-anos-programacao-do-aniversario-da-cidade\/#article\",\"isPartOf\":{\"@id\":\"https:\/\/ubanews.com\/site\/2022\/07\/01\/uba-165-anos-programacao-do-aniversario-da-cidade\/\"},\"author\":{\"name\":\"Sodr\u00e9\",\"@id\":\"https:\/\/ubanews.com\/site\/#\/schema\/person\/d90c9e47252fbb63dcc969fe4c8b9d10\"},\"headline\":\"Ub\u00e1 165 anos: Programa\u00e7\u00e3o do anivers\u00e1rio da cidade\",\"datePublished\":\"2022-07-01T14:00:49+00:00\",\"dateModified\":\"2022-07-22T19:56:07+00:00\",\"mainEntityOfPage\":{\"@id\":\"https:\/\/ubanews.com\/site\/2022\/07\/01\/uba-165-anos-programacao-do-aniversario-da-cidade\/\"},\"wordCount\":776,\"commentCount\":0,\"publisher\":{\"@id\":\"https:\/\/ubanews.com\/site\/#organization\"},\"image\":{\"@id\":\"https:\/\/ubanews.com\/site\/2022\/07\/01\/uba-165-anos-programacao-do-aniversario-da-cidade\/#primaryimage\"},\"thumbnailUrl\":\"https:\/\/ubanews.com\/site\/wp-content\/uploads\/2018\/05\/65711507580479.jpg\",\"articleSection\":[\"Prefeitura Municipal\"],\"inLanguage\":\"pt-BR\",\"potentialAction\":[{\"@type\":\"CommentAction\",\"name\":\"Comment\",\"target\":[\"https:\/\/ubanews.com\/site\/2022\/07\/01\/uba-165-anos-programacao-do-aniversario-da-cidade\/#respond\"]}]},{\"@type\":\"WebPage\",\"@id\":\"https:\/\/ubanews.com\/site\/2022\/07\/01\/uba-165-anos-programacao-do-aniversario-da-cidade\/\",\"url\":\"https:\/\/ubanews.com\/site\/2022\/07\/01\/uba-165-anos-programacao-do-aniversario-da-cidade\/\",\"name\":\"Ub\u00e1 165 anos: Programa\u00e7\u00e3o do anivers\u00e1rio da cidade - Ub\u00e1 News\",\"isPartOf\":{\"@id\":\"https:\/\/ubanews.com\/site\/#website\"},\"primaryImageOfPage\":{\"@id\":\"https:\/\/ubanews.com\/site\/2022\/07\/01\/uba-165-anos-programacao-do-aniversario-da-cidade\/#primaryimage\"},\"image\":{\"@id\":\"https:\/\/ubanews.com\/site\/2022\/07\/01\/uba-165-anos-programacao-do-aniversario-da-cidade\/#primaryimage\"},\"thumbnailUrl\":\"https:\/\/ubanews.com\/site\/wp-content\/uploads\/2018\/05\/65711507580479.jpg\",\"datePublished\":\"2022-07-01T14:00:49+00:00\",\"dateModified\":\"2022-07-22T19:56:07+00:00\",\"breadcrumb\":{\"@id\":\"https:\/\/ubanews.com\/site\/2022\/07\/01\/uba-165-anos-programacao-do-aniversario-da-cidade\/#breadcrumb\"},\"inLanguage\":\"pt-BR\",\"potentialAction\":[{\"@type\":\"ReadAction\",\"target\":[\"https:\/\/ubanews.com\/site\/2022\/07\/01\/uba-165-anos-programacao-do-aniversario-da-cidade\/\"]}]},{\"@type\":\"ImageObject\",\"inLanguage\":\"pt-BR\",\"@id\":\"https:\/\/ubanews.com\/site\/2022\/07\/01\/uba-165-anos-programacao-do-aniversario-da-cidade\/#primaryimage\",\"url\":\"https:\/\/ubanews.com\/site\/wp-content\/uploads\/2018\/05\/65711507580479.jpg\",\"contentUrl\":\"https:\/\/ubanews.com\/site\/wp-content\/uploads\/2018\/05\/65711507580479.jpg\",\"width\":768,\"height\":576},{\"@type\":\"BreadcrumbList\",\"@id\":\"https:\/\/ubanews.com\/site\/2022\/07\/01\/uba-165-anos-programacao-do-aniversario-da-cidade\/#breadcrumb\",\"itemListElement\":[{\"@type\":\"ListItem\",\"position\":1,\"name\":\"Home\",\"item\":\"https:\/\/ubanews.com\/site\/\"},{\"@type\":\"ListItem\",\"position\":2,\"name\":\"Ub\u00e1 165 anos: Programa\u00e7\u00e3o do anivers\u00e1rio da cidade\"}]},{\"@type\":\"WebSite\",\"@id\":\"https:\/\/ubanews.com\/site\/#website\",\"url\":\"https:\/\/ubanews.com\/site\/\",\"name\":\"Ub\u00e1 News\",\"description\":\"\",\"publisher\":{\"@id\":\"https:\/\/ubanews.com\/site\/#organization\"},\"potentialAction\":[{\"@type\":\"SearchAction\",\"target\":{\"@type\":\"EntryPoint\",\"urlTemplate\":\"https:\/\/ubanews.com\/site\/?s={search_term_string}\"},\"query-input\":{\"@type\":\"PropertyValueSpecification\",\"valueRequired\":true,\"valueName\":\"search_term_string\"}}],\"inLanguage\":\"pt-BR\"},{\"@type\":\"Organization\",\"@id\":\"https:\/\/ubanews.com\/site\/#organization\",\"name\":\"Ub\u00e1 News\",\"url\":\"https:\/\/ubanews.com\/site\/\",\"logo\":{\"@type\":\"ImageObject\",\"inLanguage\":\"pt-BR\",\"@id\":\"https:\/\/ubanews.com\/site\/#\/schema\/logo\/image\/\",\"url\":\"https:\/\/ubanews.com\/site\/wp-content\/uploads\/2018\/01\/logoubanews.png\",\"contentUrl\":\"https:\/\/ubanews.com\/site\/wp-content\/uploads\/2018\/01\/logoubanews.png\",\"width\":261,\"height\":99,\"caption\":\"Ub\u00e1 News\"},\"image\":{\"@id\":\"https:\/\/ubanews.com\/site\/#\/schema\/logo\/image\/\"},\"sameAs\":[\"https:\/\/www.facebook.com\/Ub\u00e1News-Carlos-Roberto-Sodr\u00e9-418778301977370\"]},{\"@type\":\"Person\",\"@id\":\"https:\/\/ubanews.com\/site\/#\/schema\/person\/d90c9e47252fbb63dcc969fe4c8b9d10\",\"name\":\"Sodr\u00e9\",\"image\":{\"@type\":\"ImageObject\",\"inLanguage\":\"pt-BR\",\"@id\":\"https:\/\/secure.gravatar.com\/avatar\/5ba2793f0590b9dbfad3fdec4ee714485b3eef211c9b32ee53d414060454a56c?s=96&d=mm&r=g\",\"url\":\"https:\/\/secure.gravatar.com\/avatar\/5ba2793f0590b9dbfad3fdec4ee714485b3eef211c9b32ee53d414060454a56c?s=96&d=mm&r=g\",\"contentUrl\":\"https:\/\/secure.gravatar.com\/avatar\/5ba2793f0590b9dbfad3fdec4ee714485b3eef211c9b32ee53d414060454a56c?s=96&d=mm&r=g\",\"caption\":\"Sodr\u00e9\"},\"sameAs\":[\"https:\/\/www.facebook.com\/carosroberto.sodre.5\/\"],\"url\":\"https:\/\/ubanews.com\/site\/author\/felipe\/\"}]}<\/script>\n<!-- \/ Yoast SEO plugin. -->","yoast_head_json":{"title":"Ub\u00e1 165 anos: Programa\u00e7\u00e3o do anivers\u00e1rio da cidade - Ub\u00e1 News","robots":{"index":"index","follow":"follow","max-snippet":"max-snippet:-1","max-image-preview":"max-image-preview:large","max-video-preview":"max-video-preview:-1"},"canonical":"https:\/\/ubanews.com\/site\/2022\/07\/01\/uba-165-anos-programacao-do-aniversario-da-cidade\/","og_locale":"pt_BR","og_type":"article","og_title":"Ub\u00e1 165 anos: Programa\u00e7\u00e3o do anivers\u00e1rio da cidade - Ub\u00e1 News","og_description":"No ano em que comemora 165 anos, Ub\u00e1 ir\u00e1 celebrar","og_url":"https:\/\/ubanews.com\/site\/2022\/07\/01\/uba-165-anos-programacao-do-aniversario-da-cidade\/","og_site_name":"Ub\u00e1 News","article_publisher":"https:\/\/www.facebook.com\/Ub%c3%a1News-Carlos-Roberto-Sodr%c3%a9-418778301977370","article_author":"https:\/\/www.facebook.com\/carosroberto.sodre.5\/","article_published_time":"2022-07-01T14:00:49+00:00","article_modified_time":"2022-07-22T19:56:07+00:00","og_image":[{"width":768,"height":576,"url":"https:\/\/ubanews.com\/site\/wp-content\/uploads\/2018\/05\/65711507580479.jpg","type":"image\/jpeg"}],"author":"Sodr\u00e9","twitter_card":"summary_large_image","twitter_misc":{"Escrito por":"Sodr\u00e9","Est. tempo de leitura":"4 minutos"},"schema":{"@context":"https:\/\/schema.org","@graph":[{"@type":"Article","@id":"https:\/\/ubanews.com\/site\/2022\/07\/01\/uba-165-anos-programacao-do-aniversario-da-cidade\/#article","isPartOf":{"@id":"https:\/\/ubanews.com\/site\/2022\/07\/01\/uba-165-anos-programacao-do-aniversario-da-cidade\/"},"author":{"name":"Sodr\u00e9","@id":"https:\/\/ubanews.com\/site\/#\/schema\/person\/d90c9e47252fbb63dcc969fe4c8b9d10"},"headline":"Ub\u00e1 165 anos: Programa\u00e7\u00e3o do anivers\u00e1rio da cidade","datePublished":"2022-07-01T14:00:49+00:00","dateModified":"2022-07-22T19:56:07+00:00","mainEntityOfPage":{"@id":"https:\/\/ubanews.com\/site\/2022\/07\/01\/uba-165-anos-programacao-do-aniversario-da-cidade\/"},"wordCount":776,"commentCount":0,"publisher":{"@id":"https:\/\/ubanews.com\/site\/#organization"},"image":{"@id":"https:\/\/ubanews.com\/site\/2022\/07\/01\/uba-165-anos-programacao-do-aniversario-da-cidade\/#primaryimage"},"thumbnailUrl":"https:\/\/ubanews.com\/site\/wp-content\/uploads\/2018\/05\/65711507580479.jpg","articleSection":["Prefeitura Municipal"],"inLanguage":"pt-BR","potentialAction":[{"@type":"CommentAction","name":"Comment","target":["https:\/\/ubanews.com\/site\/2022\/07\/01\/uba-165-anos-programacao-do-aniversario-da-cidade\/#respond"]}]},{"@type":"WebPage","@id":"https:\/\/ubanews.com\/site\/2022\/07\/01\/uba-165-anos-programacao-do-aniversario-da-cidade\/","url":"https:\/\/ubanews.com\/site\/2022\/07\/01\/uba-165-anos-programacao-do-aniversario-da-cidade\/","name":"Ub\u00e1 165 anos: Programa\u00e7\u00e3o do anivers\u00e1rio da cidade - Ub\u00e1 News","isPartOf":{"@id":"https:\/\/ubanews.com\/site\/#website"},"primaryImageOfPage":{"@id":"https:\/\/ubanews.com\/site\/2022\/07\/01\/uba-165-anos-programacao-do-aniversario-da-cidade\/#primaryimage"},"image":{"@id":"https:\/\/ubanews.com\/site\/2022\/07\/01\/uba-165-anos-programacao-do-aniversario-da-cidade\/#primaryimage"},"thumbnailUrl":"https:\/\/ubanews.com\/site\/wp-content\/uploads\/2018\/05\/65711507580479.jpg","datePublished":"2022-07-01T14:00:49+00:00","dateModified":"2022-07-22T19:56:07+00:00","breadcrumb":{"@id":"https:\/\/ubanews.com\/site\/2022\/07\/01\/uba-165-anos-programacao-do-aniversario-da-cidade\/#breadcrumb"},"inLanguage":"pt-BR","potentialAction":[{"@type":"ReadAction","target":["https:\/\/ubanews.com\/site\/2022\/07\/01\/uba-165-anos-programacao-do-aniversario-da-cidade\/"]}]},{"@type":"ImageObject","inLanguage":"pt-BR","@id":"https:\/\/ubanews.com\/site\/2022\/07\/01\/uba-165-anos-programacao-do-aniversario-da-cidade\/#primaryimage","url":"https:\/\/ubanews.com\/site\/wp-content\/uploads\/2018\/05\/65711507580479.jpg","contentUrl":"https:\/\/ubanews.com\/site\/wp-content\/uploads\/2018\/05\/65711507580479.jpg","width":768,"height":576},{"@type":"BreadcrumbList","@id":"https:\/\/ubanews.com\/site\/2022\/07\/01\/uba-165-anos-programacao-do-aniversario-da-cidade\/#breadcrumb","itemListElement":[{"@type":"ListItem","position":1,"name":"Home","item":"https:\/\/ubanews.com\/site\/"},{"@type":"ListItem","position":2,"name":"Ub\u00e1 165 anos: Programa\u00e7\u00e3o do anivers\u00e1rio da cidade"}]},{"@type":"WebSite","@id":"https:\/\/ubanews.com\/site\/#website","url":"https:\/\/ubanews.com\/site\/","name":"Ub\u00e1 News","description":"","publisher":{"@id":"https:\/\/ubanews.com\/site\/#organization"},"potentialAction":[{"@type":"SearchAction","target":{"@type":"EntryPoint","urlTemplate":"https:\/\/ubanews.com\/site\/?s={search_term_string}"},"query-input":{"@type":"PropertyValueSpecification","valueRequired":true,"valueName":"search_term_string"}}],"inLanguage":"pt-BR"},{"@type":"Organization","@id":"https:\/\/ubanews.com\/site\/#organization","name":"Ub\u00e1 News","url":"https:\/\/ubanews.com\/site\/","logo":{"@type":"ImageObject","inLanguage":"pt-BR","@id":"https:\/\/ubanews.com\/site\/#\/schema\/logo\/image\/","url":"https:\/\/ubanews.com\/site\/wp-content\/uploads\/2018\/01\/logoubanews.png","contentUrl":"https:\/\/ubanews.com\/site\/wp-content\/uploads\/2018\/01\/logoubanews.png","width":261,"height":99,"caption":"Ub\u00e1 News"},"image":{"@id":"https:\/\/ubanews.com\/site\/#\/schema\/logo\/image\/"},"sameAs":["https:\/\/www.facebook.com\/Ub\u00e1News-Carlos-Roberto-Sodr\u00e9-418778301977370"]},{"@type":"Person","@id":"https:\/\/ubanews.com\/site\/#\/schema\/person\/d90c9e47252fbb63dcc969fe4c8b9d10","name":"Sodr\u00e9","image":{"@type":"ImageObject","inLanguage":"pt-BR","@id":"https:\/\/secure.gravatar.com\/avatar\/5ba2793f0590b9dbfad3fdec4ee714485b3eef211c9b32ee53d414060454a56c?s=96&d=mm&r=g","url":"https:\/\/secure.gravatar.com\/avatar\/5ba2793f0590b9dbfad3fdec4ee714485b3eef211c9b32ee53d414060454a56c?s=96&d=mm&r=g","contentUrl":"https:\/\/secure.gravatar.com\/avatar\/5ba2793f0590b9dbfad3fdec4ee714485b3eef211c9b32ee53d414060454a56c?s=96&d=mm&r=g","caption":"Sodr\u00e9"},"sameAs":["https:\/\/www.facebook.com\/carosroberto.sodre.5\/"],"url":"https:\/\/ubanews.com\/site\/author\/felipe\/"}]}},"_links":{"self":[{"href":"https:\/\/ubanews.com\/site\/wp-json\/wp\/v2\/posts\/21288","targetHints":{"allow":["GET"]}}],"collection":[{"href":"https:\/\/ubanews.com\/site\/wp-json\/wp\/v2\/posts"}],"about":[{"href":"https:\/\/ubanews.com\/site\/wp-json\/wp\/v2\/types\/post"}],"author":[{"embeddable":true,"href":"https:\/\/ubanews.com\/site\/wp-json\/wp\/v2\/users\/2"}],"replies":[{"embeddable":true,"href":"https:\/\/ubanews.com\/site\/wp-json\/wp\/v2\/comments?post=21288"}],"version-history":[{"count":0,"href":"https:\/\/ubanews.com\/site\/wp-json\/wp\/v2\/posts\/21288\/revisions"}],"wp:featuredmedia":[{"embeddable":true,"href":"https:\/\/ubanews.com\/site\/wp-json\/wp\/v2\/media\/3995"}],"wp:attachment":[{"href":"https:\/\/ubanews.com\/site\/wp-json\/wp\/v2\/media?parent=21288"}],"wp:term":[{"taxonomy":"category","embeddable":true,"href":"https:\/\/ubanews.com\/site\/wp-json\/wp\/v2\/categories?post=21288"},{"taxonomy":"post_tag","embeddable":true,"href":"https:\/\/ubanews.com\/site\/wp-json\/wp\/v2\/tags?post=21288"}],"curies":[{"name":"wp","href":"https:\/\/api.w.org\/{rel}","templated":true}]}}