{"id":21281,"date":"2022-07-20T09:00:56","date_gmt":"2022-07-20T12:00:56","guid":{"rendered":"http:\/\/ubanews.com\/site\/?p=21281"},"modified":"2022-07-22T16:47:44","modified_gmt":"2022-07-22T19:47:44","slug":"prefeitura-entrega-obras-de-revitalizacao-da-quadra-do-bairro-fazendinha","status":"publish","type":"post","link":"https:\/\/ubanews.com\/site\/2022\/07\/20\/prefeitura-entrega-obras-de-revitalizacao-da-quadra-do-bairro-fazendinha\/","title":{"rendered":"Prefeitura entrega obras de revitaliza\u00e7\u00e3o da quadra do Bairro Fazendinha"},"content":{"rendered":"<p style=\"font-weight: 400;\">A Prefeitura de Ub\u00e1, por meio das Secretarias de Desenvolvimento Social e de Obras, realiza no dia 23 de julho a entrega das obras de revitaliza\u00e7\u00e3o da Quadra Poliesportiva e da pra\u00e7a do bairro Fazendinha. O evento, que integra as comemora\u00e7\u00f5es pelos 165 anos de Ub\u00e1, ser\u00e1 a partir das 09h30, na rua Inglaterra, pr\u00f3ximo ao n\u00ba 67.<\/p>\n<p style=\"font-weight: 400;\">A entrega \u00e0 comunidade acontece ap\u00f3s a conclus\u00e3o das obras de pintura completa e de melhorias na instala\u00e7\u00e3o el\u00e9trica da quadra, al\u00e9m da execu\u00e7\u00e3o de servi\u00e7os de paisagismo e da instala\u00e7\u00e3o de uma academia ao ar livre na pra\u00e7a.<\/p>\n<p style=\"font-weight: 400;\">As interven\u00e7\u00f5es realizadas foram executadas atrav\u00e9s de recursos municipais e cumprem meta do plano de governo da atual administra\u00e7\u00e3o de promover mais qualidade de vida, seguran\u00e7a, acessibilidade \u00e0s pessoas e lazer no munic\u00edpio, implementando a\u00e7\u00f5es de recupera\u00e7\u00e3o, de revitaliza\u00e7\u00e3o e de reestrutura\u00e7\u00e3o e o uso ordenado e sustent\u00e1vel dos espa\u00e7os p\u00fablicos.<\/p>\n<p><a href=\"https:\/\/ubanews.com\/site\/wp-content\/uploads\/2022\/07\/WhatsApp-Image-2022-07-19-at-17.05.08.jpeg\"><img decoding=\"async\" class=\"aligncenter size-full wp-image-21282 lazyload\" data-src=\"https:\/\/ubanews.com\/site\/wp-content\/uploads\/2022\/07\/WhatsApp-Image-2022-07-19-at-17.05.08.jpeg\" alt=\"\" width=\"1280\" height=\"1277\" data-srcset=\"https:\/\/ubanews.com\/site\/wp-content\/uploads\/2022\/07\/WhatsApp-Image-2022-07-19-at-17.05.08.jpeg 1280w, https:\/\/ubanews.com\/site\/wp-content\/uploads\/2022\/07\/WhatsApp-Image-2022-07-19-at-17.05.08-300x300.jpeg 300w, https:\/\/ubanews.com\/site\/wp-content\/uploads\/2022\/07\/WhatsApp-Image-2022-07-19-at-17.05.08-1024x1022.jpeg 1024w, https:\/\/ubanews.com\/site\/wp-content\/uploads\/2022\/07\/WhatsApp-Image-2022-07-19-at-17.05.08-150x150.jpeg 150w, https:\/\/ubanews.com\/site\/wp-content\/uploads\/2022\/07\/WhatsApp-Image-2022-07-19-at-17.05.08-768x766.jpeg 768w\" data-sizes=\"(max-width: 1280px) 100vw, 1280px\" src=\"data:image\/svg+xml;base64,PHN2ZyB3aWR0aD0iMSIgaGVpZ2h0PSIxIiB4bWxucz0iaHR0cDovL3d3dy53My5vcmcvMjAwMC9zdmciPjwvc3ZnPg==\" style=\"--smush-placeholder-width: 1280px; --smush-placeholder-aspect-ratio: 1280\/1277;\" \/><\/a><\/p>\n<p style=\"font-weight: 400;\">Assessoria de Comunica\u00e7\u00e3o<\/p>\n<p>Prefeitura de Ub\u00e1<\/p>\n","protected":false},"excerpt":{"rendered":"<p>A Prefeitura de Ub\u00e1, por meio das Secretarias de Desenvolvimento<\/p>\n","protected":false},"author":2,"featured_media":21283,"comment_status":"open","ping_status":"open","sticky":false,"template":"","format":"standard","meta":{"footnotes":""},"categories":[15],"tags":[],"class_list":["post-21281","post","type-post","status-publish","format-standard","has-post-thumbnail","hentry","category-prefeitura-municipal"],"yoast_head":"<!-- This site is optimized with the Yoast SEO plugin v27.2 - https:\/\/yoast.com\/product\/yoast-seo-wordpress\/ -->\n<title>Prefeitura entrega obras de revitaliza\u00e7\u00e3o da quadra do Bairro Fazendinha - Ub\u00e1 News<\/title>\n<meta name=\"robots\" content=\"index, follow, max-snippet:-1, max-image-preview:large, max-video-preview:-1\" \/>\n<link rel=\"canonical\" href=\"https:\/\/ubanews.com\/site\/2022\/07\/20\/prefeitura-entrega-obras-de-revitalizacao-da-quadra-do-bairro-fazendinha\/\" \/>\n<meta property=\"og:locale\" content=\"pt_BR\" \/>\n<meta property=\"og:type\" content=\"article\" \/>\n<meta property=\"og:title\" content=\"Prefeitura entrega obras de revitaliza\u00e7\u00e3o da quadra do Bairro Fazendinha - Ub\u00e1 News\" \/>\n<meta property=\"og:description\" content=\"A Prefeitura de Ub\u00e1, por meio das Secretarias de Desenvolvimento\" \/>\n<meta property=\"og:url\" content=\"https:\/\/ubanews.com\/site\/2022\/07\/20\/prefeitura-entrega-obras-de-revitalizacao-da-quadra-do-bairro-fazendinha\/\" \/>\n<meta property=\"og:site_name\" content=\"Ub\u00e1 News\" \/>\n<meta property=\"article:publisher\" content=\"https:\/\/www.facebook.com\/Ub%c3%a1News-Carlos-Roberto-Sodr%c3%a9-418778301977370\" \/>\n<meta property=\"article:author\" content=\"https:\/\/www.facebook.com\/carosroberto.sodre.5\/\" \/>\n<meta property=\"article:published_time\" content=\"2022-07-20T12:00:56+00:00\" \/>\n<meta property=\"article:modified_time\" content=\"2022-07-22T19:47:44+00:00\" \/>\n<meta property=\"og:image\" content=\"https:\/\/ubanews.com\/site\/wp-content\/uploads\/2022\/07\/WhatsApp-Image-2022-07-19-at-17.05.08-1-scaled.jpeg\" \/>\n\t<meta property=\"og:image:width\" content=\"2560\" \/>\n\t<meta property=\"og:image:height\" content=\"1707\" \/>\n\t<meta property=\"og:image:type\" content=\"image\/jpeg\" \/>\n<meta name=\"author\" content=\"Sodr\u00e9\" \/>\n<meta name=\"twitter:card\" content=\"summary_large_image\" \/>\n<meta name=\"twitter:label1\" content=\"Escrito por\" \/>\n\t<meta name=\"twitter:data1\" content=\"Sodr\u00e9\" \/>\n\t<meta name=\"twitter:label2\" content=\"Est. tempo de leitura\" \/>\n\t<meta name=\"twitter:data2\" content=\"1 minuto\" \/>\n<script type=\"application\/ld+json\" class=\"yoast-schema-graph\">{\"@context\":\"https:\/\/schema.org\",\"@graph\":[{\"@type\":\"Article\",\"@id\":\"https:\/\/ubanews.com\/site\/2022\/07\/20\/prefeitura-entrega-obras-de-revitalizacao-da-quadra-do-bairro-fazendinha\/#article\",\"isPartOf\":{\"@id\":\"https:\/\/ubanews.com\/site\/2022\/07\/20\/prefeitura-entrega-obras-de-revitalizacao-da-quadra-do-bairro-fazendinha\/\"},\"author\":{\"name\":\"Sodr\u00e9\",\"@id\":\"https:\/\/ubanews.com\/site\/#\/schema\/person\/d90c9e47252fbb63dcc969fe4c8b9d10\"},\"headline\":\"Prefeitura entrega obras de revitaliza\u00e7\u00e3o da quadra do Bairro Fazendinha\",\"datePublished\":\"2022-07-20T12:00:56+00:00\",\"dateModified\":\"2022-07-22T19:47:44+00:00\",\"mainEntityOfPage\":{\"@id\":\"https:\/\/ubanews.com\/site\/2022\/07\/20\/prefeitura-entrega-obras-de-revitalizacao-da-quadra-do-bairro-fazendinha\/\"},\"wordCount\":187,\"commentCount\":0,\"publisher\":{\"@id\":\"https:\/\/ubanews.com\/site\/#organization\"},\"image\":{\"@id\":\"https:\/\/ubanews.com\/site\/2022\/07\/20\/prefeitura-entrega-obras-de-revitalizacao-da-quadra-do-bairro-fazendinha\/#primaryimage\"},\"thumbnailUrl\":\"https:\/\/ubanews.com\/site\/wp-content\/uploads\/2022\/07\/WhatsApp-Image-2022-07-19-at-17.05.08-1-scaled.jpeg\",\"articleSection\":[\"Prefeitura Municipal\"],\"inLanguage\":\"pt-BR\",\"potentialAction\":[{\"@type\":\"CommentAction\",\"name\":\"Comment\",\"target\":[\"https:\/\/ubanews.com\/site\/2022\/07\/20\/prefeitura-entrega-obras-de-revitalizacao-da-quadra-do-bairro-fazendinha\/#respond\"]}]},{\"@type\":\"WebPage\",\"@id\":\"https:\/\/ubanews.com\/site\/2022\/07\/20\/prefeitura-entrega-obras-de-revitalizacao-da-quadra-do-bairro-fazendinha\/\",\"url\":\"https:\/\/ubanews.com\/site\/2022\/07\/20\/prefeitura-entrega-obras-de-revitalizacao-da-quadra-do-bairro-fazendinha\/\",\"name\":\"Prefeitura entrega obras de revitaliza\u00e7\u00e3o da quadra do Bairro Fazendinha - Ub\u00e1 News\",\"isPartOf\":{\"@id\":\"https:\/\/ubanews.com\/site\/#website\"},\"primaryImageOfPage\":{\"@id\":\"https:\/\/ubanews.com\/site\/2022\/07\/20\/prefeitura-entrega-obras-de-revitalizacao-da-quadra-do-bairro-fazendinha\/#primaryimage\"},\"image\":{\"@id\":\"https:\/\/ubanews.com\/site\/2022\/07\/20\/prefeitura-entrega-obras-de-revitalizacao-da-quadra-do-bairro-fazendinha\/#primaryimage\"},\"thumbnailUrl\":\"https:\/\/ubanews.com\/site\/wp-content\/uploads\/2022\/07\/WhatsApp-Image-2022-07-19-at-17.05.08-1-scaled.jpeg\",\"datePublished\":\"2022-07-20T12:00:56+00:00\",\"dateModified\":\"2022-07-22T19:47:44+00:00\",\"breadcrumb\":{\"@id\":\"https:\/\/ubanews.com\/site\/2022\/07\/20\/prefeitura-entrega-obras-de-revitalizacao-da-quadra-do-bairro-fazendinha\/#breadcrumb\"},\"inLanguage\":\"pt-BR\",\"potentialAction\":[{\"@type\":\"ReadAction\",\"target\":[\"https:\/\/ubanews.com\/site\/2022\/07\/20\/prefeitura-entrega-obras-de-revitalizacao-da-quadra-do-bairro-fazendinha\/\"]}]},{\"@type\":\"ImageObject\",\"inLanguage\":\"pt-BR\",\"@id\":\"https:\/\/ubanews.com\/site\/2022\/07\/20\/prefeitura-entrega-obras-de-revitalizacao-da-quadra-do-bairro-fazendinha\/#primaryimage\",\"url\":\"https:\/\/ubanews.com\/site\/wp-content\/uploads\/2022\/07\/WhatsApp-Image-2022-07-19-at-17.05.08-1-scaled.jpeg\",\"contentUrl\":\"https:\/\/ubanews.com\/site\/wp-content\/uploads\/2022\/07\/WhatsApp-Image-2022-07-19-at-17.05.08-1-scaled.jpeg\",\"width\":2560,\"height\":1707},{\"@type\":\"BreadcrumbList\",\"@id\":\"https:\/\/ubanews.com\/site\/2022\/07\/20\/prefeitura-entrega-obras-de-revitalizacao-da-quadra-do-bairro-fazendinha\/#breadcrumb\",\"itemListElement\":[{\"@type\":\"ListItem\",\"position\":1,\"name\":\"Home\",\"item\":\"https:\/\/ubanews.com\/site\/\"},{\"@type\":\"ListItem\",\"position\":2,\"name\":\"Prefeitura entrega obras de revitaliza\u00e7\u00e3o da quadra do Bairro Fazendinha\"}]},{\"@type\":\"WebSite\",\"@id\":\"https:\/\/ubanews.com\/site\/#website\",\"url\":\"https:\/\/ubanews.com\/site\/\",\"name\":\"Ub\u00e1 News\",\"description\":\"\",\"publisher\":{\"@id\":\"https:\/\/ubanews.com\/site\/#organization\"},\"potentialAction\":[{\"@type\":\"SearchAction\",\"target\":{\"@type\":\"EntryPoint\",\"urlTemplate\":\"https:\/\/ubanews.com\/site\/?s={search_term_string}\"},\"query-input\":{\"@type\":\"PropertyValueSpecification\",\"valueRequired\":true,\"valueName\":\"search_term_string\"}}],\"inLanguage\":\"pt-BR\"},{\"@type\":\"Organization\",\"@id\":\"https:\/\/ubanews.com\/site\/#organization\",\"name\":\"Ub\u00e1 News\",\"url\":\"https:\/\/ubanews.com\/site\/\",\"logo\":{\"@type\":\"ImageObject\",\"inLanguage\":\"pt-BR\",\"@id\":\"https:\/\/ubanews.com\/site\/#\/schema\/logo\/image\/\",\"url\":\"https:\/\/ubanews.com\/site\/wp-content\/uploads\/2018\/01\/logoubanews.png\",\"contentUrl\":\"https:\/\/ubanews.com\/site\/wp-content\/uploads\/2018\/01\/logoubanews.png\",\"width\":261,\"height\":99,\"caption\":\"Ub\u00e1 News\"},\"image\":{\"@id\":\"https:\/\/ubanews.com\/site\/#\/schema\/logo\/image\/\"},\"sameAs\":[\"https:\/\/www.facebook.com\/Ub\u00e1News-Carlos-Roberto-Sodr\u00e9-418778301977370\"]},{\"@type\":\"Person\",\"@id\":\"https:\/\/ubanews.com\/site\/#\/schema\/person\/d90c9e47252fbb63dcc969fe4c8b9d10\",\"name\":\"Sodr\u00e9\",\"image\":{\"@type\":\"ImageObject\",\"inLanguage\":\"pt-BR\",\"@id\":\"https:\/\/secure.gravatar.com\/avatar\/5ba2793f0590b9dbfad3fdec4ee714485b3eef211c9b32ee53d414060454a56c?s=96&d=mm&r=g\",\"url\":\"https:\/\/secure.gravatar.com\/avatar\/5ba2793f0590b9dbfad3fdec4ee714485b3eef211c9b32ee53d414060454a56c?s=96&d=mm&r=g\",\"contentUrl\":\"https:\/\/secure.gravatar.com\/avatar\/5ba2793f0590b9dbfad3fdec4ee714485b3eef211c9b32ee53d414060454a56c?s=96&d=mm&r=g\",\"caption\":\"Sodr\u00e9\"},\"sameAs\":[\"https:\/\/www.facebook.com\/carosroberto.sodre.5\/\"],\"url\":\"https:\/\/ubanews.com\/site\/author\/felipe\/\"}]}<\/script>\n<!-- \/ Yoast SEO plugin. -->","yoast_head_json":{"title":"Prefeitura entrega obras de revitaliza\u00e7\u00e3o da quadra do Bairro Fazendinha - Ub\u00e1 News","robots":{"index":"index","follow":"follow","max-snippet":"max-snippet:-1","max-image-preview":"max-image-preview:large","max-video-preview":"max-video-preview:-1"},"canonical":"https:\/\/ubanews.com\/site\/2022\/07\/20\/prefeitura-entrega-obras-de-revitalizacao-da-quadra-do-bairro-fazendinha\/","og_locale":"pt_BR","og_type":"article","og_title":"Prefeitura entrega obras de revitaliza\u00e7\u00e3o da quadra do Bairro Fazendinha - Ub\u00e1 News","og_description":"A Prefeitura de Ub\u00e1, por meio das Secretarias de Desenvolvimento","og_url":"https:\/\/ubanews.com\/site\/2022\/07\/20\/prefeitura-entrega-obras-de-revitalizacao-da-quadra-do-bairro-fazendinha\/","og_site_name":"Ub\u00e1 News","article_publisher":"https:\/\/www.facebook.com\/Ub%c3%a1News-Carlos-Roberto-Sodr%c3%a9-418778301977370","article_author":"https:\/\/www.facebook.com\/carosroberto.sodre.5\/","article_published_time":"2022-07-20T12:00:56+00:00","article_modified_time":"2022-07-22T19:47:44+00:00","og_image":[{"width":2560,"height":1707,"url":"https:\/\/ubanews.com\/site\/wp-content\/uploads\/2022\/07\/WhatsApp-Image-2022-07-19-at-17.05.08-1-scaled.jpeg","type":"image\/jpeg"}],"author":"Sodr\u00e9","twitter_card":"summary_large_image","twitter_misc":{"Escrito por":"Sodr\u00e9","Est. tempo de leitura":"1 minuto"},"schema":{"@context":"https:\/\/schema.org","@graph":[{"@type":"Article","@id":"https:\/\/ubanews.com\/site\/2022\/07\/20\/prefeitura-entrega-obras-de-revitalizacao-da-quadra-do-bairro-fazendinha\/#article","isPartOf":{"@id":"https:\/\/ubanews.com\/site\/2022\/07\/20\/prefeitura-entrega-obras-de-revitalizacao-da-quadra-do-bairro-fazendinha\/"},"author":{"name":"Sodr\u00e9","@id":"https:\/\/ubanews.com\/site\/#\/schema\/person\/d90c9e47252fbb63dcc969fe4c8b9d10"},"headline":"Prefeitura entrega obras de revitaliza\u00e7\u00e3o da quadra do Bairro Fazendinha","datePublished":"2022-07-20T12:00:56+00:00","dateModified":"2022-07-22T19:47:44+00:00","mainEntityOfPage":{"@id":"https:\/\/ubanews.com\/site\/2022\/07\/20\/prefeitura-entrega-obras-de-revitalizacao-da-quadra-do-bairro-fazendinha\/"},"wordCount":187,"commentCount":0,"publisher":{"@id":"https:\/\/ubanews.com\/site\/#organization"},"image":{"@id":"https:\/\/ubanews.com\/site\/2022\/07\/20\/prefeitura-entrega-obras-de-revitalizacao-da-quadra-do-bairro-fazendinha\/#primaryimage"},"thumbnailUrl":"https:\/\/ubanews.com\/site\/wp-content\/uploads\/2022\/07\/WhatsApp-Image-2022-07-19-at-17.05.08-1-scaled.jpeg","articleSection":["Prefeitura Municipal"],"inLanguage":"pt-BR","potentialAction":[{"@type":"CommentAction","name":"Comment","target":["https:\/\/ubanews.com\/site\/2022\/07\/20\/prefeitura-entrega-obras-de-revitalizacao-da-quadra-do-bairro-fazendinha\/#respond"]}]},{"@type":"WebPage","@id":"https:\/\/ubanews.com\/site\/2022\/07\/20\/prefeitura-entrega-obras-de-revitalizacao-da-quadra-do-bairro-fazendinha\/","url":"https:\/\/ubanews.com\/site\/2022\/07\/20\/prefeitura-entrega-obras-de-revitalizacao-da-quadra-do-bairro-fazendinha\/","name":"Prefeitura entrega obras de revitaliza\u00e7\u00e3o da quadra do Bairro Fazendinha - Ub\u00e1 News","isPartOf":{"@id":"https:\/\/ubanews.com\/site\/#website"},"primaryImageOfPage":{"@id":"https:\/\/ubanews.com\/site\/2022\/07\/20\/prefeitura-entrega-obras-de-revitalizacao-da-quadra-do-bairro-fazendinha\/#primaryimage"},"image":{"@id":"https:\/\/ubanews.com\/site\/2022\/07\/20\/prefeitura-entrega-obras-de-revitalizacao-da-quadra-do-bairro-fazendinha\/#primaryimage"},"thumbnailUrl":"https:\/\/ubanews.com\/site\/wp-content\/uploads\/2022\/07\/WhatsApp-Image-2022-07-19-at-17.05.08-1-scaled.jpeg","datePublished":"2022-07-20T12:00:56+00:00","dateModified":"2022-07-22T19:47:44+00:00","breadcrumb":{"@id":"https:\/\/ubanews.com\/site\/2022\/07\/20\/prefeitura-entrega-obras-de-revitalizacao-da-quadra-do-bairro-fazendinha\/#breadcrumb"},"inLanguage":"pt-BR","potentialAction":[{"@type":"ReadAction","target":["https:\/\/ubanews.com\/site\/2022\/07\/20\/prefeitura-entrega-obras-de-revitalizacao-da-quadra-do-bairro-fazendinha\/"]}]},{"@type":"ImageObject","inLanguage":"pt-BR","@id":"https:\/\/ubanews.com\/site\/2022\/07\/20\/prefeitura-entrega-obras-de-revitalizacao-da-quadra-do-bairro-fazendinha\/#primaryimage","url":"https:\/\/ubanews.com\/site\/wp-content\/uploads\/2022\/07\/WhatsApp-Image-2022-07-19-at-17.05.08-1-scaled.jpeg","contentUrl":"https:\/\/ubanews.com\/site\/wp-content\/uploads\/2022\/07\/WhatsApp-Image-2022-07-19-at-17.05.08-1-scaled.jpeg","width":2560,"height":1707},{"@type":"BreadcrumbList","@id":"https:\/\/ubanews.com\/site\/2022\/07\/20\/prefeitura-entrega-obras-de-revitalizacao-da-quadra-do-bairro-fazendinha\/#breadcrumb","itemListElement":[{"@type":"ListItem","position":1,"name":"Home","item":"https:\/\/ubanews.com\/site\/"},{"@type":"ListItem","position":2,"name":"Prefeitura entrega obras de revitaliza\u00e7\u00e3o da quadra do Bairro Fazendinha"}]},{"@type":"WebSite","@id":"https:\/\/ubanews.com\/site\/#website","url":"https:\/\/ubanews.com\/site\/","name":"Ub\u00e1 News","description":"","publisher":{"@id":"https:\/\/ubanews.com\/site\/#organization"},"potentialAction":[{"@type":"SearchAction","target":{"@type":"EntryPoint","urlTemplate":"https:\/\/ubanews.com\/site\/?s={search_term_string}"},"query-input":{"@type":"PropertyValueSpecification","valueRequired":true,"valueName":"search_term_string"}}],"inLanguage":"pt-BR"},{"@type":"Organization","@id":"https:\/\/ubanews.com\/site\/#organization","name":"Ub\u00e1 News","url":"https:\/\/ubanews.com\/site\/","logo":{"@type":"ImageObject","inLanguage":"pt-BR","@id":"https:\/\/ubanews.com\/site\/#\/schema\/logo\/image\/","url":"https:\/\/ubanews.com\/site\/wp-content\/uploads\/2018\/01\/logoubanews.png","contentUrl":"https:\/\/ubanews.com\/site\/wp-content\/uploads\/2018\/01\/logoubanews.png","width":261,"height":99,"caption":"Ub\u00e1 News"},"image":{"@id":"https:\/\/ubanews.com\/site\/#\/schema\/logo\/image\/"},"sameAs":["https:\/\/www.facebook.com\/Ub\u00e1News-Carlos-Roberto-Sodr\u00e9-418778301977370"]},{"@type":"Person","@id":"https:\/\/ubanews.com\/site\/#\/schema\/person\/d90c9e47252fbb63dcc969fe4c8b9d10","name":"Sodr\u00e9","image":{"@type":"ImageObject","inLanguage":"pt-BR","@id":"https:\/\/secure.gravatar.com\/avatar\/5ba2793f0590b9dbfad3fdec4ee714485b3eef211c9b32ee53d414060454a56c?s=96&d=mm&r=g","url":"https:\/\/secure.gravatar.com\/avatar\/5ba2793f0590b9dbfad3fdec4ee714485b3eef211c9b32ee53d414060454a56c?s=96&d=mm&r=g","contentUrl":"https:\/\/secure.gravatar.com\/avatar\/5ba2793f0590b9dbfad3fdec4ee714485b3eef211c9b32ee53d414060454a56c?s=96&d=mm&r=g","caption":"Sodr\u00e9"},"sameAs":["https:\/\/www.facebook.com\/carosroberto.sodre.5\/"],"url":"https:\/\/ubanews.com\/site\/author\/felipe\/"}]}},"_links":{"self":[{"href":"https:\/\/ubanews.com\/site\/wp-json\/wp\/v2\/posts\/21281","targetHints":{"allow":["GET"]}}],"collection":[{"href":"https:\/\/ubanews.com\/site\/wp-json\/wp\/v2\/posts"}],"about":[{"href":"https:\/\/ubanews.com\/site\/wp-json\/wp\/v2\/types\/post"}],"author":[{"embeddable":true,"href":"https:\/\/ubanews.com\/site\/wp-json\/wp\/v2\/users\/2"}],"replies":[{"embeddable":true,"href":"https:\/\/ubanews.com\/site\/wp-json\/wp\/v2\/comments?post=21281"}],"version-history":[{"count":0,"href":"https:\/\/ubanews.com\/site\/wp-json\/wp\/v2\/posts\/21281\/revisions"}],"wp:featuredmedia":[{"embeddable":true,"href":"https:\/\/ubanews.com\/site\/wp-json\/wp\/v2\/media\/21283"}],"wp:attachment":[{"href":"https:\/\/ubanews.com\/site\/wp-json\/wp\/v2\/media?parent=21281"}],"wp:term":[{"taxonomy":"category","embeddable":true,"href":"https:\/\/ubanews.com\/site\/wp-json\/wp\/v2\/categories?post=21281"},{"taxonomy":"post_tag","embeddable":true,"href":"https:\/\/ubanews.com\/site\/wp-json\/wp\/v2\/tags?post=21281"}],"curies":[{"name":"wp","href":"https:\/\/api.w.org\/{rel}","templated":true}]}}