{"id":21264,"date":"2022-06-10T17:00:24","date_gmt":"2022-06-10T20:00:24","guid":{"rendered":"http:\/\/ubanews.com\/site\/?p=21264"},"modified":"2022-06-23T13:46:24","modified_gmt":"2022-06-23T16:46:24","slug":"policia-civil-apreende-116-comprimidos-de-ecstasy-em-vicosa","status":"publish","type":"post","link":"https:\/\/ubanews.com\/site\/2022\/06\/10\/policia-civil-apreende-116-comprimidos-de-ecstasy-em-vicosa\/","title":{"rendered":"POL\u00cdCIA CIVIL APREENDE 116 COMPRIMIDOS DE ECSTASY EM VI\u00c7OSA"},"content":{"rendered":"<p><em>Uma jovem, de 25 anos, foi presa em flagrante por tr\u00e1fico.<\/em><\/p>\n<p>A Pol\u00edcia Civil de Minas Gerais (PCMG) cumpriu, nesta sexta-feira (10\/6),&nbsp; mandado de busca e apreens\u00e3o, no munic\u00edpio de Vi\u00e7osa, na Zona da Mata mineira, onde foram apreendidos 116 comprimidos de ecstasy. Na ocasi\u00e3o, uma suspeita, de 25 anos, foi presa em flagrante por tr\u00e1fico, quando havia recebido uma encomenda com as drogas.<\/p>\n<p>A a\u00e7\u00e3o foi poss\u00edvel, ap\u00f3s trabalhos investigativos.&nbsp; Durante campana realizada pr\u00f3xima ao endere\u00e7o dos fatos, a mulher foi abordada com os comprimidos que estavam no interior de um pacote.<\/p>\n<p>J\u00e1 na resid\u00eancia dela, foram localizados um inv\u00f3lucro com resqu\u00edcios de subst\u00e2ncia semelhante \u00e0 MDMA, al\u00e9m de quatro comprimidos de outra subst\u00e2ncia desconhecida. Todo o material apreendido foi encaminhado \u00e0 per\u00edcia da PCMG.<\/p>\n<p>Ap\u00f3s a formaliza\u00e7\u00e3o do flagrante na delegacia, a mulher foi conduzida at\u00e9 o sistema prisional e permanece \u00e0 disposi\u00e7\u00e3o da Justi\u00e7a.<\/p>\n<p>A a\u00e7\u00e3o foi deflagrada por policiais civis lotados na 5\u00aa Delegacia Regional de Pol\u00edcia Civil em Vi\u00e7osa, pertencente ao 4\u00ba Departamento da PCMG.<\/p>\n<div>\n<div>Assessoria de Comunica\u00e7\u00e3o PCMG<\/div>\n<\/div>\n","protected":false},"excerpt":{"rendered":"<p>Uma jovem, de 25 anos, foi presa em flagrante por<\/p>\n","protected":false},"author":2,"featured_media":21265,"comment_status":"open","ping_status":"open","sticky":false,"template":"","format":"standard","meta":{"footnotes":""},"categories":[1],"tags":[],"class_list":["post-21264","post","type-post","status-publish","format-standard","has-post-thumbnail","hentry","category-sem-categoria"],"yoast_head":"<!-- This site is optimized with the Yoast SEO plugin v27.2 - https:\/\/yoast.com\/product\/yoast-seo-wordpress\/ -->\n<title>POL\u00cdCIA CIVIL APREENDE 116 COMPRIMIDOS DE ECSTASY EM VI\u00c7OSA - Ub\u00e1 News<\/title>\n<meta name=\"robots\" content=\"index, follow, max-snippet:-1, max-image-preview:large, max-video-preview:-1\" \/>\n<link rel=\"canonical\" href=\"https:\/\/ubanews.com\/site\/2022\/06\/10\/policia-civil-apreende-116-comprimidos-de-ecstasy-em-vicosa\/\" \/>\n<meta property=\"og:locale\" content=\"pt_BR\" \/>\n<meta property=\"og:type\" content=\"article\" \/>\n<meta property=\"og:title\" content=\"POL\u00cdCIA CIVIL APREENDE 116 COMPRIMIDOS DE ECSTASY EM VI\u00c7OSA - Ub\u00e1 News\" \/>\n<meta property=\"og:description\" content=\"Uma jovem, de 25 anos, foi presa em flagrante por\" \/>\n<meta property=\"og:url\" content=\"https:\/\/ubanews.com\/site\/2022\/06\/10\/policia-civil-apreende-116-comprimidos-de-ecstasy-em-vicosa\/\" \/>\n<meta property=\"og:site_name\" content=\"Ub\u00e1 News\" \/>\n<meta property=\"article:publisher\" content=\"https:\/\/www.facebook.com\/Ub%c3%a1News-Carlos-Roberto-Sodr%c3%a9-418778301977370\" \/>\n<meta property=\"article:author\" content=\"https:\/\/www.facebook.com\/carosroberto.sodre.5\/\" \/>\n<meta property=\"article:published_time\" content=\"2022-06-10T20:00:24+00:00\" \/>\n<meta property=\"article:modified_time\" content=\"2022-06-23T16:46:24+00:00\" \/>\n<meta property=\"og:image\" content=\"https:\/\/ubanews.com\/site\/wp-content\/uploads\/2022\/06\/WhatsApp-Image-2022-06-10-at-13.44.02.jpeg\" \/>\n\t<meta property=\"og:image:width\" content=\"1000\" \/>\n\t<meta property=\"og:image:height\" content=\"500\" \/>\n\t<meta property=\"og:image:type\" content=\"image\/jpeg\" \/>\n<meta name=\"author\" content=\"Sodr\u00e9\" \/>\n<meta name=\"twitter:card\" content=\"summary_large_image\" \/>\n<meta name=\"twitter:label1\" content=\"Escrito por\" \/>\n\t<meta name=\"twitter:data1\" content=\"Sodr\u00e9\" \/>\n\t<meta name=\"twitter:label2\" content=\"Est. tempo de leitura\" \/>\n\t<meta name=\"twitter:data2\" content=\"1 minuto\" \/>\n<script type=\"application\/ld+json\" class=\"yoast-schema-graph\">{\"@context\":\"https:\/\/schema.org\",\"@graph\":[{\"@type\":\"Article\",\"@id\":\"https:\/\/ubanews.com\/site\/2022\/06\/10\/policia-civil-apreende-116-comprimidos-de-ecstasy-em-vicosa\/#article\",\"isPartOf\":{\"@id\":\"https:\/\/ubanews.com\/site\/2022\/06\/10\/policia-civil-apreende-116-comprimidos-de-ecstasy-em-vicosa\/\"},\"author\":{\"name\":\"Sodr\u00e9\",\"@id\":\"https:\/\/ubanews.com\/site\/#\/schema\/person\/d90c9e47252fbb63dcc969fe4c8b9d10\"},\"headline\":\"POL\u00cdCIA CIVIL APREENDE 116 COMPRIMIDOS DE ECSTASY EM VI\u00c7OSA\",\"datePublished\":\"2022-06-10T20:00:24+00:00\",\"dateModified\":\"2022-06-23T16:46:24+00:00\",\"mainEntityOfPage\":{\"@id\":\"https:\/\/ubanews.com\/site\/2022\/06\/10\/policia-civil-apreende-116-comprimidos-de-ecstasy-em-vicosa\/\"},\"wordCount\":204,\"commentCount\":0,\"publisher\":{\"@id\":\"https:\/\/ubanews.com\/site\/#organization\"},\"image\":{\"@id\":\"https:\/\/ubanews.com\/site\/2022\/06\/10\/policia-civil-apreende-116-comprimidos-de-ecstasy-em-vicosa\/#primaryimage\"},\"thumbnailUrl\":\"https:\/\/ubanews.com\/site\/wp-content\/uploads\/2022\/06\/WhatsApp-Image-2022-06-10-at-13.44.02.jpeg\",\"articleSection\":[\"Geral\"],\"inLanguage\":\"pt-BR\",\"potentialAction\":[{\"@type\":\"CommentAction\",\"name\":\"Comment\",\"target\":[\"https:\/\/ubanews.com\/site\/2022\/06\/10\/policia-civil-apreende-116-comprimidos-de-ecstasy-em-vicosa\/#respond\"]}]},{\"@type\":\"WebPage\",\"@id\":\"https:\/\/ubanews.com\/site\/2022\/06\/10\/policia-civil-apreende-116-comprimidos-de-ecstasy-em-vicosa\/\",\"url\":\"https:\/\/ubanews.com\/site\/2022\/06\/10\/policia-civil-apreende-116-comprimidos-de-ecstasy-em-vicosa\/\",\"name\":\"POL\u00cdCIA CIVIL APREENDE 116 COMPRIMIDOS DE ECSTASY EM VI\u00c7OSA - Ub\u00e1 News\",\"isPartOf\":{\"@id\":\"https:\/\/ubanews.com\/site\/#website\"},\"primaryImageOfPage\":{\"@id\":\"https:\/\/ubanews.com\/site\/2022\/06\/10\/policia-civil-apreende-116-comprimidos-de-ecstasy-em-vicosa\/#primaryimage\"},\"image\":{\"@id\":\"https:\/\/ubanews.com\/site\/2022\/06\/10\/policia-civil-apreende-116-comprimidos-de-ecstasy-em-vicosa\/#primaryimage\"},\"thumbnailUrl\":\"https:\/\/ubanews.com\/site\/wp-content\/uploads\/2022\/06\/WhatsApp-Image-2022-06-10-at-13.44.02.jpeg\",\"datePublished\":\"2022-06-10T20:00:24+00:00\",\"dateModified\":\"2022-06-23T16:46:24+00:00\",\"breadcrumb\":{\"@id\":\"https:\/\/ubanews.com\/site\/2022\/06\/10\/policia-civil-apreende-116-comprimidos-de-ecstasy-em-vicosa\/#breadcrumb\"},\"inLanguage\":\"pt-BR\",\"potentialAction\":[{\"@type\":\"ReadAction\",\"target\":[\"https:\/\/ubanews.com\/site\/2022\/06\/10\/policia-civil-apreende-116-comprimidos-de-ecstasy-em-vicosa\/\"]}]},{\"@type\":\"ImageObject\",\"inLanguage\":\"pt-BR\",\"@id\":\"https:\/\/ubanews.com\/site\/2022\/06\/10\/policia-civil-apreende-116-comprimidos-de-ecstasy-em-vicosa\/#primaryimage\",\"url\":\"https:\/\/ubanews.com\/site\/wp-content\/uploads\/2022\/06\/WhatsApp-Image-2022-06-10-at-13.44.02.jpeg\",\"contentUrl\":\"https:\/\/ubanews.com\/site\/wp-content\/uploads\/2022\/06\/WhatsApp-Image-2022-06-10-at-13.44.02.jpeg\",\"width\":1000,\"height\":500},{\"@type\":\"BreadcrumbList\",\"@id\":\"https:\/\/ubanews.com\/site\/2022\/06\/10\/policia-civil-apreende-116-comprimidos-de-ecstasy-em-vicosa\/#breadcrumb\",\"itemListElement\":[{\"@type\":\"ListItem\",\"position\":1,\"name\":\"Home\",\"item\":\"https:\/\/ubanews.com\/site\/\"},{\"@type\":\"ListItem\",\"position\":2,\"name\":\"POL\u00cdCIA CIVIL APREENDE 116 COMPRIMIDOS DE ECSTASY EM VI\u00c7OSA\"}]},{\"@type\":\"WebSite\",\"@id\":\"https:\/\/ubanews.com\/site\/#website\",\"url\":\"https:\/\/ubanews.com\/site\/\",\"name\":\"Ub\u00e1 News\",\"description\":\"\",\"publisher\":{\"@id\":\"https:\/\/ubanews.com\/site\/#organization\"},\"potentialAction\":[{\"@type\":\"SearchAction\",\"target\":{\"@type\":\"EntryPoint\",\"urlTemplate\":\"https:\/\/ubanews.com\/site\/?s={search_term_string}\"},\"query-input\":{\"@type\":\"PropertyValueSpecification\",\"valueRequired\":true,\"valueName\":\"search_term_string\"}}],\"inLanguage\":\"pt-BR\"},{\"@type\":\"Organization\",\"@id\":\"https:\/\/ubanews.com\/site\/#organization\",\"name\":\"Ub\u00e1 News\",\"url\":\"https:\/\/ubanews.com\/site\/\",\"logo\":{\"@type\":\"ImageObject\",\"inLanguage\":\"pt-BR\",\"@id\":\"https:\/\/ubanews.com\/site\/#\/schema\/logo\/image\/\",\"url\":\"https:\/\/ubanews.com\/site\/wp-content\/uploads\/2018\/01\/logoubanews.png\",\"contentUrl\":\"https:\/\/ubanews.com\/site\/wp-content\/uploads\/2018\/01\/logoubanews.png\",\"width\":261,\"height\":99,\"caption\":\"Ub\u00e1 News\"},\"image\":{\"@id\":\"https:\/\/ubanews.com\/site\/#\/schema\/logo\/image\/\"},\"sameAs\":[\"https:\/\/www.facebook.com\/Ub\u00e1News-Carlos-Roberto-Sodr\u00e9-418778301977370\"]},{\"@type\":\"Person\",\"@id\":\"https:\/\/ubanews.com\/site\/#\/schema\/person\/d90c9e47252fbb63dcc969fe4c8b9d10\",\"name\":\"Sodr\u00e9\",\"image\":{\"@type\":\"ImageObject\",\"inLanguage\":\"pt-BR\",\"@id\":\"https:\/\/secure.gravatar.com\/avatar\/5ba2793f0590b9dbfad3fdec4ee714485b3eef211c9b32ee53d414060454a56c?s=96&d=mm&r=g\",\"url\":\"https:\/\/secure.gravatar.com\/avatar\/5ba2793f0590b9dbfad3fdec4ee714485b3eef211c9b32ee53d414060454a56c?s=96&d=mm&r=g\",\"contentUrl\":\"https:\/\/secure.gravatar.com\/avatar\/5ba2793f0590b9dbfad3fdec4ee714485b3eef211c9b32ee53d414060454a56c?s=96&d=mm&r=g\",\"caption\":\"Sodr\u00e9\"},\"sameAs\":[\"https:\/\/www.facebook.com\/carosroberto.sodre.5\/\"],\"url\":\"https:\/\/ubanews.com\/site\/author\/felipe\/\"}]}<\/script>\n<!-- \/ Yoast SEO plugin. -->","yoast_head_json":{"title":"POL\u00cdCIA CIVIL APREENDE 116 COMPRIMIDOS DE ECSTASY EM VI\u00c7OSA - Ub\u00e1 News","robots":{"index":"index","follow":"follow","max-snippet":"max-snippet:-1","max-image-preview":"max-image-preview:large","max-video-preview":"max-video-preview:-1"},"canonical":"https:\/\/ubanews.com\/site\/2022\/06\/10\/policia-civil-apreende-116-comprimidos-de-ecstasy-em-vicosa\/","og_locale":"pt_BR","og_type":"article","og_title":"POL\u00cdCIA CIVIL APREENDE 116 COMPRIMIDOS DE ECSTASY EM VI\u00c7OSA - Ub\u00e1 News","og_description":"Uma jovem, de 25 anos, foi presa em flagrante por","og_url":"https:\/\/ubanews.com\/site\/2022\/06\/10\/policia-civil-apreende-116-comprimidos-de-ecstasy-em-vicosa\/","og_site_name":"Ub\u00e1 News","article_publisher":"https:\/\/www.facebook.com\/Ub%c3%a1News-Carlos-Roberto-Sodr%c3%a9-418778301977370","article_author":"https:\/\/www.facebook.com\/carosroberto.sodre.5\/","article_published_time":"2022-06-10T20:00:24+00:00","article_modified_time":"2022-06-23T16:46:24+00:00","og_image":[{"width":1000,"height":500,"url":"https:\/\/ubanews.com\/site\/wp-content\/uploads\/2022\/06\/WhatsApp-Image-2022-06-10-at-13.44.02.jpeg","type":"image\/jpeg"}],"author":"Sodr\u00e9","twitter_card":"summary_large_image","twitter_misc":{"Escrito por":"Sodr\u00e9","Est. tempo de leitura":"1 minuto"},"schema":{"@context":"https:\/\/schema.org","@graph":[{"@type":"Article","@id":"https:\/\/ubanews.com\/site\/2022\/06\/10\/policia-civil-apreende-116-comprimidos-de-ecstasy-em-vicosa\/#article","isPartOf":{"@id":"https:\/\/ubanews.com\/site\/2022\/06\/10\/policia-civil-apreende-116-comprimidos-de-ecstasy-em-vicosa\/"},"author":{"name":"Sodr\u00e9","@id":"https:\/\/ubanews.com\/site\/#\/schema\/person\/d90c9e47252fbb63dcc969fe4c8b9d10"},"headline":"POL\u00cdCIA CIVIL APREENDE 116 COMPRIMIDOS DE ECSTASY EM VI\u00c7OSA","datePublished":"2022-06-10T20:00:24+00:00","dateModified":"2022-06-23T16:46:24+00:00","mainEntityOfPage":{"@id":"https:\/\/ubanews.com\/site\/2022\/06\/10\/policia-civil-apreende-116-comprimidos-de-ecstasy-em-vicosa\/"},"wordCount":204,"commentCount":0,"publisher":{"@id":"https:\/\/ubanews.com\/site\/#organization"},"image":{"@id":"https:\/\/ubanews.com\/site\/2022\/06\/10\/policia-civil-apreende-116-comprimidos-de-ecstasy-em-vicosa\/#primaryimage"},"thumbnailUrl":"https:\/\/ubanews.com\/site\/wp-content\/uploads\/2022\/06\/WhatsApp-Image-2022-06-10-at-13.44.02.jpeg","articleSection":["Geral"],"inLanguage":"pt-BR","potentialAction":[{"@type":"CommentAction","name":"Comment","target":["https:\/\/ubanews.com\/site\/2022\/06\/10\/policia-civil-apreende-116-comprimidos-de-ecstasy-em-vicosa\/#respond"]}]},{"@type":"WebPage","@id":"https:\/\/ubanews.com\/site\/2022\/06\/10\/policia-civil-apreende-116-comprimidos-de-ecstasy-em-vicosa\/","url":"https:\/\/ubanews.com\/site\/2022\/06\/10\/policia-civil-apreende-116-comprimidos-de-ecstasy-em-vicosa\/","name":"POL\u00cdCIA CIVIL APREENDE 116 COMPRIMIDOS DE ECSTASY EM VI\u00c7OSA - Ub\u00e1 News","isPartOf":{"@id":"https:\/\/ubanews.com\/site\/#website"},"primaryImageOfPage":{"@id":"https:\/\/ubanews.com\/site\/2022\/06\/10\/policia-civil-apreende-116-comprimidos-de-ecstasy-em-vicosa\/#primaryimage"},"image":{"@id":"https:\/\/ubanews.com\/site\/2022\/06\/10\/policia-civil-apreende-116-comprimidos-de-ecstasy-em-vicosa\/#primaryimage"},"thumbnailUrl":"https:\/\/ubanews.com\/site\/wp-content\/uploads\/2022\/06\/WhatsApp-Image-2022-06-10-at-13.44.02.jpeg","datePublished":"2022-06-10T20:00:24+00:00","dateModified":"2022-06-23T16:46:24+00:00","breadcrumb":{"@id":"https:\/\/ubanews.com\/site\/2022\/06\/10\/policia-civil-apreende-116-comprimidos-de-ecstasy-em-vicosa\/#breadcrumb"},"inLanguage":"pt-BR","potentialAction":[{"@type":"ReadAction","target":["https:\/\/ubanews.com\/site\/2022\/06\/10\/policia-civil-apreende-116-comprimidos-de-ecstasy-em-vicosa\/"]}]},{"@type":"ImageObject","inLanguage":"pt-BR","@id":"https:\/\/ubanews.com\/site\/2022\/06\/10\/policia-civil-apreende-116-comprimidos-de-ecstasy-em-vicosa\/#primaryimage","url":"https:\/\/ubanews.com\/site\/wp-content\/uploads\/2022\/06\/WhatsApp-Image-2022-06-10-at-13.44.02.jpeg","contentUrl":"https:\/\/ubanews.com\/site\/wp-content\/uploads\/2022\/06\/WhatsApp-Image-2022-06-10-at-13.44.02.jpeg","width":1000,"height":500},{"@type":"BreadcrumbList","@id":"https:\/\/ubanews.com\/site\/2022\/06\/10\/policia-civil-apreende-116-comprimidos-de-ecstasy-em-vicosa\/#breadcrumb","itemListElement":[{"@type":"ListItem","position":1,"name":"Home","item":"https:\/\/ubanews.com\/site\/"},{"@type":"ListItem","position":2,"name":"POL\u00cdCIA CIVIL APREENDE 116 COMPRIMIDOS DE ECSTASY EM VI\u00c7OSA"}]},{"@type":"WebSite","@id":"https:\/\/ubanews.com\/site\/#website","url":"https:\/\/ubanews.com\/site\/","name":"Ub\u00e1 News","description":"","publisher":{"@id":"https:\/\/ubanews.com\/site\/#organization"},"potentialAction":[{"@type":"SearchAction","target":{"@type":"EntryPoint","urlTemplate":"https:\/\/ubanews.com\/site\/?s={search_term_string}"},"query-input":{"@type":"PropertyValueSpecification","valueRequired":true,"valueName":"search_term_string"}}],"inLanguage":"pt-BR"},{"@type":"Organization","@id":"https:\/\/ubanews.com\/site\/#organization","name":"Ub\u00e1 News","url":"https:\/\/ubanews.com\/site\/","logo":{"@type":"ImageObject","inLanguage":"pt-BR","@id":"https:\/\/ubanews.com\/site\/#\/schema\/logo\/image\/","url":"https:\/\/ubanews.com\/site\/wp-content\/uploads\/2018\/01\/logoubanews.png","contentUrl":"https:\/\/ubanews.com\/site\/wp-content\/uploads\/2018\/01\/logoubanews.png","width":261,"height":99,"caption":"Ub\u00e1 News"},"image":{"@id":"https:\/\/ubanews.com\/site\/#\/schema\/logo\/image\/"},"sameAs":["https:\/\/www.facebook.com\/Ub\u00e1News-Carlos-Roberto-Sodr\u00e9-418778301977370"]},{"@type":"Person","@id":"https:\/\/ubanews.com\/site\/#\/schema\/person\/d90c9e47252fbb63dcc969fe4c8b9d10","name":"Sodr\u00e9","image":{"@type":"ImageObject","inLanguage":"pt-BR","@id":"https:\/\/secure.gravatar.com\/avatar\/5ba2793f0590b9dbfad3fdec4ee714485b3eef211c9b32ee53d414060454a56c?s=96&d=mm&r=g","url":"https:\/\/secure.gravatar.com\/avatar\/5ba2793f0590b9dbfad3fdec4ee714485b3eef211c9b32ee53d414060454a56c?s=96&d=mm&r=g","contentUrl":"https:\/\/secure.gravatar.com\/avatar\/5ba2793f0590b9dbfad3fdec4ee714485b3eef211c9b32ee53d414060454a56c?s=96&d=mm&r=g","caption":"Sodr\u00e9"},"sameAs":["https:\/\/www.facebook.com\/carosroberto.sodre.5\/"],"url":"https:\/\/ubanews.com\/site\/author\/felipe\/"}]}},"_links":{"self":[{"href":"https:\/\/ubanews.com\/site\/wp-json\/wp\/v2\/posts\/21264","targetHints":{"allow":["GET"]}}],"collection":[{"href":"https:\/\/ubanews.com\/site\/wp-json\/wp\/v2\/posts"}],"about":[{"href":"https:\/\/ubanews.com\/site\/wp-json\/wp\/v2\/types\/post"}],"author":[{"embeddable":true,"href":"https:\/\/ubanews.com\/site\/wp-json\/wp\/v2\/users\/2"}],"replies":[{"embeddable":true,"href":"https:\/\/ubanews.com\/site\/wp-json\/wp\/v2\/comments?post=21264"}],"version-history":[{"count":0,"href":"https:\/\/ubanews.com\/site\/wp-json\/wp\/v2\/posts\/21264\/revisions"}],"wp:featuredmedia":[{"embeddable":true,"href":"https:\/\/ubanews.com\/site\/wp-json\/wp\/v2\/media\/21265"}],"wp:attachment":[{"href":"https:\/\/ubanews.com\/site\/wp-json\/wp\/v2\/media?parent=21264"}],"wp:term":[{"taxonomy":"category","embeddable":true,"href":"https:\/\/ubanews.com\/site\/wp-json\/wp\/v2\/categories?post=21264"},{"taxonomy":"post_tag","embeddable":true,"href":"https:\/\/ubanews.com\/site\/wp-json\/wp\/v2\/tags?post=21264"}],"curies":[{"name":"wp","href":"https:\/\/api.w.org\/{rel}","templated":true}]}}