{"id":21263,"date":"2022-06-09T09:37:28","date_gmt":"2022-06-09T12:37:28","guid":{"rendered":"http:\/\/ubanews.com\/site\/?p=21263"},"modified":"2022-06-23T13:39:25","modified_gmt":"2022-06-23T16:39:25","slug":"cataguases-pcmg-prende-suspeitos-de-envolvimento-em-morte-de-jovem","status":"publish","type":"post","link":"https:\/\/ubanews.com\/site\/2022\/06\/09\/cataguases-pcmg-prende-suspeitos-de-envolvimento-em-morte-de-jovem\/","title":{"rendered":"CATAGUASES: PCMG PRENDE SUSPEITOS DE ENVOLVIMENTO EM MORTE DE JOVEM"},"content":{"rendered":"<p><em>Crime foi cometido no dia 13 de fevereiro. Tr\u00eas investigados foram presos.<\/em><\/p>\n<p>Nesta quarta-feira (8\/6), a Pol\u00edcia Civil de Minas Gerais (PCMG) prendeu, no munic\u00edpio de Cataguases, na Zona da Mata mineira, um homem, de 36 anos, e uma mulher, de 30 anos, suspeitos de serem mandantes do homic\u00eddio consumado ocorrido no dia 13 de fevereiro, na mesma cidade. Na \u00e9poca, um jovem de 21 anos foi agredido &#8211; com pauladas e chutes &#8211; no interior do apartamento da namorada dele.<\/p>\n<p>De acordo com a delegada \u00c9rica Nascimento Guedes, al\u00e9m da pris\u00e3o do casal, a PCMG tamb\u00e9m prendeu outro homem, de 31 anos, investigado por participa\u00e7\u00e3o no crime. Ele foi localizado no munic\u00edpio de Mira\u00ed.<\/p>\n<p>Os tr\u00eas suspeitos foram conduzidos \u00e0 delegacia e, em seguida, ao sistema prisional, onde permanecem \u00e0 disposi\u00e7\u00e3o da Justi\u00e7a. &nbsp;<\/p>\n<p><strong>Outros envolvidos<\/strong><\/p>\n<p>Conforme \u00c9rica Nascimento, no total, oito pessoas teriam participado do ato criminoso. Al\u00e9m dos tr\u00eas presos na a\u00e7\u00e3o desta quarta-feira (8\/6), no dia 7 de abril, a Pol\u00edcia Civil de Minas Gerais (PCMG) e a Pol\u00edcia Militar de Minas Gerais (PMMG) deflagraram uma opera\u00e7\u00e3o que resultou no cumprimento de mandados de busca e apreens\u00e3o expedidos contra dois adolescentes, de 16 e 17 anos.<\/p>\n<p>Um terceiro jovem, que completou a maioridade este ano, tamb\u00e9m se encontra preso por tr\u00e1fico. Al\u00e9m disso, outro investigado permanece no sistema prisional por ter cometido o crime de homic\u00eddio em outra ocasi\u00e3o.<\/p>\n<p>Segundo a delegada, um suspeito continua foragido, mas os levantamentos prosseguem.<\/p>\n<p><strong>Din\u00e2mica<\/strong><\/p>\n<p>Segundo \u00c9rica Guedes, o homic\u00eddio teria sido motivado por vingan\u00e7a, em virtude de um furto de uma motocicleta, ocorrido no dia 12 de fevereiro. \u201cTrabalhos investigativos indicaram que o crime teria ocorrido como forma de retalia\u00e7\u00e3o pelo furto do ve\u00edculo\u201d, explica.<\/p>\n<p>As v\u00edtimas desse crime contra o patrim\u00f4nio foram presas hoje. \u201cA motocicleta era do casal e foi furtada no dia 12 de fevereiro, no pr\u00e9dio deles, e recuperada no mesmo dia pelos pr\u00f3prios donos, pr\u00f3ximo ao im\u00f3vel. Esse mesmo casal identificou, por meio de acesso a imagens de c\u00e2mera do pr\u00e9dio, quem seria o suposto autor do furto e que ele estaria em um apartamento no mesmo pr\u00e9dio\u201d, conta, explicando que, na manh\u00e3 do dia 13 de fevereiro, em retalia\u00e7\u00e3o ao ocorrido, investiga\u00e7\u00f5es apontaram que o casal teria facilitado a entrada de seis pessoas no local, entre elas, tr\u00eas adolescentes e tr\u00eas adultos, abrindo a porta do pr\u00e9dio para que elas fossem at\u00e9 o apartamento do suposto autor do crime de furto.<\/p>\n<p>Na ocasi\u00e3o, as seis pessoas arrombaram a porta do apartamento, portando peda\u00e7os de madeira. \u201cMas, no local, n\u00e3o encontraram o homem e agrediram o cunhado dele, pois achavam que ele tamb\u00e9m teria envolvimento com o crime de furto\u201d, relata, complementando que a v\u00edtima chegou a ser socorrida e encaminhada ao hospital, mas n\u00e3o resistiu aos ferimentos e faleceu dias depois.<\/p>\n<div>\n<div>Assessoria de Comunica\u00e7\u00e3o PCMG<\/div>\n<\/div>\n","protected":false},"excerpt":{"rendered":"<p>Crime foi cometido no dia 13 de fevereiro. Tr\u00eas investigados<\/p>\n","protected":false},"author":2,"featured_media":2553,"comment_status":"open","ping_status":"open","sticky":false,"template":"","format":"standard","meta":{"footnotes":""},"categories":[1],"tags":[],"class_list":["post-21263","post","type-post","status-publish","format-standard","has-post-thumbnail","hentry","category-sem-categoria"],"yoast_head":"<!-- This site is optimized with the Yoast SEO plugin v27.2 - https:\/\/yoast.com\/product\/yoast-seo-wordpress\/ -->\n<title>CATAGUASES: PCMG PRENDE SUSPEITOS DE ENVOLVIMENTO EM MORTE DE JOVEM - Ub\u00e1 News<\/title>\n<meta name=\"robots\" content=\"index, follow, max-snippet:-1, max-image-preview:large, max-video-preview:-1\" \/>\n<link rel=\"canonical\" href=\"https:\/\/ubanews.com\/site\/2022\/06\/09\/cataguases-pcmg-prende-suspeitos-de-envolvimento-em-morte-de-jovem\/\" \/>\n<meta property=\"og:locale\" content=\"pt_BR\" \/>\n<meta property=\"og:type\" content=\"article\" \/>\n<meta property=\"og:title\" content=\"CATAGUASES: PCMG PRENDE SUSPEITOS DE ENVOLVIMENTO EM MORTE DE JOVEM - Ub\u00e1 News\" \/>\n<meta property=\"og:description\" content=\"Crime foi cometido no dia 13 de fevereiro. Tr\u00eas investigados\" \/>\n<meta property=\"og:url\" content=\"https:\/\/ubanews.com\/site\/2022\/06\/09\/cataguases-pcmg-prende-suspeitos-de-envolvimento-em-morte-de-jovem\/\" \/>\n<meta property=\"og:site_name\" content=\"Ub\u00e1 News\" \/>\n<meta property=\"article:publisher\" content=\"https:\/\/www.facebook.com\/Ub%c3%a1News-Carlos-Roberto-Sodr%c3%a9-418778301977370\" \/>\n<meta property=\"article:author\" content=\"https:\/\/www.facebook.com\/carosroberto.sodre.5\/\" \/>\n<meta property=\"article:published_time\" content=\"2022-06-09T12:37:28+00:00\" \/>\n<meta property=\"article:modified_time\" content=\"2022-06-23T16:39:25+00:00\" \/>\n<meta property=\"og:image\" content=\"https:\/\/ubanews.com\/site\/wp-content\/uploads\/2018\/04\/preso.jpg\" \/>\n\t<meta property=\"og:image:width\" content=\"879\" \/>\n\t<meta property=\"og:image:height\" content=\"510\" \/>\n\t<meta property=\"og:image:type\" content=\"image\/jpeg\" \/>\n<meta name=\"author\" content=\"Sodr\u00e9\" \/>\n<meta name=\"twitter:card\" content=\"summary_large_image\" \/>\n<meta name=\"twitter:label1\" content=\"Escrito por\" \/>\n\t<meta name=\"twitter:data1\" content=\"Sodr\u00e9\" \/>\n\t<meta name=\"twitter:label2\" content=\"Est. tempo de leitura\" \/>\n\t<meta name=\"twitter:data2\" content=\"3 minutos\" \/>\n<script type=\"application\/ld+json\" class=\"yoast-schema-graph\">{\"@context\":\"https:\/\/schema.org\",\"@graph\":[{\"@type\":\"Article\",\"@id\":\"https:\/\/ubanews.com\/site\/2022\/06\/09\/cataguases-pcmg-prende-suspeitos-de-envolvimento-em-morte-de-jovem\/#article\",\"isPartOf\":{\"@id\":\"https:\/\/ubanews.com\/site\/2022\/06\/09\/cataguases-pcmg-prende-suspeitos-de-envolvimento-em-morte-de-jovem\/\"},\"author\":{\"name\":\"Sodr\u00e9\",\"@id\":\"https:\/\/ubanews.com\/site\/#\/schema\/person\/d90c9e47252fbb63dcc969fe4c8b9d10\"},\"headline\":\"CATAGUASES: PCMG PRENDE SUSPEITOS DE ENVOLVIMENTO EM MORTE DE JOVEM\",\"datePublished\":\"2022-06-09T12:37:28+00:00\",\"dateModified\":\"2022-06-23T16:39:25+00:00\",\"mainEntityOfPage\":{\"@id\":\"https:\/\/ubanews.com\/site\/2022\/06\/09\/cataguases-pcmg-prende-suspeitos-de-envolvimento-em-morte-de-jovem\/\"},\"wordCount\":516,\"commentCount\":0,\"publisher\":{\"@id\":\"https:\/\/ubanews.com\/site\/#organization\"},\"image\":{\"@id\":\"https:\/\/ubanews.com\/site\/2022\/06\/09\/cataguases-pcmg-prende-suspeitos-de-envolvimento-em-morte-de-jovem\/#primaryimage\"},\"thumbnailUrl\":\"https:\/\/ubanews.com\/site\/wp-content\/uploads\/2018\/04\/preso.jpg\",\"articleSection\":[\"Geral\"],\"inLanguage\":\"pt-BR\",\"potentialAction\":[{\"@type\":\"CommentAction\",\"name\":\"Comment\",\"target\":[\"https:\/\/ubanews.com\/site\/2022\/06\/09\/cataguases-pcmg-prende-suspeitos-de-envolvimento-em-morte-de-jovem\/#respond\"]}]},{\"@type\":\"WebPage\",\"@id\":\"https:\/\/ubanews.com\/site\/2022\/06\/09\/cataguases-pcmg-prende-suspeitos-de-envolvimento-em-morte-de-jovem\/\",\"url\":\"https:\/\/ubanews.com\/site\/2022\/06\/09\/cataguases-pcmg-prende-suspeitos-de-envolvimento-em-morte-de-jovem\/\",\"name\":\"CATAGUASES: PCMG PRENDE SUSPEITOS DE ENVOLVIMENTO EM MORTE DE JOVEM - Ub\u00e1 News\",\"isPartOf\":{\"@id\":\"https:\/\/ubanews.com\/site\/#website\"},\"primaryImageOfPage\":{\"@id\":\"https:\/\/ubanews.com\/site\/2022\/06\/09\/cataguases-pcmg-prende-suspeitos-de-envolvimento-em-morte-de-jovem\/#primaryimage\"},\"image\":{\"@id\":\"https:\/\/ubanews.com\/site\/2022\/06\/09\/cataguases-pcmg-prende-suspeitos-de-envolvimento-em-morte-de-jovem\/#primaryimage\"},\"thumbnailUrl\":\"https:\/\/ubanews.com\/site\/wp-content\/uploads\/2018\/04\/preso.jpg\",\"datePublished\":\"2022-06-09T12:37:28+00:00\",\"dateModified\":\"2022-06-23T16:39:25+00:00\",\"breadcrumb\":{\"@id\":\"https:\/\/ubanews.com\/site\/2022\/06\/09\/cataguases-pcmg-prende-suspeitos-de-envolvimento-em-morte-de-jovem\/#breadcrumb\"},\"inLanguage\":\"pt-BR\",\"potentialAction\":[{\"@type\":\"ReadAction\",\"target\":[\"https:\/\/ubanews.com\/site\/2022\/06\/09\/cataguases-pcmg-prende-suspeitos-de-envolvimento-em-morte-de-jovem\/\"]}]},{\"@type\":\"ImageObject\",\"inLanguage\":\"pt-BR\",\"@id\":\"https:\/\/ubanews.com\/site\/2022\/06\/09\/cataguases-pcmg-prende-suspeitos-de-envolvimento-em-morte-de-jovem\/#primaryimage\",\"url\":\"https:\/\/ubanews.com\/site\/wp-content\/uploads\/2018\/04\/preso.jpg\",\"contentUrl\":\"https:\/\/ubanews.com\/site\/wp-content\/uploads\/2018\/04\/preso.jpg\",\"width\":879,\"height\":510},{\"@type\":\"BreadcrumbList\",\"@id\":\"https:\/\/ubanews.com\/site\/2022\/06\/09\/cataguases-pcmg-prende-suspeitos-de-envolvimento-em-morte-de-jovem\/#breadcrumb\",\"itemListElement\":[{\"@type\":\"ListItem\",\"position\":1,\"name\":\"Home\",\"item\":\"https:\/\/ubanews.com\/site\/\"},{\"@type\":\"ListItem\",\"position\":2,\"name\":\"CATAGUASES: PCMG PRENDE SUSPEITOS DE ENVOLVIMENTO EM MORTE DE JOVEM\"}]},{\"@type\":\"WebSite\",\"@id\":\"https:\/\/ubanews.com\/site\/#website\",\"url\":\"https:\/\/ubanews.com\/site\/\",\"name\":\"Ub\u00e1 News\",\"description\":\"\",\"publisher\":{\"@id\":\"https:\/\/ubanews.com\/site\/#organization\"},\"potentialAction\":[{\"@type\":\"SearchAction\",\"target\":{\"@type\":\"EntryPoint\",\"urlTemplate\":\"https:\/\/ubanews.com\/site\/?s={search_term_string}\"},\"query-input\":{\"@type\":\"PropertyValueSpecification\",\"valueRequired\":true,\"valueName\":\"search_term_string\"}}],\"inLanguage\":\"pt-BR\"},{\"@type\":\"Organization\",\"@id\":\"https:\/\/ubanews.com\/site\/#organization\",\"name\":\"Ub\u00e1 News\",\"url\":\"https:\/\/ubanews.com\/site\/\",\"logo\":{\"@type\":\"ImageObject\",\"inLanguage\":\"pt-BR\",\"@id\":\"https:\/\/ubanews.com\/site\/#\/schema\/logo\/image\/\",\"url\":\"https:\/\/ubanews.com\/site\/wp-content\/uploads\/2018\/01\/logoubanews.png\",\"contentUrl\":\"https:\/\/ubanews.com\/site\/wp-content\/uploads\/2018\/01\/logoubanews.png\",\"width\":261,\"height\":99,\"caption\":\"Ub\u00e1 News\"},\"image\":{\"@id\":\"https:\/\/ubanews.com\/site\/#\/schema\/logo\/image\/\"},\"sameAs\":[\"https:\/\/www.facebook.com\/Ub\u00e1News-Carlos-Roberto-Sodr\u00e9-418778301977370\"]},{\"@type\":\"Person\",\"@id\":\"https:\/\/ubanews.com\/site\/#\/schema\/person\/d90c9e47252fbb63dcc969fe4c8b9d10\",\"name\":\"Sodr\u00e9\",\"image\":{\"@type\":\"ImageObject\",\"inLanguage\":\"pt-BR\",\"@id\":\"https:\/\/secure.gravatar.com\/avatar\/5ba2793f0590b9dbfad3fdec4ee714485b3eef211c9b32ee53d414060454a56c?s=96&d=mm&r=g\",\"url\":\"https:\/\/secure.gravatar.com\/avatar\/5ba2793f0590b9dbfad3fdec4ee714485b3eef211c9b32ee53d414060454a56c?s=96&d=mm&r=g\",\"contentUrl\":\"https:\/\/secure.gravatar.com\/avatar\/5ba2793f0590b9dbfad3fdec4ee714485b3eef211c9b32ee53d414060454a56c?s=96&d=mm&r=g\",\"caption\":\"Sodr\u00e9\"},\"sameAs\":[\"https:\/\/www.facebook.com\/carosroberto.sodre.5\/\"],\"url\":\"https:\/\/ubanews.com\/site\/author\/felipe\/\"}]}<\/script>\n<!-- \/ Yoast SEO plugin. -->","yoast_head_json":{"title":"CATAGUASES: PCMG PRENDE SUSPEITOS DE ENVOLVIMENTO EM MORTE DE JOVEM - Ub\u00e1 News","robots":{"index":"index","follow":"follow","max-snippet":"max-snippet:-1","max-image-preview":"max-image-preview:large","max-video-preview":"max-video-preview:-1"},"canonical":"https:\/\/ubanews.com\/site\/2022\/06\/09\/cataguases-pcmg-prende-suspeitos-de-envolvimento-em-morte-de-jovem\/","og_locale":"pt_BR","og_type":"article","og_title":"CATAGUASES: PCMG PRENDE SUSPEITOS DE ENVOLVIMENTO EM MORTE DE JOVEM - Ub\u00e1 News","og_description":"Crime foi cometido no dia 13 de fevereiro. Tr\u00eas investigados","og_url":"https:\/\/ubanews.com\/site\/2022\/06\/09\/cataguases-pcmg-prende-suspeitos-de-envolvimento-em-morte-de-jovem\/","og_site_name":"Ub\u00e1 News","article_publisher":"https:\/\/www.facebook.com\/Ub%c3%a1News-Carlos-Roberto-Sodr%c3%a9-418778301977370","article_author":"https:\/\/www.facebook.com\/carosroberto.sodre.5\/","article_published_time":"2022-06-09T12:37:28+00:00","article_modified_time":"2022-06-23T16:39:25+00:00","og_image":[{"width":879,"height":510,"url":"https:\/\/ubanews.com\/site\/wp-content\/uploads\/2018\/04\/preso.jpg","type":"image\/jpeg"}],"author":"Sodr\u00e9","twitter_card":"summary_large_image","twitter_misc":{"Escrito por":"Sodr\u00e9","Est. tempo de leitura":"3 minutos"},"schema":{"@context":"https:\/\/schema.org","@graph":[{"@type":"Article","@id":"https:\/\/ubanews.com\/site\/2022\/06\/09\/cataguases-pcmg-prende-suspeitos-de-envolvimento-em-morte-de-jovem\/#article","isPartOf":{"@id":"https:\/\/ubanews.com\/site\/2022\/06\/09\/cataguases-pcmg-prende-suspeitos-de-envolvimento-em-morte-de-jovem\/"},"author":{"name":"Sodr\u00e9","@id":"https:\/\/ubanews.com\/site\/#\/schema\/person\/d90c9e47252fbb63dcc969fe4c8b9d10"},"headline":"CATAGUASES: PCMG PRENDE SUSPEITOS DE ENVOLVIMENTO EM MORTE DE JOVEM","datePublished":"2022-06-09T12:37:28+00:00","dateModified":"2022-06-23T16:39:25+00:00","mainEntityOfPage":{"@id":"https:\/\/ubanews.com\/site\/2022\/06\/09\/cataguases-pcmg-prende-suspeitos-de-envolvimento-em-morte-de-jovem\/"},"wordCount":516,"commentCount":0,"publisher":{"@id":"https:\/\/ubanews.com\/site\/#organization"},"image":{"@id":"https:\/\/ubanews.com\/site\/2022\/06\/09\/cataguases-pcmg-prende-suspeitos-de-envolvimento-em-morte-de-jovem\/#primaryimage"},"thumbnailUrl":"https:\/\/ubanews.com\/site\/wp-content\/uploads\/2018\/04\/preso.jpg","articleSection":["Geral"],"inLanguage":"pt-BR","potentialAction":[{"@type":"CommentAction","name":"Comment","target":["https:\/\/ubanews.com\/site\/2022\/06\/09\/cataguases-pcmg-prende-suspeitos-de-envolvimento-em-morte-de-jovem\/#respond"]}]},{"@type":"WebPage","@id":"https:\/\/ubanews.com\/site\/2022\/06\/09\/cataguases-pcmg-prende-suspeitos-de-envolvimento-em-morte-de-jovem\/","url":"https:\/\/ubanews.com\/site\/2022\/06\/09\/cataguases-pcmg-prende-suspeitos-de-envolvimento-em-morte-de-jovem\/","name":"CATAGUASES: PCMG PRENDE SUSPEITOS DE ENVOLVIMENTO EM MORTE DE JOVEM - Ub\u00e1 News","isPartOf":{"@id":"https:\/\/ubanews.com\/site\/#website"},"primaryImageOfPage":{"@id":"https:\/\/ubanews.com\/site\/2022\/06\/09\/cataguases-pcmg-prende-suspeitos-de-envolvimento-em-morte-de-jovem\/#primaryimage"},"image":{"@id":"https:\/\/ubanews.com\/site\/2022\/06\/09\/cataguases-pcmg-prende-suspeitos-de-envolvimento-em-morte-de-jovem\/#primaryimage"},"thumbnailUrl":"https:\/\/ubanews.com\/site\/wp-content\/uploads\/2018\/04\/preso.jpg","datePublished":"2022-06-09T12:37:28+00:00","dateModified":"2022-06-23T16:39:25+00:00","breadcrumb":{"@id":"https:\/\/ubanews.com\/site\/2022\/06\/09\/cataguases-pcmg-prende-suspeitos-de-envolvimento-em-morte-de-jovem\/#breadcrumb"},"inLanguage":"pt-BR","potentialAction":[{"@type":"ReadAction","target":["https:\/\/ubanews.com\/site\/2022\/06\/09\/cataguases-pcmg-prende-suspeitos-de-envolvimento-em-morte-de-jovem\/"]}]},{"@type":"ImageObject","inLanguage":"pt-BR","@id":"https:\/\/ubanews.com\/site\/2022\/06\/09\/cataguases-pcmg-prende-suspeitos-de-envolvimento-em-morte-de-jovem\/#primaryimage","url":"https:\/\/ubanews.com\/site\/wp-content\/uploads\/2018\/04\/preso.jpg","contentUrl":"https:\/\/ubanews.com\/site\/wp-content\/uploads\/2018\/04\/preso.jpg","width":879,"height":510},{"@type":"BreadcrumbList","@id":"https:\/\/ubanews.com\/site\/2022\/06\/09\/cataguases-pcmg-prende-suspeitos-de-envolvimento-em-morte-de-jovem\/#breadcrumb","itemListElement":[{"@type":"ListItem","position":1,"name":"Home","item":"https:\/\/ubanews.com\/site\/"},{"@type":"ListItem","position":2,"name":"CATAGUASES: PCMG PRENDE SUSPEITOS DE ENVOLVIMENTO EM MORTE DE JOVEM"}]},{"@type":"WebSite","@id":"https:\/\/ubanews.com\/site\/#website","url":"https:\/\/ubanews.com\/site\/","name":"Ub\u00e1 News","description":"","publisher":{"@id":"https:\/\/ubanews.com\/site\/#organization"},"potentialAction":[{"@type":"SearchAction","target":{"@type":"EntryPoint","urlTemplate":"https:\/\/ubanews.com\/site\/?s={search_term_string}"},"query-input":{"@type":"PropertyValueSpecification","valueRequired":true,"valueName":"search_term_string"}}],"inLanguage":"pt-BR"},{"@type":"Organization","@id":"https:\/\/ubanews.com\/site\/#organization","name":"Ub\u00e1 News","url":"https:\/\/ubanews.com\/site\/","logo":{"@type":"ImageObject","inLanguage":"pt-BR","@id":"https:\/\/ubanews.com\/site\/#\/schema\/logo\/image\/","url":"https:\/\/ubanews.com\/site\/wp-content\/uploads\/2018\/01\/logoubanews.png","contentUrl":"https:\/\/ubanews.com\/site\/wp-content\/uploads\/2018\/01\/logoubanews.png","width":261,"height":99,"caption":"Ub\u00e1 News"},"image":{"@id":"https:\/\/ubanews.com\/site\/#\/schema\/logo\/image\/"},"sameAs":["https:\/\/www.facebook.com\/Ub\u00e1News-Carlos-Roberto-Sodr\u00e9-418778301977370"]},{"@type":"Person","@id":"https:\/\/ubanews.com\/site\/#\/schema\/person\/d90c9e47252fbb63dcc969fe4c8b9d10","name":"Sodr\u00e9","image":{"@type":"ImageObject","inLanguage":"pt-BR","@id":"https:\/\/secure.gravatar.com\/avatar\/5ba2793f0590b9dbfad3fdec4ee714485b3eef211c9b32ee53d414060454a56c?s=96&d=mm&r=g","url":"https:\/\/secure.gravatar.com\/avatar\/5ba2793f0590b9dbfad3fdec4ee714485b3eef211c9b32ee53d414060454a56c?s=96&d=mm&r=g","contentUrl":"https:\/\/secure.gravatar.com\/avatar\/5ba2793f0590b9dbfad3fdec4ee714485b3eef211c9b32ee53d414060454a56c?s=96&d=mm&r=g","caption":"Sodr\u00e9"},"sameAs":["https:\/\/www.facebook.com\/carosroberto.sodre.5\/"],"url":"https:\/\/ubanews.com\/site\/author\/felipe\/"}]}},"_links":{"self":[{"href":"https:\/\/ubanews.com\/site\/wp-json\/wp\/v2\/posts\/21263","targetHints":{"allow":["GET"]}}],"collection":[{"href":"https:\/\/ubanews.com\/site\/wp-json\/wp\/v2\/posts"}],"about":[{"href":"https:\/\/ubanews.com\/site\/wp-json\/wp\/v2\/types\/post"}],"author":[{"embeddable":true,"href":"https:\/\/ubanews.com\/site\/wp-json\/wp\/v2\/users\/2"}],"replies":[{"embeddable":true,"href":"https:\/\/ubanews.com\/site\/wp-json\/wp\/v2\/comments?post=21263"}],"version-history":[{"count":0,"href":"https:\/\/ubanews.com\/site\/wp-json\/wp\/v2\/posts\/21263\/revisions"}],"wp:featuredmedia":[{"embeddable":true,"href":"https:\/\/ubanews.com\/site\/wp-json\/wp\/v2\/media\/2553"}],"wp:attachment":[{"href":"https:\/\/ubanews.com\/site\/wp-json\/wp\/v2\/media?parent=21263"}],"wp:term":[{"taxonomy":"category","embeddable":true,"href":"https:\/\/ubanews.com\/site\/wp-json\/wp\/v2\/categories?post=21263"},{"taxonomy":"post_tag","embeddable":true,"href":"https:\/\/ubanews.com\/site\/wp-json\/wp\/v2\/tags?post=21263"}],"curies":[{"name":"wp","href":"https:\/\/api.w.org\/{rel}","templated":true}]}}